{"id":12533,"date":"2022-04-14T14:08:34","date_gmt":"2022-04-14T13:08:34","guid":{"rendered":"https:\/\/echta-derminga.de\/?p=12533"},"modified":"2022-10-01T16:41:01","modified_gmt":"2022-10-01T15:41:01","slug":"in-sachen-ortsvorsteher-von-mensch-zu-sein-einem-hilfsprojekt-einer-ostereiersuche-und-einem-besinnlichen-osterfest","status":"publish","type":"post","link":"https:\/\/echta-derminga.de\/?p=12533","title":{"rendered":"In Sachen Ortsvorsteher: Von &#8222;Mensch zu sein&#8220;, einem Hilfsprojekt, einer Ostereiersuche und einem besinnlichen Osterfest"},"content":{"rendered":"\n<p class=\"has-medium-font-size wp-block-paragraph\">Manchmal braucht es nur ein Glas Rotwein, eine sch\u00f6ne Idee und einige gute Leute, um gro\u00dfartiges zu bewegen. Mit dem Musikprojekt \u201eDirmingen f\u00fcr Ukraine\u201c konnten wir ein echtes Signal f\u00fcr Menschlichkeit und Solidarit\u00e4t gesetzt. Die schrecklichen Nachrichten aus dem Osten Europas hinterlassen auch bei uns Dirmingern Ohnmacht und Traurigkeit. In dieser Woche kamen die ersten hilfesuchenden Menschen aus der Ukraine in unserem Heimatort an. Ich bin davon \u00fcberzeugt, dass wir auch diese Herausforderung meistern werden. W\u00e4hrenddessen hat der Eppelborner Gemeinderat mit Frau Sigrid Schmitt eine neue Integrationsbeauftragte gew\u00e4hlt. Frau Schmitt leistet schon seit 2015 wichtige ehrenamtliche T\u00e4tigkeit im Dirminger Fl\u00fcchtlingsnetzwerk und bei der Organisation &#8222;terre des hommes&#8220;. Der Dirminger Werner Dupont hingegen wurde in seinem Amt als Naturschutzbeauftragter unseres Heimatortes best\u00e4tigt. Der Ortsrat Dirmingen hat sich einstimmig f\u00fcr eine Fortsetzung der ehrenamtlichen T\u00e4tigkeit des Dirmingers ausgesprochen. Ich w\u00fcnsche Frau Sigrid Schmitt und Herrn Werner Dupont viel Erfolg und Gl\u00fcck in ihrem Ehrenamt. Am vergangenen Wochenende musste die Feuerwehr in unserer Gemeinde und somit auch unser L\u00f6schbezirk Dirmingen zu zahlreichen Eins\u00e4tzen ausr\u00fccken. Ein pl\u00f6tzlicher Wintereinbruch im Fr\u00fchling sorgte f\u00fcr abgebrochene \u00c4ste und umgest\u00fcrzte B\u00e4ume. Ich m\u00f6chte mich an dieser Stelle ganz herzlich bei unserer Feuerwehr bedanken. <\/p>\n\n\n\n<p class=\"has-medium-font-size wp-block-paragraph\"><strong>Erfolgreiches Benefizkonzert mit&nbsp;CD-Pr\u00e4sentation \u201eMensch zu sein\u201c<\/strong><\/p>\n\n\n\n<p class=\"has-medium-font-size wp-block-paragraph\">Das Benefizkonzert des Pianisten Timo Br\u00fcck begeisterte eine Vielzahl von G\u00e4sten. Am Ende des Konzertes wurde eine beachtliche Spendensumme eingesammelt. Ich m\u00f6chte mich an dieser Stelle ganz herzlich bei Timo Br\u00fcck f\u00fcr das&nbsp;soziale&nbsp;Engagement bedanken. W\u00e4hrend dieses Konzertes wurde das Musikprojekt \u201eDirmingen f\u00fcr Ukraine\u201c mit ihrer CD \u201eMensch zu sein\u201c vorgestellt. Neben der Gruppe \u201ePerlregen\u201c wurden die Lieder der Gruppen \u201eAVA\u201c, \u201eSaitenklang\u201c und auch das neue Lied von \u201eHennes &amp; Mac\u201c vorgestellt. Das von dem Musikprojekt selbst komponierte Lied \u201eMensch zu sein\u201c begeisterte an diesem Abend das Publikum. Die CD \u201eMensch zu sein\u201c k\u00f6nnen Sie ab dem 20. April 2022 zum Preis von 10,- \u20ac&nbsp;bei \u201eSchreiben und Schenken\u201c in der Ortsmitte k\u00e4uflich erwerben. Der Reinerl\u00f6s dieses Tontr\u00e4gers wird der \u201eUkraine-Hilfe\u201c in unserer Heimatgemeinde zur Verf\u00fcgung gestellt. Mein Dank geht an alle K\u00fcnstlerinnen und K\u00fcnstler unseres Heimatortes, die an diese Projekt mitgewirkt haben. Ein besonderer Dank geht an die Gruppe \u201ePerlregen\u201c f\u00fcr ihren unerm\u00fcdlichen Einsatz. Ein weiterer Dank geht an Reimund Klein f\u00fcr die einf\u00fchlsame Moderation w\u00e4hrend des Benefizkonzertes. Der TV 04 Dirmingen nutzte diese Veranstaltung um eine Geldspende von 500,- \u20ac an die \u201eUkraine-Hilfe\u201c zu \u00fcberreichen. Der Beigeordnete Sebastian Michel \u00fcberbrachte den Dank unseres B\u00fcrgermeisters Dr. Andreas Feld und \u00fcbereichte ebenfalls eine Spende. Unser Landrat S\u00f6ren Meng ergriff das Wort und lobte das Engagement der Dirminger K\u00fcnstlerinnen und K\u00fcnstler. Nat\u00fcrlich&nbsp;\u00fcberreichte auch der Landrat eine stattliche Geldsumme zur Unterst\u00fctzung des Projekts. Weitere Geldspenden wurden von den beiden Landtagsabgeordneten Stefan L\u00f6w und Alwin Theobald \u00fcbergeben. Beiden Abgeordneten gratuliere ich zum Einzug in den saarl\u00e4ndischen Landtag. Ich m\u00f6chte allen Danken die an dieses Projekt geglaubt und es auch finanziell unterst\u00fctzt haben. Das Video zu dem Lied \u201eMensch zu sein\u201c k\u00f6nnen Sie sich auf YouTube auf dem Kanal \u201eEchta Derminga\u201c anschauen. In den ersten 24 Stunden nach der Ver\u00f6ffentlichung hatten sich bereits 1300 Menschen dieses Video angesehen.&nbsp;<\/p>\n\n\n\n<figure class=\"wp-block-gallery has-nested-images columns-default is-cropped wp-block-gallery-1 is-layout-flex wp-block-gallery-is-layout-flex\">\n<figure class=\"wp-block-image size-large\"><img loading=\"lazy\" decoding=\"async\" width=\"680\" height=\"558\" data-id=\"12555\" src=\"https:\/\/echta-derminga.de\/wp-content\/uploads\/2022\/04\/278231419_4995833163844702_6146276211639661925_n.jpg\" alt=\"\" class=\"wp-image-12555\" srcset=\"https:\/\/echta-derminga.de\/wp-content\/uploads\/2022\/04\/278231419_4995833163844702_6146276211639661925_n.jpg 680w, https:\/\/echta-derminga.de\/wp-content\/uploads\/2022\/04\/278231419_4995833163844702_6146276211639661925_n-300x246.jpg 300w\" sizes=\"auto, (max-width: 680px) 100vw, 680px\" \/><\/figure>\n\n\n\n<figure class=\"wp-block-image size-large\"><img loading=\"lazy\" decoding=\"async\" width=\"755\" height=\"579\" data-id=\"12557\" src=\"https:\/\/echta-derminga.de\/wp-content\/uploads\/2022\/04\/278338763_4995833253844693_7931528268416070687_n.jpg\" alt=\"\" class=\"wp-image-12557\" srcset=\"https:\/\/echta-derminga.de\/wp-content\/uploads\/2022\/04\/278338763_4995833253844693_7931528268416070687_n.jpg 755w, https:\/\/echta-derminga.de\/wp-content\/uploads\/2022\/04\/278338763_4995833253844693_7931528268416070687_n-300x230.jpg 300w, https:\/\/echta-derminga.de\/wp-content\/uploads\/2022\/04\/278338763_4995833253844693_7931528268416070687_n-700x537.jpg 700w\" sizes=\"auto, (max-width: 755px) 100vw, 755px\" \/><\/figure>\n\n\n\n<figure class=\"wp-block-image size-large\"><img loading=\"lazy\" decoding=\"async\" width=\"925\" height=\"518\" data-id=\"12556\" src=\"https:\/\/echta-derminga.de\/wp-content\/uploads\/2022\/04\/278276759_4995833063844712_2564231086186455363_n.jpg\" alt=\"\" class=\"wp-image-12556\" srcset=\"https:\/\/echta-derminga.de\/wp-content\/uploads\/2022\/04\/278276759_4995833063844712_2564231086186455363_n.jpg 925w, https:\/\/echta-derminga.de\/wp-content\/uploads\/2022\/04\/278276759_4995833063844712_2564231086186455363_n-300x168.jpg 300w, https:\/\/echta-derminga.de\/wp-content\/uploads\/2022\/04\/278276759_4995833063844712_2564231086186455363_n-700x392.jpg 700w, https:\/\/echta-derminga.de\/wp-content\/uploads\/2022\/04\/278276759_4995833063844712_2564231086186455363_n-768x430.jpg 768w\" sizes=\"auto, (max-width: 925px) 100vw, 925px\" \/><\/figure>\n\n\n\n<figure class=\"wp-block-image size-large\"><img loading=\"lazy\" decoding=\"async\" width=\"818\" height=\"818\" data-id=\"12554\" src=\"https:\/\/echta-derminga.de\/wp-content\/uploads\/2022\/04\/278086741_4995832513844767_487473113864259705_n.jpg\" alt=\"\" class=\"wp-image-12554\" srcset=\"https:\/\/echta-derminga.de\/wp-content\/uploads\/2022\/04\/278086741_4995832513844767_487473113864259705_n.jpg 818w, https:\/\/echta-derminga.de\/wp-content\/uploads\/2022\/04\/278086741_4995832513844767_487473113864259705_n-300x300.jpg 300w, https:\/\/echta-derminga.de\/wp-content\/uploads\/2022\/04\/278086741_4995832513844767_487473113864259705_n-700x700.jpg 700w, https:\/\/echta-derminga.de\/wp-content\/uploads\/2022\/04\/278086741_4995832513844767_487473113864259705_n-150x150.jpg 150w, https:\/\/echta-derminga.de\/wp-content\/uploads\/2022\/04\/278086741_4995832513844767_487473113864259705_n-768x768.jpg 768w, https:\/\/echta-derminga.de\/wp-content\/uploads\/2022\/04\/278086741_4995832513844767_487473113864259705_n-90x90.jpg 90w, https:\/\/echta-derminga.de\/wp-content\/uploads\/2022\/04\/278086741_4995832513844767_487473113864259705_n-75x75.jpg 75w\" sizes=\"auto, (max-width: 818px) 100vw, 818px\" \/><\/figure>\n\n\n\n<figure class=\"wp-block-image size-large\"><img loading=\"lazy\" decoding=\"async\" width=\"1437\" height=\"889\" data-id=\"12553\" src=\"https:\/\/echta-derminga.de\/wp-content\/uploads\/2022\/04\/IMG-20220410-WA0064.jpg\" alt=\"\" class=\"wp-image-12553\" srcset=\"https:\/\/echta-derminga.de\/wp-content\/uploads\/2022\/04\/IMG-20220410-WA0064.jpg 1437w, https:\/\/echta-derminga.de\/wp-content\/uploads\/2022\/04\/IMG-20220410-WA0064-300x186.jpg 300w, https:\/\/echta-derminga.de\/wp-content\/uploads\/2022\/04\/IMG-20220410-WA0064-700x433.jpg 700w, https:\/\/echta-derminga.de\/wp-content\/uploads\/2022\/04\/IMG-20220410-WA0064-768x475.jpg 768w\" sizes=\"auto, (max-width: 1437px) 100vw, 1437px\" \/><\/figure>\n\n\n\n<figure class=\"wp-block-image size-large\"><img loading=\"lazy\" decoding=\"async\" width=\"2048\" height=\"1536\" data-id=\"12552\" src=\"https:\/\/echta-derminga.de\/wp-content\/uploads\/2022\/04\/IMG-20220410-WA0057.jpg\" alt=\"\" class=\"wp-image-12552\" srcset=\"https:\/\/echta-derminga.de\/wp-content\/uploads\/2022\/04\/IMG-20220410-WA0057.jpg 2048w, https:\/\/echta-derminga.de\/wp-content\/uploads\/2022\/04\/IMG-20220410-WA0057-300x225.jpg 300w, https:\/\/echta-derminga.de\/wp-content\/uploads\/2022\/04\/IMG-20220410-WA0057-700x525.jpg 700w, https:\/\/echta-derminga.de\/wp-content\/uploads\/2022\/04\/IMG-20220410-WA0057-768x576.jpg 768w, https:\/\/echta-derminga.de\/wp-content\/uploads\/2022\/04\/IMG-20220410-WA0057-1536x1152.jpg 1536w\" sizes=\"auto, (max-width: 2048px) 100vw, 2048px\" \/><\/figure>\n<\/figure>\n\n\n\n<p class=\"has-medium-font-size wp-block-paragraph\"><strong>Wie k\u00f6nnen wir helfen ? &#8211;<\/strong> <strong>Spendenerl\u00f6s des Musikprojekts \u201eDirmingen f\u00fcr Ukraine\u201c geht an Hilfsgruppe in der Gemeinde Eppelborn<\/strong><\/p>\n\n\n\n<p class=\"has-medium-font-size wp-block-paragraph\">Der Eppelborner Thomas Bost hat gemeinsam mit seiner Lebensgef\u00e4hrtin einer geb\u00fcrtigen Ukrainerin eine Hilfsgruppe gegr\u00fcndet. Die Hilfe richtet sich an die Menschen die in den Gemeinden Eppelborn, Illingen und Heusweiler Zuflucht suchen. In einem Lagerraum in Eppelborn werden Hilfsg\u00fcter und Sachspenden gesammelt und umgehend den hilfsbed\u00fcrftigen Menschen in unserer Gemeinde zur Verf\u00fcgung gestellt. Am vergangenen Montag durfte ich mir auf Einladung von Thomas Bost ein pers\u00f6nliches Bild der Arbeit dieser Hilfsgruppe machen. Dabei habe ich auch einige ukrainische Fl\u00fcchtlinge sowie einige engagierte Mitglieder der Hilfsgruppe kennengelernt. Thomas Bost und seine Lebensgef\u00e4hrtin Oxana leisten hier wertvolle Arbeit. Vielen Dank f\u00fcr dieses Engagement.&nbsp;Nach R\u00fccksprache mit den Mitgliedern des Musikprojekts \u201eDirmingen f\u00fcr Ukraine\u201c werden wir den Erl\u00f6s unserer CD \u201eMensch zu sein\u201c dieser Hilfsgruppe zukommen lassen. Wenn Sie Interesse haben der Hilfsgruppe von Thomas Bost beizutreten oder einfach nur Spenden m\u00f6chten k\u00f6nnen Sie sich gerne mit Thomas Bost unter der Nummer 0171 220094 in Verbindung setzen.. Selbstverst\u00e4ndlich k\u00f6nnen Sie auch mich pers\u00f6nlich jederzeit zur Vermittlung kontaktieren. Unter:&nbsp;<a href=\"http:\/\/www.eppelborn.de\/suchebiete\">www.eppelborn.de\/suchebiete<\/a>&nbsp;k\u00f6nnen alle B\u00fcrgerinnen und B\u00fcrger Hilfsangebote einstellen. Angefangen vom Kinderwagen \u00fcber den K\u00fchlschrank bis hin zum kompletten Schlafzimmer k\u00f6nnen hier zielgenau Sachspenden vermittelt werden. Es erfolgt dabei eine direkte Kontaktaufnahme \u2013 eine unb\u00fcrokratische, schnelle und passgenaue Hilfe f\u00fcr die Menschen aus der Ukraine. Die Plattform ist datenschutzkonform programmiert und bietet auch allen B\u00fcrgerinnen und B\u00fcrgern, die nicht \u00fcber social Media vernetzt sind, die M\u00f6glichkeit, gezielt mit Sachspenden zu helfen. Bitte machen Sie regen Gebrauch von dieser M\u00f6glichkeit. Allen Mitb\u00fcrgerinnen und Mitb\u00fcrgern die sich bereits aktiv zu Hilfe entschieden haben, m\u00f6chte ich ganz herzlich danken. Sollten Sie Fragen bez\u00fcglich Spenden oder Hilfsaktionen haben, k\u00f6nnen sie mich jederzeit kontaktieren.<\/p>\n\n\n<div class=\"wp-block-image\">\n<figure class=\"aligncenter size-large\"><img loading=\"lazy\" decoding=\"async\" width=\"700\" height=\"525\" src=\"https:\/\/echta-derminga.de\/wp-content\/uploads\/2022\/04\/2-700x525.jpg\" alt=\"\" class=\"wp-image-12537\" srcset=\"https:\/\/echta-derminga.de\/wp-content\/uploads\/2022\/04\/2-700x525.jpg 700w, https:\/\/echta-derminga.de\/wp-content\/uploads\/2022\/04\/2-300x225.jpg 300w, https:\/\/echta-derminga.de\/wp-content\/uploads\/2022\/04\/2-768x576.jpg 768w, https:\/\/echta-derminga.de\/wp-content\/uploads\/2022\/04\/2-1536x1152.jpg 1536w, https:\/\/echta-derminga.de\/wp-content\/uploads\/2022\/04\/2.jpg 2048w\" sizes=\"auto, (max-width: 700px) 100vw, 700px\" \/><figcaption class=\"wp-element-caption\">Im  Eppelborner Lagerraum &#8211; Mitglieder der Hilfsgruppe und Fl\u00fcchtlinge aus der Ukraine<\/figcaption><\/figure>\n<\/div>\n\n\n<p class=\"has-medium-font-size wp-block-paragraph\"><strong>&#8222;Mensch zu sein &#8220; im Radio genie\u00dfen<\/strong><\/p>\n\n\n\n<p class=\"has-medium-font-size wp-block-paragraph\">Das Dirminger Lied &#8222;Mensch zu sein&#8220; ist derzeit auch im Radio zu h\u00f6ren. Wir freuen uns dar\u00fcber, dass der Saarl\u00e4ndische Rundfunk \u00fcber unser Musikprojekt &#8222;Dirmingen f\u00fcr Ukraine&#8220; berichtet. Sie k\u00f6nnen den Bericht auf der Seite des SR nachh\u00f6ren. Hier der Link zum Podcast: <a href=\"https:\/\/www.sr.de\/sr\/mediathek\/podcast\/SR3_SR3_RAM_P_860.html\">https:\/\/www.sr.de\/sr\/mediathek\/podcast\/SR3_SR3_RAM_P_860.html<\/a> Ab der 04:00 Minute wird \u00fcber unser Musikprojekt berichtet. Ein zweiter Beitrag wird diesen Sonntag, 18.04.22  zwischen 19 und 20 Uhr in der Musikb\u00fchne Saar auf SR3 gesendet. Ein besonderes Schmankerl erwartet Sie am Karfreitag, 15. Februar 2022. Der Internet Radiosender Saarwelle Webradio wird am Freitagabend ab 20:30 Uhr unser Musikalbum &#8222;Mensch zu sein&#8220; vorstellen. Dabei werden mehrere Mitglieder unseres Projekts ein Interview geben. Dies ist die M\u00f6glichkeit sich bei einer Flasche Wein einen sch\u00f6nen Abend zu machen und unser Album zu genie\u00dfen. Hier der Link zum Webradio: https:\/\/laut.fm\/saarwelle. Schalten Sie ein und genie\u00dfen Sie Dirminger Kultur hautnah.<\/p>\n\n\n\n<figure class=\"wp-block-gallery has-nested-images columns-default is-cropped wp-block-gallery-2 is-layout-flex wp-block-gallery-is-layout-flex\">\n<figure class=\"wp-block-image size-large\"><img loading=\"lazy\" decoding=\"async\" width=\"2048\" height=\"2048\" data-id=\"12544\" src=\"https:\/\/echta-derminga.de\/wp-content\/uploads\/2022\/04\/IMG-20220403-WA0010.jpg\" alt=\"\" class=\"wp-image-12544\" srcset=\"https:\/\/echta-derminga.de\/wp-content\/uploads\/2022\/04\/IMG-20220403-WA0010.jpg 2048w, https:\/\/echta-derminga.de\/wp-content\/uploads\/2022\/04\/IMG-20220403-WA0010-300x300.jpg 300w, https:\/\/echta-derminga.de\/wp-content\/uploads\/2022\/04\/IMG-20220403-WA0010-700x700.jpg 700w, https:\/\/echta-derminga.de\/wp-content\/uploads\/2022\/04\/IMG-20220403-WA0010-150x150.jpg 150w, https:\/\/echta-derminga.de\/wp-content\/uploads\/2022\/04\/IMG-20220403-WA0010-768x768.jpg 768w, https:\/\/echta-derminga.de\/wp-content\/uploads\/2022\/04\/IMG-20220403-WA0010-1536x1536.jpg 1536w, https:\/\/echta-derminga.de\/wp-content\/uploads\/2022\/04\/IMG-20220403-WA0010-90x90.jpg 90w, https:\/\/echta-derminga.de\/wp-content\/uploads\/2022\/04\/IMG-20220403-WA0010-75x75.jpg 75w\" sizes=\"auto, (max-width: 2048px) 100vw, 2048px\" \/><\/figure>\n\n\n\n<figure class=\"wp-block-image size-large\"><img loading=\"lazy\" decoding=\"async\" width=\"2048\" height=\"2048\" data-id=\"12545\" src=\"https:\/\/echta-derminga.de\/wp-content\/uploads\/2022\/04\/IMG-20220403-WA0011.jpg\" alt=\"\" class=\"wp-image-12545\" srcset=\"https:\/\/echta-derminga.de\/wp-content\/uploads\/2022\/04\/IMG-20220403-WA0011.jpg 2048w, https:\/\/echta-derminga.de\/wp-content\/uploads\/2022\/04\/IMG-20220403-WA0011-300x300.jpg 300w, https:\/\/echta-derminga.de\/wp-content\/uploads\/2022\/04\/IMG-20220403-WA0011-700x700.jpg 700w, https:\/\/echta-derminga.de\/wp-content\/uploads\/2022\/04\/IMG-20220403-WA0011-150x150.jpg 150w, https:\/\/echta-derminga.de\/wp-content\/uploads\/2022\/04\/IMG-20220403-WA0011-768x768.jpg 768w, https:\/\/echta-derminga.de\/wp-content\/uploads\/2022\/04\/IMG-20220403-WA0011-1536x1536.jpg 1536w, https:\/\/echta-derminga.de\/wp-content\/uploads\/2022\/04\/IMG-20220403-WA0011-90x90.jpg 90w, https:\/\/echta-derminga.de\/wp-content\/uploads\/2022\/04\/IMG-20220403-WA0011-75x75.jpg 75w\" sizes=\"auto, (max-width: 2048px) 100vw, 2048px\" \/><\/figure>\n<\/figure>\n\n\n\n<p class=\"has-medium-font-size wp-block-paragraph\"><strong>Herzlichen Gl\u00fcckwunsch zur Goldenen Hochzeit<\/strong><\/p>\n\n\n\n<p class=\"has-medium-font-size wp-block-paragraph\">Am Dienstag, 12. April war es an der Zeit eine Gratulation nachzuholen. Bereits im M\u00e4rz feierten Waltraud und Anton Hoffmann ihre Goldene Hochzeit. Leider war es mir damals aufgrund einer Corona Infektion nicht m\u00f6glich, diesen Termin wahrzunehmen. Nun \u00fcberbrachte ich die Gl\u00fcckw\u00fcnsche des B\u00fcrgermeisters Dr. Andreas Feld, des Landrates S\u00f6ren Meng und des Ministerpr\u00e4sidenten Tobias Hans sowie die Gl\u00fcckw\u00fcnsche des Dirminger Ortsrates. Nach einer pl\u00f6tzlichen Erkrankung von Herrn Hoffmann musste die Familie eine schwere Zeit \u00fcberstehen. Mittlerweile blickt das Ehepaar wieder zuversichtlich in die Zukunft. Die beiden Ehepartner haben ihr Leben ihrer Arbeit gewidmet. Herr Anton Hoffmann war Stationsleiter im Pflegebereich und seine Ehefrau Waltraud viele Jahre als Krankenschwester aktiv in Lohn und Brot. Das Jubelpaar hat zwei Kinder und mittlerweile auch drei Enkelkinder. Bei meinem Besuch lernte ich eine freundliche und ausgeglichene Familie kennen. Ich m\u00f6chte dem Jubelpaar auch an dieser Stelle ganz herzlich gratulieren. Auf ihrem weiteren gemeinsamen Lebensweg w\u00fcnsche ich viel Gl\u00fcck und Zufriedenheit. <\/p>\n\n\n<div class=\"wp-block-image\">\n<figure class=\"aligncenter size-large\"><img loading=\"lazy\" decoding=\"async\" width=\"700\" height=\"438\" src=\"https:\/\/echta-derminga.de\/wp-content\/uploads\/2022\/04\/Seite-3-Gross-2-1024x641-1-700x438.jpg\" alt=\"\" class=\"wp-image-12560\" srcset=\"https:\/\/echta-derminga.de\/wp-content\/uploads\/2022\/04\/Seite-3-Gross-2-1024x641-1-700x438.jpg 700w, https:\/\/echta-derminga.de\/wp-content\/uploads\/2022\/04\/Seite-3-Gross-2-1024x641-1-300x188.jpg 300w, https:\/\/echta-derminga.de\/wp-content\/uploads\/2022\/04\/Seite-3-Gross-2-1024x641-1-768x481.jpg 768w, https:\/\/echta-derminga.de\/wp-content\/uploads\/2022\/04\/Seite-3-Gross-2-1024x641-1.jpg 1024w\" sizes=\"auto, (max-width: 700px) 100vw, 700px\" \/><figcaption class=\"wp-element-caption\">Ostereiersuche<\/figcaption><\/figure>\n<\/div>\n\n\n<p class=\"has-medium-font-size wp-block-paragraph\"><strong>Ostereiersuche im Dirminger Br\u00fchlpark<\/strong><\/p>\n\n\n\n<p class=\"has-medium-font-size wp-block-paragraph\">Am <strong>Ostersamstag, 16. April 2022 findet um 15:00 Uhr im Br\u00fchlpark Dirmingen<\/strong> eine Ostereiersuchaktion f\u00fcr alle Kinder statt. Die Teilnahme ist kostenlos. wobei die Kinder gebeten werden K\u00f6rbe oder S\u00e4ckchen zum Sammeln mitzubringen. Der Kulturverein Dirmingen wird f\u00fcr die leibliche Verk\u00f6stigung sorgen. Der SPD Ortsverein Dirmingen hat sich bereit erkl\u00e4rt, die Veranstaltung aktiv zu begleiten. Herzliche Einladung an alle Familie und insbesondere an alle Kinder. Ich freue mich auf euren Besuch und ein paar sch\u00f6ne Stunden im Dirminger Br\u00fchlpark.<\/p>\n\n\n<div class=\"wp-block-image\">\n<figure class=\"aligncenter size-large\"><img loading=\"lazy\" decoding=\"async\" width=\"644\" height=\"362\" src=\"https:\/\/echta-derminga.de\/wp-content\/uploads\/2018\/03\/quintessenz-ostereier-102__v-gseapremiumxl-644x362.jpg\" alt=\"\" class=\"wp-image-939\" srcset=\"https:\/\/echta-derminga.de\/wp-content\/uploads\/2018\/03\/quintessenz-ostereier-102__v-gseapremiumxl-644x362.jpg 644w, https:\/\/echta-derminga.de\/wp-content\/uploads\/2018\/03\/quintessenz-ostereier-102__v-gseapremiumxl-300x169.jpg 300w, https:\/\/echta-derminga.de\/wp-content\/uploads\/2018\/03\/quintessenz-ostereier-102__v-gseapremiumxl.jpg 704w\" sizes=\"auto, (max-width: 644px) 100vw, 644px\" \/><figcaption class=\"wp-element-caption\">Ostereiersuchen im Br\u00fchlpark<\/figcaption><\/figure>\n<\/div>\n\n\n<p class=\"has-medium-font-size wp-block-paragraph\"><strong>Dirminger Friedhof erf\u00e4hrt weitere Aufwertung<\/strong><\/p>\n\n\n\n<p class=\"has-medium-font-size wp-block-paragraph\">Auf dem Dirminger Friedhof wurde in den letzten beiden Jahren vieles geleistet. Mein Dank geht an die Mitarbeiter des Friedhofamtes und des Baubetriebshofes unserer Gemeindeverwaltung. In der vergangenen Woche wurde auf der im unteren Bereich der mittleren Gr\u00e4berfl\u00e4che eine Blumenwiese angepflanzt. Au\u00dferdem wurden zwei neue Ruheb\u00e4nke aufgestellt. Ich bin \u00fcberzeugt davon, dass die neu angepflanzte Blumenwiese unseren Friedhof weiter aufwertet. Unsere Friedhofsanlage befindet sich derzeit in einem guten Zustand. <\/p>\n\n\n<div class=\"wp-block-image\">\n<figure class=\"aligncenter size-large\"><img loading=\"lazy\" decoding=\"async\" width=\"700\" height=\"315\" src=\"https:\/\/echta-derminga.de\/wp-content\/uploads\/2022\/04\/20220405_131827-1-700x315.jpg\" alt=\"\" class=\"wp-image-12541\" srcset=\"https:\/\/echta-derminga.de\/wp-content\/uploads\/2022\/04\/20220405_131827-1-700x315.jpg 700w, https:\/\/echta-derminga.de\/wp-content\/uploads\/2022\/04\/20220405_131827-1-300x135.jpg 300w, https:\/\/echta-derminga.de\/wp-content\/uploads\/2022\/04\/20220405_131827-1-768x346.jpg 768w, https:\/\/echta-derminga.de\/wp-content\/uploads\/2022\/04\/20220405_131827-1.jpg 1200w\" sizes=\"auto, (max-width: 700px) 100vw, 700px\" \/><figcaption class=\"wp-element-caption\">Neue Blumenwies auf dem Dirminger Friedhof <\/figcaption><\/figure>\n<\/div>\n\n\n<p class=\"has-medium-font-size wp-block-paragraph\"><strong>Fr\u00fchling auf Finkenrech \u2013 Vorverkauf im Ortsvorsteherb\u00fcro<\/strong><\/p>\n\n\n\n<p class=\"has-medium-font-size wp-block-paragraph\">Am 23. und 24. April ist es endlich wieder soweit! Die Tourismus- und Kulturzentrale des Landkreises Neunkirchen veranstaltet wieder die saisonale Veranstaltung \u201cFr\u00fchling auf Finkenrech\u201d. Wir d\u00fcrfen uns an beiden Festtagen samstags und sonntags zwischen 11 Uhr und 18 Uhr auf rund 60 Aussteller, eine Menge kulinarische K\u00f6stlichkeiten sowie regionale Handwerkskunst und tolle Live-Musik freuen. Neben dem Bauernmarkt lockt immer auch die tolle Live-Musik die G\u00e4ste aus der Region an. Samstags werden Sie von den Bands \u201cARA\u201d und \u201cYannisha\u201d unterhalten. Sonntags spielt zun\u00e4chst der Musikverein Wiesbach, ehe am Nachmittag die Band \u201cInfinite Range\u201d f\u00fcr gute Stimmung sorgt. F\u00fcr das leibliche Wohl wird mit einer Vielfalt an regionalen Speisen und Getr\u00e4nken gesorgt sein. So k\u00f6nnen Sie sich beispielsweise auf Lyonerpfanne, Kartoffelwaffeln, Flammkuchen, Dibbelabbes und s\u00fc\u00dfe K\u00f6stlichkeiten wie z.B. Baumstriezel und Cr\u00eapes freuen. Auch Dirminger Vereine werden diese Veranstaltung aktiv unterst\u00fctzen. Ich bin sehr stolz darauf, dass eine solche Veranstaltung in Dirmingen angeboten wird. Der Besuch der Veranstaltung ist nur mit vorab erworbenen Tickets m\u00f6glich. Diese sind ab dem 09. M\u00e4rz online unter www.finkenrech.de erh\u00e4ltlich (E-Tickets ohne Versandgeb\u00fchren). Der Ticketpreis pro Person betr\u00e4gt 4,00 \u20ac. Kinder unter 6 Jahren sind kostenlos (bitte trotzdem ein entsprechendes Ticket f\u00fcr 0,00 \u20ac buchen).&nbsp;In diesem Jahr k\u00f6nnen die Tickets erstmals auch in meinem Ortsvorsteherb\u00fcro, mittwochs von 18:00 bis 19:30 Uhr k\u00e4uflich erworben werden. Dieses Angebot soll auch denjenigen dienen, die keine M\u00f6glichkeit haben ihre Tickets online zu erwerben.<strong>&nbsp;<\/strong>Die Tickets sind den ganzen Tag \u00fcber g\u00fcltig.<\/p>\n\n\n<div class=\"wp-block-image\">\n<figure class=\"aligncenter size-large\"><img loading=\"lazy\" decoding=\"async\" width=\"700\" height=\"467\" src=\"https:\/\/echta-derminga.de\/wp-content\/uploads\/2022\/03\/275124401_5441802722517129_7019947015917029704_n-700x467.jpg\" alt=\"\" class=\"wp-image-12280\" srcset=\"https:\/\/echta-derminga.de\/wp-content\/uploads\/2022\/03\/275124401_5441802722517129_7019947015917029704_n-700x467.jpg 700w, https:\/\/echta-derminga.de\/wp-content\/uploads\/2022\/03\/275124401_5441802722517129_7019947015917029704_n-300x200.jpg 300w, https:\/\/echta-derminga.de\/wp-content\/uploads\/2022\/03\/275124401_5441802722517129_7019947015917029704_n-768x513.jpg 768w, https:\/\/echta-derminga.de\/wp-content\/uploads\/2022\/03\/275124401_5441802722517129_7019947015917029704_n-1536x1025.jpg 1536w, https:\/\/echta-derminga.de\/wp-content\/uploads\/2022\/03\/275124401_5441802722517129_7019947015917029704_n.jpg 2048w\" sizes=\"auto, (max-width: 700px) 100vw, 700px\" \/><figcaption class=\"wp-element-caption\">Fr\u00fchling auf Finkenrech<\/figcaption><\/figure>\n<\/div>\n\n\n<p class=\"has-medium-font-size wp-block-paragraph\">Liebe Landsleute in der vergangenen Woche hat der Dirminger Ortsrat und eine Woche sp\u00e4ter der Gemeinderat Eppelborn \u00fcber den neuen Haushaltsplan entschieden. Dabei sind in unserem Heimatort einige Investitionen vorgesehen. Schon die Vorplanungen und die damit verbundenen Planungskosten f\u00fcr die Sanierung der Br\u00fccke &#8222;Humeser Stra\u00dfe&#8220; und der Sanierung des Hallendachs unserer Borrwieshalle fallen m\u00e4chtig ins Gewicht. Ein weiterer Augenmerk liegt in einem Gutachten, dass Aufschluss \u00fcber die Gew\u00e4sserverrohrung des M\u00fchlbachs geben soll. Dabei soll \u00fcber dieses Verfahren festgestellt werden, wie eine Sanierung am besten umgesetzt und saniert werden kann. Die Sanierung und Aufwertung des Br\u00fchlparks wird noch in diesem Jahr in die Realit\u00e4t umgesetzt. Au\u00dferdem soll ein Teilbereich in der &#8222;Thalexweilerstrasse&#8220; endlich \u00fcberarbeitet und saniert werden. Die beiden kommunalen Gremien haben au\u00dferdem \u00fcber einen neuen Fl\u00e4chennutzungsplan entschieden. Dabei wurden M\u00f6glichkeiten aufgezeigt, in denen die einzelnen Ortsteile unserer Gemeinde neues Wohngebiet schaffen k\u00f6nnen. Ich m\u00f6chte an dieser Stelle darauf hinweisen, dass dieser Fl\u00e4chennutzungsplan lediglich theoretische M\u00f6glichkeiten aufzeigt. Die Verabschiedung dieses Plans bedeutet keineswegs, dass an Ort und Stelle auch automatisch ein neues Wohngebiet entsteht. F\u00fcr Dirmingen ist eine Fl\u00e4che gegen\u00fcberliegend des Siedlungsgebietes Rotenberg vorgesehen. Bis zur Realisierung eines Bauvorhabens m\u00fcssen jedoch zahlreiche H\u00fcrden genommen werden.<\/p>\n\n\n\n<figure class=\"wp-block-gallery has-nested-images columns-default is-cropped wp-block-gallery-3 is-layout-flex wp-block-gallery-is-layout-flex\">\n<figure class=\"wp-block-image size-large\"><img loading=\"lazy\" decoding=\"async\" width=\"600\" height=\"1063\" data-id=\"935\" src=\"https:\/\/echta-derminga.de\/wp-content\/uploads\/2018\/03\/IMG-20180328-WA0000-Kopie.jpg\" alt=\"\" class=\"wp-image-935\" srcset=\"https:\/\/echta-derminga.de\/wp-content\/uploads\/2018\/03\/IMG-20180328-WA0000-Kopie.jpg 600w, https:\/\/echta-derminga.de\/wp-content\/uploads\/2018\/03\/IMG-20180328-WA0000-Kopie-169x300.jpg 169w\" sizes=\"auto, (max-width: 600px) 100vw, 600px\" \/><\/figure>\n\n\n\n<figure class=\"wp-block-image size-large\"><img loading=\"lazy\" decoding=\"async\" width=\"650\" height=\"717\" data-id=\"934\" src=\"https:\/\/echta-derminga.de\/wp-content\/uploads\/2018\/03\/20180225_092452.jpg\" alt=\"\" class=\"wp-image-934\" srcset=\"https:\/\/echta-derminga.de\/wp-content\/uploads\/2018\/03\/20180225_092452.jpg 650w, https:\/\/echta-derminga.de\/wp-content\/uploads\/2018\/03\/20180225_092452-272x300.jpg 272w, https:\/\/echta-derminga.de\/wp-content\/uploads\/2018\/03\/20180225_092452-644x710.jpg 644w\" sizes=\"auto, (max-width: 650px) 100vw, 650px\" \/><\/figure>\n<\/figure>\n\n\n\n<p class=\"has-medium-font-size wp-block-paragraph\">Ich freue mich dar\u00fcber, dass unsere katholische Pfarreiengemeinschaft Eppelborn- Dirmingen auch in diesem Jahr an der Tradition des &#8222;Klepperns&#8220; festh\u00e4lt. In Zeiten in denen immer mehr Br\u00e4uche und Sitten verloren gehen, wird in Dirmingen altbew\u00e4hrtes gepflegt. Aus pandemiebedingten Gr\u00fcnden begrenzen sich die &#8222;Klepper- Kinder&#8220; auch in diesem Jahr auf die N\u00e4he des eigenen Wohnraums. Immerhin verleiht uns die Aktion &#8222;Kleppern Dehemm&#8220; ein altvertrautes Gef\u00fchl. Ich m\u00f6chte mich an dieser Stelle bei allen Kindern sowie bei allen Helferinnen und Helfern der katholischen Pfarreiengemeinschaft Eppelborn-Dirmingen bedanken.<\/p>\n\n\n\n<p class=\"has-medium-font-size wp-block-paragraph\"><strong>Das Osterfest liegt vor uns und unsere beiden Kirchengemeinden laden zu den verschiedenen Gottesdiensten und Messen ein. Vielleicht nutzen Sie ein Angebot unserer beiden Kirchen und finden die innere Ruhe um sich auf die Osterbotschaft einzulassen. Ich w\u00fcnsche Ihnen und ihren Familien ein gesegnetes und entspanntes Osterfest. <\/strong><\/p>\n\n\n\n<p class=\"has-medium-font-size wp-block-paragraph\">Ihr Ortsvorsteher<\/p>\n\n\n\n<p class=\"has-medium-font-size wp-block-paragraph\">Frank Klein<\/p>\n\n\n\n<p class=\"wp-block-paragraph\"><\/p>\n\n\n\n<p class=\"wp-block-paragraph\"><\/p>\n","protected":false},"excerpt":{"rendered":"<p>Manchmal braucht es nur ein Glas Rotwein, eine sch\u00f6ne Idee und einige gute Leute, um gro\u00dfartiges zu bewegen. Mit dem Musikprojekt \u201eDirmingen f\u00fcr Ukraine\u201c konnten wir ein echtes Signal f\u00fcr Menschlichkeit und Solidarit\u00e4t gesetzt. Die schrecklichen Nachrichten aus dem Osten Europas hinterlassen auch bei uns Dirmingern Ohnmacht und Traurigkeit. In dieser Woche kamen die ersten hilfesuchenden Menschen aus der Ukraine<\/p>\n","protected":false},"author":1,"featured_media":12577,"comment_status":"closed","ping_status":"closed","sticky":false,"template":"","format":"standard","meta":{"_crdt_document":"","footnotes":""},"categories":[1,812],"tags":[5,85,618,568,127,634,795,310],"class_list":["post-12533","post","type-post","status-publish","format-standard","has-post-thumbnail","hentry","category-allgemein","category-ortsvorsteher-dirmingen","tag-dirmingen","tag-evangelische-kirche-dirmingen","tag-gemeinde-eppelborn","tag-katholische-kirchengemeinde","tag-landkreis-neunkirchen","tag-ortsvorsteher","tag-ortsvorsteher-dirmingen","tag-saarland"],"_links":{"self":[{"href":"https:\/\/echta-derminga.de\/index.php?rest_route=\/wp\/v2\/posts\/12533","targetHints":{"allow":["GET"]}}],"collection":[{"href":"https:\/\/echta-derminga.de\/index.php?rest_route=\/wp\/v2\/posts"}],"about":[{"href":"https:\/\/echta-derminga.de\/index.php?rest_route=\/wp\/v2\/types\/post"}],"author":[{"embeddable":true,"href":"https:\/\/echta-derminga.de\/index.php?rest_route=\/wp\/v2\/users\/1"}],"replies":[{"embeddable":true,"href":"https:\/\/echta-derminga.de\/index.php?rest_route=%2Fwp%2Fv2%2Fcomments&post=12533"}],"version-history":[{"count":25,"href":"https:\/\/echta-derminga.de\/index.php?rest_route=\/wp\/v2\/posts\/12533\/revisions"}],"predecessor-version":[{"id":13728,"href":"https:\/\/echta-derminga.de\/index.php?rest_route=\/wp\/v2\/posts\/12533\/revisions\/13728"}],"wp:featuredmedia":[{"embeddable":true,"href":"https:\/\/echta-derminga.de\/index.php?rest_route=\/wp\/v2\/media\/12577"}],"wp:attachment":[{"href":"https:\/\/echta-derminga.de\/index.php?rest_route=%2Fwp%2Fv2%2Fmedia&parent=12533"}],"wp:term":[{"taxonomy":"category","embeddable":true,"href":"https:\/\/echta-derminga.de\/index.php?rest_route=%2Fwp%2Fv2%2Fcategories&post=12533"},{"taxonomy":"post_tag","embeddable":true,"href":"https:\/\/echta-derminga.de\/index.php?rest_route=%2Fwp%2Fv2%2Ftags&post=12533"}],"curies":[{"name":"wp","href":"https:\/\/api.w.org\/{rel}","templated":true}]}}