{"id":12579,"date":"2022-04-21T16:50:17","date_gmt":"2022-04-21T15:50:17","guid":{"rendered":"https:\/\/echta-derminga.de\/?p=12579"},"modified":"2022-04-21T17:15:07","modified_gmt":"2022-04-21T16:15:07","slug":"der-dorfplatz-ein-ort-der-begegnung-und-kommunikation","status":"publish","type":"post","link":"https:\/\/echta-derminga.de\/?p=12579","title":{"rendered":"Der Dorfplatz &#8211; Ein Ort der Begegnung und der Kommunikation"},"content":{"rendered":"\n<p class=\"has-medium-font-size wp-block-paragraph\"><strong>Freundlichkeit ist ein wesentlicher Teil der pers\u00f6nlichen Erziehung und ger\u00e4t zusehends aus der Mode. Ich erinnere mich noch gut an meine Kinderzeit. Immer wenn ich das Gr\u00fc\u00dfen verga\u00df, wurde ich von meiner Oma gema\u00dfregelt:\u201c Saa mol, kannschd dau net gemorje saan?\u201c Schon meine Gro\u00dfmutter wusste genau, dass ein freundlicher Gru\u00df einiges bewegen kann. Mit der direkten Anrede und einem tiefen Blick in die Augen kann man das Eis brechen.<\/strong> <strong>Wir m\u00fcssen wieder mehr miteinander reden. Viele Menschen gehen Gedankenversunken aneinander vorbei und bieten dem N\u00e4chsten keine Zeit.<\/strong> <strong>Kommunikation und menschliche N\u00e4he sind wichtige Bestandteile einer funktionierenden Dorfgemeinschaft.<\/strong><\/p>\n\n\n\n<p class=\"has-medium-font-size wp-block-paragraph\">Ein Dorfplatz ist ein Ort der Kommunikation und der Begegnung. Das Ortszentrum dient als Treffpunkt und Versammlungsort. Dort auf dem Dorfplatz findet man Raum f\u00fcr Klatsch, Tratsch, Ger\u00fcchte und Neuigkeiten. Unser Dorfplatz befand sich fr\u00fcher vor der Evangelischen Kirche. Damals wurde der Platz als Ortszentrum f\u00fcr Versammlungen, \u00dcbungen der \u00f6rtlichen Feuerwehr, Kirmestreiben oder Markttreiben genutzt. Vielleicht befand sich dort schon im Mittelalter ein Pranger. Ganz bestimmt sorgte an dieser Stelle der ein oder anderen Gaukler oder Spielmann f\u00fcr Unterhaltung. Die Seele eines Dorfes wird auf seinem Dorfplatz sp\u00fcrbar. Wenn man sich auf dem Dorfplatz die Zeit nimmt und genau aufpasst und hinh\u00f6rt, sp\u00fcrt man die Seele des Ortes. Hier im Ortszentrum erf\u00e4hrt man die t\u00e4glichen Neuigkeiten und diskutiert \u00fcber das Thema der Woche: <strong>\u201eHaschde schon geheert\u2026\u2026?\u201c<\/strong><\/p>\n\n\n\n<figure class=\"wp-block-gallery has-nested-images columns-default is-cropped wp-block-gallery-1 is-layout-flex wp-block-gallery-is-layout-flex\">\n<figure class=\"wp-block-image size-large\"><img loading=\"lazy\" decoding=\"async\" width=\"1000\" height=\"869\" data-id=\"12585\" src=\"https:\/\/echta-derminga.de\/wp-content\/uploads\/2022\/04\/dirmingen980.jpg\" alt=\"\" class=\"wp-image-12585\" srcset=\"https:\/\/echta-derminga.de\/wp-content\/uploads\/2022\/04\/dirmingen980.jpg 1000w, https:\/\/echta-derminga.de\/wp-content\/uploads\/2022\/04\/dirmingen980-300x261.jpg 300w, https:\/\/echta-derminga.de\/wp-content\/uploads\/2022\/04\/dirmingen980-700x608.jpg 700w, https:\/\/echta-derminga.de\/wp-content\/uploads\/2022\/04\/dirmingen980-768x667.jpg 768w\" sizes=\"auto, (max-width: 1000px) 100vw, 1000px\" \/><\/figure>\n\n\n\n<figure class=\"wp-block-image size-large\"><img loading=\"lazy\" decoding=\"async\" width=\"1000\" height=\"659\" data-id=\"12584\" src=\"https:\/\/echta-derminga.de\/wp-content\/uploads\/2022\/04\/dirmingen977.jpg\" alt=\"\" class=\"wp-image-12584\" srcset=\"https:\/\/echta-derminga.de\/wp-content\/uploads\/2022\/04\/dirmingen977.jpg 1000w, https:\/\/echta-derminga.de\/wp-content\/uploads\/2022\/04\/dirmingen977-300x198.jpg 300w, https:\/\/echta-derminga.de\/wp-content\/uploads\/2022\/04\/dirmingen977-700x461.jpg 700w, https:\/\/echta-derminga.de\/wp-content\/uploads\/2022\/04\/dirmingen977-768x506.jpg 768w\" sizes=\"auto, (max-width: 1000px) 100vw, 1000px\" \/><\/figure>\n<\/figure>\n\n\n\n<p class=\"has-medium-font-size wp-block-paragraph\"><strong>In unserem Dorf gibt es l\u00e4ngst keinen eigentlichen Dorfplatz mehr. Nach der Umbettung der Alsbach in ihr heutiges Flussbett und dem Abbruch des alten Schulhauses wurde die heutige Berschweilerstra\u00dfe \u00fcber den ehemaligen Dorfplatz gezogen. Der alte Dorfplatz wurde praktisch dem Fortschritt geopfert. Einige Jahre sp\u00e4ter wurde im Br\u00fchl ein Festplatz erbaut. Seitdem wird dort auf dem &#8222;Festplatz im Br\u00fchl&#8220; Kirmes gefeiert und,\u2026&#8230;na was eigentlich noch? Die Zeiten der gro\u00dfen Aktivit\u00e4ten und Festlichkeiten sind Geschichte. Der Weihnachtsmarkt wurde an die Borrwieshalle verlegt und das \u201eFolxfeschd\u201c wird in seiner bisherigen Form immer seltener ausgerichtet. Unser &#8222;Festplatz im Br\u00fchl&#8220; konnte den uralten Dorfplatz als Ort der Begegnung nie ersetzen. Hingegen r\u00fcckt der Br\u00fchlpark und auch der historische \u201eKl\u00e4se Keller\u201c immer mehr in den Blickpunkt der Vereine und Organisationen. Der historische \u201eKl\u00e4se Keller\u201c bietet gerade f\u00fcr kleine Aktivit\u00e4ten wie den Weihnachtsbaumverkauf oder das Maibaumsetzen eine gute Alternative. Der Br\u00fchlpark hingegen bietet sogar neue M\u00f6glichkeiten und f\u00f6rdert den sanften Tourismus. Unsere \u201eKerb\u201c ist aktuell die einzige Veranstaltung, die noch auf dem Festplatz durchgef\u00fchrt wird.<\/strong><\/p>\n\n\n\n<p class=\"has-medium-font-size wp-block-paragraph\">Wo aber findet man in unserem Dorf einen Ort der Begegnung und der Kommunikation? Die Zeiten, in denen man auf den Markt ging oder durch die Gesch\u00e4fte unseres Ortes schlenderte geh\u00f6ren l\u00e4ngst der Vergangenheit an. Das gro\u00dfe Gesch\u00e4ftesterben hat deutliche Spuren hinterlassen und ein Marktreiben gibt es schon seit Jahren nicht mehr.<\/p>\n\n\n\n<figure class=\"wp-block-gallery has-nested-images columns-default is-cropped wp-block-gallery-2 is-layout-flex wp-block-gallery-is-layout-flex\">\n<figure class=\"wp-block-image size-large\"><img loading=\"lazy\" decoding=\"async\" width=\"1000\" height=\"674\" data-id=\"12588\" src=\"https:\/\/echta-derminga.de\/wp-content\/uploads\/2022\/04\/dirmingen966.jpg\" alt=\"\" class=\"wp-image-12588\" srcset=\"https:\/\/echta-derminga.de\/wp-content\/uploads\/2022\/04\/dirmingen966.jpg 1000w, https:\/\/echta-derminga.de\/wp-content\/uploads\/2022\/04\/dirmingen966-300x202.jpg 300w, https:\/\/echta-derminga.de\/wp-content\/uploads\/2022\/04\/dirmingen966-700x472.jpg 700w, https:\/\/echta-derminga.de\/wp-content\/uploads\/2022\/04\/dirmingen966-768x518.jpg 768w\" sizes=\"auto, (max-width: 1000px) 100vw, 1000px\" \/><\/figure>\n\n\n\n<figure class=\"wp-block-image size-large\"><img loading=\"lazy\" decoding=\"async\" width=\"900\" height=\"622\" data-id=\"12587\" src=\"https:\/\/echta-derminga.de\/wp-content\/uploads\/2022\/04\/dirmingen415.jpg\" alt=\"\" class=\"wp-image-12587\" srcset=\"https:\/\/echta-derminga.de\/wp-content\/uploads\/2022\/04\/dirmingen415.jpg 900w, https:\/\/echta-derminga.de\/wp-content\/uploads\/2022\/04\/dirmingen415-300x207.jpg 300w, https:\/\/echta-derminga.de\/wp-content\/uploads\/2022\/04\/dirmingen415-700x484.jpg 700w, https:\/\/echta-derminga.de\/wp-content\/uploads\/2022\/04\/dirmingen415-768x531.jpg 768w\" sizes=\"auto, (max-width: 900px) 100vw, 900px\" \/><\/figure>\n<\/figure>\n\n\n\n<p class=\"has-medium-font-size wp-block-paragraph\"><strong>Das Dorfleben spielte sich fr\u00fcher ausschlie\u00dflich auf dem Dorfplatz ab. Dort wurde gefeiert, geprobt, getratscht, gearbeitet, gelacht und gelebt. Nicht selten kam es vor, dass man abends auf dem Platz zusammenkam, um gemeinsam zu musizieren oder zu Tanzen. Ganz nebenbei f\u00f6rderte der Dorfplatz die Gemeinschaft und das Miteinander. In lustiger Runde wurden Ideen gesponnen und Pl\u00e4ne geschmiedet. Die Frauen besorgten das Essen, die M\u00e4nner spielten Karten und die Alten erz\u00e4hlten Geschichten. Irgendjemand spielte Gitarre oder Mundharmonika. Auf dem Dorfplatz pulsierte das Leben.<\/strong> <strong>Der Dorfplatz spiegelt also die eigentliche Seele unserer Dorfgemeinschaft wieder.<\/strong><\/p>\n\n\n\n<p class=\"has-medium-font-size wp-block-paragraph\">Problem erkannt, Problem gebannt ? Nicht ganz! Eine neue Begegnungsst\u00e4tte zu schaffen ist alles andere als einfach. Ich bin mir auch nicht sicher, ob ein Dorfplatz heute noch die gleiche Bedeutung wie fr\u00fcher h\u00e4tte. Nicht nur die Zeiten, sondern auch die Menschen haben sich ver\u00e4ndert. Dabei w\u00e4re ein neuer Ort der Begegnung so wichtig und gut f\u00fcr unser Dorf. Wo k\u00f6nnen wir zusammenkommen, um zu tr\u00e4umen, reden, tratschen, schw\u00e4rmen oder zu spinnen? Wo treffen wir uns und wie k\u00f6nnen wir unsere Dorfgemeinschaft, abseits von einer kulturellen Veranstaltung, aufwerten? Haben wir noch Interesse an einer aktiven Begegnungsst\u00e4tte oder wollen wir viel lieber unsere Ruhe.<\/p>\n\n\n<div class=\"wp-block-image\">\n<figure class=\"aligncenter size-large\"><img loading=\"lazy\" decoding=\"async\" width=\"700\" height=\"456\" src=\"https:\/\/echta-derminga.de\/wp-content\/uploads\/2022\/04\/dirmingen609-700x456.jpg\" alt=\"\" class=\"wp-image-12589\" srcset=\"https:\/\/echta-derminga.de\/wp-content\/uploads\/2022\/04\/dirmingen609-700x456.jpg 700w, https:\/\/echta-derminga.de\/wp-content\/uploads\/2022\/04\/dirmingen609-300x196.jpg 300w, https:\/\/echta-derminga.de\/wp-content\/uploads\/2022\/04\/dirmingen609-768x501.jpg 768w, https:\/\/echta-derminga.de\/wp-content\/uploads\/2022\/04\/dirmingen609.jpg 1000w\" sizes=\"auto, (max-width: 700px) 100vw, 700px\" \/><figcaption>Menschenansammlung damals wie heute !<\/figcaption><\/figure>\n<\/div>\n\n\n<p class=\"has-medium-font-size wp-block-paragraph\"><strong>Nichts h\u00f6ren, nichts sagen, nichts sehen! Es mag Leute geben die lieber das Fernsehger\u00e4t einschalten und die F\u00fc\u00dfe hochlegen. Zugegebenerma\u00dfen zelebriere ich das \u201eExtrem-Couching\u201c auch ganz gerne. Unserer Dorfgemeinschaft bringt das Zuhause abh\u00e4ngen jedoch nicht weiter. Wir brauchen neue Ideen und L\u00f6sungen. Auf dem Dorfplatz findet unsere Kultur den notwendigen Spielraum. Fr\u00fcher wurden auf dem Platz im Ortszentrum Auff\u00fchrungen dargeboten, Kirmes gefeiert, Weihnachtsb\u00e4ume aufgestellt oder Maib\u00e4ume gepflanzt. Vieles davon hat heute wieder einen Platz in unserem Leben. Anderes wiederum geriet in Vergessenheit.<\/strong><\/p>\n\n\n<div class=\"wp-block-image\">\n<figure class=\"aligncenter size-large\"><img loading=\"lazy\" decoding=\"async\" width=\"700\" height=\"533\" src=\"https:\/\/echta-derminga.de\/wp-content\/uploads\/2022\/04\/2222-700x533.jpg\" alt=\"\" class=\"wp-image-12592\" srcset=\"https:\/\/echta-derminga.de\/wp-content\/uploads\/2022\/04\/2222-700x533.jpg 700w, https:\/\/echta-derminga.de\/wp-content\/uploads\/2022\/04\/2222-300x228.jpg 300w, https:\/\/echta-derminga.de\/wp-content\/uploads\/2022\/04\/2222-768x584.jpg 768w, https:\/\/echta-derminga.de\/wp-content\/uploads\/2022\/04\/2222.jpg 1000w\" sizes=\"auto, (max-width: 700px) 100vw, 700px\" \/><figcaption>Gemeinschaft f\u00f6rdern !<\/figcaption><\/figure>\n<\/div>\n\n\n<p class=\"has-medium-font-size wp-block-paragraph\">Nun wurde ein erster Schritt in die richtige Richtung eingeschlagen. Nach vielen intensiven Gespr\u00e4chen wurde mit der Unterst\u00fctzung der Verantwortlichen des Verkaufswagens \u201eEistraum\u201c der Platz vor der evangelischen Kirche liebevoll aufgewertet. Der Inhaber des &#8222;Eistraums&#8220; hat viel Geld investiert. Neue Pflanzen, Palmen und neue Sitzm\u00f6glichkeiten verleihen dem ehemals grauen Vorplatz ein gem\u00fctliches Flair. Bereits nach wenigen Tagen konnten wir ein positives Res\u00fcmee ziehen. Viele Menschen nutzen den Platz, um ihr Eis zu verzehren, eine Tasse Kaffee zu trinken oder einfach nur das Gespr\u00e4ch zu suchen. Wir befinden uns auf dem Weg zu einem neuen Ort der Kommunikation. Der Platz kann nach Absprache mit Herrn Antonio Candela von allen G\u00e4sten des gesamten Gewerbes genutzt werden. So kommt es also vor, dass auf dem kleinen Platz, der eine seinen Kaffee schl\u00fcrft, der N\u00e4chste sein Kebab verzehrt und die andere ihre Eisspezialit\u00e4t genie\u00dft. <\/p>\n\n\n<div class=\"wp-block-image\">\n<figure class=\"aligncenter size-large\"><img loading=\"lazy\" decoding=\"async\" width=\"700\" height=\"457\" src=\"https:\/\/echta-derminga.de\/wp-content\/uploads\/2022\/04\/1111-2-700x457.jpg\" alt=\"\" class=\"wp-image-12591\" srcset=\"https:\/\/echta-derminga.de\/wp-content\/uploads\/2022\/04\/1111-2-700x457.jpg 700w, https:\/\/echta-derminga.de\/wp-content\/uploads\/2022\/04\/1111-2-300x196.jpg 300w, https:\/\/echta-derminga.de\/wp-content\/uploads\/2022\/04\/1111-2-768x502.jpg 768w, https:\/\/echta-derminga.de\/wp-content\/uploads\/2022\/04\/1111-2.jpg 1000w\" sizes=\"auto, (max-width: 700px) 100vw, 700px\" \/><figcaption>Ein Ort der Kommunikation<\/figcaption><\/figure>\n<\/div>\n\n\n<p class=\"has-medium-font-size wp-block-paragraph\"><strong>Gro\u00dfes entsteht im Kleinen! Vielleicht ist genau das der Beginn in einer neue Epoche. Kann sein, dass der kleine Platz vor der Kirche unserer Dorfgemeinschaft guttut. Geben wir der Sache eine Chance, geben wir uns eine Chance. Wie findet ihr unseren kleinen, schicken, neuen Dorfplatz ?<\/strong><\/p>\n","protected":false},"excerpt":{"rendered":"<p>Freundlichkeit ist ein wesentlicher Teil der pers\u00f6nlichen Erziehung und ger\u00e4t zusehends aus der Mode. Ich erinnere mich noch gut an meine Kinderzeit. Immer wenn ich das Gr\u00fc\u00dfen verga\u00df, wurde ich von meiner Oma gema\u00dfregelt:\u201c Saa mol, kannschd dau net gemorje saan?\u201c Schon meine Gro\u00dfmutter wusste genau, dass ein freundlicher Gru\u00df einiges bewegen kann. Mit der direkten Anrede und einem tiefen<\/p>\n","protected":false},"author":1,"featured_media":12583,"comment_status":"open","ping_status":"closed","sticky":false,"template":"","format":"standard","meta":{"_crdt_document":"","footnotes":""},"categories":[1,9,8],"tags":[5,986,618,127,795,310],"class_list":["post-12579","post","type-post","status-publish","format-standard","has-post-thumbnail","hentry","category-allgemein","category-dorfgetratsche","category-sellemols-und-awweile","tag-dirmingen","tag-dorfplatz","tag-gemeinde-eppelborn","tag-landkreis-neunkirchen","tag-ortsvorsteher-dirmingen","tag-saarland"],"_links":{"self":[{"href":"https:\/\/echta-derminga.de\/index.php?rest_route=\/wp\/v2\/posts\/12579","targetHints":{"allow":["GET"]}}],"collection":[{"href":"https:\/\/echta-derminga.de\/index.php?rest_route=\/wp\/v2\/posts"}],"about":[{"href":"https:\/\/echta-derminga.de\/index.php?rest_route=\/wp\/v2\/types\/post"}],"author":[{"embeddable":true,"href":"https:\/\/echta-derminga.de\/index.php?rest_route=\/wp\/v2\/users\/1"}],"replies":[{"embeddable":true,"href":"https:\/\/echta-derminga.de\/index.php?rest_route=%2Fwp%2Fv2%2Fcomments&post=12579"}],"version-history":[{"count":14,"href":"https:\/\/echta-derminga.de\/index.php?rest_route=\/wp\/v2\/posts\/12579\/revisions"}],"predecessor-version":[{"id":12604,"href":"https:\/\/echta-derminga.de\/index.php?rest_route=\/wp\/v2\/posts\/12579\/revisions\/12604"}],"wp:featuredmedia":[{"embeddable":true,"href":"https:\/\/echta-derminga.de\/index.php?rest_route=\/wp\/v2\/media\/12583"}],"wp:attachment":[{"href":"https:\/\/echta-derminga.de\/index.php?rest_route=%2Fwp%2Fv2%2Fmedia&parent=12579"}],"wp:term":[{"taxonomy":"category","embeddable":true,"href":"https:\/\/echta-derminga.de\/index.php?rest_route=%2Fwp%2Fv2%2Fcategories&post=12579"},{"taxonomy":"post_tag","embeddable":true,"href":"https:\/\/echta-derminga.de\/index.php?rest_route=%2Fwp%2Fv2%2Ftags&post=12579"}],"curies":[{"name":"wp","href":"https:\/\/api.w.org\/{rel}","templated":true}]}}