{"id":12619,"date":"2022-04-25T19:30:48","date_gmt":"2022-04-25T18:30:48","guid":{"rendered":"https:\/\/echta-derminga.de\/?p=12619"},"modified":"2022-04-25T20:08:49","modified_gmt":"2022-04-25T19:08:49","slug":"in-sachen-ortsvorsteher-von-einer-eroeffnungsfeier-einem-jubelpaar-einem-stolperstein-und-einem-herrlichen-fruehling-auf-finkenrech","status":"publish","type":"post","link":"https:\/\/echta-derminga.de\/?p=12619","title":{"rendered":"In Sachen Ortsvorsteher: Von einer Er\u00f6ffnungsfeier, einem Jubelpaar, einem Stolperstein und einem herrlichen &#8222;Fr\u00fchling auf Finkenrech&#8220;"},"content":{"rendered":"\n<p class=\"has-medium-font-size wp-block-paragraph\"><strong>Die Temperaturen steigen und der Winter scheint endlich besiegt zu sein. Wir freuen uns auf den Fr\u00fchling und das damit verbundene Erwachen der Natur. Hinter uns liegt ein wunderbares Osterwochenende und ein herrlicher &#8222;Fr\u00fchling auf Finkenrech&#8220;. Mit etwas Stolz k\u00f6nnen wir auf das Osterwochenende zur\u00fcckblicken. Erstmals wurde ein gro\u00dfangelegtes Ostereiersuchen f\u00fcr Kinder und Erwachsene im Br\u00fchlpark durchgef\u00fchrt. Ich m\u00f6chte mich bei allen bedanken, die daran mitgewirkt haben. Die Dirminger SPD \u00fcbernahm die Organisation der Ostereiersuche und der Kulturverein Dirmingen sorgte f\u00fcr die Verk\u00f6stigung der ca. 200 G\u00e4ste. Die saisonale Veranstaltung \u201eFr\u00fchling auf Finkenrech\u201c hat auch in diesem Jahr ihre Erfolgsgeschichte weitergeschrieben. An beiden Festtagen pilgerten 8000 Menschen aus der gesamten Region zu dem herrlichen Bauernmarkt. Mit dem Fr\u00fchling kehrt der Optimismus und die Zuversicht zur\u00fcck in unser Leben. Unsere Vereine planen endlich wieder ihre festlichen Aktivit\u00e4ten. Der Angelsportverein Dirmingen veranstaltet am 26. Mai 2022 (Vatertag) sein traditionelles Fischerfest an der Sauerwies. Schon am bevorstehenden ersten Mai l\u00e4dt unsere Kolpingfamilie Dirmingen, der KKV Dirmingen und der L\u00f6schbezirk Dirmingen um 16:00 Uhr in die Ortsmitte zum traditionellen Maibaumsetzen ein. Ich m\u00f6chte mich bei den Vereinen f\u00fcr ihr Engagement zum Wohle unseres Heimatortes danken und w\u00fcnsche viel Erfolg.<\/strong><\/p>\n\n\n\n<figure class=\"wp-block-gallery has-nested-images columns-default is-cropped wp-block-gallery-1 is-layout-flex wp-block-gallery-is-layout-flex\">\n<figure class=\"wp-block-image size-large\"><img loading=\"lazy\" decoding=\"async\" width=\"900\" height=\"760\" data-id=\"12611\" src=\"https:\/\/echta-derminga.de\/wp-content\/uploads\/2022\/04\/5.jpg\" alt=\"\" class=\"wp-image-12611\" srcset=\"https:\/\/echta-derminga.de\/wp-content\/uploads\/2022\/04\/5.jpg 900w, https:\/\/echta-derminga.de\/wp-content\/uploads\/2022\/04\/5-300x253.jpg 300w, https:\/\/echta-derminga.de\/wp-content\/uploads\/2022\/04\/5-700x591.jpg 700w, https:\/\/echta-derminga.de\/wp-content\/uploads\/2022\/04\/5-768x649.jpg 768w\" sizes=\"auto, (max-width: 900px) 100vw, 900px\" \/><\/figure>\n\n\n\n<figure class=\"wp-block-image size-large\"><img loading=\"lazy\" decoding=\"async\" width=\"900\" height=\"767\" data-id=\"12614\" src=\"https:\/\/echta-derminga.de\/wp-content\/uploads\/2022\/04\/8.jpg\" alt=\"\" class=\"wp-image-12614\" srcset=\"https:\/\/echta-derminga.de\/wp-content\/uploads\/2022\/04\/8.jpg 900w, https:\/\/echta-derminga.de\/wp-content\/uploads\/2022\/04\/8-300x256.jpg 300w, https:\/\/echta-derminga.de\/wp-content\/uploads\/2022\/04\/8-700x597.jpg 700w, https:\/\/echta-derminga.de\/wp-content\/uploads\/2022\/04\/8-768x655.jpg 768w\" sizes=\"auto, (max-width: 900px) 100vw, 900px\" \/><\/figure>\n\n\n\n<figure class=\"wp-block-image size-large\"><img loading=\"lazy\" decoding=\"async\" width=\"900\" height=\"469\" data-id=\"12609\" src=\"https:\/\/echta-derminga.de\/wp-content\/uploads\/2022\/04\/3.jpg\" alt=\"\" class=\"wp-image-12609\" srcset=\"https:\/\/echta-derminga.de\/wp-content\/uploads\/2022\/04\/3.jpg 900w, https:\/\/echta-derminga.de\/wp-content\/uploads\/2022\/04\/3-300x156.jpg 300w, https:\/\/echta-derminga.de\/wp-content\/uploads\/2022\/04\/3-700x365.jpg 700w, https:\/\/echta-derminga.de\/wp-content\/uploads\/2022\/04\/3-768x400.jpg 768w\" sizes=\"auto, (max-width: 900px) 100vw, 900px\" \/><\/figure>\n<\/figure>\n\n\n\n<p class=\"has-medium-font-size wp-block-paragraph\"><strong>Feierliche Er\u00f6ffnung der Boulehalle Dirmingen<\/strong><\/p>\n\n\n\n<p class=\"has-medium-font-size wp-block-paragraph\">Am Freitag, 22.April wurde die neuerrichtete&nbsp;Boulehalle des neu gegr\u00fcndeten Boulvereins Dirmingen feierlich eingeweiht. Gemeinsam mit B\u00fcrgermeister Dr. Andreas Feld durfte ich dem Vorsitzenden und Macher Peter Gr\u00e4ser gratulieren. Es ist wirklich beeindruckend was dort neben der Dirminger Tennisanlage in nur einem Jahr geleistet wurden. Die Halle verf\u00fcgt \u00fcber mehrere Spielfelder, eine ansprechende Au\u00dfenanlage und einen Schankraum. An der Seite des Vize- Weltmeisters Manuel Strokosch durfte ich ein Boulspiel gegen unseren B\u00fcrgermeister Dr. Andreas Feld und einen Bundesligaspieler bestreiten. Wir haben von unserem Heimrecht Gebrauch gemacht und dieses Spiel gewonnen. B\u00fcrgermeister Feld dankte in seiner Ansprache den Machern und ehrenamtlichen Helferinnen und Helfern. Ich m\u00f6chte mich den Dankesworten des Rathauschefs anschlie\u00dfen. In meiner kurzen Ansprache durfte ich den neuen Boulverein Dirmingen im Kreise unserer Vereinslandschaft willkommen hei\u00dfen. In k\u00fcrzester Zeit ist es in Dirmingen gelungen, einen Verein zu gr\u00fcnden und eine eigene Spielst\u00e4tte zu erschaffen. Ich w\u00fcnsche dem Boulverein Dirmingen und ihrem Vorsitzenden Peter Gr\u00e4ser alles erdenklich Gute sowie viel Gl\u00fcck und  Erfolg.<\/p>\n\n\n\n<figure class=\"wp-block-gallery has-nested-images columns-default is-cropped wp-block-gallery-2 is-layout-flex wp-block-gallery-is-layout-flex\">\n<figure class=\"wp-block-image size-large\"><img loading=\"lazy\" decoding=\"async\" width=\"1080\" height=\"931\" data-id=\"12633\" src=\"https:\/\/echta-derminga.de\/wp-content\/uploads\/2022\/04\/Screenshot_20220422-210333_Instagram.jpg\" alt=\"\" class=\"wp-image-12633\" srcset=\"https:\/\/echta-derminga.de\/wp-content\/uploads\/2022\/04\/Screenshot_20220422-210333_Instagram.jpg 1080w, https:\/\/echta-derminga.de\/wp-content\/uploads\/2022\/04\/Screenshot_20220422-210333_Instagram-300x259.jpg 300w, https:\/\/echta-derminga.de\/wp-content\/uploads\/2022\/04\/Screenshot_20220422-210333_Instagram-700x603.jpg 700w, https:\/\/echta-derminga.de\/wp-content\/uploads\/2022\/04\/Screenshot_20220422-210333_Instagram-768x662.jpg 768w\" sizes=\"auto, (max-width: 1080px) 100vw, 1080px\" \/><\/figure>\n\n\n\n<figure class=\"wp-block-image size-large\"><img loading=\"lazy\" decoding=\"async\" width=\"900\" height=\"675\" data-id=\"12635\" src=\"https:\/\/echta-derminga.de\/wp-content\/uploads\/2022\/04\/IMG-20220424-WA0006.jpg\" alt=\"\" class=\"wp-image-12635\" srcset=\"https:\/\/echta-derminga.de\/wp-content\/uploads\/2022\/04\/IMG-20220424-WA0006.jpg 900w, https:\/\/echta-derminga.de\/wp-content\/uploads\/2022\/04\/IMG-20220424-WA0006-300x225.jpg 300w, https:\/\/echta-derminga.de\/wp-content\/uploads\/2022\/04\/IMG-20220424-WA0006-700x525.jpg 700w, https:\/\/echta-derminga.de\/wp-content\/uploads\/2022\/04\/IMG-20220424-WA0006-768x576.jpg 768w\" sizes=\"auto, (max-width: 900px) 100vw, 900px\" \/><\/figure>\n\n\n\n<figure class=\"wp-block-image size-large\"><img loading=\"lazy\" decoding=\"async\" width=\"960\" height=\"720\" data-id=\"12632\" src=\"https:\/\/echta-derminga.de\/wp-content\/uploads\/2022\/04\/279097462_1081242056067184_6170579454544331816_n.jpg\" alt=\"\" class=\"wp-image-12632\" srcset=\"https:\/\/echta-derminga.de\/wp-content\/uploads\/2022\/04\/279097462_1081242056067184_6170579454544331816_n.jpg 960w, https:\/\/echta-derminga.de\/wp-content\/uploads\/2022\/04\/279097462_1081242056067184_6170579454544331816_n-300x225.jpg 300w, https:\/\/echta-derminga.de\/wp-content\/uploads\/2022\/04\/279097462_1081242056067184_6170579454544331816_n-700x525.jpg 700w, https:\/\/echta-derminga.de\/wp-content\/uploads\/2022\/04\/279097462_1081242056067184_6170579454544331816_n-768x576.jpg 768w\" sizes=\"auto, (max-width: 960px) 100vw, 960px\" \/><\/figure>\n<\/figure>\n\n\n\n<p class=\"has-medium-font-size wp-block-paragraph\"><strong>Herzlichen Gl\u00fcckwunsch zur Eisernen Hochzeit<\/strong><\/p>\n\n\n\n<p class=\"has-medium-font-size wp-block-paragraph\">Das Ehepaar Mathilde und Adolf Eisenhauer feierte am 24. April das Fest der &#8222;Eisernen Hochzeit&#8220;. Gemeinsam mit dem ersten Beigeordneten Christian Ney durfte ich die Gratulationen des B\u00fcrgermeisters, des Landrates, des Ministerpr\u00e4sidenten und des Ortsrates \u00fcberbringen. Das Fest der &#8222;Eisernen Hochzeit&#8220; wird nach 65 Ehejahren gefeiert. Dies ist eine Ehre die nicht jedem Menschen Zeit seines Lebens zuteil wird. Mathilde und Adolf Eisenhauer haben zwei gemeinsame Kinder, zwei Enkelkinder und einen Urenkel. Die Familie spielt f\u00fcr das Jubelpaar eine gro\u00dfe Rolle. Die beiden Eheleute haben sich auch ehrenamtliche Verdienste um unseren Heimatort erworben. Im Laufe der Jahrzehnte waren beide in der Kolpingfamilie Dirmingen, beim Obst-und Gartenbauverein Dirmingen, bei den Landfrauen Dirmingen und beim Hasenverein Eppelborn aktiv. In harmonischer Runde durften wir einen sch\u00f6nen Nachmittag mit dem Jubelpaar und deren Familie verbringen. An dieser Stelle m\u00f6chte ich meine Gl\u00fcckw\u00fcnsche wiederholen und ganz herzlich f\u00fcr die tolle Gastfreundschaft danken.<\/p>\n\n\n<div class=\"wp-block-image\">\n<figure class=\"aligncenter size-large\"><img loading=\"lazy\" decoding=\"async\" width=\"700\" height=\"639\" src=\"https:\/\/echta-derminga.de\/wp-content\/uploads\/2022\/04\/279146733_5032133263548025_8323125574025103646_n-700x639.jpg\" alt=\"\" class=\"wp-image-12628\" srcset=\"https:\/\/echta-derminga.de\/wp-content\/uploads\/2022\/04\/279146733_5032133263548025_8323125574025103646_n-700x639.jpg 700w, https:\/\/echta-derminga.de\/wp-content\/uploads\/2022\/04\/279146733_5032133263548025_8323125574025103646_n-300x274.jpg 300w, https:\/\/echta-derminga.de\/wp-content\/uploads\/2022\/04\/279146733_5032133263548025_8323125574025103646_n-768x701.jpg 768w, https:\/\/echta-derminga.de\/wp-content\/uploads\/2022\/04\/279146733_5032133263548025_8323125574025103646_n.jpg 1440w\" sizes=\"auto, (max-width: 700px) 100vw, 700px\" \/><figcaption>Herzlichen Gl\u00fcckwunsch zur Eisernen Hochzeit<\/figcaption><\/figure>\n<\/div>\n\n\n<p class=\"has-medium-font-size wp-block-paragraph\"><strong>Gartensaison wurde mit &#8222;Fr\u00fchling auf Finkenrech&#8220; er\u00f6ffnet !<\/strong><\/p>\n\n\n\n<p class=\"has-medium-font-size wp-block-paragraph\">Mit der saisonale Veranstaltung &#8222;Fr\u00fchling auf Finkenrech&#8220;, am 23.und 24. April 2022, wurde die Gartensaison eingel\u00e4utet. Gemeinsam mit Landrat S\u00f6ren Meng und B\u00fcrgermeister Dr. Andreas Feld sowie der Rosenk\u00f6nigin Kristina und der Bierk\u00f6nigin Bianca durfte ich der Er\u00f6ffnungszeremonie der Veranstaltung beiwohnen. Der TKN des Landkreises Neunkirchen kann zurecht Stolz auf einen reibungslosen Ablauf der Veranstaltung sein.  Insgesamt waren 60 Aussteller und Mitwirkende w\u00e4hrend der Veranstaltung t\u00e4tig. F\u00fcr unseren Landrat S\u00f6ren Meng war es sehr wichtig, dass \u00fcberwiegend Produkte aus unserem Landkreis angeboten wurden. Dabei war erstmals eine Regionalmarke mit einem eigenen Stand vertreten. Unser B\u00fcrgermeister Dr. Andreas Feld freute sich \u00fcber den Stellenwert des Freizeitzentrums Finkenrech im Landkreis Neunkirchen. Ich pers\u00f6nlich kann nicht verhehlen, dass mich die saisonalen Veranstaltungen auf Finkenrech immer wieder mit viel Stolz erf\u00fcllen. Unser Heimatort Dirmingen hat vieles zu bieten. Die &#8222;gr\u00fcne Perle&#8220; Finkenrech tr\u00e4gt vieles zu Aufwertung unseres Heimatortes und unserer Gemeinde bei. Mein pers\u00f6nlicher Dank geht an alle Aussteller und Helferinnen und Helfer des TKN des Landkreises Neunkirchen. Besonders gefreut haben ich mich \u00fcber die Teilnahme unserer Dirminger Ortsvereine. Neben dem Kulturverein Dirmingen sorgte die Garde des KKV Dirmingen und unsere Landfrauen f\u00fcr die Versorgung der ca. 8000 G\u00e4ste an beiden Festtagen. <\/p>\n\n\n\n<figure class=\"wp-block-gallery has-nested-images columns-default is-cropped wp-block-gallery-3 is-layout-flex wp-block-gallery-is-layout-flex\">\n<figure class=\"wp-block-image size-large\"><img loading=\"lazy\" decoding=\"async\" width=\"1467\" height=\"922\" data-id=\"12625\" src=\"https:\/\/echta-derminga.de\/wp-content\/uploads\/2022\/04\/278465482_5029699540458064_6819859689671840953_n-Kopie.jpg\" alt=\"\" class=\"wp-image-12625\" srcset=\"https:\/\/echta-derminga.de\/wp-content\/uploads\/2022\/04\/278465482_5029699540458064_6819859689671840953_n-Kopie.jpg 1467w, https:\/\/echta-derminga.de\/wp-content\/uploads\/2022\/04\/278465482_5029699540458064_6819859689671840953_n-Kopie-300x189.jpg 300w, https:\/\/echta-derminga.de\/wp-content\/uploads\/2022\/04\/278465482_5029699540458064_6819859689671840953_n-Kopie-700x440.jpg 700w, https:\/\/echta-derminga.de\/wp-content\/uploads\/2022\/04\/278465482_5029699540458064_6819859689671840953_n-Kopie-768x483.jpg 768w\" sizes=\"auto, (max-width: 1467px) 100vw, 1467px\" \/><\/figure>\n\n\n\n<figure class=\"wp-block-image size-large\"><img loading=\"lazy\" decoding=\"async\" width=\"2000\" height=\"1500\" data-id=\"12626\" src=\"https:\/\/echta-derminga.de\/wp-content\/uploads\/2022\/04\/278448514_5029697657124919_3115982238287833154_n.jpg\" alt=\"\" class=\"wp-image-12626\" srcset=\"https:\/\/echta-derminga.de\/wp-content\/uploads\/2022\/04\/278448514_5029697657124919_3115982238287833154_n.jpg 2000w, https:\/\/echta-derminga.de\/wp-content\/uploads\/2022\/04\/278448514_5029697657124919_3115982238287833154_n-300x225.jpg 300w, https:\/\/echta-derminga.de\/wp-content\/uploads\/2022\/04\/278448514_5029697657124919_3115982238287833154_n-700x525.jpg 700w, https:\/\/echta-derminga.de\/wp-content\/uploads\/2022\/04\/278448514_5029697657124919_3115982238287833154_n-768x576.jpg 768w, https:\/\/echta-derminga.de\/wp-content\/uploads\/2022\/04\/278448514_5029697657124919_3115982238287833154_n-1536x1152.jpg 1536w\" sizes=\"auto, (max-width: 2000px) 100vw, 2000px\" \/><\/figure>\n\n\n\n<figure class=\"wp-block-image size-large\"><img loading=\"lazy\" decoding=\"async\" width=\"1000\" height=\"617\" data-id=\"12624\" src=\"https:\/\/echta-derminga.de\/wp-content\/uploads\/2022\/04\/278827471_5029699807124704_179096706073587617_n-Kopie.jpg\" alt=\"\" class=\"wp-image-12624\" srcset=\"https:\/\/echta-derminga.de\/wp-content\/uploads\/2022\/04\/278827471_5029699807124704_179096706073587617_n-Kopie.jpg 1000w, https:\/\/echta-derminga.de\/wp-content\/uploads\/2022\/04\/278827471_5029699807124704_179096706073587617_n-Kopie-300x185.jpg 300w, https:\/\/echta-derminga.de\/wp-content\/uploads\/2022\/04\/278827471_5029699807124704_179096706073587617_n-Kopie-700x432.jpg 700w, https:\/\/echta-derminga.de\/wp-content\/uploads\/2022\/04\/278827471_5029699807124704_179096706073587617_n-Kopie-768x474.jpg 768w\" sizes=\"auto, (max-width: 1000px) 100vw, 1000px\" \/><\/figure>\n\n\n\n<figure class=\"wp-block-image size-large\"><img loading=\"lazy\" decoding=\"async\" width=\"2048\" height=\"923\" data-id=\"12623\" src=\"https:\/\/echta-derminga.de\/wp-content\/uploads\/2022\/04\/278978802_5029698177124867_8309239115155987688_n-Kopie.jpg\" alt=\"\" class=\"wp-image-12623\" srcset=\"https:\/\/echta-derminga.de\/wp-content\/uploads\/2022\/04\/278978802_5029698177124867_8309239115155987688_n-Kopie.jpg 2048w, https:\/\/echta-derminga.de\/wp-content\/uploads\/2022\/04\/278978802_5029698177124867_8309239115155987688_n-Kopie-300x135.jpg 300w, https:\/\/echta-derminga.de\/wp-content\/uploads\/2022\/04\/278978802_5029698177124867_8309239115155987688_n-Kopie-700x315.jpg 700w, https:\/\/echta-derminga.de\/wp-content\/uploads\/2022\/04\/278978802_5029698177124867_8309239115155987688_n-Kopie-768x346.jpg 768w, https:\/\/echta-derminga.de\/wp-content\/uploads\/2022\/04\/278978802_5029698177124867_8309239115155987688_n-Kopie-1536x692.jpg 1536w\" sizes=\"auto, (max-width: 2048px) 100vw, 2048px\" \/><\/figure>\n\n\n\n<figure class=\"wp-block-image size-large\"><img loading=\"lazy\" decoding=\"async\" width=\"1123\" height=\"706\" data-id=\"12622\" src=\"https:\/\/echta-derminga.de\/wp-content\/uploads\/2022\/04\/278776255_5029699947124690_1865065506925715627_n-Kopie.jpg\" alt=\"\" class=\"wp-image-12622\" srcset=\"https:\/\/echta-derminga.de\/wp-content\/uploads\/2022\/04\/278776255_5029699947124690_1865065506925715627_n-Kopie.jpg 1123w, https:\/\/echta-derminga.de\/wp-content\/uploads\/2022\/04\/278776255_5029699947124690_1865065506925715627_n-Kopie-300x189.jpg 300w, https:\/\/echta-derminga.de\/wp-content\/uploads\/2022\/04\/278776255_5029699947124690_1865065506925715627_n-Kopie-700x440.jpg 700w, https:\/\/echta-derminga.de\/wp-content\/uploads\/2022\/04\/278776255_5029699947124690_1865065506925715627_n-Kopie-768x483.jpg 768w\" sizes=\"auto, (max-width: 1123px) 100vw, 1123px\" \/><\/figure>\n<\/figure>\n\n\n\n<p class=\"has-medium-font-size wp-block-paragraph\"><strong><strong>Stolpersteine- Ein Stein- Ein Name- Ein Mensch<\/strong>&#8211; Dirmingen erh\u00e4lt einen Stolperstein gegen das Vergessen<\/strong> <strong>!<\/strong><\/p>\n\n\n\n<p class=\"has-medium-font-size wp-block-paragraph\">Mit seinem Projekt \u201eStolpersteine\u201c hat der K\u00f6lner K\u00fcnstler Gunter Demnig ein echtes Mahnmal geschaffen. Die Stolpersteine erinnern uns an die Millionen Opfer des Hitler-Regimes. Inzwischen wurden 70.000 Stolpersteine gegen das Vergessen in mehr als 2.000 Kommunen in Europa verlegt. In der Gemeinde Eppelborn gibt es bis heute keinen einzigen Stolperstein. Am 08. Mai 2022 soll das ge\u00e4ndert werden. In Dirmingen wird vor dem Anwesen unseres Mitb\u00fcrgers Rudi Wohlfart ein Stolperstein gesetzt. Dieses Mahnmal wird zuk\u00fcnftig an die Ermordung des Vaters von Rudolf Wohlfart erinnern. Der Dirminger wurde nach seiner Inhaftierung in Merzig in der T\u00f6tungsanstalt in Hadamar hingerichtet. Auf Initiative von Rudi Wohlfahrt und seiner Familie wird dieser Stolperstein am Sonntag, 08.Mai 2022 um 09:00 Uhr morgens von dem K\u00fcnstler Gunter Demning verlegt. Seit dem Jahre 1992 verlegt der K\u00fcnstler Gunter Demnig diese goldenen Stolpersteine. Diese kleinen Stolpersteinen, erinnern uns an die Menschen die in der Zeit des Nationalsozialismus verfolgt, ermordet, deportiert, vertrieben oder in den Suizid getrieben wurden. Die quadratischen Messingtafeln mit abgerundeten Ecken und Kanten sind mit von Hand mittels Hammers und Schlagbuchstaben eingeschlagenen Lettern beschriftet und werden von einem angegossenen Betonw\u00fcrfel mit einer Kantenl\u00e4nge von 96 \u00d7 96 und einer H\u00f6he von 100 Millimetern getragen. Der Stolperstein tr\u00e4gt die Initialen des Opfers und wird in den B\u00fcrgersteig vor dem Anwesen der Familie Wohlfart eingelassen. Ich m\u00f6chte der Familie Wohlfart und allen voran Herrn Rudi Wohlfart ganz herzlich f\u00fcr sein Engagement danken.<\/p>\n\n\n\n<p class=\"has-medium-font-size wp-block-paragraph\"><strong>Neuer Dorfplatz \u2013 Neuer Ort der Kommunikation<\/strong><\/p>\n\n\n\n<p class=\"has-medium-font-size wp-block-paragraph\">Gemeinsam mit unserem Verkaufswagen \u201eEistraum\u201c ist es gelungen den kleinen beschaulichen Platz vor unserer Evangelischen Stengelkirche aufzuwerten und zu einem echten Kleinod zu machen. Auf dem Platz wurde neuer Granulat ausgelegt und durch unsere Bankpaten eine neue Bank aufgestellt. Antonio Candela vom \u201eEistraum\u201c hat den Platz botanisch aufgewertet und neue Sitzgruppen angeschafft. Der kleine Platz l\u00e4dt nun zum Verweilen und Schlemmern ein. Wir verbinden mit dieser Aufwertung die Hoffnung, dass ein neuer Ort der Kommunikation geschaffen wurde. Am Ende sollte unsere Dorfgemeinschaft von dieser Ortsaufwertung profitieren. Ich danke Herrn Candela f\u00fcr die wertvolle Unterst\u00fctzung. <\/p>\n\n\n<div class=\"wp-block-image\">\n<figure class=\"aligncenter size-large\"><img loading=\"lazy\" decoding=\"async\" width=\"700\" height=\"386\" src=\"https:\/\/echta-derminga.de\/wp-content\/uploads\/2022\/04\/0000-700x386.jpg\" alt=\"\" class=\"wp-image-12583\" srcset=\"https:\/\/echta-derminga.de\/wp-content\/uploads\/2022\/04\/0000-700x386.jpg 700w, https:\/\/echta-derminga.de\/wp-content\/uploads\/2022\/04\/0000-300x165.jpg 300w, https:\/\/echta-derminga.de\/wp-content\/uploads\/2022\/04\/0000-768x423.jpg 768w, https:\/\/echta-derminga.de\/wp-content\/uploads\/2022\/04\/0000.jpg 1000w\" sizes=\"auto, (max-width: 700px) 100vw, 700px\" \/><figcaption>Unser neuer Ort der Kommunikation.<\/figcaption><\/figure>\n<\/div>\n\n\n<p class=\"has-medium-font-size wp-block-paragraph\"><strong>Liebe Landsleute, die erste Lieferung unserer CD \u201eMensch zu sein\u201c war in nur k\u00fcrzester Zeit ausverkauft. Keine Sorge, es wird in schon bald Nachschub geben. Leider hat sich der eigentliche Liefertermin etwas verschoben. Mittlerweile haben wir jedoch alle Vorkehrungen getroffen, damit alle interessierte Musikliebhaber mit einem Exemplar versorgt werden. Die neue Lieferung d\u00fcrfte in K\u00fcrze bei den genannten Vorverkaufsstellen bei \u201eSchreiben und Schenken\u201c und bei &#8222;Floristik D\u00f6rr\u201c ankommen. Wir freuen uns \u00fcber das gro\u00dfe Interesse an unserem Musikprojekt \u201eDirmingen f\u00fcr Ukraine\u201c.<\/strong> <strong>In diesem Zusammenhang m\u00f6chte ich Sie dar\u00fcber informieren, dass aktuell 5 Menschen aus der Ukraine in unserem Dorf angekommen sind. Die Gemeinde Eppelborn hingegen geben derzeit \u00fcber 60 Menschen Unterschlupf. Gemeinsam mit unserer neuen Integrationsbeauftragten Sigrid Schmitt stehe ich im engen Kontakt zu unseren G\u00e4sten.<\/strong> <strong>In der vergangenen Woche konnten wir bereits helfen und unterst\u00fctzend einwirken. Ich bin sehr froh, dass Frau Schmitt mit ihrem Netzwerk an unserer Seite steht.<\/strong><\/p>\n\n\n<div class=\"wp-block-image\">\n<figure class=\"aligncenter size-large\"><img loading=\"lazy\" decoding=\"async\" width=\"700\" height=\"592\" src=\"https:\/\/echta-derminga.de\/wp-content\/uploads\/2022\/04\/w1900_h1607_x1056_y889_Seite_3_FOTO-69f40c2651d21d22-700x592.jpg\" alt=\"\" class=\"wp-image-12621\" srcset=\"https:\/\/echta-derminga.de\/wp-content\/uploads\/2022\/04\/w1900_h1607_x1056_y889_Seite_3_FOTO-69f40c2651d21d22-700x592.jpg 700w, https:\/\/echta-derminga.de\/wp-content\/uploads\/2022\/04\/w1900_h1607_x1056_y889_Seite_3_FOTO-69f40c2651d21d22-300x254.jpg 300w, https:\/\/echta-derminga.de\/wp-content\/uploads\/2022\/04\/w1900_h1607_x1056_y889_Seite_3_FOTO-69f40c2651d21d22-768x650.jpg 768w, https:\/\/echta-derminga.de\/wp-content\/uploads\/2022\/04\/w1900_h1607_x1056_y889_Seite_3_FOTO-69f40c2651d21d22-1536x1299.jpg 1536w, https:\/\/echta-derminga.de\/wp-content\/uploads\/2022\/04\/w1900_h1607_x1056_y889_Seite_3_FOTO-69f40c2651d21d22.jpg 1900w\" sizes=\"auto, (max-width: 700px) 100vw, 700px\" \/><figcaption>B\u00fcrgermeister Feld begr\u00fc\u00dft die neue Integrationsbeauftragte Frau Sigrid Schmitt aus Dirmingen<\/figcaption><\/figure>\n<\/div>\n\n\n<p class=\"has-medium-font-size wp-block-paragraph\"><strong>Ich hoffe Sie finden in diesen doch unruhigen Zeiten den eigenen Moment um Kraft zu tanken und zur Ruhe zu kommen. Vor uns allen liegen interessante Wochen und Monate. Unsere Dorfgemeinschaft arbeitet in schwierigen Zeiten an der eigenen Zukunft. Wir lassen uns nicht unterkriegen und hoffen auf bessere Zeiten.<\/strong><\/p>\n\n\n\n<p class=\"has-medium-font-size wp-block-paragraph\">Bitte denken Sie immer daran: <strong>Es \u00e4ndert sich auch hier in unserem Dorf \u00fcberhaupt nichts, wenn wir es nicht gemeinsam \u00e4ndern.<\/strong><\/p>\n\n\n\n<p class=\"has-medium-font-size wp-block-paragraph\">Ich w\u00fcnsche Ihnen einen sch\u00f6nen Tanz in den Mai ! Mit den Feierlichkeiten rund um den Maifeiertag wird dem alten Brauchtum zufolge Hexennacht oder auch Walpurgisnacht begangen. In der Nacht vor dem 1. Mai treiben die Hexen ihr Unwesen. In den vergangenen Jahren wurde dabei nicht selten etwas gestohlen oder zerst\u00f6rt. Ich bin ein gro\u00dfer Freund vom alten Traditionen und habe vollstes Verst\u00e4ndnis f\u00fcr alle Kinder und Jugendliche die an Hexennacht ihr Unwesen treiben m\u00f6chten. Ich m\u00f6chte Euch jedoch h\u00f6flichst darum bitten respektvoll mit dem Eigentum Anderer umzugehen. Vandalismus, Diebstahl oder mutwillige Zerst\u00f6rung haben nichts mit dem Erhalt des alten Brauchtums der Hexennacht zu tun. Lasst eurer Phantasie freien Lauf. Ich bin \u00fcberzeugt davon, dass es an Hexennacht auch ohne Vandalismus viel zu tun geben wird. Viel Spa\u00df dabei !<\/p>\n\n\n\n<p class=\"has-medium-font-size wp-block-paragraph\">In diesem Sinne.<\/p>\n\n\n\n<p class=\"has-medium-font-size wp-block-paragraph\">Ihr Ortsvorsteher<\/p>\n\n\n\n<p class=\"has-medium-font-size wp-block-paragraph\">Frank Klein<\/p>\n\n\n\n<figure class=\"wp-block-gallery has-nested-images columns-default is-cropped wp-block-gallery-4 is-layout-flex wp-block-gallery-is-layout-flex\">\n<figure class=\"wp-block-image size-large\"><img loading=\"lazy\" decoding=\"async\" width=\"1326\" height=\"1808\" data-id=\"12631\" src=\"https:\/\/echta-derminga.de\/wp-content\/uploads\/2022\/04\/IMG-20220420-WA0023.jpg\" alt=\"\" class=\"wp-image-12631\" srcset=\"https:\/\/echta-derminga.de\/wp-content\/uploads\/2022\/04\/IMG-20220420-WA0023.jpg 1326w, https:\/\/echta-derminga.de\/wp-content\/uploads\/2022\/04\/IMG-20220420-WA0023-220x300.jpg 220w, https:\/\/echta-derminga.de\/wp-content\/uploads\/2022\/04\/IMG-20220420-WA0023-700x954.jpg 700w, https:\/\/echta-derminga.de\/wp-content\/uploads\/2022\/04\/IMG-20220420-WA0023-768x1047.jpg 768w, https:\/\/echta-derminga.de\/wp-content\/uploads\/2022\/04\/IMG-20220420-WA0023-1127x1536.jpg 1127w\" sizes=\"auto, (max-width: 1326px) 100vw, 1326px\" \/><\/figure>\n\n\n\n<figure class=\"wp-block-image size-large\"><img loading=\"lazy\" decoding=\"async\" width=\"1080\" height=\"1629\" data-id=\"12630\" src=\"https:\/\/echta-derminga.de\/wp-content\/uploads\/2022\/04\/Screenshot_20220410-144907_Instagram.jpg\" alt=\"\" class=\"wp-image-12630\" srcset=\"https:\/\/echta-derminga.de\/wp-content\/uploads\/2022\/04\/Screenshot_20220410-144907_Instagram.jpg 1080w, https:\/\/echta-derminga.de\/wp-content\/uploads\/2022\/04\/Screenshot_20220410-144907_Instagram-199x300.jpg 199w, https:\/\/echta-derminga.de\/wp-content\/uploads\/2022\/04\/Screenshot_20220410-144907_Instagram-700x1056.jpg 700w, https:\/\/echta-derminga.de\/wp-content\/uploads\/2022\/04\/Screenshot_20220410-144907_Instagram-768x1158.jpg 768w, https:\/\/echta-derminga.de\/wp-content\/uploads\/2022\/04\/Screenshot_20220410-144907_Instagram-1018x1536.jpg 1018w\" sizes=\"auto, (max-width: 1080px) 100vw, 1080px\" \/><\/figure>\n<\/figure>\n","protected":false},"excerpt":{"rendered":"<p>Die Temperaturen steigen und der Winter scheint endlich besiegt zu sein. Wir freuen uns auf den Fr\u00fchling und das damit verbundene Erwachen der Natur. Hinter uns liegt ein wunderbares Osterwochenende und ein herrlicher &#8222;Fr\u00fchling auf Finkenrech&#8220;. Mit etwas Stolz k\u00f6nnen wir auf das Osterwochenende zur\u00fcckblicken. Erstmals wurde ein gro\u00dfangelegtes Ostereiersuchen f\u00fcr Kinder und Erwachsene im Br\u00fchlpark durchgef\u00fchrt. Ich m\u00f6chte mich<\/p>\n","protected":false},"author":1,"featured_media":12638,"comment_status":"open","ping_status":"closed","sticky":false,"template":"","format":"standard","meta":{"_crdt_document":"","footnotes":""},"categories":[1,812],"tags":[5,618,127,634,795,310],"class_list":["post-12619","post","type-post","status-publish","format-standard","has-post-thumbnail","hentry","category-allgemein","category-ortsvorsteher-dirmingen","tag-dirmingen","tag-gemeinde-eppelborn","tag-landkreis-neunkirchen","tag-ortsvorsteher","tag-ortsvorsteher-dirmingen","tag-saarland"],"_links":{"self":[{"href":"https:\/\/echta-derminga.de\/index.php?rest_route=\/wp\/v2\/posts\/12619","targetHints":{"allow":["GET"]}}],"collection":[{"href":"https:\/\/echta-derminga.de\/index.php?rest_route=\/wp\/v2\/posts"}],"about":[{"href":"https:\/\/echta-derminga.de\/index.php?rest_route=\/wp\/v2\/types\/post"}],"author":[{"embeddable":true,"href":"https:\/\/echta-derminga.de\/index.php?rest_route=\/wp\/v2\/users\/1"}],"replies":[{"embeddable":true,"href":"https:\/\/echta-derminga.de\/index.php?rest_route=%2Fwp%2Fv2%2Fcomments&post=12619"}],"version-history":[{"count":17,"href":"https:\/\/echta-derminga.de\/index.php?rest_route=\/wp\/v2\/posts\/12619\/revisions"}],"predecessor-version":[{"id":12657,"href":"https:\/\/echta-derminga.de\/index.php?rest_route=\/wp\/v2\/posts\/12619\/revisions\/12657"}],"wp:featuredmedia":[{"embeddable":true,"href":"https:\/\/echta-derminga.de\/index.php?rest_route=\/wp\/v2\/media\/12638"}],"wp:attachment":[{"href":"https:\/\/echta-derminga.de\/index.php?rest_route=%2Fwp%2Fv2%2Fmedia&parent=12619"}],"wp:term":[{"taxonomy":"category","embeddable":true,"href":"https:\/\/echta-derminga.de\/index.php?rest_route=%2Fwp%2Fv2%2Fcategories&post=12619"},{"taxonomy":"post_tag","embeddable":true,"href":"https:\/\/echta-derminga.de\/index.php?rest_route=%2Fwp%2Fv2%2Ftags&post=12619"}],"curies":[{"name":"wp","href":"https:\/\/api.w.org\/{rel}","templated":true}]}}