{"id":12662,"date":"2022-05-01T14:28:55","date_gmt":"2022-05-01T13:28:55","guid":{"rendered":"https:\/\/echta-derminga.de\/?p=12662"},"modified":"2022-05-01T14:34:46","modified_gmt":"2022-05-01T13:34:46","slug":"in-sachen-ortsvorsteher-vom-maibaum-einem-stolperstein-tollen-geburtstagen-einer-neuwahl-und-einer-schoenen-begegnung","status":"publish","type":"post","link":"https:\/\/echta-derminga.de\/?p=12662","title":{"rendered":"In Sachen Ortsvorsteher: Vom Maibaum, einem Stolperstein, tollen Geburtstagen, einer Neuwahl und sch\u00f6nen Begegnungen"},"content":{"rendered":"\n<p class=\"has-medium-font-size wp-block-paragraph\">Mit dem traditionsreichen Maibaumstellen ist ein St\u00fcck Normalit\u00e4t in unseren Heimatort zur\u00fcckgekehrt. Nach einer zweij\u00e4hrigen pandemiebedingten Pause ziert der Maibaum endlich wieder unsere Ortsmitte. Ich danke der Kolpingfamilie Dirmingen, dem KKV Dirmingen und unserem L\u00f6schbezirk mit ihrer Jugendwehr ganz herzlich f\u00fcr die Fortsetzung dieser uralten Tradition. Zahlreiche Mitb\u00fcrger waren der Einladung gefolgt und erlebten eine entspannte Veranstaltung, bei der sogar das Wetter mitspielte. Mit dem &#8222;Wonnemonat&#8220; Mai verbinden wir die Hoffnung auf eine bessere Zeit. Die letzten zwei Jahre waren nicht einfach und mit dem Kriegsbeginn in der Ukraine haben sich neue Sorgen entwickelt. Unser Dorf zeigt Flagge und beweist gro\u00dfe Solidarit\u00e4t. <strong>Die erste Lieferung der CD des Musikprojekts &#8222;Dirmingen hilft Ukraine&#8220; war in K\u00fcrze ausverkauft. Keine Sorge, wir haben bereits Nachschub geordert. Bereits ab dem 06. Mai wird die CD wieder \u00fcberall erh\u00e4ltlich sein. Eine weitere wunderbare Solidarit\u00e4tsaktion findet in der Woche vor Muttertag statt. Vor dem Gesch\u00e4ft von &#8222;Bettina&#8217;s Floristik&#8220; in der Dirminger Ortsmitte werden Blumen zugunsten der Ukraine-Hilfe in der Gemeinde Eppelborn verkauft. Ich m\u00f6chte mich an dieser Stelle bei ganz herzlich bei Inhaberin Bettina D\u00f6rr bedanken. In diesem Zusammenhang sollten Sie nicht vergessen ihre Blumen f\u00fcr den Muttertag am 08. Mai vorzubestellen. <\/strong><\/p>\n\n\n\n<figure class=\"wp-block-gallery has-nested-images columns-default is-cropped wp-block-gallery-1 is-layout-flex wp-block-gallery-is-layout-flex\">\n<figure class=\"wp-block-image size-large\"><img loading=\"lazy\" decoding=\"async\" width=\"1000\" height=\"666\" data-id=\"12669\" src=\"https:\/\/echta-derminga.de\/wp-content\/uploads\/2022\/05\/1.jpg\" alt=\"\" class=\"wp-image-12669\" srcset=\"https:\/\/echta-derminga.de\/wp-content\/uploads\/2022\/05\/1.jpg 1000w, https:\/\/echta-derminga.de\/wp-content\/uploads\/2022\/05\/1-300x200.jpg 300w, https:\/\/echta-derminga.de\/wp-content\/uploads\/2022\/05\/1-700x466.jpg 700w, https:\/\/echta-derminga.de\/wp-content\/uploads\/2022\/05\/1-768x511.jpg 768w\" sizes=\"auto, (max-width: 1000px) 100vw, 1000px\" \/><\/figure>\n\n\n\n<figure class=\"wp-block-image size-large\"><img loading=\"lazy\" decoding=\"async\" width=\"1000\" height=\"666\" data-id=\"12670\" src=\"https:\/\/echta-derminga.de\/wp-content\/uploads\/2022\/05\/2.jpg\" alt=\"\" class=\"wp-image-12670\" srcset=\"https:\/\/echta-derminga.de\/wp-content\/uploads\/2022\/05\/2.jpg 1000w, https:\/\/echta-derminga.de\/wp-content\/uploads\/2022\/05\/2-300x200.jpg 300w, https:\/\/echta-derminga.de\/wp-content\/uploads\/2022\/05\/2-700x466.jpg 700w, https:\/\/echta-derminga.de\/wp-content\/uploads\/2022\/05\/2-768x511.jpg 768w\" sizes=\"auto, (max-width: 1000px) 100vw, 1000px\" \/><\/figure>\n\n\n\n<figure class=\"wp-block-image size-large\"><img loading=\"lazy\" decoding=\"async\" width=\"1000\" height=\"666\" data-id=\"12672\" src=\"https:\/\/echta-derminga.de\/wp-content\/uploads\/2022\/05\/4.jpg\" alt=\"\" class=\"wp-image-12672\" srcset=\"https:\/\/echta-derminga.de\/wp-content\/uploads\/2022\/05\/4.jpg 1000w, https:\/\/echta-derminga.de\/wp-content\/uploads\/2022\/05\/4-300x200.jpg 300w, https:\/\/echta-derminga.de\/wp-content\/uploads\/2022\/05\/4-700x466.jpg 700w, https:\/\/echta-derminga.de\/wp-content\/uploads\/2022\/05\/4-768x511.jpg 768w\" sizes=\"auto, (max-width: 1000px) 100vw, 1000px\" \/><\/figure>\n<\/figure>\n\n\n\n<p class=\"has-medium-font-size wp-block-paragraph\"><strong>Gro\u00dfe Ehre f\u00fcr unseren Heimatort Dirmingen &#8211; Stolperstein in Dirmingen- Ein Stein, ein Name ein Mensch. <\/strong><\/p>\n\n\n\n<p class=\"has-medium-font-size wp-block-paragraph\">Am Sonntag,08. Mai 2022 um 09:00 Uhr Ortszeit wird in der Illingerstrasse (Eingang Urexweilerstrasse) in Dirmingen der erste Stolperstein in der Gemeinde Eppelborn verlegt. Der K\u00fcnstler Gunter Demnig erinnert an die Opfer der NS-Zeit, indem er vor ihrem letzten selbstgew\u00e4hlten Wohnort Gedenktafeln aus Messing ins Trottoir einl\u00e4sst. Inzwischen liegen Stolpersteine in 1265 Kommunen Deutschlands und in einundzwanzig L\u00e4ndern Europas. Ein Mensch ist erst vergessen, wenn sein Name vergessen ist&#8216;, zitiert Gunter Demnig den Talmud. Mit den Steinen vor den H\u00e4usern wird die Erinnerung an die Menschen lebendig, die einst hier wohnten. Auf den Steinen steht geschrieben: HIER WOHNTE&#8230; Ein Stein. Ein Name. Ein Mensch. In Dirmingen wird dem Vater des Dirmingers Rudolf Wohlfart &#8211; ebenfalls Rudolf Wohlfart &#8211; mit einem Stolperstein gedacht. Der Stein wird vor dem Anwesen der Familie Wohlfart in den B\u00fcrgersteig gesetzt. Die Nationalsozialisten haben Menschen in Masse ermordet. Auch in unserer Heimatgemeinde wurden viele Menschen gefoltert oder umgebracht. Die Steine sollen die Namen zur\u00fcckbringen und an jedes einzelne Schicksal erinnern. Jeder Stein wird per Hand angefertigt und per Hand verlegt. Herzliche Einladung an alle interessierten B\u00fcrgerinnen und B\u00fcrger.<\/p>\n\n\n<div class=\"wp-block-image\">\n<figure class=\"aligncenter size-large\"><img loading=\"lazy\" decoding=\"async\" width=\"700\" height=\"702\" src=\"https:\/\/echta-derminga.de\/wp-content\/uploads\/2022\/05\/Stein-700x702.png\" alt=\"\" class=\"wp-image-12682\" srcset=\"https:\/\/echta-derminga.de\/wp-content\/uploads\/2022\/05\/Stein-700x702.png 700w, https:\/\/echta-derminga.de\/wp-content\/uploads\/2022\/05\/Stein-300x300.png 300w, https:\/\/echta-derminga.de\/wp-content\/uploads\/2022\/05\/Stein-150x150.png 150w, https:\/\/echta-derminga.de\/wp-content\/uploads\/2022\/05\/Stein-90x90.png 90w, https:\/\/echta-derminga.de\/wp-content\/uploads\/2022\/05\/Stein-75x75.png 75w, https:\/\/echta-derminga.de\/wp-content\/uploads\/2022\/05\/Stein.png 743w\" sizes=\"auto, (max-width: 700px) 100vw, 700px\" \/><\/figure>\n<\/div>\n\n\n<p class=\"has-medium-font-size wp-block-paragraph\"><strong>Herzlichen Gl\u00fcckwunsch zum Geburtstag<\/strong><\/p>\n\n\n\n<p class=\"has-medium-font-size wp-block-paragraph\">Am 28. April h\u00e4tte unser ehemaliger Ortsvorsteher Manfred Klein seinen Geburtstag gefeiert. Leider musste ich meine Gl\u00fcckw\u00fcnsche an seinem Grab loswerden. Wenn sich der Monat April zum Ende neigt feiern einige gro\u00dfartige Pers\u00f6nlichkeiten unseres Dorfes ihr Wiegenfest. Bereits 27 April feierte mit Elfriede Zimmer ein echtes Dirminger Original ihren 80. Geburtstag. Elfriede ist immer irgendwie Mittendrin und beteiligt sich bis heute aktiv am Dorfgeschehen. Am 29.April feierte unser ehemaliger Ortsvorsteher Rudi Hell sein 85. Wiegenfest. Rudi Hell ist bis heute ein echtes Vorbild. Unser Heimatort Dirmingen hat Rudi Hell vieles zu verdanken. Zu seinen gr\u00f6\u00dften Verdiensten geh\u00f6rt die Gr\u00fcndung des Kulturvereins und die Aufwertung der Dorfkultur. Mit Bjorn Krabbe feierte ein weiteres Original einen runden Geburtstag. Eigentlich wurden die Feierlichkeiten zum 40. Wiegenfest nachgeholt. W\u00e4hrend der Pandemie war eine gro\u00dfe Party nicht m\u00f6glich. Allen Geburtstagskindern w\u00fcnsche ich auch an dieser Stelle alles erdenklich Gute. Vielen Dank f\u00fcr die Einladung und die Gastfreundschaft.<\/p>\n\n\n\n<figure class=\"wp-block-gallery has-nested-images columns-default is-cropped wp-block-gallery-2 is-layout-flex wp-block-gallery-is-layout-flex\">\n<figure class=\"wp-block-image size-large\"><img loading=\"lazy\" decoding=\"async\" width=\"768\" height=\"768\" data-id=\"12686\" src=\"https:\/\/echta-derminga.de\/wp-content\/uploads\/2022\/05\/FB_IMG_1651156545536.jpg\" alt=\"\" class=\"wp-image-12686\" srcset=\"https:\/\/echta-derminga.de\/wp-content\/uploads\/2022\/05\/FB_IMG_1651156545536.jpg 768w, https:\/\/echta-derminga.de\/wp-content\/uploads\/2022\/05\/FB_IMG_1651156545536-300x300.jpg 300w, https:\/\/echta-derminga.de\/wp-content\/uploads\/2022\/05\/FB_IMG_1651156545536-700x700.jpg 700w, https:\/\/echta-derminga.de\/wp-content\/uploads\/2022\/05\/FB_IMG_1651156545536-150x150.jpg 150w, https:\/\/echta-derminga.de\/wp-content\/uploads\/2022\/05\/FB_IMG_1651156545536-90x90.jpg 90w, https:\/\/echta-derminga.de\/wp-content\/uploads\/2022\/05\/FB_IMG_1651156545536-75x75.jpg 75w\" sizes=\"auto, (max-width: 768px) 100vw, 768px\" \/><\/figure>\n\n\n\n<figure class=\"wp-block-image size-large\"><img loading=\"lazy\" decoding=\"async\" width=\"900\" height=\"993\" data-id=\"12685\" src=\"https:\/\/echta-derminga.de\/wp-content\/uploads\/2022\/05\/20220430_190447.jpg\" alt=\"\" class=\"wp-image-12685\" srcset=\"https:\/\/echta-derminga.de\/wp-content\/uploads\/2022\/05\/20220430_190447.jpg 900w, https:\/\/echta-derminga.de\/wp-content\/uploads\/2022\/05\/20220430_190447-272x300.jpg 272w, https:\/\/echta-derminga.de\/wp-content\/uploads\/2022\/05\/20220430_190447-700x772.jpg 700w, https:\/\/echta-derminga.de\/wp-content\/uploads\/2022\/05\/20220430_190447-768x847.jpg 768w\" sizes=\"auto, (max-width: 900px) 100vw, 900px\" \/><\/figure>\n\n\n\n<figure class=\"wp-block-image size-large\"><img loading=\"lazy\" decoding=\"async\" width=\"1000\" height=\"1622\" data-id=\"12684\" src=\"https:\/\/echta-derminga.de\/wp-content\/uploads\/2022\/05\/20220429_172100.jpg\" alt=\"\" class=\"wp-image-12684\" srcset=\"https:\/\/echta-derminga.de\/wp-content\/uploads\/2022\/05\/20220429_172100.jpg 1000w, https:\/\/echta-derminga.de\/wp-content\/uploads\/2022\/05\/20220429_172100-185x300.jpg 185w, https:\/\/echta-derminga.de\/wp-content\/uploads\/2022\/05\/20220429_172100-700x1135.jpg 700w, https:\/\/echta-derminga.de\/wp-content\/uploads\/2022\/05\/20220429_172100-768x1246.jpg 768w, https:\/\/echta-derminga.de\/wp-content\/uploads\/2022\/05\/20220429_172100-947x1536.jpg 947w\" sizes=\"auto, (max-width: 1000px) 100vw, 1000px\" \/><\/figure>\n<\/figure>\n\n\n\n<p class=\"has-medium-font-size wp-block-paragraph\"><strong>Verband f\u00fcr Gartenbau und Landschaftspflege w\u00e4hlt neuen Vorstand<\/strong><\/p>\n\n\n\n<p class=\"has-medium-font-size wp-block-paragraph\">Am 28. April Abend wurde die ehemalige B\u00fcrgermeisterin der Gemeinde Eppelborn Birgit M\u00fcller-Closset in ihrem Amt als Vorsitzende des Verbandes f\u00fcr Gartenbau und Landschaftspflege des Landkreis Neunkirchen best\u00e4tigt. Zu der Jahreshauptversammlung auf Finkenrech kamen zahlreiche Vertreter der Obst-und Gartenbauvereine unserer Region. Als &#8222;Hausherr&#8220; durfte ich gemeinsam mit den Landtagsabgeordneten Alwin Theobald, Stefan L\u00f6w und Christina Baltes sowie dem Beigeordneten Sebastian Michel ein Gru\u00dfwort halten. In meiner Ansprache verwies ich auf die Geschichte und die Entwicklung unserer &#8222;gr\u00fcnen Perle&#8220; Finkenrech. Staatssekret\u00e4r Sebastian Thul \u00fcberbrachte die Gr\u00fc\u00dfe der neuen Umweltministerin Petra Berg. Die neue und alte Vorsitzende des Verbandes Birgit M\u00fcller-Closset legt ihren Schwerpunkt auf den Nachwuchs. Die Vereine in unserer Region ben\u00f6tigen unbedingt mehr junge Menschen mit neuen Visionen. Mein Gl\u00fcckwunsch an den neuen Vorstand des Verbandes Viel Gl\u00fcck auf dem Weg !<\/p>\n\n\n<div class=\"wp-block-image\">\n<figure class=\"aligncenter size-large\"><img loading=\"lazy\" decoding=\"async\" width=\"700\" height=\"398\" src=\"https:\/\/echta-derminga.de\/wp-content\/uploads\/2022\/05\/22-700x398.jpg\" alt=\"\" class=\"wp-image-12687\" srcset=\"https:\/\/echta-derminga.de\/wp-content\/uploads\/2022\/05\/22-700x398.jpg 700w, https:\/\/echta-derminga.de\/wp-content\/uploads\/2022\/05\/22-300x170.jpg 300w, https:\/\/echta-derminga.de\/wp-content\/uploads\/2022\/05\/22-768x436.jpg 768w, https:\/\/echta-derminga.de\/wp-content\/uploads\/2022\/05\/22.jpg 1000w\" sizes=\"auto, (max-width: 700px) 100vw, 700px\" \/><figcaption>Gl\u00fcckwunsch an Birgit M\u00fcller-Closset<\/figcaption><\/figure>\n<\/div>\n\n\n<p class=\"has-medium-font-size wp-block-paragraph\"><strong>Kleinkunst in der Scheune &#8211;<\/strong> <strong>Zeitlos in Dirmingen<\/strong><\/p>\n\n\n\n<p class=\"has-medium-font-size wp-block-paragraph\">Ich freue mich dar\u00fcber, dass der Kulturverein Dirmingen nach seiner pandemiebedingten Pause endlich wieder eine Kleinkunstveranstaltung in der Scheune anbietet. Deutsche, irische und franz\u00f6sische Folklore vom Mittelalter bis in die Neuzeit. Freitag, 20. Mai 2022, 19:30 Uhr  in der &#8222;Scheune&#8220; in Dirmingen. In den fr\u00fchen Achtzigern des vergangenen Jahrhunderts haben sie sich zusammengefunden, um gemeinsam buchst\u00e4blich zeitlose Musik zu machen: die vier Troubadoure Eugen Eckert, Josef Lieser, Hans Peter Fischer und Christine Biehler. Nach familien-, berufs- und umzugsbedingten Auszeiten sind sie mittlerweile wieder als Quartett vereint und nehmen sich trotz zeitraubender allt\u00e4glicher Verpflichtungen die Zeit, regelm\u00e4\u00dfig zu proben und ihr gemeinsames Hobby zu pflegen. Eine weitere Konstante, die sich durch das musikalische Leben der \u201eZeitlosen\u201c zieht, ist die Liebe zur Folklore, zur deutschen, aber auch zur irischen und franz\u00f6sischen Volks- und Popularmusik. So findet sich Literatur aus ganz verschiedenen, weit auseinander liegenden Zeitaltern in ihrem Repertoire: Lieder vom Mittelalter bis in die Neuzeit, Kompositionen von Hans Sachs bis Klaus Hoffmann, von den \u201eMerseburger Zauberspr\u00fcchen\u201c bis \u201eAdieu Emile\u201c sowie beliebte irische Songs und Balladen von \u201eDerry\u201c bis \u201eWhiskey in the Jar,\u201c sowie Songs von Leonard Cohen bis Joe Cocker. Zudem f\u00fchlen sie sich den unvergessenen Comedian Harmonists, der ersten Boygroup der Welt, musikalisch zugetan. Und zu guter Letzt nimmt auch \u00e4lteres und neueres Liedgut aus unserem Nachbarland Frankreich einen festen Platz im Programm der Gruppe ein.<\/p>\n\n\n<div class=\"wp-block-image\">\n<figure class=\"aligncenter size-large\"><img loading=\"lazy\" decoding=\"async\" width=\"700\" height=\"560\" src=\"https:\/\/echta-derminga.de\/wp-content\/uploads\/2022\/05\/Zeitlos-Farbe-700x560.jpg\" alt=\"\" class=\"wp-image-12690\" srcset=\"https:\/\/echta-derminga.de\/wp-content\/uploads\/2022\/05\/Zeitlos-Farbe-700x560.jpg 700w, https:\/\/echta-derminga.de\/wp-content\/uploads\/2022\/05\/Zeitlos-Farbe-300x240.jpg 300w, https:\/\/echta-derminga.de\/wp-content\/uploads\/2022\/05\/Zeitlos-Farbe-768x614.jpg 768w, https:\/\/echta-derminga.de\/wp-content\/uploads\/2022\/05\/Zeitlos-Farbe-1536x1228.jpg 1536w, https:\/\/echta-derminga.de\/wp-content\/uploads\/2022\/05\/Zeitlos-Farbe.jpg 1772w\" sizes=\"auto, (max-width: 700px) 100vw, 700px\" \/><figcaption>Bildquelle: Josef Lieser<\/figcaption><\/figure>\n<\/div>\n\n\n<p class=\"has-medium-font-size wp-block-paragraph\">Liebe Mitb\u00fcrger, es ist einfach sch\u00f6n zu sehen, wie in unserer Dorfgemeinschaft neues entsteht. Oftmals sind es die kleinen Dinge die uns Freude bereiten. Sie werden nicht glauben wie viele Menschen sich hinter den Kulissen Gedanken machen um unserem Heimatort etwas gutes zu tun. Ich habe an dieser Stelle schon oft \u00fcber unsere &#8222;stillen Helden&#8220; berichtet und voller Stolz auf deren Arbeit hingewiesen. Wir alle investieren t\u00e4glich viel Liebe und Kraft in die Aufwertung unseres Dorfes. Ich sp\u00fcre eine Art Aufbruchstimmung. Wir alle m\u00fcssen jetzt dranbleiben und weitermachen. Vielen Dank an unsere ehrenamtlichen Paten und alle Helferinnen und Helfer die nicht t\u00e4glich im Fokus stehen. Durch eure Arbeit wird unsere Dorfgemeinschaft ungemein aufgewertet. DANKE !<\/p>\n\n\n\n<figure class=\"wp-block-gallery has-nested-images columns-default is-cropped wp-block-gallery-3 is-layout-flex wp-block-gallery-is-layout-flex\">\n<figure class=\"wp-block-image size-large\"><img loading=\"lazy\" decoding=\"async\" width=\"2048\" height=\"1536\" data-id=\"12691\" src=\"https:\/\/echta-derminga.de\/wp-content\/uploads\/2022\/05\/279377801_10228720595983610_1531181371902314685_n.jpg\" alt=\"\" class=\"wp-image-12691\" srcset=\"https:\/\/echta-derminga.de\/wp-content\/uploads\/2022\/05\/279377801_10228720595983610_1531181371902314685_n.jpg 2048w, https:\/\/echta-derminga.de\/wp-content\/uploads\/2022\/05\/279377801_10228720595983610_1531181371902314685_n-300x225.jpg 300w, https:\/\/echta-derminga.de\/wp-content\/uploads\/2022\/05\/279377801_10228720595983610_1531181371902314685_n-700x525.jpg 700w, https:\/\/echta-derminga.de\/wp-content\/uploads\/2022\/05\/279377801_10228720595983610_1531181371902314685_n-768x576.jpg 768w, https:\/\/echta-derminga.de\/wp-content\/uploads\/2022\/05\/279377801_10228720595983610_1531181371902314685_n-1536x1152.jpg 1536w\" sizes=\"auto, (max-width: 2048px) 100vw, 2048px\" \/><figcaption>Danke Timo Alt<\/figcaption><\/figure>\n\n\n\n<figure class=\"wp-block-image size-large\"><img loading=\"lazy\" decoding=\"async\" width=\"1296\" height=\"1734\" data-id=\"12692\" src=\"https:\/\/echta-derminga.de\/wp-content\/uploads\/2022\/05\/279078049_504766514639873_6576224505901832760_n.jpg\" alt=\"\" class=\"wp-image-12692\" srcset=\"https:\/\/echta-derminga.de\/wp-content\/uploads\/2022\/05\/279078049_504766514639873_6576224505901832760_n.jpg 1296w, https:\/\/echta-derminga.de\/wp-content\/uploads\/2022\/05\/279078049_504766514639873_6576224505901832760_n-224x300.jpg 224w, https:\/\/echta-derminga.de\/wp-content\/uploads\/2022\/05\/279078049_504766514639873_6576224505901832760_n-700x937.jpg 700w, https:\/\/echta-derminga.de\/wp-content\/uploads\/2022\/05\/279078049_504766514639873_6576224505901832760_n-768x1028.jpg 768w, https:\/\/echta-derminga.de\/wp-content\/uploads\/2022\/05\/279078049_504766514639873_6576224505901832760_n-1148x1536.jpg 1148w\" sizes=\"auto, (max-width: 1296px) 100vw, 1296px\" \/><figcaption>Danke HW Guth\u00f6rl<\/figcaption><\/figure>\n\n\n\n<figure class=\"wp-block-image size-large\"><img loading=\"lazy\" decoding=\"async\" width=\"900\" height=\"1200\" data-id=\"12693\" src=\"https:\/\/echta-derminga.de\/wp-content\/uploads\/2022\/05\/IMG-20220430-WA0013.jpg\" alt=\"\" class=\"wp-image-12693\" srcset=\"https:\/\/echta-derminga.de\/wp-content\/uploads\/2022\/05\/IMG-20220430-WA0013.jpg 900w, https:\/\/echta-derminga.de\/wp-content\/uploads\/2022\/05\/IMG-20220430-WA0013-225x300.jpg 225w, https:\/\/echta-derminga.de\/wp-content\/uploads\/2022\/05\/IMG-20220430-WA0013-700x933.jpg 700w, https:\/\/echta-derminga.de\/wp-content\/uploads\/2022\/05\/IMG-20220430-WA0013-768x1024.jpg 768w\" sizes=\"auto, (max-width: 900px) 100vw, 900px\" \/><figcaption>Danke Harry und Ferdi <\/figcaption><\/figure>\n\n\n\n<figure class=\"wp-block-image size-large\"><img loading=\"lazy\" decoding=\"async\" width=\"900\" height=\"1200\" data-id=\"12694\" src=\"https:\/\/echta-derminga.de\/wp-content\/uploads\/2022\/05\/IMG-20220428-WA0033.jpg\" alt=\"\" class=\"wp-image-12694\" srcset=\"https:\/\/echta-derminga.de\/wp-content\/uploads\/2022\/05\/IMG-20220428-WA0033.jpg 900w, https:\/\/echta-derminga.de\/wp-content\/uploads\/2022\/05\/IMG-20220428-WA0033-225x300.jpg 225w, https:\/\/echta-derminga.de\/wp-content\/uploads\/2022\/05\/IMG-20220428-WA0033-700x933.jpg 700w, https:\/\/echta-derminga.de\/wp-content\/uploads\/2022\/05\/IMG-20220428-WA0033-768x1024.jpg 768w\" sizes=\"auto, (max-width: 900px) 100vw, 900px\" \/><figcaption>Danke Sepp !<\/figcaption><\/figure>\n\n\n\n<figure class=\"wp-block-image size-large\"><img loading=\"lazy\" decoding=\"async\" width=\"900\" height=\"1200\" data-id=\"12695\" src=\"https:\/\/echta-derminga.de\/wp-content\/uploads\/2022\/05\/IMG-20220428-WA0029.jpg\" alt=\"\" class=\"wp-image-12695\" srcset=\"https:\/\/echta-derminga.de\/wp-content\/uploads\/2022\/05\/IMG-20220428-WA0029.jpg 900w, https:\/\/echta-derminga.de\/wp-content\/uploads\/2022\/05\/IMG-20220428-WA0029-225x300.jpg 225w, https:\/\/echta-derminga.de\/wp-content\/uploads\/2022\/05\/IMG-20220428-WA0029-700x933.jpg 700w, https:\/\/echta-derminga.de\/wp-content\/uploads\/2022\/05\/IMG-20220428-WA0029-768x1024.jpg 768w\" sizes=\"auto, (max-width: 900px) 100vw, 900px\" \/><figcaption>Danke Paten !<\/figcaption><\/figure>\n\n\n\n<figure class=\"wp-block-image size-large\"><img loading=\"lazy\" decoding=\"async\" width=\"1000\" height=\"551\" data-id=\"12583\" src=\"https:\/\/echta-derminga.de\/wp-content\/uploads\/2022\/04\/0000.jpg\" alt=\"\" class=\"wp-image-12583\" srcset=\"https:\/\/echta-derminga.de\/wp-content\/uploads\/2022\/04\/0000.jpg 1000w, https:\/\/echta-derminga.de\/wp-content\/uploads\/2022\/04\/0000-300x165.jpg 300w, https:\/\/echta-derminga.de\/wp-content\/uploads\/2022\/04\/0000-700x386.jpg 700w, https:\/\/echta-derminga.de\/wp-content\/uploads\/2022\/04\/0000-768x423.jpg 768w\" sizes=\"auto, (max-width: 1000px) 100vw, 1000px\" \/><figcaption>Zusammenhalt !<\/figcaption><\/figure>\n<\/figure>\n\n\n\n<p class=\"has-medium-font-size wp-block-paragraph\"><strong>Der Wonnemonat Mai nimmt gerade erst Anlauf und n\u00e4hrt die Hoffnung auf eine bessere Zeit. In den n\u00e4chsten Wochen und Monaten wird auch in Dirmingen vieles passieren. Nat\u00fcrlich werden uns die Ereignisse in der Ukraine auch zuk\u00fcnftig besch\u00e4ftigen. Auch die Pandemie d\u00fcrfen wir keineswegs aus den Augen verlieren. Vieles ist in Planung und auf dem Weg. Wir befinden uns bez\u00fcglich der Ansiedlung eines Verbrauchermarktes weiterhin auf der richtigen Spur. Manches braucht halt etwas mehr Zeit als zun\u00e4chst gedacht. Ich bitte um ihre Geduld und Verst\u00e4ndnis. Sie k\u00f6nnen sich darauf verlassen, dass wir uns \u00fcber parteiisch f\u00fcr unseren Heimatort einsetzen werden. <\/strong><\/p>\n\n\n\n<p class=\"has-medium-font-size wp-block-paragraph\"><strong>&#8222;Captain Maggi&#8220; zu Besuch im sch\u00f6nsten Dorf der Welt<\/strong><\/p>\n\n\n\n<p class=\"has-medium-font-size wp-block-paragraph\">In der vergangenen Woche durfte ich mich \u00fcber eine sch\u00f6ne Begegnung freuen. Zuf\u00e4lligerweise lernte ich w\u00e4hrend der Veranstaltung &#8222;Fr\u00fchling auf Finkenrech&#8220; das saarl\u00e4nische Original &#8222;Captain Maggi&#8220; kennen und sch\u00e4tzen. Sie kennen &#8222;Captain Maggi&#8220; nicht und fragen sich wer das sein soll ? Der Saarbr\u00fccker Manuel Nau, alias &#8222;Captain Maggi&#8220; hat es sich zur Aufgabe gemacht die saarl\u00e4ndische Kultur zu f\u00f6rdern. Im Netz bewirbt &#8222;Captain Maggi&#8220; das Saarland und seine Eigenschaften. Dazu geh\u00f6rt das saarl\u00e4ndische Essen und die Kulturlandschaft. Auch der Landkreis Neunkirchen hat bereits mit Hilfe von &#8222;Captain Maggi&#8220; seine Sehensw\u00fcrdigkeiten beworben. Ich habe mit Manuel Nau einen Termin ausgemacht um ihm einmal die Sehensw\u00fcrdigkeiten unseres Dorfes zu zeigen. Dabei steht auch ein Besuch unserer &#8222;Steenrutsch &#8220; auf dem Programm. <\/p>\n\n\n<div class=\"wp-block-image\">\n<figure class=\"aligncenter size-large\"><img loading=\"lazy\" decoding=\"async\" width=\"700\" height=\"936\" src=\"https:\/\/echta-derminga.de\/wp-content\/uploads\/2022\/05\/2222-700x936.jpg\" alt=\"\" class=\"wp-image-12698\" srcset=\"https:\/\/echta-derminga.de\/wp-content\/uploads\/2022\/05\/2222-700x936.jpg 700w, https:\/\/echta-derminga.de\/wp-content\/uploads\/2022\/05\/2222-224x300.jpg 224w, https:\/\/echta-derminga.de\/wp-content\/uploads\/2022\/05\/2222-768x1027.jpg 768w, https:\/\/echta-derminga.de\/wp-content\/uploads\/2022\/05\/2222.jpg 900w\" sizes=\"auto, (max-width: 700px) 100vw, 700px\" \/><figcaption>Captain Maggi<\/figcaption><\/figure>\n<\/div>\n\n\n<p class=\"has-medium-font-size wp-block-paragraph\"><strong>Denken Sie daran: &#8222;Am Ende wird immer alles gut, wenn es noch nicht gut ist, ist es leider noch nicht zu Ende&#8220;.<\/strong><\/p>\n\n\n\n<p class=\"has-medium-font-size wp-block-paragraph\">In diesem Sinne<\/p>\n\n\n\n<p class=\"has-medium-font-size wp-block-paragraph\">Ihr Ortsvorsteher<\/p>\n\n\n\n<p class=\"has-medium-font-size wp-block-paragraph\">Frank Klein<\/p>\n\n\n\n<figure class=\"wp-block-video\"><video height=\"480\" style=\"aspect-ratio: 480 \/ 480;\" width=\"480\" controls src=\"https:\/\/echta-derminga.de\/wp-content\/uploads\/2022\/05\/toll.mp4\"><\/video><\/figure>\n","protected":false},"excerpt":{"rendered":"<p>Mit dem traditionsreichen Maibaumstellen ist ein St\u00fcck Normalit\u00e4t in unseren Heimatort zur\u00fcckgekehrt. Nach einer zweij\u00e4hrigen pandemiebedingten Pause ziert der Maibaum endlich wieder unsere Ortsmitte. Ich danke der Kolpingfamilie Dirmingen, dem KKV Dirmingen und unserem L\u00f6schbezirk mit ihrer Jugendwehr ganz herzlich f\u00fcr die Fortsetzung dieser uralten Tradition. Zahlreiche Mitb\u00fcrger waren der Einladung gefolgt und erlebten eine entspannte Veranstaltung, bei der sogar<\/p>\n","protected":false},"author":1,"featured_media":12703,"comment_status":"open","ping_status":"closed","sticky":false,"template":"","format":"standard","meta":{"_crdt_document":"","footnotes":""},"categories":[1,9,812],"tags":[5,618,127,634,795,310],"class_list":["post-12662","post","type-post","status-publish","format-standard","has-post-thumbnail","hentry","category-allgemein","category-dorfgetratsche","category-ortsvorsteher-dirmingen","tag-dirmingen","tag-gemeinde-eppelborn","tag-landkreis-neunkirchen","tag-ortsvorsteher","tag-ortsvorsteher-dirmingen","tag-saarland"],"_links":{"self":[{"href":"https:\/\/echta-derminga.de\/index.php?rest_route=\/wp\/v2\/posts\/12662","targetHints":{"allow":["GET"]}}],"collection":[{"href":"https:\/\/echta-derminga.de\/index.php?rest_route=\/wp\/v2\/posts"}],"about":[{"href":"https:\/\/echta-derminga.de\/index.php?rest_route=\/wp\/v2\/types\/post"}],"author":[{"embeddable":true,"href":"https:\/\/echta-derminga.de\/index.php?rest_route=\/wp\/v2\/users\/1"}],"replies":[{"embeddable":true,"href":"https:\/\/echta-derminga.de\/index.php?rest_route=%2Fwp%2Fv2%2Fcomments&post=12662"}],"version-history":[{"count":18,"href":"https:\/\/echta-derminga.de\/index.php?rest_route=\/wp\/v2\/posts\/12662\/revisions"}],"predecessor-version":[{"id":12709,"href":"https:\/\/echta-derminga.de\/index.php?rest_route=\/wp\/v2\/posts\/12662\/revisions\/12709"}],"wp:featuredmedia":[{"embeddable":true,"href":"https:\/\/echta-derminga.de\/index.php?rest_route=\/wp\/v2\/media\/12703"}],"wp:attachment":[{"href":"https:\/\/echta-derminga.de\/index.php?rest_route=%2Fwp%2Fv2%2Fmedia&parent=12662"}],"wp:term":[{"taxonomy":"category","embeddable":true,"href":"https:\/\/echta-derminga.de\/index.php?rest_route=%2Fwp%2Fv2%2Fcategories&post=12662"},{"taxonomy":"post_tag","embeddable":true,"href":"https:\/\/echta-derminga.de\/index.php?rest_route=%2Fwp%2Fv2%2Ftags&post=12662"}],"curies":[{"name":"wp","href":"https:\/\/api.w.org\/{rel}","templated":true}]}}