{"id":12711,"date":"2022-05-09T14:22:35","date_gmt":"2022-05-09T13:22:35","guid":{"rendered":"https:\/\/echta-derminga.de\/?p=12711"},"modified":"2022-05-09T15:28:26","modified_gmt":"2022-05-09T14:28:26","slug":"zeit-zu-helfen-menschen-aus-der-ukraine-suchen-auch-in-unserer-heimat-schutz","status":"publish","type":"post","link":"https:\/\/echta-derminga.de\/?p=12711","title":{"rendered":"Zeit zu helfen &#8211; Menschen aus der Ukraine suchen auch in unserer Heimat Schutz"},"content":{"rendered":"\n<p class=\"has-medium-font-size wp-block-paragraph\"><strong>Schwierige Zeiten! Zuerst die Pandemie und jetzt dieser uns\u00e4gliche Krieg im Osten Europas. Mittlerweile sind auch in unserem Dorf die ersten hilfesuchenden Menschen angekommen. In unserer Gemeinde sind bereits \u00fcber 110 Menschen ukrainischer Herkunft gemeldet. &nbsp;In Dirmingen haben bisher 12 Menschen eine Zuflucht gefunden. Die zust\u00e4ndigen Beh\u00f6rden der Landesaufnahmestelle berichten, dass in den kommenden Wochen weitere Menschen den saarl\u00e4ndischen Gemeinden zugeteilt werden. Aktuell werden in Lebach t\u00e4glich ca. 100 \u2013 150 Personen neu registriert. Ein Gro\u00dfteil dieser Menschen sind privat untergebracht.<\/strong><\/p>\n\n\n\n<p class=\"has-medium-font-size wp-block-paragraph\">Angst, Panik, Sorge oder Wut. Was haben Sie wohl gef\u00fchlt, als Sie ihre Heimat verlassen mussten? Was haben Sie in Eile mitgenommen? Was haben Sie auf die Schnelle eingepackt und welche Gedanken gingen ihnen durch den Kopf? Waren Sie sich dar\u00fcber bewusst, dass sie ihre Heimat vielleicht nie wieder sehen werden? Was wird sein, wenn Sie einmal wiederkehren. Irgendwie werde ich das Gef\u00fchl nicht los, dass wir von einem Drama in das N\u00e4chste schlendern. Im Moment ist es aller h\u00f6chste Zeit wieder \u201eMensch zu sein\u201c. Seit den Starkregenereignissen 2016 geht unser Dorf durch schwere Zeiten. Die letzten Jahre brachten ein Ungl\u00fcck nach dem anderen. Immer wieder mussten wir Antworten finden und entsprechend reagieren. Nachbarschaftshilfen wurden in Zeiten der Pandemie gegr\u00fcndet, Sammlungen f\u00fcr die Opfer der Katastrophe im Ahrtal durchgef\u00fchrt und Fl\u00fcchtlinge aus Syrien aufgenommen. Bereits im Jahre 2015 mussten wir einschneidende Erfahrungen mit hilfesuchenden Menschen machen. Dabei war auch dieses Kapitel nicht immer einfach. Wenn verschiedene Kulturen aufeinandertreffen, kann es schon mal knistern. Damals suchten \u00fcberwiegend M\u00e4nner aus Syrien Hilfe in unserem Land. Heute suchen \u00fcberwiegend Frauen und Kinder Schutz in unserer Heimat.<\/p>\n\n\n\n<figure class=\"wp-block-gallery has-nested-images columns-default is-cropped wp-block-gallery-1 is-layout-flex wp-block-gallery-is-layout-flex\">\n<figure class=\"wp-block-image size-large\"><img loading=\"lazy\" decoding=\"async\" width=\"960\" height=\"589\" data-id=\"12713\" src=\"https:\/\/echta-derminga.de\/wp-content\/uploads\/2022\/05\/279843607_5067653163329368_3892641840566173858_n.jpg\" alt=\"\" class=\"wp-image-12713\" srcset=\"https:\/\/echta-derminga.de\/wp-content\/uploads\/2022\/05\/279843607_5067653163329368_3892641840566173858_n.jpg 960w, https:\/\/echta-derminga.de\/wp-content\/uploads\/2022\/05\/279843607_5067653163329368_3892641840566173858_n-300x184.jpg 300w, https:\/\/echta-derminga.de\/wp-content\/uploads\/2022\/05\/279843607_5067653163329368_3892641840566173858_n-700x429.jpg 700w, https:\/\/echta-derminga.de\/wp-content\/uploads\/2022\/05\/279843607_5067653163329368_3892641840566173858_n-768x471.jpg 768w\" sizes=\"auto, (max-width: 960px) 100vw, 960px\" \/><\/figure>\n\n\n\n<figure class=\"wp-block-image size-large\"><img loading=\"lazy\" decoding=\"async\" width=\"1000\" height=\"575\" data-id=\"12714\" src=\"https:\/\/echta-derminga.de\/wp-content\/uploads\/2022\/05\/20220507_110702.jpg\" alt=\"\" class=\"wp-image-12714\" srcset=\"https:\/\/echta-derminga.de\/wp-content\/uploads\/2022\/05\/20220507_110702.jpg 1000w, https:\/\/echta-derminga.de\/wp-content\/uploads\/2022\/05\/20220507_110702-300x173.jpg 300w, https:\/\/echta-derminga.de\/wp-content\/uploads\/2022\/05\/20220507_110702-700x403.jpg 700w, https:\/\/echta-derminga.de\/wp-content\/uploads\/2022\/05\/20220507_110702-768x442.jpg 768w\" sizes=\"auto, (max-width: 1000px) 100vw, 1000px\" \/><\/figure>\n<\/figure>\n\n\n\n<p class=\"has-medium-font-size wp-block-paragraph\"><strong>Helfen ist Menschenpflicht. Dabei k\u00f6nnen wir in Dirmingen auf gro\u00dfe Erfahrung und eine enorme Hilfsbereitschaft zur\u00fcckgreifen. Im Jahre 2015 bildete sich ein Fl\u00fcchtlingsnetzwerk um engagierte Frauen und M\u00e4nnern aus unserem Heimatort. Schon damals wurde gro\u00dfartiges angesto\u00dfen und geleistet: Beh\u00f6rdeng\u00e4nge \u00fcbernommen, Wohnungen zugeteilt, Jobs gesucht und Sprachkurse angeboten.<\/strong><\/p>\n\n\n\n<p class=\"has-medium-font-size wp-block-paragraph\">Ich erinnere mich an die ersten Begegnungen mit syrischen M\u00e4nnern in unserem Dorf. Mit H\u00e4nden und F\u00fc\u00dfen und einem schlechten Englisch versuchten wir uns zu verst\u00e4ndigen. Mit der englischen Sprache kommt man bei den ukrainischen Frauen und Kindern nicht besonders weit. Die meisten beherrschen bestenfalls noch die russische oder polnische Sprache.\u00a0Gut, dass es in unser Dorf ehrenamtlichen Dolmetscher und Ansprechpartner gibt. Wir sind sehr dankbar, dass wir mit der neuen Integrationsbeauftragten Sigrid Schmitt und dem Dirminger Thomas Bieg zwei Menschen gefunden haben, die sich bez\u00fcglich der Fl\u00fcchtlingshilfe ehrenamtlich bet\u00e4tigen. Zudem gibt es viele weitere Frauen, die sich seit Jahren in dem Fl\u00fcchtlingsnetzwerk engagieren sind und sich stark machen. \u00a0<\/p>\n\n\n\n<p class=\"has-medium-font-size wp-block-paragraph\"><strong>Die Gefl\u00fcchteten in unserem Dorf sind  ausnahmslos Frauen und Kinder die auf private Initiative nach Dirmingen gekommen sind. Schon wenige Tage nach Kriegsausbruch wurden in unserer Heimatgegend Sammel- und Spendenaktionen durchgef\u00fchrt. In Dirmingen haben wir mit dem Musikprojekt \u201eDirmingen f\u00fcr Ukraine\u201c eine vielversprechende Aktion am Start. Der Erl\u00f6s dieses Albums mit Dirminger K\u00fcnstlern kommt der Ukraine-Hilfe in unserer Gemeinde zugute. Stellt sich am Ende des Tages die Frage, ob der gute Wille alleine ausreicht. Werden wir den Anspr\u00fcchen die dieser Krieg an uns stellt gerecht ? Seit Tagen beobachte ich eine gef\u00e4hrliche Entwicklung. Die Stimmung scheint etwas zu kippen und nicht jeder scheint mit allen Entscheidungen der Politik einverstanden zu sein. Letztendlich scheint auch das Verhalten des ukrainischen Botschafters und seines Pr\u00e4sidenten nicht \u00fcberall in unserem Land gut anzukommen. Es sind schwere Zeiten und wer w\u00fcrde angesichts des Terrors im eigenen Land nicht die Nerven verlieren.<\/strong><\/p>\n\n\n\n<figure class=\"wp-block-gallery has-nested-images columns-default is-cropped wp-block-gallery-2 is-layout-flex wp-block-gallery-is-layout-flex\">\n<figure class=\"wp-block-image size-large\"><img loading=\"lazy\" decoding=\"async\" width=\"960\" height=\"657\" data-id=\"12715\" src=\"https:\/\/echta-derminga.de\/wp-content\/uploads\/2022\/05\/280013617_5067653006662717_2255688053769524632_n.jpg\" alt=\"\" class=\"wp-image-12715\" srcset=\"https:\/\/echta-derminga.de\/wp-content\/uploads\/2022\/05\/280013617_5067653006662717_2255688053769524632_n.jpg 960w, https:\/\/echta-derminga.de\/wp-content\/uploads\/2022\/05\/280013617_5067653006662717_2255688053769524632_n-300x205.jpg 300w, https:\/\/echta-derminga.de\/wp-content\/uploads\/2022\/05\/280013617_5067653006662717_2255688053769524632_n-700x479.jpg 700w, https:\/\/echta-derminga.de\/wp-content\/uploads\/2022\/05\/280013617_5067653006662717_2255688053769524632_n-768x526.jpg 768w\" sizes=\"auto, (max-width: 960px) 100vw, 960px\" \/><\/figure>\n\n\n\n<figure class=\"wp-block-image size-large\"><img loading=\"lazy\" decoding=\"async\" width=\"1420\" height=\"640\" data-id=\"12716\" src=\"https:\/\/echta-derminga.de\/wp-content\/uploads\/2022\/05\/279910208_5067653289996022_5883359991741266007_n.jpg\" alt=\"\" class=\"wp-image-12716\" srcset=\"https:\/\/echta-derminga.de\/wp-content\/uploads\/2022\/05\/279910208_5067653289996022_5883359991741266007_n.jpg 1420w, https:\/\/echta-derminga.de\/wp-content\/uploads\/2022\/05\/279910208_5067653289996022_5883359991741266007_n-300x135.jpg 300w, https:\/\/echta-derminga.de\/wp-content\/uploads\/2022\/05\/279910208_5067653289996022_5883359991741266007_n-700x315.jpg 700w, https:\/\/echta-derminga.de\/wp-content\/uploads\/2022\/05\/279910208_5067653289996022_5883359991741266007_n-768x346.jpg 768w\" sizes=\"auto, (max-width: 1420px) 100vw, 1420px\" \/><\/figure>\n<\/figure>\n\n\n\n<p class=\"has-medium-font-size wp-block-paragraph\">Das einzige was wir vor Ort tun k\u00f6nnen, ist unsere Hilfe anzubieten. Somit w\u00e4ren wir auch schon beim Thema. Wir haben lange \u00fcberlegt, wie wir am besten helfen k\u00f6nnen. Auf unserer Suche sind wir auf die Fl\u00fcchtlingshilfe in Eppelborn gesto\u00dfen. Thomas Bost vom Rotary-Club Tholey-Selbach und seine ukrainische Lebensgef\u00e4hrtin Oxana bekamen von der Gemeinde Eppelborn eine Lagerstelle zur Verf\u00fcgung gestellt. Dort wurden bis heute viele Sachspenden gesammelt und an bed\u00fcrftige verteilt. Die Spenden unserer Dirminger Aktionen werden an diese Organisation \u00fcberwiesen. Somit k\u00f6nnen wir genau verfolgen, was mit unserer Unterst\u00fctzung geschieht. Hilfe muss immer auch sp\u00fcrbar sein. Die Fl\u00fcchtlingsgruppe in Eppelborn investiert das gespendete Geld in die Unterbringung der Menschen in unserer Gemeinde. <\/p>\n\n\n\n<p class=\"has-medium-font-size wp-block-paragraph\"><strong>In der vergangenen Woche haben wir uns dazu bereiterkl\u00e4rt als Dorfgemeinschaft einen Impuls zu setzen. Drei junge Frauen und zwei Kinder aus der Ukraine kamen bei Freunden unter und sollten nun eine eigene zugeteilte Wohnung in Dirmingen erhalten. Nach R\u00fccksprache mit Heiko Girnus von der Gemeinde Eppelborn habe ich mich dazu bereiterkl\u00e4rt den Frauen und Kindern unterst\u00fctzend unter die Arme zu greifen. Dabei konnte ich mich auf die wertvolle Unterst\u00fctzung unserer Dorfgemeinschaft und die Hilfe von Thomas Bost, seiner Lebensgef\u00e4hrtin Oxana und seiner Hilfegruppe verlassen. Innerhalb unserer d\u00f6rflichen Gemeinschaft wurden schnell Frauen und M\u00e4nner gefunden, die sich bereiterkl\u00e4rten zu helfen. Gemeinsam sollte die neue Wohnung unserer G\u00e4ste eingerichtet werden. Die Hilfsbereitschaft innerhalb unserer Dorfgemeinschaft war wieder einmal enorm. In k\u00fcrzester Zeit wurden M\u00f6bel gespendet und Hilfsangebote unterbreitet. In den letzten Jahren habe ich durchaus den Eindruck gewonnen, dass in unserem Dorf ein Prozess zu mehr N\u00e4he und Nachbarschaft stattgefunden hat.<\/strong><\/p>\n\n\n\n<p class=\"has-medium-font-size wp-block-paragraph\">Die Menschen in unserem Dorf helfen gerne und sind bereit ein St\u00fcck mehr zu geben. Die drei Frauen Alona, Anna und Evgenia und zwei Kinder, denen wir beim Einzug in ihr neues Zuhause helfen durften, waren dankbar und f\u00fchlten sich willkommen. M\u00f6bel wurden einger\u00e4umt, Zimmer gereinigt, Schr\u00e4nke montiert und Betten aufgeschlagen. Keiner wei\u00df, wie lange die Menschen bei uns Zuflucht suchen. Fakt ist jedoch, dass unser Dorfgemeinschaft Arme und Herzen weit ge\u00f6ffnet hat. Zusammenhalt kann vieles bewegen. Mittlerweile gibt es in Dirmingen zwei weitere Familien mit Kindern die unsere Hilfe ben\u00f6tigen. Dabei wurde nicht nur w\u00e4hrend der organisierten Wohnungseinrichtung gro\u00dfartiges geleistet. Nicht jeder der hilft m\u00f6chte dies an der gro\u00dfen Glocke h\u00e4ngen. Es sind die Kleinen, stillen Helden, die im Hintergrund gro\u00dfe Taten sprechen lassen.<\/p>\n\n\n\n<figure class=\"wp-block-gallery has-nested-images columns-default is-cropped wp-block-gallery-3 is-layout-flex wp-block-gallery-is-layout-flex\">\n<figure class=\"wp-block-image size-large\"><img loading=\"lazy\" decoding=\"async\" width=\"1475\" height=\"2560\" data-id=\"12718\" src=\"https:\/\/echta-derminga.de\/wp-content\/uploads\/2022\/05\/0-scaled.jpg\" alt=\"\" class=\"wp-image-12718\" srcset=\"https:\/\/echta-derminga.de\/wp-content\/uploads\/2022\/05\/0-scaled.jpg 1475w, https:\/\/echta-derminga.de\/wp-content\/uploads\/2022\/05\/0-173x300.jpg 173w, https:\/\/echta-derminga.de\/wp-content\/uploads\/2022\/05\/0-700x1215.jpg 700w, https:\/\/echta-derminga.de\/wp-content\/uploads\/2022\/05\/0-768x1333.jpg 768w, https:\/\/echta-derminga.de\/wp-content\/uploads\/2022\/05\/0-885x1536.jpg 885w, https:\/\/echta-derminga.de\/wp-content\/uploads\/2022\/05\/0-1180x2048.jpg 1180w\" sizes=\"auto, (max-width: 1475px) 100vw, 1475px\" \/><\/figure>\n\n\n\n<figure class=\"wp-block-image size-large\"><img loading=\"lazy\" decoding=\"async\" width=\"1693\" height=\"2560\" data-id=\"12717\" src=\"https:\/\/echta-derminga.de\/wp-content\/uploads\/2022\/05\/^1-scaled.jpg\" alt=\"\" class=\"wp-image-12717\" srcset=\"https:\/\/echta-derminga.de\/wp-content\/uploads\/2022\/05\/^1-scaled.jpg 1693w, https:\/\/echta-derminga.de\/wp-content\/uploads\/2022\/05\/^1-198x300.jpg 198w, https:\/\/echta-derminga.de\/wp-content\/uploads\/2022\/05\/^1-700x1058.jpg 700w, https:\/\/echta-derminga.de\/wp-content\/uploads\/2022\/05\/^1-768x1161.jpg 768w, https:\/\/echta-derminga.de\/wp-content\/uploads\/2022\/05\/^1-1016x1536.jpg 1016w, https:\/\/echta-derminga.de\/wp-content\/uploads\/2022\/05\/^1-1354x2048.jpg 1354w\" sizes=\"auto, (max-width: 1693px) 100vw, 1693px\" \/><\/figure>\n<\/figure>\n\n\n\n<p class=\"has-medium-font-size wp-block-paragraph\"><strong>Helfen ist Menschenpflicht. Wir d\u00fcrfen niemals unsere Wurzeln vergessen. Waren unsere Vorfahren nicht alle einmal auf der Flucht? Wer wei\u00df, wohin der Wind uns weht und was morgen mit uns geschieht. Vielleicht brauchen auch wir irgendwann einmal Hilfe? Unsere Geschichte zeigt deutlich, dass die Menschen schon immer auf der Flucht waren. Krieg, Hass und Terror sind Feinde der Menschlichkeit. Schon w\u00e4hrend des zweiten Weltkrieges zogen Fl\u00fcchtlingsstr\u00f6me durch unser Dorf. Heimkehrende Soldaten, Kriegsgefangene oder Menschen deren Heimat zerst\u00f6rt oder in Besitz genommen wurden suchten in unserem Dorf Schutz und Unterkunft. In den schlimmsten Zeiten schliefen Sie in Stallungen und sogar in unserer Kirche. Krieg und Gewalt, zwingen die Menschen dazu ihre Heimat zu verlassen. Angst um das eigene Leben und um das Leben der Kinder und Familie und Freunden spielt eine gro\u00dfe Rolle.<\/strong><\/p>\n\n\n\n<p class=\"has-medium-font-size wp-block-paragraph\">Krieg, Terrorismus, Hunger, Not, Unterdr\u00fcckung, Diskriminierung und sogar das Klima sind Geiseln unserer Zeit. Seit Menschengedenken gibt es die Flucht aus der eigenen Heimat. In den letzten Jahren konnte man das Gef\u00fchl gewinnen, dass die ganze Welt in Bewegung ist. Dabei kommen die meisten Fl\u00fcchtlinge aus Syrien, Afghanistan, S\u00fcdsudan, Myanmar, Somalia, Sudan, Kongo, Eritrea und Burundi. Alle suche Hilfe und Schutz vor Krieg, Hunger und Gewalt. W\u00fcrden wir bei so viel Elend nicht auch das Weite suchen?<\/p>\n\n\n\n<p class=\"has-medium-font-size wp-block-paragraph\"><strong>Helfen ist Menschenpflicht. Der braune Mob bricht den Stab \u00fcber alles Fremde. Hinter den Gardinen lauert die Angst, die Abneigung und der Hass. \u201eSchau mal die da, oder der da\u2026\u201c Hinter unseren Gardinen suchen wir Schutz vor allem Fremden und verurteilen, ohne zu kennen. Fremdenhass ist immer unfair und weltfremd! Die Menschen aus der Ukraine brauchen unsere Hilfe. Ich bin stolz auf mein Dorf und den neuen Zusammenhalt. Unsere &#8222;schweren Waffen&#8220; lauten: Hilfsbereitschaft, N\u00e4chstenliebe, Solidarit\u00e4t und Miteinander. Keiner wei\u00df, was die Zukunft bringt und wie lange unsere G\u00e4ste in unserem Dorf bleiben. Sollten Sie irgendwann Nachhause d\u00fcrfen, sollen Sie die Erinnerung an ein gastfreundliches Dorf im Herzen behalten.\u00a0<\/strong><\/p>\n\n\n<div class=\"wp-block-image\">\n<figure class=\"aligncenter size-large\"><img loading=\"lazy\" decoding=\"async\" width=\"700\" height=\"398\" src=\"https:\/\/echta-derminga.de\/wp-content\/uploads\/2022\/05\/11-1-700x398.jpg\" alt=\"\" class=\"wp-image-12712\" srcset=\"https:\/\/echta-derminga.de\/wp-content\/uploads\/2022\/05\/11-1-700x398.jpg 700w, https:\/\/echta-derminga.de\/wp-content\/uploads\/2022\/05\/11-1-300x171.jpg 300w, https:\/\/echta-derminga.de\/wp-content\/uploads\/2022\/05\/11-1-768x437.jpg 768w, https:\/\/echta-derminga.de\/wp-content\/uploads\/2022\/05\/11-1.jpg 1000w\" sizes=\"auto, (max-width: 700px) 100vw, 700px\" \/><\/figure>\n<\/div>","protected":false},"excerpt":{"rendered":"<p>Schwierige Zeiten! Zuerst die Pandemie und jetzt dieser uns\u00e4gliche Krieg im Osten Europas. Mittlerweile sind auch in unserem Dorf die ersten hilfesuchenden Menschen angekommen. In unserer Gemeinde sind bereits \u00fcber 110 Menschen ukrainischer Herkunft gemeldet. &nbsp;In Dirmingen haben bisher 12 Menschen eine Zuflucht gefunden. Die zust\u00e4ndigen Beh\u00f6rden der Landesaufnahmestelle berichten, dass in den kommenden Wochen weitere Menschen den saarl\u00e4ndischen Gemeinden<\/p>\n","protected":false},"author":1,"featured_media":12712,"comment_status":"open","ping_status":"closed","sticky":false,"template":"","format":"standard","meta":{"_crdt_document":"","footnotes":""},"categories":[1,9,902],"tags":[5,618,127,795,310,989],"class_list":["post-12711","post","type-post","status-publish","format-standard","has-post-thumbnail","hentry","category-allgemein","category-dorfgetratsche","category-meine-meinung","tag-dirmingen","tag-gemeinde-eppelborn","tag-landkreis-neunkirchen","tag-ortsvorsteher-dirmingen","tag-saarland","tag-ukraine-hilfe"],"_links":{"self":[{"href":"https:\/\/echta-derminga.de\/index.php?rest_route=\/wp\/v2\/posts\/12711","targetHints":{"allow":["GET"]}}],"collection":[{"href":"https:\/\/echta-derminga.de\/index.php?rest_route=\/wp\/v2\/posts"}],"about":[{"href":"https:\/\/echta-derminga.de\/index.php?rest_route=\/wp\/v2\/types\/post"}],"author":[{"embeddable":true,"href":"https:\/\/echta-derminga.de\/index.php?rest_route=\/wp\/v2\/users\/1"}],"replies":[{"embeddable":true,"href":"https:\/\/echta-derminga.de\/index.php?rest_route=%2Fwp%2Fv2%2Fcomments&post=12711"}],"version-history":[{"count":6,"href":"https:\/\/echta-derminga.de\/index.php?rest_route=\/wp\/v2\/posts\/12711\/revisions"}],"predecessor-version":[{"id":12753,"href":"https:\/\/echta-derminga.de\/index.php?rest_route=\/wp\/v2\/posts\/12711\/revisions\/12753"}],"wp:featuredmedia":[{"embeddable":true,"href":"https:\/\/echta-derminga.de\/index.php?rest_route=\/wp\/v2\/media\/12712"}],"wp:attachment":[{"href":"https:\/\/echta-derminga.de\/index.php?rest_route=%2Fwp%2Fv2%2Fmedia&parent=12711"}],"wp:term":[{"taxonomy":"category","embeddable":true,"href":"https:\/\/echta-derminga.de\/index.php?rest_route=%2Fwp%2Fv2%2Fcategories&post=12711"},{"taxonomy":"post_tag","embeddable":true,"href":"https:\/\/echta-derminga.de\/index.php?rest_route=%2Fwp%2Fv2%2Ftags&post=12711"}],"curies":[{"name":"wp","href":"https:\/\/api.w.org\/{rel}","templated":true}]}}