{"id":12757,"date":"2022-05-14T16:58:17","date_gmt":"2022-05-14T15:58:17","guid":{"rendered":"https:\/\/echta-derminga.de\/?p=12757"},"modified":"2022-05-14T17:20:03","modified_gmt":"2022-05-14T16:20:03","slug":"in-sachen-ortsvorsteher-von-grosser-hilfsbereitschaft-einer-besonderen-jubel-hochzeit-und-einem-kleinen-dorfplatz","status":"publish","type":"post","link":"https:\/\/echta-derminga.de\/?p=12757","title":{"rendered":"In Sachen Ortsvorsteher: Von gro\u00dfer Hilfsbereitschaft, einer besonderen Jubel-Hochzeit und einem kleinen Dorfplatz"},"content":{"rendered":"\n<p class=\"has-medium-font-size wp-block-paragraph\">Der Fr\u00fchling kommt mit sommerlichen Temperaturen und und mit den sinkenden Inzidenzzahlen steigt die Hoffnung auf einen sch\u00f6nen Sommer. In der vergangenen Woche konnten wir in unserem Heimatort einige Zeichen setzen. Die Niederlegung eines Stolpersteins vor dem Anwesen des Dirmingers Rudolf Wohlfart geh\u00f6rte zu den emotionalsten Aktionen. Die sinnlose Zerst\u00f6rung einer Winterlinde im Br\u00fchlpark hat uns alle tief betroffen zur\u00fcckgelassen. W\u00e4hrend sich immer mehr Menschen in unserem Dorf einbringen und ehrenamtlich bet\u00e4tigen, verbringen andere ihre Zeit mit Vandalismus.  Unsere Dorfgemeinschaft befindet sich trotz dieser kleinen St\u00f6rfeuer auf einem guten Weg. Der neue kleine Dorfplatz vor der evangelischen Kirche in Dirmingen dient als Ort der Kommunikation. Im &#8222;Derminga D\u00f6rfche&#8220; kann man sich nach zwei Jahren pandemiebedingter Pause wieder treffen und gemeinsam die Zeit verbringen. Unser Heimatort hat vieles zu bieten. Vielleicht nutzen Sie das sch\u00f6ne Wetter zu einem Spaziergang zum Finkenrech und genie\u00dfen die gute K\u00fcche des Landhotels oder Sie besuchen das traditionsreiche Gasthaus &#8222;Schuhhannesse&#8220; mit seinen vielen tollen Event-Angeboten. Empfehlenswert ist aber auch ein Besuch des Gasthaus &#8222;Wutze Walter&#8220; oder der Destille in der Ortsmitte. Egal, f\u00fcr was Sie sich am Ende entscheiden. In Dirmingen finden es viele M\u00f6glichkeiten um ihre Freizeit zu genie\u00dfen und die Seele baumeln zu lassen. Dirmingen hat Zukunft ! Genau aus diesem Grunde habe ich unseren Heimatort zu dem Wettbewerb &#8222;Unser Dorf hat Zukunft&#8220; angemeldet. Ich bin \u00fcberzeugt davon, dass unser Dorf sich mit anderen messen kann.<\/p>\n\n\n\n<p class=\"has-medium-font-size wp-block-paragraph\"><strong>Ein Stolperstein f\u00fcr Rudolf Wohlfart <\/strong><\/p>\n\n\n\n<p class=\"has-medium-font-size wp-block-paragraph\">Am Tag der Befreiung, dem diesj\u00e4hrigen Muttertag, wurde in Dirmingen der erste Stolperstein in der Gemeinde Eppelborn gelegt. Zu der sehr emotionalen und and\u00e4chtigen Aktion kamen zahlreiche G\u00e4ste, Vereinsvertreter und Kommunalpolitiker. Der K\u00fcnstler Gunter Demnig legte vor das Anwesen des Dirmingers Rudolf Wohlfart den Stolperstein in den B\u00fcrgersteig. Auf dem Stoperstein steht geschrieben: <strong>\u201eHier wohnte Rudolf Wohlfart, Jahrgang 1902. Seit 1935 in mehreren Heilanstalten. Ermordet 28.2.1941. Aktion T4.\u201c<\/strong> Das menschenverachtende T4 Programm der Nationalsozialisten war f\u00fcr die T\u00f6tung von mehreren Tausend Menschen mit psychische Erkrankungen verantwortlich. Der 95 j\u00e4hrige gleichnamige Sohn Rudi Wohlfart k\u00fcmmerte sich in den letzten beiden Jahren um die Formalit\u00e4ten der Niederlegung des Stolpersteins. Ich m\u00f6chte Rudi Wohlfart und seiner Familie f\u00fcr ihr Engagement gegen das Vergessen danken. Gemeinsam mit B\u00fcrgermeister Dr. Andreas Feld und den Mitgliedern des Ortsrates stehen wir zu unserer Forderung: Nie wieder ! Vielen Dank an alle die diese wunderbare Aktion unterst\u00fctzt haben.<\/p>\n\n\n<div class=\"wp-block-image\">\n<figure class=\"aligncenter size-large\"><img loading=\"lazy\" decoding=\"async\" width=\"700\" height=\"525\" src=\"https:\/\/echta-derminga.de\/wp-content\/uploads\/2022\/05\/IMG-20220508-WA0000-700x525.jpg\" alt=\"\" class=\"wp-image-12773\" srcset=\"https:\/\/echta-derminga.de\/wp-content\/uploads\/2022\/05\/IMG-20220508-WA0000-700x525.jpg 700w, https:\/\/echta-derminga.de\/wp-content\/uploads\/2022\/05\/IMG-20220508-WA0000-300x225.jpg 300w, https:\/\/echta-derminga.de\/wp-content\/uploads\/2022\/05\/IMG-20220508-WA0000-768x576.jpg 768w, https:\/\/echta-derminga.de\/wp-content\/uploads\/2022\/05\/IMG-20220508-WA0000.jpg 1200w\" sizes=\"auto, (max-width: 700px) 100vw, 700px\" \/><figcaption>Stolperstein f\u00fcr Dirmingen<\/figcaption><\/figure>\n<\/div>\n\n\n<p class=\"has-medium-font-size wp-block-paragraph\"><strong>Herzlichen Gl\u00fcckwunsch zur Eiserne Hochzeit von Ruth und Hans Baltes<\/strong><\/p>\n\n\n\n<p class=\"has-medium-font-size wp-block-paragraph\">Am Freitag, 13. Mai 2022 feierten Ruth und Hans Baltes ihre Eiserne Hochzeit. Gemeinsam mit B\u00fcrgermeister Dr. Andreas Feld durfte ich die Gl\u00fcckw\u00fcnsche der Ministerpr\u00e4sidentin, des Landrates, der Gemeindeverwaltung und des Ortsrates \u00fcberbringen. Hans Baltes war nach der Gebietsverwaltungsreform der erste Ortsvorsteher des Gemeindebezirks Dirmingen in der Gemeinde Eppelborn. Zu seinen ehrenamtlichen T\u00e4tigkeiten geh\u00f6rte die Mitgliedschaft im Vogelverein und insbesondere im Heimat- und Verkehrsverein Dirmingen. Seine Ehefrau Ruth Baltes war viele Jahrzehnte in der katholischen Kirchengemeinde Dirmingen, im katholischen Kirchenchor Dirmingen und in der Kolpingfamilie Dirmingen t\u00e4tig. Das Jubelpaar hat im Laufe ihres gemeinsamen Lebens viel f\u00fcr unseren Heimatort getan. Ich pers\u00f6nlich habe gro\u00dfen Respekt vor der Lebensleistung des Jubelpaares. Das Fest der &#8222;Eisernen Hochzeit&#8220; wurde im Kreise der Familie ausgiebig gefeiert. Ich w\u00fcnsche dem Jubelpaar auch an dieser Stelle alles erdenklich Gute sowie viel Gl\u00fcck und Gesundheit.<\/p>\n\n\n<div class=\"wp-block-image\">\n<figure class=\"aligncenter size-large\"><img loading=\"lazy\" decoding=\"async\" width=\"700\" height=\"525\" src=\"https:\/\/echta-derminga.de\/wp-content\/uploads\/2022\/05\/IMG-20220514-WA0001-700x525.jpg\" alt=\"\" class=\"wp-image-12760\" srcset=\"https:\/\/echta-derminga.de\/wp-content\/uploads\/2022\/05\/IMG-20220514-WA0001-700x525.jpg 700w, https:\/\/echta-derminga.de\/wp-content\/uploads\/2022\/05\/IMG-20220514-WA0001-300x225.jpg 300w, https:\/\/echta-derminga.de\/wp-content\/uploads\/2022\/05\/IMG-20220514-WA0001-768x576.jpg 768w, https:\/\/echta-derminga.de\/wp-content\/uploads\/2022\/05\/IMG-20220514-WA0001-1536x1152.jpg 1536w, https:\/\/echta-derminga.de\/wp-content\/uploads\/2022\/05\/IMG-20220514-WA0001.jpg 2048w\" sizes=\"auto, (max-width: 700px) 100vw, 700px\" \/><figcaption>Herzlichen Gl\u00fcckwunsch an das Jubelpaar<\/figcaption><\/figure>\n<\/div>\n\n\n<p class=\"has-medium-font-size wp-block-paragraph\"><strong>Neuer kleiner Dorfplatz wird zum Ort der Kommunikation<\/strong><\/p>\n\n\n\n<p class=\"has-medium-font-size wp-block-paragraph\">Am Samstag, 14. Mai wurde der kleine Dorfplatz vor unserer evangelischen Kirche feierlich eingeweiht. In den letzten Wochen wurde in enger Zusammenarbeit mit den Inhabern des Verkaufswagens &#8222;Eistraum&#8220; gro\u00dfartiges geleistet. Ein besonderer Dank geht an dieser Stelle an die Evangelische Kirchengemeinde Dirmingen f\u00fcr die bisherige Unterst\u00fctzung. Der kleine Platz in der Ortsmitte verf\u00fcgt \u00fcber einen besonderen Charme. Hier trifft man sich zum Gespr\u00e4ch, zum Eis essen oder einfach nur zu einem Espresso. Unser Dorfgemeinschaft profitiert von diesem wundersch\u00f6nen Platz mit seinem bezaubernden Ambiente. Ich m\u00f6chte mich auch an dieser Stelle bei der Fa. &#8222;Eistraum&#8220; und ihren Gesch\u00e4ftsf\u00fchrern Antonio Candella und Eddi Nicolai ganz herzlich bedanken. Schlie\u00dflich wurde einiges Geld  in den neuen Platz investiert. Ein Dankesch\u00f6n geht auch an meine ehrenamtlichen Mitstreiter und meine Bankpaten. Wir alle haben viel Liebe, Arbeit, M\u00fche und Geld in das Projekt &#8222;kleiner Dorfplatz&#8220; investiert. Gemeinsam mit B\u00fcrgermeister Dr. Andreas Feld und den beiden Gesch\u00e4ftsf\u00fchrern Antonio Candella und Eddi Nicolai wurde der Platz nun unserer Dorfgemeinschaft \u00fcbergeben. Dabei legen die beiden Gesch\u00e4ftspartner gro\u00dfen Wert darauf, dass alle Gesch\u00e4fte unseres Dorfes diesen neuen Platz nutzen d\u00fcrfen. Auf dem kleinen Dorfplatz kann man also auch beruhigt sein asiatisches Mittagessen oder sein Kebab genie\u00dfen. Nat\u00fcrlich d\u00fcrfen auch die G\u00e4ste des &#8222;Dicken Pauls&#8220; oder unserer Imbissbude ihre Mahlzeiten an den neuen Tischen des Platzes konsumieren. Dieser Platz ist f\u00fcr alle da und soll das Miteinander in unserer Dorfgemeinschaft st\u00e4rken.<\/p>\n\n\n<div class=\"wp-block-image\">\n<figure class=\"aligncenter size-large\"><img loading=\"lazy\" decoding=\"async\" width=\"700\" height=\"482\" src=\"https:\/\/echta-derminga.de\/wp-content\/uploads\/2022\/05\/IMG-20220514-WA0006-700x482.jpg\" alt=\"\" class=\"wp-image-12762\" srcset=\"https:\/\/echta-derminga.de\/wp-content\/uploads\/2022\/05\/IMG-20220514-WA0006-700x482.jpg 700w, https:\/\/echta-derminga.de\/wp-content\/uploads\/2022\/05\/IMG-20220514-WA0006-300x207.jpg 300w, https:\/\/echta-derminga.de\/wp-content\/uploads\/2022\/05\/IMG-20220514-WA0006-768x529.jpg 768w, https:\/\/echta-derminga.de\/wp-content\/uploads\/2022\/05\/IMG-20220514-WA0006.jpg 1000w\" sizes=\"auto, (max-width: 700px) 100vw, 700px\" \/><\/figure>\n<\/div>\n\n\n<p class=\"has-medium-font-size wp-block-paragraph\"><strong>CD &#8222;Mensch zu sein&#8220; des Musikprojekt Dirmingen f\u00fcr Ukraine<\/strong><\/p>\n\n\n\n<p class=\"has-medium-font-size wp-block-paragraph\">Unsere Solidarit\u00e4ts- CD &#8222;Menschen zu sein&#8220; ist weiterhin in der Dirminger Ortsmitte bei &#8222;Schreiben und Schenken&#8220; und bei Bettinas Floristik&#8220; erh\u00e4ltlich. Zum Preis von 10,- \u20ac pro St\u00fcck bekommen Sie ein facettenreiches Album von den Musikern und K\u00fcnstlern unseres Dorfes. Zeitgleich unterst\u00fctzen Sie mit dem Kauf dieser CD die Ukrainehilfe in der Gemeinde Eppelborn. Auf der CD finden Sie Lieder von Mac &amp; Hennes, Sven &amp; Nina, Perlregen, AVA, Timo Br\u00fcck, Uwe Hanson und Vanessa Wagner Ich m\u00f6chte Ihnen dieses Album ans Herz legen und hoffe auf ihre Unterst\u00fctzung.<\/p>\n\n\n<div class=\"wp-block-image\">\n<figure class=\"aligncenter size-large\"><img loading=\"lazy\" decoding=\"async\" width=\"700\" height=\"545\" src=\"https:\/\/echta-derminga.de\/wp-content\/uploads\/2022\/05\/280522423_5070779449683406_4161568554178089963_n-700x545.jpg\" alt=\"\" class=\"wp-image-12770\" srcset=\"https:\/\/echta-derminga.de\/wp-content\/uploads\/2022\/05\/280522423_5070779449683406_4161568554178089963_n-700x545.jpg 700w, https:\/\/echta-derminga.de\/wp-content\/uploads\/2022\/05\/280522423_5070779449683406_4161568554178089963_n-300x234.jpg 300w, https:\/\/echta-derminga.de\/wp-content\/uploads\/2022\/05\/280522423_5070779449683406_4161568554178089963_n-768x598.jpg 768w, https:\/\/echta-derminga.de\/wp-content\/uploads\/2022\/05\/280522423_5070779449683406_4161568554178089963_n.jpg 1440w\" sizes=\"auto, (max-width: 700px) 100vw, 700px\" \/><figcaption>Zeit &#8222;Mensch zu sein&#8220;<\/figcaption><\/figure>\n<\/div>\n\n\n<p class=\"has-medium-font-size wp-block-paragraph\"><strong>Seniorentag auf dem Finkenrech<\/strong><\/p>\n\n\n\n<p class=\"has-medium-font-size wp-block-paragraph\">Der Ortsrat Dirmingen hat w\u00e4hrend seiner letzten Sitzung beschlossen endlich wieder einen Seniorentag durchzuf\u00fchren. <strong>Am Samstag, 09. Juli 2022 wird nach zweij\u00e4hriger pandemiebedingter Pause der diesj\u00e4hrige Seniorennachmittag im Landhotel Finkenrech stattfinden.<\/strong> Die Veranstaltung beginnt um 14:00 Uhr mit einer Gartenf\u00fchrung. anschlie\u00dfend werden wir bei Kaffee und Kuchen und Live-Musik gemeinsam den Nachmittag genie\u00dfen. Die Einladungen werden allen B\u00fcrgerinnen und B\u00fcrgern \u00fcber dem 70 Lebensjahr zugesendet. Anmeldungen nimmt der Ortsvorsteher Frank Klein unter der bekannten Telefonnummer entgegen.<\/p>\n\n\n\n<p class=\"has-medium-font-size wp-block-paragraph\"><strong>Dirmingen unterst\u00fctzt Ukraine-Hilfe in der Gemeinde Eppelborn<\/strong><\/p>\n\n\n\n<p class=\"has-medium-font-size wp-block-paragraph\">Bereits in der vergangenen Woche engagierten sich mehrere Dirmingerinnen und Dirminger aktiv bei der Ukraine-Hilfe in der Gemeinde Eppelborn. Dabei wurden M\u00f6belst\u00fccke transportiert, Sachspenden weitergeleitet und sogar eine Wohnung eingerichtet. Ich m\u00f6chte mich an dieser Stelle ganz herzlich bei allen Helferinnen und Helfern bedanken. Auch die Benefizaktion von &#8222;Bettinas Floristik&#8220; war am Ende einer Woche ein gro\u00dfer Erfolg. Die Menschen in unserem Dorf haben mal wieder bewiesen, dass Solidarit\u00e4t und Hilfsbereitschaft gro\u00dfgeschrieben werden.<\/p>\n\n\n<div class=\"wp-block-image\">\n<figure class=\"aligncenter size-large\"><img loading=\"lazy\" decoding=\"async\" width=\"700\" height=\"398\" src=\"https:\/\/echta-derminga.de\/wp-content\/uploads\/2022\/05\/11-1-700x398.jpg\" alt=\"\" class=\"wp-image-12712\" srcset=\"https:\/\/echta-derminga.de\/wp-content\/uploads\/2022\/05\/11-1-700x398.jpg 700w, https:\/\/echta-derminga.de\/wp-content\/uploads\/2022\/05\/11-1-300x171.jpg 300w, https:\/\/echta-derminga.de\/wp-content\/uploads\/2022\/05\/11-1-768x437.jpg 768w, https:\/\/echta-derminga.de\/wp-content\/uploads\/2022\/05\/11-1.jpg 1000w\" sizes=\"auto, (max-width: 700px) 100vw, 700px\" \/><figcaption>Ukraine-Hilfe in Dirmingen<\/figcaption><\/figure>\n<\/div>\n\n\n<p class=\"has-medium-font-size wp-block-paragraph\"><strong>Herzlichen Gl\u00fcckwunsch zur Meisterschaft<\/strong><\/p>\n\n\n\n<p class=\"has-medium-font-size wp-block-paragraph\">Die Black Bulls Alsweiler wurden Handball- Meister in der Bezirksliga und stiegen in die Verbandsliga auf. Bei den Black Bulls gehen viele Dirminger Jungs w\u00f6chentlich auf Torejagd. F\u00fcr mich Grund genug der Mannschaft meine Gl\u00fcckw\u00fcnsche in Form von edlem Gerstensaft auszudr\u00fccken. Auch wenn mein Herz naturgem\u00e4\u00df f\u00fcr den einheimischen TVD schl\u00e4gt, freue ich mich riesig mit den vielen &#8222;Derminga Buwe&#8220; bei den Black Bulls. Zwei Kisten 0,5 er und ne Flasche Wodka haben die Jungs sich verdient. Gerne habe ich die Kleine Spende meinem Freund Joschi Wagner \u00fcberreicht. Herzlichen Gl\u00fcckwunsch.<\/p>\n\n\n<div class=\"wp-block-image\">\n<figure class=\"aligncenter size-large\"><img loading=\"lazy\" decoding=\"async\" width=\"700\" height=\"648\" src=\"https:\/\/echta-derminga.de\/wp-content\/uploads\/2022\/05\/280656844_5079456995482318_1703963612106189189_n-700x648.jpg\" alt=\"\" class=\"wp-image-12763\" srcset=\"https:\/\/echta-derminga.de\/wp-content\/uploads\/2022\/05\/280656844_5079456995482318_1703963612106189189_n-700x648.jpg 700w, https:\/\/echta-derminga.de\/wp-content\/uploads\/2022\/05\/280656844_5079456995482318_1703963612106189189_n-300x278.jpg 300w, https:\/\/echta-derminga.de\/wp-content\/uploads\/2022\/05\/280656844_5079456995482318_1703963612106189189_n-768x711.jpg 768w, https:\/\/echta-derminga.de\/wp-content\/uploads\/2022\/05\/280656844_5079456995482318_1703963612106189189_n.jpg 1440w\" sizes=\"auto, (max-width: 700px) 100vw, 700px\" \/><figcaption>Herzlichen Gl\u00fcckwunsch<\/figcaption><\/figure>\n<\/div>\n\n\n<p class=\"has-medium-font-size wp-block-paragraph\"><strong>Kleinkunst in der Scheune \u2013<\/strong>&nbsp;<strong>Benefizkonzert der Gruppe Zeitlos <\/strong><\/p>\n\n\n\n<p class=\"has-medium-font-size wp-block-paragraph\">Ich freue mich dar\u00fcber, dass der Kulturverein Dirmingen nach seiner pandemiebedingten Pause endlich wieder eine Kleinkunstveranstaltung in der Scheune anbietet. Deutsche, irische und franz\u00f6sische Folklore vom Mittelalter bis in die Neuzeit. Freitag, 20. Mai 2022, 19:30 Uhr in der \u201cScheune\u201d in Dirmingen. In den fr\u00fchen Achtzigern des vergangenen Jahrhunderts haben sie sich zusammengefunden, um gemeinsam buchst\u00e4blich zeitlose Musik zu machen: die vier Troubadoure Eugen Eckert, Josef Lieser, Hans Peter Fischer und Christine Biehler. Nach familien-, berufs- und umzugsbedingten Auszeiten sind sie mittlerweile wieder als Quartett vereint und nehmen sich trotz zeitraubender allt\u00e4glicher Verpflichtungen die Zeit, regelm\u00e4\u00dfig zu proben und ihr gemeinsames Hobby zu pflegen. Eine weitere Konstante, die sich durch das musikalische Leben der \u201eZeitlosen\u201c zieht, ist die Liebe zur Folklore, zur deutschen, aber auch zur irischen und franz\u00f6sischen Volks- und Popularmusik. So findet sich Literatur aus ganz verschiedenen, weit auseinander liegenden Zeitaltern in ihrem Repertoire: Lieder vom Mittelalter bis in die Neuzeit, Kompositionen von Hans Sachs bis Klaus Hoffmann, von den \u201eMerseburger Zauberspr\u00fcchen\u201c bis \u201eAdieu Emile\u201c sowie beliebte irische Songs und Balladen von \u201eDerry\u201c bis \u201eWhiskey in the Jar,\u201c sowie Songs von Leonard Cohen bis Joe Cocker. Zudem f\u00fchlen sie sich den unvergessenen Comedian Harmonists, der ersten Boygroup der Welt, musikalisch zugetan. Und zu guter Letzt nimmt auch \u00e4lteres und neueres Liedgut aus unserem Nachbarland Frankreich einen festen Platz im Programm der Gruppe ein. Der Erl\u00f6s dieses Konzertes geht an die Organisation &#8222;International Rescue Committee&#8220;. Diese Organisation k\u00fcmmert sich um die Kriegsopfer weltweit und zeigt an vielen verschiedenen Orten in dieser Welt Flagge f\u00fcr Menschlichkeit.<\/p>\n\n\n<div class=\"wp-block-image\">\n<figure class=\"aligncenter size-large\"><img loading=\"lazy\" decoding=\"async\" width=\"700\" height=\"560\" src=\"https:\/\/echta-derminga.de\/wp-content\/uploads\/2022\/05\/Zeitlos-Farbe-700x560.jpg\" alt=\"\" class=\"wp-image-12690\" srcset=\"https:\/\/echta-derminga.de\/wp-content\/uploads\/2022\/05\/Zeitlos-Farbe-700x560.jpg 700w, https:\/\/echta-derminga.de\/wp-content\/uploads\/2022\/05\/Zeitlos-Farbe-300x240.jpg 300w, https:\/\/echta-derminga.de\/wp-content\/uploads\/2022\/05\/Zeitlos-Farbe-768x614.jpg 768w, https:\/\/echta-derminga.de\/wp-content\/uploads\/2022\/05\/Zeitlos-Farbe-1536x1228.jpg 1536w, https:\/\/echta-derminga.de\/wp-content\/uploads\/2022\/05\/Zeitlos-Farbe.jpg 1772w\" sizes=\"auto, (max-width: 700px) 100vw, 700px\" \/><figcaption>Zeitlos<\/figcaption><\/figure>\n<\/div>\n\n\n<p class=\"has-medium-font-size wp-block-paragraph\"><strong>Liebe Landsleute, man kann es im Leben nicht jedem Recht machen. Des einen Freud, ist des anderen leid ! Bei nicht jedem finden unsere Aktionen Anklang und nat\u00fcrlich kann man noch vieles verbessern. Ich denk jedoch, dass wir uns auf einem guten Weg befinden. Bitte halten Sie den Kurs und geben Sie unserer Dorfgemeinschaft eine Chance.<\/strong><\/p>\n\n\n\n<p class=\"has-medium-font-size wp-block-paragraph\">Es \u00e4ndert sich auch hier bei uns nichts, wenn wir es nicht \u00e4ndern.<\/p>\n\n\n\n<p class=\"has-medium-font-size wp-block-paragraph\">In diesem Sinne <\/p>\n\n\n\n<p class=\"has-medium-font-size wp-block-paragraph\">Ihr Ortsvorsteher<\/p>\n\n\n\n<p class=\"has-medium-font-size wp-block-paragraph\">Frank Klein<\/p>\n\n\n\n<p class=\"wp-block-paragraph\"><\/p>\n","protected":false},"excerpt":{"rendered":"<p>Der Fr\u00fchling kommt mit sommerlichen Temperaturen und und mit den sinkenden Inzidenzzahlen steigt die Hoffnung auf einen sch\u00f6nen Sommer. In der vergangenen Woche konnten wir in unserem Heimatort einige Zeichen setzen. Die Niederlegung eines Stolpersteins vor dem Anwesen des Dirmingers Rudolf Wohlfart geh\u00f6rte zu den emotionalsten Aktionen. Die sinnlose Zerst\u00f6rung einer Winterlinde im Br\u00fchlpark hat uns alle tief betroffen zur\u00fcckgelassen.<\/p>\n","protected":false},"author":1,"featured_media":12759,"comment_status":"closed","ping_status":"closed","sticky":false,"template":"","format":"standard","meta":{"_crdt_document":"","footnotes":""},"categories":[1,9,812],"tags":[5,618,127,634,795,310],"class_list":["post-12757","post","type-post","status-publish","format-standard","has-post-thumbnail","hentry","category-allgemein","category-dorfgetratsche","category-ortsvorsteher-dirmingen","tag-dirmingen","tag-gemeinde-eppelborn","tag-landkreis-neunkirchen","tag-ortsvorsteher","tag-ortsvorsteher-dirmingen","tag-saarland"],"_links":{"self":[{"href":"https:\/\/echta-derminga.de\/index.php?rest_route=\/wp\/v2\/posts\/12757","targetHints":{"allow":["GET"]}}],"collection":[{"href":"https:\/\/echta-derminga.de\/index.php?rest_route=\/wp\/v2\/posts"}],"about":[{"href":"https:\/\/echta-derminga.de\/index.php?rest_route=\/wp\/v2\/types\/post"}],"author":[{"embeddable":true,"href":"https:\/\/echta-derminga.de\/index.php?rest_route=\/wp\/v2\/users\/1"}],"replies":[{"embeddable":true,"href":"https:\/\/echta-derminga.de\/index.php?rest_route=%2Fwp%2Fv2%2Fcomments&post=12757"}],"version-history":[{"count":13,"href":"https:\/\/echta-derminga.de\/index.php?rest_route=\/wp\/v2\/posts\/12757\/revisions"}],"predecessor-version":[{"id":12778,"href":"https:\/\/echta-derminga.de\/index.php?rest_route=\/wp\/v2\/posts\/12757\/revisions\/12778"}],"wp:featuredmedia":[{"embeddable":true,"href":"https:\/\/echta-derminga.de\/index.php?rest_route=\/wp\/v2\/media\/12759"}],"wp:attachment":[{"href":"https:\/\/echta-derminga.de\/index.php?rest_route=%2Fwp%2Fv2%2Fmedia&parent=12757"}],"wp:term":[{"taxonomy":"category","embeddable":true,"href":"https:\/\/echta-derminga.de\/index.php?rest_route=%2Fwp%2Fv2%2Fcategories&post=12757"},{"taxonomy":"post_tag","embeddable":true,"href":"https:\/\/echta-derminga.de\/index.php?rest_route=%2Fwp%2Fv2%2Ftags&post=12757"}],"curies":[{"name":"wp","href":"https:\/\/api.w.org\/{rel}","templated":true}]}}