{"id":1277,"date":"2018-05-05T13:43:19","date_gmt":"2018-05-05T12:43:19","guid":{"rendered":"http:\/\/echta-derminga.de\/?p=1277"},"modified":"2018-05-25T15:40:49","modified_gmt":"2018-05-25T14:40:49","slug":"auf-der-suche-nach-dem-eigenen-christlichen-glauben-meine-gedanken-zur-konfirmation","status":"publish","type":"post","link":"https:\/\/echta-derminga.de\/?p=1277","title":{"rendered":"Auf der Suche nach dem eigenen christlichen Glauben &#8211; Meine Gedanken zur Konfirmation"},"content":{"rendered":"<p><strong>Kennt ihr noch euren Konfirmations- oder Kommunionsspruch? Einer Umfrage zufolge gibt es zahlreiche Menschen in unserem Land die ihren Konfirmations- oder Kommunionsspruch mit den Jahren vergessen haben. Eigentlich ist das sehr schade wobei uns diese Umfrage ganz deutlich aufzeigt welchen Stellenwert die Kirche und der Glaube in unserer heutigen Zeit genie\u00dft. <\/strong><\/p>\n<p>Die evangelische Konfirmation geht auf den in Stra\u00dfburger Reformator Martin Bucer zur\u00fcck und wurde erstmals im Jahre 1539 in der hessischen Ziegenhainer Kirchenzuchtordnung festgehalten. Martin Luther selbst hatte die damalige Firmung wegen ihres fehlenden Bibelbezugs abgelehnt. Luther vertrat die Meinung, dass die Taufe keiner weiteren Glaubenserg\u00e4nzung bed\u00fcrft. Die entscheidenden Anst\u00f6\u00dfe zur Entstehung der evangelischen Konfirmation kamen letztlich durch die reformatorische T\u00e4uferbewegung. Der Reformator Martin Bucer entwickelte schlie\u00dflich das heutige Modell der Konfirmation. Die Jugendlichen sollten die Gelegenheit erhalten auf eigenen Wunsch ihren, durch die Taufe aufgelegten Glauben, zu bekr\u00e4ftigen oder vielmehr zu best\u00e4rken. Konfirmation hei\u00dft somit nichts anderes als \u201eBest\u00e4rkung\u201c. Die Heranwachsenden wurden fortan zu einem Katechismusunterricht geschickt der in einer symbolischen Handlung vor der Gemeinde, der Konfirmation, gipfelte. Die Jugendlichen bekommen somit die M\u00f6glichkeit nachtr\u00e4glich \u201eJa \u201ezu ihrer Taufe und zum eigenen Glauben zu sagen.<\/p>\n<div id=\"attachment_1281\" style=\"width: 290px\" class=\"wp-caption alignleft\"><img loading=\"lazy\" decoding=\"async\" aria-describedby=\"caption-attachment-1281\" class=\"wp-image-1281\" src=\"https:\/\/echta-derminga.de\/wp-content\/uploads\/2018\/05\/IMG_20180505_130320_resized_20180505_023916017-197x300.jpg\" alt=\"\" width=\"280\" height=\"427\" srcset=\"https:\/\/echta-derminga.de\/wp-content\/uploads\/2018\/05\/IMG_20180505_130320_resized_20180505_023916017-197x300.jpg 197w, https:\/\/echta-derminga.de\/wp-content\/uploads\/2018\/05\/IMG_20180505_130320_resized_20180505_023916017.jpg 500w\" sizes=\"auto, (max-width: 280px) 100vw, 280px\" \/><p id=\"caption-attachment-1281\" class=\"wp-caption-text\">Ich hab sie noch &#8211; Meine Konfirmationsurkunde<\/p><\/div>\n<p><strong>Seit vielen Jahrhunderten wurde der Konfirmandenunterricht somit zu einer Schule des Lebens. Die Jugendliche werden in die Grundlagen des evangelisch-christlichen Glaubens unterwiesen. Am Ende des zweij\u00e4hrigen Kurses steht die Einsegnung und das \u00f6ffentliche Bekenntnis zur Kirche. Am Sonntag,06.Mai 2018 findet in Dirmingen die Konfirmation statt.<\/strong><\/p>\n<p><strong>In diesem Jahr haben sich 19 Jugendliche aus der evangelischen Kirchengemeinde Dirmingen dazu entschieden sich konfirmieren zu lassen. F\u00fcr die Familien bedeutet dieser Festtag einen hohen Aufwand. Alles soll sch\u00f6n dekoriert und festlich aufgefrischt werden. F\u00fcr die Jugendlichen und ihre Familien soll es ein unvergesslicher Tag werden. Ich finde auch, dass man dieses Fest geb\u00fchrend feiern sollte. Ich w\u00fcrde mir jedoch w\u00fcnschen, dass der Glaube wieder mehr in den Vordergrund r\u00fcckt.<\/strong><\/p>\n<p>In der Evangelischen Kirchengemeinde wird jedes Jahr an Rogate die Konfirmation gefeiert. Dieser Sonntag hat sich als fester Termin f\u00fcr die Konfirmation etabliert. Dies war nicht immer so. In unserer Kirchengemeinde wurde fr\u00fcher auch an Palmsonntag, Karfreitag oder Pfingsten konfirmiert.<\/p>\n<p>Letztlich sind es keine leichten Zeiten f\u00fcr die beiden gro\u00dfen Kirchen unseres Landes. Die Zahl der Kirchenaustritte ist immer noch enorm hoch und viele Menschen haben ihre Probleme mit dem Glauben und insbesondere mit der Kirche. Brauche ich noch eine Kirche als Institution f\u00fcr meinen pers\u00f6nlichen Glauben? Ehrlich gesagt bin ich mir da auch nicht so ganz sicher. Eines ist jedoch klar: Die Kirche als soziale und gesellschaftliche Anlaufstelle ist in unserer Zeit von enormer Bedeutung. Die Menschen brauchen einen festen Halt. Von daher glaube ich schon, dass Kirche eine wichtige Bedeutung f\u00fcr unsere Gesellschaft hat. Viele Jugendliche lassen sich nicht mehr Konfirmieren oder m\u00f6chten auch nicht zu Kommunion gehen. Fu\u00dfballtraining, Handballtraining, Nachhilfeunterricht u.s.w unsere Kinder haben schon in fr\u00fchen Jahren einen vollen Terminkalender. Der Stress ist schon in Kinderzeiten ein st\u00e4ndiger Begleiter. Dabei bietet der Konfirmationsunterricht eine echte Lebensschule. Dass in konfessionslosen Familien die Konfirmation kein Thema ist, \u00fcberrascht mich nicht. Bemerkenswert ist allerdings, dass selbst in Elternh\u00e4usern, in denen zumindest ein Erwachsener noch der Kirche angeh\u00f6rt, die Teilnahme am kirchlichen Unterricht diskutiert wird.<\/p>\n<p><strong>\u201eDas der Glaube dich tragen kann, merkst du nur, wenn du ihn ausprobierst. Wie fr\u00fcher, als du laufen gelernt hast\u201c<\/strong><\/p>\n<p>Ich denke wir sollten den Jugendlichen die M\u00f6glichkeit geben ihren eigenen Glauben zu finden. Der Liedermacher Wolf Biermann sagte einmal: <strong>\u201cIch bin zwar kein Christ, aber eines habe ich l\u00e4ngst begriffen, es ist vollkommen egal woran ein Mensch glaubt, Hauptsache ist, dass er glaubt\u201c.<\/strong><\/p>\n<p>Ich finde wir sollten unseren Kindern und Jugendlichen die Freiheit schenken selbst zu entscheiden ob und woran sie glauben. Ich denke die Konfirmation bietet zumindest einen wunderbaren Ansatz und eine echte Chance diese pers\u00f6nliche Entscheidung zu treffen.<\/p>\n<p><strong>Ich pers\u00f6nlich wurde am 08.Mai 1983 in der evangelischen Kirche Dirmingen von Pfarrer Arneth konfirmiert. Ich habe meine damalige Entscheidung selbst getroffen und nie bereut. F\u00fcr mich bedeutete Kirche, und insbesondere unsere eigene im Dorf, immer auch ein St\u00fcck Heimat.<\/strong><\/p>\n<p><strong>\u00a0\u201e<\/strong><strong>Gott schreibt ein Lied f\u00fcr Dich, aber singen musst du es selbst\u201c <\/strong><\/p>\n<p>Ich hoffe die diesj\u00e4hrigen Konfirmandinnen und Konfirmanden dabei ihren eigenen, pers\u00f6nlichen Ton finden.<\/p>\n<p><strong>Ich habe meinen eigenen Ton zu meiner Lebensmusik gefunden. Mein Konfirmationsspruch lautet:\u201c Ich bin die Auferstehung und das Leben wer an mich glaubt der wird Leben selbst wenn er stirbt und wer da lebet und an mich glaubt, der wird niemals sterben\u201c. (Johannesevangelium Kapitel 11 Vers: 25-26)<\/strong><\/p>\n","protected":false},"excerpt":{"rendered":"<p>Kennt ihr noch euren Konfirmations- oder Kommunionsspruch? Einer Umfrage zufolge gibt es zahlreiche Menschen in unserem Land die ihren Konfirmations- oder Kommunionsspruch mit den Jahren vergessen haben. Eigentlich ist das sehr schade wobei uns diese Umfrage ganz deutlich aufzeigt welchen Stellenwert die Kirche und der Glaube in unserer heutigen Zeit genie\u00dft. Die evangelische Konfirmation geht auf den in Stra\u00dfburger Reformator<\/p>\n","protected":false},"author":1,"featured_media":1282,"comment_status":"closed","ping_status":"closed","sticky":false,"template":"","format":"standard","meta":{"_crdt_document":"","footnotes":""},"categories":[9,47],"tags":[244,75,243,158,233,242],"class_list":["post-1277","post","type-post","status-publish","format-standard","has-post-thumbnail","hentry","category-dorfgetratsche","category-meine-kirche","tag-bestaerkung","tag-evangelische-kirche","tag-glauben","tag-kirche","tag-konfirmation","tag-konfirmationsspruch"],"_links":{"self":[{"href":"https:\/\/echta-derminga.de\/index.php?rest_route=\/wp\/v2\/posts\/1277","targetHints":{"allow":["GET"]}}],"collection":[{"href":"https:\/\/echta-derminga.de\/index.php?rest_route=\/wp\/v2\/posts"}],"about":[{"href":"https:\/\/echta-derminga.de\/index.php?rest_route=\/wp\/v2\/types\/post"}],"author":[{"embeddable":true,"href":"https:\/\/echta-derminga.de\/index.php?rest_route=\/wp\/v2\/users\/1"}],"replies":[{"embeddable":true,"href":"https:\/\/echta-derminga.de\/index.php?rest_route=%2Fwp%2Fv2%2Fcomments&post=1277"}],"version-history":[{"count":8,"href":"https:\/\/echta-derminga.de\/index.php?rest_route=\/wp\/v2\/posts\/1277\/revisions"}],"predecessor-version":[{"id":1294,"href":"https:\/\/echta-derminga.de\/index.php?rest_route=\/wp\/v2\/posts\/1277\/revisions\/1294"}],"wp:featuredmedia":[{"embeddable":true,"href":"https:\/\/echta-derminga.de\/index.php?rest_route=\/wp\/v2\/media\/1282"}],"wp:attachment":[{"href":"https:\/\/echta-derminga.de\/index.php?rest_route=%2Fwp%2Fv2%2Fmedia&parent=1277"}],"wp:term":[{"taxonomy":"category","embeddable":true,"href":"https:\/\/echta-derminga.de\/index.php?rest_route=%2Fwp%2Fv2%2Fcategories&post=1277"},{"taxonomy":"post_tag","embeddable":true,"href":"https:\/\/echta-derminga.de\/index.php?rest_route=%2Fwp%2Fv2%2Ftags&post=1277"}],"curies":[{"name":"wp","href":"https:\/\/api.w.org\/{rel}","templated":true}]}}