{"id":12860,"date":"2022-06-05T14:54:15","date_gmt":"2022-06-05T13:54:15","guid":{"rendered":"https:\/\/echta-derminga.de\/?p=12860"},"modified":"2022-06-05T14:57:37","modified_gmt":"2022-06-05T13:57:37","slug":"nach-30-jahren-wieder-zu-gast-bei-freunden-unvergessliches-jubilaeumstreffen-der-fcs-stammtischrunde-dirmingen","status":"publish","type":"post","link":"https:\/\/echta-derminga.de\/?p=12860","title":{"rendered":"Nach 30-Jahren wieder zu Gast bei Freunden- Unvergessliches Jubil\u00e4umstreffen der FCS Stammtischrunde Dirmingen"},"content":{"rendered":"\n<p class=\"has-medium-font-size wp-block-paragraph\"><strong>Wir schrieben den 17. Mai 1992!<\/strong><\/p>\n\n\n\n<p class=\"has-medium-font-size wp-block-paragraph\"><strong>Der 1. FC Saarbr\u00fccken siegte am letzten Spieltag der Saison 191\/92 mit 3- 1 Toren in Chemnitz und stieg in die 1. Fu\u00dfball-Bundesliga auf. Seitdem ist vieles geschehen und so manches Tor gefallen.<\/strong><\/p>\n\n\n\n<p class=\"has-medium-font-size wp-block-paragraph\">Die FCS Stammtischrunde Dirmingen erlebte in dieser Zeit ihren absoluten H\u00f6henflug. Mit den \u201eBlau- Schwarzen\u201c verbindet mich bis heute eine innige Verbindung. Man k\u00f6nnte auch sagen: Alte Liebe rostet nicht. \u00dcber viele Jahre war ich gro\u00dfer FCS -Fan und pilgerte gemeinsam mit meinen Freunden der FCS Stammtischrunde Dirmingen durch die Stadien der Republik. Der FCS Stammtisch wurde im Jahre 1989, in der Dirminger Kult-Kneipe \u201eAlte Post\u201c, gegr\u00fcndet. Einige fu\u00dfballverr\u00fcckte Zeitgenossen um Thomas Kr\u00f6ner und Andreas K\u00f6nig beschlossen an diesem Abend, nach dem Besuch eines Heimspiels des FCS, die Gr\u00fcndung eines Stammtisches. Dies war der Startschuss zu einer echten Erfolgsgeschichte. In der einger\u00e4umten Gr\u00fcndungsversammlung der FCS- Stammtischrunde wurde Thomas Kr\u00f6ner zum ersten Vorsitzenden und Andreas K\u00f6nig zum Pr\u00e4sidenten des Clubs gew\u00e4hlt. Thomas K\u00f6nig wurde zum Kassierer und Frank Klein zum Organisationsleiter des Clubs erkoren. In den Jahren 1989 bis 1993 wurde kaum ein Spiel verpasst. Dabei wurde kaum ein Spiel ausgelassen. Woche f\u00fcr Woche zog es uns ins Stadion. Das Wochenende wurde geopfert, um dem FCS hinterherzufahren. In der Bundesligasaison wurde im Stammlokal &#8222;Alte Post&#8220; sogar eine offizielle Vorverkaufsstelle des FCS eingerichtet. Ich erinnere mich an viele sch\u00f6ne Stunden mit meinem Freund Thomas Kr\u00f6ner auf dem Trainingsgel\u00e4nde des FCS im Sportfeld. Die Mitglieder der Stammtischrunde lebten ihren Traum und waren bereit vieles daf\u00fcr zu entbehren.<\/p>\n\n\n\n<figure class=\"wp-block-gallery has-nested-images columns-default is-cropped wp-block-gallery-1 is-layout-flex wp-block-gallery-is-layout-flex\">\n<figure class=\"wp-block-image size-large\"><img loading=\"lazy\" decoding=\"async\" width=\"700\" height=\"543\" data-id=\"12874\" src=\"https:\/\/echta-derminga.de\/wp-content\/uploads\/2022\/06\/16-700x543.jpg\" alt=\"\" class=\"wp-image-12874\" srcset=\"https:\/\/echta-derminga.de\/wp-content\/uploads\/2022\/06\/16-700x543.jpg 700w, https:\/\/echta-derminga.de\/wp-content\/uploads\/2022\/06\/16-300x233.jpg 300w, https:\/\/echta-derminga.de\/wp-content\/uploads\/2022\/06\/16-768x596.jpg 768w, https:\/\/echta-derminga.de\/wp-content\/uploads\/2022\/06\/16.jpg 1000w\" sizes=\"auto, (max-width: 700px) 100vw, 700px\" \/><\/figure>\n\n\n\n<figure class=\"wp-block-image size-large\"><img loading=\"lazy\" decoding=\"async\" width=\"700\" height=\"909\" data-id=\"12873\" src=\"https:\/\/echta-derminga.de\/wp-content\/uploads\/2022\/06\/17-700x909.jpg\" alt=\"\" class=\"wp-image-12873\" srcset=\"https:\/\/echta-derminga.de\/wp-content\/uploads\/2022\/06\/17-700x909.jpg 700w, https:\/\/echta-derminga.de\/wp-content\/uploads\/2022\/06\/17-231x300.jpg 231w, https:\/\/echta-derminga.de\/wp-content\/uploads\/2022\/06\/17-768x998.jpg 768w, https:\/\/echta-derminga.de\/wp-content\/uploads\/2022\/06\/17.jpg 1000w\" sizes=\"auto, (max-width: 700px) 100vw, 700px\" \/><\/figure>\n<\/figure>\n\n\n\n<p class=\"has-medium-font-size wp-block-paragraph\"><strong>Der Dirminger Stammtisch verschaffte sich in der Fan-Szene sehr schnell einen guten Ruf. In Spitzenzeiten waren \u00fcber 70 Fans Mitglied der Stammtischrunde. Der Club organisierte legend\u00e4re Ausw\u00e4rtsfahrten und Fantreffs. Im Laufe der Zeit gaben sich viele prominente Fu\u00dfballprofis die Klinken in die Hand. Die FCS Sommernachtspartys des Clubs vor dem Gasthaus \u201eAlte Post\u201c waren legend\u00e4r und sind bis heute unvergessen. Der Saarbr\u00fccker Trainer Peter Neururer oder die FCS Spieler Eugen Hach, Christian Pf\u00f6rtner, Michael Kr\u00e4tzer, Wolfgang Seel, Eric Wynalda, Michael Kostner oder Heiko Gl\u00f6de waren nur einige von vielen prominenten G\u00e4sten in Dirmingen. Der Club bestach durch seine bedingungslosen Treue und betreib mit seinen vielen Ausw\u00e4rtsfahrten bundesweit Werbung f\u00fcr unseren Heimatort<\/strong>.<\/p>\n\n\n<div class=\"wp-block-image\">\n<figure class=\"aligncenter size-large\"><img loading=\"lazy\" decoding=\"async\" width=\"700\" height=\"315\" src=\"https:\/\/echta-derminga.de\/wp-content\/uploads\/2022\/06\/11-700x315.jpg\" alt=\"\" class=\"wp-image-12866\" srcset=\"https:\/\/echta-derminga.de\/wp-content\/uploads\/2022\/06\/11-700x315.jpg 700w, https:\/\/echta-derminga.de\/wp-content\/uploads\/2022\/06\/11-300x135.jpg 300w, https:\/\/echta-derminga.de\/wp-content\/uploads\/2022\/06\/11-768x346.jpg 768w, https:\/\/echta-derminga.de\/wp-content\/uploads\/2022\/06\/11.jpg 1000w\" sizes=\"auto, (max-width: 700px) 100vw, 700px\" \/><figcaption>Sch\u00f6ne Runde.<\/figcaption><\/figure>\n<\/div>\n\n\n<p class=\"has-medium-font-size wp-block-paragraph\">Irgendwann erlosch das Feuer! Am Ende war es ein schleichender Prozess. Die sportlichen Misserfolge in den 1990-er Jahren machten auch dem Dirminger Fanclub zu schaffen. Viele verlie\u00dfen den Club und andere wiederum suchten sich eine neue Aufgabe oder ein besseres Hobby. Die Jahre vergingen und jeder Einzelne nahm seinen pers\u00f6nlichen Lebensweg. Man sollte nie versuchen etwas k\u00fcnstlich am Leben zu erhalten. Gute Freunde verstarben, andere gr\u00fcndeten Familien und wiederum andere nahmen eine andere Herausforderung an. Die Stammtischrunde verfiel in einen tiefen, festen Schlaf. Abgemeldet wurde der Club niemals!<\/p>\n\n\n<div class=\"wp-block-image\">\n<figure class=\"aligncenter size-large\"><img loading=\"lazy\" decoding=\"async\" width=\"700\" height=\"431\" src=\"https:\/\/echta-derminga.de\/wp-content\/uploads\/2022\/06\/2222-700x431.jpg\" alt=\"\" class=\"wp-image-12879\" srcset=\"https:\/\/echta-derminga.de\/wp-content\/uploads\/2022\/06\/2222-700x431.jpg 700w, https:\/\/echta-derminga.de\/wp-content\/uploads\/2022\/06\/2222-300x185.jpg 300w, https:\/\/echta-derminga.de\/wp-content\/uploads\/2022\/06\/2222-768x472.jpg 768w, https:\/\/echta-derminga.de\/wp-content\/uploads\/2022\/06\/2222-1536x945.jpg 1536w, https:\/\/echta-derminga.de\/wp-content\/uploads\/2022\/06\/2222-2048x1260.jpg 2048w\" sizes=\"auto, (max-width: 700px) 100vw, 700px\" \/><figcaption>Nach 30. Jahren wieder Eintrag ins goldene Buch<\/figcaption><\/figure>\n<\/div>\n\n\n<p class=\"has-medium-font-size wp-block-paragraph\"><strong>30 Jahr nach der Meisterschaft des 1.FC Saarbr\u00fccken und dem damit verbundenen Aufstieg in die 1. Bundesliga entstand die Idee zu einem Jubil\u00e4umstreffen, im Gasthaus \u201eSchuhhannesse\u201c. Die Gr\u00fcndungsst\u00e4tte \u201eAlte Post\u201c wurde vor vielen Jahren geschlossen. Es sollte noch einmal \u201eback to the roots\u201c, zur\u00fcck zu den Wurzeln gehen. In geselliger Runde wollte man sich am 04. Juni 2022 im \u201eSchuhhannesse\u201c treffen und gemeinsam in Erinnerungen schwelgen. Nicht alle folgten der Einladung zu diesem Treffen. Manche waren beruflich verhindert, andere hatten etwas Besseres vor und wiederum andere weilen l\u00e4ngst nicht mehr unter uns.<\/strong><\/p>\n\n\n<div class=\"wp-block-image\">\n<figure class=\"aligncenter size-large\"><img loading=\"lazy\" decoding=\"async\" width=\"700\" height=\"315\" src=\"https:\/\/echta-derminga.de\/wp-content\/uploads\/2022\/06\/12-700x315.jpg\" alt=\"\" class=\"wp-image-12868\" srcset=\"https:\/\/echta-derminga.de\/wp-content\/uploads\/2022\/06\/12-700x315.jpg 700w, https:\/\/echta-derminga.de\/wp-content\/uploads\/2022\/06\/12-300x135.jpg 300w, https:\/\/echta-derminga.de\/wp-content\/uploads\/2022\/06\/12-768x346.jpg 768w, https:\/\/echta-derminga.de\/wp-content\/uploads\/2022\/06\/12.jpg 1000w\" sizes=\"auto, (max-width: 700px) 100vw, 700px\" \/><figcaption>Sch\u00f6nes Wiedersehen !<\/figcaption><\/figure>\n<\/div>\n\n\n<p class=\"has-medium-font-size wp-block-paragraph\">Am Ende gipfelte dieses Jubil\u00e4umstreffen zu einem unvergesslichen Event. Ein wundersch\u00f6ner Abend mit gro\u00dfartigen Gespr\u00e4chen, emotionalen Momenten und einem unerwarteten Besuch. Irgendwie war es wie immer. Die selben Gesten, die gleichen Themen und immer wieder die alten Geschichten. Pl\u00f6tzlich der unerwartete H\u00f6hepunkt:  Die anwesenden Stammtischler staunten nicht schlecht, als sich die T\u00fcr \u00f6ffnete und der ehemalige FCS Spieler Eugen Hach den Raum betrat. Das Mitglied Pascal Matheis hatte den ex-Profi zu diesem Treffen eingeladen und wollte damit f\u00fcr eine \u00dcberraschung sorgen. Diese war ihm auf eindrucksvoller Art und Weise gelungen. Niemand hatte mit diesem besonderen Besuch gerechnet. Eugen Hach wurde mit gro\u00dfem Beifall begr\u00fc\u00dft, wobei es dem ein oder anderen die Stimme verschlug.<\/p>\n\n\n\n<figure class=\"wp-block-gallery has-nested-images columns-default is-cropped wp-block-gallery-2 is-layout-flex wp-block-gallery-is-layout-flex\">\n<figure class=\"wp-block-image size-large\"><img loading=\"lazy\" decoding=\"async\" width=\"700\" height=\"742\" data-id=\"12871\" src=\"https:\/\/echta-derminga.de\/wp-content\/uploads\/2022\/06\/14-700x742.jpg\" alt=\"\" class=\"wp-image-12871\" srcset=\"https:\/\/echta-derminga.de\/wp-content\/uploads\/2022\/06\/14-700x742.jpg 700w, https:\/\/echta-derminga.de\/wp-content\/uploads\/2022\/06\/14-283x300.jpg 283w, https:\/\/echta-derminga.de\/wp-content\/uploads\/2022\/06\/14-768x814.jpg 768w, https:\/\/echta-derminga.de\/wp-content\/uploads\/2022\/06\/14.jpg 1000w\" sizes=\"auto, (max-width: 700px) 100vw, 700px\" \/><\/figure>\n\n\n\n<figure class=\"wp-block-image size-large\"><img loading=\"lazy\" decoding=\"async\" width=\"700\" height=\"364\" data-id=\"12870\" src=\"https:\/\/echta-derminga.de\/wp-content\/uploads\/2022\/06\/13-700x364.jpg\" alt=\"\" class=\"wp-image-12870\" srcset=\"https:\/\/echta-derminga.de\/wp-content\/uploads\/2022\/06\/13-700x364.jpg 700w, https:\/\/echta-derminga.de\/wp-content\/uploads\/2022\/06\/13-300x156.jpg 300w, https:\/\/echta-derminga.de\/wp-content\/uploads\/2022\/06\/13-768x399.jpg 768w, https:\/\/echta-derminga.de\/wp-content\/uploads\/2022\/06\/13.jpg 1000w\" sizes=\"auto, (max-width: 700px) 100vw, 700px\" \/><\/figure>\n<\/figure>\n\n\n\n<p class=\"has-medium-font-size wp-block-paragraph\"><strong>Bis in den sp\u00e4ten Abend wurde gemeinsam gefeiert, musiziert und erz\u00e4hlt. Es war eine Reise in die Vergangenheit. Eugen Hach blieb bis in die Nacht und erz\u00e4hlte von seiner Zeit beim 1. FC Saarbr\u00fccken. Dabei h\u00f6rten wir viele wunderbare Geschichten mit einzigartige Anekdoten. Sch\u00f6n war es, die gemeinsam erlebte Geschichte nochmal aus Sicht eines Spielers zu h\u00f6ren.<\/strong><\/p>\n\n\n<div class=\"wp-block-image\">\n<figure class=\"aligncenter size-large\"><img loading=\"lazy\" decoding=\"async\" width=\"700\" height=\"427\" src=\"https:\/\/echta-derminga.de\/wp-content\/uploads\/2022\/06\/10-700x427.jpg\" alt=\"\" class=\"wp-image-12876\" srcset=\"https:\/\/echta-derminga.de\/wp-content\/uploads\/2022\/06\/10-700x427.jpg 700w, https:\/\/echta-derminga.de\/wp-content\/uploads\/2022\/06\/10-300x183.jpg 300w, https:\/\/echta-derminga.de\/wp-content\/uploads\/2022\/06\/10-768x468.jpg 768w, https:\/\/echta-derminga.de\/wp-content\/uploads\/2022\/06\/10.jpg 1000w\" sizes=\"auto, (max-width: 700px) 100vw, 700px\" \/><figcaption>Jubil\u00e4umstreffen FCS Stammtisch Dirmingen<\/figcaption><\/figure>\n<\/div>\n\n\n<p class=\"has-medium-font-size wp-block-paragraph\"><strong>Wir gingen ohne gro\u00dfe Erwartungen in dieses Jubil\u00e4umstreffen und erlebten am Ende einen unvergesslichen Abend. Wer wei\u00df, vielleicht sehen wir uns irgendwann wieder und k\u00f6nnen dann auch von diesem Abend voller \u00dcberraschungen erz\u00e4hlen. Geplant haben wir nichts und niemand wei\u00df, ob die FCS Stammtischrunde wieder aufbl\u00fchen wird. Wir haben uns nichts vorgenommen und erwarten getrost was uns die Zukunft bringen wird. Damit sind wir w\u00e4hrend des diesj\u00e4hrigen Jubil\u00e4umstreffens schon einmal gut gefahren ! Allen Freunden der FCS Stammtischrunde danke ich f\u00fcr diesen  hochemotionalen Abend. Es war mir eine Ehre !<\/strong><\/p>\n\n\n<div class=\"wp-block-image\">\n<figure class=\"aligncenter size-large\"><img loading=\"lazy\" decoding=\"async\" width=\"700\" height=\"737\" src=\"https:\/\/echta-derminga.de\/wp-content\/uploads\/2022\/06\/111-700x737.jpg\" alt=\"\" class=\"wp-image-12878\" srcset=\"https:\/\/echta-derminga.de\/wp-content\/uploads\/2022\/06\/111-700x737.jpg 700w, https:\/\/echta-derminga.de\/wp-content\/uploads\/2022\/06\/111-285x300.jpg 285w, https:\/\/echta-derminga.de\/wp-content\/uploads\/2022\/06\/111-768x809.jpg 768w, https:\/\/echta-derminga.de\/wp-content\/uploads\/2022\/06\/111-1458x1536.jpg 1458w, https:\/\/echta-derminga.de\/wp-content\/uploads\/2022\/06\/111-1944x2048.jpg 1944w\" sizes=\"auto, (max-width: 700px) 100vw, 700px\" \/><figcaption>Danke f\u00fcr den Besuch lieber Eugen.<\/figcaption><\/figure>\n<\/div>","protected":false},"excerpt":{"rendered":"<p>Wir schrieben den 17. Mai 1992! Der 1. FC Saarbr\u00fccken siegte am letzten Spieltag der Saison 191\/92 mit 3- 1 Toren in Chemnitz und stieg in die 1. Fu\u00dfball-Bundesliga auf. Seitdem ist vieles geschehen und so manches Tor gefallen. Die FCS Stammtischrunde Dirmingen erlebte in dieser Zeit ihren absoluten H\u00f6henflug. Mit den \u201eBlau- Schwarzen\u201c verbindet mich bis heute eine innige<\/p>\n","protected":false},"author":1,"featured_media":12865,"comment_status":"closed","ping_status":"closed","sticky":false,"template":"","format":"standard","meta":{"_crdt_document":"","footnotes":""},"categories":[1,9,45],"tags":[5,273,272,618,127,310],"class_list":["post-12860","post","type-post","status-publish","format-standard","has-post-thumbnail","hentry","category-allgemein","category-dorfgetratsche","category-mein-fussball","tag-dirmingen","tag-fc-saarbruecken","tag-fcs-stammtischrunde-dirmingen","tag-gemeinde-eppelborn","tag-landkreis-neunkirchen","tag-saarland"],"_links":{"self":[{"href":"https:\/\/echta-derminga.de\/index.php?rest_route=\/wp\/v2\/posts\/12860","targetHints":{"allow":["GET"]}}],"collection":[{"href":"https:\/\/echta-derminga.de\/index.php?rest_route=\/wp\/v2\/posts"}],"about":[{"href":"https:\/\/echta-derminga.de\/index.php?rest_route=\/wp\/v2\/types\/post"}],"author":[{"embeddable":true,"href":"https:\/\/echta-derminga.de\/index.php?rest_route=\/wp\/v2\/users\/1"}],"replies":[{"embeddable":true,"href":"https:\/\/echta-derminga.de\/index.php?rest_route=%2Fwp%2Fv2%2Fcomments&post=12860"}],"version-history":[{"count":15,"href":"https:\/\/echta-derminga.de\/index.php?rest_route=\/wp\/v2\/posts\/12860\/revisions"}],"predecessor-version":[{"id":12885,"href":"https:\/\/echta-derminga.de\/index.php?rest_route=\/wp\/v2\/posts\/12860\/revisions\/12885"}],"wp:featuredmedia":[{"embeddable":true,"href":"https:\/\/echta-derminga.de\/index.php?rest_route=\/wp\/v2\/media\/12865"}],"wp:attachment":[{"href":"https:\/\/echta-derminga.de\/index.php?rest_route=%2Fwp%2Fv2%2Fmedia&parent=12860"}],"wp:term":[{"taxonomy":"category","embeddable":true,"href":"https:\/\/echta-derminga.de\/index.php?rest_route=%2Fwp%2Fv2%2Fcategories&post=12860"},{"taxonomy":"post_tag","embeddable":true,"href":"https:\/\/echta-derminga.de\/index.php?rest_route=%2Fwp%2Fv2%2Ftags&post=12860"}],"curies":[{"name":"wp","href":"https:\/\/api.w.org\/{rel}","templated":true}]}}