{"id":12886,"date":"2022-06-06T14:14:51","date_gmt":"2022-06-06T13:14:51","guid":{"rendered":"https:\/\/echta-derminga.de\/?p=12886"},"modified":"2022-06-06T19:15:53","modified_gmt":"2022-06-06T18:15:53","slug":"in-sachen-ortsvorsteher-von-einem-zukunftswettbewerb-einem-abschied-einer-neueroeffnung-und-einem-gemeinschaftsprojekt","status":"publish","type":"post","link":"https:\/\/echta-derminga.de\/?p=12886","title":{"rendered":"In Sachen Ortsvorsteher: Von einem Zukunftswettbewerb, einem Abschied, einer Neuer\u00f6ffnung und einem Gemeinschaftsprojekt"},"content":{"rendered":"\n<p class=\"has-medium-font-size wp-block-paragraph\">Nach zwei Jahren pandemiebedingter Pause findet in diesem Jahr wieder die Eppelborner Pfingstkirmes statt. Als Repr\u00e4sentant des Gemeindebezirks Dirmingen war es mir eine Ehre und Selbstverst\u00e4ndlichkeit der Er\u00f6ffnungszeremonie beizuwohnen. Sch\u00f6n, dass endlich wieder gefeiert werden darf. Ich freue mich mit den Verantwortlichen um den Kirmesvater und Eppelborner Ortsvorsteher Berthold Schmitt und B\u00fcrgermeister Dr. Andreas Feld. Ich kann mir gut vorstellen, dass in Eppelborn und Umgebung die Freude \u00fcber das diesj\u00e4hrige Kirmestreiben \u00fcberwiegt. Immerhin wurde auch in diesem Jahr viel Herzblut investiert. Zahlreiche G\u00e4ste waren der Einladung des Rathauses gefolgt, darunter auch unser Landrat S\u00f6ren Meng. Die Eppelborner Pfingstkirmes geh\u00f6rt zu den gr\u00f6\u00dften Dorf Kirmessen unseres Landes. <\/p>\n\n\n\n<figure class=\"wp-block-gallery has-nested-images columns-default is-cropped wp-block-gallery-1 is-layout-flex wp-block-gallery-is-layout-flex\">\n<figure class=\"wp-block-image size-large\"><img loading=\"lazy\" decoding=\"async\" width=\"700\" height=\"414\" data-id=\"12892\" src=\"https:\/\/echta-derminga.de\/wp-content\/uploads\/2022\/06\/300-700x414.jpg\" alt=\"\" class=\"wp-image-12892\" srcset=\"https:\/\/echta-derminga.de\/wp-content\/uploads\/2022\/06\/300-700x414.jpg 700w, https:\/\/echta-derminga.de\/wp-content\/uploads\/2022\/06\/300-300x177.jpg 300w, https:\/\/echta-derminga.de\/wp-content\/uploads\/2022\/06\/300-768x454.jpg 768w, https:\/\/echta-derminga.de\/wp-content\/uploads\/2022\/06\/300.jpg 900w\" sizes=\"auto, (max-width: 700px) 100vw, 700px\" \/><\/figure>\n\n\n\n<figure class=\"wp-block-image size-large\"><img loading=\"lazy\" decoding=\"async\" width=\"700\" height=\"401\" data-id=\"12890\" src=\"https:\/\/echta-derminga.de\/wp-content\/uploads\/2022\/06\/100-700x401.jpg\" alt=\"\" class=\"wp-image-12890\" srcset=\"https:\/\/echta-derminga.de\/wp-content\/uploads\/2022\/06\/100-700x401.jpg 700w, https:\/\/echta-derminga.de\/wp-content\/uploads\/2022\/06\/100-300x172.jpg 300w, https:\/\/echta-derminga.de\/wp-content\/uploads\/2022\/06\/100-768x440.jpg 768w, https:\/\/echta-derminga.de\/wp-content\/uploads\/2022\/06\/100.jpg 900w\" sizes=\"auto, (max-width: 700px) 100vw, 700px\" \/><\/figure>\n\n\n\n<figure class=\"wp-block-image size-large\"><img loading=\"lazy\" decoding=\"async\" width=\"700\" height=\"507\" data-id=\"12891\" src=\"https:\/\/echta-derminga.de\/wp-content\/uploads\/2022\/06\/200-700x507.jpg\" alt=\"\" class=\"wp-image-12891\" srcset=\"https:\/\/echta-derminga.de\/wp-content\/uploads\/2022\/06\/200-700x507.jpg 700w, https:\/\/echta-derminga.de\/wp-content\/uploads\/2022\/06\/200-300x217.jpg 300w, https:\/\/echta-derminga.de\/wp-content\/uploads\/2022\/06\/200-768x556.jpg 768w, https:\/\/echta-derminga.de\/wp-content\/uploads\/2022\/06\/200.jpg 900w\" sizes=\"auto, (max-width: 700px) 100vw, 700px\" \/><\/figure>\n<\/figure>\n\n\n\n<p class=\"has-medium-font-size wp-block-paragraph\"><strong>Unser Dorf hat Zukunft &#8211; Jury des Landkreises besucht Dirmingen<\/strong><\/p>\n\n\n\n<p class=\"has-medium-font-size wp-block-paragraph\">Dirmingen beteiligt sich in diesem Jahr erstmals an dem Wettbewerb &#8220; Unser Dorf hat Zukunft&#8220; des Landkreises Neunkirchen. Am Donnerstag, 02. Juni besuchte die Jury des Landkreises unseren Heimatort. Eine Delegation aus Kreistagsmitgliedern und Mitarbeitern der Kreisverwaltung, um unseren Landrat S\u00f6ren Meng, verschaffte sich einen Blick \u00fcber die in unserem Dorf vorhandene Infrastruktur. W\u00e4hrend des Besuches d\u00fcrfte es uns gelungen sein, unsere schriftliche Bewerbung zu unterstreichen. Gemeinsam mit Reimund Klein vom Kulturverein Dirmingen und Hans-Peter Hoffmann von der Kolpingfamilie Dirmingen ist es gelungen eine gute Pr\u00e4sentation unseres Dorfes vorzustellen. Wir haben alles erdenkliche gegeben und versucht die St\u00e4rken unseres Heimatortes hervorzuheben. B\u00fcrgermeister Andreas Feld begr\u00fc\u00dfte die Jury nach ihrem Eintreffen und sprach seine Empfehlung f\u00fcr Dirmingen aus. Jetzt warten wir getrost die Entscheidung der Jury ab und hoffen auf ein gutes Abschneiden. Vielen Dank an alle die unsere Bewerbung aktiv unterst\u00fctzt haben. Ich hoffe, Sie dr\u00fccken uns die Daumen.<\/p>\n\n\n<div class=\"wp-block-image\">\n<figure class=\"aligncenter size-large\"><img loading=\"lazy\" decoding=\"async\" width=\"700\" height=\"700\" src=\"https:\/\/echta-derminga.de\/wp-content\/uploads\/2022\/06\/111-1-700x700.jpg\" alt=\"\" class=\"wp-image-12894\" srcset=\"https:\/\/echta-derminga.de\/wp-content\/uploads\/2022\/06\/111-1-700x700.jpg 700w, https:\/\/echta-derminga.de\/wp-content\/uploads\/2022\/06\/111-1-300x300.jpg 300w, https:\/\/echta-derminga.de\/wp-content\/uploads\/2022\/06\/111-1-150x150.jpg 150w, https:\/\/echta-derminga.de\/wp-content\/uploads\/2022\/06\/111-1-768x768.jpg 768w, https:\/\/echta-derminga.de\/wp-content\/uploads\/2022\/06\/111-1-1536x1536.jpg 1536w, https:\/\/echta-derminga.de\/wp-content\/uploads\/2022\/06\/111-1.jpg 2048w, https:\/\/echta-derminga.de\/wp-content\/uploads\/2022\/06\/111-1-90x90.jpg 90w, https:\/\/echta-derminga.de\/wp-content\/uploads\/2022\/06\/111-1-75x75.jpg 75w\" sizes=\"auto, (max-width: 700px) 100vw, 700px\" \/><figcaption>Quelle: Sebastian Br\u00fc\u00dfel<\/figcaption><\/figure>\n<\/div>\n\n\n<p class=\"has-medium-font-size wp-block-paragraph\"><strong>Zeit zum Abschied &#8211; Vielen Dank an die Familie Gordner<\/strong><\/p>\n\n\n\n<p class=\"has-medium-font-size wp-block-paragraph\">Seit 1948 betrieb die Familie Seibert-Gordner mit dem im Volksmund bekannten &#8222;Zigaretten-Walter&#8220; ein Unternehmen in der Dirminger Ortsmitte. Angefangen hat alles mit Tabak und Zigaretten. Im Laufe der kamen Schreibwaren,&nbsp;Postfiliale, Geschenkartikel und Schulmaterial hinzu. Beim &#8222;Zigarette -Walter&#8220; wurden die Menschen unseres Dorfes bestens versorgt. \u00dcber Generationen hinweg st\u00e4rkte das Familienunternehmen die Infrastruktur unseres Heimatortes. Am 31. Mai 2022 feierte das Familienunternehmen die letzte Schicht. Gemeinsam mit B\u00fcrgermeister Dr. Andreas Feld durfte ich die Inhaberin Tanja Gordner und ihre Schwiegermutter Inge Gordner verabschieden. Im Namen der Dirminger Bev\u00f6lkerung m\u00f6chte ich der Familie Seibert und Gordner auch an dieser Stelle ganz herzlich danken. Der &#8222;Zigarette-Walter&#8220; war und ist ein Original und ein echtes St\u00fcck Dirmingen.<\/p>\n\n\n<div class=\"wp-block-image\">\n<figure class=\"aligncenter size-large\"><img loading=\"lazy\" decoding=\"async\" width=\"700\" height=\"474\" src=\"https:\/\/echta-derminga.de\/wp-content\/uploads\/2022\/06\/22_SchreibenSchenken-Kopie-700x474.jpg\" alt=\"\" class=\"wp-image-12896\" srcset=\"https:\/\/echta-derminga.de\/wp-content\/uploads\/2022\/06\/22_SchreibenSchenken-Kopie-700x474.jpg 700w, https:\/\/echta-derminga.de\/wp-content\/uploads\/2022\/06\/22_SchreibenSchenken-Kopie-300x203.jpg 300w, https:\/\/echta-derminga.de\/wp-content\/uploads\/2022\/06\/22_SchreibenSchenken-Kopie-768x521.jpg 768w, https:\/\/echta-derminga.de\/wp-content\/uploads\/2022\/06\/22_SchreibenSchenken-Kopie.jpg 900w\" sizes=\"auto, (max-width: 700px) 100vw, 700px\" \/><figcaption>Vielen Dank f\u00fcr die Zeit<\/figcaption><\/figure>\n<\/div>\n\n\n<p class=\"has-medium-font-size wp-block-paragraph\"><strong>Herzlichen Gl\u00fcckwunsch zur Neuer\u00f6ffnung<\/strong><\/p>\n\n\n\n<p class=\"has-medium-font-size wp-block-paragraph\">Am Mittwoch, 01. Juni feierte Angelique Honig aus H\u00fcttigweiler die Neuer\u00f6ffnung des alteingesessenen Gesch\u00e4ftes &#8222;Schreiben und Schenken&#8220; in der Dirminger Ortsmitte. Mit der neuen Inhaberin wird es also beim &#8222;Zigaretten- Walter&#8220; oder &#8222;Schreiben und Schenken&#8220; in altbew\u00e4hrter Form weitergehen. Auch zuk\u00fcnftig wird in der Dirminger Ortsmitte auf Qualit\u00e4t und Innovation gesetzt. Mit Angelique Honig bekommen wir eine engagierte und freundliche Gesch\u00e4ftsf\u00fchrerin. Gemeinsam mit B\u00fcrgermeister Dr. Andreas Feld \u00fcberbrachte ich die Gl\u00fcckw\u00fcnsche des Ortsrates und unseres Heimatortes.<\/p>\n\n\n<div class=\"wp-block-image\">\n<figure class=\"aligncenter size-large\"><img loading=\"lazy\" decoding=\"async\" width=\"700\" height=\"446\" src=\"https:\/\/echta-derminga.de\/wp-content\/uploads\/2022\/06\/0000-700x446.jpg\" alt=\"\" class=\"wp-image-12898\" srcset=\"https:\/\/echta-derminga.de\/wp-content\/uploads\/2022\/06\/0000-700x446.jpg 700w, https:\/\/echta-derminga.de\/wp-content\/uploads\/2022\/06\/0000-300x191.jpg 300w, https:\/\/echta-derminga.de\/wp-content\/uploads\/2022\/06\/0000-768x490.jpg 768w, https:\/\/echta-derminga.de\/wp-content\/uploads\/2022\/06\/0000.jpg 900w\" sizes=\"auto, (max-width: 700px) 100vw, 700px\" \/><figcaption>Herzlich Willkommen in Dirmingen<\/figcaption><\/figure>\n<\/div>\n\n\n<p class=\"has-medium-font-size wp-block-paragraph\"><strong>Seniorentag auf Finkenrech<\/strong><\/p>\n\n\n\n<p class=\"has-medium-font-size wp-block-paragraph\">Nach einer pandemiebedingten Pause veranstaltet der Dirminger Ortsrat am 09. Juli endlich wieder einen Seniorentag. Alle B\u00fcrgerinnen und B\u00fcrger die das 70. Lebensjahr erreicht haben, sind ganz herzlich eingeladen. Eine pers\u00f6nliche, schriftliche Einladung wird in den n\u00e4chsten Wochen versendet. Der Seniorentag wird auch in diesem Jahr im Landhotel Finkenrech durchgef\u00fchrt. Nat\u00fcrlich werden wir f\u00fcr ein passendes Rahmenprogramm und einige kulinarische K\u00f6stlichkeiten sorgen. Der Ortsrat freut sich auf einen sch\u00f6nen Seniorentag im Freizeitzentrum Finkenrech.<\/p>\n\n\n\n<p class=\"has-medium-font-size wp-block-paragraph\"><strong>CD- Verkauf&#8220; Mensch zu sein&#8220; jetzt auch in Eppelborn<\/strong><\/p>\n\n\n\n<p class=\"has-medium-font-size wp-block-paragraph\">Unser CD- Musikprojekt &#8222;Mensch zu sein&#8220; wird seit einigen Wochen sehr gut angenommen. Seit der vergangenen Woche ist die CD auch in der Eppelborner Ortsmitte k\u00e4uflich zu erwerben. Der Erl\u00f6s aus dem Verkauf geht direkt an die Gefl\u00fcchteten in unserer Gemeinde. Seit Wochen gibt es in der Gemeinde Eppelborn eine aktive Hilfsgruppe f\u00fcr Fl\u00fcchtlinge der Gemeinde Eppelborn. In der vergangenen Woche besuchten Martina Schlaucher, Thomas Lapp von Perlregen sowie Uwe Hanson, Timo Br\u00fcck und meine Wenigkeit B\u00fcrgermeister Feld in seinem Rathaus und \u00fcberreichten ihm die CD &#8222;Mensch zu sein&#8220;. Der Rathauschef sagte prompt seine Unterst\u00fctzung zu und war behilflich bei der Koordinierung weiterer Verkaufsstellen. Ab sofort wird die CD bei folgenden Verkaufsstellen erh\u00e4ltlich sein:  \u201eSchreiben und Schenken\u201c Dirmingen \u2013 Bettinas Floristik Dirmingen \u2013 Blende 8 Eppelborn \u2013 Tabak &amp; More Eppelborn \u2013 B\u00fcrgerinformation im Rathaus Eppelborn. Bitte machen Sie regen Gebrauch von diesem Angebot. Mit der Unterst\u00fctzung unserer Kultur k\u00f6nnen Sie etwas Gutes bewirken und vor Ort helfen.<\/p>\n\n\n<div class=\"wp-block-image\">\n<figure class=\"aligncenter size-large\"><img loading=\"lazy\" decoding=\"async\" width=\"700\" height=\"370\" src=\"https:\/\/echta-derminga.de\/wp-content\/uploads\/2022\/06\/22_CD-2-Gross-1024x541-1-700x370.jpg\" alt=\"\" class=\"wp-image-12900\" srcset=\"https:\/\/echta-derminga.de\/wp-content\/uploads\/2022\/06\/22_CD-2-Gross-1024x541-1-700x370.jpg 700w, https:\/\/echta-derminga.de\/wp-content\/uploads\/2022\/06\/22_CD-2-Gross-1024x541-1-300x158.jpg 300w, https:\/\/echta-derminga.de\/wp-content\/uploads\/2022\/06\/22_CD-2-Gross-1024x541-1-768x406.jpg 768w, https:\/\/echta-derminga.de\/wp-content\/uploads\/2022\/06\/22_CD-2-Gross-1024x541-1.jpg 1024w\" sizes=\"auto, (max-width: 700px) 100vw, 700px\" \/><figcaption>Da ist das Ding !<\/figcaption><\/figure>\n<\/div>\n\n\n<p class=\"has-medium-font-size wp-block-paragraph\"><strong>Gemeinschaftsprojekt &#8222;Historische Schaukasten&#8220; zwischen Dirmingen und Berschweiler<\/strong><\/p>\n\n\n\n<p class=\"has-medium-font-size wp-block-paragraph\">Am Freitag, 03. Juni 2022 wurden zwei weitere neue historische Schauk\u00e4sten aufgestellt und neu best\u00fcckt. Dabei findet man einen der beiden neuen Schauk\u00e4sten am &#8222;B\u00fcttelseck&#8220; und einen weiteren auf dem &#8222;Alten Weg&#8220;, in der Frankenbach, zwischen Dirmingen und Berschweiler. Der Schaukasten in der Frankenbach ist ein Gemeinschaftsprojekt der beiden Ortsvorsteher Ingo Recktenwald aus Berschweiler und Frank Klein aus Dirmingen. Mit diesem Schaukasten und den zuk\u00fcnftig beinhaltenen Informationen soll die historische Verbindung der beiden Nachbarorte unterstrichen werden. Immerhin ist die Geschichte von Dirmingen und Berschweiler eng miteinander verbunden. Ich freue mich, dass es gelungen ist gemeinsam mit Ortsvorsteher Ingo Recktenwald dieses Projekt umzusetzen. Vielleicht finden Sie einmal die Zeit zu einem Spaziergang durch die Frankenbach und zu einem Besuch an unserem neuen Schaukasten. Bei der Einweihung des gemeinschaftlichen Schaukastens waren neben den beiden Ortsvorstehern auch der Berschweiler Historiker Stefan Hell, sowie die beiden &#8222;Macher&#8220; Josef Wilhelm und Harald Gerstner anwesend. Die Schauk\u00e4ste wurden in m\u00fchevoller Kleinarbeit durch den Dirminger Bankpaten Rudi Konetzka hergestellt. Zuk\u00fcnftig werden diese Schaukasten von beiden Ortschaften mit Informationen best\u00fcckt. Ich danke allen die an diesem Gemeinschaftsprojekt teilgenommen haben.<\/p>\n\n\n<div class=\"wp-block-image\">\n<figure class=\"aligncenter size-large is-resized\"><img loading=\"lazy\" decoding=\"async\" src=\"https:\/\/echta-derminga.de\/wp-content\/uploads\/2022\/06\/20220603_182507-Kopie-700x525.jpg\" alt=\"\" class=\"wp-image-12902\" width=\"700\" height=\"525\" srcset=\"https:\/\/echta-derminga.de\/wp-content\/uploads\/2022\/06\/20220603_182507-Kopie-700x525.jpg 700w, https:\/\/echta-derminga.de\/wp-content\/uploads\/2022\/06\/20220603_182507-Kopie-300x225.jpg 300w, https:\/\/echta-derminga.de\/wp-content\/uploads\/2022\/06\/20220603_182507-Kopie-768x576.jpg 768w, https:\/\/echta-derminga.de\/wp-content\/uploads\/2022\/06\/20220603_182507-Kopie.jpg 900w\" sizes=\"auto, (max-width: 700px) 100vw, 700px\" \/><figcaption>Gemeinschaftlicher historischer Schaukasten<\/figcaption><\/figure>\n<\/div>\n\n\n<p class=\"has-medium-font-size wp-block-paragraph\"><strong>\u00d6kumenische Nacht der Kirchen in der evangelischen Kirche Dirmingen<\/strong><\/p>\n\n\n\n<p class=\"has-medium-font-size wp-block-paragraph\">Die diesj\u00e4hrige \u00f6kumenische Veranstaltung &#8222;Nacht der Kirchen&#8220; wurde am Pfingstsonntag in der evangelischen Kirche zelebriert. Dabei konnten die beiden Kirchengemeinden bez\u00fcglich der \u00d6kumene einen weiteren Meilenstein setzen. Die diesj\u00e4hrige Veranstaltung stand im Zeichen der Tasteninstrumente. An Klavier und Orgel sorgten weltliche und kirchliche Musiker f\u00fcr ein wundersch\u00f6nes Rahmenprogramm. Vielen Dank an die beteiligten Musiker Thomas Geida mit Ehefrau, Timo Br\u00fcck, Daniel M\u00fchlhausen und Wolfram Schiffler. Kleinere Irritationen gab es bez\u00fcglich der Durchf\u00fchrung des Programms. Hier haben wir es vielleicht vers\u00e4umt den Menschen zu verdeutlichen, dass bei dieser Veranstaltung kein Gottesdienst im Vordergrund steht. Vielmehr wird die Kirche zu einem Ort der Begegnung, der Stille und der inneren Einkehr. Dabei spielt die Kultur eine wichtige Rolle. W\u00e4hrend bei uns die Musik im Vordergrund stand fanden in anderen Kirchen Filmabende, Blues Konzerte oder Lesungen statt. Dennoch erlebten wir in Dirmingen einen wundersch\u00f6nen Abend. Unter den zahlreichen G\u00e4sten befanden sich auch B\u00fcrgermeister Andreas Feld mit seiner Ehefrau, der 1.Kreisabgeordneten Daniela Feld und deren Tochter. Herzlichen Dank an alle Helferinnen und Helfer unserer katholischen und der evangelischen Kirchengemeinden in Dirmingen. Ein besonderer Dank geht an die Gemeindereferentin der katholischen Pfarreiengemeinschaft Eppelborn-Dirmingen Frau Anne Haan.<\/p>\n\n\n\n<figure class=\"wp-block-gallery has-nested-images columns-default is-cropped wp-block-gallery-2 is-layout-flex wp-block-gallery-is-layout-flex\">\n<figure class=\"wp-block-image size-large\"><img loading=\"lazy\" decoding=\"async\" width=\"700\" height=\"315\" data-id=\"12909\" src=\"https:\/\/echta-derminga.de\/wp-content\/uploads\/2022\/06\/2000-700x315.jpg\" alt=\"\" class=\"wp-image-12909\" srcset=\"https:\/\/echta-derminga.de\/wp-content\/uploads\/2022\/06\/2000-700x315.jpg 700w, https:\/\/echta-derminga.de\/wp-content\/uploads\/2022\/06\/2000-300x135.jpg 300w, https:\/\/echta-derminga.de\/wp-content\/uploads\/2022\/06\/2000-768x346.jpg 768w, https:\/\/echta-derminga.de\/wp-content\/uploads\/2022\/06\/2000.jpg 900w\" sizes=\"auto, (max-width: 700px) 100vw, 700px\" \/><\/figure>\n\n\n\n<figure class=\"wp-block-image size-large\"><img loading=\"lazy\" decoding=\"async\" width=\"700\" height=\"315\" data-id=\"12908\" src=\"https:\/\/echta-derminga.de\/wp-content\/uploads\/2022\/06\/1000-700x315.jpg\" alt=\"\" class=\"wp-image-12908\" srcset=\"https:\/\/echta-derminga.de\/wp-content\/uploads\/2022\/06\/1000-700x315.jpg 700w, https:\/\/echta-derminga.de\/wp-content\/uploads\/2022\/06\/1000-300x135.jpg 300w, https:\/\/echta-derminga.de\/wp-content\/uploads\/2022\/06\/1000-768x346.jpg 768w, https:\/\/echta-derminga.de\/wp-content\/uploads\/2022\/06\/1000.jpg 900w\" sizes=\"auto, (max-width: 700px) 100vw, 700px\" \/><\/figure>\n<\/figure>\n\n\n\n<p class=\"has-medium-font-size wp-block-paragraph\"><strong>Herzlichen Gl\u00fcckwunsch &#8211; 100 Jahre SV Dirmingen <\/strong><\/p>\n\n\n\n<p class=\"has-medium-font-size wp-block-paragraph\">Nach zweij\u00e4hriger Corona-Zwangspause findet in diesem Jahr endlich wieder das traditionsreiche Dorfturnier &#8222;Unser Dorf spielt Fu\u00dfball&#8220;, im heimischen Belkerstadion statt. Anl\u00e4sslich des 100j\u00e4hrigen Jubil\u00e4ums des SV Dirmingen soll richtig gefeiert werden. Das Turnier beginnt am 07. Juni 2022 mit einem z\u00fcnftigen Fassanstich. Es wird ein buntes Rahmenprogramm mit DJs, Live Musik, traditionellem Familientag und einem reichhaltigen kulinarischen Angebot auf die Beine gestellt. Das Rahmenprogramm beinhaltet unter anderem eine Malle-Party, viel Live- Musik und nat\u00fcrlich eine gro\u00dfe Jubil\u00e4umsfeier im Belkerstadion. Die Bev\u00f6lkerung ist ganz herzlich zu dieser Jubil\u00e4umsveranstaltung in der Zeit vom 07. Juni bis zum 18. Juni 2022 eingeladen.<\/p>\n\n\n\n<figure class=\"wp-block-gallery has-nested-images columns-default is-cropped wp-block-gallery-3 is-layout-flex wp-block-gallery-is-layout-flex\">\n<figure class=\"wp-block-image size-large\"><img loading=\"lazy\" decoding=\"async\" width=\"700\" height=\"875\" data-id=\"12827\" src=\"https:\/\/echta-derminga.de\/wp-content\/uploads\/2022\/05\/272093676_947972645853067_61176356623106272_n-700x875.jpg\" alt=\"\" class=\"wp-image-12827\" srcset=\"https:\/\/echta-derminga.de\/wp-content\/uploads\/2022\/05\/272093676_947972645853067_61176356623106272_n-700x875.jpg 700w, https:\/\/echta-derminga.de\/wp-content\/uploads\/2022\/05\/272093676_947972645853067_61176356623106272_n-240x300.jpg 240w, https:\/\/echta-derminga.de\/wp-content\/uploads\/2022\/05\/272093676_947972645853067_61176356623106272_n-768x960.jpg 768w, https:\/\/echta-derminga.de\/wp-content\/uploads\/2022\/05\/272093676_947972645853067_61176356623106272_n.jpg 1080w\" sizes=\"auto, (max-width: 700px) 100vw, 700px\" \/><\/figure>\n\n\n\n<figure class=\"wp-block-image size-large\"><img loading=\"lazy\" decoding=\"async\" width=\"700\" height=\"875\" data-id=\"12826\" src=\"https:\/\/echta-derminga.de\/wp-content\/uploads\/2022\/05\/272146167_947972709186394_4677704535484288222_n-700x875.jpg\" alt=\"\" class=\"wp-image-12826\" srcset=\"https:\/\/echta-derminga.de\/wp-content\/uploads\/2022\/05\/272146167_947972709186394_4677704535484288222_n-700x875.jpg 700w, https:\/\/echta-derminga.de\/wp-content\/uploads\/2022\/05\/272146167_947972709186394_4677704535484288222_n-240x300.jpg 240w, https:\/\/echta-derminga.de\/wp-content\/uploads\/2022\/05\/272146167_947972709186394_4677704535484288222_n-768x960.jpg 768w, https:\/\/echta-derminga.de\/wp-content\/uploads\/2022\/05\/272146167_947972709186394_4677704535484288222_n.jpg 1080w\" sizes=\"auto, (max-width: 700px) 100vw, 700px\" \/><\/figure>\n<\/figure>\n\n\n\n<p class=\"has-medium-font-size wp-block-paragraph\"><strong>Liebe Landsleute, mit Blick auf die immer noch angespannte Lage im Osten Europas, f\u00e4llt es uns manchmal schwer zur Normalit\u00e4t \u00fcberzugehen. Dennoch glaube ich eine gewisse Aufbruchstimmung wahrzunehmen. Die Menschen gehen wieder auf die Stra\u00dfe und versuchen das Leben zu genie\u00dfen. Vielerorts wird wieder ausgiebig gefeiert und auch in unserem Heimatort wird im Sommer so einiges angeboten.<\/strong><\/p>\n\n\n\n<p class=\"has-medium-font-size wp-block-paragraph\">Ich m\u00f6chte Sie bitten das Angebot unserer Vereine anzunehmen. Nehmen Sie sich etwas Zeit f\u00fcr sich und ihre Familie und genie\u00dfen Sie die Dirminger Natur-und Kulturlandschaft.<\/p>\n\n\n\n<p class=\"has-medium-font-size wp-block-paragraph\"><strong>In diesem Sinne w\u00fcnsche ich Ihnen eine sch\u00f6ne Zeit im sch\u00f6nsten Dorf der Welt.<\/strong><\/p>\n\n\n\n<p class=\"has-medium-font-size wp-block-paragraph\">Ihr Ortsvorsteher<\/p>\n\n\n\n<p class=\"has-medium-font-size wp-block-paragraph\">Frank Klein<\/p>\n","protected":false},"excerpt":{"rendered":"<p>Nach zwei Jahren pandemiebedingter Pause findet in diesem Jahr wieder die Eppelborner Pfingstkirmes statt. Als Repr\u00e4sentant des Gemeindebezirks Dirmingen war es mir eine Ehre und Selbstverst\u00e4ndlichkeit der Er\u00f6ffnungszeremonie beizuwohnen. Sch\u00f6n, dass endlich wieder gefeiert werden darf. Ich freue mich mit den Verantwortlichen um den Kirmesvater und Eppelborner Ortsvorsteher Berthold Schmitt und B\u00fcrgermeister Dr. Andreas Feld. Ich kann mir gut vorstellen,<\/p>\n","protected":false},"author":1,"featured_media":12900,"comment_status":"open","ping_status":"closed","sticky":false,"template":"","format":"standard","meta":{"_crdt_document":"","footnotes":""},"categories":[1,9,812],"tags":[5,85,618,568,127,795,994],"class_list":["post-12886","post","type-post","status-publish","format-standard","has-post-thumbnail","hentry","category-allgemein","category-dorfgetratsche","category-ortsvorsteher-dirmingen","tag-dirmingen","tag-evangelische-kirche-dirmingen","tag-gemeinde-eppelborn","tag-katholische-kirchengemeinde","tag-landkreis-neunkirchen","tag-ortsvorsteher-dirmingen","tag-unser-dorf-hat-zukunft"],"_links":{"self":[{"href":"https:\/\/echta-derminga.de\/index.php?rest_route=\/wp\/v2\/posts\/12886","targetHints":{"allow":["GET"]}}],"collection":[{"href":"https:\/\/echta-derminga.de\/index.php?rest_route=\/wp\/v2\/posts"}],"about":[{"href":"https:\/\/echta-derminga.de\/index.php?rest_route=\/wp\/v2\/types\/post"}],"author":[{"embeddable":true,"href":"https:\/\/echta-derminga.de\/index.php?rest_route=\/wp\/v2\/users\/1"}],"replies":[{"embeddable":true,"href":"https:\/\/echta-derminga.de\/index.php?rest_route=%2Fwp%2Fv2%2Fcomments&post=12886"}],"version-history":[{"count":17,"href":"https:\/\/echta-derminga.de\/index.php?rest_route=\/wp\/v2\/posts\/12886\/revisions"}],"predecessor-version":[{"id":12917,"href":"https:\/\/echta-derminga.de\/index.php?rest_route=\/wp\/v2\/posts\/12886\/revisions\/12917"}],"wp:featuredmedia":[{"embeddable":true,"href":"https:\/\/echta-derminga.de\/index.php?rest_route=\/wp\/v2\/media\/12900"}],"wp:attachment":[{"href":"https:\/\/echta-derminga.de\/index.php?rest_route=%2Fwp%2Fv2%2Fmedia&parent=12886"}],"wp:term":[{"taxonomy":"category","embeddable":true,"href":"https:\/\/echta-derminga.de\/index.php?rest_route=%2Fwp%2Fv2%2Fcategories&post=12886"},{"taxonomy":"post_tag","embeddable":true,"href":"https:\/\/echta-derminga.de\/index.php?rest_route=%2Fwp%2Fv2%2Ftags&post=12886"}],"curies":[{"name":"wp","href":"https:\/\/api.w.org\/{rel}","templated":true}]}}