{"id":12932,"date":"2022-06-16T14:19:19","date_gmt":"2022-06-16T13:19:19","guid":{"rendered":"https:\/\/echta-derminga.de\/?p=12932"},"modified":"2022-06-16T14:30:48","modified_gmt":"2022-06-16T13:30:48","slug":"100-vereinsjubilaeum-des-sv-dirmingen-e-v-1922-staerkt-wir-gefuehl-unserer-dorfgemeinschaft","status":"publish","type":"post","link":"https:\/\/echta-derminga.de\/?p=12932","title":{"rendered":"100- Vereinsjubil\u00e4um des SV Dirmingen e.V 1922 st\u00e4rkt WIR-Gef\u00fchl unserer Dorfgemeinschaft"},"content":{"rendered":"\n<p class=\"has-medium-font-size wp-block-paragraph\"><strong>Manchmal frage ich mich, was die 22 M\u00e4nner im April des Jahres 1922 wohl angetrieben haben mag. Der 1. Weltkrieg war gerade erst einmal ein paar Jahre vorbei und die Menschen in unserem Dorf hatten wahrhaftig andere Probleme als dem Fu\u00dfballsport zu fr\u00f6nen.<\/strong><\/p>\n\n\n\n<p class=\"has-medium-font-size wp-block-paragraph\"><strong>Im Jahr 1922 befand sich das Saargebiet in der sogenannten V\u00f6lkerbundzeit. Im April dieses Jahres wird der Vertrag von Rapallo zwischen Deutschland und Russland abgeschlossen. Beide L\u00e4nder verzichten auf den Ersatz der Kriegskosten und -Sch\u00e4den und das Land Bayern m\u00f6chte einen gewissen Adolf Hitler wegen Landfriedensbruch ausweisen. Genau zu diesem Zeitpunkt d\u00fcrften sich 22 junge M\u00e4nner aus unserem Dorf im Gasthaus \u201eJohne Saal\u201c eingefunden haben um den SV Dirmingen 1922 e.V aus der Wiege zu heben.<\/strong><\/p>\n\n\n\n<p class=\"has-medium-font-size wp-block-paragraph\">Das Jahr 1922 war gepr\u00e4gt von Ver\u00e4nderung, Aufbruch und Patriotismus. Die Menschen des Saargebietes wollten nicht l\u00e4nger unter der Knechtschaft der franz\u00f6sischen Besatzer leiden. In diesen Tagen begann eine Entwicklung, die Schlie\u00dflich in der ersten Volksabstimmung des Jahre 1935 enden sollte. Das Saarland stimmte mit 91% f\u00fcr die Wiedereingliederung in das Deutsche Reich. Hitler verbuchte diese Abstimmung als ersten gro\u00dfen Erfolg seiner Nazi-Propaganda. Schon am Ende des 19. Jahrhunderts hat das Fu\u00dfballfieber ganz Deutschland erreicht. \u00dcberall im Land werden Fu\u00dfballvereine gegr\u00fcndet. Den 22 jungen M\u00e4nnern im \u201eJohne Saal\u201c werden bei der Gr\u00fcndungsversammlung wohl kaum eine geordnete Sitzungsmoral an den Tag gelegt haben. Im Wesentlichen ging es den jungen M\u00e4nnern um den Fu\u00dfball. Der Sport bot Abwechslung und verschaffte einige sch\u00f6ne Stunden in unruhigen Zeiten. Wenn man sich bis dahin in Dirmingen sportlich bet\u00e4tigen wollte, musste man sich dem Turnverein Dirmingen anschlie\u00dfen. Ballsport wurde eher sporadisch angeboten. Fu\u00dfball wurde bis zum Jahr 1922 unorganisiert von der DJK auf dem \u201eWetschert\u201c gespielt.<\/p>\n\n\n\n<figure class=\"wp-block-gallery has-nested-images columns-default is-cropped wp-block-gallery-1 is-layout-flex wp-block-gallery-is-layout-flex\">\n<figure class=\"wp-block-image size-large\"><img loading=\"lazy\" decoding=\"async\" width=\"700\" height=\"463\" data-id=\"12936\" src=\"https:\/\/echta-derminga.de\/wp-content\/uploads\/2022\/06\/2-700x463.jpg\" alt=\"\" class=\"wp-image-12936\" srcset=\"https:\/\/echta-derminga.de\/wp-content\/uploads\/2022\/06\/2-700x463.jpg 700w, https:\/\/echta-derminga.de\/wp-content\/uploads\/2022\/06\/2-300x199.jpg 300w, https:\/\/echta-derminga.de\/wp-content\/uploads\/2022\/06\/2-768x508.jpg 768w, https:\/\/echta-derminga.de\/wp-content\/uploads\/2022\/06\/2.jpg 1000w\" sizes=\"auto, (max-width: 700px) 100vw, 700px\" \/><\/figure>\n\n\n\n<figure class=\"wp-block-image size-large\"><img loading=\"lazy\" decoding=\"async\" width=\"700\" height=\"463\" data-id=\"12937\" src=\"https:\/\/echta-derminga.de\/wp-content\/uploads\/2022\/06\/4-700x463.jpg\" alt=\"\" class=\"wp-image-12937\" srcset=\"https:\/\/echta-derminga.de\/wp-content\/uploads\/2022\/06\/4-700x463.jpg 700w, https:\/\/echta-derminga.de\/wp-content\/uploads\/2022\/06\/4-300x199.jpg 300w, https:\/\/echta-derminga.de\/wp-content\/uploads\/2022\/06\/4-768x508.jpg 768w, https:\/\/echta-derminga.de\/wp-content\/uploads\/2022\/06\/4.jpg 1000w\" sizes=\"auto, (max-width: 700px) 100vw, 700px\" \/><\/figure>\n<\/figure>\n\n\n\n<p class=\"has-medium-font-size wp-block-paragraph\"><strong>Ich habe mich viele Jahre mit der Aufstellung der Vereinschronik des SV Dirmingen besch\u00e4ftigt. Manchmal ist es gut Abstand zu gewinnen und das geschriebene einmal wirken zu lassen. Wenn man zu tief in einer Sache steckt, verliert man den Blick auf das Wesentliche. Genauso erging es mir beim Schreiben der Vereinschronik. V\u00f6llig besessen verlor ich mich in Details und \u00fcbersah dabei oftmals das Wesentliche. Viel zu lange besch\u00e4ftige ich mich mit der Frage: Wie und Warum wurde dieser Verein eigentlich gegr\u00fcndet. Dabei ist die Antwort viel einfacher als man denkt oder in diesem Fall wie ich dachte: Weil es einfach an der Zeit war und weil die 22 jungen M\u00e4nner Fu\u00dfball spielen wollten. <\/strong><\/p>\n\n\n\n<p class=\"has-medium-font-size wp-block-paragraph\">Den Gr\u00fcndungsv\u00e4tern ging es bei der Vereinsgr\u00fcndung einfach nur um ihre Freizeitgestaltung. Die Menschen auf dem Land hatten es damals nicht leicht. Viele waren im Bergbau, im Stahlwerk oder im Handwerk t\u00e4tig. Es herrschte eine hohe Arbeitslosigkeit. In den St\u00e4dten pulsierte das wilde Leben. Die Frauen trugen Bubikopf und tanzte Charleston. Das Kokain wurde zur Designerdroge und geh\u00f6rte zu dem Establishment. In unserem Dorf d\u00fcrfte eine gewisse Aufbruchstimmung geherrscht haben. Die Landwirtschaft erlebte ein wichtiges Comeback und an der Illaue wurde in einer Ziegelei Backsteine hergestellt. Die \u201eSch\u00e4fer Brauerei\u201c erh\u00f6hte ihre Produktion und die Gastronomie erlebte &#8222;Goldene Jahre&#8220;. Bei der Vereinsgr\u00fcndung d\u00fcrften am Ende jedoch auch ein Schuss Patriotismus und ein gewisses Zusammengeh\u00f6rigkeitsgef\u00fchl eine Rolle gespielt haben. Immerhin befand sich das Saargebiet in einer Art Selbstfindungsphase. In erster Linie d\u00fcrfte es jedoch ausschlie\u00dflich um Fu\u00dfball gegangen sein. Das Vereinsleben erlebte in den 1920-er Jahren einen echten Aufschwung. Dabei entstanden \u00fcberall im Land Vereine, Clubs und Organisationen.<\/p>\n\n\n\n<figure class=\"wp-block-gallery has-nested-images columns-default is-cropped wp-block-gallery-2 is-layout-flex wp-block-gallery-is-layout-flex\">\n<figure class=\"wp-block-image size-large\"><img loading=\"lazy\" decoding=\"async\" width=\"700\" height=\"705\" data-id=\"12938\" src=\"https:\/\/echta-derminga.de\/wp-content\/uploads\/2022\/06\/286446234_5157830344311649_5732862756884933605_n-700x705.jpg\" alt=\"\" class=\"wp-image-12938\" srcset=\"https:\/\/echta-derminga.de\/wp-content\/uploads\/2022\/06\/286446234_5157830344311649_5732862756884933605_n-700x705.jpg 700w, https:\/\/echta-derminga.de\/wp-content\/uploads\/2022\/06\/286446234_5157830344311649_5732862756884933605_n-298x300.jpg 298w, https:\/\/echta-derminga.de\/wp-content\/uploads\/2022\/06\/286446234_5157830344311649_5732862756884933605_n-150x150.jpg 150w, https:\/\/echta-derminga.de\/wp-content\/uploads\/2022\/06\/286446234_5157830344311649_5732862756884933605_n-768x774.jpg 768w, https:\/\/echta-derminga.de\/wp-content\/uploads\/2022\/06\/286446234_5157830344311649_5732862756884933605_n-90x90.jpg 90w, https:\/\/echta-derminga.de\/wp-content\/uploads\/2022\/06\/286446234_5157830344311649_5732862756884933605_n-75x75.jpg 75w, https:\/\/echta-derminga.de\/wp-content\/uploads\/2022\/06\/286446234_5157830344311649_5732862756884933605_n.jpg 1440w\" sizes=\"auto, (max-width: 700px) 100vw, 700px\" \/><\/figure>\n\n\n\n<figure class=\"wp-block-image size-large\"><img loading=\"lazy\" decoding=\"async\" width=\"700\" height=\"410\" data-id=\"12939\" src=\"https:\/\/echta-derminga.de\/wp-content\/uploads\/2022\/06\/20220611_184215-700x410.jpg\" alt=\"\" class=\"wp-image-12939\" srcset=\"https:\/\/echta-derminga.de\/wp-content\/uploads\/2022\/06\/20220611_184215-700x410.jpg 700w, https:\/\/echta-derminga.de\/wp-content\/uploads\/2022\/06\/20220611_184215-300x176.jpg 300w, https:\/\/echta-derminga.de\/wp-content\/uploads\/2022\/06\/20220611_184215-768x450.jpg 768w, https:\/\/echta-derminga.de\/wp-content\/uploads\/2022\/06\/20220611_184215.jpg 1000w\" sizes=\"auto, (max-width: 700px) 100vw, 700px\" \/><\/figure>\n<\/figure>\n\n\n\n<p class=\"has-medium-font-size wp-block-paragraph\"><strong>Das alles geschah vor 100 Jahren in unseren D\u00f6rfchen. Was ist geblieben und welchen Weg wird der SV Dirmingen zuk\u00fcnftig einschlagen? W\u00e4hrend der Pandemie erlebten unsere Vereine eine schwierige Zeit. Schon vor der pandemiebedingten Pause war es f\u00fcr die ballorientierten Vereine nicht leicht Stand zu halten. Der demografische Wandel schlug b\u00f6se Wunden in die Vereinslandschaft dieses Landes. Immer weniger Kinder, weniger Jugendmannschaften und weniger Mannschaftsmeldungen. Das Resultat war die Gr\u00fcndung zahlreicher Spielgemeinschaften, die sich oftmals sogar \u00fcber mehrere Vereine streckten. F\u00fcr einen Dorfverein wurde es zusehends schwerer auf die eigenen Tugenden zur\u00fcckzugreifen.<\/strong><\/p>\n\n\n\n<p class=\"has-medium-font-size wp-block-paragraph\">Das alles hat der SV Dirmingen mehr oder weniger gut \u00fcberstanden. Die Spielgemeinschaft mit dem VFB Berschweiler funktioniert gut und unsere Frauen spielen unter dem Dirminger Wappen hochklassig Fu\u00dfball. W\u00e4hrend der Jugendfu\u00dfball zugegebenerma\u00dfen einige Probleme mit sich zieht, wurde der Breitensport im Verein wie z.B Gymnastikabteilung zuletzt gut angenommen. Der Verein w\u00e4hlte einen neuen und erfolgsorientierten Vorstand. Dabei zeigten die Mitglieder des Vereins gro\u00dfen Mut und sprachen vielen jungen Menschen ihr Vertrauen aus. Gut so!<\/p>\n\n\n\n<figure class=\"wp-block-gallery has-nested-images columns-default is-cropped wp-block-gallery-3 is-layout-flex wp-block-gallery-is-layout-flex\">\n<figure class=\"wp-block-image size-large\"><img loading=\"lazy\" decoding=\"async\" width=\"700\" height=\"413\" data-id=\"12941\" src=\"https:\/\/echta-derminga.de\/wp-content\/uploads\/2022\/06\/6-700x413.jpg\" alt=\"\" class=\"wp-image-12941\" srcset=\"https:\/\/echta-derminga.de\/wp-content\/uploads\/2022\/06\/6-700x413.jpg 700w, https:\/\/echta-derminga.de\/wp-content\/uploads\/2022\/06\/6-300x177.jpg 300w, https:\/\/echta-derminga.de\/wp-content\/uploads\/2022\/06\/6-768x453.jpg 768w, https:\/\/echta-derminga.de\/wp-content\/uploads\/2022\/06\/6.jpg 1000w\" sizes=\"auto, (max-width: 700px) 100vw, 700px\" \/><\/figure>\n\n\n\n<figure class=\"wp-block-image size-large\"><img loading=\"lazy\" decoding=\"async\" width=\"1000\" height=\"450\" data-id=\"12940\" src=\"https:\/\/echta-derminga.de\/wp-content\/uploads\/2022\/06\/5-700x315.jpg\" alt=\"\" class=\"wp-image-12940\" srcset=\"https:\/\/echta-derminga.de\/wp-content\/uploads\/2022\/06\/5-700x315.jpg 700w, https:\/\/echta-derminga.de\/wp-content\/uploads\/2022\/06\/5-300x135.jpg 300w, https:\/\/echta-derminga.de\/wp-content\/uploads\/2022\/06\/5-768x346.jpg 768w, https:\/\/echta-derminga.de\/wp-content\/uploads\/2022\/06\/5.jpg 1000w\" sizes=\"auto, (max-width: 1000px) 100vw, 1000px\" \/><\/figure>\n<\/figure>\n\n\n\n<p class=\"has-medium-font-size wp-block-paragraph\"><strong>Es l\u00e4uft beim SVD! Was waren das bitte f\u00fcr zwei gro\u00dfartige Festwochen? So gut, hatte selbst ich es nicht erwartet. Das Organisationsteam um den Vorsitzenden Maurice Schulz und Kassenchefin Verena Gehres haben sich viel M\u00fche gemacht und hatten den Mut neue Wege zu beschreiten. In den letzten Jahrzehnten gab es sicherlich viele wundersch\u00f6ne festliche Aktivit\u00e4ten auf dem Belker. Die diesj\u00e4hrige 100-Jahrfeier geh\u00f6rt mit Sicherheit dazu und schrieb ihre eigene Erfolgsgeschichte.<\/strong><\/p>\n\n\n\n<p class=\"has-medium-font-size wp-block-paragraph\">Gut gemacht SVD! Ich selbst habe gelernt, mehr Vertrauen zu schenken. Ja, ich h\u00e4tte nicht gedacht, dass die Feierlichkeiten zu diesem 100-j\u00e4hrigen Vereinsjubil\u00e4um so sch\u00f6n werden w\u00fcrden. Ich glaube am Ende waren alle von dieser wunderbaren Jubil\u00e4umsveranstaltung begeistert. Fu\u00dfballherz was willst du mehr? Sch\u00f6ne Spiele, tolles Wetter, wunderbares Essen mit vielen kulinarischen Angeboten, erstklassige Live-Acts und viele herrlich, verr\u00fcckte Ideen.<\/p>\n\n\n\n<p class=\"has-medium-font-size wp-block-paragraph\"><strong>Respekt SVD! die Verantwortlichen werden ihre Schl\u00fcsse ziehen und zuk\u00fcnftig noch besser machen. Am Ende wird der SVD aus dieser Veranstaltung noch st\u00e4rker hervorgehen. Dieses Vereinsjubil\u00e4um hat  unserer Dorfgemeinschaft gutgetan. Jeder packte mit an und letztendlich profitieren alle davon. Schon w\u00e4hrend der Geburtstagsfeier wurde deutlich, dass der SVD ein wichtiger Bestandteil unserer Dorfgemeinschaft ist. Bis auf einige wenige Ausnahmen folgten die meisten Ortsvereine der Einladung des SVD. Sch\u00f6n zu sehen, wie KKV, Kolping, TVD, Feuerwehr, Kulturverein, Tennisverein und auch unsere politischen Vereine der Einladung des Vereins gefolgt waren. Viele unserer Dorfvereine unterst\u00fctzen den SVD nach Leibeskr\u00e4ften. Dienstleistungen wurden absolviert und Arbeitseins\u00e4tze durchgef\u00fchrt.<\/strong> &#8222;<strong>Eine Hand w\u00e4scht die andere&#8220;. Ich bin \u00fcberzeugt davon, dass dieser eingeschlagene Weg auf den folgenden Veranstaltungen unserer Dorfvereine fortgesetzt wird. Man hilft sich gegenseitig und steht Seite an Seite. Gut f\u00fcr Dirmingen !<\/strong><\/p>\n\n\n\n<figure class=\"wp-block-gallery has-nested-images columns-default is-cropped wp-block-gallery-4 is-layout-flex wp-block-gallery-is-layout-flex\">\n<figure class=\"wp-block-image size-large\"><img loading=\"lazy\" decoding=\"async\" width=\"700\" height=\"463\" data-id=\"12943\" src=\"https:\/\/echta-derminga.de\/wp-content\/uploads\/2022\/06\/9-700x463.jpg\" alt=\"\" class=\"wp-image-12943\" srcset=\"https:\/\/echta-derminga.de\/wp-content\/uploads\/2022\/06\/9-700x463.jpg 700w, https:\/\/echta-derminga.de\/wp-content\/uploads\/2022\/06\/9-300x199.jpg 300w, https:\/\/echta-derminga.de\/wp-content\/uploads\/2022\/06\/9-768x508.jpg 768w, https:\/\/echta-derminga.de\/wp-content\/uploads\/2022\/06\/9.jpg 1000w\" sizes=\"auto, (max-width: 700px) 100vw, 700px\" \/><\/figure>\n\n\n\n<figure class=\"wp-block-image size-large\"><img loading=\"lazy\" decoding=\"async\" width=\"700\" height=\"463\" data-id=\"12942\" src=\"https:\/\/echta-derminga.de\/wp-content\/uploads\/2022\/06\/8-700x463.jpg\" alt=\"\" class=\"wp-image-12942\" srcset=\"https:\/\/echta-derminga.de\/wp-content\/uploads\/2022\/06\/8-700x463.jpg 700w, https:\/\/echta-derminga.de\/wp-content\/uploads\/2022\/06\/8-300x199.jpg 300w, https:\/\/echta-derminga.de\/wp-content\/uploads\/2022\/06\/8-768x508.jpg 768w, https:\/\/echta-derminga.de\/wp-content\/uploads\/2022\/06\/8.jpg 1000w\" sizes=\"auto, (max-width: 700px) 100vw, 700px\" \/><\/figure>\n<\/figure>\n\n\n\n<p class=\"has-medium-font-size wp-block-paragraph\">Irgendwie hat dieses Fest unserem Dorf guttun. Vielleicht ein Startschuss in endlich bessere Zeiten? Dirmingen meldet sich mit voller Kraft zur\u00fcck ins Leben. Es folgt \u201eUnser Dorf spielt Handball\u201c mit ebenfalls vielen gro\u00dfartigen Highlights, dann das traditionsreiche Nachbarschaftsfest auf dem Rotenberg mit Unterst\u00fctzung des KKV und der Kolpingsfamilie. Das Ganze gipfelt schlie\u00dflich in dem 2. Park- und Strandfest des Kulturvereins im Br\u00fchlpark. Der Sommer findet im August seinen feierlichen Abschluss mit dem \u201eTag der offenen T\u00fcr\u201c unseres L\u00f6schbezirks Dirmingen und dem Imkerfest an der &#8222;Zeidlerh\u00fctte&#8220;. Dazwischen gibt es viele kleinere Angebote wie zum Beispiel auf Finkenrech.<\/p>\n\n\n\n<p class=\"has-medium-font-size wp-block-paragraph\"><strong>Der Sommer bringt Leben zur\u00fcck und unsere Dorfgemeinschaft kommt in Schwung. Ich sp\u00fcre in den letzten Wochen ein verst\u00e4rktes \u201eWir-Gef\u00fchl\u201c! Dabei bin ich mir sicher, dass hier nicht der Wunsch Vater des Gedankens ist. Nein, ich glaube ganz fest daran, dass sich unsere Dorfgemeinschaft auf einem guten Wege befindet.<\/strong><\/p>\n\n\n\n<p class=\"has-medium-font-size wp-block-paragraph\"><strong>Danke SVD f\u00fcr den gelungen Startschuss!<\/strong><\/p>\n\n\n\n<p class=\"has-medium-font-size wp-block-paragraph\"><strong>Herzlichen Gl\u00fcckwunsch und vielen Dank f\u00fcr die sch\u00f6nen Momente im Belkerstadion.<\/strong><\/p>\n\n\n\n<p class=\"has-medium-font-size wp-block-paragraph\"><strong>Alte Liebe rostet nicht !<\/strong><\/p>\n\n\n<div class=\"wp-block-image\">\n<figure class=\"aligncenter size-large\"><img loading=\"lazy\" decoding=\"async\" width=\"700\" height=\"497\" src=\"https:\/\/echta-derminga.de\/wp-content\/uploads\/2022\/06\/1-1-700x497.jpg\" alt=\"\" class=\"wp-image-12935\" srcset=\"https:\/\/echta-derminga.de\/wp-content\/uploads\/2022\/06\/1-1-700x497.jpg 700w, https:\/\/echta-derminga.de\/wp-content\/uploads\/2022\/06\/1-1-300x213.jpg 300w, https:\/\/echta-derminga.de\/wp-content\/uploads\/2022\/06\/1-1-768x545.jpg 768w, https:\/\/echta-derminga.de\/wp-content\/uploads\/2022\/06\/1-1-1536x1091.jpg 1536w, https:\/\/echta-derminga.de\/wp-content\/uploads\/2022\/06\/1-1.jpg 1877w\" sizes=\"auto, (max-width: 700px) 100vw, 700px\" \/><figcaption>Herzlichen Gl\u00fcckwunsch<\/figcaption><\/figure>\n<\/div>","protected":false},"excerpt":{"rendered":"<p>Manchmal frage ich mich, was die 22 M\u00e4nner im April des Jahres 1922 wohl angetrieben haben mag. Der 1. Weltkrieg war gerade erst einmal ein paar Jahre vorbei und die Menschen in unserem Dorf hatten wahrhaftig andere Probleme als dem Fu\u00dfballsport zu fr\u00f6nen. Im Jahr 1922 befand sich das Saargebiet in der sogenannten V\u00f6lkerbundzeit. Im April dieses Jahres wird der<\/p>\n","protected":false},"author":1,"featured_media":12935,"comment_status":"open","ping_status":"closed","sticky":false,"template":"","format":"standard","meta":{"_crdt_document":"","footnotes":""},"categories":[1,9,45,8],"tags":[5,618,127,310,995],"class_list":["post-12932","post","type-post","status-publish","format-standard","has-post-thumbnail","hentry","category-allgemein","category-dorfgetratsche","category-mein-fussball","category-sellemols-und-awweile","tag-dirmingen","tag-gemeinde-eppelborn","tag-landkreis-neunkirchen","tag-saarland","tag-sv-dirmingen-e-v"],"_links":{"self":[{"href":"https:\/\/echta-derminga.de\/index.php?rest_route=\/wp\/v2\/posts\/12932","targetHints":{"allow":["GET"]}}],"collection":[{"href":"https:\/\/echta-derminga.de\/index.php?rest_route=\/wp\/v2\/posts"}],"about":[{"href":"https:\/\/echta-derminga.de\/index.php?rest_route=\/wp\/v2\/types\/post"}],"author":[{"embeddable":true,"href":"https:\/\/echta-derminga.de\/index.php?rest_route=\/wp\/v2\/users\/1"}],"replies":[{"embeddable":true,"href":"https:\/\/echta-derminga.de\/index.php?rest_route=%2Fwp%2Fv2%2Fcomments&post=12932"}],"version-history":[{"count":13,"href":"https:\/\/echta-derminga.de\/index.php?rest_route=\/wp\/v2\/posts\/12932\/revisions"}],"predecessor-version":[{"id":12956,"href":"https:\/\/echta-derminga.de\/index.php?rest_route=\/wp\/v2\/posts\/12932\/revisions\/12956"}],"wp:featuredmedia":[{"embeddable":true,"href":"https:\/\/echta-derminga.de\/index.php?rest_route=\/wp\/v2\/media\/12935"}],"wp:attachment":[{"href":"https:\/\/echta-derminga.de\/index.php?rest_route=%2Fwp%2Fv2%2Fmedia&parent=12932"}],"wp:term":[{"taxonomy":"category","embeddable":true,"href":"https:\/\/echta-derminga.de\/index.php?rest_route=%2Fwp%2Fv2%2Fcategories&post=12932"},{"taxonomy":"post_tag","embeddable":true,"href":"https:\/\/echta-derminga.de\/index.php?rest_route=%2Fwp%2Fv2%2Ftags&post=12932"}],"curies":[{"name":"wp","href":"https:\/\/api.w.org\/{rel}","templated":true}]}}