{"id":12958,"date":"2022-06-19T13:15:13","date_gmt":"2022-06-19T12:15:13","guid":{"rendered":"https:\/\/echta-derminga.de\/?p=12958"},"modified":"2022-06-19T13:31:57","modified_gmt":"2022-06-19T12:31:57","slug":"in-sachen-ortsvorsteher-von-einem-tollen-jubilaeum-einem-guten-2-platz-und-der-hoffnung-auf-einen-guten-sommer","status":"publish","type":"post","link":"https:\/\/echta-derminga.de\/?p=12958","title":{"rendered":"In Sachen Ortsvorsteher: Von einem tollen Jubil\u00e4um, einem guten 2. Platz und der Hoffnung auf einen guten Sommer"},"content":{"rendered":"\n<p class=\"has-medium-font-size wp-block-paragraph\"><strong>Mit dem Sommerbeginn startet das \u201eDerminga D\u00f6rfche\u201c in eine ereignisreiche Zeit. Kaum ist das traditionsreiche Hobby-Fu\u00dfball Turnier \u201eUnser Dorf spielt Fu\u00dfball\u201c im Rahmen der 100 Jahrfeier des Vereins Geschichte, fiebern wir alle schon den kommenden Veranstaltungen entgegen. Bereits am 23. Juni beginnt mit \u201eUnser Dorf spielt Handball\u201c, auf dem Dirminger Kleinfeld, das n\u00e4chste gro\u00dfe Event. Mittendrin m\u00fcssen wir unbedingt einen kurzen Abstecher auf den Rotenberg zum diesj\u00e4hrigen \u201eNachbarschaftsfest\u201c machen, um dann mit Vollgas den H\u00f6hepunkt dieses Sommers anzusteuern. In der Zeit vom 15.- 17. Juli 2022 findet das 2. Park -und Strandfest im Dirminger Br\u00fchlpark statt. Im August k\u00f6nnen wir uns auf den \u201eTag der offenen T\u00fcr\u201c des L\u00f6schbezirks Dirmingen freuen und wenn alles nach Plan l\u00e4uft, wird auch wieder das Imkerfest an der \u201eZeidlerh\u00fctte\u201c ausgerichtet. Wie Sie feststellen k\u00f6nnen, nimmt unsere Dorfgemeinschaft m\u00e4chtig Fahrt auf und steuert mit Zuversicht in die Zukunft. Mit gro\u00dfer Freude habe ich zur Kenntnis genommen, dass endlich zusammenw\u00e4chst was zusammengeh\u00f6rt. Es ist einfach sch\u00f6n anzusehen, wie unsere Handballer, unsere Feuerwehr, unsere &#8222;Faasebooze&#8220; oder auch unsere politischen Vereine den SVD w\u00e4hrend ihrem Jubil\u00e4um unterst\u00fctzten.<\/strong> <strong>Ich bin mir sicher, dieser Weg wird gemeinsam fortgesetzt.<\/strong><\/p>\n\n\n\n<p class=\"has-medium-font-size wp-block-paragraph\"><strong>Dirmingen belegt 2. Platz bei Kreis Wettbewerb \u201eEin Dorf hat Zukunft\u201c<\/strong><\/p>\n\n\n\n<p class=\"has-medium-font-size wp-block-paragraph\">Als mich die Nachricht mit dem Ergebnis des Kreis Wettbewerbes \u201eUnser Dorf hat Zukunft\u201c erreichte, war ich zun\u00e4chst zugegebenerma\u00dfen ein wenig entt\u00e4uscht. Ich denke, man darf aus seinen Gef\u00fchlen keine M\u00f6rdergrube machen und sollte ehrlich mit diesem Ergebnis umgehen. Der 1, Platz h\u00e4tte nicht nur unserer Dorfgemeinschaft gutgetan, sondern auch unser Image aufpoliert. In Dirmingen hat sich in den letzten Jahren so einiges zum positiven ver\u00e4ndert. Dabei geh\u00f6rten viele dieser Ver\u00e4nderungen in das Bewerbungsprofil dieses Wettbewerbes. In unserem Heimatort wurden zahlreiche innovative Antworten auf den demografischen Wandel gefunden. \u00c4ltere Geb\u00e4ude und Parzellen wurden saniert oder umgenutzt und das Ehrenamt erlebt besonders in den letzten beiden Jahren Hochkonjunktur. An vielen Ecken erkennt man die Liebe zum Detail und es scheint so als w\u00fcrden die Menschen dieses Dorfes wieder gemeinsam an der Zukunft arbeiten. Am Ende ist es uns jedoch nicht ganz gelungen die Jury zu \u00fcberzeugen. Der 1. Platz der diesj\u00e4hrigen Kreisentscheidung geht an Hangard im Ostertal. Das Dorf hat bestimmt zurecht den Zuschlag erhalten und hat dabei unser aller Respekt verdient. Mein Gl\u00fcckwunsch und die besten Gr\u00fc\u00dfe gehen nach Hangard. Gro\u00dfen Respekt hat jedoch auch das Dorf Steinbach bei Ottweiler f\u00fcr seinen 3. Platz verdient. Zeitgleich mit dieser Platzierung erhielt Steinbach auch noch den Nachhaltigkeitspreis 2022. Gl\u00fcckwunsch an meinen Ortsvorsteherkollegen Fabian Scheidthauer aus Steinbach. Der 4. Platz ging an unseren Nachbarort Welschbach mit ihrem Ortsvorsteher und Bundestagsabgeordneten Christian Petry. Am Ende des Tages m\u00fcssen wir das ganze sportlich betrachten. Unser Heimatort hat alles gegeben und sich von seiner besten Seite pr\u00e4sentiert. Nach einigen Tagen Abstand kann man sich mit diesem Ergebnis sicherlich anfreunden. Der 2. Platz bei dem diesj\u00e4hrigen Kreiswettbewerb\u201c Unser Dorf hat Zukunft\u201c sollte f\u00fcr uns Ansporn sein es zuk\u00fcnftig noch besser machen zu wollen. Ich danke allen die dazu beigetragen haben, dass wir dieses gute Ergebnis erzielen konnten.<\/p>\n\n\n<div class=\"wp-block-image\">\n<figure class=\"aligncenter size-large\"><img loading=\"lazy\" decoding=\"async\" width=\"700\" height=\"700\" src=\"https:\/\/echta-derminga.de\/wp-content\/uploads\/2022\/06\/111-1-700x700.jpg\" alt=\"\" class=\"wp-image-12894\" srcset=\"https:\/\/echta-derminga.de\/wp-content\/uploads\/2022\/06\/111-1-700x700.jpg 700w, https:\/\/echta-derminga.de\/wp-content\/uploads\/2022\/06\/111-1-300x300.jpg 300w, https:\/\/echta-derminga.de\/wp-content\/uploads\/2022\/06\/111-1-150x150.jpg 150w, https:\/\/echta-derminga.de\/wp-content\/uploads\/2022\/06\/111-1-768x768.jpg 768w, https:\/\/echta-derminga.de\/wp-content\/uploads\/2022\/06\/111-1-1536x1536.jpg 1536w, https:\/\/echta-derminga.de\/wp-content\/uploads\/2022\/06\/111-1.jpg 2048w, https:\/\/echta-derminga.de\/wp-content\/uploads\/2022\/06\/111-1-90x90.jpg 90w, https:\/\/echta-derminga.de\/wp-content\/uploads\/2022\/06\/111-1-75x75.jpg 75w\" sizes=\"auto, (max-width: 700px) 100vw, 700px\" \/><\/figure>\n<\/div>\n\n\n<p class=\"has-medium-font-size wp-block-paragraph\"><strong>Herzlichen Gl\u00fcckwunsch zum 100 Vereinsjubil\u00e4um<\/strong><\/p>\n\n\n\n<p class=\"has-medium-font-size wp-block-paragraph\">Der SV Dirmingen feiert in diesem Jahr sein 100 Vereinsjubil\u00e4um. In der Zeit vom 7. Juni bis zum 18. Juni 2022 wurde im Rahmen des traditionsreichen Dorfturnieres \u201eUnser Dorf spielt Fu\u00dfball\u201c mit einem ansprechenden Rahmenprogramm gefeiert. Bereits am Samstag,11. Juni 2022 fand im heimischen Belkerstadion eine gro\u00dfe Geburtstagsparty statt. Zahlreiche G\u00e4ste aus Politik, Wirtschaft und Vereinen waren der Einladung des SVD gefolgt. Auch eine Vielzahl von B\u00fcrgerinnen und B\u00fcrgern pilgerten auf den Belker. Bei strahlendem Sonnenschein fand eine abwechslungsreiche und emotionale Jubil\u00e4umsfeier statt. Ich m\u00f6chte mich an dieser Stelle ganz herzlich bei dem Vorstand des Vereins f\u00fcr diesen gro\u00dfartigen Abend bedanken. 100 Jahre SV Dirmingen sind auch f\u00fcr mich pers\u00f6nlich eine emotionale Angelegenheit. Schlie\u00dflich geh\u00f6re ich diesem Verein seit Kindesbeinen an. Gemeinsam mit dem Beigeordneten Sebastian Michel durfte ich unseren B\u00fcrgermeister Dr. Andreas Feld vertreten und einen Check von 400,- \u20ac \u00fcberreichen. Ich m\u00f6chte mich bei dem Rathauschef f\u00fcr diese Spende bedanken. Nat\u00fcrlich \u00fcberbrachte ich die Gl\u00fcckw\u00fcnsche des Ortsrates und der Dirminger Bev\u00f6lkerung. Meinen Gl\u00fcckw\u00fcnschen habe ich eine finanzielle Zuwendung in angemessener Form beigef\u00fcgt. Der SV Dirmingen geh\u00f6rt seit vielen Jahrzehnten fest zu unserer Dorfgemeinschaft. Ich habe mich sehr dar\u00fcber gefreut, dass dies von unseren Ortsvereinen honoriert wird. Ich danke dem Vorstand und den Mitgliedern des SV Dirmingen 1922 e.V f\u00fcr ihr Wirken und Handeln. Die Feierlichkeiten endeten nach knapp zwei Wochen am Samstag, 18. Juni 2022 mit einem Live-Konzert der Gruppe \u201eElliot\u201c im Belkerstadion. Herzlichen Gl\u00fcckwunsch zum Geburtstag lieber SVD!<\/p>\n\n\n\n<figure class=\"wp-block-gallery has-nested-images columns-default is-cropped wp-block-gallery-1 is-layout-flex wp-block-gallery-is-layout-flex\">\n<figure class=\"wp-block-image size-large\"><img loading=\"lazy\" decoding=\"async\" width=\"700\" height=\"463\" data-id=\"12936\" src=\"https:\/\/echta-derminga.de\/wp-content\/uploads\/2022\/06\/2-700x463.jpg\" alt=\"\" class=\"wp-image-12936\" srcset=\"https:\/\/echta-derminga.de\/wp-content\/uploads\/2022\/06\/2-700x463.jpg 700w, https:\/\/echta-derminga.de\/wp-content\/uploads\/2022\/06\/2-300x199.jpg 300w, https:\/\/echta-derminga.de\/wp-content\/uploads\/2022\/06\/2-768x508.jpg 768w, https:\/\/echta-derminga.de\/wp-content\/uploads\/2022\/06\/2.jpg 1000w\" sizes=\"auto, (max-width: 700px) 100vw, 700px\" \/><\/figure>\n\n\n\n<figure class=\"wp-block-image size-large\"><img loading=\"lazy\" decoding=\"async\" width=\"700\" height=\"497\" data-id=\"12935\" src=\"https:\/\/echta-derminga.de\/wp-content\/uploads\/2022\/06\/1-1-700x497.jpg\" alt=\"\" class=\"wp-image-12935\" srcset=\"https:\/\/echta-derminga.de\/wp-content\/uploads\/2022\/06\/1-1-700x497.jpg 700w, https:\/\/echta-derminga.de\/wp-content\/uploads\/2022\/06\/1-1-300x213.jpg 300w, https:\/\/echta-derminga.de\/wp-content\/uploads\/2022\/06\/1-1-768x545.jpg 768w, https:\/\/echta-derminga.de\/wp-content\/uploads\/2022\/06\/1-1-1536x1091.jpg 1536w, https:\/\/echta-derminga.de\/wp-content\/uploads\/2022\/06\/1-1.jpg 1877w\" sizes=\"auto, (max-width: 700px) 100vw, 700px\" \/><\/figure>\n\n\n\n<figure class=\"wp-block-image size-large\"><img loading=\"lazy\" decoding=\"async\" width=\"700\" height=\"463\" data-id=\"12943\" src=\"https:\/\/echta-derminga.de\/wp-content\/uploads\/2022\/06\/9-700x463.jpg\" alt=\"\" class=\"wp-image-12943\" srcset=\"https:\/\/echta-derminga.de\/wp-content\/uploads\/2022\/06\/9-700x463.jpg 700w, https:\/\/echta-derminga.de\/wp-content\/uploads\/2022\/06\/9-300x199.jpg 300w, https:\/\/echta-derminga.de\/wp-content\/uploads\/2022\/06\/9-768x508.jpg 768w, https:\/\/echta-derminga.de\/wp-content\/uploads\/2022\/06\/9.jpg 1000w\" sizes=\"auto, (max-width: 700px) 100vw, 700px\" \/><\/figure>\n\n\n\n<figure class=\"wp-block-image size-large\"><img loading=\"lazy\" decoding=\"async\" width=\"700\" height=\"705\" data-id=\"12938\" src=\"https:\/\/echta-derminga.de\/wp-content\/uploads\/2022\/06\/286446234_5157830344311649_5732862756884933605_n-700x705.jpg\" alt=\"\" class=\"wp-image-12938\" srcset=\"https:\/\/echta-derminga.de\/wp-content\/uploads\/2022\/06\/286446234_5157830344311649_5732862756884933605_n-700x705.jpg 700w, https:\/\/echta-derminga.de\/wp-content\/uploads\/2022\/06\/286446234_5157830344311649_5732862756884933605_n-298x300.jpg 298w, https:\/\/echta-derminga.de\/wp-content\/uploads\/2022\/06\/286446234_5157830344311649_5732862756884933605_n-150x150.jpg 150w, https:\/\/echta-derminga.de\/wp-content\/uploads\/2022\/06\/286446234_5157830344311649_5732862756884933605_n-768x774.jpg 768w, https:\/\/echta-derminga.de\/wp-content\/uploads\/2022\/06\/286446234_5157830344311649_5732862756884933605_n-90x90.jpg 90w, https:\/\/echta-derminga.de\/wp-content\/uploads\/2022\/06\/286446234_5157830344311649_5732862756884933605_n-75x75.jpg 75w, https:\/\/echta-derminga.de\/wp-content\/uploads\/2022\/06\/286446234_5157830344311649_5732862756884933605_n.jpg 1440w\" sizes=\"auto, (max-width: 700px) 100vw, 700px\" \/><\/figure>\n\n\n\n<figure class=\"wp-block-image size-large\"><img loading=\"lazy\" decoding=\"async\" width=\"700\" height=\"463\" data-id=\"12942\" src=\"https:\/\/echta-derminga.de\/wp-content\/uploads\/2022\/06\/8-700x463.jpg\" alt=\"\" class=\"wp-image-12942\" srcset=\"https:\/\/echta-derminga.de\/wp-content\/uploads\/2022\/06\/8-700x463.jpg 700w, https:\/\/echta-derminga.de\/wp-content\/uploads\/2022\/06\/8-300x199.jpg 300w, https:\/\/echta-derminga.de\/wp-content\/uploads\/2022\/06\/8-768x508.jpg 768w, https:\/\/echta-derminga.de\/wp-content\/uploads\/2022\/06\/8.jpg 1000w\" sizes=\"auto, (max-width: 700px) 100vw, 700px\" \/><\/figure>\n\n\n\n<figure class=\"wp-block-image size-large\"><img loading=\"lazy\" decoding=\"async\" width=\"1000\" height=\"450\" data-id=\"12940\" src=\"https:\/\/echta-derminga.de\/wp-content\/uploads\/2022\/06\/5-700x315.jpg\" alt=\"\" class=\"wp-image-12940\" srcset=\"https:\/\/echta-derminga.de\/wp-content\/uploads\/2022\/06\/5-700x315.jpg 700w, https:\/\/echta-derminga.de\/wp-content\/uploads\/2022\/06\/5-300x135.jpg 300w, https:\/\/echta-derminga.de\/wp-content\/uploads\/2022\/06\/5-768x346.jpg 768w, https:\/\/echta-derminga.de\/wp-content\/uploads\/2022\/06\/5.jpg 1000w\" sizes=\"auto, (max-width: 1000px) 100vw, 1000px\" \/><\/figure>\n<\/figure>\n\n\n\n<figure class=\"wp-block-gallery has-nested-images columns-default is-cropped wp-block-gallery-2 is-layout-flex wp-block-gallery-is-layout-flex\">\n<figure class=\"wp-block-image size-large\"><img loading=\"lazy\" decoding=\"async\" width=\"700\" height=\"323\" data-id=\"12980\" src=\"https:\/\/echta-derminga.de\/wp-content\/uploads\/2022\/06\/289286428_1039210640062600_51190159822291743_n-700x323.jpg\" alt=\"\" class=\"wp-image-12980\" srcset=\"https:\/\/echta-derminga.de\/wp-content\/uploads\/2022\/06\/289286428_1039210640062600_51190159822291743_n-700x323.jpg 700w, https:\/\/echta-derminga.de\/wp-content\/uploads\/2022\/06\/289286428_1039210640062600_51190159822291743_n-300x138.jpg 300w, https:\/\/echta-derminga.de\/wp-content\/uploads\/2022\/06\/289286428_1039210640062600_51190159822291743_n-768x354.jpg 768w, https:\/\/echta-derminga.de\/wp-content\/uploads\/2022\/06\/289286428_1039210640062600_51190159822291743_n-1536x708.jpg 1536w, https:\/\/echta-derminga.de\/wp-content\/uploads\/2022\/06\/289286428_1039210640062600_51190159822291743_n-2048x944.jpg 2048w\" sizes=\"auto, (max-width: 700px) 100vw, 700px\" \/><\/figure>\n\n\n\n<figure class=\"wp-block-image size-large\"><img loading=\"lazy\" decoding=\"async\" width=\"700\" height=\"525\" data-id=\"12981\" src=\"https:\/\/echta-derminga.de\/wp-content\/uploads\/2022\/06\/289231647_1039212850062379_7223881155338646240_n-700x525.jpg\" alt=\"\" class=\"wp-image-12981\" srcset=\"https:\/\/echta-derminga.de\/wp-content\/uploads\/2022\/06\/289231647_1039212850062379_7223881155338646240_n-700x525.jpg 700w, https:\/\/echta-derminga.de\/wp-content\/uploads\/2022\/06\/289231647_1039212850062379_7223881155338646240_n-300x225.jpg 300w, https:\/\/echta-derminga.de\/wp-content\/uploads\/2022\/06\/289231647_1039212850062379_7223881155338646240_n-768x576.jpg 768w, https:\/\/echta-derminga.de\/wp-content\/uploads\/2022\/06\/289231647_1039212850062379_7223881155338646240_n-1536x1152.jpg 1536w, https:\/\/echta-derminga.de\/wp-content\/uploads\/2022\/06\/289231647_1039212850062379_7223881155338646240_n.jpg 2048w\" sizes=\"auto, (max-width: 700px) 100vw, 700px\" \/><\/figure>\n<\/figure>\n\n\n\n<p class=\"has-medium-font-size wp-block-paragraph\"><strong>2. Park-und Strandfest im Dirminger Br\u00fchlpark<\/strong><\/p>\n\n\n\n<p class=\"has-medium-font-size wp-block-paragraph\">Unser Heimatort war immer schon f\u00fcr seine festlichen Aktivit\u00e4ten bekannt. Unter Ortsvorsteher und Kulturvereinschef Manfred Klein wurde ein Weg eingeschlagen, der mittlerweile erfolgreich  fortgef\u00fchrt wird. In der Zeit vom 15.- 17. Juli 2022 findet im Dirminger Br\u00fchlpark das nunmehr 2. Par-und Strandfest statt. Das Programm steht und f\u00fcr kulinarische Gen\u00fcsse werden die teilnehmenden Ortsvereine sorgen. Dabei werden in diesem Jahr mehr Vereine teilnehmen als noch bei der ersten Ausgabe dieses Festes. Das Park-und Strandfest kommt zur rechten Zeit und l\u00e4dt uns alle dazu ein unsere Dorfgemeinschaft zu feiern. Lasst uns noch enger zusammenr\u00fccken und feiern. Der Kulturverein-Dirmingen e.V. freut sich auf viele gut gelaunte Besucher.<\/p>\n\n\n\n<p class=\"has-medium-font-size wp-block-paragraph\"><strong>Das Festprogramm:<\/strong><\/p>\n\n\n\n<figure class=\"wp-block-table\"><table><tbody><tr><td><strong>Freitag, 15.Juli 2022<\/strong><\/td><\/tr><tr><td>19:00 Uhr:<\/td><td>AVA- Live<\/td><\/tr><tr><td>21:00 Uhr:<\/td><td>Perlregen- Live<\/td><\/tr><tr><td><strong>Samstag, 16.Juli 2022<\/strong><\/td><\/tr><tr><td>17:00 Uhr:<\/td><td>Fasstanstisch<\/td><\/tr><tr><td>19:00 Uhr:<\/td><td>Dustin Duffner- Live<\/td><\/tr><tr><td>21:00 Uhr:<\/td><td>Merci Cheri- Merci Udo &#8211; Homage an Udo J\u00fcrgens- Andreas Nagel und Band &#8211; Live<\/td><\/tr><tr><td><strong>Sonntag, 17.Juli 2022<\/strong><\/td><\/tr><tr><td>10:00 Uhr:<\/td><td>\u00d6kumenischer Gottesdienst<\/td><\/tr><tr><td>11:00 Uhr:<\/td><td>Die Bistalm\u00f6wen &#8211; Live<\/td><\/tr><tr><td>14:00 Uhr:<\/td><td>Back to Charleys Disco<\/td><\/tr><tr><td>14:00 Uhr:<\/td><td>Fun for Kids, Kinderflohmarkt, Showprogramm<\/td><\/tr><tr><td>17:00 Uhr:<\/td><td>Changes -Live<\/td><\/tr><\/tbody><\/table><\/figure>\n\n\n\n<p class=\"has-medium-font-size wp-block-paragraph\">Herzliche Einladung an alle B\u00fcrgerinnen und B\u00fcrger sowie an alle feierw\u00fctigen Menschen aus unserer Region. In Dirmingen kann man Natur und Kultur hautnah erleben.<\/p>\n\n\n<div class=\"wp-block-image\">\n<figure class=\"aligncenter size-large\"><img loading=\"lazy\" decoding=\"async\" width=\"700\" height=\"350\" src=\"https:\/\/echta-derminga.de\/wp-content\/uploads\/2022\/06\/Parkfeschd-700x350.png\" alt=\"\" class=\"wp-image-12965\" srcset=\"https:\/\/echta-derminga.de\/wp-content\/uploads\/2022\/06\/Parkfeschd-700x350.png 700w, https:\/\/echta-derminga.de\/wp-content\/uploads\/2022\/06\/Parkfeschd-300x150.png 300w, https:\/\/echta-derminga.de\/wp-content\/uploads\/2022\/06\/Parkfeschd-768x384.png 768w, https:\/\/echta-derminga.de\/wp-content\/uploads\/2022\/06\/Parkfeschd.png 805w\" sizes=\"auto, (max-width: 700px) 100vw, 700px\" \/><\/figure>\n<\/div>\n\n\n<p class=\"has-medium-font-size wp-block-paragraph\"><strong>Kinderflohmarkt 2022<\/strong><\/p>\n\n\n\n<p class=\"has-medium-font-size wp-block-paragraph\">In diesem Jahr wird es erstmals einen Kinderflohmarkt auf dem Park- und Strandfest des Kulturvereins Dirmingen geben. Anmeldungen werden bis zum 09. Juli 2022 unter melaklein@t-online.de. entgegengenommen. Die Teilnahme ist kostenlos. Das Teilnehmerfeld ist jedoch begrenzt. Melden euch an!!!<\/p>\n\n\n\n<p class=\"has-medium-font-size wp-block-paragraph\"><strong>Dirmingen in der Warteschleife<\/strong><\/p>\n\n\n\n<p class=\"has-medium-font-size wp-block-paragraph\">In den letzten Tagen wurde ich vermehrt auf die in Dirmingen anstehenden Bau- und Sanierungsma\u00dfnahmen angesprochen. Viele B\u00fcrgerinnen und B\u00fcrger warten auf ein sichtbares Zeichen. Dabei wurde bereits vieles auf den Weg gebracht. Ich m\u00f6chte Sie bitten den Kurs zu halten und sich weiterhin in  Geduld zu \u00fcben. Wir alle warten sehns\u00fcchtig auf den Bau eines Verbrauchermarktes oder auf die Sanierung des Br\u00fchlparks. Das es bisher noch keinen Spatenstich gab bedeutet nicht, dass nichts passiert. Hinter den Kulissen wird fieberhaft an der Realisierung der herbeigesehnten Bauma\u00dfnahmen gearbeitet. Ich m\u00f6chte in diesem Zusammenhang den guten Dialog und den Informationsaustausch zwischen B\u00fcrgermeister Dr. Feld und meiner Wenigkeit hervorheben. Zugegebenerma\u00dfen dauern manche Vorg\u00e4nge etwas l\u00e4nger als erwartet. Zudem m\u00fcssen wir auf dem Weg immer wieder kleinere unerwartete H\u00fcrden nehmen. Ich bin mir jedoch sicher, dass wir den richtigen Kurs eingeschlagen haben. Bez\u00fcglich des Verbrauchermarktes in Dirmingen wurden die Tr\u00e4ger \u00f6ffentlicher Belange positiv bewertet und das Anlegen einer Retentionsfl\u00e4che in Angriff genommen. Bez\u00fcglich des Br\u00fchlparks befindet man sich in finale Absprache mit Beh\u00f6rden und Firmen. Bitte bleiben Sie voller Zuversicht und Gelassenheit.<\/p>\n\n\n<div class=\"wp-block-image\">\n<figure class=\"aligncenter size-large\"><img loading=\"lazy\" decoding=\"async\" width=\"700\" height=\"385\" src=\"https:\/\/echta-derminga.de\/wp-content\/uploads\/2021\/05\/dorf-700x385.png\" alt=\"\" class=\"wp-image-9609\" srcset=\"https:\/\/echta-derminga.de\/wp-content\/uploads\/2021\/05\/dorf-700x385.png 700w, https:\/\/echta-derminga.de\/wp-content\/uploads\/2021\/05\/dorf-300x165.png 300w, https:\/\/echta-derminga.de\/wp-content\/uploads\/2021\/05\/dorf-768x422.png 768w, https:\/\/echta-derminga.de\/wp-content\/uploads\/2021\/05\/dorf.png 951w\" sizes=\"auto, (max-width: 700px) 100vw, 700px\" \/><\/figure>\n<\/div>\n\n\n<p class=\"has-medium-font-size wp-block-paragraph\"><strong>Blumenwiese auf dem Friedhof<\/strong><\/p>\n\n\n\n<p class=\"has-medium-font-size wp-block-paragraph\">Bestimmt haben Sie schon die angelegt Blumenwiese auf unserem Friedhof entdeckt. Als das Friedhofsamt um Frau Brill mich mit dieser Idee kontaktierte, war ich sofort begeistert. Blumenwiesen erfreuen sich immer gr\u00f6\u00dferer Beliebtheit. Dabei sind diese bunten Blumenwiesen leicht anzulegen, erfreuen das Auge und sind gleichzeitig sehr wertvolle Biotope in unserer Natur. Mit ihrer Artenvielfalt bieten sie zahlreichen Kleintieren und Insekten wie Schmetterlingen, Fliegen, Wildbienen, Hummeln und auch V\u00f6geln einen Lebensraum. Mit dieser Blumenwiese ist eine nutzvolle Verwendung der derzeit leerliegenden Fl\u00e4che inmitten unseres Friedhofes gew\u00e4hrleistet. Diese Blumenwiese wertet unseren Friedhof auf und l\u00e4dt auch die Besucher zum Verweilen ein.<\/p>\n\n\n\n<p class=\"has-medium-font-size wp-block-paragraph\"><strong>RASTLOS -Comback beim<\/strong> <strong>Seniorentreff auf Finkenrech<\/strong><\/p>\n\n\n\n<p class=\"has-medium-font-size wp-block-paragraph\">Am Samstag, 9. Juli 2022 findet nach einer zweij\u00e4hrigen pandemiebedingter Zwangspause endlich wieder ein Seniorentreff im Landhotel Finkenrech statt. Eine pers\u00f6nliche Einladung wird Ihnen in den kommenden Wochen zugesendet. Eingeladen sind alle Seniorinnen und Senioren, die das 70. Lebensjahr vollendet haben. Der Ortsrat Dirmingen hat sich um ein passendes Rahmenprogramm und um die kulinarische Verk\u00f6stigung gek\u00fcmmert. Dabei ist es uns gelungen die legend\u00e4re Gruppe RASTLOS zu einem Comeback zu gewinnen. Freuen Sie sich auf einen sch\u00f6nen Tag im Freizeitzentrum Finkenrech.<\/p>\n\n\n<div class=\"wp-block-image\">\n<figure class=\"aligncenter size-large\"><img loading=\"lazy\" decoding=\"async\" width=\"700\" height=\"525\" src=\"https:\/\/echta-derminga.de\/wp-content\/uploads\/2022\/06\/Foto-2Rastlos-700x525.jpg\" alt=\"\" class=\"wp-image-12966\" srcset=\"https:\/\/echta-derminga.de\/wp-content\/uploads\/2022\/06\/Foto-2Rastlos-700x525.jpg 700w, https:\/\/echta-derminga.de\/wp-content\/uploads\/2022\/06\/Foto-2Rastlos-300x225.jpg 300w, https:\/\/echta-derminga.de\/wp-content\/uploads\/2022\/06\/Foto-2Rastlos-768x576.jpg 768w, https:\/\/echta-derminga.de\/wp-content\/uploads\/2022\/06\/Foto-2Rastlos.jpg 1000w\" sizes=\"auto, (max-width: 700px) 100vw, 700px\" \/><\/figure>\n<\/div>\n\n\n<p class=\"has-medium-font-size wp-block-paragraph\"><strong>CD- Musikprojekt \u201eDirmingen f\u00fcr Ukraine\u201c &#8211; \u201eMensch zu sein\u201c<\/strong><\/p>\n\n\n\n<p class=\"has-medium-font-size wp-block-paragraph\">Unsere CD \u201eMensch zu sein\u201c ist weiterhin in folgenden Gesch\u00e4ften zum Preis von 10,- \u20ac das St\u00fcck k\u00e4uflich zu erwerben: \u201eSchreiben und Schenken\u201c &#8211; Dirmingen, \u201eBettinas Floristik\u201c- Dirmingen, \u201eBlende 8\u201c &#8211; Eppelborn, \u201eTabak and more\u201c- Eppelborn, B\u00fcrgerinfo &#8211; Rathaus Eppelborn. Der Erl\u00f6s dieser CD geht an die Ukrainehilfe in der Gemeinde Eppelborn. Bitte machen Sie regen Gebrauch von diesem wunderbaren Album.<\/p>\n\n\n<div class=\"wp-block-image\">\n<figure class=\"aligncenter size-large\"><img loading=\"lazy\" decoding=\"async\" width=\"700\" height=\"535\" src=\"https:\/\/echta-derminga.de\/wp-content\/uploads\/2022\/05\/284074387_5120280121400005_954786231238748201_n-1-700x535.jpg\" alt=\"\" class=\"wp-image-12809\" srcset=\"https:\/\/echta-derminga.de\/wp-content\/uploads\/2022\/05\/284074387_5120280121400005_954786231238748201_n-1-700x535.jpg 700w, https:\/\/echta-derminga.de\/wp-content\/uploads\/2022\/05\/284074387_5120280121400005_954786231238748201_n-1-300x229.jpg 300w, https:\/\/echta-derminga.de\/wp-content\/uploads\/2022\/05\/284074387_5120280121400005_954786231238748201_n-1-768x587.jpg 768w, https:\/\/echta-derminga.de\/wp-content\/uploads\/2022\/05\/284074387_5120280121400005_954786231238748201_n-1.jpg 957w\" sizes=\"auto, (max-width: 700px) 100vw, 700px\" \/><\/figure>\n<\/div>\n\n\n<p class=\"has-medium-font-size wp-block-paragraph\">Liebe Landsleute, alles ist in Bewegung. Die Pandemie scheint vergessen und die schlimmen Kriegswirren in der Ukraine weit weg. So ganz ist es jedoch nicht ! Die Gefahren sind immer noch gegenw\u00e4rtig wobei bez\u00fcglich der Corona-Pandemie wieder die Inzidenzzahlen gestiegen sind. Immer noch haben wir bez\u00fcglich der vielen Fl\u00fcchtlinge aus der Ukraine vieles zu tun. Viele ehrenamtliche Helferinnen und Helfer gehen auch in unserer Gemeinde t\u00e4glich mit ihrer Unterst\u00fctzung an ihre Grenzen. Dennoch scheint am Horizont ein Licht und wir alle freuen uns auf einen unbek\u00fcmmerten Sommer. Seien Sie bei allen was Sie tun besonnen, vorsichtig aber auch frei und losgel\u00f6st. Als Pr\u00e4sentant unseres Heimatortes Dirmingen werde ich wieder zu vielen festlichen Aktivit\u00e4ten in unserer Gemeinde eingeladen. Dabei darf ich immer wieder feststellen, dass  wir &#8222;Derminga&#8220; uns einen guten Ruf erarbeitet haben. Wir sind ein wichtiger Teil des Ganzen und darauf d\u00fcrfen wir stolz sein.<\/p>\n\n\n\n<p class=\"has-medium-font-size wp-block-paragraph\"><strong>Am 23. Juni beginnt mit &#8222;Unser Dorf speilt Handball&#8220; die n\u00e4chste gro\u00dfe Party in Dirmingen. Wir sehen uns&#8230;..orra ?<\/strong><\/p>\n\n\n\n<p class=\"has-medium-font-size wp-block-paragraph\"><strong>Euer Ortsvorsteher<\/strong><\/p>\n\n\n\n<p class=\"has-medium-font-size wp-block-paragraph\"><strong>Frank Klein<\/strong><\/p>\n\n\n<div class=\"wp-block-image\">\n<figure class=\"aligncenter size-full\"><img loading=\"lazy\" decoding=\"async\" width=\"682\" height=\"960\" src=\"https:\/\/echta-derminga.de\/wp-content\/uploads\/2022\/05\/282023529_1942026956186273_6393476728434032645_n.jpg\" alt=\"\" class=\"wp-image-12828\" srcset=\"https:\/\/echta-derminga.de\/wp-content\/uploads\/2022\/05\/282023529_1942026956186273_6393476728434032645_n.jpg 682w, https:\/\/echta-derminga.de\/wp-content\/uploads\/2022\/05\/282023529_1942026956186273_6393476728434032645_n-213x300.jpg 213w\" sizes=\"auto, (max-width: 682px) 100vw, 682px\" \/><\/figure>\n<\/div>","protected":false},"excerpt":{"rendered":"<p>Mit dem Sommerbeginn startet das \u201eDerminga D\u00f6rfche\u201c in eine ereignisreiche Zeit. Kaum ist das traditionsreiche Hobby-Fu\u00dfball Turnier \u201eUnser Dorf spielt Fu\u00dfball\u201c im Rahmen der 100 Jahrfeier des Vereins Geschichte, fiebern wir alle schon den kommenden Veranstaltungen entgegen. Bereits am 23. Juni beginnt mit \u201eUnser Dorf spielt Handball\u201c, auf dem Dirminger Kleinfeld, das n\u00e4chste gro\u00dfe Event. Mittendrin m\u00fcssen wir unbedingt einen<\/p>\n","protected":false},"author":1,"featured_media":12979,"comment_status":"open","ping_status":"closed","sticky":false,"template":"","format":"standard","meta":{"_crdt_document":"","footnotes":""},"categories":[1,812],"tags":[5,618,127,634,795,310],"class_list":["post-12958","post","type-post","status-publish","format-standard","has-post-thumbnail","hentry","category-allgemein","category-ortsvorsteher-dirmingen","tag-dirmingen","tag-gemeinde-eppelborn","tag-landkreis-neunkirchen","tag-ortsvorsteher","tag-ortsvorsteher-dirmingen","tag-saarland"],"_links":{"self":[{"href":"https:\/\/echta-derminga.de\/index.php?rest_route=\/wp\/v2\/posts\/12958","targetHints":{"allow":["GET"]}}],"collection":[{"href":"https:\/\/echta-derminga.de\/index.php?rest_route=\/wp\/v2\/posts"}],"about":[{"href":"https:\/\/echta-derminga.de\/index.php?rest_route=\/wp\/v2\/types\/post"}],"author":[{"embeddable":true,"href":"https:\/\/echta-derminga.de\/index.php?rest_route=\/wp\/v2\/users\/1"}],"replies":[{"embeddable":true,"href":"https:\/\/echta-derminga.de\/index.php?rest_route=%2Fwp%2Fv2%2Fcomments&post=12958"}],"version-history":[{"count":16,"href":"https:\/\/echta-derminga.de\/index.php?rest_route=\/wp\/v2\/posts\/12958\/revisions"}],"predecessor-version":[{"id":12984,"href":"https:\/\/echta-derminga.de\/index.php?rest_route=\/wp\/v2\/posts\/12958\/revisions\/12984"}],"wp:featuredmedia":[{"embeddable":true,"href":"https:\/\/echta-derminga.de\/index.php?rest_route=\/wp\/v2\/media\/12979"}],"wp:attachment":[{"href":"https:\/\/echta-derminga.de\/index.php?rest_route=%2Fwp%2Fv2%2Fmedia&parent=12958"}],"wp:term":[{"taxonomy":"category","embeddable":true,"href":"https:\/\/echta-derminga.de\/index.php?rest_route=%2Fwp%2Fv2%2Fcategories&post=12958"},{"taxonomy":"post_tag","embeddable":true,"href":"https:\/\/echta-derminga.de\/index.php?rest_route=%2Fwp%2Fv2%2Ftags&post=12958"}],"curies":[{"name":"wp","href":"https:\/\/api.w.org\/{rel}","templated":true}]}}