{"id":13005,"date":"2022-06-26T12:14:27","date_gmt":"2022-06-26T11:14:27","guid":{"rendered":"https:\/\/echta-derminga.de\/?p=13005"},"modified":"2022-06-26T12:14:29","modified_gmt":"2022-06-26T11:14:29","slug":"schwere-zeiten-fuer-den-wirtschaftsstandort-saarland","status":"publish","type":"post","link":"https:\/\/echta-derminga.de\/?p=13005","title":{"rendered":"Schwere Zeiten f\u00fcr den Wirtschaftsstandort Saarland!"},"content":{"rendered":"\n<p class=\"has-medium-font-size wp-block-paragraph\"><strong>Schon vor einem Jahr erlebte unsere Industrie einen herben Tiefschlag. Damals wurde im Gusswerken Saarbr\u00fccken, ehemals Halberg Guss, nach 264 Jahren Firmenhistorie die letzte Schicht gefahren. Am Ende musste das Traditionsunternehmen trotz aller Anstrengungen der Belegschaft seine Pforten schlie\u00dfen. Bis zum Schluss haben die Arbeiter gek\u00e4mpft, gehofft und an eine Zukunft des Unternehmens geglaubt. Die damalige Betriebsleitung hat immer wieder Hoffnungen gesch\u00fcrt und neue Pl\u00e4ne angek\u00fcndigt. Fast k\u00f6nnte man den Eindruck gewinnen, dass diese Vorgehensweise des Managements zur Methode hat.<\/strong><\/p>\n\n\n\n<p class=\"has-medium-font-size wp-block-paragraph\">Das alles ist ein alter Hut und immer wieder das gleiche Spiel. Das Possenspiel erinnert mich stark an das Ende des Bergbaus. Schon in den fr\u00fchen 2000-er Jahren wurde mit den Bergleuten die gleichen Spiele gespielt. Ich kann mich gut daran erinnern, dass die RAG zun\u00e4chst ein Bergwerk an der Saar versprach um es dann in Konkurrenz mit Ibbenb\u00fcren zu stellen. Das Ende dieser Geschichte d\u00fcrfte hinl\u00e4nglich bekannt sein. Nat\u00fcrlich ist dieser Vergleich etwas weit hergeholt. Damals ging es zusehends mit der Kohle bergab. Der jahrelange Arbeitskampf hat sich am Ende nicht gelohnt. Viele Bergleute waren damals der Meinung, dass das Ende l\u00e4ngst beschlossen sei und jede M\u00fche ohne vergebens w\u00e4re.<\/p>\n\n\n\n<p class=\"has-medium-font-size wp-block-paragraph\"><strong>Ja, ich glaube, dass viele Unternehmen auf Kosten der Menschen ihre zweifelhafte Firmenpolitik durchziehen. Auf Kosten der Menschen wird gelogen, betrogen, gehetzt und wie am Beispiel FORD zu erkennen gegeneinander ausgespielt. Nat\u00fcrlich ist es immer auch leicht der Politik einen mitzugeben. Schlie\u00dflich leben wir in Zeiten in denen es angesagt ist den Politikern f\u00fcr alles Elend der Welt die Schuld in die Schuhe zu schieben. Neben so mancher sicherlich angebrachter Kritik kommt dabei aber auch immer viel M\u00fcll und Verunglimpfung heraus. <\/strong><\/p>\n\n\n\n<p class=\"has-medium-font-size wp-block-paragraph\">Nun ist die Entscheidung also gefallen: FORD mit Sitz in Saarlouis wird sein neues E-Auto in Valencia produzieren lassen. Ich sehe das Versagen eindeutig bei dem Management und nicht wie so oft beschrien bei den Politikern. F\u00fcr viele Mitarbeiter war die Entscheidung keine gro\u00dfe \u00dcberraschung. Auch ich frage mich, ob das Ende wirklich so \u00fcberraschend kam. Wer in den letzten Monaten aufmerksam die Medien verfolgte, konnte die Zeichen der Zeit erkennen. Wie wird nun die Zukunft des saarl\u00e4ndischen Standortes aussehen? Was passiert mit den 6000 Mitarbeiterinnen und Mitarbeitern?<\/p>\n\n\n\n<p class=\"has-medium-font-size wp-block-paragraph\"><strong>Im Jahre 1970 er\u00f6ffnete FORD ihre Firma in Saarlouis. F\u00fcr die Autoindustrie im Saarland war dies der Starschuss in ein neues Zeitalter. Nach dem Ende des Bergbaus wurde der Fahrzeugbau zur wichtigsten Branche unseres Bundeslandes. Heute wird unser Heimatland von der Fahrzeugindustrie gepr\u00e4gt. Noch drei Jahre werden PKWs in Saarlouis hergestellt. Was kommt danach ? Das Unternehmen sollte in dieser Zeit unbedingt an der eigenen Zukunft arbeiten.<\/strong><\/p>\n\n\n\n<p class=\"has-medium-font-size wp-block-paragraph\">Was wir brauchen ist Innovation und Mut zum Handeln. Nun muss mit Vollgas nach neuen L\u00f6sungen gesucht werden. Der Standort in Saarlouis hat sich mit seiner europafreundlichen Struktur bew\u00e4hrt. Die erfahrene Belegschaft wird es leicht haben sich umzuorientieren und neue Weg einzuschlagen. Man muss den Leuten nur eine Chance geben !<\/p>\n\n\n\n<p class=\"has-medium-font-size wp-block-paragraph\"><strong>Die Entscheidung gegen FORD ist ein herber R\u00fcckschlag f\u00fcr das Autoindustrieland Saarland. Ein Ende kann immer auch ein Anfang sein. Neue Perspektiven liegen auf der Hand: Das Thema Recycling und auch das Wasserstoffauto k\u00f6nnte eine echte Chance sein. In \u00dcberherrn soll in einem Naturschutzgebiet eine Batteriefirma angesiedelt werden. Wirklich? Die Bev\u00f6lkerung ist von diesem Vorhaben nicht besonders begeistert. Eine Umorientierung der Projektleitung auf das FORD- Gel\u00e4nde ist rein spekulativ.<\/strong><\/p>\n\n\n\n<p class=\"has-medium-font-size wp-block-paragraph\">Das Saarland tr\u00e4gt Trauer und zeigt sich Solidarisch mit den Mitarbeiterinnen und Mitarbeitern des Unternehmens. Was mag in einem Familienvater vorgehen, der gerade erst sein Eigenheim fertiggestellt und auf eine gute Zukunft bei FORD gesetzt hat? Nicht alle werden in diesem Unternehmen ihre Rente beziehen. So schlimm es auch sein mag, es wird wieder mal zahlreiche Arbeitspl\u00e4tze kosten.<\/p>\n\n\n\n<p class=\"has-medium-font-size wp-block-paragraph\"><strong>Die 4600 Arbeiterinnen und Arbeiter auf dem Ford-Werk und die rund 2000 Besch\u00e4ftigten der ans\u00e4ssigen Zulieferfirmen im angrenzenden Gewerbegebiet m\u00fcssen um ihre Zukunft bangen. Ich habe das alles schon mal erlebt und bereits hinter mich gebracht. Meine letzten Jahre \u201eUnter Tage\u201c waren gepr\u00e4gt von der Frage: Wie geht es mit dem Bergbau an der Saar weiter? Mein Vorteil war, dass ich damals noch recht jung war, und keine Probleme hatte eine neue Arbeitsstelle zu finden. Wie w\u00fcrde ich heute mit einer solchen Situation umgehen? Ich mag es mir nicht vorstellen.<\/strong><\/p>\n\n\n\n<p class=\"has-medium-font-size wp-block-paragraph\">Am Ende nutzt alles lamentieren nichts! Egal ob Wortbruch oder Hinhaltetaktik, der \u201eKarren ist verfahren\u201c und es werden unruhige Zeiten auf die Menschen in Saarlouis zukommen. Die Entscheidung des Managements ist nicht nur eine Entscheidung gegen den Standort Saarlouis, sondern auch gegen das Industrieland Saarland. &nbsp;Wenn wir jetzt nicht aufpassen, kann die Geschichte b\u00f6se ausgehen.<\/p>\n\n\n\n<p class=\"has-medium-font-size wp-block-paragraph\"><strong>Die Belegschaft scheint kampfbereit zu sein. Nach der Verk\u00fcndung zogen etliche Mitarbeiterinnen und Mitarbeiter zu einer Kundgebung nach Saarlouis. Die Menschen wollen wissen wie es weitergeht und welche Perspektiven es gibt. Was passiert nach dem Jahre 2025? Was geschieht, wenn der letzte Ford Focus vom Band l\u00e4uft? K\u00e4mpfen ist gut und richtig, nur bringt es was?<\/strong><\/p>\n\n\n\n<p class=\"has-medium-font-size wp-block-paragraph\">Als Bergmann war ich an vielen Streiks und Kundgebungen beteiligt. Der Arbeitskampf geh\u00f6rte fest in das Profilbild des Bergmanns oder H\u00fcttenarbeiters. Wir wollten uns nichts gefallen lassen und gegen die Obrigkeit wehren. Am Ende hat das alles jedoch kaum zum Erfolg gef\u00fchrt. Schade! Eigentlich hatte der Standort Saarlouis die besseren Argumente. Die Entscheidung gegen Saarlouis ist sehr schmerzlich. Nat\u00fcrlich hat der Kapitalismus bei dieser Entscheidung seine menschenverachtende Fratze gezeigt. Nun werden sich fast 6000 Menschen mit Existenz\u00e4ngsten, Wut und Trauer besch\u00e4ftigen m\u00fcssen.<\/p>\n\n\n\n<p class=\"has-medium-font-size wp-block-paragraph\"><strong>Das neue Ziel ist der Erhalt der Arbeitspl\u00e4tze. Der Betriebsrat und die Landesregierung wollen um jeden Arbeitsplatz k\u00e4mpfen. Wie oft habe ich solche sicherlich verst\u00e4ndlichen Aussagen schon einmal geh\u00f6rt ?  Ich dr\u00fccke fest die Daumen und hoffe auf den bestm\u00f6glichen Erfolg. Irgendwie kommt mir das alles so bekannt vor!<\/strong><\/p>\n","protected":false},"excerpt":{"rendered":"<p>Schon vor einem Jahr erlebte unsere Industrie einen herben Tiefschlag. Damals wurde im Gusswerken Saarbr\u00fccken, ehemals Halberg Guss, nach 264 Jahren Firmenhistorie die letzte Schicht gefahren. Am Ende musste das Traditionsunternehmen trotz aller Anstrengungen der Belegschaft seine Pforten schlie\u00dfen. Bis zum Schluss haben die Arbeiter gek\u00e4mpft, gehofft und an eine Zukunft des Unternehmens geglaubt. Die damalige Betriebsleitung hat immer wieder<\/p>\n","protected":false},"author":1,"featured_media":13049,"comment_status":"open","ping_status":"closed","sticky":false,"template":"","format":"standard","meta":{"_crdt_document":"","footnotes":""},"categories":[1,902],"tags":[5,618,996,127,310],"class_list":["post-13005","post","type-post","status-publish","format-standard","has-post-thumbnail","hentry","category-allgemein","category-meine-meinung","tag-dirmingen","tag-gemeinde-eppelborn","tag-industrie-saarland","tag-landkreis-neunkirchen","tag-saarland"],"_links":{"self":[{"href":"https:\/\/echta-derminga.de\/index.php?rest_route=\/wp\/v2\/posts\/13005","targetHints":{"allow":["GET"]}}],"collection":[{"href":"https:\/\/echta-derminga.de\/index.php?rest_route=\/wp\/v2\/posts"}],"about":[{"href":"https:\/\/echta-derminga.de\/index.php?rest_route=\/wp\/v2\/types\/post"}],"author":[{"embeddable":true,"href":"https:\/\/echta-derminga.de\/index.php?rest_route=\/wp\/v2\/users\/1"}],"replies":[{"embeddable":true,"href":"https:\/\/echta-derminga.de\/index.php?rest_route=%2Fwp%2Fv2%2Fcomments&post=13005"}],"version-history":[{"count":5,"href":"https:\/\/echta-derminga.de\/index.php?rest_route=\/wp\/v2\/posts\/13005\/revisions"}],"predecessor-version":[{"id":13048,"href":"https:\/\/echta-derminga.de\/index.php?rest_route=\/wp\/v2\/posts\/13005\/revisions\/13048"}],"wp:featuredmedia":[{"embeddable":true,"href":"https:\/\/echta-derminga.de\/index.php?rest_route=\/wp\/v2\/media\/13049"}],"wp:attachment":[{"href":"https:\/\/echta-derminga.de\/index.php?rest_route=%2Fwp%2Fv2%2Fmedia&parent=13005"}],"wp:term":[{"taxonomy":"category","embeddable":true,"href":"https:\/\/echta-derminga.de\/index.php?rest_route=%2Fwp%2Fv2%2Fcategories&post=13005"},{"taxonomy":"post_tag","embeddable":true,"href":"https:\/\/echta-derminga.de\/index.php?rest_route=%2Fwp%2Fv2%2Ftags&post=13005"}],"curies":[{"name":"wp","href":"https:\/\/api.w.org\/{rel}","templated":true}]}}