{"id":13072,"date":"2022-07-03T16:12:20","date_gmt":"2022-07-03T15:12:20","guid":{"rendered":"https:\/\/echta-derminga.de\/?p=13072"},"modified":"2022-07-03T16:26:01","modified_gmt":"2022-07-03T15:26:01","slug":"in-sachen-ortsvorsteher-von-sportlichen-erfolgen-einer-funktionierenden-erinnerungskultur-und-dem-traum-von-einem-dorfgemeinschaftshaus","status":"publish","type":"post","link":"https:\/\/echta-derminga.de\/?p=13072","title":{"rendered":"In Sachen Ortsvorsteher: Von sportlichen Erfolgen, tollen Festen, einer funktionierenden Erinnerungskultur und dem Traum von einem Dorfgemeinschaftshaus"},"content":{"rendered":"\n<p class=\"has-medium-font-size wp-block-paragraph\">Seit nunmehr zehn Jahren geh\u00f6rt der Bergbau an der Saar der Geschichte an. Viele Jahrzehnte z\u00e4hlten die zahlreichen Grubenanlagen an der Saar zu den gr\u00f6\u00dften Arbeitsgebern. Heute erinnern nur noch Bergbaudenkm\u00e4ler und verfallene Grubengel\u00e4nde und Halden an eines der wichtigsten Wirtschaftsstandbeine der Nachkriegszeit. Der Bergbau war immer auch Traditionen und Brauchtum. Ich w\u00fcnsche mir auch f\u00fcr die Menschen in unserem Dorf und die vielen ehemaligen Bergleute eine lebendige und greifbare Erinnerungskultur. Der Saarl\u00e4ndische Rundfunk hat dieses traurige Jubil\u00e4um zu einer Themenwoche genutzt. Sch\u00f6n, dass ich daran mitarbeiten und von meinen pers\u00f6nlichen Erfahrungen berichten durfte. Einen interessanten Bericht finden Sie auf dem unten angef\u00fcgten Link der zur Homepage des saarl\u00e4ndischen Rundfunks f\u00fchrt. Ebenso finden sie in der SR Mediathek einen Reportage mit einem Bericht \u00fcber Dirmingen. Bitte folgen Sie den unten angef\u00fcgten Links.<\/p>\n\n\n\n<p class=\"wp-block-paragraph\"><a href=\"https:\/\/www.ardmediathek.de\/video\/wir-im-saarland-das-magazin\/wir-im-saarland-das-magazin-30-06 2022\/sr\/Y3JpZDovL3NyLW9ubGluZS5kZS9NQS1XSU1TXzExNzIyMA?fbclid=IwAR0LGhuBL3lsmJPrKfgEwNDJ1KZs6p9EmRguJZ4Z_f1TozawTyFmF8MCZps\">https:\/\/www.ardmediathek.de\/video\/wir-im-saarland-das-magazin\/wir-im-saarland-das-magazin-30-06 2022\/sr\/Y3JpZDovL3NyLW9ubGluZS5kZS9NQS1XSU1TXzExNzIyMA?fbclid=IwAR0LGhuBL3lsmJPrKfgEwNDJ1KZs6p9EmRguJZ4Z_f1TozawTyFmF8MCZps<\/a><\/p>\n\n\n\n<p class=\"wp-block-paragraph\"><a href=\"https:\/\/www.sr.de\/sr\/home\/nachrichten\/panorama\/bergbaukultur_traditionen_saarland_100.html.\">https:\/\/www.sr.de\/sr\/home\/nachrichten\/panorama\/bergbaukultur_traditionen_saarland_100.html.<\/a><\/p>\n\n\n<div class=\"wp-block-image\">\n<figure class=\"aligncenter size-large\"><img loading=\"lazy\" decoding=\"async\" width=\"700\" height=\"580\" src=\"https:\/\/echta-derminga.de\/wp-content\/uploads\/2022\/07\/291128197_5222648871163129_5249863919885551218_n-700x580.jpg\" alt=\"\" class=\"wp-image-13078\" srcset=\"https:\/\/echta-derminga.de\/wp-content\/uploads\/2022\/07\/291128197_5222648871163129_5249863919885551218_n-700x580.jpg 700w, https:\/\/echta-derminga.de\/wp-content\/uploads\/2022\/07\/291128197_5222648871163129_5249863919885551218_n-300x249.jpg 300w, https:\/\/echta-derminga.de\/wp-content\/uploads\/2022\/07\/291128197_5222648871163129_5249863919885551218_n-768x636.jpg 768w, https:\/\/echta-derminga.de\/wp-content\/uploads\/2022\/07\/291128197_5222648871163129_5249863919885551218_n.jpg 1080w\" sizes=\"auto, (max-width: 700px) 100vw, 700px\" \/><\/figure>\n<\/div>\n\n\n<p class=\"has-medium-font-size wp-block-paragraph\"><strong>Herzlichen Gl\u00fcckwunsch zum 90. Wiegenfest&nbsp;<\/strong><\/p>\n\n\n\n<p class=\"has-medium-font-size wp-block-paragraph\">Am 22. Juni 2022 feierte der Dirminger Erich Bock seinen nunmehr 90. Geburtstag. Zu diesem besonderen Anlass \u00fcberbrachte ich w\u00e4hrend meines Besuchs die Gl\u00fcckw\u00fcnsche der Ministerpr\u00e4sidentin, des Landrates und unseres B\u00fcrgermeisters Dr. Andreas Feld. Erich Bock erz\u00e4hlte von einem arbeitsreichen Leben und seinem Beruf als Schlosser \u201eUnter Tage\u201c auf den Anlagen Camphausen, Landsweiler\/Reden, Franziska und Duhammel. Bereits im Jahre 1946 begann Herr Erich Bock eine Lehre als Bergmann. Im Jahre 1951 war Erich Bock an den Stra\u00dfensanierungsarbeiten in Dirmingen beteiligt. Seit viele Jahre blickt er auf eine Mitgliedschaft beim TV 04 Dirmingen. Herr Erich Bock hat 2 Kinder und einen Enkel. Ich m\u00f6chte auch an dieser Stelle meine Gl\u00fcckw\u00fcnsche \u00fcbermitteln und w\u00fcnsche Herrn Erich Bock weiterhin alles erdenklich Gute. Vielen Dank f\u00fcr die angenehme Gastfreundschaft.<\/p>\n\n\n\n<p class=\"has-medium-font-size wp-block-paragraph\"><strong>Ortsrat besch\u00e4ftigt sich mit Erweiterungsbau eines Dorfgemeinschaftshauses<\/strong><\/p>\n\n\n\n<p class=\"has-medium-font-size wp-block-paragraph\">Am Freitag, 01. Juli 2022 fand die letzte Sitzung des Ortsrates vor der Sommerpause im evangelischen Gemeindehaus Dirmingen statt. Ich hatte diesen besonderen Sitzungsort aus gegebenem Anlass gew\u00e4hlt. Unser Ortsrat besch\u00e4ftigte sich mit den Planungen eines Erweiterungsbaus des Evangelischen Gemeindehauses Dirmingen. Das Presbyterium der Kirchengemeinde stellte dem Ortsrat eine sogenannte Machbarkeitsstudie, anhand einer Power-Point Pr\u00e4sentation vor. Der Presbyter Andreas Schmidt erkl\u00e4rte den Planungsentwurf und berichtete vom Vorhaben seiner Gemeinde. In Zusammenarbeit mit der Kommunalgemeinde soll aus dem evangelischen Gemeindehaus ein Dorfgemeinschaftshaus gemacht werden. Am Ende k\u00f6nnte dieses Vorhaben zu einem sogenannten &#8222;Win-Win-Projekt&#8220; werden. Mittlerweile wurden schon einige Gespr\u00e4che zwischen den Ministerien, der Kirchenleitung und auch der Kommunalverwaltung gef\u00fchrt. B\u00fcrgermeister Dr. Andreas Feld hat dankenswerterweise seine Unterst\u00fctzung zugesagt. Ich m\u00f6chte mich ganz herzlich bei unserem B\u00fcrgermeister f\u00fcr sein offenes Ohr bedanken. Das Projekt hat berechtigte Chancen auf eine Unterst\u00fctzung einer ELER-F\u00f6rderma\u00dfnahme. Aktuell werden gerade solche Dorfgemeinschaftsprojekte besonders gef\u00f6rdert. Fakt ist jedoch auch, dass wir am Anfang eines langen Weges stehen und noch einige H\u00fcrden nehmen m\u00fcssen. Als Ortsvorsteher und Mitglied des Presbyteriums sehe ich in diesem Projekt eine gro\u00dfe Chance f\u00fcr unseren Heimatort. In unserem Dorf gibt es kaum eine R\u00e4umlichkeit f\u00fcr Versammlungen, Sitzungen oder Feierlichkeiten. Selbst unsere gro\u00dfen Vereine wie z.B der TV 04 Dirmingen oder der KKV ben\u00f6tigen R\u00e4umlichkeiten um ihre Sitzungen oder auch Trainingsstunden durchf\u00fchren zu k\u00f6nnen. Letztendlich fehlt es in unserem Dorf auch an Raum f\u00fcr Kinder, Jugendliche oder auch Senioren. Eine Nutzungsstudie wird in den n\u00e4chsten Tagen genauen Aufschluss \u00fcber den Bedarf in unserem Dorf bringen. Ein Dorfgemeinschaftshaus w\u00e4re ein echter Traum und w\u00fcrde unserem Heimatort gut zu Gesicht stehen. Der Ortsrat hat sich dazu entschieden die Planungen der Kirchengemeinde positiv zu begleiten. Angesichts der angespannten Haushaltslage unserer Kommune und auch der Kirchengemeinde m\u00fcssen wir im gemeinsamen Schulterschluss eine echte Herkulesaufgabe meistern. Dies wird schwierig aber nicht unm\u00f6glich !<\/p>\n\n\n<div class=\"wp-block-image\">\n<figure class=\"aligncenter size-large\"><img loading=\"lazy\" decoding=\"async\" width=\"700\" height=\"546\" src=\"https:\/\/echta-derminga.de\/wp-content\/uploads\/2022\/07\/dirmingen513-700x546.jpg\" alt=\"\" class=\"wp-image-13099\" srcset=\"https:\/\/echta-derminga.de\/wp-content\/uploads\/2022\/07\/dirmingen513-700x546.jpg 700w, https:\/\/echta-derminga.de\/wp-content\/uploads\/2022\/07\/dirmingen513-300x234.jpg 300w, https:\/\/echta-derminga.de\/wp-content\/uploads\/2022\/07\/dirmingen513-768x599.jpg 768w, https:\/\/echta-derminga.de\/wp-content\/uploads\/2022\/07\/dirmingen513.jpg 1000w\" sizes=\"auto, (max-width: 700px) 100vw, 700px\" \/><\/figure>\n<\/div>\n\n\n<p class=\"has-medium-font-size wp-block-paragraph\"><strong>Nachbarschaftsfest auf dem Rothenberg<\/strong>&#8211; <strong>Sch\u00fcler\/innen unserer Rothenbergschule bei Special Olympics in Berlin erfolgreich<\/strong><\/p>\n\n\n\n<p class=\"has-medium-font-size wp-block-paragraph\">Am Sonntag, 03. Juli 2022 wurde endlich wieder das traditionsreiche Nachbarschaftsfest an der Rothenbergschule gefeiert. Das Fest wird seit \u00fcber 40 Jahren in Zusammenarbeit mit der Kolpingfamilie Dirmingen durchgef\u00fchrt. Das Nachbarschaftsfest geh\u00f6rt seit Jahren zum festen Bestandteil unseres Ortsgeschehens. Nach einer pandemiebedingten Pause durfte in diesem Jahr endlich wieder gefeiert werden. Die Veranstaltung wurde auch in diesem Jahr ausgesprochen gut angenommen. Dabei waren auch zahlreiche Ehreng\u00e4ste wie z.B der Bundestagsabgeordnete Christian Petry oder auch der 1. Beigeordnete unserer Gemeinde Christian Ney zu der Er\u00f6ffnung des Festes gekommen. Neben der Durchf\u00fchrung dieses Nachbarschaftsfestes betreibt die Schule im Laufe eines Jahres in vielerlei Hinsicht Werbung f\u00fcr unseren Heimatort. In der Zeit vom 19. bis 24. Juni 2022 fanden die Special Olympics Nationale Spiele unter dem Motto \u201e#ZusammenUnschlagbar\u201c in Berlin statt. Bei den Spielen f\u00fcr Menschen mit geistigen Behinderung konnten auch saarl\u00e4ndische Sch\u00fcler\/innen beeindruckende Erfolge feiern. Insgesamt nahmen rund 4.000 Athlet\/innen aus ganz Deutschland teil. Die Special Olympics sind ein wichtiger Beitrag auf dem Weg zur inklusiven Gesellschaft. Wir d\u00fcrfen uns \u00fcber das erfolgreiche Abschneiden der teilnehmenden Sch\u00fclerinnen und Sch\u00fcler aus Rothenbergschule freuen. Die siegreichen Sch\u00fclerinnen und Sch\u00fcler k\u00f6nnen zurecht stolz auf ihre Leistung zur\u00fcckblicken.  An den Special Olympics Nationale Spiele haben insgesamt 61 Sch\u00fcler\/innen sieben saarl\u00e4ndischer Schulen teilgenommen. Das Ziel von Special Olympics ist es, Menschen mit geistiger Behinderung durch den Sport zu mehr Anerkennung, Selbstbewusstsein und letztlich zu mehr Teilhabe an der Gesellschaft zu verhelfen. Im Namen unserer Bev\u00f6lkerung m\u00f6chte ich allen Medaillen Sieger\/innen ganz herzlich gratulieren:<\/p>\n\n\n\n<p class=\"has-medium-font-size wp-block-paragraph\"><strong>Die Medaillen-Erfolge saarl\u00e4ndischer Sch\u00fcler:innen im \u00dcberblick:<\/strong><\/p>\n\n\n\n<p class=\"has-medium-font-size wp-block-paragraph\"><strong>Rothenbergschule Dirmingen:<\/strong><\/p>\n\n\n\n<figure class=\"wp-block-table\"><table><tbody><tr><td>Platzierung<\/td><td>Disziplin<\/td><td>Name<\/td><\/tr><tr><td>Gold<\/td><td>Mini-Speer<\/td><td>Lars Schuhmacher<\/td><\/tr><tr><td>Gold<\/td><td>Mini-Speer<\/td><td>Lucas Morsch<\/td><\/tr><tr><td>Gold<\/td><td>75m Sprint<\/td><td>David Nicolay<\/td><\/tr><tr><td>Bronze<\/td><td>Weitsprung<\/td><td>David Nicolay<\/td><\/tr><\/tbody><\/table><\/figure>\n\n\n\n<p class=\"has-medium-font-size wp-block-paragraph\"><strong>Abschlie\u00dfend m\u00f6chte ich der Schulleitung der Rothenbergschule und auch der Kolpingfamilie Dirmingen ganz herzlich f\u00fcr dieses gro\u00dfartige Fest danken. Ich w\u00fcnsche unserer F\u00f6rderschule f\u00fcr geistige Entwicklung in Tr\u00e4gerschaft der Lebenshilfewerk im Kreis Neunkirchen gGmbH weiterhin viel Erfolg.<\/strong><\/p>\n\n\n\n<figure class=\"wp-block-gallery has-nested-images columns-default is-cropped wp-block-gallery-1 is-layout-flex wp-block-gallery-is-layout-flex\">\n<figure class=\"wp-block-image size-large\"><img loading=\"lazy\" decoding=\"async\" width=\"700\" height=\"393\" data-id=\"13105\" src=\"https:\/\/echta-derminga.de\/wp-content\/uploads\/2022\/07\/IMG-20220703-WA0014-Kopie-700x393.jpg\" alt=\"\" class=\"wp-image-13105\" srcset=\"https:\/\/echta-derminga.de\/wp-content\/uploads\/2022\/07\/IMG-20220703-WA0014-Kopie-700x393.jpg 700w, https:\/\/echta-derminga.de\/wp-content\/uploads\/2022\/07\/IMG-20220703-WA0014-Kopie-300x169.jpg 300w, https:\/\/echta-derminga.de\/wp-content\/uploads\/2022\/07\/IMG-20220703-WA0014-Kopie-768x432.jpg 768w, https:\/\/echta-derminga.de\/wp-content\/uploads\/2022\/07\/IMG-20220703-WA0014-Kopie.jpg 1000w\" sizes=\"auto, (max-width: 700px) 100vw, 700px\" \/><\/figure>\n\n\n\n<figure class=\"wp-block-image size-large\"><img loading=\"lazy\" decoding=\"async\" width=\"700\" height=\"525\" data-id=\"13104\" src=\"https:\/\/echta-derminga.de\/wp-content\/uploads\/2022\/07\/IMG-20220703-WA0012-Kopie-700x525.jpg\" alt=\"\" class=\"wp-image-13104\" srcset=\"https:\/\/echta-derminga.de\/wp-content\/uploads\/2022\/07\/IMG-20220703-WA0012-Kopie-700x525.jpg 700w, https:\/\/echta-derminga.de\/wp-content\/uploads\/2022\/07\/IMG-20220703-WA0012-Kopie-300x225.jpg 300w, https:\/\/echta-derminga.de\/wp-content\/uploads\/2022\/07\/IMG-20220703-WA0012-Kopie-768x576.jpg 768w, https:\/\/echta-derminga.de\/wp-content\/uploads\/2022\/07\/IMG-20220703-WA0012-Kopie.jpg 1024w\" sizes=\"auto, (max-width: 700px) 100vw, 700px\" \/><\/figure>\n<\/figure>\n\n\n\n<p class=\"has-medium-font-size wp-block-paragraph\"><strong>Vorbildliche Inklusionsarbeit des TV 04 Dirmingen mit der WZB Spiesen<\/strong><\/p>\n\n\n\n<p class=\"has-medium-font-size wp-block-paragraph\">Der TV 04 Dirmingen leistet sein 22 Jahren eine gro\u00dfartige Inklusionsarbeit mit der WZB Spiesen. Mehrmals im Jahr spielen&nbsp;die TVD Veteranen&nbsp;gegen die Mannschaft des WzB Spiesen und leisten somit einen herausragenden Beitrag zur Inklusion. Am Montag den 27. Juni wurde anl\u00e4sslich des diesj\u00e4hrigen \u201eUDSH\u201c auf dem Kleinfeld ein Jubil\u00e4umsfest gefeiert. Dabei wurde auch der bisherige Trainer verabschiedet und mit TVD \u201eUrgestein\u201c Mano Bastuck ein neuer Coach f\u00fcr das Team der WZB vorgestellt. Im Beisein des B\u00fcrgermeisters Dr. Andreas Feld durfte ich dem TV 04 Dirmingen zu dieser tollen Zusammenarbeit gratulieren. Im Laufe des Jahres werden neben den Spielen auch gemeinsame Feiern und ein w\u00f6chentlichen Handballtraining angeboten.&nbsp;Vielen Dank&nbsp;an alle TVD-Veteranen und an die gro\u00dfe TVD Familie.&nbsp;Mein Dank geht zudem an alle die sich um diese besondere Form der Inklusion Verdienste erworben haben.<\/p>\n\n\n<div class=\"wp-block-image\">\n<figure class=\"aligncenter size-large\"><img loading=\"lazy\" decoding=\"async\" width=\"700\" height=\"470\" src=\"https:\/\/echta-derminga.de\/wp-content\/uploads\/2022\/07\/IMG_5317-Benutzerdefiniert-Kopie-700x470.jpg\" alt=\"\" class=\"wp-image-13079\" srcset=\"https:\/\/echta-derminga.de\/wp-content\/uploads\/2022\/07\/IMG_5317-Benutzerdefiniert-Kopie-700x470.jpg 700w, https:\/\/echta-derminga.de\/wp-content\/uploads\/2022\/07\/IMG_5317-Benutzerdefiniert-Kopie-300x200.jpg 300w, https:\/\/echta-derminga.de\/wp-content\/uploads\/2022\/07\/IMG_5317-Benutzerdefiniert-Kopie-768x515.jpg 768w, https:\/\/echta-derminga.de\/wp-content\/uploads\/2022\/07\/IMG_5317-Benutzerdefiniert-Kopie.jpg 1000w\" sizes=\"auto, (max-width: 700px) 100vw, 700px\" \/><\/figure>\n<\/div>\n\n\n<p class=\"has-medium-font-size wp-block-paragraph\"><strong>&#8222;UDSH &#8220; 2022 schreibt an der eigenen Erfolgsgeschichte<\/strong><\/p>\n\n\n\n<p class=\"has-medium-font-size wp-block-paragraph\">Das traditionsreiche Hobby-Handballturnier &#8222;UDSH&#8220; geh\u00f6rt seit \u00fcber 40 Jahren zu den gr\u00f6\u00dften Freiluftturnieren im Saarland. Jedes Jahr lockt diese Veranstaltung zahlreiche Zuschauer aus der gesamten Region an. Dabei ist es immer wieder beeindruckend mit welcher Leidenschaft der TV 04 Dirmingen und sein Organisationsteam bei der Sache sind. In diesem Jahr durften die zahlreichen G\u00e4ste eine bemerkenswerte Beobachtung gemacht haben. Unsere Dorfvereine haben das Miteinander neu entdeckt und helfen sich gegenseitig aus. Sch\u00f6n zu sehen, wie die Vereine sich untereinander unterst\u00fctzen. Ich m\u00f6chte den TV 04 Dirmingen zu diesem wunderbaren Turnier begl\u00fcckw\u00fcnschen. Gemeinsam mit Timo Spaniol, Florian Stumpf und TVD &#8222;Ur-Gestein&#8220; Birgit Vogel durfte ich die Siegerehrung mitgestalten. Auch an dieser Stelle nochmals herzlichen Gl\u00fcckwunsch an alle siegreichen Mannschaften und Danke an alle Teams die dieses Turnier mit ihrer Teilnahme bereichert hatten. Wir alle freuen uns schon heute auf das &#8222;UDSH&#8220; im kommenden Jahr 2023 !<\/p>\n\n\n<div class=\"wp-block-image\">\n<figure class=\"aligncenter size-large\"><img loading=\"lazy\" decoding=\"async\" width=\"700\" height=\"395\" src=\"https:\/\/echta-derminga.de\/wp-content\/uploads\/2022\/07\/IMG-20220703-WA0023-Kopie-700x395.jpg\" alt=\"\" class=\"wp-image-13109\" srcset=\"https:\/\/echta-derminga.de\/wp-content\/uploads\/2022\/07\/IMG-20220703-WA0023-Kopie-700x395.jpg 700w, https:\/\/echta-derminga.de\/wp-content\/uploads\/2022\/07\/IMG-20220703-WA0023-Kopie-300x169.jpg 300w, https:\/\/echta-derminga.de\/wp-content\/uploads\/2022\/07\/IMG-20220703-WA0023-Kopie-768x433.jpg 768w, https:\/\/echta-derminga.de\/wp-content\/uploads\/2022\/07\/IMG-20220703-WA0023-Kopie.jpg 1200w\" sizes=\"auto, (max-width: 700px) 100vw, 700px\" \/><figcaption>Siegerehrung &#8222;UDSH&#8220;22<\/figcaption><\/figure>\n<\/div>\n\n\n<p class=\"has-medium-font-size wp-block-paragraph\"><strong>Herzlichen Gl\u00fcckwunsch zur Meisterschaft<\/strong><\/p>\n\n\n\n<p class=\"has-medium-font-size wp-block-paragraph\">Die weibliche A Jugend der FSG Dirmingen-Schaumberg wurde Meister der Saarlandliga. Nat\u00fcrlich wurde dieser Erfolg ausgiebig gefeiert. Die FSG hat mit diesem Titelgewinn auch Werbung f\u00fcr unseren Heimatort betrieben. Am Ende wurde die Meisterschaft mit 2 Punkten Vorsprung auf die VTZ Zweibr\u00fccken eingefahren. Trainerin Bianca Leidinger und Betreuerin Luisa Sch\u00e4fer k\u00f6nnen zurecht stolz auf ihre Mannschaft sein.\u00a0Gl\u00fcckwunsch an Mannschaft, Trainerin, Betreuerin und Fans. Nat\u00fcrlich habe ich\u00a0mir diesen Erfolg etwas kosten lassen.\u00a0<\/p>\n\n\n<div class=\"wp-block-image\">\n<figure class=\"aligncenter size-large\"><img loading=\"lazy\" decoding=\"async\" width=\"700\" height=\"509\" src=\"https:\/\/echta-derminga.de\/wp-content\/uploads\/2022\/07\/290632968_5210970788997604_6246310653357007537_n-700x509.jpg\" alt=\"\" class=\"wp-image-13080\" srcset=\"https:\/\/echta-derminga.de\/wp-content\/uploads\/2022\/07\/290632968_5210970788997604_6246310653357007537_n-700x509.jpg 700w, https:\/\/echta-derminga.de\/wp-content\/uploads\/2022\/07\/290632968_5210970788997604_6246310653357007537_n-300x218.jpg 300w, https:\/\/echta-derminga.de\/wp-content\/uploads\/2022\/07\/290632968_5210970788997604_6246310653357007537_n-768x558.jpg 768w, https:\/\/echta-derminga.de\/wp-content\/uploads\/2022\/07\/290632968_5210970788997604_6246310653357007537_n.jpg 1427w\" sizes=\"auto, (max-width: 700px) 100vw, 700px\" \/><figcaption>Die Meistermannschaft<\/figcaption><\/figure>\n<\/div>\n\n\n<p class=\"has-medium-font-size wp-block-paragraph\"><strong>Auf der Suche nach einem w\u00fcrdigen Umgang mit dem Dirminger Bergbaudenkmal <\/strong><\/p>\n\n\n\n<p class=\"has-medium-font-size wp-block-paragraph\">Ein Mannschaftstransportwagen aus dem Bergwerk Ensdorf erinnert in der Dirminger Ortsmitte an die Verbundenheit unseres Heimatortes mit dem Saarbergbau. Das Denkmal wurde im Fr\u00fchjahr von den JUSOS ges\u00e4ubert und auf Vordermann gebracht. W\u00e4hrend dieser S\u00e4uberungsaktion habe ich mir die Frage gestellt, wie es uns gelingen mag eine w\u00fcrdige Erinnerungskultur an den Bergbau zu erhalten. Sp\u00e4testens beim Neubau eines Verbrauchermarktes ben\u00f6tigen wir f\u00fcr unser Bergbaudenkmal einen neuen Stellplatz. Wohin sollten wir diesen Mannschaftstransportwagen stellen ? Wichtig ist, dass dieses Denkmal gut sichtbar auf einem w\u00fcrdigen Stellplatz erhalten bleibt. Ich lade Sie alle ein mitzudenken und Vorschl\u00e4ge einzureichen. Gerne k\u00f6nnen Sie mich kontaktieren und mir ihre Meinung mitteilen.<\/p>\n\n\n<div class=\"wp-block-image\">\n<figure class=\"aligncenter size-large\"><img loading=\"lazy\" decoding=\"async\" width=\"700\" height=\"393\" src=\"https:\/\/echta-derminga.de\/wp-content\/uploads\/2022\/06\/IMG-20220517-WA0074-Kopie-700x393.jpg\" alt=\"\" class=\"wp-image-13054\" srcset=\"https:\/\/echta-derminga.de\/wp-content\/uploads\/2022\/06\/IMG-20220517-WA0074-Kopie-700x393.jpg 700w, https:\/\/echta-derminga.de\/wp-content\/uploads\/2022\/06\/IMG-20220517-WA0074-Kopie-300x169.jpg 300w, https:\/\/echta-derminga.de\/wp-content\/uploads\/2022\/06\/IMG-20220517-WA0074-Kopie-768x432.jpg 768w, https:\/\/echta-derminga.de\/wp-content\/uploads\/2022\/06\/IMG-20220517-WA0074-Kopie.jpg 1000w\" sizes=\"auto, (max-width: 700px) 100vw, 700px\" \/><figcaption>Dirminger Bergbaudenkmal<\/figcaption><\/figure>\n<\/div>\n\n\n<p class=\"has-medium-font-size wp-block-paragraph\"><strong>Park- und Strandfest 2022<\/strong><\/p>\n\n\n\n<p class=\"has-medium-font-size wp-block-paragraph\">Ich bin mir sicher: Das 2. Park- und Strandfest in der Zeit vom 15.- 17. Juli 2022 wird ein tolles Event. Der Kulturverein Dirmingen hat eine herausragende Vorarbeit geleistet. Wenn das Wetter mitspielt, werden wir alle ein wunderbares Dorffest genie\u00dfen d\u00fcrfen. An drei Festtagen wird ein abwechslungsreiches Programm angeboten. Dabei steht neben den kulinarischen K\u00f6stlichkeiten besonders die Live- Musik im Vordergrund. Der Kulturverein setzt in diesem Jahr verst\u00e4rkt auf einheimische Kr\u00e4fte. Neben der Band Perlregen werden, AVA, Saitenklang und auch Changes mit Dirminger Beteiligung aufspielen. Samstags wird Andreas Nagel mit Band mit seinem Programm &#8222;Merci Cheri -Merci Udo&#8220; das Publikum begeistern. Sonntags wird es nach einem \u00f6kumenischen Gottesdienst und einem Shanty-Chor-Konzert auch ein passendes Rahmenprogramm mit Showeinlagen, einer Revival-Disco und einen Kinderflohmarkt geben. Freuen Sie sich auf das 2. Park-und Strandfest im Dirminger Br\u00fchlpark. Ich lade alle Landsleute ganz herzlich zu diesem besonderen Dorffest ein. Lasst uns gemeinsam unsere Heimat und unsere Kultur feiern.<\/p>\n\n\n\n<figure class=\"wp-block-gallery has-nested-images columns-default is-cropped wp-block-gallery-2 is-layout-flex wp-block-gallery-is-layout-flex\">\n<figure class=\"wp-block-image size-large\"><img loading=\"lazy\" decoding=\"async\" width=\"644\" height=\"375\" data-id=\"4086\" src=\"https:\/\/echta-derminga.de\/wp-content\/uploads\/2019\/07\/echta-8-644x375.jpg\" alt=\"\" class=\"wp-image-4086\" srcset=\"https:\/\/echta-derminga.de\/wp-content\/uploads\/2019\/07\/echta-8-644x375.jpg 644w, https:\/\/echta-derminga.de\/wp-content\/uploads\/2019\/07\/echta-8-300x175.jpg 300w, https:\/\/echta-derminga.de\/wp-content\/uploads\/2019\/07\/echta-8-768x447.jpg 768w, https:\/\/echta-derminga.de\/wp-content\/uploads\/2019\/07\/echta-8.jpg 800w\" sizes=\"auto, (max-width: 644px) 100vw, 644px\" \/><figcaption>dav<\/figcaption><\/figure>\n\n\n\n<figure class=\"wp-block-image size-large\"><img loading=\"lazy\" decoding=\"async\" width=\"644\" height=\"483\" data-id=\"4094\" src=\"https:\/\/echta-derminga.de\/wp-content\/uploads\/2019\/07\/Echt-5-644x483.jpg\" alt=\"\" class=\"wp-image-4094\" srcset=\"https:\/\/echta-derminga.de\/wp-content\/uploads\/2019\/07\/Echt-5-644x483.jpg 644w, https:\/\/echta-derminga.de\/wp-content\/uploads\/2019\/07\/Echt-5-300x225.jpg 300w, https:\/\/echta-derminga.de\/wp-content\/uploads\/2019\/07\/Echt-5.jpg 700w\" sizes=\"auto, (max-width: 644px) 100vw, 644px\" \/><\/figure>\n<\/figure>\n\n\n\n<p class=\"has-medium-font-size wp-block-paragraph\">Liebe Landleute, die Vorfreude auf die Sommerferien w\u00e4chst und unsere Sch\u00fclerinnen und Sch\u00fcler k\u00f6nnen es kaum noch abwarten. \u00dcberall im Land werden wieder festliche Aktivit\u00e4ten ins Leben gerufen und auch durchgef\u00fchrt. In den letzten Tagen durfte ich eine Vielzahl repr\u00e4sentativen Aufgaben erf\u00fcllen. Dabei war ich unter anderem zu Gast auf den Kulturtagen in Wiesbach und auf dem Gaumen und Gurgelfest in Bubach-Calmesweiler. In Dirmingen durften wir uns zuletzt \u00fcber zwei wundersch\u00f6ne Gro\u00dfveranstaltung freuen. Nach der Jubil\u00e4umsausgabe von &#8222;UDSF&#8220; im Belkerstadion schrieb auch das traditionsreiche &#8222;UDSH&#8220; auf dem Kleinfeld wieder mal eine echte Erfolgsgeschichte. Es scheint so, als w\u00fcrden die Menschen wieder verst\u00e4rkt ihr Leben genie\u00dfen und die Feste feiern wie sie fallen. Ich w\u00fcnsche Ihnen bei alledem was sie tun viel Spa\u00df !<\/p>\n\n\n\n<p class=\"has-medium-font-size wp-block-paragraph\">Ihr Ortsvorsteher<\/p>\n\n\n\n<p class=\"has-medium-font-size wp-block-paragraph\"><em>Frank Klein <\/em><\/p>\n\n\n\n<figure class=\"wp-block-gallery has-nested-images columns-default is-cropped wp-block-gallery-3 is-layout-flex wp-block-gallery-is-layout-flex\">\n<figure class=\"wp-block-image size-large\"><img loading=\"lazy\" decoding=\"async\" width=\"697\" height=\"484\" data-id=\"13085\" src=\"https:\/\/echta-derminga.de\/wp-content\/uploads\/2022\/07\/290911657_5213080078786675_3788307914863079145_n.jpg\" alt=\"\" class=\"wp-image-13085\" srcset=\"https:\/\/echta-derminga.de\/wp-content\/uploads\/2022\/07\/290911657_5213080078786675_3788307914863079145_n.jpg 697w, https:\/\/echta-derminga.de\/wp-content\/uploads\/2022\/07\/290911657_5213080078786675_3788307914863079145_n-300x208.jpg 300w\" sizes=\"auto, (max-width: 697px) 100vw, 697px\" \/><\/figure>\n\n\n\n<figure class=\"wp-block-image size-large\"><img loading=\"lazy\" decoding=\"async\" width=\"700\" height=\"414\" data-id=\"13086\" src=\"https:\/\/echta-derminga.de\/wp-content\/uploads\/2022\/07\/291135167_5370834499649206_8878022259485147288_n-700x414.jpg\" alt=\"\" class=\"wp-image-13086\" srcset=\"https:\/\/echta-derminga.de\/wp-content\/uploads\/2022\/07\/291135167_5370834499649206_8878022259485147288_n-700x414.jpg 700w, https:\/\/echta-derminga.de\/wp-content\/uploads\/2022\/07\/291135167_5370834499649206_8878022259485147288_n-300x177.jpg 300w, https:\/\/echta-derminga.de\/wp-content\/uploads\/2022\/07\/291135167_5370834499649206_8878022259485147288_n-768x454.jpg 768w, https:\/\/echta-derminga.de\/wp-content\/uploads\/2022\/07\/291135167_5370834499649206_8878022259485147288_n.jpg 795w\" sizes=\"auto, (max-width: 700px) 100vw, 700px\" \/><\/figure>\n<\/figure>\n\n\n\n<figure class=\"wp-block-gallery has-nested-images columns-default is-cropped wp-block-gallery-4 is-layout-flex wp-block-gallery-is-layout-flex\">\n<figure class=\"wp-block-image size-large\"><img loading=\"lazy\" decoding=\"async\" width=\"700\" height=\"988\" data-id=\"12989\" src=\"https:\/\/echta-derminga.de\/wp-content\/uploads\/2022\/06\/Komplett-700x988.png\" alt=\"\" class=\"wp-image-12989\" srcset=\"https:\/\/echta-derminga.de\/wp-content\/uploads\/2022\/06\/Komplett-700x988.png 700w, https:\/\/echta-derminga.de\/wp-content\/uploads\/2022\/06\/Komplett-212x300.png 212w, https:\/\/echta-derminga.de\/wp-content\/uploads\/2022\/06\/Komplett-768x1084.png 768w, https:\/\/echta-derminga.de\/wp-content\/uploads\/2022\/06\/Komplett.png 1000w\" sizes=\"auto, (max-width: 700px) 100vw, 700px\" \/><\/figure>\n\n\n\n<figure class=\"wp-block-image size-large\"><img loading=\"lazy\" decoding=\"async\" width=\"700\" height=\"988\" data-id=\"12992\" src=\"https:\/\/echta-derminga.de\/wp-content\/uploads\/2022\/06\/Udo-Juergens-700x988.png\" alt=\"\" class=\"wp-image-12992\" srcset=\"https:\/\/echta-derminga.de\/wp-content\/uploads\/2022\/06\/Udo-Juergens-700x988.png 700w, https:\/\/echta-derminga.de\/wp-content\/uploads\/2022\/06\/Udo-Juergens-212x300.png 212w, https:\/\/echta-derminga.de\/wp-content\/uploads\/2022\/06\/Udo-Juergens-768x1084.png 768w, https:\/\/echta-derminga.de\/wp-content\/uploads\/2022\/06\/Udo-Juergens.png 1000w\" sizes=\"auto, (max-width: 700px) 100vw, 700px\" \/><\/figure>\n\n\n\n<figure class=\"wp-block-image size-large\"><img loading=\"lazy\" decoding=\"async\" width=\"700\" height=\"988\" data-id=\"12991\" src=\"https:\/\/echta-derminga.de\/wp-content\/uploads\/2022\/06\/Perlregen-700x988.png\" alt=\"\" class=\"wp-image-12991\" srcset=\"https:\/\/echta-derminga.de\/wp-content\/uploads\/2022\/06\/Perlregen-700x988.png 700w, https:\/\/echta-derminga.de\/wp-content\/uploads\/2022\/06\/Perlregen-212x300.png 212w, https:\/\/echta-derminga.de\/wp-content\/uploads\/2022\/06\/Perlregen-768x1084.png 768w, https:\/\/echta-derminga.de\/wp-content\/uploads\/2022\/06\/Perlregen.png 1000w\" sizes=\"auto, (max-width: 700px) 100vw, 700px\" \/><\/figure>\n\n\n\n<figure class=\"wp-block-image size-large\"><img loading=\"lazy\" decoding=\"async\" width=\"700\" height=\"988\" data-id=\"12987\" src=\"https:\/\/echta-derminga.de\/wp-content\/uploads\/2022\/06\/Changes-700x988.png\" alt=\"\" class=\"wp-image-12987\" srcset=\"https:\/\/echta-derminga.de\/wp-content\/uploads\/2022\/06\/Changes-700x988.png 700w, https:\/\/echta-derminga.de\/wp-content\/uploads\/2022\/06\/Changes-212x300.png 212w, https:\/\/echta-derminga.de\/wp-content\/uploads\/2022\/06\/Changes-768x1084.png 768w, https:\/\/echta-derminga.de\/wp-content\/uploads\/2022\/06\/Changes.png 1000w\" sizes=\"auto, (max-width: 700px) 100vw, 700px\" \/><\/figure>\n\n\n\n<figure class=\"wp-block-image size-large\"><img loading=\"lazy\" decoding=\"async\" width=\"700\" height=\"989\" data-id=\"12985\" src=\"https:\/\/echta-derminga.de\/wp-content\/uploads\/2022\/06\/AVA-700x989.png\" alt=\"\" class=\"wp-image-12985\" srcset=\"https:\/\/echta-derminga.de\/wp-content\/uploads\/2022\/06\/AVA-700x989.png 700w, https:\/\/echta-derminga.de\/wp-content\/uploads\/2022\/06\/AVA-212x300.png 212w, https:\/\/echta-derminga.de\/wp-content\/uploads\/2022\/06\/AVA-768x1085.png 768w, https:\/\/echta-derminga.de\/wp-content\/uploads\/2022\/06\/AVA-1087x1536.png 1087w, https:\/\/echta-derminga.de\/wp-content\/uploads\/2022\/06\/AVA-1450x2048.png 1450w\" sizes=\"auto, (max-width: 700px) 100vw, 700px\" \/><\/figure>\n\n\n\n<figure class=\"wp-block-image size-large\"><img loading=\"lazy\" decoding=\"async\" width=\"700\" height=\"988\" data-id=\"12988\" src=\"https:\/\/echta-derminga.de\/wp-content\/uploads\/2022\/06\/Deffner-700x988.png\" alt=\"\" class=\"wp-image-12988\" srcset=\"https:\/\/echta-derminga.de\/wp-content\/uploads\/2022\/06\/Deffner-700x988.png 700w, https:\/\/echta-derminga.de\/wp-content\/uploads\/2022\/06\/Deffner-212x300.png 212w, https:\/\/echta-derminga.de\/wp-content\/uploads\/2022\/06\/Deffner-768x1084.png 768w, https:\/\/echta-derminga.de\/wp-content\/uploads\/2022\/06\/Deffner.png 1000w\" sizes=\"auto, (max-width: 700px) 100vw, 700px\" \/><\/figure>\n<\/figure>\n","protected":false},"excerpt":{"rendered":"<p>Seit nunmehr zehn Jahren geh\u00f6rt der Bergbau an der Saar der Geschichte an. Viele Jahrzehnte z\u00e4hlten die zahlreichen Grubenanlagen an der Saar zu den gr\u00f6\u00dften Arbeitsgebern. Heute erinnern nur noch Bergbaudenkm\u00e4ler und verfallene Grubengel\u00e4nde und Halden an eines der wichtigsten Wirtschaftsstandbeine der Nachkriegszeit. Der Bergbau war immer auch Traditionen und Brauchtum. Ich w\u00fcnsche mir auch f\u00fcr die Menschen in unserem<\/p>\n","protected":false},"author":1,"featured_media":13105,"comment_status":"open","ping_status":"closed","sticky":false,"template":"","format":"standard","meta":{"_crdt_document":"","footnotes":""},"categories":[1,9,812],"tags":[5,85,618,127,634,795,310],"class_list":["post-13072","post","type-post","status-publish","format-standard","has-post-thumbnail","hentry","category-allgemein","category-dorfgetratsche","category-ortsvorsteher-dirmingen","tag-dirmingen","tag-evangelische-kirche-dirmingen","tag-gemeinde-eppelborn","tag-landkreis-neunkirchen","tag-ortsvorsteher","tag-ortsvorsteher-dirmingen","tag-saarland"],"_links":{"self":[{"href":"https:\/\/echta-derminga.de\/index.php?rest_route=\/wp\/v2\/posts\/13072","targetHints":{"allow":["GET"]}}],"collection":[{"href":"https:\/\/echta-derminga.de\/index.php?rest_route=\/wp\/v2\/posts"}],"about":[{"href":"https:\/\/echta-derminga.de\/index.php?rest_route=\/wp\/v2\/types\/post"}],"author":[{"embeddable":true,"href":"https:\/\/echta-derminga.de\/index.php?rest_route=\/wp\/v2\/users\/1"}],"replies":[{"embeddable":true,"href":"https:\/\/echta-derminga.de\/index.php?rest_route=%2Fwp%2Fv2%2Fcomments&post=13072"}],"version-history":[{"count":33,"href":"https:\/\/echta-derminga.de\/index.php?rest_route=\/wp\/v2\/posts\/13072\/revisions"}],"predecessor-version":[{"id":13124,"href":"https:\/\/echta-derminga.de\/index.php?rest_route=\/wp\/v2\/posts\/13072\/revisions\/13124"}],"wp:featuredmedia":[{"embeddable":true,"href":"https:\/\/echta-derminga.de\/index.php?rest_route=\/wp\/v2\/media\/13105"}],"wp:attachment":[{"href":"https:\/\/echta-derminga.de\/index.php?rest_route=%2Fwp%2Fv2%2Fmedia&parent=13072"}],"wp:term":[{"taxonomy":"category","embeddable":true,"href":"https:\/\/echta-derminga.de\/index.php?rest_route=%2Fwp%2Fv2%2Fcategories&post=13072"},{"taxonomy":"post_tag","embeddable":true,"href":"https:\/\/echta-derminga.de\/index.php?rest_route=%2Fwp%2Fv2%2Ftags&post=13072"}],"curies":[{"name":"wp","href":"https:\/\/api.w.org\/{rel}","templated":true}]}}