{"id":13089,"date":"2022-07-04T17:02:30","date_gmt":"2022-07-04T16:02:30","guid":{"rendered":"https:\/\/echta-derminga.de\/?p=13089"},"modified":"2022-07-05T16:39:40","modified_gmt":"2022-07-05T15:39:40","slug":"2-park-und-strandfest-im-bruehlpark-derminga-kultur-und-natur-hautnah-erleben","status":"publish","type":"post","link":"https:\/\/echta-derminga.de\/?p=13089","title":{"rendered":"2. Park-und Strandfest im Br\u00fchlpark &#8211; &#8222;Derminga&#8220; Party des Jahres hautnah erleben !"},"content":{"rendered":"\n<p class=\"has-white-color has-primary-background-color has-text-color has-background has-medium-font-size wp-block-paragraph\"><strong>Herzliche Einladung zu der Party des Jahres 2022 !<\/strong><\/p>\n\n\n\n<p class=\"has-medium-font-size wp-block-paragraph\">In der Zeit vom 15.Juli bis zum 17. Juli 2022 findet das 2. Park-und Strandfest im Dirminger Br\u00fchlpark statt. Nach der ersten Ausgabe dieses besonderen Dorffestes im Jahre 2019 mussten wir eine pandemiebedingte Pause einlegen um nun endlich wieder Feiern zu d\u00fcrfen.<\/p>\n\n\n\n<p class=\"has-medium-font-size wp-block-paragraph\">Von Freitag, 15. bis Sonntag, 17. Juli 2022 wird bei toller Live-Musik und einem vielf\u00e4ltigen kulinarischen Angebot ausgiebig gefeiert. Start ist am Freitag, den 15.07.2022 um 18:30 Uhr. Samstags, 16.Juli 2022 findet um 18:00 Uhr der traditionelle Fassanstisch statt. Sonntags, 17.Juli beginnen wir um 10:00 Uhr mit einem \u00f6kumenischen Gottesdienst auf dem Festplatz. Unsere teilnehmenden Vereine und Organisationen haben an allen Festtagen f\u00fcr das leibliche Wohl gesorgt. Erleben Sie eine unbeschwerte Zeit auf dem 2. Park-und Strandfest im Dirminger Br\u00fchlpark.<\/p>\n\n\n\n<p class=\"has-white-color has-primary-background-color has-text-color has-background has-medium-font-size wp-block-paragraph\">Hier das Programm:<\/p>\n\n\n\n<p class=\"has-white-color has-primary-background-color has-text-color has-background has-medium-font-size wp-block-paragraph\">Freitag, 15. Juli 2022:<\/p>\n\n\n\n<p class=\"has-medium-font-size wp-block-paragraph\"><strong>18:30 Uhr: Saitenklang- LIVE:<\/strong> 4 Gitarren, 5 Stimmen. Saitenklang begeistern durch ihre schlichte Harmonie und einem abgestimmten Sound. Die Gruppe aus Dirmingen bietet von Schlagern bis hin zu modernen Popliedern ein vielf\u00e4ltiges Angebot.  <\/p>\n\n\n\n<p class=\"has-medium-font-size wp-block-paragraph\"><strong>19:30 Uhr: AVA- LIVE:<\/strong> Die drei Dirminger M\u00e4dels Annika, Vanessa und Aileen begeistern mit viel Talent und Gef\u00fchl ihr Publikum. Die M\u00e4dchenband \u00fcberzeugt mit einem vielschichtigen Repertoire aus sanften und fetzigen Liedern. Dabei k\u00f6nnen es die M\u00e4dels neben den sanften T\u00f6nen auch mal richtig krachen lassen.<\/p>\n\n\n\n<p class=\"has-medium-font-size wp-block-paragraph\"><strong>21:00 Uhr: PERLREGEN- LIVE<\/strong>: PERLREGEN sind Martina Schlaucher und Thomas Lapp aus Dirmingen. Seit einigen Jahren sind die beiden Songpoeten fester Bestandteil der saarl\u00e4ndischen Musikszene. Mit ihren bisher 3 Studioalben konnten die beiden Vollblutmusiker auch im Rundfunk und im Fernsehen auf sich Aufmerksam machen. PERLREGEN setzen auf deutschsprachige Musik mit Herz und Gef\u00fchl.  PERLREGEN packen den eigenen LIVE Stil und ihre pers\u00f6nlichen Erfahrungen in ihre Songs. PERLREGEN lassen das Herz beben und den Kopf tanzen.<\/p>\n\n\n\n<figure class=\"wp-block-gallery has-nested-images columns-default is-cropped wp-block-gallery-1 is-layout-flex wp-block-gallery-is-layout-flex\">\n<figure class=\"wp-block-image size-large\"><img loading=\"lazy\" decoding=\"async\" width=\"700\" height=\"988\" data-id=\"12991\" src=\"https:\/\/echta-derminga.de\/wp-content\/uploads\/2022\/06\/Perlregen-700x988.png\" alt=\"\" class=\"wp-image-12991\" srcset=\"https:\/\/echta-derminga.de\/wp-content\/uploads\/2022\/06\/Perlregen-700x988.png 700w, https:\/\/echta-derminga.de\/wp-content\/uploads\/2022\/06\/Perlregen-212x300.png 212w, https:\/\/echta-derminga.de\/wp-content\/uploads\/2022\/06\/Perlregen-768x1084.png 768w, https:\/\/echta-derminga.de\/wp-content\/uploads\/2022\/06\/Perlregen.png 1000w\" sizes=\"auto, (max-width: 700px) 100vw, 700px\" \/><\/figure>\n\n\n\n<figure class=\"wp-block-image size-large\"><img loading=\"lazy\" decoding=\"async\" width=\"700\" height=\"989\" data-id=\"12985\" src=\"https:\/\/echta-derminga.de\/wp-content\/uploads\/2022\/06\/AVA-700x989.png\" alt=\"\" class=\"wp-image-12985\" srcset=\"https:\/\/echta-derminga.de\/wp-content\/uploads\/2022\/06\/AVA-700x989.png 700w, https:\/\/echta-derminga.de\/wp-content\/uploads\/2022\/06\/AVA-212x300.png 212w, https:\/\/echta-derminga.de\/wp-content\/uploads\/2022\/06\/AVA-768x1085.png 768w, https:\/\/echta-derminga.de\/wp-content\/uploads\/2022\/06\/AVA-1087x1536.png 1087w, https:\/\/echta-derminga.de\/wp-content\/uploads\/2022\/06\/AVA-1450x2048.png 1450w\" sizes=\"auto, (max-width: 700px) 100vw, 700px\" \/><\/figure>\n<\/figure>\n\n\n\n<p class=\"has-white-color has-primary-background-color has-text-color has-background has-medium-font-size wp-block-paragraph\">Samstag, 16. Juli 2022<\/p>\n\n\n\n<p class=\"has-medium-font-size wp-block-paragraph\"><strong>18:00 Uhr: Er\u00f6ffnungszeremonie mit Fassanstisch: <\/strong>Mit Gru\u00dfworten, LIVE-Musik mit Mac Gabler und dem obligatorischen Fassanstich durch Kulturvereinsvorsitzenden Reimund Klein, Schirmherrn B\u00fcrgermeister Dr. Andreas Feld und Ortsvorsteher Frank Klein.<\/p>\n\n\n\n<p class=\"has-medium-font-size wp-block-paragraph\"><strong>19:00 Uhr: Dustin Deffner: <\/strong>Der Vollblutmusiker zieht sein Publikum alleine durch seinen Gesang und seine Gitarre in den Bann. Dustin Deffner ist in der Lage mit seiner Musik die Massen zu begeistern. Dabei greift er auf ein vielschichtiges Repertoire aus Schlager, Pop und Rock-Musik zur\u00fcck. Mit viel Liebe zum Detail steckt er viel Gef\u00fchl in seine Songs.<\/p>\n\n\n\n<p class=\"has-medium-font-size wp-block-paragraph\"><strong>21:00 Uhr<\/strong>: <strong>Andreas Nagel \u201eMerci Ch\u00e9rie, Merci Udo\u201c<\/strong>: In seinem B\u00fchnenprogramm singt und spielt Andreas Nagel die weltbekannten Lieder von&nbsp;Udo J\u00fcrgens. Das Programm&nbsp;<strong>\u201eMerci Ch\u00e9rie, Merci Udo\u201c<\/strong>&nbsp;gibt Einblicke in das unglaubliche&nbsp;Schaffen des unerreichten Udo J\u00fcrgens. Andreas Nagel verneigt sich mit der Show&nbsp;musikalisch vor dem Lebenswerk des gro\u00dfen Entertainers.&nbsp;Dabei werden die Zuschauer von ihm, einem Bl\u00e4sersatz*, einer faszinierenden Rhythmus-Gruppe und charmanten Background-S\u00e4ngerinnen* in eine musikalische Welt mit den wundersch\u00f6nen und weltbekannten Liedern entf\u00fchrt.&nbsp;<\/p>\n\n\n\n<figure class=\"wp-block-gallery has-nested-images columns-default is-cropped wp-block-gallery-2 is-layout-flex wp-block-gallery-is-layout-flex\">\n<figure class=\"wp-block-image size-large\"><img loading=\"lazy\" decoding=\"async\" width=\"700\" height=\"988\" data-id=\"12988\" src=\"https:\/\/echta-derminga.de\/wp-content\/uploads\/2022\/06\/Deffner-700x988.png\" alt=\"\" class=\"wp-image-12988\" srcset=\"https:\/\/echta-derminga.de\/wp-content\/uploads\/2022\/06\/Deffner-700x988.png 700w, https:\/\/echta-derminga.de\/wp-content\/uploads\/2022\/06\/Deffner-212x300.png 212w, https:\/\/echta-derminga.de\/wp-content\/uploads\/2022\/06\/Deffner-768x1084.png 768w, https:\/\/echta-derminga.de\/wp-content\/uploads\/2022\/06\/Deffner.png 1000w\" sizes=\"auto, (max-width: 700px) 100vw, 700px\" \/><\/figure>\n\n\n\n<figure class=\"wp-block-image size-large\"><img loading=\"lazy\" decoding=\"async\" width=\"700\" height=\"988\" data-id=\"12992\" src=\"https:\/\/echta-derminga.de\/wp-content\/uploads\/2022\/06\/Udo-Juergens-700x988.png\" alt=\"\" class=\"wp-image-12992\" srcset=\"https:\/\/echta-derminga.de\/wp-content\/uploads\/2022\/06\/Udo-Juergens-700x988.png 700w, https:\/\/echta-derminga.de\/wp-content\/uploads\/2022\/06\/Udo-Juergens-212x300.png 212w, https:\/\/echta-derminga.de\/wp-content\/uploads\/2022\/06\/Udo-Juergens-768x1084.png 768w, https:\/\/echta-derminga.de\/wp-content\/uploads\/2022\/06\/Udo-Juergens.png 1000w\" sizes=\"auto, (max-width: 700px) 100vw, 700px\" \/><\/figure>\n<\/figure>\n\n\n\n<p class=\"has-white-color has-primary-background-color has-text-color has-background has-medium-font-size wp-block-paragraph\">Sonntag,17.Juli 2022:<\/p>\n\n\n\n<p class=\"has-medium-font-size wp-block-paragraph\"><strong>10:00 Uhr: \u00d6kumenischer Gottesdienst:<\/strong> Wortgottesdienst der Evangelischen Kirchengemeinde Dirmingen und der katholischen Pfarreiengemeinschaft Eppelborn-Dirmingen. Mit der evangelischen Pfarrerin Kr\u00e4uter und dem katholischen Diakon Kron sowie mit dem Evangelischen Kirchenchor Dirmingen.<\/p>\n\n\n\n<p class=\"has-medium-font-size wp-block-paragraph\"><strong>11:00 Uhr: Die Bisttalm\u00f6wen:<\/strong> Knapp 30 jung gebliebene M\u00e4nner, die alle die Liebe zum maritimen Liedgut vereint, haben sich gesucht und gefunden. Sie bilden den Shantychor \u201eDie Bisttalm\u00f6wen\u201c, das Herzst\u00fcck unseres Vereins, der rund ein Vierteljahrhundert saarl\u00e4ndische Shantychor-Geschichte mit gepr\u00e4gt hat. Tauchen Sie ein in die Welt der Seefahrer und Landratten !<\/p>\n\n\n\n<p class=\"has-medium-font-size wp-block-paragraph\"><strong>12:00 Uhr: Mittagessen:<\/strong> An allen drei Festtagen gibt es an den Verkaufsst\u00e4nden der teilnehmenden Vereine und Organisationen ein vielf\u00e4ltiges kulinarisches Angebot. Besuchen Sie unsere Vereine an ihrem Verkaufsstand und erleben Sie einige sch\u00f6ne Stunden mit vielen Leckereien. Hier das Angebot unserer Vereine:<\/p>\n\n\n\n<p class=\"has-medium-font-size wp-block-paragraph\"><strong>Landfrauen Dirmingen: <\/strong>Freitag: Speckwaffeln,&nbsp; Samstag: Speckwaffeln.&nbsp;Sonntag: Kuchen. <strong>SV Dirmingen<\/strong>: Freitag &#8211; Sonntag: Flammlachs mit Salat und Dipp, <strong>TV 04 Dirmingen<\/strong>, Garnelenspiese mit Aioli, H\u00e4nchenspiese, Kr\u00e4uterbaquette, <strong>Kolpingfamilie Dirmingen<\/strong> Freitag bis Sonntag: Schnitzelweck, Fr\u00fchlingsrollen. (So: Pommes, Schnitzel, Fr\u00fchlingsrollen)  <strong>Terre des Hommes<\/strong> Freitag bis Sonntag: Rostw\u00fcrste, <strong>Dicker Paul <\/strong>: Italienische K\u00f6stlichkeiten,Burgerspezialit\u00e4ten <strong>Schuhhannesse<\/strong> : S\u00fcdtiroler Schlutzkrapfen mit brauner Butter und Parmesan, &#8222;Bami Goreng&#8220; (Gebratene Nudeln mit Gem\u00fcse und H\u00e4hnchenbrust), &#8222;Anti Pasti&#8220; Teller Schuhhannesse. Wir w\u00fcnschen Guten Appetit !<\/p>\n\n\n\n<p class=\"has-medium-font-size wp-block-paragraph\">Am Bierstand des Kulturvereins Dirmingen werden neben zahlreichen ehrenamtlichen Helferinnen und Helfern auch weitere Vereine und Organisationen aus unserem Dorf aushelfen. Wir danken schon heute dem L\u00f6schbezirk Dirmingen, der RK Illtal, dem Friseursalon R\u00f6rig, dem SPD Ortsverein Dirmingen, der Firma ESATEC, der Firma SYKO GmbH,<\/p>\n\n\n\n<figure class=\"wp-block-gallery has-nested-images columns-default is-cropped wp-block-gallery-3 is-layout-flex wp-block-gallery-is-layout-flex\">\n<figure class=\"wp-block-image size-large\"><img loading=\"lazy\" decoding=\"async\" width=\"700\" height=\"988\" data-id=\"12987\" src=\"https:\/\/echta-derminga.de\/wp-content\/uploads\/2022\/06\/Changes-700x988.png\" alt=\"\" class=\"wp-image-12987\" srcset=\"https:\/\/echta-derminga.de\/wp-content\/uploads\/2022\/06\/Changes-700x988.png 700w, https:\/\/echta-derminga.de\/wp-content\/uploads\/2022\/06\/Changes-212x300.png 212w, https:\/\/echta-derminga.de\/wp-content\/uploads\/2022\/06\/Changes-768x1084.png 768w, https:\/\/echta-derminga.de\/wp-content\/uploads\/2022\/06\/Changes.png 1000w\" sizes=\"auto, (max-width: 700px) 100vw, 700px\" \/><\/figure>\n\n\n\n<figure class=\"wp-block-image size-large\"><img loading=\"lazy\" decoding=\"async\" width=\"700\" height=\"989\" data-id=\"13136\" src=\"https:\/\/echta-derminga.de\/wp-content\/uploads\/2022\/07\/saiten-700x989.jpg\" alt=\"\" class=\"wp-image-13136\" srcset=\"https:\/\/echta-derminga.de\/wp-content\/uploads\/2022\/07\/saiten-700x989.jpg 700w, https:\/\/echta-derminga.de\/wp-content\/uploads\/2022\/07\/saiten-212x300.jpg 212w, https:\/\/echta-derminga.de\/wp-content\/uploads\/2022\/07\/saiten-768x1085.jpg 768w, https:\/\/echta-derminga.de\/wp-content\/uploads\/2022\/07\/saiten.jpg 900w\" sizes=\"auto, (max-width: 700px) 100vw, 700px\" \/><\/figure>\n<\/figure>\n\n\n\n<p class=\"has-medium-font-size wp-block-paragraph\"><strong>14:00 Uhr: &#8222;Back to Charleys Disco&#8220;:<\/strong> 30 Jahre nach der Schlie\u00dfung der Dirminger Kult-Disco &#8222;Charleys Disco&#8220; wird der letzte DJ des Clubs noch einmal auflegen. Genauso wird die damalige Kult-Bedienung Steffi f\u00fcr die Versorgung des tanzw\u00fctigen Volks sorgen. Stefan Hinsberger wird dabei die Hits der 70-er, 80-er und 90-er Jahr auflegen. Dazwischen gibt es einige \u00dcberraschungen und Tanzauftritte. <strong>Wir freuen uns unter anderem auf die KKV Mini Garde &#8222;Tanzm\u00e4use&#8220; und die Teenager-Garde &#8222;Glamour Girls&#8220;. Au\u00dferdem erwarten wir den Auftritt des &#8222;K\u00f6nig von Mallorca&#8220; Tschibo Kr\u00f6ner und der Dirminger Jugend-Band &#8222;Dreck im Ohr&#8220;<\/strong><\/p>\n\n\n\n<p class=\"has-medium-font-size wp-block-paragraph\"><strong>14:00 Uhr: Kinderflohmarkt:<\/strong> Erstmals wird der Kulturverein Dirmingen einen Kinder Flohmarkt anbieten. Interessierte Kinder k\u00f6nnen sich weiterhin unter folgender Mailandresse bewerben: melaklein@t-online.de . Macht mit und verkauft eure Spielsachen, Kleider oder andere Sachgegenst\u00e4nde.<\/p>\n\n\n\n<p class=\"has-medium-font-size wp-block-paragraph\"><strong>14:00 Uhr: Familienspa\u00df: <\/strong>Neben dem bunten B\u00fchnenprogramm werden wir f\u00fcr die Kinder einige \u00dcberraschungen bereithalten. F\u00fcr Spiel, Spa\u00df und gute Laune wird gesorgt sein !<\/p>\n\n\n\n<p class=\"has-medium-font-size wp-block-paragraph\"><strong>17:00 Uhr: Changes<\/strong>: 3 Musiker, 2 S\u00e4ngerinnen, 1 S\u00e4nger &#8211;&nbsp;<strong>EINE<\/strong>&nbsp;Party!!!!&nbsp;Egal ob Festivals, Stadtfeste, Firmenevents &#8211;&nbsp;<strong>CHANGES&nbsp;<\/strong>begeistert mit dem besten aus Pop-, Rock- und Soul-Songs, aber&nbsp;auch moderne Club Tracks. Dabei ist das Ziel denkbar einfach: <strong>Zusammen ein unvergesslichen Abend erleben!!&nbsp;<\/strong>Unter den Vollblutmusikern befinden sich mit Nina Heidemann und Sven Gro\u00df zwei Dirminger. Es ist schon ein halbes Musical, das die Jungs und M\u00e4dels von CHANGES auf die B\u00fchne bringen\u201c und daher: \u201ePackt eure Tanzschuhe ein und kommt vorbei\u201c. Das Konzertprogramm liest sich wie ein Charts-Auszug der letzten drei Jahrzehnten \u2013 Ein abwechslungsreiches und vielseitiges Programm aus den 80\u2019ern und 90\u2019ern, aber auch aktuelle Hits sind \u201eDauerg\u00e4ste\u201c im sehr vielf\u00e4ltigen Repertoire! Dabei orientiert sich CHANGES Semi-Professionell am Puls der Zeit, wobei Sounds und Arrangements optimal aufeinander abgestimmt sind. Die Band wird zum Abschluss des 2. Park-und Strandfestes noch einmal die B\u00fchne rocken und f\u00fcr beste Stimmung sorgen.<\/p>\n\n\n\n<figure class=\"wp-block-gallery has-nested-images columns-default is-cropped wp-block-gallery-4 is-layout-flex wp-block-gallery-is-layout-flex\">\n<figure class=\"wp-block-image size-large\"><img loading=\"lazy\" decoding=\"async\" width=\"700\" height=\"988\" data-id=\"12990\" src=\"https:\/\/echta-derminga.de\/wp-content\/uploads\/2022\/06\/Moewen-700x988.png\" alt=\"\" class=\"wp-image-12990\" srcset=\"https:\/\/echta-derminga.de\/wp-content\/uploads\/2022\/06\/Moewen-700x988.png 700w, https:\/\/echta-derminga.de\/wp-content\/uploads\/2022\/06\/Moewen-212x300.png 212w, https:\/\/echta-derminga.de\/wp-content\/uploads\/2022\/06\/Moewen-768x1084.png 768w, https:\/\/echta-derminga.de\/wp-content\/uploads\/2022\/06\/Moewen.png 1000w\" sizes=\"auto, (max-width: 700px) 100vw, 700px\" \/><\/figure>\n\n\n\n<figure class=\"wp-block-image size-large\"><img loading=\"lazy\" decoding=\"async\" width=\"700\" height=\"988\" data-id=\"12989\" src=\"https:\/\/echta-derminga.de\/wp-content\/uploads\/2022\/06\/Komplett-700x988.png\" alt=\"\" class=\"wp-image-12989\" srcset=\"https:\/\/echta-derminga.de\/wp-content\/uploads\/2022\/06\/Komplett-700x988.png 700w, https:\/\/echta-derminga.de\/wp-content\/uploads\/2022\/06\/Komplett-212x300.png 212w, https:\/\/echta-derminga.de\/wp-content\/uploads\/2022\/06\/Komplett-768x1084.png 768w, https:\/\/echta-derminga.de\/wp-content\/uploads\/2022\/06\/Komplett.png 1000w\" sizes=\"auto, (max-width: 700px) 100vw, 700px\" \/><\/figure>\n<\/figure>\n\n\n\n<p class=\"has-white-color has-primary-background-color has-text-color has-background has-medium-font-size wp-block-paragraph\"><strong>Der Kulturverein Dirmingen freut sich auf ein phantastischen Fest im Herzen Dirmingens. Kommen Sie und erleben Sie Dirminger Natur und Kultur hautnah !<\/strong><\/p>\n\n\n\n<p class=\"has-medium-font-size wp-block-paragraph\"><strong>Schirmherr der Veranstaltung ist B\u00fcrgermeister Dr. Andreas Feld <\/strong><\/p>\n\n\n\n<p class=\"has-medium-font-size wp-block-paragraph\"><strong>Es freut sich auf ihren Besuch der Kulturverein Dirmingen e.V<\/strong><\/p>\n","protected":false},"excerpt":{"rendered":"<p>Herzliche Einladung zu der Party des Jahres 2022 ! In der Zeit vom 15.Juli bis zum 17. Juli 2022 findet das 2. Park-und Strandfest im Dirminger Br\u00fchlpark statt. Nach der ersten Ausgabe dieses besonderen Dorffestes im Jahre 2019 mussten wir eine pandemiebedingte Pause einlegen um nun endlich wieder Feiern zu d\u00fcrfen. Von Freitag, 15. bis Sonntag, 17. Juli 2022 wird<\/p>\n","protected":false},"author":1,"featured_media":13126,"comment_status":"open","ping_status":"closed","sticky":false,"template":"","format":"standard","meta":{"_crdt_document":"","footnotes":""},"categories":[1,9],"tags":[999,909,5,618,127,634,310],"class_list":["post-13089","post","type-post","status-publish","format-standard","has-post-thumbnail","hentry","category-allgemein","category-dorfgetratsche","tag-2-park-und-strandfest-2022","tag-bruehlpark-dirmingen","tag-dirmingen","tag-gemeinde-eppelborn","tag-landkreis-neunkirchen","tag-ortsvorsteher","tag-saarland"],"_links":{"self":[{"href":"https:\/\/echta-derminga.de\/index.php?rest_route=\/wp\/v2\/posts\/13089","targetHints":{"allow":["GET"]}}],"collection":[{"href":"https:\/\/echta-derminga.de\/index.php?rest_route=\/wp\/v2\/posts"}],"about":[{"href":"https:\/\/echta-derminga.de\/index.php?rest_route=\/wp\/v2\/types\/post"}],"author":[{"embeddable":true,"href":"https:\/\/echta-derminga.de\/index.php?rest_route=\/wp\/v2\/users\/1"}],"replies":[{"embeddable":true,"href":"https:\/\/echta-derminga.de\/index.php?rest_route=%2Fwp%2Fv2%2Fcomments&post=13089"}],"version-history":[{"count":13,"href":"https:\/\/echta-derminga.de\/index.php?rest_route=\/wp\/v2\/posts\/13089\/revisions"}],"predecessor-version":[{"id":13138,"href":"https:\/\/echta-derminga.de\/index.php?rest_route=\/wp\/v2\/posts\/13089\/revisions\/13138"}],"wp:featuredmedia":[{"embeddable":true,"href":"https:\/\/echta-derminga.de\/index.php?rest_route=\/wp\/v2\/media\/13126"}],"wp:attachment":[{"href":"https:\/\/echta-derminga.de\/index.php?rest_route=%2Fwp%2Fv2%2Fmedia&parent=13089"}],"wp:term":[{"taxonomy":"category","embeddable":true,"href":"https:\/\/echta-derminga.de\/index.php?rest_route=%2Fwp%2Fv2%2Fcategories&post=13089"},{"taxonomy":"post_tag","embeddable":true,"href":"https:\/\/echta-derminga.de\/index.php?rest_route=%2Fwp%2Fv2%2Ftags&post=13089"}],"curies":[{"name":"wp","href":"https:\/\/api.w.org\/{rel}","templated":true}]}}