{"id":1311,"date":"2018-05-13T11:55:00","date_gmt":"2018-05-13T10:55:00","guid":{"rendered":"http:\/\/echta-derminga.de\/?p=1311"},"modified":"2018-05-25T15:40:20","modified_gmt":"2018-05-25T14:40:20","slug":"tag-des-talents-kein-kind-darf-durch-das-raster-fallen","status":"publish","type":"post","link":"https:\/\/echta-derminga.de\/?p=1311","title":{"rendered":"&#8222;Tag des Talents&#8220; &#8211; Kein Kind darf durch das Raster fallen !"},"content":{"rendered":"<p><strong>Die Kreisjugendaussch\u00fcsse des Saarl\u00e4ndischen Fu\u00dfballverbandes tragen die Verantwortung f\u00fcr die Organisation der Talentf\u00f6rderung des DFB. Die kreisinterne Kick-off Veranstaltung \u201eTag des Talents\u201c dient als Startschuss der allj\u00e4hrlichen Sichtungsphase. Das Talentf\u00f6rderprogramm des DFB startete mit der Saison 2002\/2003 und hat sich seitdem als erste Stufe der Talentf\u00f6rderung im deutschen Fu\u00dfball fest etabliert. Das Projekt mit seinen derzeit 366 St\u00fctzpunkten bildet quasi die Br\u00fccke zwischen der engagierten und unverzichtbaren Jugendarbeit an der Vereinsbasis und der zweiten Stufe der Talentf\u00f6rderung, den Leistungszentren und Eliteschulen des Fu\u00dfballs.<\/strong><\/p>\n<div id=\"attachment_1313\" style=\"width: 235px\" class=\"wp-caption alignleft\"><img loading=\"lazy\" decoding=\"async\" aria-describedby=\"caption-attachment-1313\" class=\"wp-image-1313 size-medium\" src=\"https:\/\/echta-derminga.de\/wp-content\/uploads\/2018\/05\/IMG-20180512-WA0008-225x300.jpg\" alt=\"\" width=\"225\" height=\"300\" srcset=\"https:\/\/echta-derminga.de\/wp-content\/uploads\/2018\/05\/IMG-20180512-WA0008-225x300.jpg 225w, https:\/\/echta-derminga.de\/wp-content\/uploads\/2018\/05\/IMG-20180512-WA0008-644x858.jpg 644w, https:\/\/echta-derminga.de\/wp-content\/uploads\/2018\/05\/IMG-20180512-WA0008.jpg 700w\" sizes=\"auto, (max-width: 225px) 100vw, 225px\" \/><p id=\"caption-attachment-1313\" class=\"wp-caption-text\">Siegerehrung<\/p><\/div>\n<p>In unserem Nordsaarkreis verf\u00fcgen wir mit Berschweiler und Braunshausen \u00fcber derzeit 2 DFB St\u00fctzpunkte mit insgesamt 6 Honorartrainern. Die Strukturen des Talentf\u00f6rderprogramms sind genau auf die Talent-Potenziale im deutschen Fu\u00dfball abgestimmt. 366 St\u00fctzpunkte in ganz Deutschland bilden ein engmaschiges, fl\u00e4chendeckendes Netz zum intensiven Sichten und F\u00f6rdern junger Spielerinnen und Spieler. Im Saarland ist dies aufgrund der enormen Dichte noch etwas intensiver. Die 29 St\u00fctzpunktkoordinatoren fungieren als Schnittstellen zwischen dem DFB, den Gremien und Mitarbeitern der Landesverb\u00e4nde und den St\u00fctzpunkten. Mit Christian Meyer hat unser SFV einen guten und engagierten Koordinator.<\/p>\n<p><strong>Ich pers\u00f6nlich bin von dem Talentf\u00f6rderprogramm des SFV \u00fcberzeugt. Der DFB hat aus den Fehlern der Vergangenheit gelernt und seine Konsequenzen gezogen. Die Erfolge der letzten Jahre (Titelgewinn U- Mannschaften und Weltmeistertitel der A- Nationalmannschaft) unterstreichen dies ganz deutlich.<\/strong><\/p>\n<p>Inzwischen kann sich jedes Talent sicher sein, von einem regionalen Sichter \u201eaufgesp\u00fcrt\u201d zu werden und anschlie\u00dfend auf Basis eines individuellen Trainings (St\u00fctzpunkt) voranzukommen. Das Ziel, auf einen St\u00fctzpunkt zu kommen, wird f\u00fcr die Kinder somit greifbar und liegt jederzeit im Bereich des M\u00f6glichen. Kein Kind f\u00e4llt durch das Raster und hat beim \u201eTag des Talents\u201c die M\u00f6glichkeit sein K\u00f6nnen unter Beweis zu stellen. Ich finde das Fair!<\/p>\n<p>Wichtig ist, dass die T\u00fcr zu einem St\u00fctzpunkt immer offensteht! wir sind heute in der Lage jederzeit ein talentiertes Kind, egal ob Junge oder M\u00e4dchen, dabei zu holen und zu f\u00f6rdern. Genauso k\u00f6nnen wir heute auch einem \u00fcberforderten Kind eine Pause g\u00f6nnen und es ermutigen weiterzumachen. Die T\u00fcr zu einem St\u00fctzpunkt bleibt f\u00fcr jedes Kind ge\u00f6ffnet. Eine bessere Motivation f\u00fcr ambitionierte Talente gibt es nicht! Von der St\u00fctzpunkt-Arbeit profitieren anschlie\u00dfend die n\u00e4chsten Stufen der Talentf\u00f6rderung, die auf Grundlage einer besseren fu\u00dfballerischen Basis-Qualit\u00e4t die n\u00e4chsten Schritte der Perspektivspielerinnen und \u2013Spieler bis hin zum Top-Fu\u00dfball in Bundesliga und Nationalmannschaft steuern k\u00f6nnen.<\/p>\n<div id=\"attachment_1314\" style=\"width: 310px\" class=\"wp-caption alignleft\"><img loading=\"lazy\" decoding=\"async\" aria-describedby=\"caption-attachment-1314\" class=\"wp-image-1314 size-medium\" src=\"https:\/\/echta-derminga.de\/wp-content\/uploads\/2018\/05\/32257868_1705836662844385_8743226003473563648_n-300x225.jpg\" alt=\"\" width=\"300\" height=\"225\" srcset=\"https:\/\/echta-derminga.de\/wp-content\/uploads\/2018\/05\/32257868_1705836662844385_8743226003473563648_n-300x225.jpg 300w, https:\/\/echta-derminga.de\/wp-content\/uploads\/2018\/05\/32257868_1705836662844385_8743226003473563648_n-768x576.jpg 768w, https:\/\/echta-derminga.de\/wp-content\/uploads\/2018\/05\/32257868_1705836662844385_8743226003473563648_n-644x483.jpg 644w, https:\/\/echta-derminga.de\/wp-content\/uploads\/2018\/05\/32257868_1705836662844385_8743226003473563648_n.jpg 960w\" sizes=\"auto, (max-width: 300px) 100vw, 300px\" \/><p id=\"caption-attachment-1314\" class=\"wp-caption-text\">Talente kicken<\/p><\/div>\n<p><strong>Der diesj\u00e4hrige \u201cTag des Talents\u201c in Hoof war eine rundum gelungen Veranstaltung. Ich denke in diesem Sinne macht Kinder- und Jugendfu\u00dfball Spa\u00df. Nah dran an Kind und Eltern und \u00a0dabei den Spa\u00dffaktor fest im Blick. <\/strong><\/p>\n<p><strong>Kein Kind sollte durchfallen. Alle Kinder sind individuell wichtig f\u00fcr unseren Fu\u00dfball. Am Ende des Tages brauchen wir jedes einzelne Kind! Wir brauchen Talente und wir brauchen F\u00fchrungsspieler und solche die durch den Kinder- und Jugendfu\u00dfball wachsen und irgendwann Verantwortung an wichtiger Position \u00fcbernehmen.<\/strong><\/p>\n<p>&nbsp;<\/p>\n","protected":false},"excerpt":{"rendered":"<p>Die Kreisjugendaussch\u00fcsse des Saarl\u00e4ndischen Fu\u00dfballverbandes tragen die Verantwortung f\u00fcr die Organisation der Talentf\u00f6rderung des DFB. Die kreisinterne Kick-off Veranstaltung \u201eTag des Talents\u201c dient als Startschuss der allj\u00e4hrlichen Sichtungsphase. Das Talentf\u00f6rderprogramm des DFB startete mit der Saison 2002\/2003 und hat sich seitdem als erste Stufe der Talentf\u00f6rderung im deutschen Fu\u00dfball fest etabliert. Das Projekt mit seinen derzeit 366 St\u00fctzpunkten bildet quasi<\/p>\n","protected":false},"author":1,"featured_media":1312,"comment_status":"closed","ping_status":"closed","sticky":false,"template":"","format":"standard","meta":{"_crdt_document":"","footnotes":""},"categories":[45],"tags":[143,252,26,251,250,253],"class_list":["post-1311","post","type-post","status-publish","format-standard","has-post-thumbnail","hentry","category-mein-fussball","tag-dfb","tag-kresijugendausschuss","tag-sfv","tag-talentfoederung","tag-talenttag","tag-vereine"],"_links":{"self":[{"href":"https:\/\/echta-derminga.de\/index.php?rest_route=\/wp\/v2\/posts\/1311","targetHints":{"allow":["GET"]}}],"collection":[{"href":"https:\/\/echta-derminga.de\/index.php?rest_route=\/wp\/v2\/posts"}],"about":[{"href":"https:\/\/echta-derminga.de\/index.php?rest_route=\/wp\/v2\/types\/post"}],"author":[{"embeddable":true,"href":"https:\/\/echta-derminga.de\/index.php?rest_route=\/wp\/v2\/users\/1"}],"replies":[{"embeddable":true,"href":"https:\/\/echta-derminga.de\/index.php?rest_route=%2Fwp%2Fv2%2Fcomments&post=1311"}],"version-history":[{"count":3,"href":"https:\/\/echta-derminga.de\/index.php?rest_route=\/wp\/v2\/posts\/1311\/revisions"}],"predecessor-version":[{"id":1323,"href":"https:\/\/echta-derminga.de\/index.php?rest_route=\/wp\/v2\/posts\/1311\/revisions\/1323"}],"wp:featuredmedia":[{"embeddable":true,"href":"https:\/\/echta-derminga.de\/index.php?rest_route=\/wp\/v2\/media\/1312"}],"wp:attachment":[{"href":"https:\/\/echta-derminga.de\/index.php?rest_route=%2Fwp%2Fv2%2Fmedia&parent=1311"}],"wp:term":[{"taxonomy":"category","embeddable":true,"href":"https:\/\/echta-derminga.de\/index.php?rest_route=%2Fwp%2Fv2%2Fcategories&post=1311"},{"taxonomy":"post_tag","embeddable":true,"href":"https:\/\/echta-derminga.de\/index.php?rest_route=%2Fwp%2Fv2%2Ftags&post=1311"}],"curies":[{"name":"wp","href":"https:\/\/api.w.org\/{rel}","templated":true}]}}