{"id":13140,"date":"2022-07-11T20:58:11","date_gmt":"2022-07-11T19:58:11","guid":{"rendered":"https:\/\/echta-derminga.de\/?p=13140"},"modified":"2022-07-11T21:13:15","modified_gmt":"2022-07-11T20:13:15","slug":"wir-leben-dort-wo-andere-urlaub-machen","status":"publish","type":"post","link":"https:\/\/echta-derminga.de\/?p=13140","title":{"rendered":"Wir leben dort, wo andere Urlaub machen !"},"content":{"rendered":"\n<blockquote class=\"wp-block-quote is-layout-flow wp-block-quote-is-layout-flow\"><p><strong>\u201eIch bin die W\u00e4rme deines Herdes an kalten Winterabenden. Ich bin der Schatten, der dich vor der hei\u00dfen Sommersonne beschirmt. Meine Fr\u00fcchte und belebenden Getr\u00e4nke stillen deinen Durst auf deiner Reise. Ich bin der Balken, der dein Haus h\u00e4lt, die T\u00fcr deiner Heimstatt, das Bett, indem du liegst und das Spant, das dein Boot tr\u00e4gt. Ich bin der Griff deiner Harke, das Holz deiner Wiege und die H\u00fclle deines Sarges\u201c. <\/strong><\/p><cite><em><strong>(Unbekannt)<\/strong><\/em><\/cite><\/blockquote>\n\n\n\n<p class=\"has-medium-font-size wp-block-paragraph\"><strong>Kennt ihr das Zitat:\u201c Wir leben dort, wo andere Urlaub machen\u201c? Letztes Jahr habe ich zwei Menschen aus Holland kennengelernt, die in Dirmingen Urlaub machten. Meinem ersten Erstaunen folgte die Erkenntnis, dass die Leute alles richtig gemacht haben. Stimmt, in unserer Heimat kann man gut Urlaub machen. Schade, dass uns manchmal dazu jede Einsicht fehlt !<\/strong> <strong>Ich stehe vor der Frage: Wissen wir unseren Heimatort \u00fcberhaupt zu sch\u00e4tzen? Ganz oft sieht man buchst\u00e4blich den Wald vor lauter B\u00e4umen nicht. Ich will sagen, wir rennen durch unser Leben auf der Jagd nach dem sch\u00f6nsten Ort, dem sch\u00f6nsten Moment und der besten Zeit und vergessen dabei allzu oft, dass wir mittendrin stecken.<\/strong> <strong>Manchmal braucht es eine kleine Wanderung, um zu sich selbst zur\u00fcckzufinden und die eigene Seele baumeln zu lassen. Bei meiner Tour hab ich meinen Gedanken freien Lauf gelassen<\/strong>. <strong>Wenn man sich die Sch\u00f6nheit unseres Heimatortes einmal genauer anschaut, stellt man schnell fest, dass man eigentlich \u00fcberhaupt nicht in den Urlaub fliegen m\u00fcssten. &#8222;Warum in die Ferne schweifen, wenn das Gute liegt so nah&#8220;?<\/strong><\/p>\n\n\n\n<p class=\"has-medium-font-size wp-block-paragraph\">Unser Heimatort Dirmingen, in einem Tal gelegen, verf\u00fcgt \u00fcber zwei Naherholungsgebiete. Dabei f\u00fchren 5 offizielle Wanderwege \u00fcber unsere Gemarkung. Das Angebot f\u00fcr den sogenannten \u201eSanften Tourismus\u201c ist also ganz gut! Dirmingen bildet die S\u00fcdpforte des Naturparks und ist der einzige Ortsteil unserer Gemeinde, der sich zu den Mitgliedsortschaften z\u00e4hlen darf.  Neben dem Naherholungsgebiet Finkenrech mit seinem Freizeitzentrum geh\u00f6rt das Naherholungsgebiet \u201eSteinrutsch\u201c mit seiner \u201eSteenrutsch\u201c, der Marienkapelle, der Wassertretanlage und den drei uralten Eichen zu den bekanntesten \u00d6rtlichkeiten. Die Menschen nutzen diese Gebiete zum Laufen, Nordic-Walking, Fahrradfahren oder einfach nur Spazierengehen. Die M\u00f6glichkeiten sind vielf\u00e4ltig. In der Ortsmitte l\u00e4dt der Br\u00fchlpark oder das &#8222;B\u00fcttelseck&#8220; zum erholen ein. Der Br\u00fchlpark liegt inmitten des Ortskerns am Zusammenfluss der Ill und Alsbach. Das &#8222;B\u00fcttelseck&#8220; hingegen wird in der Regel nur von wachen Augen gefunden. Warum nutzen wir diese M\u00f6glichkeiten so selten ?<\/p>\n\n\n\n<figure class=\"wp-block-gallery has-nested-images columns-default is-cropped wp-block-gallery-1 is-layout-flex wp-block-gallery-is-layout-flex\">\n<figure class=\"wp-block-image size-large\"><img loading=\"lazy\" decoding=\"async\" width=\"693\" height=\"724\" data-id=\"10461\" src=\"https:\/\/echta-derminga.de\/wp-content\/uploads\/2021\/08\/holz.jpg\" alt=\"\" class=\"wp-image-10461\" srcset=\"https:\/\/echta-derminga.de\/wp-content\/uploads\/2021\/08\/holz.jpg 693w, https:\/\/echta-derminga.de\/wp-content\/uploads\/2021\/08\/holz-287x300.jpg 287w\" sizes=\"auto, (max-width: 693px) 100vw, 693px\" \/><\/figure>\n\n\n\n<figure class=\"wp-block-image size-large\"><img loading=\"lazy\" decoding=\"async\" width=\"700\" height=\"525\" data-id=\"10457\" src=\"https:\/\/echta-derminga.de\/wp-content\/uploads\/2021\/08\/55925803_2488976191136061_1515561961528492032_o-700x525.jpg\" alt=\"\" class=\"wp-image-10457\" srcset=\"https:\/\/echta-derminga.de\/wp-content\/uploads\/2021\/08\/55925803_2488976191136061_1515561961528492032_o-700x525.jpg 700w, https:\/\/echta-derminga.de\/wp-content\/uploads\/2021\/08\/55925803_2488976191136061_1515561961528492032_o-300x225.jpg 300w, https:\/\/echta-derminga.de\/wp-content\/uploads\/2021\/08\/55925803_2488976191136061_1515561961528492032_o-768x576.jpg 768w, https:\/\/echta-derminga.de\/wp-content\/uploads\/2021\/08\/55925803_2488976191136061_1515561961528492032_o-1536x1152.jpg 1536w, https:\/\/echta-derminga.de\/wp-content\/uploads\/2021\/08\/55925803_2488976191136061_1515561961528492032_o.jpg 1920w\" sizes=\"auto, (max-width: 700px) 100vw, 700px\" \/><\/figure>\n<\/figure>\n\n\n\n<p class=\"has-medium-font-size wp-block-paragraph\"><strong>Die \u201eSteinrutsch\u201c, ein quarzitisches Konglomerat, ist das bedeutendsten geologischen Naturdenkmal des Landkreises Neunkirchen. Die verschiedenen Steinbl\u00f6cke liegen in einem Umkreis von 100,00 m in verschiedenen Gr\u00f6\u00dfen im Wald verteilt. Fachleute behaupten, dass sich in einem Terti\u00e4r (Erdzeitalter), das vor 1000 000 Jahren endete, das Blockmeer herausbildete. Der \u201cSteinrutsch\u201d befindet sich im S\u00fcdwesten von Dirmingen. Sie liegt am Nordwesthang des gro\u00dfen Elmesberges. Die gro\u00dfen Bl\u00f6cke und riesige Quader sind aus dem Konglomeratlager innerhalb der Kuseler Schichten herausgewittert. Besonders in der oberen Abteilung der Kuseler Schichten treten Konglomerate auf, die zuweilen eine M\u00e4chtigkeit von \u00fcber 10 m erreichen und bis \u00fcber Kopfgr\u00f6\u00dfe Ger\u00f6lle von r\u00f6tlichem Quarzit f\u00fchren. Die feste kieselige Masse verkittet die groben Ger\u00f6lle, und sie bilden dann ein sehr festes Gestein, das auch Felsen bildet. An unserer \u201cSteinrutsch\u201d treten, an manchen Stellen, besonders gro\u00dfe felsenbildende Quaderbl\u00f6cke auf. Ein Naturschauspiel der besonderen Art.  Wir finden Zeichen der Vergangenheit. Viele Menschen haben ihre Spuren hinterlassen und ihre Namen in die Steine gemei\u00dfelt.<\/strong><\/p>\n\n\n\n<p class=\"has-medium-font-size wp-block-paragraph\">Neben dem Br\u00e4kert, dem Sprengenberg, dem Sch\u00f6nebuch und Geisberg, die allesamt unter der 400 Meter Marke bleiben, geh\u00f6rt der gro\u00dfe Elmersberg und der Belker zu den bekanntesten Anh\u00f6hen unseres Dorfes. W\u00e4hrend das Naherholungsgebiet Steinrausche&#8220; auf dem &#8222;gro\u00dfen Elmersberg&#8220; liegt, befindet sich der &#8222;Belker&#8220; auf einer im &#8222;Kasholz&#8220; befindlichen Flur, die an dem sagenumwobenen Kasleswald grenzt.<\/p>\n\n\n\n<figure class=\"wp-block-gallery has-nested-images columns-default is-cropped wp-block-gallery-2 is-layout-flex wp-block-gallery-is-layout-flex\">\n<figure class=\"wp-block-image size-large\"><img loading=\"lazy\" decoding=\"async\" width=\"700\" height=\"467\" data-id=\"12254\" src=\"https:\/\/echta-derminga.de\/wp-content\/uploads\/2022\/03\/13-700x467.jpg\" alt=\"\" class=\"wp-image-12254\" srcset=\"https:\/\/echta-derminga.de\/wp-content\/uploads\/2022\/03\/13-700x467.jpg 700w, https:\/\/echta-derminga.de\/wp-content\/uploads\/2022\/03\/13-300x200.jpg 300w, https:\/\/echta-derminga.de\/wp-content\/uploads\/2022\/03\/13-768x512.jpg 768w, https:\/\/echta-derminga.de\/wp-content\/uploads\/2022\/03\/13.jpg 900w\" sizes=\"auto, (max-width: 700px) 100vw, 700px\" \/><\/figure>\n\n\n\n<figure class=\"wp-block-image size-large\"><img loading=\"lazy\" decoding=\"async\" width=\"700\" height=\"525\" data-id=\"12251\" src=\"https:\/\/echta-derminga.de\/wp-content\/uploads\/2022\/03\/11-700x525.jpg\" alt=\"\" class=\"wp-image-12251\" srcset=\"https:\/\/echta-derminga.de\/wp-content\/uploads\/2022\/03\/11-700x525.jpg 700w, https:\/\/echta-derminga.de\/wp-content\/uploads\/2022\/03\/11-300x225.jpg 300w, https:\/\/echta-derminga.de\/wp-content\/uploads\/2022\/03\/11-768x576.jpg 768w, https:\/\/echta-derminga.de\/wp-content\/uploads\/2022\/03\/11.jpg 800w\" sizes=\"auto, (max-width: 700px) 100vw, 700px\" \/><\/figure>\n<\/figure>\n\n\n\n<p class=\"has-medium-font-size wp-block-paragraph\"><strong>Wenn man hoch oben auf dem Belker die Aussicht \u00fcber das Dorf genie\u00dft, stellt man fest, dass unser Dorf von W\u00e4ldern umgeben ist. Im Laufe der Jahrhunderte wurde der Mensch zum gr\u00f6\u00dften Feind des Waldes. In der Jungsteinzeit fanden die Menschen alles was Sie ben\u00f6tigten im Wald. Das Holz w\u00e4rmte und das Fleisch der Tiere s\u00e4ttigte. Auch die R\u00f6mer ben\u00f6tigten zur Herstellung von Ziegeln viel Holz f\u00fcr die zahlreichen Brenn\u00f6fen. Der gro\u00dfe Waldvorrat in unserem Land schrumpfte schon sehr fr\u00fch auf bedenkliche Art und Weise. Die Saarl\u00e4ndischen W\u00e4lder waren urspr\u00fcnglich von Rotbuchen gepr\u00e4gt. Bekannterweise f\u00fcrchteten schon die R\u00f6mer die dunklen W\u00e4lder der Germanen. F\u00fcr die einheimischen Germanen hingegen war der Wald heilig und zudem ein sicherer R\u00fcckzugsort. Im heutige Wald befinden sich \u00fcberwiegend Eiche, Birke, Ulme, Ahorn, Esche und Kirsche und nat\u00fcrlich auch verschiedenen Tannen und Fichten. Im Mittelalter ben\u00f6tigten die Menschen vermehrt Holz und Platz f\u00fcr ihren Ackerbau. Das Resultat waren massive Rodungen. Zu dieser Zeit wurden ganze Waldfl\u00e4chen vernichtet. Die Architektur dieser Zeit Epochen basiert auf dem Rohstoff Holz. Viele gro\u00dfe Kirchenbauten oder Pal\u00e4ste wurden durch gro\u00dfe Holzvorr\u00e4ten erbaut. Fakt ist: Waldfrevel gab es schon immer! Das war in der Bronzezeit genauso wie im Mittelalter oder der Neuzeit.<\/strong><\/p>\n\n\n\n<p class=\"has-medium-font-size wp-block-paragraph\"><strong>Jede Generation hat mit ihren ureigenen Problemen zu k\u00e4mpfen. Heute leidet der Wald verst\u00e4rkt und dem Borkenk\u00e4fer und nat\u00fcrlich auch unter der massiven Trockenheit f\u00fcr die nachweislich der Klimawandel Verantwortung tr\u00e4gt.<\/strong><\/p>\n\n\n\n<figure class=\"wp-block-gallery has-nested-images columns-default is-cropped wp-block-gallery-3 is-layout-flex wp-block-gallery-is-layout-flex\">\n<figure class=\"wp-block-image size-large\"><img loading=\"lazy\" decoding=\"async\" width=\"700\" height=\"525\" data-id=\"6904\" src=\"https:\/\/echta-derminga.de\/wp-content\/uploads\/2020\/07\/2-1-700x525.jpg\" alt=\"\" class=\"wp-image-6904\" srcset=\"https:\/\/echta-derminga.de\/wp-content\/uploads\/2020\/07\/2-1-700x525.jpg 700w, https:\/\/echta-derminga.de\/wp-content\/uploads\/2020\/07\/2-1-300x225.jpg 300w, https:\/\/echta-derminga.de\/wp-content\/uploads\/2020\/07\/2-1-768x576.jpg 768w, https:\/\/echta-derminga.de\/wp-content\/uploads\/2020\/07\/2-1.jpg 900w\" sizes=\"auto, (max-width: 700px) 100vw, 700px\" \/><\/figure>\n\n\n\n<figure class=\"wp-block-image size-large\"><img loading=\"lazy\" decoding=\"async\" width=\"700\" height=\"525\" data-id=\"7195\" src=\"https:\/\/echta-derminga.de\/wp-content\/uploads\/2020\/08\/3-2-700x525.jpg\" alt=\"\" class=\"wp-image-7195\" srcset=\"https:\/\/echta-derminga.de\/wp-content\/uploads\/2020\/08\/3-2-700x525.jpg 700w, https:\/\/echta-derminga.de\/wp-content\/uploads\/2020\/08\/3-2-300x225.jpg 300w, https:\/\/echta-derminga.de\/wp-content\/uploads\/2020\/08\/3-2-768x576.jpg 768w, https:\/\/echta-derminga.de\/wp-content\/uploads\/2020\/08\/3-2.jpg 800w\" sizes=\"auto, (max-width: 700px) 100vw, 700px\" \/><\/figure>\n<\/figure>\n\n\n\n<p class=\"has-medium-font-size wp-block-paragraph\">Der Wald ist energiespendend, aufbauend und mythisch. Die \u00e4lteren unter uns sind mit M\u00e4rchen, die im Wald spielten, aufgewachsen. Der \u201eKaselswald\u201c geh\u00f6rt zu den \u00e4ltesten W\u00e4ldern unserer Umgebung. Aus der Zeit des Sp\u00e4tmittelalters hin\u00fcber bis ins siebzehnte und achtzehnte Jahrhundert entstammt die sogenannte Zeit der Waldweide. Damals entstanden zahlreiche M\u00e4rchen. Die Autoren nutzen immer mehr den Wald als Sinnbild f\u00fcr ihre Phantasien. Gerade zu dieser Zeit entstanden die meisten sogenannten Tier-M\u00e4rchen oder Tierfabeln. Eines der damals meist-gehassten Tiere diente schlie\u00dflich zur Vorlage eines der bekanntesten M\u00e4rchen. Es entstand das M\u00e4rchen vom \u201eB\u00f6sen Wolf\u201c. Der Wolf war im neunzehnten Jahrhundert eine Pest f\u00fcr die Bev\u00f6lkerung. Mitleid mit dem Tier gab es damals nicht. Im Jahre 1859 wurde in Dirmingen nachweislich der letzte Wolf erlegt. Wird er irgendwann wieder Heimat bei uns finden ? Alles kommt im Leben wieder zur\u00fcck !<\/p>\n\n\n\n<p class=\"has-medium-font-size wp-block-paragraph\"><strong>Im achtzehnten Jahrhundert wurde der Wald zur Holzkohlegewinnung genutzt. Die gro\u00dfen Glasmanufakturen und Eisenschmelzen wurden mit Holz betrieben. Im Dirminger Wald sind noch heute unz\u00e4hlige Meilerpl\u00e4tze zu finden auf denen fr\u00fcher die Holzkohlemeiler rauchten. Zur Zeit der Fr\u00fchindustrialisierung war die Gier nach Holz uners\u00e4ttlich. Im achtzehnten Jahrhundert entstand ein m\u00e4chtiger Holzhandel. Auch das Dirminger Holz war begehrt und wurde bis nach Holland gebracht. Dabei wurde das Holz \u00fcber die vorhandene Wasserstra\u00dfe gefl\u00f6\u00dft. Der Weg ging \u00fcber Bachl\u00e4ufe der Ill, Theel, Prims bis hin zu den Fl\u00fcssen der Saar und Mosel, um dann letztlich im guten alten Rhein anzukommen.<\/strong><\/p>\n\n\n\n<figure class=\"wp-block-gallery has-nested-images columns-default is-cropped wp-block-gallery-4 is-layout-flex wp-block-gallery-is-layout-flex\">\n<figure class=\"wp-block-image size-large\"><img loading=\"lazy\" decoding=\"async\" width=\"700\" height=\"394\" data-id=\"6400\" src=\"https:\/\/echta-derminga.de\/wp-content\/uploads\/2020\/05\/org_c48c6c7627972172_1590069626000-Kopie-700x394.jpg\" alt=\"\" class=\"wp-image-6400\" srcset=\"https:\/\/echta-derminga.de\/wp-content\/uploads\/2020\/05\/org_c48c6c7627972172_1590069626000-Kopie-700x394.jpg 700w, https:\/\/echta-derminga.de\/wp-content\/uploads\/2020\/05\/org_c48c6c7627972172_1590069626000-Kopie-300x169.jpg 300w, https:\/\/echta-derminga.de\/wp-content\/uploads\/2020\/05\/org_c48c6c7627972172_1590069626000-Kopie-768x432.jpg 768w, https:\/\/echta-derminga.de\/wp-content\/uploads\/2020\/05\/org_c48c6c7627972172_1590069626000-Kopie-1536x864.jpg 1536w, https:\/\/echta-derminga.de\/wp-content\/uploads\/2020\/05\/org_c48c6c7627972172_1590069626000-Kopie.jpg 2000w\" sizes=\"auto, (max-width: 700px) 100vw, 700px\" \/><\/figure>\n\n\n\n<figure class=\"wp-block-image size-large\"><img loading=\"lazy\" decoding=\"async\" width=\"644\" height=\"483\" data-id=\"5827\" src=\"https:\/\/echta-derminga.de\/wp-content\/uploads\/2020\/04\/33-644x483.jpg\" alt=\"\" class=\"wp-image-5827\" srcset=\"https:\/\/echta-derminga.de\/wp-content\/uploads\/2020\/04\/33-644x483.jpg 644w, https:\/\/echta-derminga.de\/wp-content\/uploads\/2020\/04\/33-300x225.jpg 300w, https:\/\/echta-derminga.de\/wp-content\/uploads\/2020\/04\/33-768x576.jpg 768w, https:\/\/echta-derminga.de\/wp-content\/uploads\/2020\/04\/33.jpg 960w\" sizes=\"auto, (max-width: 644px) 100vw, 644px\" \/><\/figure>\n<\/figure>\n\n\n\n<blockquote class=\"wp-block-quote is-layout-flow wp-block-quote-is-layout-flow\"><p><strong>\u201eIch bin der Wald, Ich bin uralt, Ich hege den Hirsch, Ich hege das Reh, Ich sch\u00fctz Euch vor Sturm, Ich sch\u00fctz Euch vor Schnee, Ich wehre dem Frost, Ich wahre die Quelle, Ich h\u00fcte die Scholle, Bin immer zur Stelle, Ich bau Euch das Haus, Ich heiz Euch den Herd, Drum ihr Menschen, Haltet mich wert! (Inschrift an einem nieders\u00e4chsischen Forsthaus aus dem 17. Jh.)<\/strong><\/p><cite><strong>Unbekannt<\/strong><\/cite><\/blockquote>\n\n\n\n<p class=\"has-medium-font-size wp-block-paragraph\">Bestimmt werden sich die \u00e4lteren Generationen noch gut an die alte Landesviehweide des Kreises Ottweiler erinnern. Bereits im Jahre 1929 wurde das bis dahin verwildertes Finkenrech kultiviert und vom Kreis Ottweiler als Viehweide genutzt. Von 1929 bis zum Jahre 1971 standen im Sommer mehr als 1800 Rinder aus den Bauernh\u00f6fen der umliegenden D\u00f6rfer auf dieser Viehweide. Die Bauern mussten damals lediglich ein kleines Entgelt f\u00fcr die Nutzung bezahlen. Mit der Durchf\u00fchrung von Flurbereinigungen und der Entstehung von Aussiedlerh\u00f6fen legten die Bauern eigene Weiden in Hof n\u00e4he an. Im Jahre 1971 wuchs im Kreis Ottweiler die \u00dcberlegung, das stillgelegte Weideareal den Gartenfreunden zur Verf\u00fcgung zu stellen. Am 27.M\u00e4rz 1972 erfolgte die Gr\u00fcndung der \u201eArbeitsgemeinschaft Kreisschulungs- und Freizeitzentrum Finkenrech\u201c. Das Ziel dieser neuen Arbeitsgemeinschaft war die Anpflanzung von sogenannten Versuchs -und Musterpflanzen. Bereits im Herbst des Jahres 1972 konnte mit den Anpflanzungen begonnen werden. Schon am 15.Oktober 1975 wurde ein neues Gasthaus mit Schulungsraum eingeweiht. Im Jahre 1981 wurde Finkenrech zum \u201e1. Saarl\u00e4ndischen Naturschutzzentrum\u201c erkl\u00e4rt. In diesem Jahr wurden wichtige Entscheidungen f\u00fcr den sanften Tourismus in unserem Landkreis getroffen. Damals wurde ein Zeltplatz angelegt und ein Waschraum und Toilettenanlage errichtet. Au\u00dferdem entstanden ein Bienenhaus, ein Kleintierstall und einige Gartenh\u00e4user. Nat\u00fcrlich wurden auch Parkpl\u00e4tze eingerichtet und die Zu- und Ausfahrt zum Finkenrech ausgebaut. Zun\u00e4chst pflegten ehrenamtliche Gartenfreunde die rund 5 ha gro\u00dfe Anlage. In den ersten Beeten entstanden ca. 350 Irisarten, 350 Lilienarten und ca. 6000 Rosensorten. Au\u00dferdem wurden Staudenbeete und Geh\u00f6lzsammlungen angelegt. Schlie\u00dflich wurde ein Heide- und Steingarten angebaut. Mit der Erschaffung des Naherholungsgebietes Finkenrech bekam Dirmingen erstmals eine attraktive Anlaufstelle f\u00fcr den sanften Tourismus. Heute geh\u00f6rt das Freizeitzentrum Finkenrech zu den sch\u00f6nsten Orten im Landkreis Neunkirchen. Der TKN des Landkreises hat im Laufe der Jahre tolle Arbeit geleistet. Finkenrech ist v\u00f6llig zurecht ein Besuchermagnet. Das Freizeitzentrum verf\u00fcgt \u00fcber ein vielf\u00e4ltiges Freizeitangebot mit verschiedenen Erholungs-und Nutzg\u00e4rten sowie wundersch\u00f6nen Blumenwiesen oder Wanderwege.<\/p>\n\n\n\n<figure class=\"wp-block-gallery has-nested-images columns-default is-cropped wp-block-gallery-5 is-layout-flex wp-block-gallery-is-layout-flex\">\n<figure class=\"wp-block-image size-large\"><img loading=\"lazy\" decoding=\"async\" width=\"700\" height=\"466\" data-id=\"13144\" src=\"https:\/\/echta-derminga.de\/wp-content\/uploads\/2022\/07\/finkenrech_asia_Gerd-Wehlack_www_front_large-700x466.jpg\" alt=\"\" class=\"wp-image-13144\" srcset=\"https:\/\/echta-derminga.de\/wp-content\/uploads\/2022\/07\/finkenrech_asia_Gerd-Wehlack_www_front_large-700x466.jpg 700w, https:\/\/echta-derminga.de\/wp-content\/uploads\/2022\/07\/finkenrech_asia_Gerd-Wehlack_www_front_large-300x200.jpg 300w, https:\/\/echta-derminga.de\/wp-content\/uploads\/2022\/07\/finkenrech_asia_Gerd-Wehlack_www_front_large-768x512.jpg 768w, https:\/\/echta-derminga.de\/wp-content\/uploads\/2022\/07\/finkenrech_asia_Gerd-Wehlack_www_front_large.jpg 800w\" sizes=\"auto, (max-width: 700px) 100vw, 700px\" \/><\/figure>\n\n\n\n<figure class=\"wp-block-image size-large\"><img loading=\"lazy\" decoding=\"async\" width=\"700\" height=\"525\" data-id=\"13145\" src=\"https:\/\/echta-derminga.de\/wp-content\/uploads\/2022\/07\/118738286_3260707957357240_1721966806884751120_o-700x525.jpg\" alt=\"\" class=\"wp-image-13145\" srcset=\"https:\/\/echta-derminga.de\/wp-content\/uploads\/2022\/07\/118738286_3260707957357240_1721966806884751120_o-700x525.jpg 700w, https:\/\/echta-derminga.de\/wp-content\/uploads\/2022\/07\/118738286_3260707957357240_1721966806884751120_o-300x225.jpg 300w, https:\/\/echta-derminga.de\/wp-content\/uploads\/2022\/07\/118738286_3260707957357240_1721966806884751120_o-768x576.jpg 768w, https:\/\/echta-derminga.de\/wp-content\/uploads\/2022\/07\/118738286_3260707957357240_1721966806884751120_o.jpg 1000w\" sizes=\"auto, (max-width: 700px) 100vw, 700px\" \/><\/figure>\n<\/figure>\n\n\n\n<p class=\"has-medium-font-size wp-block-paragraph\"><strong>Grenzsteine markieren noch heute die alte Grenzlinie zwischen der Grafschaft Nassau- Saarbr\u00fccken und Lothringen. Was haben diese Steine nicht schon alles \u00fcberstanden? Generationen von Menschen gehen achtlos daran vorbei und merken nicht, dass Sie selbst nur ein kleiner Fisch im Strom der Zeit sind. Diese Steine waren l\u00e4ngst da und werden es vermutlich auch noch sein, wenn wir das zeitliche gesegnet haben. Nicht nur die Steine, sondern auch das Land ist sch\u00f6n und weit. Was hat dieses Land nicht schon alles erlebt? Krieg, Elend, Kaiser und Bettelmann. Warum vergessen wir allzu oft, dass wir in einer wundersch\u00f6nen Gegend leben d\u00fcrfen. Obwohl es dem deutschen Wald so gut wie schon lange nicht mehr gehen k\u00f6nnte, m\u00fcssen wir uns ernsthaft sorgen. Mit dem Klimawandel drohen schlimme Naturereignissen die eine gro\u00dfe Gefahr f\u00fcr Natur, Wald und auch den Menschen und die Tiere mit sich bringen. Wir Dirminger haben im Jahr 2016 hautnah erlebt m\u00fcssen, zu was ein Starkregenereignis f\u00e4hig sein kann.<\/strong><\/p>\n\n\n\n<figure class=\"wp-block-gallery has-nested-images columns-default is-cropped wp-block-gallery-6 is-layout-flex wp-block-gallery-is-layout-flex\">\n<figure class=\"wp-block-image size-large\"><img loading=\"lazy\" decoding=\"async\" width=\"595\" height=\"617\" data-id=\"13147\" src=\"https:\/\/echta-derminga.de\/wp-content\/uploads\/2022\/07\/herz.jpg\" alt=\"\" class=\"wp-image-13147\" srcset=\"https:\/\/echta-derminga.de\/wp-content\/uploads\/2022\/07\/herz.jpg 595w, https:\/\/echta-derminga.de\/wp-content\/uploads\/2022\/07\/herz-289x300.jpg 289w\" sizes=\"auto, (max-width: 595px) 100vw, 595px\" \/><\/figure>\n\n\n\n<figure class=\"wp-block-image size-large\"><img loading=\"lazy\" decoding=\"async\" width=\"700\" height=\"933\" data-id=\"13146\" src=\"https:\/\/echta-derminga.de\/wp-content\/uploads\/2022\/07\/120017376_2781027902134943_7996779076307722517_n-700x933.jpg\" alt=\"\" class=\"wp-image-13146\" srcset=\"https:\/\/echta-derminga.de\/wp-content\/uploads\/2022\/07\/120017376_2781027902134943_7996779076307722517_n-700x933.jpg 700w, https:\/\/echta-derminga.de\/wp-content\/uploads\/2022\/07\/120017376_2781027902134943_7996779076307722517_n-225x300.jpg 225w, https:\/\/echta-derminga.de\/wp-content\/uploads\/2022\/07\/120017376_2781027902134943_7996779076307722517_n.jpg 720w\" sizes=\"auto, (max-width: 700px) 100vw, 700px\" \/><\/figure>\n<\/figure>\n\n\n\n<p class=\"has-medium-font-size wp-block-paragraph\"><strong>Wir alle sind Zeit unseres Lebens verantwortlich f\u00fcr diese unsere Erde. Es ist unser Stern und wir Leben leider, oder gottlob nur einmal in dieser Welt. Wir sind nur zu Gast auf diesem Planeten. Bei alldem was wir tun, sollten wir dies stets bedenken. Wir haben nur dieses eine Leben. Unsere Verantwortung liegt jedoch bei denen die nach uns kommen. Wir sollten neue Wege beschreiten und uns an den alten W\u00e4ldern und Steinen orientieren!<\/strong><\/p>\n\n\n\n<blockquote class=\"wp-block-quote is-layout-flow wp-block-quote-is-layout-flow\"><p>Ein jegliches hat seine Zeit, und alles Vorhaben unter dem Himmel hat seine Stunde: geboren werden hat seine Zeit, sterben hat seine Zeit; pflanzen hat seine Zeit, ausrei\u00dfen, was gepflanzt ist, hat seine Zeit; t\u00f6ten hat seine Zeit, heilen hat seine Zeit; abbrechen hat seine Zeit, bauen hat seine Zeit; weinen hat seine Zeit, lachen hat seine Zeit; klagen hat seine Zeit, tanzen hat seine Zeit; Steine wegwerfen hat seine Zeit, Steine sammeln hat seine Zeit; herzen hat seine Zeit, aufh\u00f6ren zu Herzen hat seine Zeit; suchen hat seine Zeit, verlieren hat seine Zeit; behalten hat seine Zeit, wegwerfen hat seine Zeit; zerrei\u00dfen hat seine Zeit, zun\u00e4hen hat seine Zeit; schweigen hat seine Zeit, reden hat seine Zeit; lieben hat seine Zeit, hassen hat seine Zeit; Streit hat seine Zeit, Friede hat seine Zeit.<\/p><cite>Bibelvers aus Prediger<\/cite><\/blockquote>\n\n\n<div class=\"wp-block-image\">\n<figure class=\"aligncenter size-large\"><img loading=\"lazy\" decoding=\"async\" width=\"700\" height=\"461\" src=\"https:\/\/echta-derminga.de\/wp-content\/uploads\/2021\/08\/117555134_3196045727156797_7009417493516840156_n-700x461.jpg\" alt=\"\" class=\"wp-image-10481\" srcset=\"https:\/\/echta-derminga.de\/wp-content\/uploads\/2021\/08\/117555134_3196045727156797_7009417493516840156_n-700x461.jpg 700w, https:\/\/echta-derminga.de\/wp-content\/uploads\/2021\/08\/117555134_3196045727156797_7009417493516840156_n-300x198.jpg 300w, https:\/\/echta-derminga.de\/wp-content\/uploads\/2021\/08\/117555134_3196045727156797_7009417493516840156_n-768x506.jpg 768w, https:\/\/echta-derminga.de\/wp-content\/uploads\/2021\/08\/117555134_3196045727156797_7009417493516840156_n-1536x1012.jpg 1536w, https:\/\/echta-derminga.de\/wp-content\/uploads\/2021\/08\/117555134_3196045727156797_7009417493516840156_n.jpg 1900w\" sizes=\"auto, (max-width: 700px) 100vw, 700px\" \/><\/figure>\n<\/div>","protected":false},"excerpt":{"rendered":"<p>\u201eIch bin die W\u00e4rme deines Herdes an kalten Winterabenden. Ich bin der Schatten, der dich vor der hei\u00dfen Sommersonne beschirmt. Meine Fr\u00fcchte und belebenden Getr\u00e4nke stillen deinen Durst auf deiner Reise. Ich bin der Balken, der dein Haus h\u00e4lt, die T\u00fcr deiner Heimstatt, das Bett, indem du liegst und das Spant, das dein Boot tr\u00e4gt. Ich bin der Griff deiner<\/p>\n","protected":false},"author":1,"featured_media":10462,"comment_status":"open","ping_status":"closed","sticky":false,"template":"","format":"standard","meta":{"_crdt_document":"","footnotes":""},"categories":[1,9,902,318],"tags":[5,618,127,310],"class_list":["post-13140","post","type-post","status-publish","format-standard","has-post-thumbnail","hentry","category-allgemein","category-dorfgetratsche","category-meine-meinung","category-uff-da-schnerr","tag-dirmingen","tag-gemeinde-eppelborn","tag-landkreis-neunkirchen","tag-saarland"],"_links":{"self":[{"href":"https:\/\/echta-derminga.de\/index.php?rest_route=\/wp\/v2\/posts\/13140","targetHints":{"allow":["GET"]}}],"collection":[{"href":"https:\/\/echta-derminga.de\/index.php?rest_route=\/wp\/v2\/posts"}],"about":[{"href":"https:\/\/echta-derminga.de\/index.php?rest_route=\/wp\/v2\/types\/post"}],"author":[{"embeddable":true,"href":"https:\/\/echta-derminga.de\/index.php?rest_route=\/wp\/v2\/users\/1"}],"replies":[{"embeddable":true,"href":"https:\/\/echta-derminga.de\/index.php?rest_route=%2Fwp%2Fv2%2Fcomments&post=13140"}],"version-history":[{"count":13,"href":"https:\/\/echta-derminga.de\/index.php?rest_route=\/wp\/v2\/posts\/13140\/revisions"}],"predecessor-version":[{"id":13163,"href":"https:\/\/echta-derminga.de\/index.php?rest_route=\/wp\/v2\/posts\/13140\/revisions\/13163"}],"wp:featuredmedia":[{"embeddable":true,"href":"https:\/\/echta-derminga.de\/index.php?rest_route=\/wp\/v2\/media\/10462"}],"wp:attachment":[{"href":"https:\/\/echta-derminga.de\/index.php?rest_route=%2Fwp%2Fv2%2Fmedia&parent=13140"}],"wp:term":[{"taxonomy":"category","embeddable":true,"href":"https:\/\/echta-derminga.de\/index.php?rest_route=%2Fwp%2Fv2%2Fcategories&post=13140"},{"taxonomy":"post_tag","embeddable":true,"href":"https:\/\/echta-derminga.de\/index.php?rest_route=%2Fwp%2Fv2%2Ftags&post=13140"}],"curies":[{"name":"wp","href":"https:\/\/api.w.org\/{rel}","templated":true}]}}