{"id":13164,"date":"2022-07-13T13:39:37","date_gmt":"2022-07-13T12:39:37","guid":{"rendered":"https:\/\/echta-derminga.de\/?p=13164"},"modified":"2022-07-13T13:48:33","modified_gmt":"2022-07-13T12:48:33","slug":"in-sachen-ortsvorsteher-vom-park-und-strandfest-einer-siegerehrung-einem-seniorentag-einem-sportlichen-erfolg-und-einer-langersehnten-fertigstellung","status":"publish","type":"post","link":"https:\/\/echta-derminga.de\/?p=13164","title":{"rendered":"In Sachen Ortsvorsteher: Vom Park-und Strandfest, einer Siegerehrung, einem Seniorentag, einem sportlichen Erfolg und einer freien Fahrt \u00fcber die Illtalbr\u00fccke"},"content":{"rendered":"\n<p class=\"has-medium-font-size wp-block-paragraph\">Die Niederlassung West der Autobahn GmbH hat in einer Presserkl\u00e4rung mitgeteilt, dass die Bauma\u00dfnahmen an der Illtalbr\u00fccke fertiggestellt wurden. Die Hauptfahrbahn der A1 in H\u00f6he der AS Eppelborn einschlie\u00dflich Zu- und Abfahrten in beide Richtungen sind frei und nach \u00fcber 10 Jahren endlich wieder befahrbar. Im Bereich unter der Br\u00fccke werden auf der B10 \/ L121 allerdings noch Asphaltarbeiten durchgef\u00fchrt. Diese Arbeiten d\u00fcrften jedoch in absehbarer Zeit beendet sein. Seit dem Jahr 2013 sorgten die umfangreichen Bauma\u00dfnahmen mit der Erneuerung der Illtalbr\u00fccke f\u00fcr reichlich Gespr\u00e4chsstoff. Ganze 10 Jahre haben die Arbeiten rund um die Br\u00fccke angedauert. Im Jahre 2013 wurde die Br\u00fccke nach einer \u00dcberpr\u00fcfung gesperrt. Damals, im Jahre 2013, sp\u00fcrte die Welt erstmals die Auswirkungen des Arabischen Fr\u00fchlings, in \u00c4gypten wurde der gew\u00e4hlte Staatspr\u00e4sident Mohammed Mursi durch das Milit\u00e4r abgesetzt. Die Bundestagswahlen brachten das Ende der &#8222;schwarz-gelben-Koalition&#8220; und Angela Merkel wurde in ihrem Amt best\u00e4tigt. Nelson Mandela, Margaret Thatcher, Marcel Reich-Ranicki, Dieter Pfaff und Dieter Hildebrandt verstarben in diesem Jahr. In den letzten 10 Jahren ist vieles geschehen. Wir denken an den Bau des &#8222;Fledermaushotels&#8220;, die Fertigstellung der Kita &#8222;Pusteblume&#8220;, die Starkregenereignisse im Jahr 2016 und schlie\u00dflich auch an den Tot unseres ehemaligen Ortsvorstehers Manfred Klein. Aus Sicht viele B\u00fcrgerinnen und B\u00fcrger verliefen die Bauarbeiten in diesen 10 Jahren nicht immer wunschgem\u00e4\u00df. Besonders die Menschen in Dirmingen mussten \u00fcber eine lange Zeit so manche Unannehmlichkeit erdulden. Nun geh\u00f6rt diese Epoche wohl endg\u00fcltig der Geschichte an. Ich freue mich \u00fcber die Fertigstellung der Illtalbr\u00fccke und w\u00fcnsche allen Verkehrsteilnehmern eine gute und unfallfreie Fahrt.<\/p>\n\n\n<div class=\"wp-block-image\">\n<figure class=\"aligncenter size-large\"><img loading=\"lazy\" decoding=\"async\" width=\"700\" height=\"332\" src=\"https:\/\/echta-derminga.de\/wp-content\/uploads\/2022\/07\/1000000000-700x332.jpg\" alt=\"\" class=\"wp-image-13173\" srcset=\"https:\/\/echta-derminga.de\/wp-content\/uploads\/2022\/07\/1000000000-700x332.jpg 700w, https:\/\/echta-derminga.de\/wp-content\/uploads\/2022\/07\/1000000000-300x142.jpg 300w, https:\/\/echta-derminga.de\/wp-content\/uploads\/2022\/07\/1000000000-768x364.jpg 768w, https:\/\/echta-derminga.de\/wp-content\/uploads\/2022\/07\/1000000000.jpg 1416w\" sizes=\"auto, (max-width: 700px) 100vw, 700px\" \/><figcaption class=\"wp-element-caption\">Die siegreichen D\u00f6rfer !<\/figcaption><\/figure>\n<\/div>\n\n\n<p class=\"has-medium-font-size wp-block-paragraph\"><strong>\u201eUnser Dorf hat Zukunft\u201c \u2013 Unser Heimatort Dirmingen wurde mit dem 2. Platz ausgezeichnet !<\/strong><\/p>\n\n\n\n<p class=\"has-medium-font-size wp-block-paragraph\">Unser Heimatort hat bei der Kreisveranstaltung &#8222;Unser Dorf hat Zukunft&#8220; den 2. Platz belegt. Am Donnerstag,07. Juli durfte ich gemeinsam mit einigen\u00a0Landsleute und Ortsratsmitglieder unseren\u00a0 Preis f\u00fcr den 2. Platz entgegennehmen. Die Siegerehrung fand beim siegreichen Dorf in Hangard statt. Ich m\u00f6chte mich ganz herzlich bei allen Dirmingerinnen und Dirmingern bedanken, die unsere Bewerbung unterst\u00fctzt haben. Ich bin stolz auf unsere Dorfgemeinschaft und das gute Miteinander. Mein Dank geht\u00a0an Landrat S\u00f6ren Meng und seine Verwaltung f\u00fcr den reibungslosen Ablauf und die gute Organisation dieses\u00a0Wettbewerbs.\u00a0Die Siegpr\u00e4mie werden wir sinnvoll f\u00fcr die\u00a0Menschen in unserem Dorf nutzen. Neben dem Preisgeld wird unser Heimatort eine neue Wohlf\u00fchlbank erhalten.\u00a0Mein Gl\u00fcckwunsch geht an die\u00a0Sieger aus Hangard. Ich w\u00fcnsche dem verantwortlichen Ortsvorsteher Tobias Wolfanger und seinen Landsleuten viel Erfolg bei dem Landesentscheid. F\u00fcr uns Dirmingerinnen und Dirminger sollte der diesj\u00e4hrige 2. Platz Ansporn sein, es beim n\u00e4chsten mal besser zu machen.<\/p>\n\n\n\n<figure class=\"wp-block-gallery has-nested-images columns-default is-cropped wp-block-gallery-1 is-layout-flex wp-block-gallery-is-layout-flex\">\n<figure class=\"wp-block-image size-large\"><img loading=\"lazy\" decoding=\"async\" width=\"700\" height=\"444\" data-id=\"13171\" src=\"https:\/\/echta-derminga.de\/wp-content\/uploads\/2022\/07\/02-700x444.jpg\" alt=\"\" class=\"wp-image-13171\" srcset=\"https:\/\/echta-derminga.de\/wp-content\/uploads\/2022\/07\/02-700x444.jpg 700w, https:\/\/echta-derminga.de\/wp-content\/uploads\/2022\/07\/02-300x190.jpg 300w, https:\/\/echta-derminga.de\/wp-content\/uploads\/2022\/07\/02-768x487.jpg 768w, https:\/\/echta-derminga.de\/wp-content\/uploads\/2022\/07\/02.jpg 1100w\" sizes=\"auto, (max-width: 700px) 100vw, 700px\" \/><\/figure>\n\n\n\n<figure class=\"wp-block-image size-large\"><img loading=\"lazy\" decoding=\"async\" width=\"700\" height=\"544\" data-id=\"13170\" src=\"https:\/\/echta-derminga.de\/wp-content\/uploads\/2022\/07\/01-700x544.jpg\" alt=\"\" class=\"wp-image-13170\" srcset=\"https:\/\/echta-derminga.de\/wp-content\/uploads\/2022\/07\/01-700x544.jpg 700w, https:\/\/echta-derminga.de\/wp-content\/uploads\/2022\/07\/01-300x233.jpg 300w, https:\/\/echta-derminga.de\/wp-content\/uploads\/2022\/07\/01-768x597.jpg 768w, https:\/\/echta-derminga.de\/wp-content\/uploads\/2022\/07\/01.jpg 981w\" sizes=\"auto, (max-width: 700px) 100vw, 700px\" \/><\/figure>\n<\/figure>\n\n\n\n<p class=\"has-medium-font-size wp-block-paragraph\"><strong>Wundersch\u00f6ner Seniorentag im Landhotel Finkenrech<\/strong><\/p>\n\n\n\n<p class=\"has-medium-font-size wp-block-paragraph\">Am Samstag, 09. Juli fand im Landhotel Finkenrech der diesj\u00e4hrige Seniorentag&nbsp;statt. Der Ortsrat hatte sich nach einer pandemiebedingten Pause wieder dazu entschlossen diese traditionsreiche Veranstaltung durchzuf\u00fchren. Tats\u00e4chlich nahmen \u00fcber 80&nbsp;Seniorinnen und Senioren die Einladung ins Landhotel an. Bei einem hervorragenden Mittagessen und toller Live-Musik mit der Gruppe Rastlos f\u00fchlten sich unsere G\u00e4ste sichtlich wohl. Gemeinsam mit der Beigeordneten Margit Drescher und den Ortsratsmitgliedern Michael Polotzek, Ralf Urmoneit, Benjamin R\u00f6diger, Stephan Brueck und Fabian Schlicher durfte ich die \u00e4lteste anwesende Seniorin Frau Annie Wagner und den \u00e4ltesten anwesenden Senior Herr Kron begl\u00fcckw\u00fcnschen. Viele der anwesenden G\u00e4ste genossen die gemeinsame Zeit mit einem ausf\u00fchrlichen Gespr\u00e4ch mit dem Tischnachbarn. Nach der pandemiebedingten Zwangspause gab es vieles zu erz\u00e4hlen und zu berichten. Mein Dank geht&nbsp;an den Gastgeber Herr Valerio Vaneria und das Team vom Landhotel Finkenrech f\u00fcr die hervorragende Bewirtung. Ein besonderer Dank geht an die Gruppe RASTLOS f\u00fcr die wundersch\u00f6ne musikalische Unterhaltung. Ich danke allen Seniorinnen und Senioren die der Einladung des Ortsrates gefolgt waren. Vielen Dank f\u00fcr die sch\u00f6nen gemeinsamen Stunden.<\/p>\n\n\n<div class=\"wp-block-image\">\n<figure class=\"aligncenter size-large\"><img loading=\"lazy\" decoding=\"async\" width=\"700\" height=\"523\" src=\"https:\/\/echta-derminga.de\/wp-content\/uploads\/2022\/07\/Senioren-700x523.jpg\" alt=\"\" class=\"wp-image-13165\" srcset=\"https:\/\/echta-derminga.de\/wp-content\/uploads\/2022\/07\/Senioren-700x523.jpg 700w, https:\/\/echta-derminga.de\/wp-content\/uploads\/2022\/07\/Senioren-300x224.jpg 300w, https:\/\/echta-derminga.de\/wp-content\/uploads\/2022\/07\/Senioren-768x573.jpg 768w, https:\/\/echta-derminga.de\/wp-content\/uploads\/2022\/07\/Senioren.jpg 986w\" sizes=\"auto, (max-width: 700px) 100vw, 700px\" \/><figcaption class=\"wp-element-caption\">Seniorentag im Landhotel Finkenrech<\/figcaption><\/figure>\n<\/div>\n\n\n<p class=\"has-medium-font-size wp-block-paragraph\"><strong>SG Dirmingen\/Berchweiler mit gro\u00dfartigem Achtungserfolg beim Gemeindepokal<\/strong><\/p>\n\n\n\n<p class=\"has-medium-font-size wp-block-paragraph\">Der FV Eppelborn richtete den diesj\u00e4hrigen Gemeindepokal f\u00fcr Aktive Mannschaften im heimischen Illtalstadion aus. Dabei konnten die Platzherren sogar ihren Titel verteidigen. Unsere SG Dirmingen\/Berschweiler hingegen besiegte im kleinen Finale den SV Bubach\/Calmesweiler mit 7 zu 0 Toren. Nach diesem Kantersieg belegte unsere SG hinter dem Oberligisten Wiesbach den 3 .Platz. Dieser Achtungserfolg kann sich durchaus sehen lassen. Ich bin sehr stolz auf unsere SG Dirmingen\/Berschweiler und m\u00f6chte dem Verein auch an dieser Stelle gratulieren. Gl\u00fcckwunsch an Trainer, Betreuer, Team und den Anhang. Gemeinsam mit dem Beigeordneten Christian Ney , dem MdL Stefan L\u00f6w und dem Humeser OV Karl Barrois durfte ich der Siegerehrung beiwohnen und meine Gl\u00fcckw\u00fcnsche auch pers\u00f6nlich \u00fcbermitteln. Ich glaube unsere SG Dirmingen\/Berschweiler ist gut aufgestellt und kann mit viel Selbstvertrauen in die neue Bezirksligasaison starten. Ich w\u00fcnsche dem Verein viel Gl\u00fcck und Erfolg !<\/p>\n\n\n\n<figure class=\"wp-block-gallery has-nested-images columns-default is-cropped wp-block-gallery-2 is-layout-flex wp-block-gallery-is-layout-flex\">\n<figure class=\"wp-block-image size-large\"><img loading=\"lazy\" decoding=\"async\" width=\"701\" height=\"704\" data-id=\"13167\" src=\"https:\/\/echta-derminga.de\/wp-content\/uploads\/2022\/07\/12.jpg\" alt=\"\" class=\"wp-image-13167\" srcset=\"https:\/\/echta-derminga.de\/wp-content\/uploads\/2022\/07\/12.jpg 701w, https:\/\/echta-derminga.de\/wp-content\/uploads\/2022\/07\/12-300x300.jpg 300w, https:\/\/echta-derminga.de\/wp-content\/uploads\/2022\/07\/12-150x150.jpg 150w, https:\/\/echta-derminga.de\/wp-content\/uploads\/2022\/07\/12-90x90.jpg 90w, https:\/\/echta-derminga.de\/wp-content\/uploads\/2022\/07\/12-75x75.jpg 75w\" sizes=\"auto, (max-width: 701px) 100vw, 701px\" \/><\/figure>\n\n\n\n<figure class=\"wp-block-image size-large\"><img loading=\"lazy\" decoding=\"async\" width=\"700\" height=\"515\" data-id=\"13168\" src=\"https:\/\/echta-derminga.de\/wp-content\/uploads\/2022\/07\/11-700x515.jpg\" alt=\"\" class=\"wp-image-13168\" srcset=\"https:\/\/echta-derminga.de\/wp-content\/uploads\/2022\/07\/11-700x515.jpg 700w, https:\/\/echta-derminga.de\/wp-content\/uploads\/2022\/07\/11-300x221.jpg 300w, https:\/\/echta-derminga.de\/wp-content\/uploads\/2022\/07\/11.jpg 713w\" sizes=\"auto, (max-width: 700px) 100vw, 700px\" \/><\/figure>\n<\/figure>\n\n\n\n<p class=\"has-medium-font-size wp-block-paragraph\"><strong>2. Park- und Strandfest 2022<\/strong><\/p>\n\n\n\n<p class=\"has-medium-font-size wp-block-paragraph\">In der Zeit vom 15. Juli bis zum&nbsp;17. Juli 2022 findet das diesj\u00e4hrige 2. Park-und Strandfest im Dirminger Br\u00fchlpark statt. Der Kulturverein Dirmingen hat eine herausragende Vorarbeit geleistet und freut sich auf ein ereignisreiches Wochenende. An allen drei Festtagen wird ein abwechslungsreiches Programm mit viel Live-Musik angeboten. Der Kulturverein setzt in diesem Jahr verst\u00e4rkt auf einheimische Kr\u00e4fte. Neben der Band \u201ePerlregen\u201c werden, AVA, Saitenklang und auch Changes mit Dirminger Beteiligung aufspielen. Samstags wird Andreas Nagel mit seiner Band und seinem Programm \u201cMerci Cheri -Merci Udo\u201d das Publikum begeistern. Sonntags wird es nach einem \u00f6kumenischen Gottesdienst (10:00 Uhr) und einem Shanty-Chor-Konzert (11:00 Uhr) auch ein passendes Rahmenprogramm mit Showeinlagen, einer Revival-Disco (14:00 Uhr) und einen Kinderflohmarkt geben. Freuen Sie sich auf das 2. Park-und Strandfest im Dirminger Br\u00fchlpark. Ich lade alle B\u00fcrgerinnen und B\u00fcrger ganz herzlich zu diesem besonderen Dorffest ein. Lassen Sie uns gemeinsam unsere Heimat und unsere Dorfkultur feiern. Ich freue mich auf nette Gespr\u00e4che, emotionale Momente und ein wundervolles Rahmenprogramm. Vielleicht findet auch wir die Zeit zu einem Gedankenaustausch oder einem kleinen Gespr\u00e4ch? Sprechen Sie mich doch einfach an !<\/p>\n\n\n\n<figure class=\"wp-block-gallery has-nested-images columns-default is-cropped wp-block-gallery-3 is-layout-flex wp-block-gallery-is-layout-flex\">\n<figure class=\"wp-block-image size-large\"><img loading=\"lazy\" decoding=\"async\" width=\"700\" height=\"525\" data-id=\"13175\" src=\"https:\/\/echta-derminga.de\/wp-content\/uploads\/2022\/07\/Preistraeger-mit-Bank-700x525.jpg\" alt=\"\" class=\"wp-image-13175\" srcset=\"https:\/\/echta-derminga.de\/wp-content\/uploads\/2022\/07\/Preistraeger-mit-Bank-700x525.jpg 700w, https:\/\/echta-derminga.de\/wp-content\/uploads\/2022\/07\/Preistraeger-mit-Bank-300x225.jpg 300w, https:\/\/echta-derminga.de\/wp-content\/uploads\/2022\/07\/Preistraeger-mit-Bank-768x576.jpg 768w, https:\/\/echta-derminga.de\/wp-content\/uploads\/2022\/07\/Preistraeger-mit-Bank.jpg 1280w\" sizes=\"auto, (max-width: 700px) 100vw, 700px\" \/><\/figure>\n\n\n\n<figure class=\"wp-block-image size-large\"><img loading=\"lazy\" decoding=\"async\" width=\"700\" height=\"458\" data-id=\"13176\" src=\"https:\/\/echta-derminga.de\/wp-content\/uploads\/2022\/07\/292872572_5245983745496308_3254167213685835698_n-700x458.jpg\" alt=\"\" class=\"wp-image-13176\" srcset=\"https:\/\/echta-derminga.de\/wp-content\/uploads\/2022\/07\/292872572_5245983745496308_3254167213685835698_n-700x458.jpg 700w, https:\/\/echta-derminga.de\/wp-content\/uploads\/2022\/07\/292872572_5245983745496308_3254167213685835698_n-300x196.jpg 300w, https:\/\/echta-derminga.de\/wp-content\/uploads\/2022\/07\/292872572_5245983745496308_3254167213685835698_n-768x503.jpg 768w, https:\/\/echta-derminga.de\/wp-content\/uploads\/2022\/07\/292872572_5245983745496308_3254167213685835698_n.jpg 1440w\" sizes=\"auto, (max-width: 700px) 100vw, 700px\" \/><\/figure>\n<\/figure>\n\n\n\n<p class=\"has-medium-font-size wp-block-paragraph\">Liebe Landsleute, \u00fcberall in unserer Region finden Veranstaltungen und festliche Aktivit\u00e4ten statt. Scheint so, als w\u00fcrden die Menschen wieder ihr Leben genie\u00dfen und der Pandemie trotzen. Wir sollten jedoch trotz aller Freude \u00fcber diese Entwicklung vorsichtig sein und weiterhin auf unsere Gesundheit achten. In der vergangenen Woche habe ich in unserer Gemeinde weitere repr\u00e4sentative Aufgaben \u00fcbernommen. Unter anderem besuchte ich das Feuerwehrfest des L\u00f6schbezirks Bubach\/Calmesweiler. Unter dem Beifall zahlreicher Schaulustiger wurde im Verlaufe dieses Festes ein neues Feuerwehrfahrzeug eingeweiht. Gl\u00fcckwunsch an die Freunde aus Bubach\/Calmesweiler. In Hierscheid wurde der Gemeinde-Boulecoup ausgerichtet. Zahlreiche Mannschaften aus der gesamten Region hatten sich zu diesem traditionsreichen Turnier angemeldet. Gerne bin ich der Einladung des Hierscheider Ortsvorstehers Marko K\u00f6nig und dem Bouleverein Hierscheid gefolgt.  <\/p>\n\n\n\n<p class=\"has-medium-font-size wp-block-paragraph\">Ihr Ortsvorsteher<\/p>\n\n\n\n<p class=\"has-medium-font-size wp-block-paragraph\"><em>Frank Klein<\/em><\/p>\n\n\n\n<figure class=\"wp-block-gallery has-nested-images columns-default is-cropped wp-block-gallery-4 is-layout-flex wp-block-gallery-is-layout-flex\">\n<figure class=\"wp-block-image size-large\"><img loading=\"lazy\" decoding=\"async\" width=\"700\" height=\"988\" data-id=\"12989\" src=\"https:\/\/echta-derminga.de\/wp-content\/uploads\/2022\/06\/Komplett-700x988.png\" alt=\"\" class=\"wp-image-12989\" srcset=\"https:\/\/echta-derminga.de\/wp-content\/uploads\/2022\/06\/Komplett-700x988.png 700w, https:\/\/echta-derminga.de\/wp-content\/uploads\/2022\/06\/Komplett-212x300.png 212w, https:\/\/echta-derminga.de\/wp-content\/uploads\/2022\/06\/Komplett-768x1084.png 768w, https:\/\/echta-derminga.de\/wp-content\/uploads\/2022\/06\/Komplett.png 1000w\" sizes=\"auto, (max-width: 700px) 100vw, 700px\" \/><\/figure>\n\n\n\n<figure class=\"wp-block-image size-large\"><img loading=\"lazy\" decoding=\"async\" width=\"700\" height=\"988\" data-id=\"12992\" src=\"https:\/\/echta-derminga.de\/wp-content\/uploads\/2022\/06\/Udo-Juergens-700x988.png\" alt=\"\" class=\"wp-image-12992\" srcset=\"https:\/\/echta-derminga.de\/wp-content\/uploads\/2022\/06\/Udo-Juergens-700x988.png 700w, https:\/\/echta-derminga.de\/wp-content\/uploads\/2022\/06\/Udo-Juergens-212x300.png 212w, https:\/\/echta-derminga.de\/wp-content\/uploads\/2022\/06\/Udo-Juergens-768x1084.png 768w, https:\/\/echta-derminga.de\/wp-content\/uploads\/2022\/06\/Udo-Juergens.png 1000w\" sizes=\"auto, (max-width: 700px) 100vw, 700px\" \/><\/figure>\n\n\n\n<figure class=\"wp-block-image size-large\"><img loading=\"lazy\" decoding=\"async\" width=\"700\" height=\"989\" data-id=\"12985\" src=\"https:\/\/echta-derminga.de\/wp-content\/uploads\/2022\/06\/AVA-700x989.png\" alt=\"\" class=\"wp-image-12985\" srcset=\"https:\/\/echta-derminga.de\/wp-content\/uploads\/2022\/06\/AVA-700x989.png 700w, https:\/\/echta-derminga.de\/wp-content\/uploads\/2022\/06\/AVA-212x300.png 212w, https:\/\/echta-derminga.de\/wp-content\/uploads\/2022\/06\/AVA-768x1085.png 768w, https:\/\/echta-derminga.de\/wp-content\/uploads\/2022\/06\/AVA-1087x1536.png 1087w, https:\/\/echta-derminga.de\/wp-content\/uploads\/2022\/06\/AVA-1450x2048.png 1450w\" sizes=\"auto, (max-width: 700px) 100vw, 700px\" \/><\/figure>\n\n\n\n<figure class=\"wp-block-image size-large\"><img loading=\"lazy\" decoding=\"async\" width=\"700\" height=\"988\" data-id=\"12988\" src=\"https:\/\/echta-derminga.de\/wp-content\/uploads\/2022\/06\/Deffner-700x988.png\" alt=\"\" class=\"wp-image-12988\" srcset=\"https:\/\/echta-derminga.de\/wp-content\/uploads\/2022\/06\/Deffner-700x988.png 700w, https:\/\/echta-derminga.de\/wp-content\/uploads\/2022\/06\/Deffner-212x300.png 212w, https:\/\/echta-derminga.de\/wp-content\/uploads\/2022\/06\/Deffner-768x1084.png 768w, https:\/\/echta-derminga.de\/wp-content\/uploads\/2022\/06\/Deffner.png 1000w\" sizes=\"auto, (max-width: 700px) 100vw, 700px\" \/><\/figure>\n\n\n\n<figure class=\"wp-block-image size-large\"><img loading=\"lazy\" decoding=\"async\" width=\"700\" height=\"989\" data-id=\"13136\" src=\"https:\/\/echta-derminga.de\/wp-content\/uploads\/2022\/07\/saiten-700x989.jpg\" alt=\"\" class=\"wp-image-13136\" srcset=\"https:\/\/echta-derminga.de\/wp-content\/uploads\/2022\/07\/saiten-700x989.jpg 700w, https:\/\/echta-derminga.de\/wp-content\/uploads\/2022\/07\/saiten-212x300.jpg 212w, https:\/\/echta-derminga.de\/wp-content\/uploads\/2022\/07\/saiten-768x1085.jpg 768w, https:\/\/echta-derminga.de\/wp-content\/uploads\/2022\/07\/saiten.jpg 900w\" sizes=\"auto, (max-width: 700px) 100vw, 700px\" \/><\/figure>\n\n\n\n<figure class=\"wp-block-image size-large\"><img loading=\"lazy\" decoding=\"async\" width=\"700\" height=\"988\" data-id=\"12990\" src=\"https:\/\/echta-derminga.de\/wp-content\/uploads\/2022\/06\/Moewen-700x988.png\" alt=\"\" class=\"wp-image-12990\" srcset=\"https:\/\/echta-derminga.de\/wp-content\/uploads\/2022\/06\/Moewen-700x988.png 700w, https:\/\/echta-derminga.de\/wp-content\/uploads\/2022\/06\/Moewen-212x300.png 212w, https:\/\/echta-derminga.de\/wp-content\/uploads\/2022\/06\/Moewen-768x1084.png 768w, https:\/\/echta-derminga.de\/wp-content\/uploads\/2022\/06\/Moewen.png 1000w\" sizes=\"auto, (max-width: 700px) 100vw, 700px\" \/><\/figure>\n\n\n\n<figure class=\"wp-block-image size-large\"><img loading=\"lazy\" decoding=\"async\" width=\"700\" height=\"988\" data-id=\"12987\" src=\"https:\/\/echta-derminga.de\/wp-content\/uploads\/2022\/06\/Changes-700x988.png\" alt=\"\" class=\"wp-image-12987\" srcset=\"https:\/\/echta-derminga.de\/wp-content\/uploads\/2022\/06\/Changes-700x988.png 700w, https:\/\/echta-derminga.de\/wp-content\/uploads\/2022\/06\/Changes-212x300.png 212w, https:\/\/echta-derminga.de\/wp-content\/uploads\/2022\/06\/Changes-768x1084.png 768w, https:\/\/echta-derminga.de\/wp-content\/uploads\/2022\/06\/Changes.png 1000w\" sizes=\"auto, (max-width: 700px) 100vw, 700px\" \/><\/figure>\n\n\n\n<figure class=\"wp-block-image size-large\"><img loading=\"lazy\" decoding=\"async\" width=\"700\" height=\"988\" data-id=\"12991\" src=\"https:\/\/echta-derminga.de\/wp-content\/uploads\/2022\/06\/Perlregen-700x988.png\" alt=\"\" class=\"wp-image-12991\" srcset=\"https:\/\/echta-derminga.de\/wp-content\/uploads\/2022\/06\/Perlregen-700x988.png 700w, https:\/\/echta-derminga.de\/wp-content\/uploads\/2022\/06\/Perlregen-212x300.png 212w, https:\/\/echta-derminga.de\/wp-content\/uploads\/2022\/06\/Perlregen-768x1084.png 768w, https:\/\/echta-derminga.de\/wp-content\/uploads\/2022\/06\/Perlregen.png 1000w\" sizes=\"auto, (max-width: 700px) 100vw, 700px\" \/><\/figure>\n<\/figure>\n","protected":false},"excerpt":{"rendered":"<p>Die Niederlassung West der Autobahn GmbH hat in einer Presserkl\u00e4rung mitgeteilt, dass die Bauma\u00dfnahmen an der Illtalbr\u00fccke fertiggestellt wurden. Die Hauptfahrbahn der A1 in H\u00f6he der AS Eppelborn einschlie\u00dflich Zu- und Abfahrten in beide Richtungen sind frei und nach \u00fcber 10 Jahren endlich wieder befahrbar. Im Bereich unter der Br\u00fccke werden auf der B10 \/ L121 allerdings noch Asphaltarbeiten durchgef\u00fchrt.<\/p>\n","protected":false},"author":1,"featured_media":13126,"comment_status":"open","ping_status":"closed","sticky":false,"template":"","format":"standard","meta":{"_crdt_document":"","footnotes":""},"categories":[1,9,812],"tags":[5,618,127,634,795,310],"class_list":["post-13164","post","type-post","status-publish","format-standard","has-post-thumbnail","hentry","category-allgemein","category-dorfgetratsche","category-ortsvorsteher-dirmingen","tag-dirmingen","tag-gemeinde-eppelborn","tag-landkreis-neunkirchen","tag-ortsvorsteher","tag-ortsvorsteher-dirmingen","tag-saarland"],"_links":{"self":[{"href":"https:\/\/echta-derminga.de\/index.php?rest_route=\/wp\/v2\/posts\/13164","targetHints":{"allow":["GET"]}}],"collection":[{"href":"https:\/\/echta-derminga.de\/index.php?rest_route=\/wp\/v2\/posts"}],"about":[{"href":"https:\/\/echta-derminga.de\/index.php?rest_route=\/wp\/v2\/types\/post"}],"author":[{"embeddable":true,"href":"https:\/\/echta-derminga.de\/index.php?rest_route=\/wp\/v2\/users\/1"}],"replies":[{"embeddable":true,"href":"https:\/\/echta-derminga.de\/index.php?rest_route=%2Fwp%2Fv2%2Fcomments&post=13164"}],"version-history":[{"count":14,"href":"https:\/\/echta-derminga.de\/index.php?rest_route=\/wp\/v2\/posts\/13164\/revisions"}],"predecessor-version":[{"id":13190,"href":"https:\/\/echta-derminga.de\/index.php?rest_route=\/wp\/v2\/posts\/13164\/revisions\/13190"}],"wp:featuredmedia":[{"embeddable":true,"href":"https:\/\/echta-derminga.de\/index.php?rest_route=\/wp\/v2\/media\/13126"}],"wp:attachment":[{"href":"https:\/\/echta-derminga.de\/index.php?rest_route=%2Fwp%2Fv2%2Fmedia&parent=13164"}],"wp:term":[{"taxonomy":"category","embeddable":true,"href":"https:\/\/echta-derminga.de\/index.php?rest_route=%2Fwp%2Fv2%2Fcategories&post=13164"},{"taxonomy":"post_tag","embeddable":true,"href":"https:\/\/echta-derminga.de\/index.php?rest_route=%2Fwp%2Fv2%2Ftags&post=13164"}],"curies":[{"name":"wp","href":"https:\/\/api.w.org\/{rel}","templated":true}]}}