{"id":1317,"date":"2018-05-13T12:21:36","date_gmt":"2018-05-13T11:21:36","guid":{"rendered":"http:\/\/echta-derminga.de\/?p=1317"},"modified":"2018-05-25T15:40:08","modified_gmt":"2018-05-25T14:40:08","slug":"dirminger-kulturecke-jakobstag","status":"publish","type":"post","link":"https:\/\/echta-derminga.de\/?p=1317","title":{"rendered":"Dirminger Kulturecke &#8211; Jakobstag"},"content":{"rendered":"<p><strong>In der Dirminger Kulturecke erfahren Sie alles, was Sie schon immer \u00fcber Dirmingen wissen wollten oder wissen sollten. Wu\u00dften Sie schon, dass es in den 1960ger Jahren im Gasthaus \u201eSchuhhannesse\u201c einen \u201eJakobstag\u201c gab? <\/strong><\/p>\n<p>Angelegt an ihren j\u00e4hrlichen Namenstag trafen sich w\u00f6chentlich alle \u201eJakob\u2019s\u201c unseres Heimatdorfes zum Stammtisch. Die lustige Gesellschaft wurde schnell zum festen Bestandteil der alteingesessenen Wirtschaft \u201eSchuhhannesse\u201c in der Ortsmitte. Am Jakobstag (Mundart auch \u201eJokobsdach\u201c) beteiligten sich nur m\u00e4nnliche Zeitgenossen, die ausschlie\u00dflich den Vornamen Jakob trugen. \u00dcber viele Jahre hatte das Treffen der Namensvettern im Gasthaus\u201cSchuhhannesse\u201c eine sch\u00f6ne Tradition. Irgendwann endete jedoch auch diese wunderbare Geschichte. \u00dcbrigens am 03. Mai und am 25. Juli haben alle Jakob\u2019s (je nach Schreibweise) ihren Namenstag.<\/p>\n<p><strong>Ich finde diese sch\u00f6ne Geschichte k\u00f6nnte man leicht wieder aufleben lassen. Vielleicht finden sich einige lustige Namensvettern die gerne Gesellschaft pflegen? Mal sehen was die Zukunft bringt. Das oben beigef\u00fcgte historisches Foto aus dem Gasthaus \u201eSchuhhannesse\u201c wurde im Jahre 1960 gemacht und zeigt die &#8222;Jakobs&#8220; aus Dirmingen am gro\u00dfen Stammtisch. Einmal in der Woche war \u201eJakobstag\u201c und dieser musste schlie\u00dflich gefeiert werden.<\/strong><\/p>\n","protected":false},"excerpt":{"rendered":"<p>In der Dirminger Kulturecke erfahren Sie alles, was Sie schon immer \u00fcber Dirmingen wissen wollten oder wissen sollten. Wu\u00dften Sie schon, dass es in den 1960ger Jahren im Gasthaus \u201eSchuhhannesse\u201c einen \u201eJakobstag\u201c gab? Angelegt an ihren j\u00e4hrlichen Namenstag trafen sich w\u00f6chentlich alle \u201eJakob\u2019s\u201c unseres Heimatdorfes zum Stammtisch. Die lustige Gesellschaft wurde schnell zum festen Bestandteil der alteingesessenen Wirtschaft \u201eSchuhhannesse\u201c in<\/p>\n","protected":false},"author":1,"featured_media":1318,"comment_status":"closed","ping_status":"closed","sticky":false,"template":"","format":"standard","meta":{"_crdt_document":"","footnotes":""},"categories":[2],"tags":[5,257,254,256,255],"class_list":["post-1317","post","type-post","status-publish","format-standard","has-post-thumbnail","hentry","category-kulturecke","tag-dirmingen","tag-gesellschaft","tag-jakobstag","tag-namenstag","tag-schuhhannesse"],"_links":{"self":[{"href":"https:\/\/echta-derminga.de\/index.php?rest_route=\/wp\/v2\/posts\/1317","targetHints":{"allow":["GET"]}}],"collection":[{"href":"https:\/\/echta-derminga.de\/index.php?rest_route=\/wp\/v2\/posts"}],"about":[{"href":"https:\/\/echta-derminga.de\/index.php?rest_route=\/wp\/v2\/types\/post"}],"author":[{"embeddable":true,"href":"https:\/\/echta-derminga.de\/index.php?rest_route=\/wp\/v2\/users\/1"}],"replies":[{"embeddable":true,"href":"https:\/\/echta-derminga.de\/index.php?rest_route=%2Fwp%2Fv2%2Fcomments&post=1317"}],"version-history":[{"count":2,"href":"https:\/\/echta-derminga.de\/index.php?rest_route=\/wp\/v2\/posts\/1317\/revisions"}],"predecessor-version":[{"id":1320,"href":"https:\/\/echta-derminga.de\/index.php?rest_route=\/wp\/v2\/posts\/1317\/revisions\/1320"}],"wp:featuredmedia":[{"embeddable":true,"href":"https:\/\/echta-derminga.de\/index.php?rest_route=\/wp\/v2\/media\/1318"}],"wp:attachment":[{"href":"https:\/\/echta-derminga.de\/index.php?rest_route=%2Fwp%2Fv2%2Fmedia&parent=1317"}],"wp:term":[{"taxonomy":"category","embeddable":true,"href":"https:\/\/echta-derminga.de\/index.php?rest_route=%2Fwp%2Fv2%2Fcategories&post=1317"},{"taxonomy":"post_tag","embeddable":true,"href":"https:\/\/echta-derminga.de\/index.php?rest_route=%2Fwp%2Fv2%2Ftags&post=1317"}],"curies":[{"name":"wp","href":"https:\/\/api.w.org\/{rel}","templated":true}]}}