{"id":13193,"date":"2022-07-19T20:32:31","date_gmt":"2022-07-19T19:32:31","guid":{"rendered":"https:\/\/echta-derminga.de\/?p=13193"},"modified":"2022-07-19T20:32:33","modified_gmt":"2022-07-19T19:32:33","slug":"es-war-uns-ein-fest-unvergessliches-park-und-strandfest-im-bruehlpark","status":"publish","type":"post","link":"https:\/\/echta-derminga.de\/?p=13193","title":{"rendered":"Es war uns ein Fest ! &#8211; Unvergessliches &#8222;Park-und Strandfest&#8220; im Br\u00fchlpark"},"content":{"rendered":"\n<p class=\"has-medium-font-size wp-block-paragraph\"><strong>Was war das bitte f\u00fcr eine gro\u00dfartige Party! Das 2. Park- und Strandfest im Br\u00fchlpark hat alle gesetzten Erwartungen vollends erf\u00fcllt. An allen drei Festtagen pilgerten t\u00e4glich mehrerer hundert Personen auf den Festplatz im Br\u00fchl.<\/strong><\/p>\n\n\n\n<p class=\"has-medium-font-size wp-block-paragraph\">Irgendwie hatte dieses Fest etwas magisches. Nach einer pandemiebedingten Zwangspause hatten sich die Vereine um den Kulturverein Dirmingen dazu entschlossen endlich wieder ein Dorffest auszurichten. In Zeiten der Pandemie und angehender Wirtschaftskrise ist dies keine Selbstverst\u00e4ndlichkeit. Die meisten Vereine haben in diesen schwierigen Tagen genug mit sich selbst zu tun. Dennoch war es den Kulturanern, um ihren Vorsitzenden Reimund Klein, gelungen alle verantwortlichen Personen mitzunehmen.<\/p>\n\n\n\n<p class=\"has-medium-font-size wp-block-paragraph\"><strong>Die letzten Wochen waren sehr arbeitsintensiv und stressig. Als Mitglied des gesch\u00e4ftsf\u00fchrenden Vorstandes des Kulturvereins bin ich m\u00e4chtig stolz auf die Mannschaft der Kulturaner. Immerhin hat unser Verein in den letzten beiden Jahren keine leichten Zeiten durchlebt. Der neue Vorstand musste sich erst finden und einige gro\u00dfe Personall\u00fccken neu best\u00fccken werden. Das alles ist am Ende in beeindruckender Weise gelungen.<\/strong> <strong>Die Planungen zu diesem Fest haben uns allen viel abverlangt.<\/strong> <strong>Nun ist es vollbracht und wir alle k\u00f6nnen es wieder etwas ruhiger angehen lassen.<\/strong><\/p>\n\n\n\n<figure class=\"wp-block-gallery has-nested-images columns-default is-cropped wp-block-gallery-1 is-layout-flex wp-block-gallery-is-layout-flex\">\n<figure class=\"wp-block-image size-large\"><img loading=\"lazy\" decoding=\"async\" width=\"700\" height=\"315\" data-id=\"13197\" src=\"https:\/\/echta-derminga.de\/wp-content\/uploads\/2022\/07\/20220716_190203-700x315.jpg\" alt=\"\" class=\"wp-image-13197\" srcset=\"https:\/\/echta-derminga.de\/wp-content\/uploads\/2022\/07\/20220716_190203-700x315.jpg 700w, https:\/\/echta-derminga.de\/wp-content\/uploads\/2022\/07\/20220716_190203-300x135.jpg 300w, https:\/\/echta-derminga.de\/wp-content\/uploads\/2022\/07\/20220716_190203-768x346.jpg 768w, https:\/\/echta-derminga.de\/wp-content\/uploads\/2022\/07\/20220716_190203.jpg 1000w\" sizes=\"auto, (max-width: 700px) 100vw, 700px\" \/><\/figure>\n\n\n\n<figure class=\"wp-block-image size-large\"><img loading=\"lazy\" decoding=\"async\" width=\"700\" height=\"315\" data-id=\"13198\" src=\"https:\/\/echta-derminga.de\/wp-content\/uploads\/2022\/07\/20220716_214624-700x315.jpg\" alt=\"\" class=\"wp-image-13198\" srcset=\"https:\/\/echta-derminga.de\/wp-content\/uploads\/2022\/07\/20220716_214624-700x315.jpg 700w, https:\/\/echta-derminga.de\/wp-content\/uploads\/2022\/07\/20220716_214624-300x135.jpg 300w, https:\/\/echta-derminga.de\/wp-content\/uploads\/2022\/07\/20220716_214624-768x346.jpg 768w, https:\/\/echta-derminga.de\/wp-content\/uploads\/2022\/07\/20220716_214624.jpg 1000w\" sizes=\"auto, (max-width: 700px) 100vw, 700px\" \/><\/figure>\n<\/figure>\n\n\n\n<p class=\"has-medium-font-size wp-block-paragraph\">Das 2. Park -und Strandfest vom 15. 07. Bis zum 17.07.22 war ein gro\u00dfartiges Fest mit vielen sch\u00f6nen Begegnungen und emotionalen Momenten. Auf der Festb\u00fchne wurde ein abwechslungsreiches Musikprogramm pr\u00e4sentiert. Dabei wurde jede Altersklasse bedacht und am Ende auch ber\u00fccksichtigt. Freitags spielten ausschlie\u00dflich Dirminger Bands. Nach dem die Gruppe Saitenklang den \u201ekick of\u201c vollzogen hatte, sorgte die Gruppe AVA mit Annika Klein, Vanessa Klein und Aileen Schwinn f\u00fcr beste Unterhaltung. Die landesweit bekannte Pop-Gruppe \u201ePerlregen\u201c aus Dirmingen verzauberte bis in den sp\u00e4ten Abend das Publikum. Thomas Lapp und Martina Schlaucher von Perlregen wussten mit einf\u00fchlsamen und fetzigen Popsongs in deutscher Sprache zu \u00fcberzeugen.<\/p>\n\n\n\n<figure class=\"wp-block-gallery has-nested-images columns-default is-cropped wp-block-gallery-2 is-layout-flex wp-block-gallery-is-layout-flex\">\n<figure class=\"wp-block-image size-large\"><img loading=\"lazy\" decoding=\"async\" width=\"700\" height=\"445\" data-id=\"13199\" src=\"https:\/\/echta-derminga.de\/wp-content\/uploads\/2022\/07\/20220715_204551-700x445.jpg\" alt=\"\" class=\"wp-image-13199\" srcset=\"https:\/\/echta-derminga.de\/wp-content\/uploads\/2022\/07\/20220715_204551-700x445.jpg 700w, https:\/\/echta-derminga.de\/wp-content\/uploads\/2022\/07\/20220715_204551-300x191.jpg 300w, https:\/\/echta-derminga.de\/wp-content\/uploads\/2022\/07\/20220715_204551-768x488.jpg 768w, https:\/\/echta-derminga.de\/wp-content\/uploads\/2022\/07\/20220715_204551.jpg 1000w\" sizes=\"auto, (max-width: 700px) 100vw, 700px\" \/><\/figure>\n\n\n\n<figure class=\"wp-block-image size-large\"><img loading=\"lazy\" decoding=\"async\" width=\"700\" height=\"477\" data-id=\"13200\" src=\"https:\/\/echta-derminga.de\/wp-content\/uploads\/2022\/07\/Perlregen-700x477.png\" alt=\"\" class=\"wp-image-13200\" srcset=\"https:\/\/echta-derminga.de\/wp-content\/uploads\/2022\/07\/Perlregen-700x477.png 700w, https:\/\/echta-derminga.de\/wp-content\/uploads\/2022\/07\/Perlregen-300x204.png 300w, https:\/\/echta-derminga.de\/wp-content\/uploads\/2022\/07\/Perlregen-768x523.png 768w, https:\/\/echta-derminga.de\/wp-content\/uploads\/2022\/07\/Perlregen.png 916w\" sizes=\"auto, (max-width: 700px) 100vw, 700px\" \/><\/figure>\n<\/figure>\n\n\n\n<p class=\"has-medium-font-size wp-block-paragraph\"><strong>Samstags wurde um 18:00 Uhr der offizielle Fassanstich vollzogen. Das Dirminger Ur-Gestein Mac Gabler sorgte f\u00fcr die musikalische Umrahmung. Der saarl\u00e4ndische Songwriter Dustin Duffner \u00fcberzeugte als Anheizer vor dem eigentlichen Hauptakt des Abends. Die Andreas Nagel Band begeisterte mit ihrem Programm \u201eMerci Cherie- Merci Udo\u201c das Publikum. Bis in die sp\u00e4te Nacht wurde ausgiebig und vor allen Dingen friedlich miteinander gefeiert.<\/strong><\/p>\n\n\n\n<figure class=\"wp-block-gallery has-nested-images columns-default is-cropped wp-block-gallery-3 is-layout-flex wp-block-gallery-is-layout-flex\">\n<figure class=\"wp-block-image size-large\"><img loading=\"lazy\" decoding=\"async\" width=\"700\" height=\"525\" data-id=\"13201\" src=\"https:\/\/echta-derminga.de\/wp-content\/uploads\/2022\/07\/IMG-20220717-WA0035-700x525.jpg\" alt=\"\" class=\"wp-image-13201\" srcset=\"https:\/\/echta-derminga.de\/wp-content\/uploads\/2022\/07\/IMG-20220717-WA0035-700x525.jpg 700w, https:\/\/echta-derminga.de\/wp-content\/uploads\/2022\/07\/IMG-20220717-WA0035-300x225.jpg 300w, https:\/\/echta-derminga.de\/wp-content\/uploads\/2022\/07\/IMG-20220717-WA0035-768x576.jpg 768w, https:\/\/echta-derminga.de\/wp-content\/uploads\/2022\/07\/IMG-20220717-WA0035.jpg 1000w\" sizes=\"auto, (max-width: 700px) 100vw, 700px\" \/><\/figure>\n\n\n\n<figure class=\"wp-block-image size-large\"><img loading=\"lazy\" decoding=\"async\" width=\"700\" height=\"525\" data-id=\"13203\" src=\"https:\/\/echta-derminga.de\/wp-content\/uploads\/2022\/07\/IMG-20220716-WA0046-700x525.jpg\" alt=\"\" class=\"wp-image-13203\" srcset=\"https:\/\/echta-derminga.de\/wp-content\/uploads\/2022\/07\/IMG-20220716-WA0046-700x525.jpg 700w, https:\/\/echta-derminga.de\/wp-content\/uploads\/2022\/07\/IMG-20220716-WA0046-300x225.jpg 300w, https:\/\/echta-derminga.de\/wp-content\/uploads\/2022\/07\/IMG-20220716-WA0046-768x576.jpg 768w, https:\/\/echta-derminga.de\/wp-content\/uploads\/2022\/07\/IMG-20220716-WA0046.jpg 1000w\" sizes=\"auto, (max-width: 700px) 100vw, 700px\" \/><\/figure>\n<\/figure>\n\n\n\n<p class=\"has-medium-font-size wp-block-paragraph\">Sonntags begann der dritte Festtag mit einem \u00f6kumenischen Gottesdienst im Br\u00fchlpark. Nach dem Gottesdienst sorgte der Shanty-Chor \u201eBistalm\u00f6wen\u201c f\u00fcr beste Unterhaltung. Die teilnehmenden Vereine und Organisationen setzten auch in diesem Jahr auf ein vielf\u00e4ltiges kulinarisches Angebot. Die Menschen nahmen das vorhandene Essensangebot dankend an und sorgten f\u00fcr gro\u00dfen Andrang an den Verkaufsst\u00e4nden. Nach dem Mittagstisch war es Zeit f\u00fcr die Retro-Veranstaltung \u201eback to Charley\u2018s -Disco\u201c. 30 Jahren nach dem Ende der Dirminger Kult-Disco legte der letzte DJ von \u201eCharley\u2019s Disco\u201c Stefan Hinsberger-Konz noch einmal f\u00fcr die Menschen auf. Das Programm wurde immer wieder durch verschiedene Playback- oder Live-Auftritte bereichert. Neben der Jugendband \u201eTrack im Ohr\u201c begeisterte der Dirminger \u201eK\u00f6nig von Mallorca\u201c mit einer wahren \u201eStimmungs-Explosion\u201c die Massen. Die beiden Kinder- und Jugendgarden \u201eTanzm\u00e4use\u201c und &#8222;Dance-Girls\u201c vom KKV Dirmingen r\u00fchrten nicht nur die anwesenden Eltern. F\u00fcr das musikalische Finale des diesj\u00e4hrigen \u201ePark- und Strandfest\u201c trug die Band \u201eChanges\u201c die Verantwortung. Die Band um die Dirmingerin Nina Heidemann und den Dirminger Sven Gro\u00df brachte die Stimmung auf den Siedepunkt. Bei bester Partymusik wurde der Br\u00fchlpark in eine gro\u00dfe Tanzfl\u00e4che verwandelt. \u201eChanges\u201c sorgten mit ihren fetzigen Hits und unvergesslichen Evergreens f\u00fcr die passende musikalische Mischung.<\/p>\n\n\n\n<figure class=\"wp-block-gallery has-nested-images columns-default is-cropped wp-block-gallery-4 is-layout-flex wp-block-gallery-is-layout-flex\">\n<figure class=\"wp-block-image size-large\"><img loading=\"lazy\" decoding=\"async\" width=\"700\" height=\"315\" data-id=\"13202\" src=\"https:\/\/echta-derminga.de\/wp-content\/uploads\/2022\/07\/20220716_230056-700x315.jpg\" alt=\"\" class=\"wp-image-13202\" srcset=\"https:\/\/echta-derminga.de\/wp-content\/uploads\/2022\/07\/20220716_230056-700x315.jpg 700w, https:\/\/echta-derminga.de\/wp-content\/uploads\/2022\/07\/20220716_230056-300x135.jpg 300w, https:\/\/echta-derminga.de\/wp-content\/uploads\/2022\/07\/20220716_230056-768x346.jpg 768w, https:\/\/echta-derminga.de\/wp-content\/uploads\/2022\/07\/20220716_230056.jpg 1000w\" sizes=\"auto, (max-width: 700px) 100vw, 700px\" \/><\/figure>\n\n\n\n<figure class=\"wp-block-image size-large\"><img loading=\"lazy\" decoding=\"async\" width=\"700\" height=\"315\" data-id=\"13204\" src=\"https:\/\/echta-derminga.de\/wp-content\/uploads\/2022\/07\/20220716_214624-1-700x315.jpg\" alt=\"\" class=\"wp-image-13204\" srcset=\"https:\/\/echta-derminga.de\/wp-content\/uploads\/2022\/07\/20220716_214624-1-700x315.jpg 700w, https:\/\/echta-derminga.de\/wp-content\/uploads\/2022\/07\/20220716_214624-1-300x135.jpg 300w, https:\/\/echta-derminga.de\/wp-content\/uploads\/2022\/07\/20220716_214624-1-768x346.jpg 768w, https:\/\/echta-derminga.de\/wp-content\/uploads\/2022\/07\/20220716_214624-1.jpg 1000w\" sizes=\"auto, (max-width: 700px) 100vw, 700px\" \/><\/figure>\n<\/figure>\n\n\n\n<p class=\"has-medium-font-size wp-block-paragraph\"><strong>Nun ist dieses Fest Geschichte und ich stehe wieder mal vor der Frage, was unsere Dorfgemeinschaft von diesem Fest mitnehmen kann. Ich glaube, dass dieses Fest den Menschen in unserem Dorf gutgetan hat. Zweifelsohne waren viele Landsleute der Einladung zum diesj\u00e4hrigen &#8222;Park- und Strandfest&#8220; gefolgt. Das war in den vergangenen Jahren nicht immer so der Fall gewesen. Ich trage die Hoffnung in mir, dass unsere Dorfgemeinschaft auch nach diesem Fest zusammenw\u00e4chst. Bei den Vereinen scheint mir dies schon l\u00e4nger der Fall zu sein.<\/strong> <strong>Keine Frage, es bewegt sich etwas in unserem Dorf. Wir sollten den Kurs halten !<\/strong><\/p>\n\n\n\n<figure class=\"wp-block-gallery has-nested-images columns-default is-cropped wp-block-gallery-5 is-layout-flex wp-block-gallery-is-layout-flex\">\n<figure class=\"wp-block-image size-large\"><img loading=\"lazy\" decoding=\"async\" width=\"700\" height=\"368\" data-id=\"13205\" src=\"https:\/\/echta-derminga.de\/wp-content\/uploads\/2022\/07\/20220717_172344-700x368.jpg\" alt=\"\" class=\"wp-image-13205\" srcset=\"https:\/\/echta-derminga.de\/wp-content\/uploads\/2022\/07\/20220717_172344-700x368.jpg 700w, https:\/\/echta-derminga.de\/wp-content\/uploads\/2022\/07\/20220717_172344-300x158.jpg 300w, https:\/\/echta-derminga.de\/wp-content\/uploads\/2022\/07\/20220717_172344-768x403.jpg 768w, https:\/\/echta-derminga.de\/wp-content\/uploads\/2022\/07\/20220717_172344.jpg 1000w\" sizes=\"auto, (max-width: 700px) 100vw, 700px\" \/><\/figure>\n\n\n\n<figure class=\"wp-block-image size-large\"><img loading=\"lazy\" decoding=\"async\" width=\"700\" height=\"435\" data-id=\"13206\" src=\"https:\/\/echta-derminga.de\/wp-content\/uploads\/2022\/07\/20220717_111142-700x435.jpg\" alt=\"\" class=\"wp-image-13206\" srcset=\"https:\/\/echta-derminga.de\/wp-content\/uploads\/2022\/07\/20220717_111142-700x435.jpg 700w, https:\/\/echta-derminga.de\/wp-content\/uploads\/2022\/07\/20220717_111142-300x186.jpg 300w, https:\/\/echta-derminga.de\/wp-content\/uploads\/2022\/07\/20220717_111142-768x477.jpg 768w, https:\/\/echta-derminga.de\/wp-content\/uploads\/2022\/07\/20220717_111142.jpg 1000w\" sizes=\"auto, (max-width: 700px) 100vw, 700px\" \/><\/figure>\n<\/figure>\n\n\n\n<p class=\"has-medium-font-size wp-block-paragraph\">Zu einem gelungenen Dorffest geh\u00f6ren auch immer emotionale Momente. Ich pers\u00f6nliche habe mich unheimlich \u00fcber die Spenden\u00fcbergabe an die Ukraine-Hilfe in der Gemeinde Eppelborn gefreut. Der Erl\u00f6s unserer CD konnte w\u00e4hrend des Festes dem Organisator der \u201eUkraine-Hilfe\u201c Thomas Bost \u00fcberreicht werden. Nachdem bereits im Fr\u00fchjahr eine beachtliche Summe aus einem Benefizkonzert von Timo Br\u00fcck und dem ersten CD- Verkauf auf ein Konto der \u201eUkraine-Hilfe\u201c \u00fcberwiesen wurde, konnte nun der restliche Erl\u00f6s der CD \u201eDirmingen f\u00fcr Ukraine\u201c mit dem eigenen Song \u201eMensch zu sein\u201c \u00fcbergeben werden. Thomas Bost durfte sich \u00fcber eine stattliche Summe von 2000,- \u20ac freuen.<\/p>\n\n\n\n<p class=\"has-medium-font-size wp-block-paragraph\"><strong>Das diesj\u00e4hrige \u201ePark -und Strandfest\u201c hat uns alle \u00fcberrascht. Ich muss zugeben, dass ich mit einem solchen Erfolg nicht gerechnet h\u00e4tte. Immerhin sind die Zeiten eher unsicher und die Menschen geplagt von Zukunfts\u00e4ngsten. Vielleicht wurde dieses Fest gerade deswegen so gut angenommen. Wir Dirminger k\u00f6nnen tats\u00e4chlich stolz auf dieses Fest zur\u00fcckblicken. Wir alle haben es gut gemacht!<\/strong><\/p>\n\n\n\n<figure class=\"wp-block-gallery has-nested-images columns-default is-cropped wp-block-gallery-6 is-layout-flex wp-block-gallery-is-layout-flex\">\n<figure class=\"wp-block-image size-large\"><img loading=\"lazy\" decoding=\"async\" width=\"700\" height=\"513\" data-id=\"13210\" src=\"https:\/\/echta-derminga.de\/wp-content\/uploads\/2022\/07\/20220715_192113-700x513.jpg\" alt=\"\" class=\"wp-image-13210\" srcset=\"https:\/\/echta-derminga.de\/wp-content\/uploads\/2022\/07\/20220715_192113-700x513.jpg 700w, https:\/\/echta-derminga.de\/wp-content\/uploads\/2022\/07\/20220715_192113-300x220.jpg 300w, https:\/\/echta-derminga.de\/wp-content\/uploads\/2022\/07\/20220715_192113-768x563.jpg 768w, https:\/\/echta-derminga.de\/wp-content\/uploads\/2022\/07\/20220715_192113.jpg 1000w\" sizes=\"auto, (max-width: 700px) 100vw, 700px\" \/><\/figure>\n\n\n\n<figure class=\"wp-block-image size-large\"><img loading=\"lazy\" decoding=\"async\" width=\"700\" height=\"646\" data-id=\"13207\" src=\"https:\/\/echta-derminga.de\/wp-content\/uploads\/2022\/07\/293808060_1435817816894648_7042744453868904804_n-700x646.jpg\" alt=\"\" class=\"wp-image-13207\" srcset=\"https:\/\/echta-derminga.de\/wp-content\/uploads\/2022\/07\/293808060_1435817816894648_7042744453868904804_n-700x646.jpg 700w, https:\/\/echta-derminga.de\/wp-content\/uploads\/2022\/07\/293808060_1435817816894648_7042744453868904804_n-300x277.jpg 300w, https:\/\/echta-derminga.de\/wp-content\/uploads\/2022\/07\/293808060_1435817816894648_7042744453868904804_n-768x709.jpg 768w, https:\/\/echta-derminga.de\/wp-content\/uploads\/2022\/07\/293808060_1435817816894648_7042744453868904804_n.jpg 1007w\" sizes=\"auto, (max-width: 700px) 100vw, 700px\" \/><\/figure>\n<\/figure>\n\n\n\n<p class=\"has-medium-font-size wp-block-paragraph\">Ich bin sehr stolz auf unsere Kulturaner. In dem Verein herrscht eine tolle Moral. 3 harte und arbeitsreiche Festtage wurden ohne zu murren zu Ende gebracht. Dabei k\u00e4mpfte einer f\u00fcr alle, und alle f\u00fcr einen. Genauso ist es bei den Kulturanern guter Brauch und Sitte !<\/p>\n\n\n\n<figure class=\"wp-block-gallery has-nested-images columns-default is-cropped wp-block-gallery-7 is-layout-flex wp-block-gallery-is-layout-flex\">\n<figure class=\"wp-block-image size-large\"><img loading=\"lazy\" decoding=\"async\" width=\"700\" height=\"473\" data-id=\"13209\" src=\"https:\/\/echta-derminga.de\/wp-content\/uploads\/2022\/07\/20220716_220417-700x473.jpg\" alt=\"\" class=\"wp-image-13209\" srcset=\"https:\/\/echta-derminga.de\/wp-content\/uploads\/2022\/07\/20220716_220417-700x473.jpg 700w, https:\/\/echta-derminga.de\/wp-content\/uploads\/2022\/07\/20220716_220417-300x203.jpg 300w, https:\/\/echta-derminga.de\/wp-content\/uploads\/2022\/07\/20220716_220417-768x519.jpg 768w, https:\/\/echta-derminga.de\/wp-content\/uploads\/2022\/07\/20220716_220417.jpg 1000w\" sizes=\"auto, (max-width: 700px) 100vw, 700px\" \/><\/figure>\n\n\n\n<figure class=\"wp-block-image size-large\"><img loading=\"lazy\" decoding=\"async\" width=\"700\" height=\"453\" data-id=\"13214\" src=\"https:\/\/echta-derminga.de\/wp-content\/uploads\/2022\/07\/20220717_193229-700x453.jpg\" alt=\"\" class=\"wp-image-13214\" srcset=\"https:\/\/echta-derminga.de\/wp-content\/uploads\/2022\/07\/20220717_193229-700x453.jpg 700w, https:\/\/echta-derminga.de\/wp-content\/uploads\/2022\/07\/20220717_193229-300x194.jpg 300w, https:\/\/echta-derminga.de\/wp-content\/uploads\/2022\/07\/20220717_193229-768x497.jpg 768w, https:\/\/echta-derminga.de\/wp-content\/uploads\/2022\/07\/20220717_193229.jpg 1000w\" sizes=\"auto, (max-width: 700px) 100vw, 700px\" \/><\/figure>\n<\/figure>\n\n\n\n<p class=\"has-medium-font-size wp-block-paragraph\"><strong>Mein Dank geht an alle Helferinnen und Helfer, alle Sponsoren, alle teilnehmenden Vereine und Organisationen und alle uneigenn\u00fctzige G\u00f6nner. Danke an alle G\u00e4ste aus nah und fern ! Sch\u00f6n, dass ihr an unserem Fest teilgenommen habt. Es war ein gutes Wochenende f\u00fcr unseren Heimatort Dirmingen !<\/strong><\/p>\n\n\n\n<p class=\"has-white-color has-primary-background-color has-text-color has-background has-medium-font-size wp-block-paragraph\"><strong>Bildergalerie :<\/strong><\/p>\n\n\n<div class=\"wp-block-image\">\n<figure class=\"aligncenter size-large\"><img loading=\"lazy\" decoding=\"async\" width=\"700\" height=\"364\" src=\"https:\/\/echta-derminga.de\/wp-content\/uploads\/2022\/07\/IMG-20220717-WA0040-700x364.jpg\" alt=\"\" class=\"wp-image-13225\" srcset=\"https:\/\/echta-derminga.de\/wp-content\/uploads\/2022\/07\/IMG-20220717-WA0040-700x364.jpg 700w, https:\/\/echta-derminga.de\/wp-content\/uploads\/2022\/07\/IMG-20220717-WA0040-300x156.jpg 300w, https:\/\/echta-derminga.de\/wp-content\/uploads\/2022\/07\/IMG-20220717-WA0040-768x399.jpg 768w, https:\/\/echta-derminga.de\/wp-content\/uploads\/2022\/07\/IMG-20220717-WA0040.jpg 1100w\" sizes=\"auto, (max-width: 700px) 100vw, 700px\" \/><\/figure>\n<\/div>\n\n<div class=\"wp-block-image\">\n<figure class=\"aligncenter size-large\"><img loading=\"lazy\" decoding=\"async\" width=\"700\" height=\"315\" src=\"https:\/\/echta-derminga.de\/wp-content\/uploads\/2022\/07\/20220716_230056-1-700x315.jpg\" alt=\"\" class=\"wp-image-13226\" srcset=\"https:\/\/echta-derminga.de\/wp-content\/uploads\/2022\/07\/20220716_230056-1-700x315.jpg 700w, https:\/\/echta-derminga.de\/wp-content\/uploads\/2022\/07\/20220716_230056-1-300x135.jpg 300w, https:\/\/echta-derminga.de\/wp-content\/uploads\/2022\/07\/20220716_230056-1-768x346.jpg 768w, https:\/\/echta-derminga.de\/wp-content\/uploads\/2022\/07\/20220716_230056-1.jpg 1000w\" sizes=\"auto, (max-width: 700px) 100vw, 700px\" \/><\/figure>\n<\/div>\n\n\n<figure class=\"wp-block-gallery has-nested-images columns-default is-cropped wp-block-gallery-8 is-layout-flex wp-block-gallery-is-layout-flex\">\n<figure class=\"wp-block-image size-large\"><img loading=\"lazy\" decoding=\"async\" width=\"700\" height=\"933\" data-id=\"13223\" src=\"https:\/\/echta-derminga.de\/wp-content\/uploads\/2022\/07\/SPD-3-2-700x933.jpg\" alt=\"\" class=\"wp-image-13223\" srcset=\"https:\/\/echta-derminga.de\/wp-content\/uploads\/2022\/07\/SPD-3-2-700x933.jpg 700w, https:\/\/echta-derminga.de\/wp-content\/uploads\/2022\/07\/SPD-3-2-225x300.jpg 225w, https:\/\/echta-derminga.de\/wp-content\/uploads\/2022\/07\/SPD-3-2-768x1024.jpg 768w, https:\/\/echta-derminga.de\/wp-content\/uploads\/2022\/07\/SPD-3-2.jpg 1000w\" sizes=\"auto, (max-width: 700px) 100vw, 700px\" \/><\/figure>\n\n\n\n<figure class=\"wp-block-image size-large\"><img loading=\"lazy\" decoding=\"async\" width=\"700\" height=\"970\" data-id=\"13222\" src=\"https:\/\/echta-derminga.de\/wp-content\/uploads\/2022\/07\/20220717_154330-700x970.jpg\" alt=\"\" class=\"wp-image-13222\" srcset=\"https:\/\/echta-derminga.de\/wp-content\/uploads\/2022\/07\/20220717_154330-700x970.jpg 700w, https:\/\/echta-derminga.de\/wp-content\/uploads\/2022\/07\/20220717_154330-217x300.jpg 217w, https:\/\/echta-derminga.de\/wp-content\/uploads\/2022\/07\/20220717_154330-768x1064.jpg 768w, https:\/\/echta-derminga.de\/wp-content\/uploads\/2022\/07\/20220717_154330.jpg 929w\" sizes=\"auto, (max-width: 700px) 100vw, 700px\" \/><\/figure>\n\n\n\n<figure class=\"wp-block-image size-large\"><img loading=\"lazy\" decoding=\"async\" width=\"700\" height=\"428\" data-id=\"13224\" src=\"https:\/\/echta-derminga.de\/wp-content\/uploads\/2022\/07\/SPD-3-1-700x428.jpg\" alt=\"\" class=\"wp-image-13224\" srcset=\"https:\/\/echta-derminga.de\/wp-content\/uploads\/2022\/07\/SPD-3-1-700x428.jpg 700w, https:\/\/echta-derminga.de\/wp-content\/uploads\/2022\/07\/SPD-3-1-300x184.jpg 300w, https:\/\/echta-derminga.de\/wp-content\/uploads\/2022\/07\/SPD-3-1-768x470.jpg 768w, https:\/\/echta-derminga.de\/wp-content\/uploads\/2022\/07\/SPD-3-1.jpg 1000w\" sizes=\"auto, (max-width: 700px) 100vw, 700px\" \/><\/figure>\n\n\n\n<figure class=\"wp-block-image size-large\"><img loading=\"lazy\" decoding=\"async\" width=\"700\" height=\"437\" data-id=\"13221\" src=\"https:\/\/echta-derminga.de\/wp-content\/uploads\/2022\/07\/20220717_155956-700x437.jpg\" alt=\"\" class=\"wp-image-13221\" srcset=\"https:\/\/echta-derminga.de\/wp-content\/uploads\/2022\/07\/20220717_155956-700x437.jpg 700w, https:\/\/echta-derminga.de\/wp-content\/uploads\/2022\/07\/20220717_155956-300x187.jpg 300w, https:\/\/echta-derminga.de\/wp-content\/uploads\/2022\/07\/20220717_155956-768x479.jpg 768w, https:\/\/echta-derminga.de\/wp-content\/uploads\/2022\/07\/20220717_155956.jpg 1000w\" sizes=\"auto, (max-width: 700px) 100vw, 700px\" \/><\/figure>\n\n\n\n<figure class=\"wp-block-image size-large\"><img loading=\"lazy\" decoding=\"async\" width=\"700\" height=\"963\" data-id=\"13219\" src=\"https:\/\/echta-derminga.de\/wp-content\/uploads\/2022\/07\/293546436_5269251656502850_4100277199221190820_n-700x963.jpg\" alt=\"\" class=\"wp-image-13219\" srcset=\"https:\/\/echta-derminga.de\/wp-content\/uploads\/2022\/07\/293546436_5269251656502850_4100277199221190820_n-700x963.jpg 700w, https:\/\/echta-derminga.de\/wp-content\/uploads\/2022\/07\/293546436_5269251656502850_4100277199221190820_n-218x300.jpg 218w, https:\/\/echta-derminga.de\/wp-content\/uploads\/2022\/07\/293546436_5269251656502850_4100277199221190820_n-768x1057.jpg 768w, https:\/\/echta-derminga.de\/wp-content\/uploads\/2022\/07\/293546436_5269251656502850_4100277199221190820_n.jpg 915w\" sizes=\"auto, (max-width: 700px) 100vw, 700px\" \/><\/figure>\n\n\n\n<figure class=\"wp-block-image size-large\"><img loading=\"lazy\" decoding=\"async\" width=\"700\" height=\"928\" data-id=\"13218\" src=\"https:\/\/echta-derminga.de\/wp-content\/uploads\/2022\/07\/20220717_140045-700x928.jpg\" alt=\"\" class=\"wp-image-13218\" srcset=\"https:\/\/echta-derminga.de\/wp-content\/uploads\/2022\/07\/20220717_140045-700x928.jpg 700w, https:\/\/echta-derminga.de\/wp-content\/uploads\/2022\/07\/20220717_140045-226x300.jpg 226w, https:\/\/echta-derminga.de\/wp-content\/uploads\/2022\/07\/20220717_140045-768x1018.jpg 768w, https:\/\/echta-derminga.de\/wp-content\/uploads\/2022\/07\/20220717_140045.jpg 1000w\" sizes=\"auto, (max-width: 700px) 100vw, 700px\" \/><\/figure>\n\n\n\n<figure class=\"wp-block-image size-large\"><img loading=\"lazy\" decoding=\"async\" width=\"700\" height=\"1108\" data-id=\"13216\" src=\"https:\/\/echta-derminga.de\/wp-content\/uploads\/2022\/07\/20220716_230246-700x1108.jpg\" alt=\"\" class=\"wp-image-13216\" srcset=\"https:\/\/echta-derminga.de\/wp-content\/uploads\/2022\/07\/20220716_230246-700x1108.jpg 700w, https:\/\/echta-derminga.de\/wp-content\/uploads\/2022\/07\/20220716_230246-190x300.jpg 190w, https:\/\/echta-derminga.de\/wp-content\/uploads\/2022\/07\/20220716_230246-768x1216.jpg 768w, https:\/\/echta-derminga.de\/wp-content\/uploads\/2022\/07\/20220716_230246-970x1536.jpg 970w, https:\/\/echta-derminga.de\/wp-content\/uploads\/2022\/07\/20220716_230246.jpg 1000w\" sizes=\"auto, (max-width: 700px) 100vw, 700px\" \/><\/figure>\n\n\n\n<figure class=\"wp-block-image size-large\"><img loading=\"lazy\" decoding=\"async\" width=\"700\" height=\"453\" data-id=\"13214\" src=\"https:\/\/echta-derminga.de\/wp-content\/uploads\/2022\/07\/20220717_193229-700x453.jpg\" alt=\"\" class=\"wp-image-13214\" srcset=\"https:\/\/echta-derminga.de\/wp-content\/uploads\/2022\/07\/20220717_193229-700x453.jpg 700w, https:\/\/echta-derminga.de\/wp-content\/uploads\/2022\/07\/20220717_193229-300x194.jpg 300w, https:\/\/echta-derminga.de\/wp-content\/uploads\/2022\/07\/20220717_193229-768x497.jpg 768w, https:\/\/echta-derminga.de\/wp-content\/uploads\/2022\/07\/20220717_193229.jpg 1000w\" sizes=\"auto, (max-width: 700px) 100vw, 700px\" \/><\/figure>\n\n\n\n<figure class=\"wp-block-image size-large\"><img loading=\"lazy\" decoding=\"async\" width=\"700\" height=\"454\" data-id=\"13211\" src=\"https:\/\/echta-derminga.de\/wp-content\/uploads\/2022\/07\/20220715_173553-700x454.jpg\" alt=\"\" class=\"wp-image-13211\" srcset=\"https:\/\/echta-derminga.de\/wp-content\/uploads\/2022\/07\/20220715_173553-700x454.jpg 700w, https:\/\/echta-derminga.de\/wp-content\/uploads\/2022\/07\/20220715_173553-300x195.jpg 300w, https:\/\/echta-derminga.de\/wp-content\/uploads\/2022\/07\/20220715_173553-768x498.jpg 768w, https:\/\/echta-derminga.de\/wp-content\/uploads\/2022\/07\/20220715_173553.jpg 1000w\" sizes=\"auto, (max-width: 700px) 100vw, 700px\" \/><\/figure>\n\n\n\n<figure class=\"wp-block-image size-large\"><img loading=\"lazy\" decoding=\"async\" width=\"700\" height=\"513\" data-id=\"13210\" src=\"https:\/\/echta-derminga.de\/wp-content\/uploads\/2022\/07\/20220715_192113-700x513.jpg\" alt=\"\" class=\"wp-image-13210\" srcset=\"https:\/\/echta-derminga.de\/wp-content\/uploads\/2022\/07\/20220715_192113-700x513.jpg 700w, https:\/\/echta-derminga.de\/wp-content\/uploads\/2022\/07\/20220715_192113-300x220.jpg 300w, https:\/\/echta-derminga.de\/wp-content\/uploads\/2022\/07\/20220715_192113-768x563.jpg 768w, https:\/\/echta-derminga.de\/wp-content\/uploads\/2022\/07\/20220715_192113.jpg 1000w\" sizes=\"auto, (max-width: 700px) 100vw, 700px\" \/><\/figure>\n\n\n\n<figure class=\"wp-block-image size-large\"><img loading=\"lazy\" decoding=\"async\" width=\"700\" height=\"473\" data-id=\"13209\" src=\"https:\/\/echta-derminga.de\/wp-content\/uploads\/2022\/07\/20220716_220417-700x473.jpg\" alt=\"\" class=\"wp-image-13209\" srcset=\"https:\/\/echta-derminga.de\/wp-content\/uploads\/2022\/07\/20220716_220417-700x473.jpg 700w, https:\/\/echta-derminga.de\/wp-content\/uploads\/2022\/07\/20220716_220417-300x203.jpg 300w, https:\/\/echta-derminga.de\/wp-content\/uploads\/2022\/07\/20220716_220417-768x519.jpg 768w, https:\/\/echta-derminga.de\/wp-content\/uploads\/2022\/07\/20220716_220417.jpg 1000w\" sizes=\"auto, (max-width: 700px) 100vw, 700px\" \/><\/figure>\n\n\n\n<figure class=\"wp-block-image size-large\"><img loading=\"lazy\" decoding=\"async\" width=\"700\" height=\"477\" data-id=\"13200\" src=\"https:\/\/echta-derminga.de\/wp-content\/uploads\/2022\/07\/Perlregen-700x477.png\" alt=\"\" class=\"wp-image-13200\" srcset=\"https:\/\/echta-derminga.de\/wp-content\/uploads\/2022\/07\/Perlregen-700x477.png 700w, https:\/\/echta-derminga.de\/wp-content\/uploads\/2022\/07\/Perlregen-300x204.png 300w, https:\/\/echta-derminga.de\/wp-content\/uploads\/2022\/07\/Perlregen-768x523.png 768w, https:\/\/echta-derminga.de\/wp-content\/uploads\/2022\/07\/Perlregen.png 916w\" sizes=\"auto, (max-width: 700px) 100vw, 700px\" \/><\/figure>\n\n\n\n<figure class=\"wp-block-image size-large\"><img loading=\"lazy\" decoding=\"async\" width=\"700\" height=\"525\" data-id=\"13201\" src=\"https:\/\/echta-derminga.de\/wp-content\/uploads\/2022\/07\/IMG-20220717-WA0035-700x525.jpg\" alt=\"\" class=\"wp-image-13201\" srcset=\"https:\/\/echta-derminga.de\/wp-content\/uploads\/2022\/07\/IMG-20220717-WA0035-700x525.jpg 700w, https:\/\/echta-derminga.de\/wp-content\/uploads\/2022\/07\/IMG-20220717-WA0035-300x225.jpg 300w, https:\/\/echta-derminga.de\/wp-content\/uploads\/2022\/07\/IMG-20220717-WA0035-768x576.jpg 768w, https:\/\/echta-derminga.de\/wp-content\/uploads\/2022\/07\/IMG-20220717-WA0035.jpg 1000w\" sizes=\"auto, (max-width: 700px) 100vw, 700px\" \/><\/figure>\n\n\n\n<figure class=\"wp-block-image size-large\"><img loading=\"lazy\" decoding=\"async\" width=\"700\" height=\"315\" data-id=\"13202\" src=\"https:\/\/echta-derminga.de\/wp-content\/uploads\/2022\/07\/20220716_230056-700x315.jpg\" alt=\"\" class=\"wp-image-13202\" srcset=\"https:\/\/echta-derminga.de\/wp-content\/uploads\/2022\/07\/20220716_230056-700x315.jpg 700w, https:\/\/echta-derminga.de\/wp-content\/uploads\/2022\/07\/20220716_230056-300x135.jpg 300w, https:\/\/echta-derminga.de\/wp-content\/uploads\/2022\/07\/20220716_230056-768x346.jpg 768w, https:\/\/echta-derminga.de\/wp-content\/uploads\/2022\/07\/20220716_230056.jpg 1000w\" sizes=\"auto, (max-width: 700px) 100vw, 700px\" \/><\/figure>\n\n\n\n<figure class=\"wp-block-image size-large\"><img loading=\"lazy\" decoding=\"async\" width=\"700\" height=\"525\" data-id=\"13203\" src=\"https:\/\/echta-derminga.de\/wp-content\/uploads\/2022\/07\/IMG-20220716-WA0046-700x525.jpg\" alt=\"\" class=\"wp-image-13203\" srcset=\"https:\/\/echta-derminga.de\/wp-content\/uploads\/2022\/07\/IMG-20220716-WA0046-700x525.jpg 700w, https:\/\/echta-derminga.de\/wp-content\/uploads\/2022\/07\/IMG-20220716-WA0046-300x225.jpg 300w, https:\/\/echta-derminga.de\/wp-content\/uploads\/2022\/07\/IMG-20220716-WA0046-768x576.jpg 768w, https:\/\/echta-derminga.de\/wp-content\/uploads\/2022\/07\/IMG-20220716-WA0046.jpg 1000w\" sizes=\"auto, (max-width: 700px) 100vw, 700px\" \/><\/figure>\n\n\n\n<figure class=\"wp-block-image size-large\"><img loading=\"lazy\" decoding=\"async\" width=\"700\" height=\"315\" data-id=\"13204\" src=\"https:\/\/echta-derminga.de\/wp-content\/uploads\/2022\/07\/20220716_214624-1-700x315.jpg\" alt=\"\" class=\"wp-image-13204\" srcset=\"https:\/\/echta-derminga.de\/wp-content\/uploads\/2022\/07\/20220716_214624-1-700x315.jpg 700w, https:\/\/echta-derminga.de\/wp-content\/uploads\/2022\/07\/20220716_214624-1-300x135.jpg 300w, https:\/\/echta-derminga.de\/wp-content\/uploads\/2022\/07\/20220716_214624-1-768x346.jpg 768w, https:\/\/echta-derminga.de\/wp-content\/uploads\/2022\/07\/20220716_214624-1.jpg 1000w\" sizes=\"auto, (max-width: 700px) 100vw, 700px\" \/><\/figure>\n\n\n\n<figure class=\"wp-block-image size-large\"><img loading=\"lazy\" decoding=\"async\" width=\"700\" height=\"368\" data-id=\"13205\" src=\"https:\/\/echta-derminga.de\/wp-content\/uploads\/2022\/07\/20220717_172344-700x368.jpg\" alt=\"\" class=\"wp-image-13205\" srcset=\"https:\/\/echta-derminga.de\/wp-content\/uploads\/2022\/07\/20220717_172344-700x368.jpg 700w, https:\/\/echta-derminga.de\/wp-content\/uploads\/2022\/07\/20220717_172344-300x158.jpg 300w, https:\/\/echta-derminga.de\/wp-content\/uploads\/2022\/07\/20220717_172344-768x403.jpg 768w, https:\/\/echta-derminga.de\/wp-content\/uploads\/2022\/07\/20220717_172344.jpg 1000w\" sizes=\"auto, (max-width: 700px) 100vw, 700px\" \/><\/figure>\n\n\n\n<figure class=\"wp-block-image size-large\"><img loading=\"lazy\" decoding=\"async\" width=\"700\" height=\"435\" data-id=\"13206\" src=\"https:\/\/echta-derminga.de\/wp-content\/uploads\/2022\/07\/20220717_111142-700x435.jpg\" alt=\"\" class=\"wp-image-13206\" srcset=\"https:\/\/echta-derminga.de\/wp-content\/uploads\/2022\/07\/20220717_111142-700x435.jpg 700w, https:\/\/echta-derminga.de\/wp-content\/uploads\/2022\/07\/20220717_111142-300x186.jpg 300w, https:\/\/echta-derminga.de\/wp-content\/uploads\/2022\/07\/20220717_111142-768x477.jpg 768w, https:\/\/echta-derminga.de\/wp-content\/uploads\/2022\/07\/20220717_111142.jpg 1000w\" sizes=\"auto, (max-width: 700px) 100vw, 700px\" \/><\/figure>\n\n\n\n<figure class=\"wp-block-image size-large\"><img loading=\"lazy\" decoding=\"async\" width=\"700\" height=\"646\" data-id=\"13207\" src=\"https:\/\/echta-derminga.de\/wp-content\/uploads\/2022\/07\/293808060_1435817816894648_7042744453868904804_n-700x646.jpg\" alt=\"\" class=\"wp-image-13207\" srcset=\"https:\/\/echta-derminga.de\/wp-content\/uploads\/2022\/07\/293808060_1435817816894648_7042744453868904804_n-700x646.jpg 700w, https:\/\/echta-derminga.de\/wp-content\/uploads\/2022\/07\/293808060_1435817816894648_7042744453868904804_n-300x277.jpg 300w, https:\/\/echta-derminga.de\/wp-content\/uploads\/2022\/07\/293808060_1435817816894648_7042744453868904804_n-768x709.jpg 768w, https:\/\/echta-derminga.de\/wp-content\/uploads\/2022\/07\/293808060_1435817816894648_7042744453868904804_n.jpg 1007w\" sizes=\"auto, (max-width: 700px) 100vw, 700px\" \/><\/figure>\n\n\n\n<figure class=\"wp-block-image size-large\"><img loading=\"lazy\" decoding=\"async\" width=\"700\" height=\"445\" data-id=\"13199\" src=\"https:\/\/echta-derminga.de\/wp-content\/uploads\/2022\/07\/20220715_204551-700x445.jpg\" alt=\"\" class=\"wp-image-13199\" srcset=\"https:\/\/echta-derminga.de\/wp-content\/uploads\/2022\/07\/20220715_204551-700x445.jpg 700w, https:\/\/echta-derminga.de\/wp-content\/uploads\/2022\/07\/20220715_204551-300x191.jpg 300w, https:\/\/echta-derminga.de\/wp-content\/uploads\/2022\/07\/20220715_204551-768x488.jpg 768w, https:\/\/echta-derminga.de\/wp-content\/uploads\/2022\/07\/20220715_204551.jpg 1000w\" sizes=\"auto, (max-width: 700px) 100vw, 700px\" \/><\/figure>\n\n\n\n<figure class=\"wp-block-image size-large\"><img loading=\"lazy\" decoding=\"async\" width=\"700\" height=\"315\" data-id=\"13198\" src=\"https:\/\/echta-derminga.de\/wp-content\/uploads\/2022\/07\/20220716_214624-700x315.jpg\" alt=\"\" class=\"wp-image-13198\" srcset=\"https:\/\/echta-derminga.de\/wp-content\/uploads\/2022\/07\/20220716_214624-700x315.jpg 700w, https:\/\/echta-derminga.de\/wp-content\/uploads\/2022\/07\/20220716_214624-300x135.jpg 300w, https:\/\/echta-derminga.de\/wp-content\/uploads\/2022\/07\/20220716_214624-768x346.jpg 768w, https:\/\/echta-derminga.de\/wp-content\/uploads\/2022\/07\/20220716_214624.jpg 1000w\" sizes=\"auto, (max-width: 700px) 100vw, 700px\" \/><\/figure>\n\n\n\n<figure class=\"wp-block-image size-large\"><img loading=\"lazy\" decoding=\"async\" width=\"700\" height=\"315\" data-id=\"13197\" src=\"https:\/\/echta-derminga.de\/wp-content\/uploads\/2022\/07\/20220716_190203-700x315.jpg\" alt=\"\" class=\"wp-image-13197\" srcset=\"https:\/\/echta-derminga.de\/wp-content\/uploads\/2022\/07\/20220716_190203-700x315.jpg 700w, https:\/\/echta-derminga.de\/wp-content\/uploads\/2022\/07\/20220716_190203-300x135.jpg 300w, https:\/\/echta-derminga.de\/wp-content\/uploads\/2022\/07\/20220716_190203-768x346.jpg 768w, https:\/\/echta-derminga.de\/wp-content\/uploads\/2022\/07\/20220716_190203.jpg 1000w\" sizes=\"auto, (max-width: 700px) 100vw, 700px\" \/><\/figure>\n\n\n\n<figure class=\"wp-block-image size-large\"><img loading=\"lazy\" decoding=\"async\" width=\"700\" height=\"315\" data-id=\"13196\" src=\"https:\/\/echta-derminga.de\/wp-content\/uploads\/2022\/07\/20220715_214845-700x315.jpg\" alt=\"\" class=\"wp-image-13196\" srcset=\"https:\/\/echta-derminga.de\/wp-content\/uploads\/2022\/07\/20220715_214845-700x315.jpg 700w, https:\/\/echta-derminga.de\/wp-content\/uploads\/2022\/07\/20220715_214845-300x135.jpg 300w, https:\/\/echta-derminga.de\/wp-content\/uploads\/2022\/07\/20220715_214845-768x346.jpg 768w, https:\/\/echta-derminga.de\/wp-content\/uploads\/2022\/07\/20220715_214845-1536x692.jpg 1536w, https:\/\/echta-derminga.de\/wp-content\/uploads\/2022\/07\/20220715_214845-2048x923.jpg 2048w\" sizes=\"auto, (max-width: 700px) 100vw, 700px\" \/><\/figure>\n\n\n\n<figure class=\"wp-block-image size-large\"><img loading=\"lazy\" decoding=\"async\" width=\"700\" height=\"315\" data-id=\"13195\" src=\"https:\/\/echta-derminga.de\/wp-content\/uploads\/2022\/07\/20220715_211106-700x315.jpg\" alt=\"\" class=\"wp-image-13195\" srcset=\"https:\/\/echta-derminga.de\/wp-content\/uploads\/2022\/07\/20220715_211106-700x315.jpg 700w, https:\/\/echta-derminga.de\/wp-content\/uploads\/2022\/07\/20220715_211106-300x135.jpg 300w, https:\/\/echta-derminga.de\/wp-content\/uploads\/2022\/07\/20220715_211106-768x346.jpg 768w, https:\/\/echta-derminga.de\/wp-content\/uploads\/2022\/07\/20220715_211106.jpg 1000w\" sizes=\"auto, (max-width: 700px) 100vw, 700px\" \/><\/figure>\n\n\n\n<figure class=\"wp-block-image size-large\"><img loading=\"lazy\" decoding=\"async\" width=\"700\" height=\"382\" data-id=\"13194\" src=\"https:\/\/echta-derminga.de\/wp-content\/uploads\/2022\/07\/20220717_210634-700x382.jpg\" alt=\"\" class=\"wp-image-13194\" srcset=\"https:\/\/echta-derminga.de\/wp-content\/uploads\/2022\/07\/20220717_210634-700x382.jpg 700w, https:\/\/echta-derminga.de\/wp-content\/uploads\/2022\/07\/20220717_210634-300x164.jpg 300w, https:\/\/echta-derminga.de\/wp-content\/uploads\/2022\/07\/20220717_210634-768x419.jpg 768w, https:\/\/echta-derminga.de\/wp-content\/uploads\/2022\/07\/20220717_210634.jpg 1000w\" sizes=\"auto, (max-width: 700px) 100vw, 700px\" \/><\/figure>\n<\/figure>\n","protected":false},"excerpt":{"rendered":"<p>Was war das bitte f\u00fcr eine gro\u00dfartige Party! Das 2. Park- und Strandfest im Br\u00fchlpark hat alle gesetzten Erwartungen vollends erf\u00fcllt. An allen drei Festtagen pilgerten t\u00e4glich mehrerer hundert Personen auf den Festplatz im Br\u00fchl. Irgendwie hatte dieses Fest etwas magisches. Nach einer pandemiebedingten Zwangspause hatten sich die Vereine um den Kulturverein Dirmingen dazu entschlossen endlich wieder ein Dorffest auszurichten.<\/p>\n","protected":false},"author":1,"featured_media":13194,"comment_status":"closed","ping_status":"closed","sticky":false,"template":"","format":"standard","meta":{"_crdt_document":"","footnotes":""},"categories":[1,9,100],"tags":[5,618,349,127,634,310],"class_list":["post-13193","post","type-post","status-publish","format-standard","has-post-thumbnail","hentry","category-allgemein","category-dorfgetratsche","category-meine-kulturaner","tag-dirmingen","tag-gemeinde-eppelborn","tag-kulturverein-dirmingen","tag-landkreis-neunkirchen","tag-ortsvorsteher","tag-saarland"],"_links":{"self":[{"href":"https:\/\/echta-derminga.de\/index.php?rest_route=\/wp\/v2\/posts\/13193","targetHints":{"allow":["GET"]}}],"collection":[{"href":"https:\/\/echta-derminga.de\/index.php?rest_route=\/wp\/v2\/posts"}],"about":[{"href":"https:\/\/echta-derminga.de\/index.php?rest_route=\/wp\/v2\/types\/post"}],"author":[{"embeddable":true,"href":"https:\/\/echta-derminga.de\/index.php?rest_route=\/wp\/v2\/users\/1"}],"replies":[{"embeddable":true,"href":"https:\/\/echta-derminga.de\/index.php?rest_route=%2Fwp%2Fv2%2Fcomments&post=13193"}],"version-history":[{"count":1,"href":"https:\/\/echta-derminga.de\/index.php?rest_route=\/wp\/v2\/posts\/13193\/revisions"}],"predecessor-version":[{"id":13227,"href":"https:\/\/echta-derminga.de\/index.php?rest_route=\/wp\/v2\/posts\/13193\/revisions\/13227"}],"wp:featuredmedia":[{"embeddable":true,"href":"https:\/\/echta-derminga.de\/index.php?rest_route=\/wp\/v2\/media\/13194"}],"wp:attachment":[{"href":"https:\/\/echta-derminga.de\/index.php?rest_route=%2Fwp%2Fv2%2Fmedia&parent=13193"}],"wp:term":[{"taxonomy":"category","embeddable":true,"href":"https:\/\/echta-derminga.de\/index.php?rest_route=%2Fwp%2Fv2%2Fcategories&post=13193"},{"taxonomy":"post_tag","embeddable":true,"href":"https:\/\/echta-derminga.de\/index.php?rest_route=%2Fwp%2Fv2%2Ftags&post=13193"}],"curies":[{"name":"wp","href":"https:\/\/api.w.org\/{rel}","templated":true}]}}