{"id":13253,"date":"2022-07-25T10:09:03","date_gmt":"2022-07-25T09:09:03","guid":{"rendered":"https:\/\/echta-derminga.de\/?p=13253"},"modified":"2022-07-25T12:23:13","modified_gmt":"2022-07-25T11:23:13","slug":"in-sachen-ortsvorsteher-von-der-leichtigkeit-des-seins-im-sommer-einem-mais-labyrinth-starken-signalen-einer-saarlandmeisterschaft-und-schoenen-ferien","status":"publish","type":"post","link":"https:\/\/echta-derminga.de\/?p=13253","title":{"rendered":"In Sachen Ortsvorsteher: Von der Leichtigkeit des Seins im Sommer, einem Mais-Labyrinth, starken Signalen, einer Saarlandmeisterschaft und sch\u00f6nen Ferien !"},"content":{"rendered":"\n<p class=\"has-medium-font-size wp-block-paragraph\">Die T\u00f6ne sind verklungen und am Ende bleibt die Erinnerung an ein berauschendes 2. &#8222;Park-und Strandfest&#8220; in unserem Br\u00fchlpark. Jeder einzelne Gast hat mit dazu beigetragen, dass dieses Fest am Ende unvergesslich bleibt. Mein Dank geht an den Kulturverein Dirmingen und die teilnehmenden Vereine und Organisationen. Ich bin \u00fcberzeugt davon, dass dieses Fest uns alle noch enger zusammengeschwei\u00dft hat. Nun wird es in naher Zukunft um die Aufwertung unseres Br\u00fchlparks gehen. Nach einem Gespr\u00e4ch mit unserem B\u00fcrgermeister Dr. Andreas Feld und Mitarbeitern der Gemeindeverwaltung hat der Rathauschef seine Unterst\u00fctzung bez\u00fcglich Br\u00fchlparks unterstrichen. Das bedeutet, dass unser Park noch in diesem Jahr eine Aufwertung erf\u00e4hrt. In den letzten Wochen wurden unsere Pl\u00e4ne durch die explodierenden Baukosten \u00fcber den Haufen geworfen. Von daher freue ich mich ganz besonders \u00fcber die Zusage des B\u00fcrgermeisters die Pl\u00e4ne rund um unseren Br\u00fchlpark zu realisieren. Das diesj\u00e4hrige 2. &#8222;Park-und Strandfest&#8220; war Werbung f\u00fcr unseren Heimatort Dirmingen. Die, in das Fest gesteckten Erwartungen, wurden vollends erf\u00fcllt. Ich pers\u00f6nlich deute dieses Park-und Strandfest als &#8222;Mut-Mach-Fest&#8220;. Wir alle wurden in unserem Bestreben nach einer funktionierenden Dorfgemeinschaft best\u00e4rkt. <\/p>\n\n\n\n<div class=\"wp-block-columns are-vertically-aligned-center is-layout-flex wp-container-core-columns-is-layout-8f761849 wp-block-columns-is-layout-flex\">\n<div class=\"wp-block-column is-layout-flow wp-block-column-is-layout-flow\">\n<figure class=\"wp-block-image size-large\"><img loading=\"lazy\" decoding=\"async\" width=\"700\" height=\"525\" src=\"https:\/\/echta-derminga.de\/wp-content\/uploads\/2022\/07\/IMG-20220716-WA0046-700x525.jpg\" alt=\"\" class=\"wp-image-13203\" srcset=\"https:\/\/echta-derminga.de\/wp-content\/uploads\/2022\/07\/IMG-20220716-WA0046-700x525.jpg 700w, https:\/\/echta-derminga.de\/wp-content\/uploads\/2022\/07\/IMG-20220716-WA0046-300x225.jpg 300w, https:\/\/echta-derminga.de\/wp-content\/uploads\/2022\/07\/IMG-20220716-WA0046-768x576.jpg 768w, https:\/\/echta-derminga.de\/wp-content\/uploads\/2022\/07\/IMG-20220716-WA0046.jpg 1000w\" sizes=\"auto, (max-width: 700px) 100vw, 700px\" \/><\/figure>\n<\/div>\n\n\n\n<div class=\"wp-block-column is-layout-flow wp-block-column-is-layout-flow\">\n<figure class=\"wp-block-image size-large\"><img loading=\"lazy\" decoding=\"async\" width=\"700\" height=\"525\" src=\"https:\/\/echta-derminga.de\/wp-content\/uploads\/2022\/07\/IMG-20220717-WA0035-700x525.jpg\" alt=\"\" class=\"wp-image-13201\" srcset=\"https:\/\/echta-derminga.de\/wp-content\/uploads\/2022\/07\/IMG-20220717-WA0035-700x525.jpg 700w, https:\/\/echta-derminga.de\/wp-content\/uploads\/2022\/07\/IMG-20220717-WA0035-300x225.jpg 300w, https:\/\/echta-derminga.de\/wp-content\/uploads\/2022\/07\/IMG-20220717-WA0035-768x576.jpg 768w, https:\/\/echta-derminga.de\/wp-content\/uploads\/2022\/07\/IMG-20220717-WA0035.jpg 1000w\" sizes=\"auto, (max-width: 700px) 100vw, 700px\" \/><\/figure>\n<\/div>\n<\/div>\n\n\n\n<p class=\"has-medium-font-size wp-block-paragraph\"><strong>Herzlichen Gl\u00fcckwunsch zum 80 .Wiegenfest <\/strong><\/p>\n\n\n\n<p class=\"has-medium-font-size wp-block-paragraph\">Am Mittwoch, 20. Juli feierte Herbert &#8222;Heibi&#8220; Detzler im Kreise seiner Familie und vielen Freunden seinen 80. Geburtstag. Seit vielen Jahrzehnten beteiligt sich Herbert Detzler und auch seine Familie aktiv an unserer Dorfgemeinschaft. Dabei hat sich Herbert unter anderem gro\u00dfe Verdienste um die Dirminger Fastnacht erworben. Auch beim L\u00f6schbezirk Dirmingen war Herbert viele Jahrzehnte stark engagiert. Ich pers\u00f6nlich habe Herbert Detzler immer als verl\u00e4sslichen und vertrauensw\u00fcrdigen Mitb\u00fcrger kennen und sch\u00e4tzen gelernt Auch an dieser Stelle nochmals herzlichen Gl\u00fcckwunsch zum Geburtstag.<\/p>\n\n\n<div class=\"wp-block-image\">\n<figure class=\"aligncenter size-large\"><img loading=\"lazy\" decoding=\"async\" width=\"700\" height=\"800\" src=\"https:\/\/echta-derminga.de\/wp-content\/uploads\/2022\/07\/295066899_5278577062236976_7205376122736244166_n-700x800.jpg\" alt=\"\" class=\"wp-image-13259\" srcset=\"https:\/\/echta-derminga.de\/wp-content\/uploads\/2022\/07\/295066899_5278577062236976_7205376122736244166_n-700x800.jpg 700w, https:\/\/echta-derminga.de\/wp-content\/uploads\/2022\/07\/295066899_5278577062236976_7205376122736244166_n-262x300.jpg 262w, https:\/\/echta-derminga.de\/wp-content\/uploads\/2022\/07\/295066899_5278577062236976_7205376122736244166_n-768x878.jpg 768w, https:\/\/echta-derminga.de\/wp-content\/uploads\/2022\/07\/295066899_5278577062236976_7205376122736244166_n.jpg 1125w\" sizes=\"auto, (max-width: 700px) 100vw, 700px\" \/><figcaption class=\"wp-element-caption\">Herzlichen Gl\u00fcckwunsch<\/figcaption><\/figure>\n<\/div>\n\n\n<p class=\"has-medium-font-size wp-block-paragraph\"><strong>Neues Mais-Labyrinth auf Finkenrech feierlich er\u00f6ffnet !<\/strong><\/p>\n\n\n\n<p class=\"has-medium-font-size wp-block-paragraph\">Nach zweij\u00e4hriger pandemiebedingter Pause konnte am Donnerstag, 21. Juli 2022 endlich wieder das Mais-Labyrinth auf Finkenrech er\u00f6ffnet werden. Auf Einladung unseres Landrates S\u00f6ren Meng durfte ich in meiner Funktion als Ortsvorsteher Dirmingens an der Er\u00f6ffnungszeremonie teilnehmen. Unter dem Beifall zahlreicher Sch\u00fclerinnen und Sch\u00fcler der Klasse 4 der Grundschule Landsweiler-Reden und vieler Eltern machten wir den Weg frei f\u00fcr Spa\u00df und gute Laune. In diesem Jahr dreht sich alles um die Biene. Wer das Labyrinth durchquerte, kann auf insgesamt zehn Stationen alles rund um das Thema Biene erfahren. Mit dem gesammelten Wissen kann man im Anschluss an einem Gewinnspiel teilnehmen. Verschlungene Pfade zwischen dichten Maispflanzen und besondere Formen machen den spektakul\u00e4ren Irrgarten zu einem au\u00dfergew\u00f6hnlichen Erlebnis f\u00fcr jung und alt. An der Er\u00f6ffnungszeremonie beteiligten sich auch die zust\u00e4ndigen Mitarbeiter der Kreisverwaltung und die Kreisbeigeordnete Daniela Feld. Ich w\u00fcnsche allen Kindern und Familien viel Spa\u00df im neuen Mais-Labyrinth in Dirmingens gr\u00fcner Perle: Finkenrech.<\/p>\n\n\n<div class=\"wp-block-image\">\n<figure class=\"aligncenter size-large\"><img loading=\"lazy\" decoding=\"async\" width=\"700\" height=\"579\" src=\"https:\/\/echta-derminga.de\/wp-content\/uploads\/2022\/07\/Mais-Face-700x579.jpg\" alt=\"\" class=\"wp-image-13267\" srcset=\"https:\/\/echta-derminga.de\/wp-content\/uploads\/2022\/07\/Mais-Face-700x579.jpg 700w, https:\/\/echta-derminga.de\/wp-content\/uploads\/2022\/07\/Mais-Face-300x248.jpg 300w, https:\/\/echta-derminga.de\/wp-content\/uploads\/2022\/07\/Mais-Face-768x635.jpg 768w, https:\/\/echta-derminga.de\/wp-content\/uploads\/2022\/07\/Mais-Face.jpg 1085w\" sizes=\"auto, (max-width: 700px) 100vw, 700px\" \/><figcaption class=\"wp-element-caption\">Er\u00f6ffnung Mais-Labyrinth Finkenrech<\/figcaption><\/figure>\n<\/div>\n\n\n<p class=\"has-medium-font-size wp-block-paragraph\"><strong>Starke Signale f\u00fcr die Ukraine-Hilfe in der Gemeinde Eppelborn <\/strong><\/p>\n\n\n\n<p class=\"has-medium-font-size wp-block-paragraph\">Am Samstag, 23. Juli  besuchte ich das Ukrainische &#8211; deutsche Fest der Gemeinde Eppelborn am Feuerwehrger\u00e4tehaus in Eppelborn. Gemeinsam mit einigen Ortsvorstehern aus der Gemeinde Eppelborn und unserem B\u00fcrgermeister Dr. Andreas Feld durfte ich erleben, wie dankbar die in unserer Gemeinde untergebrachten Menschen aus der Ukraine sind. Neben gutem Essen und k\u00fchlen Getr\u00e4nken ergaben sich viele sch\u00f6ne Gespr\u00e4che und Begegnungen. F\u00fcr mich pers\u00f6nlich war der Dialog mit den in Dirmingen untergebrachten Menschen enorm wichtig und aufschlussreich. Welche N\u00f6te und Sorgen plagen unsere G\u00e4ste und wie k\u00f6nnen wir ihnen helfen. Ich bin sehr dankbar, dass wir mit Thomas Bost und seiner gemeindeeigenen Ukraine-Hilfsgruppe ein echtes Angebot haben. Auch die Arbeit von der Integrationsbeauftragten Sigrid Schmidt und ihrem Helferkreis mit Thomas Bieg und vielen weiteren ehrenamtlichen Mitstreitern ist bemerkenswert. In Dirmingen haben wir zahlreiche Menschen die sich aktiv an der Ukraine-Hilfe beteiligen. Im Rahmen des diesj\u00e4hrigen &#8222;Park-und Strandfestes&#8220; durfte ich Herrn Thomas Bost 2000,- \u20ac aus dem Verkauf unserer CD &#8222;Mensch zu sein&#8220; von dem Projekt &#8222;Dirmingen f\u00fcr Ukraine&#8220; \u00fcberreichen. Bereits im Fr\u00fchjahr wurde eine beachtliche Summe aus der ersten Verkaufswelle und einem Benefizkonzert in der evangelischen Kirche f\u00fcr die Ukraine \u00fcberwiesen. Danke an alle die dieses Projekt mit dem Kauf einer CD unterst\u00fctzt haben. Hier geht es zum Song https:\/\/www.youtube.com\/watch?v=uMMrPFsGfyE<\/p>\n\n\n<div class=\"wp-block-image\">\n<figure class=\"aligncenter size-large\"><img loading=\"lazy\" decoding=\"async\" width=\"700\" height=\"379\" src=\"https:\/\/echta-derminga.de\/wp-content\/uploads\/2022\/07\/295577307_5286203124807703_6357814151381430669_n-700x379.jpg\" alt=\"\" class=\"wp-image-13261\" srcset=\"https:\/\/echta-derminga.de\/wp-content\/uploads\/2022\/07\/295577307_5286203124807703_6357814151381430669_n-700x379.jpg 700w, https:\/\/echta-derminga.de\/wp-content\/uploads\/2022\/07\/295577307_5286203124807703_6357814151381430669_n-300x163.jpg 300w, https:\/\/echta-derminga.de\/wp-content\/uploads\/2022\/07\/295577307_5286203124807703_6357814151381430669_n-768x416.jpg 768w, https:\/\/echta-derminga.de\/wp-content\/uploads\/2022\/07\/295577307_5286203124807703_6357814151381430669_n.jpg 1440w\" sizes=\"auto, (max-width: 700px) 100vw, 700px\" \/><\/figure>\n<\/div>\n\n\n<p class=\"has-medium-font-size wp-block-paragraph\"><strong>Neuer Startschuss f\u00fcr Glasfaserausbau in der Gemeinde Eppelborn<\/strong><\/p>\n\n\n\n<p class=\"has-medium-font-size wp-block-paragraph\">Unsere Heimatgemeinde Eppelborn unternahm in der vergangenen Woche einen wichtigen Schritt in Richtung zukunftsf\u00e4hige Infrastruktur: Die Planungen und Vorarbeiten laufen auf Hochtouren und die Firma saarL.Y.T.E GmbH und energis werden schon bald den Glasfaserausbau in unserer Gemeinde vorantreiben. Ich pers\u00f6nlich durfte mit den Ortsvorstehern aus der Gemeinde an einer Informationsveranstaltung von energis teilnehmen. Nachdem das Vorhaben im letzten Jahr zugegebenerma\u00dfen ins Stocken geriet, w\u00e4chst nun neue Zuversicht. \u00dcber Glasfaser kann das in Zeiten von Internet-Fernsehen, Streaming-Diensten, Telemedizin, Homeoffice und Videokonferenzen rasant wachsende Datenvolumen extrem schnell und stabil \u00fcbertragen werden. Auf der Homepage der Gemeinde Eppelborn k\u00f6nnen Sie alles \u00fcber die Pl\u00e4ne unserer Verwaltung erfahren. Dabei lernen wir, dass der fl\u00e4chendeckende Ausbau mit Glasfasernetz bis in die H\u00e4user, dem sogenannten FTTH (Fiber to the Home), eine der zentralen Herausforderungen der Zukunft in den Kommunen darstellt. Der einstimmig Beschluss des Gemeinderates aus dem Jahre 2021 mit der Firma saarlyte wurde inzwischen auf neue F\u00fc\u00dfe gestellt. Im Rahmen der vorbereitenden Abstimmungsgespr\u00e4che \u00fcber den Beginn und die Durchf\u00fchrung der anstehenden Bauma\u00dfnahmen, an denen auch die energis GmbH beteiligt war, wurden sehr schnell Synergieeffekte mit dem Unternehmen saarlyte deutlich. Da die energis ohnehin zuk\u00fcnftig umfangreiche Ma\u00dfnahmen im Bereich der Stromnetze plante, k\u00f6nnen diese Ma\u00dfnahmen nun im Einklang mit dem Glasfaserausbau kombiniert werden. Die Verantwortlichkeit f\u00fcr den Ausbau wird an die energis GmbH \u00fcbertragen, die notwendigen Tiefbauarbeiten werden analog den bisherigen Planungen von der Mucaj Tiefbau GmbH durchgef\u00fchrt. Die Firma energis wird die Betreibung des Kundencenters am Europaplatz \u00fcbernehmen, um eine direkte Anlaufstelle f\u00fcr interessierte B\u00fcrgerinnen und B\u00fcrger anbieten zu k\u00f6nnen. Unser Leben und Arbeiten ohne Glasfaser und schnelles Internet ist undenkbar und wird f\u00fcr uns alle zu einer gro\u00dfen Herausforderung. <strong>Ich freue mich \u00fcber diese Entwicklung und hoffe darauf, dass unsere Gemeinde und somit auch unser Heimatort in baldiger Zukunft \u00fcber schnelleres Internet verf\u00fcgt.<\/strong> <strong>Unser Heimatort Dirmingen wird aller Voraussicht nach im Jahre 2024 mit Glasfaserausbau versehen. Dabei k\u00f6nnen Sie schon heute mit dazu beitragen, dass die Arbeiten fr\u00fchzeitig beginnen und fristgerecht enden k\u00f6nnen. Nutzen Sie die M\u00f6glichkeit einer Interessenbekundung im Infocenter von energis im big Eppel oder auf der Hompage:&nbsp;<a href=\"http:\/\/www.energis.de\/eppelborn\">www.energis.de\/eppelborn<\/a>.  W\u00e4hrend die Vorvermarktung im dritten Quartal dieses Jahres starten soll, ist die Fertigstellung des gesamten Glasfaserausbaus in unserer Gemeinde bis Mitte 2027 geplant. Die Umsetzung des Glasfaserprojekts in jedem Ortsteil ist an eine erfolgreiche Vorvermarktungsquote von 30 Prozent gekoppelt. Das bedeutet, dass wir einen bestimmten Anteil der Haushalte f\u00fcr unsere Angebote gewinnen m\u00fcssen, bevor wir in die Umsetzung gehen. <\/strong>Gute Nachrichten f\u00fcr alle: F\u00fcr 50 Prozent der m\u00f6glichen Haushalte \u00fcbernimmt  energis die Kosten f\u00fcr den Glasfaserhausanschluss, somit lohnt sich eine schnelle Entscheidung gleich doppelt. Wenn Sie sich also f\u00fcr einen Glasfaserausbau entscheiden m\u00f6chten, sollten Sie schon schnellstm\u00f6glich eine Interessenbekundung ausf\u00fcllen. Alle Informationen findet man unter:&nbsp;<a href=\"http:\/\/www.energis.de\/eppelborn\"><strong>www.energis.de\/eppelborn<\/strong><\/a>. ( Quelle und Infos zu meinem Bericht von energis und der Gemeindeverwaltung)<\/p>\n\n\n<div class=\"wp-block-image\">\n<figure class=\"aligncenter size-large\"><img loading=\"lazy\" decoding=\"async\" width=\"700\" height=\"413\" src=\"https:\/\/echta-derminga.de\/wp-content\/uploads\/2022\/07\/29_glasfaser_3-Gross-1024x604-1-700x413.jpg\" alt=\"\" class=\"wp-image-13262\" srcset=\"https:\/\/echta-derminga.de\/wp-content\/uploads\/2022\/07\/29_glasfaser_3-Gross-1024x604-1-700x413.jpg 700w, https:\/\/echta-derminga.de\/wp-content\/uploads\/2022\/07\/29_glasfaser_3-Gross-1024x604-1-300x177.jpg 300w, https:\/\/echta-derminga.de\/wp-content\/uploads\/2022\/07\/29_glasfaser_3-Gross-1024x604-1-768x453.jpg 768w, https:\/\/echta-derminga.de\/wp-content\/uploads\/2022\/07\/29_glasfaser_3-Gross-1024x604-1.jpg 1024w\" sizes=\"auto, (max-width: 700px) 100vw, 700px\" \/><\/figure>\n<\/div>\n\n\n<p class=\"has-medium-font-size wp-block-paragraph\"><strong>Senioren- Saarlandmeisterschaften beim TC Eppelborn-Dirmingen<\/strong><\/p>\n\n\n\n<p class=\"has-medium-font-size wp-block-paragraph\">Nach den gelungenen Austragung der Saarlandmeisterschaften 2020 auf der Tennisanlage in Dirmingen freute sich der TC Eppelborn-Dirmingen auch in diesem Jahr auf die Ausrichtung der Saarlandmeisterschaften der Senioren. Das Turnier wurde in der Zeit vom 04. bis zum 24. Juli auf der heimischen Tennisanlage in Dirmingen durchgef\u00fchrt. Dabei wurden in mehreren Altersklassen um den begehrten Titel gespielt. Neben sportlichen Aktivit\u00e4ten auf den Pl\u00e4tzen sorgten  zahlreichen Helferinnen und Helfer f\u00fcr die kulinarische Versorgung der G\u00e4ste. Ohnehin verf\u00fcgt die Tennisanlage in Dirmingen \u00fcber ein wundersch\u00f6nes Ambiente. Zu den Finals am 24. Juli waren eine Vielzahl von Ehreng\u00e4sten gekommen. Unter den Schaulustigen waren der Innenminister Reinhold Jost mit seiner Ehefrau und auch B\u00fcrgermeister Dr. Andreas Feld sowie der Beigeordnete Christian Ney und meine Wenigkeit. Als Ortsvorsteher unseres Heimatortes durfte ich w\u00e4hrend der Siegerehrung die zahlreichen G\u00e4ste begr\u00fc\u00dfen und dem TC Eppelborn-Dirmingen zu der gelungen Durchf\u00fchrung des Turniers gratulieren. Meine Gl\u00fcckw\u00fcnsche gingen zudem an alle neuen Saarlandmeisterinnen und Saarlandmeister. Vielen Dank f\u00fcr das ehrenamtliche Engagement bei unserem TC Eppelborn-Dirmingen. Diese Veranstaltung betreibt auf besondere Art und Weise Werbung f\u00fcr unseren Heimatort Dirmingen.<\/p>\n\n\n\n<div class=\"wp-block-columns is-layout-flex wp-container-core-columns-is-layout-8f761849 wp-block-columns-is-layout-flex\">\n<div class=\"wp-block-column is-layout-flow wp-block-column-is-layout-flow\">\n<figure class=\"wp-block-image size-large is-resized\"><img loading=\"lazy\" decoding=\"async\" src=\"https:\/\/echta-derminga.de\/wp-content\/uploads\/2022\/07\/DSC_5335-700x552.jpg\" alt=\"\" class=\"wp-image-13275\" width=\"429\" height=\"338\" srcset=\"https:\/\/echta-derminga.de\/wp-content\/uploads\/2022\/07\/DSC_5335-700x552.jpg 700w, https:\/\/echta-derminga.de\/wp-content\/uploads\/2022\/07\/DSC_5335-300x237.jpg 300w, https:\/\/echta-derminga.de\/wp-content\/uploads\/2022\/07\/DSC_5335-768x606.jpg 768w, https:\/\/echta-derminga.de\/wp-content\/uploads\/2022\/07\/DSC_5335.jpg 1000w\" sizes=\"auto, (max-width: 429px) 100vw, 429px\" \/><\/figure>\n<\/div>\n\n\n\n<div class=\"wp-block-column is-layout-flow wp-block-column-is-layout-flow\">\n<figure class=\"wp-block-gallery has-nested-images columns-default is-cropped wp-block-gallery-1 is-layout-flex wp-block-gallery-is-layout-flex\">\n<figure class=\"wp-block-image size-large is-resized\"><img loading=\"lazy\" decoding=\"async\" data-id=\"13276\" src=\"https:\/\/echta-derminga.de\/wp-content\/uploads\/2022\/07\/DSC_5337-700x466.jpg\" alt=\"\" class=\"wp-image-13276\" width=\"505\" height=\"336\" srcset=\"https:\/\/echta-derminga.de\/wp-content\/uploads\/2022\/07\/DSC_5337-700x466.jpg 700w, https:\/\/echta-derminga.de\/wp-content\/uploads\/2022\/07\/DSC_5337-300x200.jpg 300w, https:\/\/echta-derminga.de\/wp-content\/uploads\/2022\/07\/DSC_5337-768x511.jpg 768w, https:\/\/echta-derminga.de\/wp-content\/uploads\/2022\/07\/DSC_5337.jpg 1000w\" sizes=\"auto, (max-width: 505px) 100vw, 505px\" \/><\/figure>\n<\/figure>\n<\/div>\n<\/div>\n\n\n<div class=\"wp-block-image\">\n<figure class=\"aligncenter size-large\"><img loading=\"lazy\" decoding=\"async\" width=\"700\" height=\"317\" src=\"https:\/\/echta-derminga.de\/wp-content\/uploads\/2022\/07\/44-700x317.jpg\" alt=\"\" class=\"wp-image-13277\" srcset=\"https:\/\/echta-derminga.de\/wp-content\/uploads\/2022\/07\/44-700x317.jpg 700w, https:\/\/echta-derminga.de\/wp-content\/uploads\/2022\/07\/44-300x136.jpg 300w, https:\/\/echta-derminga.de\/wp-content\/uploads\/2022\/07\/44-768x348.jpg 768w, https:\/\/echta-derminga.de\/wp-content\/uploads\/2022\/07\/44.jpg 1200w\" sizes=\"auto, (max-width: 700px) 100vw, 700px\" \/><\/figure>\n<\/div>\n\n\n<p class=\"has-medium-font-size wp-block-paragraph\"><strong>Der Sommer hat uns mit seinen hitzigen Temperaturen voll im Griff. Das ist die Zeit f\u00fcr Erholung, Spa\u00df und Begegnungen. Mir scheint, dass viele Menschen einen enormen Nachholbedarf haben und sich auf die anstehenden Veranstaltungen und Angebote freuen. Seien Sie trotz alledem vorsichtig und achten Sie auf ihre Gesundheit. Ich pers\u00f6nlich habe im Moment eine Vielzahl von pr\u00e4sentativen Aufgaben zu erf\u00fcllen. Dabei gibt es immer wieder viele sch\u00f6ne Momente, Begegnungen und auch Gespr\u00e4che.<\/strong> <strong>Ich w\u00fcnsche Ihnen bei allem was Sie tun eine sch\u00f6ne, entspannte Zeit.<\/strong><\/p>\n\n\n<div class=\"wp-block-image\">\n<figure class=\"aligncenter size-large\"><img loading=\"lazy\" decoding=\"async\" width=\"700\" height=\"391\" src=\"https:\/\/echta-derminga.de\/wp-content\/uploads\/2022\/07\/295387897_5286633238098025_8249756115533605174_n-700x391.jpg\" alt=\"\" class=\"wp-image-13263\" srcset=\"https:\/\/echta-derminga.de\/wp-content\/uploads\/2022\/07\/295387897_5286633238098025_8249756115533605174_n-700x391.jpg 700w, https:\/\/echta-derminga.de\/wp-content\/uploads\/2022\/07\/295387897_5286633238098025_8249756115533605174_n-300x168.jpg 300w, https:\/\/echta-derminga.de\/wp-content\/uploads\/2022\/07\/295387897_5286633238098025_8249756115533605174_n-768x429.jpg 768w, https:\/\/echta-derminga.de\/wp-content\/uploads\/2022\/07\/295387897_5286633238098025_8249756115533605174_n.jpg 1440w\" sizes=\"auto, (max-width: 700px) 100vw, 700px\" \/><\/figure>\n<\/div>\n\n\n<p class=\"has-medium-font-size wp-block-paragraph\"><strong>Allen Sch\u00fclerinnen und Sch\u00fclern w\u00fcnsche ich sch\u00f6ne Ferien ! Viel Spa\u00df und gute Laune bei allen Unternehmungen. Jetzt ist die Zeit zum Leben und zum genie\u00dfen ! Zeit einmal, wenn auch nur f\u00fcr kurze Zeit, die Sorgen und Probleme zur Seite zu schieben. Ich w\u00fcnsche allen Kindern und Sch\u00fclern sowie allen Familien eine sorgenfreie und entspannte Ferienzeit.<\/strong><\/p>\n\n\n\n<p class=\"has-medium-font-size wp-block-paragraph\">Ihr Ortsvorsteher<\/p>\n\n\n\n<p class=\"has-medium-font-size wp-block-paragraph\"><em><strong>Frank Klein<\/strong><\/em><\/p>\n","protected":false},"excerpt":{"rendered":"<p>Die T\u00f6ne sind verklungen und am Ende bleibt die Erinnerung an ein berauschendes 2. &#8222;Park-und Strandfest&#8220; in unserem Br\u00fchlpark. Jeder einzelne Gast hat mit dazu beigetragen, dass dieses Fest am Ende unvergesslich bleibt. Mein Dank geht an den Kulturverein Dirmingen und die teilnehmenden Vereine und Organisationen. Ich bin \u00fcberzeugt davon, dass dieses Fest uns alle noch enger zusammengeschwei\u00dft hat. Nun<\/p>\n","protected":false},"author":1,"featured_media":13256,"comment_status":"open","ping_status":"closed","sticky":false,"template":"","format":"standard","meta":{"_crdt_document":"","footnotes":""},"categories":[1,812],"tags":[5,129,618,127,207,795,310],"class_list":["post-13253","post","type-post","status-publish","format-standard","has-post-thumbnail","hentry","category-allgemein","category-ortsvorsteher-dirmingen","tag-dirmingen","tag-finkenrech","tag-gemeinde-eppelborn","tag-landkreis-neunkirchen","tag-naherholungsgebiet-finkenrech","tag-ortsvorsteher-dirmingen","tag-saarland"],"_links":{"self":[{"href":"https:\/\/echta-derminga.de\/index.php?rest_route=\/wp\/v2\/posts\/13253","targetHints":{"allow":["GET"]}}],"collection":[{"href":"https:\/\/echta-derminga.de\/index.php?rest_route=\/wp\/v2\/posts"}],"about":[{"href":"https:\/\/echta-derminga.de\/index.php?rest_route=\/wp\/v2\/types\/post"}],"author":[{"embeddable":true,"href":"https:\/\/echta-derminga.de\/index.php?rest_route=\/wp\/v2\/users\/1"}],"replies":[{"embeddable":true,"href":"https:\/\/echta-derminga.de\/index.php?rest_route=%2Fwp%2Fv2%2Fcomments&post=13253"}],"version-history":[{"count":64,"href":"https:\/\/echta-derminga.de\/index.php?rest_route=\/wp\/v2\/posts\/13253\/revisions"}],"predecessor-version":[{"id":13355,"href":"https:\/\/echta-derminga.de\/index.php?rest_route=\/wp\/v2\/posts\/13253\/revisions\/13355"}],"wp:featuredmedia":[{"embeddable":true,"href":"https:\/\/echta-derminga.de\/index.php?rest_route=\/wp\/v2\/media\/13256"}],"wp:attachment":[{"href":"https:\/\/echta-derminga.de\/index.php?rest_route=%2Fwp%2Fv2%2Fmedia&parent=13253"}],"wp:term":[{"taxonomy":"category","embeddable":true,"href":"https:\/\/echta-derminga.de\/index.php?rest_route=%2Fwp%2Fv2%2Fcategories&post=13253"},{"taxonomy":"post_tag","embeddable":true,"href":"https:\/\/echta-derminga.de\/index.php?rest_route=%2Fwp%2Fv2%2Ftags&post=13253"}],"curies":[{"name":"wp","href":"https:\/\/api.w.org\/{rel}","templated":true}]}}