{"id":13379,"date":"2022-07-29T16:26:11","date_gmt":"2022-07-29T15:26:11","guid":{"rendered":"https:\/\/echta-derminga.de\/?p=13379"},"modified":"2022-07-29T16:45:55","modified_gmt":"2022-07-29T15:45:55","slug":"in-sachen-ortsvorsteher-von-einem-musikpicknick-einem-glasfaserausbau-einer-neueroeffnung-und-dem-sehnsuechtigen-warten-urlaub-ich-bin-dann-mal-weg","status":"publish","type":"post","link":"https:\/\/echta-derminga.de\/?p=13379","title":{"rendered":"In Sachen Ortsvorsteher: Von einem Musikpicknick, einem Glasfaserausbau, einer Neuer\u00f6ffnung und dem sehns\u00fcchtigen warten &#8211; Urlaub, ich bin dann mal weg&#8230;.."},"content":{"rendered":"\n<p class=\"has-medium-font-size wp-block-paragraph\">Endlich Sommerferien ! Seit vielen Wochen k\u00f6nnen wir bei hochsommerlichen Temperaturen das Leben und unsere Freizeit genie\u00dfen. Unsere Natur hingegen br\u00e4uchte dringend einmal einen ergiebigen und anhaltenden Landregen. Am Freitagmorgen, 29. Juli hat es am Waldrand des Naherholungsgebietes Steinrausche einen kleinen aber nicht ungef\u00e4hrlichen Brand gegeben. Bitte seien Sie bei diesem Wetter umsichtig und vor allen Dingen vorsichtig. Beim Umgang mit Feuer, Glas, Zigaretten oder dem Grillen sollten wir uns alle sensibilisieren. Gut, dass der Brand im Naherholungsgebiet Steinrausche fr\u00fchzeitig erkannt wurde. <strong>Mein Dank geht wieder mal an unseren L\u00f6schbezirk Dirmingen f\u00fcr ihren schnellen und effektiven Einsatz. In diesem Zusammenhang m\u00f6chte ich es nicht vers\u00e4umen an den &#8222;Tag der offenen T\u00fcr&#8220; unseres L\u00f6schbezirks Dirmingen zu erinnern. Das diesj\u00e4hrige Feuerwehrfest unseres L\u00f6schbezirks findet am 06.\/07.August am Feuerwehrger\u00e4tehaus statt. Ich w\u00fcnsche unserem L\u00f6schbezirk ein sch\u00f6nes und erfolgreiches Fest.<\/strong><\/p>\n\n\n<div class=\"wp-block-image\">\n<figure class=\"aligncenter size-large\"><img loading=\"lazy\" decoding=\"async\" width=\"700\" height=\"315\" src=\"https:\/\/echta-derminga.de\/wp-content\/uploads\/2022\/07\/NEU-700x315.jpg\" alt=\"\" class=\"wp-image-13404\" srcset=\"https:\/\/echta-derminga.de\/wp-content\/uploads\/2022\/07\/NEU-700x315.jpg 700w, https:\/\/echta-derminga.de\/wp-content\/uploads\/2022\/07\/NEU-300x135.jpg 300w, https:\/\/echta-derminga.de\/wp-content\/uploads\/2022\/07\/NEU-768x346.jpg 768w, https:\/\/echta-derminga.de\/wp-content\/uploads\/2022\/07\/NEU-1536x692.jpg 1536w, https:\/\/echta-derminga.de\/wp-content\/uploads\/2022\/07\/NEU.jpg 2048w\" sizes=\"auto, (max-width: 700px) 100vw, 700px\" \/><figcaption class=\"wp-element-caption\">Musikpicknick auf Finkenrech<\/figcaption><\/figure>\n<\/div>\n\n\n<p class=\"has-medium-font-size wp-block-paragraph\"><strong>Wunderbares<\/strong> <strong>Musikpicknick auf Finkenrech<\/strong><\/p>\n\n\n\n<p class=\"has-medium-font-size wp-block-paragraph\">Das TKN des Landkreises Neunkirchen bietet w\u00e4hrend des Sommers in regelm\u00e4\u00dfigen Abst\u00e4nden die beliebte Veranstaltung &#8222;Musikpicknick auf Finkenrech&#8220; an. Einmal im Monat kann man auf der Picknickwiese bei Musik und selbst mitgebrachter kulinarischer Versorgung die Seele baumeln lassen. In abendlicher Stimmung sorgen Musiker aus der Region mit ihren Akustik-Konzerte f\u00fcr beste Unterhaltung. Am Dienstag,26. Juli spielte erstmals, seit etwas l\u00e4ngerer Zeit, wieder mit Nina Heidemann und ihrem Ehemann Sven Gro\u00df als Mr. Be &amp; Me eine Formation aus Dirmingen. Diese Veranstaltung wurde zu einem Besuchermagneten. Am Ende tummelten sich \u00fcber 400 Menschen auf der Picknickwiese und genossen das wunderbare Ambiente auf Finkenrech. Die Formation Mr. Be &amp; me verzauberten das Publikum mit aktuellen Songs und Klassikern und erf\u00fcllten sogar Musikw\u00fcnsche. Neben den vielen hunderten Schaulustigen waren auch einige hochkar\u00e4tige Prominente zu Gast auf Finkenrech. Neben der Ministerpr\u00e4sidentin Anke Rehlinger und dem Landrat S\u00f6ren Meng nahm auch B\u00fcrgermeister Dr. Andreas Feld die Einladung des Landkreises an. In einem gemeinsamen Gespr\u00e4ch zeigte sich die Ministerpr\u00e4sidentin Anke Rehlinger durchaus beeindruckt und ein St\u00fcckweit fasziniert. Auch die Landesmutter musste neidlos anerkennen, welche Vorz\u00fcge unser Heimatort Dirmingen zu bieten hat. <strong>Das n\u00e4chste und zeitgleich letzte Musikpicknick dieser Saison findet am Dienstag, 23. August 2022 um 18:30 Uhr auf der Picknickwiese auf Finkenrech statt. Zum Abschluss dieser Saison wird erneut eine Band aus Dirmingen f\u00fcr das musikalische Rahmenprogramm sorgen. Ich bin \u00fcberzeugt davon, dass die Band AVA Sie mit ihrem Akustik-Konzert begeistern wird.<\/strong> Viel Spa\u00df im Freizeitzentrum Finkenrech ! <\/p>\n\n\n\n<div class=\"wp-block-columns is-layout-flex wp-container-core-columns-is-layout-8f761849 wp-block-columns-is-layout-flex\">\n<div class=\"wp-block-column is-layout-flow wp-block-column-is-layout-flow\">\n<figure class=\"wp-block-image size-large\"><img loading=\"lazy\" decoding=\"async\" width=\"700\" height=\"1037\" src=\"https:\/\/echta-derminga.de\/wp-content\/uploads\/2022\/07\/Anke-Neu-700x1037.jpg\" alt=\"\" class=\"wp-image-13386\" srcset=\"https:\/\/echta-derminga.de\/wp-content\/uploads\/2022\/07\/Anke-Neu-700x1037.jpg 700w, https:\/\/echta-derminga.de\/wp-content\/uploads\/2022\/07\/Anke-Neu-202x300.jpg 202w, https:\/\/echta-derminga.de\/wp-content\/uploads\/2022\/07\/Anke-Neu-768x1138.jpg 768w, https:\/\/echta-derminga.de\/wp-content\/uploads\/2022\/07\/Anke-Neu.jpg 1000w\" sizes=\"auto, (max-width: 700px) 100vw, 700px\" \/><\/figure>\n<\/div>\n\n\n\n<div class=\"wp-block-column is-layout-flow wp-block-column-is-layout-flow\">\n<figure class=\"wp-block-image size-large\"><img loading=\"lazy\" decoding=\"async\" width=\"700\" height=\"909\" src=\"https:\/\/echta-derminga.de\/wp-content\/uploads\/2022\/07\/anke-2-700x909.jpg\" alt=\"\" class=\"wp-image-13387\" srcset=\"https:\/\/echta-derminga.de\/wp-content\/uploads\/2022\/07\/anke-2-700x909.jpg 700w, https:\/\/echta-derminga.de\/wp-content\/uploads\/2022\/07\/anke-2-231x300.jpg 231w, https:\/\/echta-derminga.de\/wp-content\/uploads\/2022\/07\/anke-2-768x997.jpg 768w, https:\/\/echta-derminga.de\/wp-content\/uploads\/2022\/07\/anke-2.jpg 1080w\" sizes=\"auto, (max-width: 700px) 100vw, 700px\" \/><figcaption class=\"wp-element-caption\">Ministerpr\u00e4sidentin Anke Rehlinger zu Gast auf Finkenrech. Gemeinsam mit Landrat S\u00f6ren Meng und B\u00fcrgermeister Dr. Andreas Feld.<\/figcaption><\/figure>\n<\/div>\n<\/div>\n\n\n\n<p class=\"has-medium-font-size wp-block-paragraph\"><strong>Neuer\u00f6ffnung der &#8222;Praxis f\u00fcr Physiotherapie&#8220; in Dirmingen <\/strong><\/p>\n\n\n\n<p class=\"has-medium-font-size wp-block-paragraph\">Am Mittwoch, 27. Juli durfte ich gemeinsam mit B\u00fcrgermeister Dr. Andreas Feld die neue &#8222;Praxis f\u00fcr Physiotherapie mit dem AH-Effekt&#8220; von Heike Fiebig und ihrer Tochter Annie, in der Illingerstrasse 4, in unserem Heimatort Dirmingen besuchen. Die beiden Frauen haben sich ihren Traum von einer eigenen Praxis in Dirmingen erf\u00fcllt und sind hochmotiviert. Bei Heike Fiebig und ihre Tochter Anni befindet sich ihre Gesundheit in besten H\u00e4nden. Die individuellen Angeboten reichen von allgemeiner Krankengymnastik bis zur klassischen Massage und manueller Lymphdrainagen und vieles mehr. Die neue Praxis von Heike Fiebig st\u00e4rkt unser einheimisches Gewerbe und erh\u00f6ht das vorhandene Angebot. Ich habe Frau Heike Fiebig und ihre Tochter Anni als freundliche und bodenst\u00e4ndige Menschen kennen- und sch\u00e4tzen gelernt. Ich w\u00fcnsche viel Gl\u00fcck und Erfolg im &#8222;Derminga D\u00f6rfche&#8220;. <\/p>\n\n\n<div class=\"wp-block-image\">\n<figure class=\"aligncenter size-large\"><img loading=\"lazy\" decoding=\"async\" width=\"700\" height=\"513\" src=\"https:\/\/echta-derminga.de\/wp-content\/uploads\/2022\/07\/fibih-700x513.jpg\" alt=\"\" class=\"wp-image-13389\" srcset=\"https:\/\/echta-derminga.de\/wp-content\/uploads\/2022\/07\/fibih-700x513.jpg 700w, https:\/\/echta-derminga.de\/wp-content\/uploads\/2022\/07\/fibih-300x220.jpg 300w, https:\/\/echta-derminga.de\/wp-content\/uploads\/2022\/07\/fibih-768x563.jpg 768w, https:\/\/echta-derminga.de\/wp-content\/uploads\/2022\/07\/fibih.jpg 900w\" sizes=\"auto, (max-width: 700px) 100vw, 700px\" \/><figcaption class=\"wp-element-caption\">Gl\u00fcckwunsch zur Neuer\u00f6ffnung <\/figcaption><\/figure>\n<\/div>\n\n\n<p class=\"has-medium-font-size wp-block-paragraph\"><strong>Das sehns\u00fcchtige Warten auf den Dirminger Nahversorger<\/strong><\/p>\n\n\n\n<p class=\"has-medium-font-size wp-block-paragraph\">In den vergangenen Tagen bekam ich bez\u00fcglich des geplanten Baus eines Nahversorgers in der Dirminger Ortsmitte mehrere R\u00fcckfragen. Die Menschen warten sehns\u00fcchtig auf den Bau eines Verbrauchermarktes und informierten sich gerne \u00fcber den Stand der Dinge. Das Thema Verbrauchermarkt wird nach den Sommerferien wieder verst\u00e4rkt im Gemeinderat auftauchen. Ich kann versichern, dass der Dialog zwischen unserem B\u00fcrgermeister Dr. Andreas Feld, seiner Verwaltung, dem Investor RATISBONA und am Ende auch meiner Wenigkeit sehr gut verl\u00e4uft. Bisher wurden schon wichtige formelle Schritte unternommen. Dabei wurden die Tr\u00e4ger \u00f6ffentlicher Belange durchaus positiv bewertet. Auf der Suche nach einer geeigneten Retentionsfl\u00e4che ist man ebenfalls f\u00fcndig geworden. Der Investor hat inzwischen seinen Bauantrag eingereicht und einen Antrag auf Verkauf von Lebensmitteln in Dirmingen angemeldet. Dies alles w\u00e4re sicherlich nicht geschehen, wenn es keine Absicht g\u00e4be, den Bau zu realisieren. Nat\u00fcrlich sind wir weit hinter dem zun\u00e4chst angegebenen Zeitraum f\u00fcr einen Neubau. Dabei wurden die Planungen rund um den Neubau immer wieder durch die Pandemie und auch durch die aktuelle Wirtschaftskrise beeintr\u00e4chtigt. Letztendlich hatten auch die Aufgabe mit manchen Sachverhalten und Informationen sorgf\u00e4ltig umzugehen. Immerhin sind von den Planungen, rund um den neuen Verbrauchermarkt, auch private Grundst\u00fccke betroffen. Ich m\u00f6chte an dieser Stelle unserem B\u00fcrgermeister Dr. Andreas Feld und seiner Verwaltung f\u00fcr das gute Miteinander danken. Wir pflegen einen guten und informativen Austausch. Die Gemeinderat wird nach dem Sommerferien weitere Beschl\u00fcsse fassen. Bez\u00fcglich des Neubaus eines Nahversorgers sind wir eigentlich recht zuversichtlich. In den letzten Monaten wurde hinter den Kulissen gut zusammengearbeitet. Wir bitten Sie noch um etwas Geduld und Verst\u00e4ndnis. Nicht alles liegt in unseren H\u00e4nden !<\/p>\n\n\n<div class=\"wp-block-image\">\n<figure class=\"aligncenter size-full\"><img loading=\"lazy\" decoding=\"async\" width=\"700\" height=\"385\" src=\"https:\/\/echta-derminga.de\/wp-content\/uploads\/2022\/01\/dorf-700x385-1.png\" alt=\"\" class=\"wp-image-11945\" srcset=\"https:\/\/echta-derminga.de\/wp-content\/uploads\/2022\/01\/dorf-700x385-1.png 700w, https:\/\/echta-derminga.de\/wp-content\/uploads\/2022\/01\/dorf-700x385-1-300x165.png 300w\" sizes=\"auto, (max-width: 700px) 100vw, 700px\" \/><figcaption class=\"wp-element-caption\">Der Dirminger Verbrauchermarkt<\/figcaption><\/figure>\n<\/div>\n\n\n<p class=\"has-medium-font-size wp-block-paragraph\"><strong>Glasfaserausbau in unserer Gemeinde nimmt an Fahrt auf !!<\/strong><\/p>\n\n\n\n<p class=\"has-medium-font-size wp-block-paragraph\">Am Donnerstag, 28. Juli er\u00f6ffnete unser B\u00fcrgermeister Dr. Andreas Feld gemeinsam mit dem Prokurist Jochen Strobel, im Beisein der Ortsvorsteher unserer Gemeinde Eppelborn das neue Kundencenter der &#8222;energis&#8220; GmbH im &#8222;big Eppel&#8220;. Ab dem 2. August k\u00f6nnen sich die B\u00fcrgerinnen und B\u00fcrger, vor Ort umfassend zum Glasfaserausbau in Eppelborn informieren und ihren Vertrag abschlie\u00dfen. Der Glasfaserausbau in Dirmingen soll im Jahr 2024 ausgebaut. Wichtig ist jedoch, dass Sie bereits fr\u00fchzeitig eine Interessenbekundung im InfoCenter ausf\u00fcllen. Alle Informationen zum Thema Glasfaserausbau finden Sie auch unter <a rel=\"noreferrer noopener\" href=\"http:\/\/www.energis.de\/eppelborn?fbclid=IwAR2CihMIzEWp1XCMvOvpkwPPY8hQ9zYfVkZB5Stm7iQhTQQmyoLRugqeNIk\" target=\"_blank\">www.energis.de\/eppelborn<\/a>. Die Arbeiten in Bubach\/Calmesweiler und Macherbach beginnen in absehbarer Zeit. Bis zum Jahre 2027 sollte der Glasfaserausbau in unserer Gemeinde abgeschlossen sein.<\/p>\n\n\n<div class=\"wp-block-image\">\n<figure class=\"aligncenter size-large\"><img loading=\"lazy\" decoding=\"async\" width=\"700\" height=\"626\" src=\"https:\/\/echta-derminga.de\/wp-content\/uploads\/2022\/07\/295928560_1145463319645057_8072188551842762663_n-700x626.jpg\" alt=\"\" class=\"wp-image-13392\" srcset=\"https:\/\/echta-derminga.de\/wp-content\/uploads\/2022\/07\/295928560_1145463319645057_8072188551842762663_n-700x626.jpg 700w, https:\/\/echta-derminga.de\/wp-content\/uploads\/2022\/07\/295928560_1145463319645057_8072188551842762663_n-300x268.jpg 300w, https:\/\/echta-derminga.de\/wp-content\/uploads\/2022\/07\/295928560_1145463319645057_8072188551842762663_n-768x686.jpg 768w, https:\/\/echta-derminga.de\/wp-content\/uploads\/2022\/07\/295928560_1145463319645057_8072188551842762663_n.jpg 960w\" sizes=\"auto, (max-width: 700px) 100vw, 700px\" \/><figcaption class=\"wp-element-caption\">Glasfaserausbau f\u00fcr die Gemeinde Eppelborn<\/figcaption><\/figure>\n<\/div>\n\n\n<p class=\"has-medium-font-size wp-block-paragraph\"><strong>Meine<\/strong> <strong>Ballspende an den  SV Dirmingen e.V<\/strong><\/p>\n\n\n\n<p class=\"has-medium-font-size wp-block-paragraph\">Am Sonntag, 31. Juli beginnt f\u00fcr die Herren des SV Dirmingen e.V die neue Spielrunde. Dabei wird die SG Dirmingen\/Berschweiler in der Spielzeit 2022\/23 in der Bezirksliga Neunkirchen spielen. Somit erwarten uns in der neuen Saison viele interessante Begegnungen und auch einige vielversprechende Derbys. Schon alleine die Spiele gegen unsere Nachbarortschaften Hellas Marpingen 2, FV Eppelborn 2, SV Bubach\/Calmesweiler und den SV Germania Wustweiler werden f\u00fcr viel Z\u00fcndstoff sorgen. In diesem Jahr habe ich mich dazu entschlossen, der ersten Mannschaft des SG Dirmingen\/Berschweiler einen Spielball zum Saisonauftakt zu spenden. Am Freitag, 29.Juli durfte ich der Vorsitzenden Verena Gehres den Spielball \u00fcberreichen. Ich w\u00fcnsche dem SV Dirmingen und seinen zahlreichen Mannschaften viel Gl\u00fcck und Erfolg in der neuen Spielzeit 2022\/23. Zum Saisonauftakt spielt unsere &#8222;Erste&#8220; Zuhause im heimischen Belkerstadion gegen den SV Merchweiler 2. Ansto\u00df ist um 15:00 Uhr. Die &#8222;Zweite&#8220; bestreitet das Vorspiel ! Herzliche Einladung an alle Freunde des runden Leders.<\/p>\n\n\n<div class=\"wp-block-image\">\n<figure class=\"aligncenter size-large\"><img loading=\"lazy\" decoding=\"async\" width=\"700\" height=\"885\" src=\"https:\/\/echta-derminga.de\/wp-content\/uploads\/2022\/07\/Ballspende-700x885.jpg\" alt=\"\" class=\"wp-image-13394\" srcset=\"https:\/\/echta-derminga.de\/wp-content\/uploads\/2022\/07\/Ballspende-700x885.jpg 700w, https:\/\/echta-derminga.de\/wp-content\/uploads\/2022\/07\/Ballspende-237x300.jpg 237w, https:\/\/echta-derminga.de\/wp-content\/uploads\/2022\/07\/Ballspende-768x971.jpg 768w, https:\/\/echta-derminga.de\/wp-content\/uploads\/2022\/07\/Ballspende.jpg 1077w\" sizes=\"auto, (max-width: 700px) 100vw, 700px\" \/><figcaption class=\"wp-element-caption\">Viel Gl\u00fcck SVD<\/figcaption><\/figure>\n<\/div>\n\n\n<p class=\"has-medium-font-size wp-block-paragraph\"><strong>Sanierung am Br\u00fchlpark<\/strong> <strong>nimmt Formen an<\/strong> <strong>!<\/strong><\/p>\n\n\n\n<p class=\"has-medium-font-size wp-block-paragraph\">Trotz einer enormen Kostenexplosion wird an der Sanierung des Br\u00fchlparks festgehalten. Somit erf\u00fcllt sich ein gro\u00dfer Traum zahlreicher Dirmingerinnen und Dirminger. In absehbarer Zeit d\u00fcrften die ersten Arbeiten im Br\u00fchlpark beginnen. Dabei soll u.a ein Bouleplatz entstehen sowie neue Sitzb\u00e4nke und neue Lampen angebracht werden. Au\u00dferdem soll die Strom und Wasserversorgung des Br\u00fchlparks aufgewertet und somit verbessert werden. Nach einem gemeinsamen Gespr\u00e4ch hat mir B\u00fcrgermeister Dr. Andreas Feld trotz enormer Kostensteigerung die Sanierung des Br\u00fchlparks zugesagt. Mein Dank geht an das zust\u00e4ndige Ministerium f\u00fcr die ELER-F\u00f6rdergelder, unserer B\u00fcrgermeister Dr. Andreas Feld und an die zust\u00e4ndigen Mitarbeiter der Verwaltung.<\/p>\n\n\n<div class=\"wp-block-image\">\n<figure class=\"aligncenter size-large\"><img loading=\"lazy\" decoding=\"async\" width=\"644\" height=\"483\" src=\"https:\/\/echta-derminga.de\/wp-content\/uploads\/2019\/07\/paek1-644x483.jpg\" alt=\"\" class=\"wp-image-4055\" srcset=\"https:\/\/echta-derminga.de\/wp-content\/uploads\/2019\/07\/paek1-644x483.jpg 644w, https:\/\/echta-derminga.de\/wp-content\/uploads\/2019\/07\/paek1-300x225.jpg 300w, https:\/\/echta-derminga.de\/wp-content\/uploads\/2019\/07\/paek1-768x576.jpg 768w, https:\/\/echta-derminga.de\/wp-content\/uploads\/2019\/07\/paek1.jpg 800w\" sizes=\"auto, (max-width: 644px) 100vw, 644px\" \/><figcaption class=\"wp-element-caption\">Der Br\u00fchlpark<\/figcaption><\/figure>\n<\/div>\n\n\n<p class=\"has-medium-font-size wp-block-paragraph\"><strong>Liebe Landsleute, die letzten Monate waren auch f\u00fcr mich sehr arbeitsreich. Von daher ist es an der Zeit eine kleine Auszeit zu nehmen. Ich bin dann mal weg ! In der Zeit vom 30. Juli bis zum 26. August befinde ich mich in Erholungsurlaub. Meine Amtsgesch\u00e4fte \u00fcbernimmt der stellvertretende Ortsvorsteher Michael Polotzek. Die Sprechstunden im OV-B\u00fcro finden w\u00e4hrend den Sommerferien nicht statt. In dringenden Angelegenheiten steht Ihnen Michael Polotzek gerne nach telefonischer Vereinbarung zur Verf\u00fcgung.<\/strong><\/p>\n\n\n<div class=\"wp-block-image\">\n<figure class=\"aligncenter size-full\"><img loading=\"lazy\" decoding=\"async\" width=\"505\" height=\"223\" src=\"https:\/\/echta-derminga.de\/wp-content\/uploads\/2022\/07\/Vertretung.png\" alt=\"\" class=\"wp-image-13396\" srcset=\"https:\/\/echta-derminga.de\/wp-content\/uploads\/2022\/07\/Vertretung.png 505w, https:\/\/echta-derminga.de\/wp-content\/uploads\/2022\/07\/Vertretung-300x132.png 300w\" sizes=\"auto, (max-width: 505px) 100vw, 505px\" \/><figcaption class=\"wp-element-caption\">Stellvertretender Ortsvorsteher<\/figcaption><\/figure>\n<\/div>\n\n\n<p class=\"has-medium-font-size wp-block-paragraph\">Ich w\u00fcnsche Ihnen und ihren Familien eine sch\u00f6ne und entspannte Ferien- und Sommerzeit. Bleiben Sie entspannt und Gottbeh\u00fctet. Im August finden in unserem D\u00f6rfchen weitere sch\u00f6ne Veranstaltungen statt. Neben dem Feuerwehrfest am Ger\u00e4tehaus (06.\/07. August) m\u00f6chte ich Ihnen das Imkerfest des Bienenzuchtvereins Dirmingen (14.\/15. August) und die 100-Jahrfeier des SPD Ortsvereins Dirmingen (20. August) ans Herz legen.<\/p>\n\n\n\n<p class=\"has-medium-font-size wp-block-paragraph\"><strong>Ditte denken Sie immer daran: &#8222;Es \u00e4ndert sich auch in unserem Dorf \u00fcberhaupt nichts, wenn wir es nicht \u00e4ndern&#8220;. In diesem Sinne bleiben Sie bitte immer sch\u00f6n heimattreu !<\/strong><\/p>\n\n\n\n<p class=\"has-medium-font-size wp-block-paragraph\">Ihr Ortsvorsteher<\/p>\n\n\n\n<p class=\"has-medium-font-size wp-block-paragraph\"><em>Frank Klein<\/em><\/p>\n\n\n\n<div class=\"wp-block-columns is-layout-flex wp-container-core-columns-is-layout-8f761849 wp-block-columns-is-layout-flex\">\n<div class=\"wp-block-column is-layout-flow wp-block-column-is-layout-flow\">\n<figure class=\"wp-block-image size-large\"><img loading=\"lazy\" decoding=\"async\" width=\"700\" height=\"990\" src=\"https:\/\/echta-derminga.de\/wp-content\/uploads\/2022\/07\/2022_Plakat-Feuerwehrfest_001-Kopie-700x990.jpg\" alt=\"\" class=\"wp-image-13398\" srcset=\"https:\/\/echta-derminga.de\/wp-content\/uploads\/2022\/07\/2022_Plakat-Feuerwehrfest_001-Kopie-700x990.jpg 700w, https:\/\/echta-derminga.de\/wp-content\/uploads\/2022\/07\/2022_Plakat-Feuerwehrfest_001-Kopie-212x300.jpg 212w, https:\/\/echta-derminga.de\/wp-content\/uploads\/2022\/07\/2022_Plakat-Feuerwehrfest_001-Kopie-768x1086.jpg 768w, https:\/\/echta-derminga.de\/wp-content\/uploads\/2022\/07\/2022_Plakat-Feuerwehrfest_001-Kopie.jpg 800w\" sizes=\"auto, (max-width: 700px) 100vw, 700px\" \/><\/figure>\n<\/div>\n\n\n\n<div class=\"wp-block-column is-layout-flow wp-block-column-is-layout-flow\">\n<figure class=\"wp-block-image size-full\"><img loading=\"lazy\" decoding=\"async\" width=\"557\" height=\"786\" src=\"https:\/\/echta-derminga.de\/wp-content\/uploads\/2022\/07\/Bienenfest-2022.png\" alt=\"\" class=\"wp-image-13399\" srcset=\"https:\/\/echta-derminga.de\/wp-content\/uploads\/2022\/07\/Bienenfest-2022.png 557w, https:\/\/echta-derminga.de\/wp-content\/uploads\/2022\/07\/Bienenfest-2022-213x300.png 213w\" sizes=\"auto, (max-width: 557px) 100vw, 557px\" \/><\/figure>\n<\/div>\n\n\n\n<div class=\"wp-block-column is-layout-flow wp-block-column-is-layout-flow\">\n<figure class=\"wp-block-image size-large\"><img loading=\"lazy\" decoding=\"async\" width=\"700\" height=\"985\" src=\"https:\/\/echta-derminga.de\/wp-content\/uploads\/2022\/07\/20220729_113401-700x985.jpg\" alt=\"\" class=\"wp-image-13400\" srcset=\"https:\/\/echta-derminga.de\/wp-content\/uploads\/2022\/07\/20220729_113401-700x985.jpg 700w, https:\/\/echta-derminga.de\/wp-content\/uploads\/2022\/07\/20220729_113401-213x300.jpg 213w, https:\/\/echta-derminga.de\/wp-content\/uploads\/2022\/07\/20220729_113401-768x1081.jpg 768w, https:\/\/echta-derminga.de\/wp-content\/uploads\/2022\/07\/20220729_113401-1091x1536.jpg 1091w, https:\/\/echta-derminga.de\/wp-content\/uploads\/2022\/07\/20220729_113401-1455x2048.jpg 1455w, https:\/\/echta-derminga.de\/wp-content\/uploads\/2022\/07\/20220729_113401-scaled.jpg 1819w\" sizes=\"auto, (max-width: 700px) 100vw, 700px\" \/><\/figure>\n<\/div>\n<\/div>\n","protected":false},"excerpt":{"rendered":"<p>Endlich Sommerferien ! Seit vielen Wochen k\u00f6nnen wir bei hochsommerlichen Temperaturen das Leben und unsere Freizeit genie\u00dfen. Unsere Natur hingegen br\u00e4uchte dringend einmal einen ergiebigen und anhaltenden Landregen. Am Freitagmorgen, 29. Juli hat es am Waldrand des Naherholungsgebietes Steinrausche einen kleinen aber nicht ungef\u00e4hrlichen Brand gegeben. Bitte seien Sie bei diesem Wetter umsichtig und vor allen Dingen vorsichtig. Beim Umgang<\/p>\n","protected":false},"author":1,"featured_media":13380,"comment_status":"open","ping_status":"closed","sticky":false,"template":"","format":"standard","meta":{"_crdt_document":"","footnotes":""},"categories":[1,9,812],"tags":[5,129,618,127,634,795,310],"class_list":["post-13379","post","type-post","status-publish","format-standard","has-post-thumbnail","hentry","category-allgemein","category-dorfgetratsche","category-ortsvorsteher-dirmingen","tag-dirmingen","tag-finkenrech","tag-gemeinde-eppelborn","tag-landkreis-neunkirchen","tag-ortsvorsteher","tag-ortsvorsteher-dirmingen","tag-saarland"],"_links":{"self":[{"href":"https:\/\/echta-derminga.de\/index.php?rest_route=\/wp\/v2\/posts\/13379","targetHints":{"allow":["GET"]}}],"collection":[{"href":"https:\/\/echta-derminga.de\/index.php?rest_route=\/wp\/v2\/posts"}],"about":[{"href":"https:\/\/echta-derminga.de\/index.php?rest_route=\/wp\/v2\/types\/post"}],"author":[{"embeddable":true,"href":"https:\/\/echta-derminga.de\/index.php?rest_route=\/wp\/v2\/users\/1"}],"replies":[{"embeddable":true,"href":"https:\/\/echta-derminga.de\/index.php?rest_route=%2Fwp%2Fv2%2Fcomments&post=13379"}],"version-history":[{"count":24,"href":"https:\/\/echta-derminga.de\/index.php?rest_route=\/wp\/v2\/posts\/13379\/revisions"}],"predecessor-version":[{"id":13417,"href":"https:\/\/echta-derminga.de\/index.php?rest_route=\/wp\/v2\/posts\/13379\/revisions\/13417"}],"wp:featuredmedia":[{"embeddable":true,"href":"https:\/\/echta-derminga.de\/index.php?rest_route=\/wp\/v2\/media\/13380"}],"wp:attachment":[{"href":"https:\/\/echta-derminga.de\/index.php?rest_route=%2Fwp%2Fv2%2Fmedia&parent=13379"}],"wp:term":[{"taxonomy":"category","embeddable":true,"href":"https:\/\/echta-derminga.de\/index.php?rest_route=%2Fwp%2Fv2%2Fcategories&post=13379"},{"taxonomy":"post_tag","embeddable":true,"href":"https:\/\/echta-derminga.de\/index.php?rest_route=%2Fwp%2Fv2%2Ftags&post=13379"}],"curies":[{"name":"wp","href":"https:\/\/api.w.org\/{rel}","templated":true}]}}