{"id":13507,"date":"2022-08-24T16:04:21","date_gmt":"2022-08-24T15:04:21","guid":{"rendered":"https:\/\/echta-derminga.de\/?p=13507"},"modified":"2022-08-24T16:04:23","modified_gmt":"2022-08-24T15:04:23","slug":"solarpark-dirmingen-wird-mit-gruenen-modulen-zum-neuen-pilotprojekt","status":"publish","type":"post","link":"https:\/\/echta-derminga.de\/?p=13507","title":{"rendered":"Solarpark Dirmingen wird mit &#8222;gr\u00fcnen Modulen&#8220; zum neuen Pilotprojekt"},"content":{"rendered":"\n<p class=\"has-medium-font-size wp-block-paragraph\"><strong>Der Solarpark in Dirmingen geh\u00f6rt europaweit zu den gr\u00f6\u00dften Photovoltaikanlagen. Der Park wurde bereits im Jahre 2018 in Betrieb genommen und nun durch neuen bifazialen Solarmodulen erweitert. Die in unserem Solarpark  verwendeten Solarpanels k\u00f6nnen auf der Vorder- und R\u00fcckseite Sonnenergie speichern. Dabei k\u00f6nnen bis zu 25 Prozent mehr Strom erzeugt werden als bei den herk\u00f6mmlichen Panels.<\/strong><\/p>\n\n\n\n<p class=\"has-medium-font-size wp-block-paragraph\">Am Montag, 22. August 2022 hatte der Betreiber der Agri- PV-Anlage die Firma \u201eNext2Sun Technology GmbH aus Dillingen\u201c zu Vorstellung der neuen bifaziale Solarz\u00e4une am Solarpark in Dirmingen eingeladen. Nicht nur in meiner Funktion als Ortsvorsteher habe ich sehr gerne an diesem Termin teilgenommen. Das Thema &#8222;Energiesparen&#8220; geht uns alle an und wird uns in in diesem Winter bestimmt vor gro\u00dfe Probleme stellen. Ich hatte mich vor diesem Termin gefragt, wie man eine solche Photovoltaikanlage, wie den Solarpark Dirmingen, noch besser machen kann. Letztendlich musste ich feststellen, dass mir das notwendige &#8222;know how&#8220; fehlt und einige schlaue K\u00f6pfe bereits viele gute Ideen entwickelt und auf den Weg gebracht haben.<\/p>\n\n\n\n<p class=\"has-medium-font-size wp-block-paragraph\"><strong>Stromenergie erzeugen und gleichzeitig Lebensmittel aus einem Feld gewinnen, wie soll das funktionieren ? Die im Solarpark Dirmingen vorhandenen bifaziale Solarz\u00e4une k\u00f6nnen auf beiden Seiten Sonnenstrahlen sammeln und in Elektrizit\u00e4t umwandeln. Dabei kann zwischen den auseinanderstehenden Panels die Nutzfl\u00e4che landwirtschaftlich genutzt werden. Der Eppelborner Landwirt Stefan Gro\u00df bewirtschaftet als P\u00e4chter die zehn Hektar gro\u00dfe Fl\u00e4che und sorgt somit auch daf\u00fcr, dass der Park immer sch\u00f6n gepflegt ausschaut.<\/strong><\/p>\n\n\n<div class=\"wp-block-image\">\n<figure class=\"aligncenter size-large\"><img loading=\"lazy\" decoding=\"async\" width=\"700\" height=\"315\" src=\"https:\/\/echta-derminga.de\/wp-content\/uploads\/2022\/08\/7777-700x315.jpg\" alt=\"\" class=\"wp-image-13512\" srcset=\"https:\/\/echta-derminga.de\/wp-content\/uploads\/2022\/08\/7777-700x315.jpg 700w, https:\/\/echta-derminga.de\/wp-content\/uploads\/2022\/08\/7777-300x135.jpg 300w, https:\/\/echta-derminga.de\/wp-content\/uploads\/2022\/08\/7777-768x346.jpg 768w, https:\/\/echta-derminga.de\/wp-content\/uploads\/2022\/08\/7777.jpg 1000w\" sizes=\"auto, (max-width: 700px) 100vw, 700px\" \/><figcaption class=\"wp-element-caption\">Fortschritt im Solarpark<\/figcaption><\/figure>\n<\/div>\n\n\n<p class=\"has-medium-font-size wp-block-paragraph\">Ich war also neugierig, was mich w\u00e4hrend Pr\u00e4sentation auf dem Solarpark erwartete. Gespannt lauschte ich den Worten des Gesch\u00e4ftsf\u00fchrers Heiko Hildebrandt des Betreibers &#8222;Next2Sun Technology&#8220;. Dabei begann der Gesch\u00e4ftsf\u00fchrer seine Ausf\u00fchrungen mit einem gro\u00dfen Kompliment an die Mitglieder des Ortsrates, des Gemeinderates und an die Mitarbeiter der Verwaltung. Heiko Hildebrandt verweis darauf, dass ohne die Akzeptanz und Unterst\u00fctzung der Politik und Verwaltung der Bau dieses Solarparks nicht m\u00f6glich gewesen w\u00e4re. Anderorts sind \u00e4hnliche Projekte am Widerstand der Verwaltung oder der Bev\u00f6lkerung im Sande verlaufen.<\/p>\n\n\n\n<p class=\"has-medium-font-size wp-block-paragraph\"><strong>Der Gesch\u00e4ftsf\u00fchrer betonte, dass der Dirminger Solarpark mit seinem innovativen Konzept weltweit als Vorbild f\u00fcr Anlagen in Frankreich, Irland, Schweden oder Korea dient. Diese Information war schon eine echte Ansage. Auf den mittlerweile Neun von zehn Hektar Fl\u00e4che stehen die senkrecht aufgestellten, bifazialen (doppelseitigen) blauen Module. W\u00e4hrend des Ortstermins sollten nun die neuen gr\u00fcne Module vorgestellt werden. Die Hoffnung liegt darin, dass diese Module harmonischer in die Landschaft einf\u00fcgt werden k\u00f6nnen. Vor einigen Jahren war die Akzeptanz von Photovoltaikanlagen auf landwirtschaftlichen Fl\u00e4che nicht besonders hoch. Die aktuelle Lage hat wohl auch den gr\u00f6\u00dften Kritikern vor Augen gef\u00fchrt, wie wichtig erneuerbare Energie sind.  Die bisherigen blau eingef\u00e4rbt Module k\u00f6nnen f\u00fcr Tiere eine Wasserfl\u00e4che simulieren und bilden somit eine Gefahr f\u00fcr V\u00f6gel. Die gr\u00fcne Antireflexschicht der neuen Module ist also tierfreundlicher und sie sehen zudem auch etwas naturverbundener aus. Allerdings ist der Leistungsverlust der neuen Module gegen\u00fcber der \u00e4lteren blauen Modulen wesentlich h\u00f6her als prognostiziert.<\/strong><\/p>\n\n\n\n<p class=\"has-medium-font-size wp-block-paragraph\"><strong> <\/strong><\/p>\n\n\n<div class=\"wp-block-image\">\n<figure class=\"aligncenter size-large\"><img loading=\"lazy\" decoding=\"async\" width=\"700\" height=\"489\" src=\"https:\/\/echta-derminga.de\/wp-content\/uploads\/2022\/08\/999-700x489.jpg\" alt=\"\" class=\"wp-image-13513\" srcset=\"https:\/\/echta-derminga.de\/wp-content\/uploads\/2022\/08\/999-700x489.jpg 700w, https:\/\/echta-derminga.de\/wp-content\/uploads\/2022\/08\/999-300x209.jpg 300w, https:\/\/echta-derminga.de\/wp-content\/uploads\/2022\/08\/999-768x536.jpg 768w, https:\/\/echta-derminga.de\/wp-content\/uploads\/2022\/08\/999.jpg 1203w\" sizes=\"auto, (max-width: 700px) 100vw, 700px\" \/><figcaption class=\"wp-element-caption\">Mit dem Minister, dem MdL und dem Beigeordneten<\/figcaption><\/figure>\n<\/div>\n\n\n<p class=\"has-medium-font-size wp-block-paragraph\">Wenn alles gut l\u00e4uft, wird das &#8222;Haus&#8216; Klein&#8220; noch in diesem Jahr eine Solaranlage auf den Dach unseres Hauses bekommen. Dabei war die Anschaffung alles andere als leicht. Wenn man sich heute eine Photovoltaikanlage bestellt, muss man mit einem Liefertermin im kommenden Jahr rechnen. Das ganze Prozedere sieht bei W\u00e4rmepumpen oder Heiz\u00f6fen ganz \u00e4hnlich aus.<\/p>\n\n\n\n<p class=\"has-medium-font-size wp-block-paragraph\"><strong>Auch der saarl\u00e4ndische Wirtschafts- und Energieminister J\u00fcrgen Barke besuchte den Solarpark, um sich ein eigenes Bild zu machen. In seiner Pressemitteilung erkl\u00e4rte Barke: \u201eIn Dirmingen steht eines der europaweit gr\u00f6\u00dften und innovativsten Zukunftslabore f\u00fcr die Energiewende. Die Fl\u00e4chenkonkurrenz zwischen Stromerzeugung und landwirtschaftlicher Nutzung ist damit praktisch Geschichte. Die neue Technologie leistet einen wichtigen Beitrag zum Ausbau der erneuerbaren Energien im Saarland. Ich rechne damit, dass die solaren Zaun-Felder in den n\u00e4chsten Jahren zu einem Standard in der Photovoltaik werden.\u201c <\/strong><\/p>\n\n\n\n<p class=\"has-medium-font-size wp-block-paragraph\">Sollte der Ausbau neuer barer Solarzellen in Dirmingen tats\u00e4chlich der Beginn einer neue \u00c4ra sein? Das w\u00e4re doch irgendwie recht cool oder ? In mir breitet sich die Hoffnung aus, dass wir mit noch mehr Innovation den zuk\u00fcnftigen Herausforderungen entgegenwirken k\u00f6nnen. Es ist wichtig, dass die Akzeptanz in der Bev\u00f6lkerung angehoben wird. Demzufolge sollen in den n\u00e4chsten Wochen Umfragen und Interviews in der Dirminger Bev\u00f6lkerung durchgef\u00fchrt werden.<\/p>\n\n\n\n<div class=\"wp-block-columns is-layout-flex wp-container-core-columns-is-layout-8f761849 wp-block-columns-is-layout-flex\">\n<div class=\"wp-block-column is-layout-flow wp-block-column-is-layout-flow\">\n<figure class=\"wp-block-image size-large\"><img loading=\"lazy\" decoding=\"async\" width=\"700\" height=\"466\" src=\"https:\/\/echta-derminga.de\/wp-content\/uploads\/2022\/08\/888-700x466.jpg\" alt=\"\" class=\"wp-image-13514\" srcset=\"https:\/\/echta-derminga.de\/wp-content\/uploads\/2022\/08\/888-700x466.jpg 700w, https:\/\/echta-derminga.de\/wp-content\/uploads\/2022\/08\/888-300x200.jpg 300w, https:\/\/echta-derminga.de\/wp-content\/uploads\/2022\/08\/888-768x511.jpg 768w, https:\/\/echta-derminga.de\/wp-content\/uploads\/2022\/08\/888.jpg 1000w\" sizes=\"auto, (max-width: 700px) 100vw, 700px\" \/><figcaption class=\"wp-element-caption\">Pr\u00e4sentation<\/figcaption><\/figure>\n<\/div>\n\n\n\n<div class=\"wp-block-column is-layout-flow wp-block-column-is-layout-flow\">\n<figure class=\"wp-block-image size-large\"><img loading=\"lazy\" decoding=\"async\" width=\"700\" height=\"315\" src=\"https:\/\/echta-derminga.de\/wp-content\/uploads\/2022\/08\/20220822_165529-700x315.jpg\" alt=\"\" class=\"wp-image-13515\" srcset=\"https:\/\/echta-derminga.de\/wp-content\/uploads\/2022\/08\/20220822_165529-700x315.jpg 700w, https:\/\/echta-derminga.de\/wp-content\/uploads\/2022\/08\/20220822_165529-300x135.jpg 300w, https:\/\/echta-derminga.de\/wp-content\/uploads\/2022\/08\/20220822_165529-768x346.jpg 768w, https:\/\/echta-derminga.de\/wp-content\/uploads\/2022\/08\/20220822_165529-1536x692.jpg 1536w, https:\/\/echta-derminga.de\/wp-content\/uploads\/2022\/08\/20220822_165529-2048x923.jpg 2048w\" sizes=\"auto, (max-width: 700px) 100vw, 700px\" \/><figcaption class=\"wp-element-caption\">Vergleich: Normale und &#8222;gr\u00fcne&#8220; Module<\/figcaption><\/figure>\n<\/div>\n<\/div>\n\n\n\n<p class=\"has-medium-font-size wp-block-paragraph\"><strong>Im Solarpark Dirmingen wird also aktuell der Einsatz von farbigen \u201egr\u00fcnen\u201c Modulen und deren Auswirkungen auf die Effizienz und Wirtschaftlichkeit der Anlage getestet. Gut so !  Diese Tests werden von der EU gef\u00f6rdert. Insgesamt gibt es 14 dieser Pilotanlagen in Luxemburg, Frankreich, Belgien und dem Saarland. Die Mittel stammen aus dem Europ\u00e4ischen Fonds f\u00fcr regionale Entwicklung und werden \u00fcber das Programm Interreg Gro\u00dfregion bereitgestellt. Das Institut f\u00fcr ZukunftsEnergie- und Stoffstromsysteme (IZES gGmbH) aus Saarbr\u00fccken \u00fcbernimmt die Gesamtkoordination des Projektes und erh\u00e4lt daf\u00fcr eine Landesf\u00f6rderung in H\u00f6he von rund 144.000 Euro.<\/strong><\/p>\n\n\n\n<p class=\"has-medium-font-size wp-block-paragraph\">Es wird also eine Menge Geld investiert um unsere Energiesicherung zu verbessern. Bleibt die Frage, was das uns allen im Moment oder speziell im kommenden Winter bringt. Der Weg zu mehr umweltfreundlichen neuer baren Energien wird nicht von heute auf morgen gelingen. Fakt ist: Wir brauchen neue Ideen ! Wir alle durften zuletzt feststellen, dass die Abh\u00e4ngigkeit von einem anderen Land nicht immer gut ist. Wenn es um die eigene Energie geht, werden viele Menschen sensibel. Wir alle haben l\u00e4ngst begriffen, dass der Strom nicht einfach nur aus der Steckdose kommt. Wir brauchen mehr Mut und mehr Innovation. Das sind wir alleine schon mal den n\u00e4chsten Generationen schuldig.<\/p>\n\n\n<div class=\"wp-block-image\">\n<figure class=\"aligncenter size-large\"><img loading=\"lazy\" decoding=\"async\" width=\"700\" height=\"564\" src=\"https:\/\/echta-derminga.de\/wp-content\/uploads\/2022\/08\/22222-700x564.jpg\" alt=\"\" class=\"wp-image-13516\" srcset=\"https:\/\/echta-derminga.de\/wp-content\/uploads\/2022\/08\/22222-700x564.jpg 700w, https:\/\/echta-derminga.de\/wp-content\/uploads\/2022\/08\/22222-300x242.jpg 300w, https:\/\/echta-derminga.de\/wp-content\/uploads\/2022\/08\/22222-768x618.jpg 768w, https:\/\/echta-derminga.de\/wp-content\/uploads\/2022\/08\/22222.jpg 1500w\" sizes=\"auto, (max-width: 700px) 100vw, 700px\" \/><figcaption class=\"wp-element-caption\">Mit Wirtschaftsminister J\u00fcrgen Barke auf dem Dirminger Solarpark<\/figcaption><\/figure>\n<\/div>\n\n\n<p class=\"wp-block-paragraph\"><\/p>\n\n\n\n<p class=\"wp-block-paragraph\"><\/p>\n\n\n\n<p class=\"wp-block-paragraph\"><\/p>\n","protected":false},"excerpt":{"rendered":"<p>Der Solarpark in Dirmingen geh\u00f6rt europaweit zu den gr\u00f6\u00dften Photovoltaikanlagen. Der Park wurde bereits im Jahre 2018 in Betrieb genommen und nun durch neuen bifazialen Solarmodulen erweitert. Die in unserem Solarpark verwendeten Solarpanels k\u00f6nnen auf der Vorder- und R\u00fcckseite Sonnenergie speichern. Dabei k\u00f6nnen bis zu 25 Prozent mehr Strom erzeugt werden als bei den herk\u00f6mmlichen Panels. Am Montag, 22. August<\/p>\n","protected":false},"author":1,"featured_media":13511,"comment_status":"open","ping_status":"closed","sticky":false,"template":"","format":"standard","meta":{"_crdt_document":"","footnotes":""},"categories":[1,902,46],"tags":[5,618,127,310,1005],"class_list":["post-13507","post","type-post","status-publish","format-standard","has-post-thumbnail","hentry","category-allgemein","category-meine-meinung","category-meine-politik","tag-dirmingen","tag-gemeinde-eppelborn","tag-landkreis-neunkirchen","tag-saarland","tag-solarpark-dirmingen"],"_links":{"self":[{"href":"https:\/\/echta-derminga.de\/index.php?rest_route=\/wp\/v2\/posts\/13507","targetHints":{"allow":["GET"]}}],"collection":[{"href":"https:\/\/echta-derminga.de\/index.php?rest_route=\/wp\/v2\/posts"}],"about":[{"href":"https:\/\/echta-derminga.de\/index.php?rest_route=\/wp\/v2\/types\/post"}],"author":[{"embeddable":true,"href":"https:\/\/echta-derminga.de\/index.php?rest_route=\/wp\/v2\/users\/1"}],"replies":[{"embeddable":true,"href":"https:\/\/echta-derminga.de\/index.php?rest_route=%2Fwp%2Fv2%2Fcomments&post=13507"}],"version-history":[{"count":5,"href":"https:\/\/echta-derminga.de\/index.php?rest_route=\/wp\/v2\/posts\/13507\/revisions"}],"predecessor-version":[{"id":13518,"href":"https:\/\/echta-derminga.de\/index.php?rest_route=\/wp\/v2\/posts\/13507\/revisions\/13518"}],"wp:featuredmedia":[{"embeddable":true,"href":"https:\/\/echta-derminga.de\/index.php?rest_route=\/wp\/v2\/media\/13511"}],"wp:attachment":[{"href":"https:\/\/echta-derminga.de\/index.php?rest_route=%2Fwp%2Fv2%2Fmedia&parent=13507"}],"wp:term":[{"taxonomy":"category","embeddable":true,"href":"https:\/\/echta-derminga.de\/index.php?rest_route=%2Fwp%2Fv2%2Fcategories&post=13507"},{"taxonomy":"post_tag","embeddable":true,"href":"https:\/\/echta-derminga.de\/index.php?rest_route=%2Fwp%2Fv2%2Ftags&post=13507"}],"curies":[{"name":"wp","href":"https:\/\/api.w.org\/{rel}","templated":true}]}}