{"id":13525,"date":"2022-08-27T11:39:46","date_gmt":"2022-08-27T10:39:46","guid":{"rendered":"https:\/\/echta-derminga.de\/?p=13525"},"modified":"2022-08-27T11:49:36","modified_gmt":"2022-08-27T10:49:36","slug":"13525","status":"publish","type":"post","link":"https:\/\/echta-derminga.de\/?p=13525","title":{"rendered":"Der H\u00e4uptling der Apachen wird zum nationalen Sorgenkind"},"content":{"rendered":"\n<p class=\"has-medium-font-size wp-block-paragraph\"><strong>Beim Lesen dieser Nachricht hatte es mir die Sprache verschlagen. Ich glaubte meine Augen und nicht suchte im Netz nach weiteren Informationen. Mit sowas hatte ich nun wirklich nicht gerechnet. Wollen die jetzt allen Ernstes Winnetou verbieten?&nbsp; Der Ravensburger Verlag nimmt mehrere Winnetou-Produkte aus dem Sortiment und das ARD vermeldet ab sofort keine Winnetou Filme mehr zu zeigen. Innerhalb weniger Tage entfachte eine heftige Diskussion \u00fcber den Umgang mit dem H\u00e4uptling der Apachen. Entweder du bist daf\u00fcr oder du bist dagegen, dazwischen gibt es nichts. Zahlreiche Politiker und K\u00fcnstler haben sich l\u00e4ngst in die Diskussion eingemischt und so wird der H\u00e4uptling der Apachen auf seine alten Tage noch zum nationalen Problemfall degradiert. Der alte Karl May d\u00fcrfte sich in Anbetracht der aktuellen Diskussion im Grabe umdrehen.<\/strong><\/p>\n\n\n\n<p class=\"has-medium-font-size wp-block-paragraph\">Ich musste die Nachricht erst mal sacken lassen, um mir dann meine Gedanken machen zu k\u00f6nnen. Was war passiert und wie konnte es so weit kommen. Fakt ist, mit der Ver\u00f6ffentlichung des neuen Kinofilms \u201eDer junge H\u00e4uptling Winnetou\u201c entfachte eine Rassismus Debatte. Ernsthaft jetzt? Nachdem ersten Schock, einer Tasse Kaffee und dem Durchlesen von vielen &#8222;f\u00fcr und wider&#8220; glaube ich mittlerweile verstanden zu haben, um was es wirklich geht. Das Unternehmen Ravensburger entschied sich nach eigenen Angaben wegen &#8222;vieler negativer R\u00fcckmeldungen&#8220; und dem hohen Druck aus Teilen der Bev\u00f6lkerung zu diesem ungew\u00f6hnlichen Schritt. In einer Pressemitteilung teilte der Verlag mit, dass man bei den Winnetou-Titeln zu der \u00dcberzeugung gelangt sei, der Unterdr\u00fcckung der indigenen Bev\u00f6lkerung Amerikas ein viel zu \u201eromantisierendes Bild mit vielen Klischees&#8220; verliehen zu haben. In Wirklichkeit sei der Film jedoch weit entfernt von dem, wie es der indigenen Bev\u00f6lkerung tats\u00e4chlich erging.<\/p>\n\n\n\n<p class=\"has-medium-font-size wp-block-paragraph\"><strong>Tats\u00e4chlich? Na, da haben wir ja lange daf\u00fcr gebraucht, um das endlich einmal zu verstehen. Nat\u00fcrlich ist dieses Argument nicht von der Hand zu weisen. Was bei der Eroberung Amerikas mit den Indianern oder Entschuldigung den Ur-Einwohnern geschah war ein Verbrechen an der Menschlichkeit. Kein Thema! Seltsam nur, dass es daf\u00fcr einen Kinder und Jugendfilm braucht, um daran zu erinnern. Ist das jetzt nicht etwas \u00fcber das Ziel hinausgeschossen? Langsam wird in mir der Eindruck erweckt, dass wir vor lauter \u201eGutdenken\u201c die Realit\u00e4t aus den Augen verlieren.<\/strong><\/p>\n\n\n\n<p class=\"has-medium-font-size wp-block-paragraph\">Als historisch interessierter Mensch kenne ich den geschichtlichen Hintergrund und die Vertreibung der indigenen Bev\u00f6lkerung aus Gebieten Nordamerikas. Anfang des 17. bis zum Ende des 19. Jahrhunderts wurde ein Gro\u00dfteil der indigenen Bev\u00f6lkerung unterworfen, vertrieben oder get\u00f6tet. Ein Gro\u00dfteil der indianischen Urbev\u00f6lkerung Nordamerikas wurde praktisch ausgel\u00f6scht. Ja, es stimmt, auch die Amerikaner haben eine S\u00fcnde an der Menschlichkeit begangen.<\/p>\n\n\n\n<p class=\"has-medium-font-size wp-block-paragraph\"><strong>Was bedeutet diese Debatte nun im Klartext? Hei\u00dft das, dass meine ganze Kinder- und Jugendzeit auf einem Fehler oder einem Missverst\u00e4ndnis basiert? Haben wir uns als Kinder schuldig gemacht oder waren wir sogar rassistisch? Ich erinnere mich an endlose, wundersch\u00f6ne Tage in den W\u00e4ldern unseres Heimatortes. Damals wollten wir alle so sein wie Chingachgook, Unkas, Sitting Bull oder Winnetou. Alle M\u00e4dels wollten werden wie Nscho-tschi, Ribanna oder viele Jahre sp\u00e4ter auch Pocahontas. War das alles falsch und am Ende ein gro\u00dfer Fehler? Bei unserem Kinderspiel wollten die wenigsten ein Cowboy sein. Die meisten wollten als tapferer Indianer als Sioux, Cheyenne und oder ein Apache rumlaufen. Und nun, diskutiert man in den sozialen Medien wie ein richtiger und w\u00fcrdevoller Umgang mit Indianern oder Entschuldigung einem indigenen Volk auszusehen mag. Ich gebe zu, ich habe damit so meine Probleme.<\/strong><\/p>\n\n\n\n<p class=\"has-medium-font-size wp-block-paragraph\">Was kommt als n\u00e4chstes? Werden wir an der Fastnacht alle Indianer-Kost\u00fcme verbieten? M\u00fcssen PUR und NENA ihre Indianer-Lieder umdichten? Wohin f\u00fchrt uns diese Debatte? Ich f\u00fcr meinen Teil denke, dass diese Diskussion an den Menschen vorbeif\u00fchrt. Wir haben wahrhaftig gr\u00f6\u00dfere Probleme in unserem Land. Ich kann mir gut vorstellen, dass es vielen Indianern bei dieser Debatte \u00e4hnlich ergeht wie vielen Frauen bei der Gender-Diskussion. Viel wichtiger w\u00e4re es die Probleme der Frauen oder in diesem Fall der Indianer endlich einmal anzugehen und umgehend Hilfe zu gew\u00e4hrleisten. Dazu geh\u00f6rt, dass Frauen endlich einmal gerechter bezahlt werden und mehr Gleichberechtigung auf dem Arbeitsmarkt erfahren. So gut sie auch gemeint ist, die aktuelle Genderdebatte f\u00fcllt keinen Geldbeutel. Genauso ist es im \u00fcbertragenen Sinne mit den Indianern. Wenn man sich einmal mit den indigenen V\u00f6lkern Nordamerikas befasst, werden deren Probleme offensichtlich: Fehlende Akzeptanz, Arbeitslosigkeit, fehlende Schulbildung, Alkohol und Drogen geh\u00f6ren besonders in dieser Bev\u00f6lkerungsschicht zu den gr\u00f6\u00dften Problemen. Indianer haben oft eine besonders enge Bindung zu ihrer Heimat und der Natur. Bei der Eroberung Amerikas wurde den Indianern ihr Land geraubt und bis heute nicht wieder zur\u00fcckgegeben. Die Vereinigten Staaten haben diesbez\u00fcglich viel Porzellan zerschlagen und bis heute nicht damit begonnen diesen S\u00fcndenfall aufzuarbeiten.<\/p>\n\n\n\n<p class=\"has-medium-font-size wp-block-paragraph\"><strong>Anstatt den Finger genau auf diese Wunde zu legen, zerreiben wir uns im deutschen Lande mit der Frage ob die B\u00fccher des alten Karl May rassistisch sind. Nat\u00fcrlich sind diese B\u00fccher nicht frei von Rassismus! Nat\u00fcrlich steht in diesen B\u00fcchern vieles geschrieben, was nicht gerade menschlich wirkt: Rothaut oder Bastard sind nur zwei Beispiele b\u00f6ser Diffamierungen an der indigenen Bev\u00f6lkerung. Stimmt! diese Tatsache ist nicht von der Hand zu weisen.<\/strong><\/p>\n\n\n\n<p class=\"has-medium-font-size wp-block-paragraph\">Stellt sich die Frage, was wir als n\u00e4chsten angehen. Wir k\u00f6nnten vielleicht den guten Luther verbieten, der wegen seiner Haltung zu den Juden nicht gerade unumstritten war. Wir k\u00f6nnten aber auch den alten Turnvater Jahn verbieten, der ganz offensichtlich starke antisemitische Werte \u00fcbertrug. Schaffen wir nun als Konsequenz den Protestantismus ab oder l\u00f6sen wir die vielen Turnvereine, die sich nach \u201eJahn\u201c benennen auf? Nein, soweit darf es nicht kommen. Luther, Jahn oder auch Karl May waren Kinder ihrer Zeit! Merke: Wo Licht ist, befindet sich immer auch Schatten!<\/p>\n\n\n\n<p class=\"has-medium-font-size wp-block-paragraph\"><strong>Die Bezeichnung &#8222;Indianer&#8220; stammt aus der Kolonialzeit. Christoph Kolumbus 1492 dachte damals zun\u00e4chst er h\u00e4tte Indien entdeckt. Am Ende wurde bekannterweise das gute Amerika aus der Wiege gehoben. Das Wort &#8222;Indianer&#8220; ruft laut Fachwelt Assoziationen wach, die stark von Klischees gepr\u00e4gt sind und nur wenig mit der Realit\u00e4t zu tun haben. In den Vereinigten Staaten gibt es heute nur noch 574 staatlich anerkannte indianische Nationen beziehungsweise St\u00e4mme und Stammesgruppen. Diese Bev\u00f6lkerungsgruppe wird heute &#8222;Native Americans&#8220; genannt. Die Debatte in den sozialen Medien geht inzwischen so weit, dass man nur noch von dem &#8222;I-Wort&#8220; spricht. Das alles wegen eines kleinen Kinder -und Jugendfilms. &nbsp;<\/strong><\/p>\n\n\n\n<p class=\"has-medium-font-size wp-block-paragraph\">Tats\u00e4chlich finden viele indigenen V\u00f6lker den Begriff &#8222;Indianer&#8220; als hochproblematisch, verletzend und verallgemeinert. Beim zweiten Nachfragen verweisen die Sprecher der indigenen V\u00f6lker jedoch auf viel wichtiger Probleme. Die fehlende Akzeptanz und das Gef\u00fchl ein Mensch zweiter Klasse zu sein, wiegt viel schwerer. Wir sollten einen Schritt vor dem anderen tun! Aus meiner Sicht bringt das jetzt wirklich nichts, den guten Winnetou zu verbieten.<\/p>\n\n\n\n<p class=\"has-medium-font-size wp-block-paragraph\"><strong>Ich denke zur\u00fcck an meine Kinderzeit. War das denn wirklich alles so falsch? Kriegsbemalung, Kriegstanz, Marterpfahl und das Ausgraben des Kriegsbeils? Ja stimmt, etwas zu viel Krieg befindet sich in dieser Auflistung. Dabei d\u00fcrfen wir niemals vergessen, dass der \u201ewei\u00dfe Mann\u201c den Sturm ges\u00e4t hat. Der \u201eWei\u00dfe Mann\u201c, oje, wieder so ein klischeehaftes W\u00f6rtchen. Was habe ich da wohl wieder angerichtet?<\/strong><\/p>\n\n\n\n<p class=\"has-medium-font-size wp-block-paragraph\">Ja, es stimmt: Winnetou, Chingachgook aber auch Old Shutterhand, oder Tom Sawyer und Huckleberry Finn waren \u201eHelden meiner Kindheit&#8220;. Wobei ich bei dem letztgenannten Klassiker jetzt kein weiteres Fass aufmachen m\u00f6chte. Wenn man sich diesen Roman einmal durchliest, st\u00f6\u00dft man auf einen weiteren amerikanischen Alptraum. &nbsp;<\/p>\n\n\n\n<p class=\"has-medium-font-size wp-block-paragraph\">Liebe Leute, mir pers\u00f6nlich f\u00fchrt diese Debatte zu weit! Ich frage mich: Was kommt als n\u00e4chstes? Vielleicht die Gebr\u00fcder Grimm? Lest euch mal den Struwwelpeter oder Max und Moritz durch.  Wer suchet der findet! In der Geschichte unseres Landes wurden beim malen von Bildern, aufnehmen von Liedern, schreiben von B\u00fcchern oder auch drehen von Filmen viele Fehler gemacht. Diese Fehler korrigiert man nicht einfach so mit einem Verbot! Aus meiner Sicht m\u00fcssen wir vielmehr an unseren Werten arbeiten. Meine Kinderzeit und die liebe zu den Karl May B\u00fcchern, der \u00fcbrigens alles andere als ein ehrenvoller Mann war, hat mir auch viel Gutes vermittelt. Wir d\u00fcrfen niemals vergessen, dass in allen Karl May B\u00fcchern und allen damit verbundenen Verfilmungen der gute Winnetou auch f\u00fcr Ehre, Gerechtigkeit, Tapferkeit, Menschlichkeit und Heimatliebe stand. Und, am Ende siegte immer das Gute !&nbsp;&nbsp;<\/p>\n\n\n\n<p class=\"has-medium-font-size wp-block-paragraph\"><strong>Schlie\u00dflich hat der gute Winnetou gerne auch mal ne&#8216; Blutsbr\u00fcderschaft geschlossen oder eine Friedenspfeife geraucht. Genau das sollten wir alle jetzt mal sinnbildlich tun und uns beruhigen. Wir haben ganz andere Probleme auf dieser sch\u00f6nen Erde.<\/strong><\/p>\n","protected":false},"excerpt":{"rendered":"<p>Beim Lesen dieser Nachricht hatte es mir die Sprache verschlagen. Ich glaubte meine Augen und nicht suchte im Netz nach weiteren Informationen. Mit sowas hatte ich nun wirklich nicht gerechnet. Wollen die jetzt allen Ernstes Winnetou verbieten?&nbsp; Der Ravensburger Verlag nimmt mehrere Winnetou-Produkte aus dem Sortiment und das ARD vermeldet ab sofort keine Winnetou Filme mehr zu zeigen. Innerhalb weniger<\/p>\n","protected":false},"author":1,"featured_media":13533,"comment_status":"open","ping_status":"closed","sticky":false,"template":"","format":"standard","meta":{"_crdt_document":"","footnotes":""},"categories":[1,902],"tags":[5,618,1007,127,310,1006],"class_list":["post-13525","post","type-post","status-publish","format-standard","has-post-thumbnail","hentry","category-allgemein","category-meine-meinung","tag-dirmingen","tag-gemeinde-eppelborn","tag-karl-may","tag-landkreis-neunkirchen","tag-saarland","tag-winnetou"],"_links":{"self":[{"href":"https:\/\/echta-derminga.de\/index.php?rest_route=\/wp\/v2\/posts\/13525","targetHints":{"allow":["GET"]}}],"collection":[{"href":"https:\/\/echta-derminga.de\/index.php?rest_route=\/wp\/v2\/posts"}],"about":[{"href":"https:\/\/echta-derminga.de\/index.php?rest_route=\/wp\/v2\/types\/post"}],"author":[{"embeddable":true,"href":"https:\/\/echta-derminga.de\/index.php?rest_route=\/wp\/v2\/users\/1"}],"replies":[{"embeddable":true,"href":"https:\/\/echta-derminga.de\/index.php?rest_route=%2Fwp%2Fv2%2Fcomments&post=13525"}],"version-history":[{"count":6,"href":"https:\/\/echta-derminga.de\/index.php?rest_route=\/wp\/v2\/posts\/13525\/revisions"}],"predecessor-version":[{"id":13535,"href":"https:\/\/echta-derminga.de\/index.php?rest_route=\/wp\/v2\/posts\/13525\/revisions\/13535"}],"wp:featuredmedia":[{"embeddable":true,"href":"https:\/\/echta-derminga.de\/index.php?rest_route=\/wp\/v2\/media\/13533"}],"wp:attachment":[{"href":"https:\/\/echta-derminga.de\/index.php?rest_route=%2Fwp%2Fv2%2Fmedia&parent=13525"}],"wp:term":[{"taxonomy":"category","embeddable":true,"href":"https:\/\/echta-derminga.de\/index.php?rest_route=%2Fwp%2Fv2%2Fcategories&post=13525"},{"taxonomy":"post_tag","embeddable":true,"href":"https:\/\/echta-derminga.de\/index.php?rest_route=%2Fwp%2Fv2%2Ftags&post=13525"}],"curies":[{"name":"wp","href":"https:\/\/api.w.org\/{rel}","templated":true}]}}