{"id":13543,"date":"2022-09-01T19:16:14","date_gmt":"2022-09-01T18:16:14","guid":{"rendered":"https:\/\/echta-derminga.de\/?p=13543"},"modified":"2022-09-01T19:21:08","modified_gmt":"2022-09-01T18:21:08","slug":"vom-poschdehaus-zur-dorfbaeckerei-jedes-haus-erzaehlt-seine-eigene-geschichte","status":"publish","type":"post","link":"https:\/\/echta-derminga.de\/?p=13543","title":{"rendered":"Vom &#8222;Poschdehaus&#8220; zur Dorfb\u00e4ckerei &#8211; Jedes Haus erz\u00e4hlt seine eigene Geschichte"},"content":{"rendered":"\n<p class=\"has-medium-font-size wp-block-paragraph\"><strong>Wenn ich manchmal durch unsere Stra\u00dfen schlendere besch\u00e4ftige ich mich gerne mit der Frage, wie es wohl fr\u00fcher in unserem D\u00f6rfchen ausgesehen mag. Schon alleine aus diesem Grunde, liegt mir die Geschichte unseres Dorfes so sehr am Herzen. Was war fr\u00fcher, wer lebte hier und wie sah es wohl einst in unserem D\u00f6rfchen aus ?!?  <\/strong><\/p>\n\n\n\n<p class=\"has-medium-font-size wp-block-paragraph\">Fakt ist, nach dem zweiten Weltkrieg hat sich das Ortsbild unseres Heimatortes ma\u00dfgeblich ver\u00e4ndert.  Dirmingen geh\u00f6rte zu den meistgesch\u00e4digten Landgemeinden im Kreis Ottweiler. Etliche H\u00e4user waren zerst\u00f6rt oder zumindest stark besch\u00e4digt. Die Feldwege waren in einem desolaten Zustand. Die Strom &#8211; und Wasserversorgung war kaum noch gew\u00e4hrleistet und die Ortsdurchfahrt hatte diesen Namen eigentlich nicht verdient. Nach einigen aufopferungsvollen und arbeitsreichen Jahren konnte die Fertigstellung der Ortsdurchfahrt, der heutigen L 112 und die Bachregulierung &#8211; Einm\u00fcndung Alsbach in die Illbach \u201eZu den Biesen\u201c am 11. 11. 1951 mit einem gro\u00dfen Fest im Saal Heintz-John gefeiert werden. Die zust\u00e4ndigen Firmen mussten aufgrund gro\u00dfen Arbeitskr\u00e4ftemangels auf die Hilfe der Bev\u00f6lkerung zur\u00fcckgreifen. Alte Ruinen wurden gebrochen und die sehr schmale Ortsdurchfahrt wurde breiter ausgebaut. Bis zu diesem Zeitpunkt war es kaum m\u00f6glich, dass zwei Fahrzeuge zeitgleich die Hauptstra\u00dfe passierten.<\/p>\n\n\n\n<p class=\"has-medium-font-size wp-block-paragraph\"><strong>Im Rahmen dieser Arbeiten wurde durch die Gemeinde Dirmingen und den Landkreis Ottweiler eine Flurbereinigung in Angriff genommen. Dazu geh\u00f6rte auch, dass einige Bauernh\u00f6fe aus der Ortsmitte an den Ortsrand verlegt wurden. Im Laufe der Zeit entstanden im Kreis Ottweiler 42 Aussiedlerh\u00f6fe. Die H\u00f6fe bekamen neues Land und dazu eine Hof nahe Weidefl\u00e4chen zugesprochen. Die alten, historischen H\u00f6fe in der Ortsmitte hingegen mussten der Stra\u00dfenerweiterung weichen. Zu den bekanntesten \u201eOpfern\u201c geh\u00f6rten die Anwesen \u201eVeltes\u201c, \u201eSchw\u00e4hns\u201c oder auch \u201eKarls\u201c. Die uralten Geb\u00e4ude, wurden abgebrochen und mussten dem Fortschritt weichen.<\/strong><\/p>\n\n\n<div class=\"wp-block-image\">\n<figure class=\"aligncenter size-full\"><img loading=\"lazy\" decoding=\"async\" width=\"668\" height=\"429\" src=\"https:\/\/echta-derminga.de\/wp-content\/uploads\/2018\/02\/2-2.jpg\" alt=\"\" class=\"wp-image-550\" srcset=\"https:\/\/echta-derminga.de\/wp-content\/uploads\/2018\/02\/2-2.jpg 668w, https:\/\/echta-derminga.de\/wp-content\/uploads\/2018\/02\/2-2-300x193.jpg 300w\" sizes=\"auto, (max-width: 668px) 100vw, 668px\" \/><figcaption class=\"wp-element-caption\">Nach dem Abriss<\/figcaption><\/figure>\n<\/div>\n\n\n<p class=\"has-medium-font-size wp-block-paragraph\">Das ehemalige Bauerndorf Dirmingen verf\u00fcgte einst \u00fcber viele wundersch\u00f6ne Geb\u00e4ude. Die meisten davon kennen wir heute nur noch aus Erz\u00e4hlungen, alten Bildern oder aus unserer Dorfchronik. Das Alte vergeht und das Neue nimmt seinen Platz ein !! So ist das Leben. Einige ehrw\u00fcrdige Bauten blieben uns jedoch gottlob erhalten. Dazu geh\u00f6rt unter anderem &#8222;Beegels&#8220;, &#8222;Maarsche-Haus&#8220; oder auch das altehrw\u00fcrdige evangelische Pfarrhaus. Auch der Nachfolgebau des alten  &#8222;Post-Hauses&#8220; in der Ortsmitte geh\u00f6rt zu diesen beeindruckenden Geb\u00e4uden. Heute befindet sich in diesem Geb\u00e4ude unsere Dorfb\u00e4ckerei. Zuvor konnte man dort im Gasthaus &#8222;Alte Post&#8220; oder &#8222;Marktschenke&#8220; ein k\u00fchles Blondes genie\u00dfen. Wenn ich mich manchmal, bei einer Tasse Kaffee, umblicke erinnere ich mich gerne an die guten alten Zeiten. Dort wo heute Tischgarnituren stehen und Menschen ihre Backwaren genie\u00dfen, befand sich einst die Theke der &#8222;Alten Post&#8220;. Ganz fr\u00fcher, vor meiner Zeit, war die Post im Vorg\u00e4ngerbau dieses Geb\u00e4udes untergebracht. Das Postwesen in Dirmingen geht auf eine 130-j\u00e4hrige Geschichte zur\u00fcck. Am 01.Juni 1885 wurde in Dirmingen die erste Postagentur eingerichtet. Bis zum 31.Juli 1904 verwaltete der einheimische Ackerer Peter Guth\u00f6rl die erste Dirminger Post. Das vorhandene Postwesen wurde im Laufe der Jahre st\u00e4ndig verbessert. Im Jahre 1896 wurden im Saarland erstmals Fahrr\u00e4der zur Verteilung der Post eingesetzt. Die erste Fernsprechstelle in den Postr\u00e4umen wurden vermutlich am 30.August 1900 eingerichtet. Das Dirminger Postwesen unterstand bis zum 31.M\u00e4rz 1909 dem Postamt Illingen. Danach kamen weitere \u00c4nderungen zum Tragen wobei die Dirminger Postagentur am&nbsp; 31.August 1909 dem selbst\u00e4ndigen Postamt Eppelborn unterstellt wurde. Was mag sich hier an dieser Stelle alles abgespielt haben ? Nachweislich erhielt die Frau des &#8222;Poschdevaters&#8220; in diesem Geb\u00e4ude die Nachricht, dass der 1. Weltkrieg begonnen h\u00e4tte. Der &#8222;Poschdevatter&#8220; leitete bis&nbsp; zum 30.November 1935 ,im eigenen Anwesen in der Ortsmitte, die Postagentur. Der &#8222;Poschdevatter&#8220; Johann Nikloaus Heintz war in Dirmingen eine anerkannte Pers\u00f6nlichkeit. Die Post galt schon damals als zentrale Anlaufstelle und die Inhaber einer Postagentur waren meistens die ersten, die irgendwelche Neuigkeiten erfuhren. Johann Nikolaus Heintz verstarb am 04.Dezember 1941 im Alter von fast 90.Jahren. <\/p>\n\n\n<div class=\"wp-block-image\">\n<figure class=\"aligncenter size-large\"><img loading=\"lazy\" decoding=\"async\" width=\"700\" height=\"478\" src=\"https:\/\/echta-derminga.de\/wp-content\/uploads\/2022\/09\/155244427_236545651461962_3164900419764491524_o-1-700x478.jpg\" alt=\"\" class=\"wp-image-13546\" srcset=\"https:\/\/echta-derminga.de\/wp-content\/uploads\/2022\/09\/155244427_236545651461962_3164900419764491524_o-1-700x478.jpg 700w, https:\/\/echta-derminga.de\/wp-content\/uploads\/2022\/09\/155244427_236545651461962_3164900419764491524_o-1-300x205.jpg 300w, https:\/\/echta-derminga.de\/wp-content\/uploads\/2022\/09\/155244427_236545651461962_3164900419764491524_o-1-768x524.jpg 768w, https:\/\/echta-derminga.de\/wp-content\/uploads\/2022\/09\/155244427_236545651461962_3164900419764491524_o-1.jpg 1311w\" sizes=\"auto, (max-width: 700px) 100vw, 700px\" \/><\/figure>\n<\/div>\n\n\n<p class=\"has-medium-font-size wp-block-paragraph\"><strong>Der evangelische Pfarrer Brandt hatte das alte &#8222;Poschde-Haus&#8220; damals erbauen lassen. Als das Geb\u00e4ude abgerissen wurde, entstand am gleichem Ort ein neues Geb\u00e4ude mit Gastwirtschaft, Verkaufsr\u00e4umen und Wohnungen. Genau in diesem Geb\u00e4ude befindet sich heute unsere Dorfb\u00e4ckerei. Ironie des Schicksals, auch heute erf\u00e4hrt man genau in diesem Geb\u00e4ude die Neuigkeiten des Tages.<\/strong><\/p>\n\n\n\n<p class=\"has-medium-font-size wp-block-paragraph\"><strong>Die weitere Geschichte des Postwesen ist schnell erz\u00e4hlt:<\/strong>  Vom 01.Dezember 1935 bis zum 15.April 1954 leitete der Dirminger Kaufmann Otto Schwammbach die Poststelle in Dirmingen. Im zweiten Weltkrieg wurde die Poststelle im Hause Schwammbach zerst\u00f6rt. Die evangelische Volksschule in der Urexweilerstrasse diente kurzzeitig als neuer Gesch\u00e4ftsraum. Im Jahre 1954 \u00fcbernahm der Postbetriebsleiter Heinrich Guth\u00f6rl das neue Dirminger Postamt in der Guth\u00f6rl&#8217;schen M\u00fchle, auf dem Gel\u00e4nde des heutigen Zentrums &#8222;Alte M\u00fchle&#8220;. Mit dem Ausscheiden des Postbetriebsleiters Heinrich Guth\u00f6rl \u00fcbernahmen Bedienstete der Deutschen Bundespost die Aufgaben des Zweigpostamtes Dirmingen.&nbsp; In der Zeit vom 22.Juli 1957 bis zum 21.November 1959 wurde die Post im fr\u00fcheren Dirminger Gemeindehaus untergebracht.&nbsp; Am 24.November 1964 wurde die Post in das Untergeschoss des neuen evangelischen Gemeindehauses verlegt. Sp\u00e4ter in de 1990-er Jahren bekam die Poststelle ihre Heimat in den Gesch\u00e4ftsr\u00e4umen von &#8222;Schreiben und Schenken&#8220; Seibert \/Gordner in der Ortsmitte. Vor zwei Jahren wurde die Post in den Gesch\u00e4ftsr\u00e4umen von Reifen &amp; KFZ Handel M\u00fcller untergebracht. Demn\u00e4chst findet die Post eine neue Heimat beim Getr\u00e4nkehandel Babu. Gut, dass es in Dirmingen noch eine Poststelle gibt. <\/p>\n\n\n<div class=\"wp-block-image\">\n<figure class=\"aligncenter size-full\"><img loading=\"lazy\" decoding=\"async\" width=\"800\" height=\"619\" src=\"https:\/\/echta-derminga.de\/wp-content\/uploads\/2018\/02\/3-1.jpg\" alt=\"\" class=\"wp-image-551\" srcset=\"https:\/\/echta-derminga.de\/wp-content\/uploads\/2018\/02\/3-1.jpg 800w, https:\/\/echta-derminga.de\/wp-content\/uploads\/2018\/02\/3-1-300x232.jpg 300w, https:\/\/echta-derminga.de\/wp-content\/uploads\/2018\/02\/3-1-768x594.jpg 768w, https:\/\/echta-derminga.de\/wp-content\/uploads\/2018\/02\/3-1-676x523.jpg 676w\" sizes=\"auto, (max-width: 800px) 100vw, 800px\" \/><figcaption class=\"wp-element-caption\">Laufe der Zeit<\/figcaption><\/figure>\n<\/div>\n\n\n<p class=\"has-medium-font-size wp-block-paragraph\"><strong>Jedes einzelne Haus berichtet von den Menschen und den Ereignissen in unserem Dorf. Die Geschichte des alten &#8222;Poschde-Hauses&#8220; und seines Nachfolgebaus dient hier nur als Beispiel und ist dennoch eng verbunden mit der Entwicklung unserer Ortsmitte. Ganz leicht k\u00f6nnte man an dieser Stelle \u00fcber viele weitere historische Bauten berichten. Eine Aufgabe w\u00e4re es, die vorhandenen historischen Geb\u00e4ude sinnvoll zu erhalten und in die Entwicklung des Ortskerns einflie\u00dfen zu lassen. Bleibt die Frage, wer die Rechnung bezahlt ?<\/strong> <strong>Naja, tr\u00e4umen wird man ja noch d\u00fcrfen, orra ?<\/strong> <\/p>\n\n\n\n<div class=\"wp-block-columns is-layout-flex wp-container-core-columns-is-layout-8f761849 wp-block-columns-is-layout-flex\">\n<div class=\"wp-block-column is-layout-flow wp-block-column-is-layout-flow\">\n<figure class=\"wp-block-image size-full\"><img loading=\"lazy\" decoding=\"async\" width=\"800\" height=\"544\" src=\"https:\/\/echta-derminga.de\/wp-content\/uploads\/2018\/02\/4.jpg\" alt=\"\" class=\"wp-image-552\" srcset=\"https:\/\/echta-derminga.de\/wp-content\/uploads\/2018\/02\/4.jpg 800w, https:\/\/echta-derminga.de\/wp-content\/uploads\/2018\/02\/4-300x204.jpg 300w, https:\/\/echta-derminga.de\/wp-content\/uploads\/2018\/02\/4-768x522.jpg 768w, https:\/\/echta-derminga.de\/wp-content\/uploads\/2018\/02\/4-676x460.jpg 676w\" sizes=\"auto, (max-width: 800px) 100vw, 800px\" \/><figcaption class=\"wp-element-caption\">Laufe der Zeit<\/figcaption><\/figure>\n<\/div>\n\n\n\n<div class=\"wp-block-column is-layout-flow wp-block-column-is-layout-flow\">\n<figure class=\"wp-block-image size-full\"><img loading=\"lazy\" decoding=\"async\" width=\"640\" height=\"480\" src=\"https:\/\/echta-derminga.de\/wp-content\/uploads\/2018\/02\/5.jpg\" alt=\"\" class=\"wp-image-553\" srcset=\"https:\/\/echta-derminga.de\/wp-content\/uploads\/2018\/02\/5.jpg 640w, https:\/\/echta-derminga.de\/wp-content\/uploads\/2018\/02\/5-300x225.jpg 300w\" sizes=\"auto, (max-width: 640px) 100vw, 640px\" \/><figcaption class=\"wp-element-caption\">Heute<\/figcaption><\/figure>\n<\/div>\n<\/div>\n","protected":false},"excerpt":{"rendered":"<p>Wenn ich manchmal durch unsere Stra\u00dfen schlendere besch\u00e4ftige ich mich gerne mit der Frage, wie es wohl fr\u00fcher in unserem D\u00f6rfchen ausgesehen mag. Schon alleine aus diesem Grunde, liegt mir die Geschichte unseres Dorfes so sehr am Herzen. Was war fr\u00fcher, wer lebte hier und wie sah es wohl einst in unserem D\u00f6rfchen aus ?!? Fakt ist, nach dem zweiten<\/p>\n","protected":false},"author":1,"featured_media":549,"comment_status":"open","ping_status":"closed","sticky":false,"template":"","format":"standard","meta":{"_crdt_document":"","footnotes":""},"categories":[1,8],"tags":[5,618,127,1008,1009,310],"class_list":["post-13543","post","type-post","status-publish","format-standard","has-post-thumbnail","hentry","category-allgemein","category-sellemols-und-awweile","tag-dirmingen","tag-gemeinde-eppelborn","tag-landkreis-neunkirchen","tag-poschdehaus","tag-post","tag-saarland"],"_links":{"self":[{"href":"https:\/\/echta-derminga.de\/index.php?rest_route=\/wp\/v2\/posts\/13543","targetHints":{"allow":["GET"]}}],"collection":[{"href":"https:\/\/echta-derminga.de\/index.php?rest_route=\/wp\/v2\/posts"}],"about":[{"href":"https:\/\/echta-derminga.de\/index.php?rest_route=\/wp\/v2\/types\/post"}],"author":[{"embeddable":true,"href":"https:\/\/echta-derminga.de\/index.php?rest_route=\/wp\/v2\/users\/1"}],"replies":[{"embeddable":true,"href":"https:\/\/echta-derminga.de\/index.php?rest_route=%2Fwp%2Fv2%2Fcomments&post=13543"}],"version-history":[{"count":6,"href":"https:\/\/echta-derminga.de\/index.php?rest_route=\/wp\/v2\/posts\/13543\/revisions"}],"predecessor-version":[{"id":13551,"href":"https:\/\/echta-derminga.de\/index.php?rest_route=\/wp\/v2\/posts\/13543\/revisions\/13551"}],"wp:featuredmedia":[{"embeddable":true,"href":"https:\/\/echta-derminga.de\/index.php?rest_route=\/wp\/v2\/media\/549"}],"wp:attachment":[{"href":"https:\/\/echta-derminga.de\/index.php?rest_route=%2Fwp%2Fv2%2Fmedia&parent=13543"}],"wp:term":[{"taxonomy":"category","embeddable":true,"href":"https:\/\/echta-derminga.de\/index.php?rest_route=%2Fwp%2Fv2%2Fcategories&post=13543"},{"taxonomy":"post_tag","embeddable":true,"href":"https:\/\/echta-derminga.de\/index.php?rest_route=%2Fwp%2Fv2%2Ftags&post=13543"}],"curies":[{"name":"wp","href":"https:\/\/api.w.org\/{rel}","templated":true}]}}