{"id":13552,"date":"2022-09-05T15:43:58","date_gmt":"2022-09-05T14:43:58","guid":{"rendered":"https:\/\/echta-derminga.de\/?p=13552"},"modified":"2022-09-05T15:50:43","modified_gmt":"2022-09-05T14:50:43","slug":"in-sachen-ortsvorsteher-vom-schulstart-einem-sinnlosen-vandalismus-neuen-street-buddys-und-einem-spielball","status":"publish","type":"post","link":"https:\/\/echta-derminga.de\/?p=13552","title":{"rendered":"In Sachen Ortsvorsteher: Vom Schulstart, einem sinnlosen Vandalismus, neuen &#8222;Street-Buddys&#8220; und einem Spielball"},"content":{"rendered":"\n<p class=\"has-medium-font-size wp-block-paragraph\">Liebe Mitb\u00fcrgerinnen, liebe Mitb\u00fcrger, die Ferien sind zu Ende und am Montag, 05. September beginnt f\u00fcr die Kinder und Jugendlichen im Saarland wieder der &#8222;Ernst des Lebens&#8220;. In unserem Heimatort Dirmingen werden ca. 25 Kinder eingeschult. Die neuen Abc-Sch\u00fctzen haben mit einer Feierstunde in der Borrwieshalle, den Beginn des neuen Lebensabschnittes gefeiert. Ich w\u00fcnsche allen Sch\u00fclerinnen und Sch\u00fclern und insbesondere den Schulanf\u00e4ngern und ihren Eltern einen guten Start in die neue Zeit.<\/p>\n\n\n\n<p class=\"has-medium-font-size wp-block-paragraph\"><strong>Vandalismus tr\u00fcbt Blick auf Schulbeginn<\/strong><\/p>\n\n\n\n<p class=\"has-medium-font-size wp-block-paragraph\">Unmittelbar vor dem Schulstart, am letzten Ferientag, haben Unbekannte Vandalismus in Dirmingen betrieben. Dabei ist diese Form des groben Unfugs unter der Rubrik &#8220; b\u00f6swillig&#8220; einzustufen. In der B\u00f6llingerstrasse wurden &#8222;Street Buddys&#8220;, die f\u00fcr die Sicherheit der Kinder sorgen sollten, mutwillig zerst\u00f6rt. Au\u00dferdem wurde das Haus der Familie Feit besch\u00e4digt und die B\u00f6llingerstra\u00dfe mit M\u00fclleimern versperrt. Letzteres ist alles andere als ein Kavaliersdelikt. Nicht auszudenken, wenn unsere Feuerwehr auf dem Weg zu ihrem Einsatzort behindert w\u00fcrde. Manchmal entscheiden Sekunden \u00fcber das Leben der Anderen. Ich bin mir mit den Anwohnern der Stra\u00dfe einig, dass wir uns von diesem sinnlosen Taten nicht beeindrucken lassen. Mittlerweile wurde bereits Anzeige gegen Unbekannt erstattet. Ich danke der Familie Feit f\u00fcr das gute Miteinander und die wichtige Zivilcourage. Sachdienliche Hinweise nimmt die n\u00e4chste Polizeistelle jederzeit entgegen. <\/p>\n\n\n\n<div class=\"wp-block-columns is-layout-flex wp-container-core-columns-is-layout-8f761849 wp-block-columns-is-layout-flex\">\n<div class=\"wp-block-column is-layout-flow wp-block-column-is-layout-flow\">\n<figure class=\"wp-block-image size-large\"><img loading=\"lazy\" decoding=\"async\" width=\"700\" height=\"933\" src=\"https:\/\/echta-derminga.de\/wp-content\/uploads\/2022\/09\/302279388_5396493310445350_6550153996165111438_n-1-700x933.jpg\" alt=\"\" class=\"wp-image-13558\" srcset=\"https:\/\/echta-derminga.de\/wp-content\/uploads\/2022\/09\/302279388_5396493310445350_6550153996165111438_n-1-700x933.jpg 700w, https:\/\/echta-derminga.de\/wp-content\/uploads\/2022\/09\/302279388_5396493310445350_6550153996165111438_n-1-225x300.jpg 225w, https:\/\/echta-derminga.de\/wp-content\/uploads\/2022\/09\/302279388_5396493310445350_6550153996165111438_n-1.jpg 720w\" sizes=\"auto, (max-width: 700px) 100vw, 700px\" \/><\/figure>\n<\/div>\n\n\n\n<div class=\"wp-block-column is-layout-flow wp-block-column-is-layout-flow\">\n<figure class=\"wp-block-image size-full\"><img loading=\"lazy\" decoding=\"async\" width=\"556\" height=\"680\" src=\"https:\/\/echta-derminga.de\/wp-content\/uploads\/2022\/09\/303507160_5396493403778674_5944850014448609904_n.jpg\" alt=\"\" class=\"wp-image-13559\" srcset=\"https:\/\/echta-derminga.de\/wp-content\/uploads\/2022\/09\/303507160_5396493403778674_5944850014448609904_n.jpg 556w, https:\/\/echta-derminga.de\/wp-content\/uploads\/2022\/09\/303507160_5396493403778674_5944850014448609904_n-245x300.jpg 245w\" sizes=\"auto, (max-width: 556px) 100vw, 556px\" \/><figcaption class=\"wp-element-caption\">Sinnlose Zerst\u00f6rung !<\/figcaption><\/figure>\n<\/div>\n<\/div>\n\n\n\n<p class=\"has-medium-font-size wp-block-paragraph\"><strong>Zum Schulstart &#8211;<\/strong> <strong>Neue &#8222;Street Buddys&#8220; f\u00fcr die Sicherheit unserer Kinder<\/strong><\/p>\n\n\n\n<p class=\"has-medium-font-size wp-block-paragraph\">Am Montag, 05.September ist Schulanfang! Mit Unterst\u00fctzung einiger engagierter B\u00fcrgerinnen und B\u00fcrgern wurden in verschiedenen Stra\u00dfen in Dirmingen neue &#8222;Street Buddys&#8220; aufgestellt. Die Kosten daf\u00fcr habe ich gerne \u00fcbernommen. Auch die Dirminger SPD hat sich dankenswerterweise an den Kosten f\u00fcr &#8222;Street Buddys&#8220; beteiligt. Wir werden demn\u00e4chst weitere &#8222;Street Buddys&#8220; aufstellen. Ich freue mich sehr dar\u00fcber dass auch der Gesch\u00e4ftsf\u00fchrer des Dirminger Unternehmens &#8222;Elektro Wagner&#8220;, Markus Wagner neue &#8222;Street-Buddys&#8220; f\u00fcr unser Dorf spendet. Diese werden in absehbarer Zeit in der Ortsmitte aufgestellt. Mein Dank geht zudem an Thomas Schneider, Christian Feit und Christian Fuchs f\u00fcr die tolle Zusammenarbeit. Die &#8222;Street-Buddys&#8220; werden die Verkehrsteilnehmer daran erinnern, dass der Schutz unserer Kinder h\u00f6chste Priorit\u00e4t besitzt. Liebe, Verkehrsteilnehmer, bitte nehmt den Fu\u00df vom Gas !  Ich w\u00fcnsche allen Kindern, Jugendlichen und insbesondere allen neuen Abc-Sch\u00fctzen mit ihren Eltern einen sch\u00f6nen Schulstart.<\/p>\n\n\n\n<div class=\"wp-block-columns is-layout-flex wp-container-core-columns-is-layout-8f761849 wp-block-columns-is-layout-flex\">\n<div class=\"wp-block-column is-layout-flow wp-block-column-is-layout-flow\">\n<figure class=\"wp-block-image size-large\"><img loading=\"lazy\" decoding=\"async\" width=\"700\" height=\"700\" src=\"https:\/\/echta-derminga.de\/wp-content\/uploads\/2022\/09\/305218209_5402331503194864_7474058228820708894_n-700x700.jpg\" alt=\"\" class=\"wp-image-13555\" srcset=\"https:\/\/echta-derminga.de\/wp-content\/uploads\/2022\/09\/305218209_5402331503194864_7474058228820708894_n-700x700.jpg 700w, https:\/\/echta-derminga.de\/wp-content\/uploads\/2022\/09\/305218209_5402331503194864_7474058228820708894_n-300x300.jpg 300w, https:\/\/echta-derminga.de\/wp-content\/uploads\/2022\/09\/305218209_5402331503194864_7474058228820708894_n-150x150.jpg 150w, https:\/\/echta-derminga.de\/wp-content\/uploads\/2022\/09\/305218209_5402331503194864_7474058228820708894_n-768x768.jpg 768w, https:\/\/echta-derminga.de\/wp-content\/uploads\/2022\/09\/305218209_5402331503194864_7474058228820708894_n-90x90.jpg 90w, https:\/\/echta-derminga.de\/wp-content\/uploads\/2022\/09\/305218209_5402331503194864_7474058228820708894_n-75x75.jpg 75w, https:\/\/echta-derminga.de\/wp-content\/uploads\/2022\/09\/305218209_5402331503194864_7474058228820708894_n.jpg 1153w\" sizes=\"auto, (max-width: 700px) 100vw, 700px\" \/><figcaption class=\"wp-element-caption\">Neue &#8222;Street Buddys&#8220; f\u00fcr die Sicherheit unserer Kinder.<\/figcaption><\/figure>\n<\/div>\n\n\n\n<div class=\"wp-block-column is-layout-flow wp-block-column-is-layout-flow\">\n<figure class=\"wp-block-image size-large\"><img loading=\"lazy\" decoding=\"async\" width=\"700\" height=\"791\" src=\"https:\/\/echta-derminga.de\/wp-content\/uploads\/2022\/09\/305208741_5378765155493668_5626527483116803303_n-700x791.jpg\" alt=\"\" class=\"wp-image-13556\" srcset=\"https:\/\/echta-derminga.de\/wp-content\/uploads\/2022\/09\/305208741_5378765155493668_5626527483116803303_n-700x791.jpg 700w, https:\/\/echta-derminga.de\/wp-content\/uploads\/2022\/09\/305208741_5378765155493668_5626527483116803303_n-266x300.jpg 266w, https:\/\/echta-derminga.de\/wp-content\/uploads\/2022\/09\/305208741_5378765155493668_5626527483116803303_n-768x868.jpg 768w, https:\/\/echta-derminga.de\/wp-content\/uploads\/2022\/09\/305208741_5378765155493668_5626527483116803303_n.jpg 1049w\" sizes=\"auto, (max-width: 700px) 100vw, 700px\" \/><\/figure>\n<\/div>\n<\/div>\n\n\n\n<p class=\"has-medium-font-size wp-block-paragraph\"><strong>Viel Gl\u00fcck &#8211; Neuer Spielball f\u00fcr die Frauen des SV Dirmingen<\/strong><\/p>\n\n\n\n<p class=\"has-medium-font-size wp-block-paragraph\">Am Sonntag, 04. September startete die neue Frauenmannschaft des SV Dirmingen im heimischen Belkerstadion in die neue Verbandsligasaison 2022\/2023. Zum Saisonauftakt empfing die Mannschaft um Trainerin Ramona Blessing den FC Niederkirchen. Mit Ramona Blessing hat eine ehemalige Spielerin des SVD das Traineramt \u00fcbernommen. Die sympathische Neu-Dirmingerin geht mit gro\u00dfen Ambitionen in die neue Spielzeit. Nachdem ich bereits der ersten Herrenmannschaft der SG Dirmingen-Berschweiler einen Spielball zum Saisonauftakt gestiftet hatte, war es nun an der Zeit dies nun auch bei der ersten Frauenmannschaft tun. Vor Spielbeginn durfte ich der Frauenmannschaft des SV Dirmingen einen neuen Spielball \u00fcberreichen. Das neue Spielger\u00e4t hat auch sofort den gew\u00fcnschten Erfolg gebracht. Die erste Frauenmannschaft des SVD siegte im heimischen Belkerstadion mit 5- 0 Toren. Ich w\u00fcnsche dem Verein und seinen beiden Frauenmannschaften viel Gl\u00fcck und Erfolg in der neuen Saison. Die Ballspende an den SV Dirmingen war mir eine echte Ehre !<\/p>\n\n\n<div class=\"wp-block-image\">\n<figure class=\"aligncenter size-large\"><img loading=\"lazy\" decoding=\"async\" width=\"700\" height=\"933\" src=\"https:\/\/echta-derminga.de\/wp-content\/uploads\/2022\/09\/Saisonstart_Belker-Kopie-700x933.jpg\" alt=\"\" class=\"wp-image-13576\" srcset=\"https:\/\/echta-derminga.de\/wp-content\/uploads\/2022\/09\/Saisonstart_Belker-Kopie-700x933.jpg 700w, https:\/\/echta-derminga.de\/wp-content\/uploads\/2022\/09\/Saisonstart_Belker-Kopie-225x300.jpg 225w, https:\/\/echta-derminga.de\/wp-content\/uploads\/2022\/09\/Saisonstart_Belker-Kopie-768x1024.jpg 768w, https:\/\/echta-derminga.de\/wp-content\/uploads\/2022\/09\/Saisonstart_Belker-Kopie.jpg 1000w\" sizes=\"auto, (max-width: 700px) 100vw, 700px\" \/><figcaption class=\"wp-element-caption\">Viel Gl\u00fcck der Frauenmannschaft des SV Dirmingen<\/figcaption><\/figure>\n<\/div>\n\n\n<p class=\"has-medium-font-size wp-block-paragraph\"><strong>Herzlichen Gl\u00fcckwunsch zur Hochzeit<\/strong><\/p>\n\n\n\n<p class=\"has-medium-font-size wp-block-paragraph\">Nina und Marco Mayer haben sich am Samstag, 03. September das &#8222;Ja-Wort&#8220; gegeben. Die beiden Dirminger leisten seit vielen Jahren wichtige ehrenamtliche T\u00e4tigkeit f\u00fcr unsere Dorfgemeinschaft und insbesondere f\u00fcr die Kolpingfamilie Dirmingen und den KKV Dirmingen. W\u00e4hrend Nina wichtige Funktionen im Vorstand aus\u00fcbt und viele Jahre als Gardem\u00e4dchen aktiv die Dirminger Fastnacht belebte, k\u00fcmmert sich das Elferratsmitglied Marko als Organisationsleiter der Kolpingfamilie um wichtige Veranstaltungen die auch unserem Dorf zu Gute kommen. Ich w\u00fcnsche auch an dieser Stelle alles erdenklich Gute f\u00fcr den gemeinsamen Lebensweg, viel Gl\u00fcck und Gottes Segen.<\/p>\n\n\n<div class=\"wp-block-image\">\n<figure class=\"aligncenter size-large\"><img loading=\"lazy\" decoding=\"async\" width=\"700\" height=\"610\" src=\"https:\/\/echta-derminga.de\/wp-content\/uploads\/2022\/09\/305225025_5401026256658722_7570592269157791161_n-1-700x610.jpg\" alt=\"\" class=\"wp-image-13563\" srcset=\"https:\/\/echta-derminga.de\/wp-content\/uploads\/2022\/09\/305225025_5401026256658722_7570592269157791161_n-1-700x610.jpg 700w, https:\/\/echta-derminga.de\/wp-content\/uploads\/2022\/09\/305225025_5401026256658722_7570592269157791161_n-1-300x262.jpg 300w, https:\/\/echta-derminga.de\/wp-content\/uploads\/2022\/09\/305225025_5401026256658722_7570592269157791161_n-1-768x669.jpg 768w, https:\/\/echta-derminga.de\/wp-content\/uploads\/2022\/09\/305225025_5401026256658722_7570592269157791161_n-1.jpg 881w\" sizes=\"auto, (max-width: 700px) 100vw, 700px\" \/><figcaption class=\"wp-element-caption\">Herzlichen Gl\u00fcckwunsch Nina und Marko<\/figcaption><\/figure>\n<\/div>\n\n\n<p class=\"has-medium-font-size wp-block-paragraph\"><strong>Glasfaserausbau in der Gemeinde Epeplborn<\/strong><\/p>\n\n\n\n<p class=\"has-medium-font-size wp-block-paragraph\">Aktuell l\u00e4uft die Vorvermarktung der kostenlosen Glasfaseranschl\u00fcsse der energis in den Eppelborner Ortsteilen Bubach-Calmesweiler und Macherbach. Jedes Haus soll die M\u00f6glichkeit bekommen, mit einer modernen Glasfaserleitung ausgestattet zu werden. Mit dieser wichtigen Information verweist die Gemeinde Eppelborn schon seit geraumer Zeit auf den Beginn des Glasfaserausbaus. Die Voraussetzung f\u00fcr den Ausbau besteht darin, dass sich mindestens 30% der Haushalte in jedem Ortsteil f\u00fcr einen Glasfaseranschluss entscheiden. Sollte kein ausreichendes Interesse am Angebot bestehen, kann das Projekt nicht realisiert werden. Wir alle haben es also selbst in der Hand ! F\u00fcr alle, die sich bereits w\u00e4hrend der Vorvermarktungsphase f\u00fcr einen Glasfaseranschluss entscheiden und einen Vorvertrag abschlie\u00dfen, \u00fcbernimmt energis \u00fcbrigens die kompletten Kosten f\u00fcr den Hausanschluss in H\u00f6he von 699 \u20ac. Achtung \u2013 dies ist ein einmaliges und auf die Phase der Vorvermarktung beschr\u00e4nktes Angebot der energis. Wenn Sie Fragen zum Glasfaserausbau in unserer Gemeinde haben, k\u00f6nnen Sie sich von Glasfaser-Experten beraten lassen. Informationen erhalten Sie auf der Homepage von energis https:\/\/glasfaser.energis.de\/eppelborn , der Gemeinde Eppelborn oder im Info-Center im big Epple in Eppelborn. Nutzen Sie die Gelegenheit gern f\u00fcr ein ausf\u00fchrliches Beratungsgespr\u00e4ch! Obwohl Dirmingen wahrscheinlich erst im Jahre 2025 an der Reihe ist, k\u00f6nnen sie schon heute ihre Interessenbekundung abgeben. Machen sie Gebrauch davon !<\/p>\n\n\n<div class=\"wp-block-image\">\n<figure class=\"aligncenter size-full\"><img loading=\"lazy\" decoding=\"async\" width=\"526\" height=\"526\" src=\"https:\/\/echta-derminga.de\/wp-content\/uploads\/2022\/09\/29_glasfaser.jpg\" alt=\"\" class=\"wp-image-13565\" srcset=\"https:\/\/echta-derminga.de\/wp-content\/uploads\/2022\/09\/29_glasfaser.jpg 526w, https:\/\/echta-derminga.de\/wp-content\/uploads\/2022\/09\/29_glasfaser-300x300.jpg 300w, https:\/\/echta-derminga.de\/wp-content\/uploads\/2022\/09\/29_glasfaser-150x150.jpg 150w, https:\/\/echta-derminga.de\/wp-content\/uploads\/2022\/09\/29_glasfaser-90x90.jpg 90w, https:\/\/echta-derminga.de\/wp-content\/uploads\/2022\/09\/29_glasfaser-75x75.jpg 75w\" sizes=\"auto, (max-width: 526px) 100vw, 526px\" \/><figcaption class=\"wp-element-caption\">Jetzt das eigene Interesse bekunden !<\/figcaption><\/figure>\n<\/div>\n\n\n<p class=\"has-medium-font-size wp-block-paragraph\"><strong>Wanderwegefest des IlltalerLands f\u00fchrt durch Dirmingen<\/strong><\/p>\n\n\n\n<p class=\"has-medium-font-size wp-block-paragraph\">Nach zwei Jahren pandemiebedingter Pause findet am Samstag, 10. September 2022 unter dem Motto \u201eDas Illtaler Land tischt auf\u201c endlich wieder das Wanderwegefest des Vereins &#8222;IlltalerLand&#8220; zwischen Eppelborn-Bubach und Illingen statt. die Gemeinde Eppelborn unterst\u00fctzt diese inzwischen traditionsreiche Veranstaltung. An der rund 20 Kilometer langen Wanderstrecke zwischen dem Bahnhof Bubach und der Burg Kerpen in Illingen werden an insgesamt elf verschiedenen Stationen kulinarische Spezialit\u00e4ten zu \u00fcberaus moderaten Preisen angeboten. Das Wanderwegfest findet in der Zeit von 9.00 bis 18.00 Uhr statt. Der Illinger B\u00fcrgermeister Armin K\u00f6nig hat gemeinsam mit unserem B\u00fcrgermeister Andreas Feld die Schirmherrschaft zu dieser Veranstaltung \u00fcbernommen. Viele Vereine sorgen an den elf Stationen f\u00fcr kulinarische Gen\u00fcsse aller Art. Aus der Gemeinde Eppelborn sind dies: Rotary Club Eppelborn-Illtal, Pferderanch Rosenhof, Tischtennisfreunde, DLRG, Theaterfrauen Wiesbach, Kulturverein Dirmingen, Terre des Hommes, Bienenzuchtverein Dirmingen und die Dorfplatzbouler Humes. Ich bin sehr stolz darauf, dass unser Heimatort Dirmingen, der immerhin \u00fcber die gr\u00f6\u00dfte Bannmeile im Illtaler Land verf\u00fcgt, mit so vielen Vereinen aktiv an dieser Veranstaltung teilnimmt. Vielleicht nutzen Sie ihre Freizeit und wandern mit.  Weiteren Informationen unter: www.illtalerland.de <\/p>\n\n\n<div class=\"wp-block-image\">\n<figure class=\"aligncenter size-large\"><img loading=\"lazy\" decoding=\"async\" width=\"700\" height=\"457\" src=\"https:\/\/echta-derminga.de\/wp-content\/uploads\/2022\/09\/28_Wanderwegefest-Gross-1024x669-1-700x457.jpg\" alt=\"\" class=\"wp-image-13566\" srcset=\"https:\/\/echta-derminga.de\/wp-content\/uploads\/2022\/09\/28_Wanderwegefest-Gross-1024x669-1-700x457.jpg 700w, https:\/\/echta-derminga.de\/wp-content\/uploads\/2022\/09\/28_Wanderwegefest-Gross-1024x669-1-300x196.jpg 300w, https:\/\/echta-derminga.de\/wp-content\/uploads\/2022\/09\/28_Wanderwegefest-Gross-1024x669-1-768x502.jpg 768w, https:\/\/echta-derminga.de\/wp-content\/uploads\/2022\/09\/28_Wanderwegefest-Gross-1024x669-1.jpg 1024w\" sizes=\"auto, (max-width: 700px) 100vw, 700px\" \/><figcaption class=\"wp-element-caption\">Die Mitmacher ! Quelle: Gemeinde Eppelborn<\/figcaption><\/figure>\n<\/div>\n\n\n<p class=\"has-medium-font-size wp-block-paragraph\"><strong>Der &#8222;Fr\u00fchling auf Finkenrech&#8220; l\u00e4dt ein zum Saisonfinale <\/strong><\/p>\n\n\n\n<p class=\"has-medium-font-size wp-block-paragraph\">Am 17. und 18. September 2022 steht das Freizeitzentrum Finkenrech in Eppelborn-Dirmingen wieder ganz im Zeichen des gro\u00dfen Erntedankfestes \u201eHerbst auf Finkenrech\u201c. Rund 60 H\u00e4ndler bieten hier samstags und sonntags zwischen 11.00 und 18.00 Uhr alles rund um den Garten, aber auch Handwerkskunst, regional produzierte Agrarerzeugnisse, Back- und Wurstwaren sowie lokale Spezialit\u00e4ten an. Au\u00dferdem wird mit zahlreichen kulinarischen Leckereien aus der Region bestens f\u00fcr das leibliche Wohl der G\u00e4ste gesorgt.&nbsp;Die Veranstaltung &#8222;Herbst auf Finkenrech&#8220; geh\u00f6rt in jedem Jahr zu den Highlights  im Veranstaltungskalender des Landkreises Neunkirchen. Neben dem gro\u00dfartigen Bauernmarkt bekommt man w\u00e4hrend der Veranstaltung &#8222;Life-Musik&#8220; und beste Kinderunterhaltung geboten. Abseits des Veranstaltungsgeschehens laden die herbstlich bl\u00fchenden Themeng\u00e4rten zum Schlendern und Genie\u00dfen ein und geben Inspiration f\u00fcr den heimischen Garten. Tickets f\u00fcr die Veranstaltung sind im Vorverkauf zum Preis von 4 \u20ac auf www.finkenrech.de.  Alternativ besteht mittwochs zwischen 18.00 und 19.30 Uhr die M\u00f6glichkeit, die Karten im B\u00fcro des Dirminger Ortsvorstehers Frank Klein zu erwerben. F\u00fcr Kinder bis 12 Jahre kann ein kostenfreies Ticket gebucht werden. N\u00e4here Informationen zum \u201eHerbst auf Finkenrech\u201c gibt es bei der Tourismus- und Kulturzentrale des Landkreises Neunkirchen Telefon 06821 \/ 972920, info@finkenrech.de, www.finkenrech.de.<\/p>\n\n\n\n<div class=\"wp-block-columns is-layout-flex wp-container-core-columns-is-layout-8f761849 wp-block-columns-is-layout-flex\">\n<div class=\"wp-block-column is-layout-flow wp-block-column-is-layout-flow\">\n<figure class=\"wp-block-image size-full\"><img loading=\"lazy\" decoding=\"async\" width=\"526\" height=\"526\" src=\"https:\/\/echta-derminga.de\/wp-content\/uploads\/2022\/09\/302161873_23850799144620407_6284027861138376976_n.jpg\" alt=\"\" class=\"wp-image-13568\" srcset=\"https:\/\/echta-derminga.de\/wp-content\/uploads\/2022\/09\/302161873_23850799144620407_6284027861138376976_n.jpg 526w, https:\/\/echta-derminga.de\/wp-content\/uploads\/2022\/09\/302161873_23850799144620407_6284027861138376976_n-300x300.jpg 300w, https:\/\/echta-derminga.de\/wp-content\/uploads\/2022\/09\/302161873_23850799144620407_6284027861138376976_n-150x150.jpg 150w, https:\/\/echta-derminga.de\/wp-content\/uploads\/2022\/09\/302161873_23850799144620407_6284027861138376976_n-90x90.jpg 90w, https:\/\/echta-derminga.de\/wp-content\/uploads\/2022\/09\/302161873_23850799144620407_6284027861138376976_n-75x75.jpg 75w\" sizes=\"auto, (max-width: 526px) 100vw, 526px\" \/><\/figure>\n<\/div>\n\n\n\n<div class=\"wp-block-column is-layout-flow wp-block-column-is-layout-flow\">\n<figure class=\"wp-block-image size-full\"><img loading=\"lazy\" decoding=\"async\" width=\"680\" height=\"510\" src=\"https:\/\/echta-derminga.de\/wp-content\/uploads\/2022\/09\/Herbst_auf_Finkenrech_9-17_05.jpg\" alt=\"\" class=\"wp-image-13570\" srcset=\"https:\/\/echta-derminga.de\/wp-content\/uploads\/2022\/09\/Herbst_auf_Finkenrech_9-17_05.jpg 680w, https:\/\/echta-derminga.de\/wp-content\/uploads\/2022\/09\/Herbst_auf_Finkenrech_9-17_05-300x225.jpg 300w\" sizes=\"auto, (max-width: 680px) 100vw, 680px\" \/><figcaption class=\"wp-element-caption\">Quelle: Landkreis Neunkirchen<\/figcaption><\/figure>\n<\/div>\n<\/div>\n\n\n\n<p class=\"has-medium-font-size wp-block-paragraph\"><strong>Mit Blick auf die eigene Kerb- Mein<\/strong> <strong>Besuch auf der Wiesbacher Kirmes<\/strong><\/p>\n\n\n\n<p class=\"has-medium-font-size wp-block-paragraph\">Aus pers\u00f6nlicher Erfahrung kann ich durchaus nachvollziehen wie schwierig es heutzutage ist, die eigene Dorfkirmes am Leben zu erhalten. Die Suche nach Schaustellern und einem passenden Rahmenprogramm k\u00f6nnen zu einer echten Geduldsprobe werden. Aus diesem Grunde habe ich sehr gerne die Wiesbacher Kirmes aktiv als Gast unterst\u00fctzt. Zum offiziellen Fassanstich waren neben B\u00fcrgermeister Feld, dem Bundestagsabgeordneten Chris Petry, den Landtagsabgeordneten Christina Baltes und Roland Theis viele Gemeinderatsmitglieder und Ortsvorsteher der Einladung des Wiesbacher Ortsvorstehers und MdL Stefan L\u00f6w gefolgt. Der obligatorische Fassanstich wurde durch B\u00fcrgermeister Feld, dem Ortsvorsteher L\u00f6w und der Rosenk\u00f6nigin des Landkreises Neunkirchen Kristina erfolgreich durchgef\u00fchrt.<\/p>\n\n\n<div class=\"wp-block-image\">\n<figure class=\"aligncenter size-large\"><img loading=\"lazy\" decoding=\"async\" width=\"700\" height=\"467\" src=\"https:\/\/echta-derminga.de\/wp-content\/uploads\/2022\/09\/305250936_3338013396521217_5023159717150471335_n-700x467.jpg\" alt=\"\" class=\"wp-image-13572\" srcset=\"https:\/\/echta-derminga.de\/wp-content\/uploads\/2022\/09\/305250936_3338013396521217_5023159717150471335_n-700x467.jpg 700w, https:\/\/echta-derminga.de\/wp-content\/uploads\/2022\/09\/305250936_3338013396521217_5023159717150471335_n-300x200.jpg 300w, https:\/\/echta-derminga.de\/wp-content\/uploads\/2022\/09\/305250936_3338013396521217_5023159717150471335_n-768x512.jpg 768w, https:\/\/echta-derminga.de\/wp-content\/uploads\/2022\/09\/305250936_3338013396521217_5023159717150471335_n-1536x1024.jpg 1536w, https:\/\/echta-derminga.de\/wp-content\/uploads\/2022\/09\/305250936_3338013396521217_5023159717150471335_n.jpg 2048w\" sizes=\"auto, (max-width: 700px) 100vw, 700px\" \/><figcaption class=\"wp-element-caption\">Proschd uff die Wiesbacher Kerb<\/figcaption><\/figure>\n<\/div>\n\n\n<p class=\"has-medium-font-size wp-block-paragraph\">Liebe Landsleute, die Sommerferien sind zu Ende und auf viele von uns wartet wieder der stressige Arbeitsalltag. Dennoch wird in unserer Heimatgemeinde in den n\u00e4chsten Wochen vieles geboten. Ich m\u00f6chte Sie herzlich dazu einladen die zahlreichen Veranstaltungen anzunehmen. Besonders w\u00e4hrend den beiden Gro\u00dfveranstaltung &#8222;Wanderwegefest&#8220; und &#8222;Herbst auf Finkenrech&#8220; haben wir die M\u00f6glichkeit Werbung f\u00fcr unseren Heimatort zu betreiben.<\/p>\n\n\n\n<p class=\"has-medium-font-size wp-block-paragraph\">Ich freue mich auf sch\u00f6ne Begegnungen und nette Gespr\u00e4che.<\/p>\n\n\n\n<p class=\"has-medium-font-size wp-block-paragraph\">Ihr Ortsvorsteher<\/p>\n\n\n\n<p class=\"has-medium-font-size wp-block-paragraph\"><em>Frank Klein<\/em><\/p>\n\n\n\n<div class=\"wp-block-columns is-layout-flex wp-container-core-columns-is-layout-8f761849 wp-block-columns-is-layout-flex\">\n<div class=\"wp-block-column is-layout-flow wp-block-column-is-layout-flow\">\n<figure class=\"wp-block-image size-full\"><img loading=\"lazy\" decoding=\"async\" width=\"526\" height=\"526\" src=\"https:\/\/echta-derminga.de\/wp-content\/uploads\/2022\/09\/302161873_23850799144620407_6284027861138376976_n.jpg\" alt=\"\" class=\"wp-image-13568\" srcset=\"https:\/\/echta-derminga.de\/wp-content\/uploads\/2022\/09\/302161873_23850799144620407_6284027861138376976_n.jpg 526w, https:\/\/echta-derminga.de\/wp-content\/uploads\/2022\/09\/302161873_23850799144620407_6284027861138376976_n-300x300.jpg 300w, https:\/\/echta-derminga.de\/wp-content\/uploads\/2022\/09\/302161873_23850799144620407_6284027861138376976_n-150x150.jpg 150w, https:\/\/echta-derminga.de\/wp-content\/uploads\/2022\/09\/302161873_23850799144620407_6284027861138376976_n-90x90.jpg 90w, https:\/\/echta-derminga.de\/wp-content\/uploads\/2022\/09\/302161873_23850799144620407_6284027861138376976_n-75x75.jpg 75w\" sizes=\"auto, (max-width: 526px) 100vw, 526px\" \/><\/figure>\n<\/div>\n\n\n\n<div class=\"wp-block-column is-layout-flow wp-block-column-is-layout-flow\">\n<figure class=\"wp-block-image size-full\"><img loading=\"lazy\" decoding=\"async\" width=\"420\" height=\"919\" src=\"https:\/\/echta-derminga.de\/wp-content\/uploads\/2022\/09\/Flyer_Wanderwegefest-Flyer.jpg\" alt=\"\" class=\"wp-image-13574\" srcset=\"https:\/\/echta-derminga.de\/wp-content\/uploads\/2022\/09\/Flyer_Wanderwegefest-Flyer.jpg 420w, https:\/\/echta-derminga.de\/wp-content\/uploads\/2022\/09\/Flyer_Wanderwegefest-Flyer-137x300.jpg 137w\" sizes=\"auto, (max-width: 420px) 100vw, 420px\" \/><\/figure>\n<\/div>\n<\/div>\n","protected":false},"excerpt":{"rendered":"<p>Liebe Mitb\u00fcrgerinnen, liebe Mitb\u00fcrger, die Ferien sind zu Ende und am Montag, 05. September beginnt f\u00fcr die Kinder und Jugendlichen im Saarland wieder der &#8222;Ernst des Lebens&#8220;. In unserem Heimatort Dirmingen werden ca. 25 Kinder eingeschult. Die neuen Abc-Sch\u00fctzen haben mit einer Feierstunde in der Borrwieshalle, den Beginn des neuen Lebensabschnittes gefeiert. Ich w\u00fcnsche allen Sch\u00fclerinnen und Sch\u00fclern und insbesondere<\/p>\n","protected":false},"author":1,"featured_media":13561,"comment_status":"closed","ping_status":"closed","sticky":false,"template":"","format":"standard","meta":{"_crdt_document":"","footnotes":""},"categories":[1],"tags":[5,618,127,634,795,310],"class_list":["post-13552","post","type-post","status-publish","format-standard","has-post-thumbnail","hentry","category-allgemein","tag-dirmingen","tag-gemeinde-eppelborn","tag-landkreis-neunkirchen","tag-ortsvorsteher","tag-ortsvorsteher-dirmingen","tag-saarland"],"_links":{"self":[{"href":"https:\/\/echta-derminga.de\/index.php?rest_route=\/wp\/v2\/posts\/13552","targetHints":{"allow":["GET"]}}],"collection":[{"href":"https:\/\/echta-derminga.de\/index.php?rest_route=\/wp\/v2\/posts"}],"about":[{"href":"https:\/\/echta-derminga.de\/index.php?rest_route=\/wp\/v2\/types\/post"}],"author":[{"embeddable":true,"href":"https:\/\/echta-derminga.de\/index.php?rest_route=\/wp\/v2\/users\/1"}],"replies":[{"embeddable":true,"href":"https:\/\/echta-derminga.de\/index.php?rest_route=%2Fwp%2Fv2%2Fcomments&post=13552"}],"version-history":[{"count":16,"href":"https:\/\/echta-derminga.de\/index.php?rest_route=\/wp\/v2\/posts\/13552\/revisions"}],"predecessor-version":[{"id":13584,"href":"https:\/\/echta-derminga.de\/index.php?rest_route=\/wp\/v2\/posts\/13552\/revisions\/13584"}],"wp:featuredmedia":[{"embeddable":true,"href":"https:\/\/echta-derminga.de\/index.php?rest_route=\/wp\/v2\/media\/13561"}],"wp:attachment":[{"href":"https:\/\/echta-derminga.de\/index.php?rest_route=%2Fwp%2Fv2%2Fmedia&parent=13552"}],"wp:term":[{"taxonomy":"category","embeddable":true,"href":"https:\/\/echta-derminga.de\/index.php?rest_route=%2Fwp%2Fv2%2Fcategories&post=13552"},{"taxonomy":"post_tag","embeddable":true,"href":"https:\/\/echta-derminga.de\/index.php?rest_route=%2Fwp%2Fv2%2Ftags&post=13552"}],"curies":[{"name":"wp","href":"https:\/\/api.w.org\/{rel}","templated":true}]}}