{"id":13586,"date":"2022-09-11T12:26:13","date_gmt":"2022-09-11T11:26:13","guid":{"rendered":"https:\/\/echta-derminga.de\/?p=13586"},"modified":"2022-09-11T12:26:15","modified_gmt":"2022-09-11T11:26:15","slug":"gut-fuer-dirmingen-neugestaltung-des-bruehlparks-wird-in-die-tat-umgesetzt","status":"publish","type":"post","link":"https:\/\/echta-derminga.de\/?p=13586","title":{"rendered":"Gut f\u00fcr Dirmingen &#8211; Neugestaltung des Br\u00fchlparks wird in die Tat umgesetzt !"},"content":{"rendered":"\n<p class=\"has-medium-font-size wp-block-paragraph\"><strong>Was lange w\u00e4hrt, wird endlich gut.<\/strong><\/p>\n\n\n\n<p class=\"has-medium-font-size wp-block-paragraph\"><strong>Am Montag, 12 September starten die Arbeiten zur Umgestaltung unseres Br\u00fchlparks.<\/strong><\/p>\n\n\n\n<p class=\"has-medium-font-size wp-block-paragraph\"><strong>In der vergangenen Woche durfte ich gemeinsam mit B\u00fcrgermeister Dr. Andreas Feld den Startschuss f\u00fcr die umfangreichen Arbeiten in Dirmingens &#8222;gr\u00fcner Lunge&#8220; geben. Mit dem Baubeginn schlie\u00dft sich f\u00fcr mich ein ganz pers\u00f6nlich ein Kreis.<\/strong><\/p>\n\n\n\n<p class=\"has-medium-font-size wp-block-paragraph\">Ich kann mich sehr gut an viele intensive Gespr\u00e4che mit unserem ehemaligen Ortsvorsteher Manfred Klein erinnern. Bez\u00fcglich des Br\u00fchlparks hatten wir viele gemeinsame Pl\u00e4ne, W\u00fcnsche und Hoffnungen. Nun werden wir also einen wichtigen Schritt in die Neugestaltung des Br\u00fchlparks unternehmen.<\/p>\n\n\n\n<p class=\"has-medium-font-size wp-block-paragraph\">Ich freue mich unheimlich \u00fcber diese positive Entwicklung. Besonders freue ich mich \u00fcber die gro\u00dfartige Zusammenarbeit in allen politischen Gremien, der Verwaltung und auch in unserer Dorfgemeinschaft.<\/p>\n\n\n\n<p class=\"has-medium-font-size wp-block-paragraph\"><strong>Im Jahre 2020 hatte ich unsere Dorfgemeinschaft zu einer \u201ekick off\u201c-Veranstaltung eingeladen. Ziel war es den Br\u00fchlpark auf Vordermann zu bringen und anhand eines &#8222;Brainstormings&#8220; erste Schritte in Richtung \u201eNeugestaltung des Br\u00fchlparks\u201c zu gehen. Vielen Dank an alle die damals so tatkr\u00e4ftig geholfen haben. Auch hinter den Kulissen wurde<\/strong> <strong>fieberhaft an der Umsetzung der Bauma\u00dfnahmen gearbeitet. Pl\u00e4ne wurden entworfen, Gespr\u00e4che gef\u00fchrt und Antr\u00e4ge geschrieben.<\/strong><\/p>\n\n\n\n<p class=\"has-medium-font-size wp-block-paragraph\">Mit diesen Ma\u00dfnahmen im Gep\u00e4ck und den Kopf voller Ideen hatten wir B\u00fcrgermeister Dr. Andreas Feld um seine Unterst\u00fctzung gebeten. Der Rathauschef hat von Beginn an unsere Pl\u00e4ne aufgenommen und unterst\u00fctzt. Immerhin k\u00f6nnen entsprechende Antr\u00e4ge ausschlie\u00dflich von der Verwaltung gestellt werden. Selbst als aufgrund einer Kostenexplosion das geplante Vorhaben zu scheiterten drohte, stand der Rathauschef zu seinem Wort. Daf\u00fcr m\u00f6chte ich mich ganz herzlich bei B\u00fcrgermeister Feld bedanken! Zur Wahrheit geh\u00f6rt aber auch, dass dieses Projekt ohne einige wichtige Mitstreiter nur schwer zustande gekommen w\u00e4re. Gut, wenn man Freunde und Ratgeber an seiner Seite hat. <\/p>\n\n\n\n<p class=\"has-medium-font-size wp-block-paragraph\"><strong>Bis zur Neugestaltung des Br\u00fchlparks war es ein langer harter Weg. Nicht alle haben dem Frieden getraut und waren angesichts unserer Pl\u00e4ne skeptisch. Aufgrund der Historie unseres Parks war diese Skepsis durchaus nachvollziehbar. Die Sorge vor dem drohenden Vandalismus ist durchaus berechtigt und nicht von der Hand zu weisen. Ich m\u00f6chte jedoch keinen Millimeter diesen Vandalen weichen und lasse mich auch nicht von meinem Weg abbringen. Nat\u00fcrlich kann es sein, dass vieles wieder zerst\u00f6rt und ruiniert wird. Was aber ist unsere Alternative? Aufgeben oder Nachgeben ist f\u00fcr mich keine Option!<\/strong><\/p>\n\n\n\n<p class=\"has-medium-font-size wp-block-paragraph\">In der kommenden Woche wird es also losgehen mit der langersehnten Umgestaltung und der damit verbundenen Aufwertung des Br\u00fchlparks. Die Arbeiten werden rund drei Wochen andauern. Allerdings kann es durch die aktuell sehr langen Lieferzeiten zu Verz\u00f6gerungen beim Aufbau kommen. Wir Leben eben in keinen einfachen Zeiten!<\/p>\n\n\n\n<p class=\"has-medium-font-size wp-block-paragraph\"><strong>Die Aufenthaltsqualit\u00e4t des Br\u00fchlparks soll mit folgenden Ma\u00dfnahmen gesteigert werden:<\/strong><\/p>\n\n\n\n<p class=\"has-medium-font-size wp-block-paragraph\">&#8211; Anlegen eines Boule-Platzes<\/p>\n\n\n\n<p class=\"has-medium-font-size wp-block-paragraph\">&#8211; Aufstellen einer Tischtennisplatte<\/p>\n\n\n\n<p class=\"has-medium-font-size wp-block-paragraph\">&#8211; Aufstellen von B\u00e4nken und Sitzgarnituren<\/p>\n\n\n\n<p class=\"has-medium-font-size wp-block-paragraph\">&#8211; Hochmoderne Beleuchtungsmasten<\/p>\n\n\n\n<p class=\"has-medium-font-size wp-block-paragraph\">&#8211; Aufstellen eines Festplatzverteilerschranks<\/p>\n\n\n\n<p class=\"has-medium-font-size wp-block-paragraph\">&#8211; Verlegung von neuen Strom- und Trinkwasserleitungen<\/p>\n\n\n<div class=\"wp-block-image\">\n<figure class=\"aligncenter size-large\"><img loading=\"lazy\" decoding=\"async\" width=\"700\" height=\"494\" src=\"https:\/\/echta-derminga.de\/wp-content\/uploads\/2022\/09\/306095794_1173010840223638_5388348337019803119_n-700x494.jpg\" alt=\"\" class=\"wp-image-13589\" srcset=\"https:\/\/echta-derminga.de\/wp-content\/uploads\/2022\/09\/306095794_1173010840223638_5388348337019803119_n-700x494.jpg 700w, https:\/\/echta-derminga.de\/wp-content\/uploads\/2022\/09\/306095794_1173010840223638_5388348337019803119_n-300x212.jpg 300w, https:\/\/echta-derminga.de\/wp-content\/uploads\/2022\/09\/306095794_1173010840223638_5388348337019803119_n-768x542.jpg 768w, https:\/\/echta-derminga.de\/wp-content\/uploads\/2022\/09\/306095794_1173010840223638_5388348337019803119_n.jpg 960w\" sizes=\"auto, (max-width: 700px) 100vw, 700px\" \/><figcaption class=\"wp-element-caption\">Lageplan Br\u00fchlpark (Quelle Gemeinde Eppelborn)<\/figcaption><\/figure>\n<\/div>\n\n\n<p class=\"has-medium-font-size wp-block-paragraph\">Nat\u00fcrlich kann man \u00fcber manches Diskutieren. Warum nur das und wieso nicht jenes? Fakt ist, manchmal muss man Kompromisse eingehen und schauen was m\u00f6glich ist. Bei diesem Projekt habe ich gelernt, dass man manchmal  Kompromisse eingehen und zudem \u00fcber einen langen Atem verf\u00fcgen muss. Bei den Planungen dieser Ma\u00dfnahmen mussten wir auch den gegebenen \u00d6rtlichkeiten und den drohenden Vandalismus gerecht werden. Die Anlegung eines Bouleplatzes wird durchaus vom Bouleverein Dirmingen unterst\u00fctzt. Bei Spielger\u00e4ten m\u00fcsste eine zu gro\u00dfe H\u00fcrde genommen werden. Die Vergangenheit hat gezeigt, dass gerade mit Spielger\u00e4ten viel Unsinn gemacht wurden. Dennoch gibt es weitere Pl\u00e4ne den Kindern M\u00f6glichkeiten aufzuzeigen. Wir arbeiten daran! Der neue Strom- und Wasseranschluss hingegen ist besonders f\u00fcr die Durchf\u00fchrung festlicher Aktivit\u00e4ten eine enorme Erleichterung.<\/p>\n\n\n\n<p class=\"has-medium-font-size wp-block-paragraph\">Jetzt haben wir zuerst mal etwas erreicht! Gut so !<\/p>\n\n\n\n<p class=\"has-medium-font-size wp-block-paragraph\"><strong>Ich habe immer an die Neugestaltung des Br\u00fchlparks geglaubt. Wir werden uns von dem Weg nicht abbringen lassen und weitermachen. R\u00fcckschl\u00e4ge sind fest eingeplant und wenn es Lehrgeld kostet, ich bezahl\u2018 es!<\/strong><\/p>\n\n\n\n<p class=\"has-medium-font-size wp-block-paragraph\"><strong>Ich bitte euch alle um Geduld. Manche Ma\u00dfnahmen ben\u00f6tigen Zeit! Das gilt f\u00fcr den Br\u00fchlpark genauso wie f\u00fcr den gew\u00fcnschten Verbrauchermarkt ! Manche Wege sind steinig und m\u00fcssen erstmal begangen werden. Dabei st\u00f6\u00dft man immer wieder an neue Grenzen. Ich kann gut verstehen, dass bei vielen Angelegenheiten, so manchem Zeitgenossen der Geduldsfaden zu zerrei\u00dfen droht.\u00a0 Manchmal w\u00fcnsche ich mir etwas mehr Miteinander und vor allen Dingen Vertrauen. Ich kann nicht versprechen, was ich nicht halten kann. Jedoch sollten wir auch in diesen harten und schwierigen Zeiten lernen ein wenig zu Vertrauen. Die Bauma\u00dfnahmen im Br\u00fchlpark sind ein sch\u00f6nes Beispiel f\u00fcr die gute Zusammenarbeit zwischen Verwaltungen, politischen Gremien und Dorfgemeinschaft.<\/strong><\/p>\n\n\n\n<p class=\"has-medium-font-size wp-block-paragraph\"><strong>Wenn wir gemeinsam an etwas glauben und Hand in Hand daran arbeiten, kann vieles gelingen ! Ich glaube fest daran ! Am Ende wird immer alles gut, wenn es noch nicht gut ist, wird es wohl noch nicht zu Ende sein !<\/strong><\/p>\n\n\n<div class=\"wp-block-image\">\n<figure class=\"aligncenter size-large\"><img loading=\"lazy\" decoding=\"async\" width=\"700\" height=\"387\" src=\"https:\/\/echta-derminga.de\/wp-content\/uploads\/2022\/07\/w1200_h664_x1794_y855_IMG_20200709_142919-5d60a4bf6a53a988-700x387.jpg\" alt=\"\" class=\"wp-image-13237\" srcset=\"https:\/\/echta-derminga.de\/wp-content\/uploads\/2022\/07\/w1200_h664_x1794_y855_IMG_20200709_142919-5d60a4bf6a53a988-700x387.jpg 700w, https:\/\/echta-derminga.de\/wp-content\/uploads\/2022\/07\/w1200_h664_x1794_y855_IMG_20200709_142919-5d60a4bf6a53a988-300x166.jpg 300w, https:\/\/echta-derminga.de\/wp-content\/uploads\/2022\/07\/w1200_h664_x1794_y855_IMG_20200709_142919-5d60a4bf6a53a988-768x425.jpg 768w, https:\/\/echta-derminga.de\/wp-content\/uploads\/2022\/07\/w1200_h664_x1794_y855_IMG_20200709_142919-5d60a4bf6a53a988.jpg 1200w\" sizes=\"auto, (max-width: 700px) 100vw, 700px\" \/><\/figure>\n<\/div>","protected":false},"excerpt":{"rendered":"<p>Was lange w\u00e4hrt, wird endlich gut. Am Montag, 12 September starten die Arbeiten zur Umgestaltung unseres Br\u00fchlparks. In der vergangenen Woche durfte ich gemeinsam mit B\u00fcrgermeister Dr. Andreas Feld den Startschuss f\u00fcr die umfangreichen Arbeiten in Dirmingens &#8222;gr\u00fcner Lunge&#8220; geben. Mit dem Baubeginn schlie\u00dft sich f\u00fcr mich ein ganz pers\u00f6nlich ein Kreis. Ich kann mich sehr gut an viele intensive<\/p>\n","protected":false},"author":1,"featured_media":13588,"comment_status":"open","ping_status":"closed","sticky":false,"template":"","format":"standard","meta":{"_crdt_document":"","footnotes":""},"categories":[1,9,902],"tags":[5,618,127,634,310],"class_list":["post-13586","post","type-post","status-publish","format-standard","has-post-thumbnail","hentry","category-allgemein","category-dorfgetratsche","category-meine-meinung","tag-dirmingen","tag-gemeinde-eppelborn","tag-landkreis-neunkirchen","tag-ortsvorsteher","tag-saarland"],"_links":{"self":[{"href":"https:\/\/echta-derminga.de\/index.php?rest_route=\/wp\/v2\/posts\/13586","targetHints":{"allow":["GET"]}}],"collection":[{"href":"https:\/\/echta-derminga.de\/index.php?rest_route=\/wp\/v2\/posts"}],"about":[{"href":"https:\/\/echta-derminga.de\/index.php?rest_route=\/wp\/v2\/types\/post"}],"author":[{"embeddable":true,"href":"https:\/\/echta-derminga.de\/index.php?rest_route=\/wp\/v2\/users\/1"}],"replies":[{"embeddable":true,"href":"https:\/\/echta-derminga.de\/index.php?rest_route=%2Fwp%2Fv2%2Fcomments&post=13586"}],"version-history":[{"count":4,"href":"https:\/\/echta-derminga.de\/index.php?rest_route=\/wp\/v2\/posts\/13586\/revisions"}],"predecessor-version":[{"id":13592,"href":"https:\/\/echta-derminga.de\/index.php?rest_route=\/wp\/v2\/posts\/13586\/revisions\/13592"}],"wp:featuredmedia":[{"embeddable":true,"href":"https:\/\/echta-derminga.de\/index.php?rest_route=\/wp\/v2\/media\/13588"}],"wp:attachment":[{"href":"https:\/\/echta-derminga.de\/index.php?rest_route=%2Fwp%2Fv2%2Fmedia&parent=13586"}],"wp:term":[{"taxonomy":"category","embeddable":true,"href":"https:\/\/echta-derminga.de\/index.php?rest_route=%2Fwp%2Fv2%2Fcategories&post=13586"},{"taxonomy":"post_tag","embeddable":true,"href":"https:\/\/echta-derminga.de\/index.php?rest_route=%2Fwp%2Fv2%2Ftags&post=13586"}],"curies":[{"name":"wp","href":"https:\/\/api.w.org\/{rel}","templated":true}]}}