{"id":13593,"date":"2022-09-15T18:50:54","date_gmt":"2022-09-15T17:50:54","guid":{"rendered":"https:\/\/echta-derminga.de\/?p=13593"},"modified":"2022-09-15T19:08:37","modified_gmt":"2022-09-15T18:08:37","slug":"bitte-laecheln-versunken-in-alten-bildern","status":"publish","type":"post","link":"https:\/\/echta-derminga.de\/?p=13593","title":{"rendered":"Bitte l\u00e4cheln ! &#8211; Versunken in alten Bildern"},"content":{"rendered":"\n<p class=\"has-medium-font-size wp-block-paragraph\"><strong>Alte Geschichten und vor allen Dingen historische Aufnahmen haben mich schon immer fasziniert. Manchmal vergesse ich beim Durchw\u00fchlen meiner alten Bilder die Zeit. Stundenlang sitze ich vor meiner Sammlung und wundere mich immer wieder \u00fcber den Lauf der Zeit. Das Leben ist Ver\u00e4nderung und dies wird besonders auf alten Bildern deutlich. &nbsp;<\/strong><\/p>\n\n\n\n<p class=\"has-medium-font-size wp-block-paragraph\">Wie sah es fr\u00fcher in unserem Heimatort aus und inwieweit hat sich das Dorfbild ver\u00e4ndert? Im Laufe der Jahre hat sich mein Sammelwerk an historischen Aufnahmen zu einem gro\u00dfen Schatz entwickelt. Ich besitze viele Bilder aus unserem Dorf und bin st\u00e4ndig auf der suche nach weiteren Schnappsch\u00fcssen. Besonders spannend sind historische Aufnahmen von Menschen. Wer waren die Leute die fr\u00fcher hier in unserem Dorf lebten? Wichtige Indizien finden wir in alten Niederschriften. Wenn zu der vorhandenen Geschichte nun auch noch Bilder hinzukommen, wird meistens ein Schuh draus.<\/p>\n\n\n\n<p class=\"has-medium-font-size wp-block-paragraph\"><strong>Heute, geht das mit Hilfe eines Smartphones oder den sozialen Medien ganz leicht. Ein Bildchen hier, ein Selfie dort und zwischendurch machen wir noch einen Schnappschuss unseres Mittagessens. Fr\u00fcher war das anderes! Die erste Fotografie entstand nachweislich im Jahre 1826. Dabei entwickelte sich die Geschichte der Fotografie bis zum Jahr 1840 in einem enormen Tempo. Nicht jeder konnte sich einen Fotographen leisten. Der Besuch bei einem Fotographen war meistens sehr aufwendig und zeitintensiv. Die Menschen wussten, dass ein Bild mit Kind und Kegel f\u00fcr die n\u00e4chsten Jahre ausreichen mussten. Die meisten Dorfbewohner mussten f\u00fcr ein Familienfoto tief in die Haushaltskasse greifen und das Erinnerungsbild teuer bezahlen. Dabei offenbaren die alten Familienfotos bis heute eine einzigartige Atmosph\u00e4re. Jeder von uns hat solche Bilder zuhause rumliegen. Alte Familienfotos sind zwar nicht immer sch\u00f6n, aber f\u00fcr die Familienchronik sehr wertvoll und von gro\u00dfer Bedeutung.<\/strong><\/p>\n\n\n\n<div class=\"wp-block-columns is-layout-flex wp-container-core-columns-is-layout-8f761849 wp-block-columns-is-layout-flex\">\n<div class=\"wp-block-column is-layout-flow wp-block-column-is-layout-flow\">\n<figure class=\"wp-block-image size-large\"><img loading=\"lazy\" decoding=\"async\" width=\"700\" height=\"785\" src=\"https:\/\/echta-derminga.de\/wp-content\/uploads\/2022\/09\/dirmingen493-700x785.jpg\" alt=\"\" class=\"wp-image-13598\" srcset=\"https:\/\/echta-derminga.de\/wp-content\/uploads\/2022\/09\/dirmingen493-700x785.jpg 700w, https:\/\/echta-derminga.de\/wp-content\/uploads\/2022\/09\/dirmingen493-267x300.jpg 267w, https:\/\/echta-derminga.de\/wp-content\/uploads\/2022\/09\/dirmingen493-768x861.jpg 768w, https:\/\/echta-derminga.de\/wp-content\/uploads\/2022\/09\/dirmingen493-1369x1536.jpg 1369w, https:\/\/echta-derminga.de\/wp-content\/uploads\/2022\/09\/dirmingen493-1826x2048.jpg 1826w, https:\/\/echta-derminga.de\/wp-content\/uploads\/2022\/09\/dirmingen493.jpg 1980w\" sizes=\"auto, (max-width: 700px) 100vw, 700px\" \/><figcaption class=\"wp-element-caption\">Im Studio mit ernster Mine<\/figcaption><\/figure>\n<\/div>\n\n\n\n<div class=\"wp-block-column is-layout-flow wp-block-column-is-layout-flow\">\n<figure class=\"wp-block-image size-large\"><img loading=\"lazy\" decoding=\"async\" width=\"700\" height=\"712\" src=\"https:\/\/echta-derminga.de\/wp-content\/uploads\/2022\/09\/dirmingen496-700x712.jpg\" alt=\"\" class=\"wp-image-13599\" srcset=\"https:\/\/echta-derminga.de\/wp-content\/uploads\/2022\/09\/dirmingen496-700x712.jpg 700w, https:\/\/echta-derminga.de\/wp-content\/uploads\/2022\/09\/dirmingen496-295x300.jpg 295w, https:\/\/echta-derminga.de\/wp-content\/uploads\/2022\/09\/dirmingen496-768x781.jpg 768w, https:\/\/echta-derminga.de\/wp-content\/uploads\/2022\/09\/dirmingen496-75x75.jpg 75w, https:\/\/echta-derminga.de\/wp-content\/uploads\/2022\/09\/dirmingen496.jpg 1000w\" sizes=\"auto, (max-width: 700px) 100vw, 700px\" \/><figcaption class=\"wp-element-caption\">Schnappschuss mit L\u00e4cheln <\/figcaption><\/figure>\n<\/div>\n<\/div>\n\n\n\n<p class=\"has-medium-font-size wp-block-paragraph\">Fr\u00fcher kam ein Fototermin in Sachen Ernsthaftigkeit einem Kirchen -oder Amtsbesuch nahe. Ganz oft dauerte es Stunden, bis die Aufnahme endg\u00fcltig im Kasten war. Die wenigen Amateuraufnahmen, die aus der Situation heraus entstanden sind, wirken hingegen weitaus nat\u00fcrlicher und freundlicher. Genau auf diesen Bildern finden wir kleine Einblicke in den fr\u00fcheren Alltag unseres Dorfes.<\/p>\n\n\n\n<p class=\"has-medium-font-size wp-block-paragraph\"><strong>Leider kann ich nicht immer so, wie ich gerne m\u00f6chte. Historische Fotos online zu stellen, ist rechtlich betrachtet problematisch. Die Ver\u00f6ffentlichung alter Bilder ist nur zul\u00e4ssig, wenn hierf\u00fcr entsprechende urheberrechtliche Nutzungsrechte vorliegen oder die Fotos inzwischen gemeinfrei sind. Allerdings unterscheidet das Recht zwischen Fotos als Werken und blo\u00dfen \u201eKnipsbildern\u201c, was sich vor allem darauf auswirkt, wie lange Fotos urheberrechtlich gesch\u00fctzt sind. Wenn auf den Fotos Personen erkennbar sind, so sind auch die Pers\u00f6nlichkeitsrechte der Abgebildeten zu beachten. In der Regel ist die Online-Ver\u00f6ffentlichung nur mit Zustimmung der Abgebildeten zul\u00e4ssig. Nur in wenigen, bestimmten Ausnahmef\u00e4llen d\u00fcrfen solche Fotos auch ohne ausdr\u00fcckliche Zustimmung genutzt werden. Was mach ich also mit meinem Schatz, wenn ich ihn mit niemanden teilen darf?<\/strong><\/p>\n\n\n\n<div class=\"wp-block-columns is-layout-flex wp-container-core-columns-is-layout-8f761849 wp-block-columns-is-layout-flex\">\n<div class=\"wp-block-column is-layout-flow wp-block-column-is-layout-flow\">\n<figure class=\"wp-block-image size-large\"><img loading=\"lazy\" decoding=\"async\" width=\"700\" height=\"522\" src=\"https:\/\/echta-derminga.de\/wp-content\/uploads\/2022\/09\/dirmingen1226-700x522.jpg\" alt=\"\" class=\"wp-image-13601\" srcset=\"https:\/\/echta-derminga.de\/wp-content\/uploads\/2022\/09\/dirmingen1226-700x522.jpg 700w, https:\/\/echta-derminga.de\/wp-content\/uploads\/2022\/09\/dirmingen1226-300x224.jpg 300w, https:\/\/echta-derminga.de\/wp-content\/uploads\/2022\/09\/dirmingen1226-768x572.jpg 768w, https:\/\/echta-derminga.de\/wp-content\/uploads\/2022\/09\/dirmingen1226.jpg 1000w\" sizes=\"auto, (max-width: 700px) 100vw, 700px\" \/><figcaption class=\"wp-element-caption\">Vor dem Anwesen mit ernster Mine<\/figcaption><\/figure>\n<\/div>\n\n\n\n<div class=\"wp-block-column is-layout-flow wp-block-column-is-layout-flow\">\n<figure class=\"wp-block-image size-large\"><img loading=\"lazy\" decoding=\"async\" width=\"700\" height=\"584\" src=\"https:\/\/echta-derminga.de\/wp-content\/uploads\/2022\/09\/dirmingen364-700x584.jpg\" alt=\"\" class=\"wp-image-13602\" srcset=\"https:\/\/echta-derminga.de\/wp-content\/uploads\/2022\/09\/dirmingen364-700x584.jpg 700w, https:\/\/echta-derminga.de\/wp-content\/uploads\/2022\/09\/dirmingen364-300x250.jpg 300w, https:\/\/echta-derminga.de\/wp-content\/uploads\/2022\/09\/dirmingen364-768x641.jpg 768w, https:\/\/echta-derminga.de\/wp-content\/uploads\/2022\/09\/dirmingen364.jpg 1000w\" sizes=\"auto, (max-width: 700px) 100vw, 700px\" \/><figcaption class=\"wp-element-caption\">Im Dorf mit L\u00e4cheln<\/figcaption><\/figure>\n<\/div>\n<\/div>\n\n\n\n<p class=\"has-medium-font-size wp-block-paragraph\">War fr\u00fcher alles gut! War fr\u00fcher alles besser? Der Glaube an die gute alte Zeit f\u00e4llt schwer, wenn man sich die ernsten Mienen der Menschen auf den alten Fotos anschaut. Keiner l\u00e4chelt. \u00dcberall ernste Gesichter. Obwohl die meisten Leute bestimmt nett und aufgeschlossene waren, wirken die Aufnahme eher d\u00fcster und deprimierend. Familienportr\u00e4ts hatten fr\u00fcher den Anspruch anst\u00e4ndig, w\u00fcrdevoll und korrekt zu sein. In den wenigsten F\u00e4llen waren die Bilder eine authentische Abbildung des allt\u00e4glichen Lebens.<\/p>\n\n\n\n<p class=\"has-medium-font-size wp-block-paragraph\"><strong>Statt einem fr\u00f6hlichen Lachen und entspannten Gesichtern sieht man auf Fotos aus Urgrossmutters Zeiten meist starre Blicke, steife K\u00f6rper und anst\u00e4ndige Kleidung. Sogar auf Hochzeitsfotos wirken Braut und Br\u00e4utigam eher ungl\u00fccklich. Warum wirkten damals eigentlich alle so furchtbar ernst auf den Bildern?<\/strong><\/p>\n\n\n\n<p class=\"has-medium-font-size wp-block-paragraph\">Ein gl\u00fcckliches L\u00e4cheln galt zu dieser Zeit als unschicklich. Nach der damaligen Auffassung der Kirche waren Lippen dazu da, Z\u00e4hne zu bedecken. Wer sich dennoch mit einem L\u00e4cheln im Gesicht fotografieren lassen wollte, musste sich in Geduld \u00fcben. Aufgrund der langen Belichtungszeit konnte es mehrere Minuten dauern, ein Foto zu schie\u00dfen. Ein nat\u00fcrliches L\u00e4cheln so lange aufrechtzuhalten, w\u00e4re auch heute noch eine echte Herausforderung. Die Fotografen machten damals jeweils nur ein Foto, statt wie heute \u00fcblich eine Reihe von Schnappsch\u00fcssen. Die Wahrscheinlichkeit, ein vern\u00fcnftiges Bild zu bekommen, stieg also, je ruhiger der Abgelichtete posierte.<\/p>\n\n\n\n<div class=\"wp-block-columns is-layout-flex wp-container-core-columns-is-layout-8f761849 wp-block-columns-is-layout-flex\">\n<div class=\"wp-block-column is-layout-flow wp-block-column-is-layout-flow\">\n<figure class=\"wp-block-image size-large\"><img loading=\"lazy\" decoding=\"async\" width=\"700\" height=\"420\" src=\"https:\/\/echta-derminga.de\/wp-content\/uploads\/2022\/09\/dirmingen1144-700x420.jpg\" alt=\"\" class=\"wp-image-13604\" srcset=\"https:\/\/echta-derminga.de\/wp-content\/uploads\/2022\/09\/dirmingen1144-700x420.jpg 700w, https:\/\/echta-derminga.de\/wp-content\/uploads\/2022\/09\/dirmingen1144-300x180.jpg 300w, https:\/\/echta-derminga.de\/wp-content\/uploads\/2022\/09\/dirmingen1144-768x461.jpg 768w, https:\/\/echta-derminga.de\/wp-content\/uploads\/2022\/09\/dirmingen1144-500x300.jpg 500w, https:\/\/echta-derminga.de\/wp-content\/uploads\/2022\/09\/dirmingen1144.jpg 900w\" sizes=\"auto, (max-width: 700px) 100vw, 700px\" \/><figcaption class=\"wp-element-caption\">Pension\u00e4rverein<\/figcaption><\/figure>\n<\/div>\n\n\n\n<div class=\"wp-block-column is-layout-flow wp-block-column-is-layout-flow\">\n<figure class=\"wp-block-image size-large\"><img loading=\"lazy\" decoding=\"async\" width=\"700\" height=\"487\" src=\"https:\/\/echta-derminga.de\/wp-content\/uploads\/2022\/09\/dirmingen172-700x487.jpg\" alt=\"\" class=\"wp-image-13605\" srcset=\"https:\/\/echta-derminga.de\/wp-content\/uploads\/2022\/09\/dirmingen172-700x487.jpg 700w, https:\/\/echta-derminga.de\/wp-content\/uploads\/2022\/09\/dirmingen172-300x209.jpg 300w, https:\/\/echta-derminga.de\/wp-content\/uploads\/2022\/09\/dirmingen172-768x534.jpg 768w, https:\/\/echta-derminga.de\/wp-content\/uploads\/2022\/09\/dirmingen172.jpg 900w\" sizes=\"auto, (max-width: 700px) 100vw, 700px\" \/><figcaption class=\"wp-element-caption\">Schulkinder<\/figcaption><\/figure>\n<\/div>\n<\/div>\n\n\n\n<p class=\"has-medium-font-size wp-block-paragraph\"><strong>Ein wahrhaftig d\u00fcsteres Kapitel der Geschichte der Fotografie ist die sogenannte Postmortem Fotografie. Die Rede ist von Bildern, die nach dem Tod eines Menschen gemacht wurden. Gerade in der sogenannten Viktorianischen Zeit, also um 1830, waren solche Aufnahmen keine Seltenheit. Irgendwie wurde es zur Sitte den geliebten Menschen nach seinem Tod noch einmal abzulichten. Die Angeh\u00f6rigen wollten eine letzte Erinnerung an das verstorbene Familienmitglied haben. Die Toten wurden dabei so drapiert, dass es aussah, als w\u00e4ren sie noch lebendig. Ganz oft posierten sogar die Geschwister und Eltern mit den Verstorbenen. Echt gruselig!<\/strong><\/p>\n\n\n\n<p class=\"has-medium-font-size wp-block-paragraph\">Gottlob ist mir eine solche Aufnahme noch nicht in die Finger gekommen. Obwohl, so ganz sicher bin ich mir dabei nicht. Ich sehe mir unheimlich gerne alte, historische Aufnahmen an. Dabei sind die Bilder die einfach so, w\u00e4hrend des Alltags entstanden die Sch\u00f6nsten. Die Menschen wirkten bei den Schnappsch\u00fcssen viel lockerer und lebendiger als w\u00e4hrend einer Studioaufnahme. Leider ist die Ver\u00f6ffentlichung eines Bildes immer auch ein Eingriff in das Recht eines anderen Menschen. Man sollte sich also immer vergewissern, ob man ein Bild einfach so hochladen und ver\u00f6ffentlichen kann. Im schlimmsten Fall kann so eine Angelegenheit schon mal sehr teuer sein. Glaubt mir, ich wei\u00df wovon ich rede ! <strong>( Bildquelle: Die Bilder auf dieser Seite wurden uns mit freundlicher Genehmigung der Familie Bock zur Verf\u00fcgung gestellt)<\/strong><\/p>\n\n\n\n<div class=\"wp-block-columns is-layout-flex wp-container-core-columns-is-layout-8f761849 wp-block-columns-is-layout-flex\">\n<div class=\"wp-block-column is-layout-flow wp-block-column-is-layout-flow\">\n<figure class=\"wp-block-image size-large\"><img loading=\"lazy\" decoding=\"async\" width=\"700\" height=\"426\" src=\"https:\/\/echta-derminga.de\/wp-content\/uploads\/2022\/09\/dirmingen1280-700x426.jpg\" alt=\"\" class=\"wp-image-13607\" srcset=\"https:\/\/echta-derminga.de\/wp-content\/uploads\/2022\/09\/dirmingen1280-700x426.jpg 700w, https:\/\/echta-derminga.de\/wp-content\/uploads\/2022\/09\/dirmingen1280-300x182.jpg 300w, https:\/\/echta-derminga.de\/wp-content\/uploads\/2022\/09\/dirmingen1280-768x467.jpg 768w, https:\/\/echta-derminga.de\/wp-content\/uploads\/2022\/09\/dirmingen1280.jpg 1000w\" sizes=\"auto, (max-width: 700px) 100vw, 700px\" \/><figcaption class=\"wp-element-caption\">Hochzeitsgesellschaft<\/figcaption><\/figure>\n<\/div>\n\n\n\n<div class=\"wp-block-column is-layout-flow wp-block-column-is-layout-flow\">\n<figure class=\"wp-block-image size-large\"><img loading=\"lazy\" decoding=\"async\" width=\"700\" height=\"470\" src=\"https:\/\/echta-derminga.de\/wp-content\/uploads\/2022\/09\/dirmingen964-700x470.jpg\" alt=\"\" class=\"wp-image-13608\" srcset=\"https:\/\/echta-derminga.de\/wp-content\/uploads\/2022\/09\/dirmingen964-700x470.jpg 700w, https:\/\/echta-derminga.de\/wp-content\/uploads\/2022\/09\/dirmingen964-300x200.jpg 300w, https:\/\/echta-derminga.de\/wp-content\/uploads\/2022\/09\/dirmingen964-768x515.jpg 768w, https:\/\/echta-derminga.de\/wp-content\/uploads\/2022\/09\/dirmingen964.jpg 1000w\" sizes=\"auto, (max-width: 700px) 100vw, 700px\" \/><figcaption class=\"wp-element-caption\">Wirtschaftsgesellschaft<\/figcaption><\/figure>\n\n\n\n<p class=\"wp-block-paragraph\"><\/p>\n<\/div>\n<\/div>\n\n\n\n<div class=\"wp-block-columns is-layout-flex wp-container-core-columns-is-layout-8f761849 wp-block-columns-is-layout-flex\">\n<div class=\"wp-block-column is-layout-flow wp-block-column-is-layout-flow\">\n<figure class=\"wp-block-image size-large\"><img loading=\"lazy\" decoding=\"async\" width=\"700\" height=\"478\" src=\"https:\/\/echta-derminga.de\/wp-content\/uploads\/2022\/09\/dirmingen781-700x478.jpg\" alt=\"\" class=\"wp-image-13610\" srcset=\"https:\/\/echta-derminga.de\/wp-content\/uploads\/2022\/09\/dirmingen781-700x478.jpg 700w, https:\/\/echta-derminga.de\/wp-content\/uploads\/2022\/09\/dirmingen781-300x205.jpg 300w, https:\/\/echta-derminga.de\/wp-content\/uploads\/2022\/09\/dirmingen781-768x525.jpg 768w, https:\/\/echta-derminga.de\/wp-content\/uploads\/2022\/09\/dirmingen781.jpg 1000w\" sizes=\"auto, (max-width: 700px) 100vw, 700px\" \/><figcaption class=\"wp-element-caption\">Einweihung altes Denkmal <\/figcaption><\/figure>\n<\/div>\n\n\n\n<div class=\"wp-block-column is-layout-flow wp-block-column-is-layout-flow\">\n<figure class=\"wp-block-image size-large\"><img loading=\"lazy\" decoding=\"async\" width=\"700\" height=\"450\" src=\"https:\/\/echta-derminga.de\/wp-content\/uploads\/2022\/09\/dirmingen1228-700x450.jpg\" alt=\"\" class=\"wp-image-13611\" srcset=\"https:\/\/echta-derminga.de\/wp-content\/uploads\/2022\/09\/dirmingen1228-700x450.jpg 700w, https:\/\/echta-derminga.de\/wp-content\/uploads\/2022\/09\/dirmingen1228-300x193.jpg 300w, https:\/\/echta-derminga.de\/wp-content\/uploads\/2022\/09\/dirmingen1228-768x494.jpg 768w, https:\/\/echta-derminga.de\/wp-content\/uploads\/2022\/09\/dirmingen1228.jpg 1000w\" sizes=\"auto, (max-width: 700px) 100vw, 700px\" \/><figcaption class=\"wp-element-caption\">Keine Ahnung !?!<\/figcaption><\/figure>\n<\/div>\n<\/div>\n","protected":false},"excerpt":{"rendered":"<p>Alte Geschichten und vor allen Dingen historische Aufnahmen haben mich schon immer fasziniert. Manchmal vergesse ich beim Durchw\u00fchlen meiner alten Bilder die Zeit. Stundenlang sitze ich vor meiner Sammlung und wundere mich immer wieder \u00fcber den Lauf der Zeit. Das Leben ist Ver\u00e4nderung und dies wird besonders auf alten Bildern deutlich. &nbsp; Wie sah es fr\u00fcher in unserem Heimatort aus<\/p>\n","protected":false},"author":1,"featured_media":13597,"comment_status":"open","ping_status":"closed","sticky":false,"template":"","format":"standard","meta":{"_crdt_document":"","footnotes":""},"categories":[1,8],"tags":[1010,5,618,127,634,310],"class_list":["post-13593","post","type-post","status-publish","format-standard","has-post-thumbnail","hentry","category-allgemein","category-sellemols-und-awweile","tag-alte-bilder","tag-dirmingen","tag-gemeinde-eppelborn","tag-landkreis-neunkirchen","tag-ortsvorsteher","tag-saarland"],"_links":{"self":[{"href":"https:\/\/echta-derminga.de\/index.php?rest_route=\/wp\/v2\/posts\/13593","targetHints":{"allow":["GET"]}}],"collection":[{"href":"https:\/\/echta-derminga.de\/index.php?rest_route=\/wp\/v2\/posts"}],"about":[{"href":"https:\/\/echta-derminga.de\/index.php?rest_route=\/wp\/v2\/types\/post"}],"author":[{"embeddable":true,"href":"https:\/\/echta-derminga.de\/index.php?rest_route=\/wp\/v2\/users\/1"}],"replies":[{"embeddable":true,"href":"https:\/\/echta-derminga.de\/index.php?rest_route=%2Fwp%2Fv2%2Fcomments&post=13593"}],"version-history":[{"count":10,"href":"https:\/\/echta-derminga.de\/index.php?rest_route=\/wp\/v2\/posts\/13593\/revisions"}],"predecessor-version":[{"id":13615,"href":"https:\/\/echta-derminga.de\/index.php?rest_route=\/wp\/v2\/posts\/13593\/revisions\/13615"}],"wp:featuredmedia":[{"embeddable":true,"href":"https:\/\/echta-derminga.de\/index.php?rest_route=\/wp\/v2\/media\/13597"}],"wp:attachment":[{"href":"https:\/\/echta-derminga.de\/index.php?rest_route=%2Fwp%2Fv2%2Fmedia&parent=13593"}],"wp:term":[{"taxonomy":"category","embeddable":true,"href":"https:\/\/echta-derminga.de\/index.php?rest_route=%2Fwp%2Fv2%2Fcategories&post=13593"},{"taxonomy":"post_tag","embeddable":true,"href":"https:\/\/echta-derminga.de\/index.php?rest_route=%2Fwp%2Fv2%2Ftags&post=13593"}],"curies":[{"name":"wp","href":"https:\/\/api.w.org\/{rel}","templated":true}]}}