{"id":13616,"date":"2022-09-19T18:12:08","date_gmt":"2022-09-19T17:12:08","guid":{"rendered":"https:\/\/echta-derminga.de\/?p=13616"},"modified":"2022-09-20T19:26:10","modified_gmt":"2022-09-20T18:26:10","slug":"in-sachen-ortsvorsteher-vom-herbst-auf-finkenrech-einem-gipfelkreuz-vielen-jubilaren-und-der-neugestaltung-des-bruehlparks","status":"publish","type":"post","link":"https:\/\/echta-derminga.de\/?p=13616","title":{"rendered":"In Sachen Ortsvorsteher: Vom Herbst auf Finkenrech, einem Gipfelkreuz, vielen Jubilaren und der Neugestaltung des Br\u00fchlparks"},"content":{"rendered":"\n<p class=\"has-medium-font-size wp-block-paragraph\"><strong>Der Sommer scheint sich nun endg\u00fcltig zu verabschiedet und der Herbst zieht \u00fcber unser Land. Mit der neuen Jahreszeit finden traditionell zahlreiche Veranstaltungen in unserem Heimatort statt. W\u00e4hrend zun\u00e4chst das Wanderwegefest des Vereins &#8222;IlltalerLand&#8220; durch Dirmingen f\u00fchrte, fand am vergangenen Wochenende der &#8222;Herbst auf Finkenrech&#8220; statt. Diese Veranstaltung geh\u00f6rt zu den gr\u00f6\u00dften Volksfesten unserer Region. Der Herbst bietet viele M\u00f6glichkeiten das Leben zu genie\u00dfen. Ich w\u00fcnsche Ihnen bei ihren freizeitlichen Aktivit\u00e4ten viel Spa\u00df und gute Unterhaltung. Genie\u00dfen Sie diese farbenfrohe Jahreszeit und lassen Sie es sich gutgehen.<\/strong><\/p>\n\n\n\n<h3 class=\"has-medium-font-size wp-block-heading\">Neugestaltung des Br\u00fchlparks wird in die Tat umgesetzt!<\/h3>\n\n\n\n<p class=\"has-medium-font-size wp-block-paragraph\">Was lange w\u00e4hrt, wird endlich gut. Die Arbeiten zur Umgestaltung unseres Br\u00fchlparks starten in K\u00fcrze. In der vergangenen Woche durfte ich gemeinsam mit B\u00fcrgermeister Dr. Andreas Feld den Startschuss f\u00fcr die umfangreichen Arbeiten in Dirmingens \u201cgr\u00fcner Lunge\u201d geben. Mit dem Baubeginn schlie\u00dft sich f\u00fcr mich ein ganz pers\u00f6nlich ein Kreis. Ich kann mich sehr gut an viele intensive Gespr\u00e4che mit unserem ehemaligen Ortsvorsteher Manfred Klein erinnern. Bez\u00fcglich des Br\u00fchlparks hatten wir viele gemeinsame Pl\u00e4ne, W\u00fcnsche und Hoffnungen. Nun werden wir also einen wichtigen Schritt in die Neugestaltung des Br\u00fchlparks unternehmen. Ich freue mich unheimlich \u00fcber diese positive Entwicklung. Besonders freue ich mich \u00fcber die gro\u00dfartige Zusammenarbeit in allen politischen Gremien, der Verwaltung und auch in unserer Dorfgemeinschaft. Im Jahre 2020 hatte ich unsere Dorfgemeinschaft zu einer \u201ekick off\u201c-Veranstaltung in den Br\u00fchlpark eingeladen. Ziel war es den Br\u00fchlpark auf Vordermann zu bringen und anhand eines \u201cBrainstormings\u201d erste Schritte in Richtung \u201eNeugestaltung des Br\u00fchlparks\u201c zu gehen. Vielen Dank an alle die damals so tatkr\u00e4ftig geholfen haben. Auch hinter den Kulissen wurde fieberhaft an der Umsetzung der Bauma\u00dfnahmen gearbeitet. Mit diesen Ma\u00dfnahmen im Gep\u00e4ck und den Kopf voller Ideen hatten wir B\u00fcrgermeister Dr. Andreas Feld um seine Unterst\u00fctzung gebeten. Der Rathauschef hat von Beginn an unsere Pl\u00e4ne positiv aufgenommen und unterst\u00fctzt. Selbst, als aufgrund einer Kostenexplosion das geplante Vorhaben zu scheiterten drohte, stand der Rathauschef zu seinem Wort und an meiner Seite. Daf\u00fcr m\u00f6chte ich mich ganz herzlich bei B\u00fcrgermeister Feld bedanken. Die Arbeiten werden rund drei Wochen andauern. Allerdings kann es durch die aktuell sehr langen Lieferzeiten zu Verz\u00f6gerungen beim Aufbau kommen. Die Aufenthaltsqualit\u00e4t des Br\u00fchlparks soll mit folgenden Ma\u00dfnahmen gesteigert werden:<\/p>\n\n\n\n<p class=\"has-medium-font-size wp-block-paragraph\">&#8211; Anlegen eines Boule-Platzes<\/p>\n\n\n\n<p class=\"has-medium-font-size wp-block-paragraph\">&#8211; Aufstellen einer Tischtennisplatte<\/p>\n\n\n\n<p class=\"has-medium-font-size wp-block-paragraph\">&#8211; Aufstellen von B\u00e4nken und Sitzgarnituren<\/p>\n\n\n\n<p class=\"has-medium-font-size wp-block-paragraph\">&#8211; Hochmoderne Beleuchtungsmasten<\/p>\n\n\n\n<p class=\"has-medium-font-size wp-block-paragraph\">&#8211; Aufstellen eines Festplatzverteilerschranks<\/p>\n\n\n\n<p class=\"has-medium-font-size wp-block-paragraph\">&#8211; Verlegung von neuen Strom- und Trinkwasserleitungen<\/p>\n\n\n\n<div class=\"wp-block-columns is-layout-flex wp-container-core-columns-is-layout-8f761849 wp-block-columns-is-layout-flex\">\n<div class=\"wp-block-column is-layout-flow wp-block-column-is-layout-flow\">\n<figure class=\"wp-block-image size-large\"><img loading=\"lazy\" decoding=\"async\" width=\"700\" height=\"467\" src=\"https:\/\/echta-derminga.de\/wp-content\/uploads\/2022\/09\/305581052_1173010830223639_6816648296462338290_n-1-700x467.jpg\" alt=\"\" class=\"wp-image-13636\" srcset=\"https:\/\/echta-derminga.de\/wp-content\/uploads\/2022\/09\/305581052_1173010830223639_6816648296462338290_n-1-700x467.jpg 700w, https:\/\/echta-derminga.de\/wp-content\/uploads\/2022\/09\/305581052_1173010830223639_6816648296462338290_n-1-300x200.jpg 300w, https:\/\/echta-derminga.de\/wp-content\/uploads\/2022\/09\/305581052_1173010830223639_6816648296462338290_n-1-768x512.jpg 768w, https:\/\/echta-derminga.de\/wp-content\/uploads\/2022\/09\/305581052_1173010830223639_6816648296462338290_n-1.jpg 960w\" sizes=\"auto, (max-width: 700px) 100vw, 700px\" \/><figcaption class=\"wp-element-caption\">Startschuss im Br\u00fchlpark<\/figcaption><\/figure>\n<\/div>\n\n\n\n<div class=\"wp-block-column is-layout-flow wp-block-column-is-layout-flow\">\n<figure class=\"wp-block-image size-large\"><img loading=\"lazy\" decoding=\"async\" width=\"700\" height=\"494\" src=\"https:\/\/echta-derminga.de\/wp-content\/uploads\/2022\/09\/306095794_1173010840223638_5388348337019803119_n-1-700x494.jpg\" alt=\"\" class=\"wp-image-13637\" srcset=\"https:\/\/echta-derminga.de\/wp-content\/uploads\/2022\/09\/306095794_1173010840223638_5388348337019803119_n-1-700x494.jpg 700w, https:\/\/echta-derminga.de\/wp-content\/uploads\/2022\/09\/306095794_1173010840223638_5388348337019803119_n-1-300x212.jpg 300w, https:\/\/echta-derminga.de\/wp-content\/uploads\/2022\/09\/306095794_1173010840223638_5388348337019803119_n-1-768x542.jpg 768w, https:\/\/echta-derminga.de\/wp-content\/uploads\/2022\/09\/306095794_1173010840223638_5388348337019803119_n-1.jpg 960w\" sizes=\"auto, (max-width: 700px) 100vw, 700px\" \/><figcaption class=\"wp-element-caption\">Bauplan des Br\u00fchlparks<\/figcaption><\/figure>\n<\/div>\n<\/div>\n\n\n\n<div class=\"wp-block-columns is-layout-flex wp-container-core-columns-is-layout-8f761849 wp-block-columns-is-layout-flex\">\n<div class=\"wp-block-column is-layout-flow wp-block-column-is-layout-flow\">\n<figure class=\"wp-block-image size-large\"><img loading=\"lazy\" decoding=\"async\" width=\"700\" height=\"388\" src=\"https:\/\/echta-derminga.de\/wp-content\/uploads\/2022\/09\/w950_h526_x1316_y656_SZ_62486399_1407864277_RGB_190_1_1_c4d3052bcaf470bb52d1f6cc358ba4e2_1563186109_1407864277_d488637fe7-867a16f4dd784260-700x388.jpg\" alt=\"\" class=\"wp-image-13672\" srcset=\"https:\/\/echta-derminga.de\/wp-content\/uploads\/2022\/09\/w950_h526_x1316_y656_SZ_62486399_1407864277_RGB_190_1_1_c4d3052bcaf470bb52d1f6cc358ba4e2_1563186109_1407864277_d488637fe7-867a16f4dd784260-700x388.jpg 700w, https:\/\/echta-derminga.de\/wp-content\/uploads\/2022\/09\/w950_h526_x1316_y656_SZ_62486399_1407864277_RGB_190_1_1_c4d3052bcaf470bb52d1f6cc358ba4e2_1563186109_1407864277_d488637fe7-867a16f4dd784260-300x166.jpg 300w, https:\/\/echta-derminga.de\/wp-content\/uploads\/2022\/09\/w950_h526_x1316_y656_SZ_62486399_1407864277_RGB_190_1_1_c4d3052bcaf470bb52d1f6cc358ba4e2_1563186109_1407864277_d488637fe7-867a16f4dd784260-768x425.jpg 768w, https:\/\/echta-derminga.de\/wp-content\/uploads\/2022\/09\/w950_h526_x1316_y656_SZ_62486399_1407864277_RGB_190_1_1_c4d3052bcaf470bb52d1f6cc358ba4e2_1563186109_1407864277_d488637fe7-867a16f4dd784260.jpg 950w\" sizes=\"auto, (max-width: 700px) 100vw, 700px\" \/><figcaption class=\"wp-element-caption\">Erste Schritte mit Manne Klein<\/figcaption><\/figure>\n<\/div>\n\n\n\n<div class=\"wp-block-column is-layout-flow wp-block-column-is-layout-flow\">\n<figure class=\"wp-block-image size-large\"><img loading=\"lazy\" decoding=\"async\" width=\"700\" height=\"425\" src=\"https:\/\/echta-derminga.de\/wp-content\/uploads\/2022\/09\/w1600_h972_x799_y485_SZ_87928341_2066249379_RGB_190_1_1_5d57e8ccf4a7d0e3eb6ded2f041c377f_1596449954_2066249379_a1154229d4-f647c5459091860a-700x425.jpg\" alt=\"\" class=\"wp-image-13673\" srcset=\"https:\/\/echta-derminga.de\/wp-content\/uploads\/2022\/09\/w1600_h972_x799_y485_SZ_87928341_2066249379_RGB_190_1_1_5d57e8ccf4a7d0e3eb6ded2f041c377f_1596449954_2066249379_a1154229d4-f647c5459091860a-700x425.jpg 700w, https:\/\/echta-derminga.de\/wp-content\/uploads\/2022\/09\/w1600_h972_x799_y485_SZ_87928341_2066249379_RGB_190_1_1_5d57e8ccf4a7d0e3eb6ded2f041c377f_1596449954_2066249379_a1154229d4-f647c5459091860a-300x182.jpg 300w, https:\/\/echta-derminga.de\/wp-content\/uploads\/2022\/09\/w1600_h972_x799_y485_SZ_87928341_2066249379_RGB_190_1_1_5d57e8ccf4a7d0e3eb6ded2f041c377f_1596449954_2066249379_a1154229d4-f647c5459091860a-768x467.jpg 768w, https:\/\/echta-derminga.de\/wp-content\/uploads\/2022\/09\/w1600_h972_x799_y485_SZ_87928341_2066249379_RGB_190_1_1_5d57e8ccf4a7d0e3eb6ded2f041c377f_1596449954_2066249379_a1154229d4-f647c5459091860a-1536x933.jpg 1536w, https:\/\/echta-derminga.de\/wp-content\/uploads\/2022\/09\/w1600_h972_x799_y485_SZ_87928341_2066249379_RGB_190_1_1_5d57e8ccf4a7d0e3eb6ded2f041c377f_1596449954_2066249379_a1154229d4-f647c5459091860a.jpg 1600w\" sizes=\"auto, (max-width: 700px) 100vw, 700px\" \/><figcaption class=\"wp-element-caption\">Dorfgemeinschaft packt an !<\/figcaption><\/figure>\n<\/div>\n<\/div>\n\n\n\n<p class=\"has-medium-font-size wp-block-paragraph\"><strong>Besuchermagnet &#8222;Herbst auf Finkenrech&#8220; <\/strong><\/p>\n\n\n\n<p class=\"has-medium-font-size wp-block-paragraph\">Die saisonale Veranstaltung &#8222;Herbst auf Finkenrech&#8220; geh\u00f6rt zu den gr\u00f6\u00dften Volksfesten unserer Region. Ganz nebenbei betreibt die Veranstaltung in jedem Jahr gro\u00dfartige Werbung f\u00fcr unseren Heimatort. Aus dem ganzen Land pilgern die Menschen auf Finkenrech um dort den Bauermarkt und das herrliche Ambiente zu genie\u00dfen. Im Vorfeld der diesj\u00e4hrigen Veranstaltung wurde \u00fcber besonders in den sozialen Medien viel \u00fcber den Eintrittspreis debattiert. Ich pers\u00f6nlich kann die Argumente beider Seiten gut nachvollziehen und m\u00f6chte an dieser Stelle f\u00fcr ein gegenseitiges Verst\u00e4ndnis werben. Nichtsdestotrotz war die diesj\u00e4hrige Veranstaltung besonders am Sonntag ein toller Erfolg. Tausende Menschen genossen bei wunderbarer Live-Musik die kulinarische K\u00f6stlichkeiten und das Flair dieses wunderbaren Marktes. Mein Lob geht an den TKN des Landkreises Neunkirchen. Gemeinsam mit Landrat S\u00f6ren Meng und B\u00fcrgermeister Andreas Feld durfte ich der Er\u00f6ffnung des Marktes beiwohnen.<\/p>\n\n\n\n<div class=\"wp-block-columns is-layout-flex wp-container-core-columns-is-layout-8f761849 wp-block-columns-is-layout-flex\">\n<div class=\"wp-block-column is-layout-flow wp-block-column-is-layout-flow\">\n<figure class=\"wp-block-image size-large\"><img loading=\"lazy\" decoding=\"async\" width=\"700\" height=\"525\" src=\"https:\/\/echta-derminga.de\/wp-content\/uploads\/2022\/09\/304941946_5440681752693172_75456974195086803_n-700x525.jpg\" alt=\"\" class=\"wp-image-13658\" srcset=\"https:\/\/echta-derminga.de\/wp-content\/uploads\/2022\/09\/304941946_5440681752693172_75456974195086803_n-700x525.jpg 700w, https:\/\/echta-derminga.de\/wp-content\/uploads\/2022\/09\/304941946_5440681752693172_75456974195086803_n-300x225.jpg 300w, https:\/\/echta-derminga.de\/wp-content\/uploads\/2022\/09\/304941946_5440681752693172_75456974195086803_n-768x576.jpg 768w, https:\/\/echta-derminga.de\/wp-content\/uploads\/2022\/09\/304941946_5440681752693172_75456974195086803_n.jpg 1000w\" sizes=\"auto, (max-width: 700px) 100vw, 700px\" \/><\/figure>\n<\/div>\n\n\n\n<div class=\"wp-block-column is-layout-flow wp-block-column-is-layout-flow\">\n<figure class=\"wp-block-image size-large\"><img loading=\"lazy\" decoding=\"async\" width=\"700\" height=\"565\" src=\"https:\/\/echta-derminga.de\/wp-content\/uploads\/2022\/09\/305564429_5440679102693437_7943350479827672296_n-700x565.jpg\" alt=\"\" class=\"wp-image-13659\" srcset=\"https:\/\/echta-derminga.de\/wp-content\/uploads\/2022\/09\/305564429_5440679102693437_7943350479827672296_n-700x565.jpg 700w, https:\/\/echta-derminga.de\/wp-content\/uploads\/2022\/09\/305564429_5440679102693437_7943350479827672296_n-300x242.jpg 300w, https:\/\/echta-derminga.de\/wp-content\/uploads\/2022\/09\/305564429_5440679102693437_7943350479827672296_n-768x620.jpg 768w, https:\/\/echta-derminga.de\/wp-content\/uploads\/2022\/09\/305564429_5440679102693437_7943350479827672296_n.jpg 846w\" sizes=\"auto, (max-width: 700px) 100vw, 700px\" \/><\/figure>\n<\/div>\n<\/div>\n\n\n\n<div class=\"wp-block-columns is-layout-flex wp-container-core-columns-is-layout-8f761849 wp-block-columns-is-layout-flex\">\n<div class=\"wp-block-column is-layout-flow wp-block-column-is-layout-flow\">\n<figure class=\"wp-block-image size-large\"><img loading=\"lazy\" decoding=\"async\" width=\"700\" height=\"485\" src=\"https:\/\/echta-derminga.de\/wp-content\/uploads\/2022\/09\/306270891_5440679349360079_3249174052356255835_n-700x485.jpg\" alt=\"\" class=\"wp-image-13660\" srcset=\"https:\/\/echta-derminga.de\/wp-content\/uploads\/2022\/09\/306270891_5440679349360079_3249174052356255835_n-700x485.jpg 700w, https:\/\/echta-derminga.de\/wp-content\/uploads\/2022\/09\/306270891_5440679349360079_3249174052356255835_n-300x208.jpg 300w, https:\/\/echta-derminga.de\/wp-content\/uploads\/2022\/09\/306270891_5440679349360079_3249174052356255835_n-768x533.jpg 768w, https:\/\/echta-derminga.de\/wp-content\/uploads\/2022\/09\/306270891_5440679349360079_3249174052356255835_n.jpg 910w\" sizes=\"auto, (max-width: 700px) 100vw, 700px\" \/><\/figure>\n<\/div>\n\n\n\n<div class=\"wp-block-column is-layout-flow wp-block-column-is-layout-flow\">\n<figure class=\"wp-block-image size-large\"><img loading=\"lazy\" decoding=\"async\" width=\"700\" height=\"393\" src=\"https:\/\/echta-derminga.de\/wp-content\/uploads\/2022\/09\/302414013_5440744596020221_7980316099760608078_n-700x393.jpg\" alt=\"\" class=\"wp-image-13661\" srcset=\"https:\/\/echta-derminga.de\/wp-content\/uploads\/2022\/09\/302414013_5440744596020221_7980316099760608078_n-700x393.jpg 700w, https:\/\/echta-derminga.de\/wp-content\/uploads\/2022\/09\/302414013_5440744596020221_7980316099760608078_n-300x169.jpg 300w, https:\/\/echta-derminga.de\/wp-content\/uploads\/2022\/09\/302414013_5440744596020221_7980316099760608078_n-768x432.jpg 768w, https:\/\/echta-derminga.de\/wp-content\/uploads\/2022\/09\/302414013_5440744596020221_7980316099760608078_n.jpg 1000w\" sizes=\"auto, (max-width: 700px) 100vw, 700px\" \/><\/figure>\n<\/div>\n<\/div>\n\n\n\n<p class=\"has-medium-font-size wp-block-paragraph\"><strong>Dirminger<\/strong> <strong>Sirene heulte in Dauerschleife<\/strong><\/p>\n\n\n\n<p class=\"has-medium-font-size wp-block-paragraph\">Am Montag, 12. September sorgte das Dauerheulen der Dirminger Sirene f\u00fcr Irritationen in der Bev\u00f6lkerung. Aufgrund eines technischen Fehlers heulte die Sirene am Feuerwehrger\u00e4tehaus in der Dauerschleife. Ausgel\u00f6st wurde dieser technische Defekt offensichtlich durch die Alarmierung  unseres L\u00f6schbezirk zu einem Einsatz, in der Tholeyerstrasse. Selbst als unsere Feuerwehr l\u00e4ngst an ihrem Einsatzort angekommen war, heulte die Sirene in regelm\u00e4\u00dfigen Abst\u00e4nden weiter. Besorgte B\u00fcrgerinnen und B\u00fcrger meldeten sich auch bei mir telefonische und erkundigten sich nach dem Grund des Dauerheulens. Der Dauerton der Sirene war bis in umliegende D\u00f6rfer  Berschweiler, Wustweiler und Eppelborn zu h\u00f6ren. Mittlerweile wurde der Fehler behoben und das Problem d\u00fcrfte nicht mehr auftauchen. Ich danke unserer Feuerwehr und den zust\u00e4ndigen Beh\u00f6rden f\u00fcr die schnelle Aufarbeitung und L\u00f6sung des Problems. <\/p>\n\n\n\n<h3 class=\"has-medium-font-size wp-block-heading\">Gro\u00dfes Kompliment an die Jugendwehr des Lbz Dirmingen<\/h3>\n\n\n\n<p class=\"has-medium-font-size wp-block-paragraph\">Am Sonntag, 11. September fand die Jahreshaupt\u00fcbung aller Jugendfeuerwehren unserer Gemeinde in Wiesbach statt. \u00dcber 60 Kinder der Bambini- und Jugendwehr beteiligten sich an dieser \u00dcbung. Die Jugendwehr unseres L\u00f6schbezirks Dirmingen pr\u00e4sentierte sich in einer sehr guten Verfassung. Ich danke allen Kindern und Jugendlichen unseres L\u00f6schbezirks f\u00fcr ihren tollen Einsatz. Ein besonderer Dank geht an alle Ausbilderinnen und Ausbildern sowie an alle Eltern. Unsere Feuerwehr sorgt mit ihrem ehrenamtlichen Einsatz f\u00fcr die Sicherheit unserer Dorfgemeinschaft. Gut. dass unsere Wehr f\u00fcr den eigenen Nachwuchs sorgt und somit auch die Zukunft unseres L\u00f6schbezirks sicherstellt. Der L\u00f6schbezirk Dirmingen kann zurecht stolz auf seine Jugendwehr sein. Gut Wehr!<\/p>\n\n\n\n<div class=\"wp-block-columns is-layout-flex wp-container-core-columns-is-layout-8f761849 wp-block-columns-is-layout-flex\">\n<div class=\"wp-block-column is-layout-flow wp-block-column-is-layout-flow\">\n<figure class=\"wp-block-image size-large\"><img loading=\"lazy\" decoding=\"async\" width=\"700\" height=\"608\" src=\"https:\/\/echta-derminga.de\/wp-content\/uploads\/2022\/09\/1111111-700x608.jpg\" alt=\"\" class=\"wp-image-13641\" srcset=\"https:\/\/echta-derminga.de\/wp-content\/uploads\/2022\/09\/1111111-700x608.jpg 700w, https:\/\/echta-derminga.de\/wp-content\/uploads\/2022\/09\/1111111-300x260.jpg 300w, https:\/\/echta-derminga.de\/wp-content\/uploads\/2022\/09\/1111111.jpg 719w\" sizes=\"auto, (max-width: 700px) 100vw, 700px\" \/><figcaption class=\"wp-element-caption\">Zu Gast in Wiesbach<\/figcaption><\/figure>\n<\/div>\n\n\n\n<div class=\"wp-block-column is-layout-flow wp-block-column-is-layout-flow\">\n<figure class=\"wp-block-image size-large\"><img loading=\"lazy\" decoding=\"async\" width=\"700\" height=\"416\" src=\"https:\/\/echta-derminga.de\/wp-content\/uploads\/2022\/09\/305581938_5421650994596248_2370857628698986569_n-700x416.jpg\" alt=\"\" class=\"wp-image-13640\" srcset=\"https:\/\/echta-derminga.de\/wp-content\/uploads\/2022\/09\/305581938_5421650994596248_2370857628698986569_n-700x416.jpg 700w, https:\/\/echta-derminga.de\/wp-content\/uploads\/2022\/09\/305581938_5421650994596248_2370857628698986569_n-300x178.jpg 300w, https:\/\/echta-derminga.de\/wp-content\/uploads\/2022\/09\/305581938_5421650994596248_2370857628698986569_n-768x456.jpg 768w, https:\/\/echta-derminga.de\/wp-content\/uploads\/2022\/09\/305581938_5421650994596248_2370857628698986569_n-1536x913.jpg 1536w, https:\/\/echta-derminga.de\/wp-content\/uploads\/2022\/09\/305581938_5421650994596248_2370857628698986569_n.jpg 2048w\" sizes=\"auto, (max-width: 700px) 100vw, 700px\" \/><figcaption class=\"wp-element-caption\">Jugendwehr Lbz Dirmingen<\/figcaption><\/figure>\n<\/div>\n<\/div>\n\n\n\n<h3 class=\"has-medium-font-size wp-block-heading\">Herzlichen Gl\u00fcckwunsch zur Diamantenen Hochzeit<\/h3>\n\n\n\n<p class=\"has-medium-font-size wp-block-paragraph\">Elfriede und Erwin Zimmer feierten das Fest der Diamantenen Hochzeit. Nach einem sch\u00f6nen Festgottesdienst in der evangelischen Kirche wurde mit Freunden, Bekannten und Weggef\u00e4hrten im Gasthaus \u201eSchuhannesse\u201c gefeiert. Das Jubelpaar hat gemeinsam viel f\u00fcr unseren Heimatort geleistet. Dabei ist das Ehepaar Zimmer immer hilfsbereit, aufgeschlossen und zuvorkommend. Seit vielen Jahrzehnten engagiert sich das Ehepaar in zahlreichen Vereinen und Organisationen. Gemeinsam mit B\u00fcrgermeister Dr. Andreas Feld \u00fcberbrachte ich meine Gl\u00fcckw\u00fcnsche und die Gr\u00fc\u00dfe des Ortsrates. Ich m\u00f6chte meine Gl\u00fcckw\u00fcnsche an dieser Stelle wiederholen und mich f\u00fcr die Einladung und den sch\u00f6nen Abend bedanken. Ich w\u00fcnsche dem Jubelpaar Zimmer f\u00fcr die gemeinsame Zukunft alles erdenklich Gute und Gottes Segen.<\/p>\n\n\n<div class=\"wp-block-image\">\n<figure class=\"aligncenter size-large\"><img loading=\"lazy\" decoding=\"async\" width=\"700\" height=\"474\" src=\"https:\/\/echta-derminga.de\/wp-content\/uploads\/2022\/09\/00000000000032886891-OL-116-2022-37-37-0-olinfo-0-700x474.jpg\" alt=\"\" class=\"wp-image-13643\" srcset=\"https:\/\/echta-derminga.de\/wp-content\/uploads\/2022\/09\/00000000000032886891-OL-116-2022-37-37-0-olinfo-0-700x474.jpg 700w, https:\/\/echta-derminga.de\/wp-content\/uploads\/2022\/09\/00000000000032886891-OL-116-2022-37-37-0-olinfo-0-300x203.jpg 300w, https:\/\/echta-derminga.de\/wp-content\/uploads\/2022\/09\/00000000000032886891-OL-116-2022-37-37-0-olinfo-0-768x520.jpg 768w, https:\/\/echta-derminga.de\/wp-content\/uploads\/2022\/09\/00000000000032886891-OL-116-2022-37-37-0-olinfo-0.jpg 1024w\" sizes=\"auto, (max-width: 700px) 100vw, 700px\" \/><figcaption class=\"wp-element-caption\">Gl\u00fcckwunsch an das Jubelpaar<\/figcaption><\/figure>\n<\/div>\n\n\n<h3 class=\"has-medium-font-size wp-block-heading\">Herzlichen Gl\u00fcckwunsch zum 80. Wiegenfest<\/h3>\n\n\n\n<p class=\"has-medium-font-size wp-block-paragraph\">Mit Josef Wilhelm alias &#8222;Schuhannesse Sepp&#8220; feiert am 13. September 2022 ein Dirminger Original sein 80. Wiegenfest. Unser \u201eSepp\u201c leistet seit vielen Jahren wichtige, ehrenamtliche Arbeit f\u00fcr unser Heimatort. Dabei setzt Josef \u201eSepp\u201c Wilhelm unter anderem in der Ukraine-Hilfe oder als Bankpate wichtige Zeichen. Josef Wilhelm ist stets bem\u00fcht anzupacken und zu helfen. Gemeinsam mit B\u00fcrgermeister Dr. Andreas Feld gratulierte ich im Gasthaus \u201eSchuhhannesse\u201c auf das Herzlichste. Lieber Sepp, auch an dieser Stelle alles erdenklich Gute und vielen herzlichen Dank f\u00fcr deine wichtige Unterst\u00fctzung.<\/p>\n\n\n<div class=\"wp-block-image\">\n<figure class=\"aligncenter size-large\"><img loading=\"lazy\" decoding=\"async\" width=\"700\" height=\"649\" src=\"https:\/\/echta-derminga.de\/wp-content\/uploads\/2022\/09\/00000000000032886891-OL-116-2022-37-37-0-olinfo-1-700x649.jpg\" alt=\"\" class=\"wp-image-13645\" srcset=\"https:\/\/echta-derminga.de\/wp-content\/uploads\/2022\/09\/00000000000032886891-OL-116-2022-37-37-0-olinfo-1-700x649.jpg 700w, https:\/\/echta-derminga.de\/wp-content\/uploads\/2022\/09\/00000000000032886891-OL-116-2022-37-37-0-olinfo-1-300x278.jpg 300w, https:\/\/echta-derminga.de\/wp-content\/uploads\/2022\/09\/00000000000032886891-OL-116-2022-37-37-0-olinfo-1-768x713.jpg 768w, https:\/\/echta-derminga.de\/wp-content\/uploads\/2022\/09\/00000000000032886891-OL-116-2022-37-37-0-olinfo-1.jpg 1024w\" sizes=\"auto, (max-width: 700px) 100vw, 700px\" \/><figcaption class=\"wp-element-caption\">Gl\u00fcckwunsch an &#8222;Schuhhannesse Sepp&#8220;<\/figcaption><\/figure>\n<\/div>\n\n\n<p class=\"has-medium-font-size wp-block-paragraph\"><strong>Herzlichen Gl\u00fcckwunsch zum 70. Wiegenfest<\/strong><\/p>\n\n\n\n<p class=\"has-medium-font-size wp-block-paragraph\">Die Dirminger Kult-Wirtin &#8222;Schuhhannesse-Rita&#8220; feiert am 14. September ihr 70 Wiegenfest. Im alteingesessenen Gasthaus &#8222;Schuhhannesse&#8220; pr\u00e4gte die aufgeschlossene und stets freundliche Wirtin \u00fcber viele Jahrzehnte unser Dorf geschehen. Rita Guth\u00f6rl war, ist, und bleibt bis heute ein wichtiger und lebendiger Bestandteil unserer Dorfgemeinschaft. Neben meinen pers\u00f6nlichen Gl\u00fcckw\u00fcnschen \u00fcberbrachte ich die Gr\u00fc\u00dfe des B\u00fcrgermeisters und des Ortsrates. Im Kreise vieler Freunde, Bekannte und Familienmitglieder wurde im Gasthaus &#8222;Schuhhannesse&#8220; ausgiebig gefeiert. Liebe Rita, auch an dieser Stelle herzlichen Gl\u00fcckwunsch und alles erdenklich Gute zu deinem Wiegenfest. Bleib wie du bist, dann bist du richtig !<\/p>\n\n\n<div class=\"wp-block-image\">\n<figure class=\"aligncenter size-large\"><img loading=\"lazy\" decoding=\"async\" width=\"700\" height=\"525\" src=\"https:\/\/echta-derminga.de\/wp-content\/uploads\/2022\/09\/Rita-Blog-700x525.jpg\" alt=\"\" class=\"wp-image-13663\" srcset=\"https:\/\/echta-derminga.de\/wp-content\/uploads\/2022\/09\/Rita-Blog-700x525.jpg 700w, https:\/\/echta-derminga.de\/wp-content\/uploads\/2022\/09\/Rita-Blog-300x225.jpg 300w, https:\/\/echta-derminga.de\/wp-content\/uploads\/2022\/09\/Rita-Blog-768x576.jpg 768w, https:\/\/echta-derminga.de\/wp-content\/uploads\/2022\/09\/Rita-Blog.jpg 1000w\" sizes=\"auto, (max-width: 700px) 100vw, 700px\" \/><figcaption class=\"wp-element-caption\">Herzlichen Gl\u00fcckwunsch&#8216; Rita<\/figcaption><\/figure>\n<\/div>\n\n\n<p class=\"has-medium-font-size wp-block-paragraph\"><strong>Wanderwegefest f\u00fchrte durch das Dirminger Tal<\/strong><\/p>\n\n\n\n<p class=\"has-medium-font-size wp-block-paragraph\">Am Samstag, 10. September fand nach einer pandemiebedingten Pause wieder das Wanderwegefest des Vereins &#8222;IlltalerLand&#8220; statt. Trotz m\u00e4\u00dfigen Wetters nahmen zahlreiche wanderlustige B\u00fcrgerinnen und B\u00fcrger an dieser wundervollen Veranstaltung teil. In Dirmingen konnte man an der &#8222;Sch\u00f6nen Aussicht&#8220; beim Kulturverein Dirmingen und der Organisation &#8220; terre des hommes&#8220; viele Leckereien genie\u00dfen. Au\u00dferdem bestand an der Zeidlerh\u00fctte die M\u00f6glichkeit bei unserem Bienenzuchtverein einzukehren. Das ein Gro\u00dfteil der Wanderung durch unseren Heimatort verlief, ist kaum verwunderlich. Immerhin verf\u00fcgt Dirmingen \u00fcber die gr\u00f6\u00dfte Gemarkung der Gemeinde Eppelborn. <\/p>\n\n\n\n<div class=\"wp-block-columns is-layout-flex wp-container-core-columns-is-layout-8f761849 wp-block-columns-is-layout-flex\">\n<div class=\"wp-block-column is-layout-flow wp-block-column-is-layout-flow\">\n<figure class=\"wp-block-image size-large\"><img loading=\"lazy\" decoding=\"async\" width=\"700\" height=\"371\" src=\"https:\/\/echta-derminga.de\/wp-content\/uploads\/2022\/09\/302440647_5418981494863198_470343168644200715_n-700x371.jpg\" alt=\"\" class=\"wp-image-13647\" srcset=\"https:\/\/echta-derminga.de\/wp-content\/uploads\/2022\/09\/302440647_5418981494863198_470343168644200715_n-700x371.jpg 700w, https:\/\/echta-derminga.de\/wp-content\/uploads\/2022\/09\/302440647_5418981494863198_470343168644200715_n-300x159.jpg 300w, https:\/\/echta-derminga.de\/wp-content\/uploads\/2022\/09\/302440647_5418981494863198_470343168644200715_n-768x407.jpg 768w, https:\/\/echta-derminga.de\/wp-content\/uploads\/2022\/09\/302440647_5418981494863198_470343168644200715_n-1536x813.jpg 1536w, https:\/\/echta-derminga.de\/wp-content\/uploads\/2022\/09\/302440647_5418981494863198_470343168644200715_n.jpg 2048w\" sizes=\"auto, (max-width: 700px) 100vw, 700px\" \/><\/figure>\n<\/div>\n\n\n\n<div class=\"wp-block-column is-layout-flow wp-block-column-is-layout-flow\">\n<figure class=\"wp-block-image size-large\"><img loading=\"lazy\" decoding=\"async\" width=\"700\" height=\"315\" src=\"https:\/\/echta-derminga.de\/wp-content\/uploads\/2022\/09\/305479321_5418982144863133_3718217562445042333_n-700x315.jpg\" alt=\"\" class=\"wp-image-13648\" srcset=\"https:\/\/echta-derminga.de\/wp-content\/uploads\/2022\/09\/305479321_5418982144863133_3718217562445042333_n-700x315.jpg 700w, https:\/\/echta-derminga.de\/wp-content\/uploads\/2022\/09\/305479321_5418982144863133_3718217562445042333_n-300x135.jpg 300w, https:\/\/echta-derminga.de\/wp-content\/uploads\/2022\/09\/305479321_5418982144863133_3718217562445042333_n-768x346.jpg 768w, https:\/\/echta-derminga.de\/wp-content\/uploads\/2022\/09\/305479321_5418982144863133_3718217562445042333_n-1536x692.jpg 1536w, https:\/\/echta-derminga.de\/wp-content\/uploads\/2022\/09\/305479321_5418982144863133_3718217562445042333_n.jpg 2048w\" sizes=\"auto, (max-width: 700px) 100vw, 700px\" \/><\/figure>\n<\/div>\n<\/div>\n\n\n\n<div class=\"wp-block-columns is-layout-flex wp-container-core-columns-is-layout-8f761849 wp-block-columns-is-layout-flex\">\n<div class=\"wp-block-column is-layout-flow wp-block-column-is-layout-flow\">\n<figure class=\"wp-block-image size-large\"><img loading=\"lazy\" decoding=\"async\" width=\"700\" height=\"552\" src=\"https:\/\/echta-derminga.de\/wp-content\/uploads\/2022\/09\/306397569_5418980298196651_1163487730531540633_n-700x552.jpg\" alt=\"\" class=\"wp-image-13649\" srcset=\"https:\/\/echta-derminga.de\/wp-content\/uploads\/2022\/09\/306397569_5418980298196651_1163487730531540633_n-700x552.jpg 700w, https:\/\/echta-derminga.de\/wp-content\/uploads\/2022\/09\/306397569_5418980298196651_1163487730531540633_n-300x237.jpg 300w, https:\/\/echta-derminga.de\/wp-content\/uploads\/2022\/09\/306397569_5418980298196651_1163487730531540633_n.jpg 738w\" sizes=\"auto, (max-width: 700px) 100vw, 700px\" \/><\/figure>\n<\/div>\n\n\n\n<div class=\"wp-block-column is-layout-flow wp-block-column-is-layout-flow\">\n<figure class=\"wp-block-image size-large\"><img loading=\"lazy\" decoding=\"async\" width=\"700\" height=\"315\" src=\"https:\/\/echta-derminga.de\/wp-content\/uploads\/2022\/09\/306523295_5418981934863154_3443200403987513625_n-700x315.jpg\" alt=\"\" class=\"wp-image-13650\" srcset=\"https:\/\/echta-derminga.de\/wp-content\/uploads\/2022\/09\/306523295_5418981934863154_3443200403987513625_n-700x315.jpg 700w, https:\/\/echta-derminga.de\/wp-content\/uploads\/2022\/09\/306523295_5418981934863154_3443200403987513625_n-300x135.jpg 300w, https:\/\/echta-derminga.de\/wp-content\/uploads\/2022\/09\/306523295_5418981934863154_3443200403987513625_n-768x346.jpg 768w, https:\/\/echta-derminga.de\/wp-content\/uploads\/2022\/09\/306523295_5418981934863154_3443200403987513625_n-1536x692.jpg 1536w, https:\/\/echta-derminga.de\/wp-content\/uploads\/2022\/09\/306523295_5418981934863154_3443200403987513625_n.jpg 2048w\" sizes=\"auto, (max-width: 700px) 100vw, 700px\" \/><\/figure>\n<\/div>\n<\/div>\n\n\n\n<p class=\"has-medium-font-size wp-block-paragraph\"><strong>Tolle Eigeninitiative &#8211; Gipfelkreuz auf dem Belker aufgestellt !<\/strong><\/p>\n\n\n\n<p class=\"has-medium-font-size wp-block-paragraph\">Ein schlichter Spaziergang \u00fcber den Dirminger Belker brachte den kleinen Lukas Faulhaber auf eine wunderbare Idee. Von der herrlichen Aussicht \u00fcber das Dirminger Tal inspirierte beschloss der junge Mann, dass der Belker unbedingt ein Gipfelkreuz haben m\u00fcsste. Das Kommunionskind pochte darauf seinen Willen in die Tat umzusetzen. Der Patenonkel Georg Kleer war von der Idee begeistert und machte sich umgehend an die Arbeit. Im angrenzenden Wald, an der Leh, wurde ein passenderes Holzst\u00fcck gefunden. Dieses Holz wurde Nachhause gebracht und umgehend bearbeitet. Unterst\u00fctzt wurde Georg Kleer wurde von seiner Frau Elke mit Rat und Tat unterst\u00fctzt. Als das Kreuz auf der Belkerh\u00f6he stand, kam den Initiatoren die Idee das Kreuz einzusegnen. Der katholische Pastor Pfarrer Sergio kam unserer Bitte gerne entgegen und segnete in einer kleinen aber auch feierlichen Feststunde das Gipfelkreuz ein. Mein Dank geht an Familie Kleer und den kleinen Fabian f\u00fcr seine wunderbare Idee. Dirmingen ist um eine Attraktion reicher !<\/p>\n\n\n\n<div class=\"wp-block-columns is-layout-flex wp-container-core-columns-is-layout-8f761849 wp-block-columns-is-layout-flex\">\n<div class=\"wp-block-column is-layout-flow wp-block-column-is-layout-flow\">\n<figure class=\"wp-block-image size-large\"><img loading=\"lazy\" decoding=\"async\" width=\"700\" height=\"605\" src=\"https:\/\/echta-derminga.de\/wp-content\/uploads\/2022\/09\/00-700x605.jpg\" alt=\"\" class=\"wp-image-13667\" srcset=\"https:\/\/echta-derminga.de\/wp-content\/uploads\/2022\/09\/00-700x605.jpg 700w, https:\/\/echta-derminga.de\/wp-content\/uploads\/2022\/09\/00-300x259.jpg 300w, https:\/\/echta-derminga.de\/wp-content\/uploads\/2022\/09\/00-768x664.jpg 768w, https:\/\/echta-derminga.de\/wp-content\/uploads\/2022\/09\/00.jpg 903w\" sizes=\"auto, (max-width: 700px) 100vw, 700px\" \/><figcaption class=\"wp-element-caption\">Einsegnung Gipfelkreuz<\/figcaption><\/figure>\n<\/div>\n\n\n\n<div class=\"wp-block-column is-layout-flow wp-block-column-is-layout-flow\">\n<figure class=\"wp-block-image size-large\"><img loading=\"lazy\" decoding=\"async\" width=\"700\" height=\"819\" src=\"https:\/\/echta-derminga.de\/wp-content\/uploads\/2022\/09\/01-700x819.jpg\" alt=\"\" class=\"wp-image-13668\" srcset=\"https:\/\/echta-derminga.de\/wp-content\/uploads\/2022\/09\/01-700x819.jpg 700w, https:\/\/echta-derminga.de\/wp-content\/uploads\/2022\/09\/01-256x300.jpg 256w, https:\/\/echta-derminga.de\/wp-content\/uploads\/2022\/09\/01-768x899.jpg 768w, https:\/\/echta-derminga.de\/wp-content\/uploads\/2022\/09\/01.jpg 949w\" sizes=\"auto, (max-width: 700px) 100vw, 700px\" \/><figcaption class=\"wp-element-caption\">Gipfelkreuz Belker<\/figcaption><\/figure>\n<\/div>\n<\/div>\n\n\n\n<p class=\"has-medium-font-size wp-block-paragraph\"><strong>Spendenaktion \u201eMeine Helden\u201c f\u00fcr Vereine im Landkreis Neunkirchen<\/strong> <strong>&#8211; Bitte JETZT anmelden !<\/strong><\/p>\n\n\n\n<p class=\"has-medium-font-size wp-block-paragraph\"><strong>Der Landkreis Neunkirchen und die Sparkasse Neunkirchen stellen auch in diesem Jahr wieder 100.000 Euro bereit und rufen alle Vereine und Organisationen auf, gemeinsam zu helfen:<\/strong><\/p>\n\n\n\n<p class=\"has-medium-font-size wp-block-paragraph\">Der Landkreis und die Sparkasse Neunkirchen unterst\u00fctzen Vereine und ehrenamtliche Organisationen auch in diesem Jahr. Unter dem Motto \u201eWir stehen an Ihrer Seite\u201c starten sie eine besondere Aktion, zu der die Sparkasse und der Landkreis jeweils 50.000 Euro bereitstellen. Die Folgen der Corona-Pandemie und die hohe Inflation stellen die Vereine vor gro\u00dfe Herausforderungen. Ganz egal, ob Geld f\u00fcr neues Mobiliar auf dem Vereinsgel\u00e4nde, f\u00fcr neue Sportger\u00e4te oder f\u00fcr ein anderes Vorhaben ben\u00f6tigt wird. Die Teilnahme lohnt sich und ist einfach und transparent \u00fcber die Online-Spendenplattform \u201eMeine Helden\u201c m\u00f6glich, die die Sparkasse bereits 2019 im Jahr ihres 150-j\u00e4hrigen Bestehens ins Leben gerufen hat. Gemeinn\u00fctzigen Vereinen wird es hierdurch leichtgemacht, Spenden f\u00fcr ihre wichtige Arbeit zu sammeln. Ab dem 15. September 2022 k\u00f6nnen sich Vereine online unter <a rel=\"noreferrer noopener\" href=\"https:\/\/l.facebook.com\/l.php?u=http%3A%2F%2Fwww.meine-helden-sparkasse.de%2F%3Ffbclid%3DIwAR14kE3i-IaCXluUewZboQTBxoZdHyfmX5_-py7D9MwO6c5hS1MG793Z95Y&amp;h=AT29rfNCZQRTdKUvKFm9KtODB9XSvQ2j0c7YT3zjQ6D28jv6UIsLObYJxcMEnVhFSlq6aaO5R-bubjQpqJbkT92CfS0QbxJLtGGY8koe_9kQFU9bkgXWguwglL6-qwHwXiOpeBxqa10I8s4Xcqp9&amp;__tn__=-UK-y-R&amp;c[0]=AT2-b_ahv6j8W1s-recPF8NAfs13AZizH0V9o98DBWh3lTZuohDWKR9WFXpGIBJmodgR-PhCFRfdvQgmSmE--5fHN7EuVIYdcQ7nzrXC4u4S4-06fQUNxtvVaeCMveCT2zkef3oVC5ZaIohDZxqf3ihdjjQEm-D8vbud1OcUIJh-MrL7EeHRFaQw9kI90LDr8vxrdEMSvrSwNU6kCXJL7EypM9UQTEN6AQ\" target=\"_blank\">www.meine-helden-sparkasse.de<\/a> registrieren und ihre Projektidee bzw. ihren Bedarf einstellen. Somit haben Sie die Chance, eine Starthilfe von 300,00 Euro zu erhalten. Insgesamt wird hierf\u00fcr ein F\u00f6rdertopf in H\u00f6he von 60.000 Euro bereitgestellt. Es lohnt sich also, m\u00f6glichst schnell das Projekt zu ver\u00f6ffentlichen. Damit m\u00f6glichst viele Vereine von der Aktion profitieren k\u00f6nnen, ist die maximale F\u00f6rdersumme pro Projekt auf insgesamt 2.000 Euro begrenzt. Weitere F\u00f6rdermittel des Landkreises und der Sparkasse werden im Laufe der Aktion, die bis Ende Januar 2023 l\u00e4uft, im Rahmen von besonderen zeitlich befristeten Aktionen vergeben. Beteiligen k\u00f6nnen sich Vereine, die im Landkreis Neunkirchen ans\u00e4ssig und gemeinn\u00fctzig sind. Voraussetzung ist eine Gemeinn\u00fctzigkeitserkl\u00e4rung durch das Finanzamt bzw. die M\u00f6glichkeit, Spendenbescheinigungen auszustellen. Zusammen mehr erreichen! Landrat S\u00f6ren Meng und die Mitglieder des Kreistages rufen zusammen mit der Sparkasse die Vereine auf, bei der Aktion mitzumachen \u201eMachen Sie auf ihr Projekt aufmerksam und werben Sie daf\u00fcr. So motivieren Sie andere f\u00fcr private Spenden. Diese k\u00f6nnen einfach \u00fcber die Spendenplattform vorgenommen werden. Achten Sie auch auf aktuelle Informationen, die zum Beispiel \u00fcber die Spendenplattform an die registrierten Vereine per Mail und auf der Internet bzw. Facebook-Seite von Sparkasse und Landkreis ver\u00f6ffentlicht werden. Es lohnt sich, denn es ist auch eine Verdopplungsaktion geplant, bei der an einzelnen Tagen private Spenden verdoppelt werden\u201c, so Meng. Der Vorstand der Sparkasse Neunkirchen freut sich, gemeinsam mit dem Landkreis Neunkirchen einen wichtigen Beitrag zur F\u00f6rderung der Region zu leisten. \u201eBereits in den letzten Jahren haben wir mit unseren Spenden-Aktionen \u201eMeine Helden\u201c vielen Vereinen helfen k\u00f6nnen. Hier waren letztes Jahr insgesamt 130.000 Euro zusammengekommen\u201c, so der Vorstandsvorsitzende Markus Gro\u00df. Zusammen mit J\u00f6rg Welter ist er \u00fcberzeugt, dass auch die aktuelle Aktion ein voller Erfolg wird und viele Vereine vor Ort profitieren k\u00f6nnen. \u201eF\u00fcr uns als Sparkasse ist dies eine sch\u00f6ne Gelegenheit, unsere Verbundenheit mit den Menschen in der Region zum Ausdruck zu bringen und Danke zu sagen f\u00fcr das vielf\u00e4ltige Engagement der Vereine, die unser Leben vor Ort bunter, liebenswerter und reicher machen\u201c, erkl\u00e4rt Vorstandsmitglied J\u00f6rg Welter. \u201eJeder kann mit einer privaten Spende seinen Lieblingsverein unterst\u00fctzen. Helfen auch Sie mit, Gutes f\u00fcr unsere Heimat zu tun.\u201c Weitere Informationen: <a rel=\"noreferrer noopener\" href=\"https:\/\/l.facebook.com\/l.php?u=http%3A%2F%2Fwww.meine-helden-sparkasse.de%2F%3Ffbclid%3DIwAR1bCz7BNyCozBXyAGCKv_9QxKyzFT9WhgKywp-tR1LoGWTmIyV-ssxwWZs&amp;h=AT29rfNCZQRTdKUvKFm9KtODB9XSvQ2j0c7YT3zjQ6D28jv6UIsLObYJxcMEnVhFSlq6aaO5R-bubjQpqJbkT92CfS0QbxJLtGGY8koe_9kQFU9bkgXWguwglL6-qwHwXiOpeBxqa10I8s4Xcqp9&amp;__tn__=-UK-y-R&amp;c[0]=AT2-b_ahv6j8W1s-recPF8NAfs13AZizH0V9o98DBWh3lTZuohDWKR9WFXpGIBJmodgR-PhCFRfdvQgmSmE--5fHN7EuVIYdcQ7nzrXC4u4S4-06fQUNxtvVaeCMveCT2zkef3oVC5ZaIohDZxqf3ihdjjQEm-D8vbud1OcUIJh-MrL7EeHRFaQw9kI90LDr8vxrdEMSvrSwNU6kCXJL7EypM9UQTEN6AQ\" target=\"_blank\">www.meine-helden-sparkasse.de<\/a> ( Quelle Infos Sparkasse Neunkirchen und Landkreis Neunkirchen)<\/p>\n\n\n\n<p class=\"has-medium-font-size wp-block-paragraph\"><strong>Liebe Mitb\u00fcrgerinnen und Mitb\u00fcrger, manchmal scheint es mir, als w\u00fcrden wir von einer Krise in die n\u00e4chste st\u00fcrzen. Wir befinden uns zweifelsohne in turbulenten und unruhigen Zeiten. Dabei trage ich ganz oft die Sorge in mir, dass wir die Menschlichkeit aus den Augen verlieren.<\/strong> <strong>Die Winde werden rauer und der Umgangston wird sch\u00e4rfer. Ich m\u00f6chte Sie gerne zu mehr Verst\u00e4ndnis und Zuversicht ermutigen.<\/strong> <strong>Wir d\u00fcrfen unseren Frust nicht an anderen auslassen und sollten endlich wieder mehr aufeinander zugehen.<\/strong> <strong>Ich w\u00fcnsche mir MEHR Miteinander !<\/strong><\/p>\n\n\n\n<p class=\"has-medium-font-size wp-block-paragraph\"><strong>Am Freitag, 11. November werde ich ehrenamtliche B\u00fcrgerinnen und B\u00fcrger unseres Heimatortes zu einem &#8222;Dirminger Ehrenamtsfest&#8220; einladen. N\u00e4here Informationen folgen in K\u00fcrze in der Presse oder hier auf meinem Blog.<\/strong><\/p>\n\n\n\n<p class=\"has-medium-font-size wp-block-paragraph\"><strong>Bitte bleiben Sie in diesen schwierigen Zeiten entspannt und positiv ! Schlie\u00dflich \u00e4ndert sich auch in Dirmingen \u00fcberhaupt nichts von selbst, wenn WIR es nicht gemeinsam \u00e4ndern.<\/strong><\/p>\n\n\n\n<p class=\"has-medium-font-size wp-block-paragraph\">Ihr Ortsvorsteher<\/p>\n\n\n\n<p class=\"has-medium-font-size wp-block-paragraph\">Frank Klein<\/p>\n\n\n\n<p class=\"wp-block-paragraph\"><\/p>\n","protected":false},"excerpt":{"rendered":"<p>Der Sommer scheint sich nun endg\u00fcltig zu verabschiedet und der Herbst zieht \u00fcber unser Land. Mit der neuen Jahreszeit finden traditionell zahlreiche Veranstaltungen in unserem Heimatort statt. W\u00e4hrend zun\u00e4chst das Wanderwegefest des Vereins &#8222;IlltalerLand&#8220; durch Dirmingen f\u00fchrte, fand am vergangenen Wochenende der &#8222;Herbst auf Finkenrech&#8220; statt. Diese Veranstaltung geh\u00f6rt zu den gr\u00f6\u00dften Volksfesten unserer Region. Der Herbst bietet viele M\u00f6glichkeiten<\/p>\n","protected":false},"author":1,"featured_media":13657,"comment_status":"closed","ping_status":"closed","sticky":false,"template":"","format":"standard","meta":{"_crdt_document":"","footnotes":""},"categories":[1,812],"tags":[5,618,206,127,634,795,310],"class_list":["post-13616","post","type-post","status-publish","format-standard","has-post-thumbnail","hentry","category-allgemein","category-ortsvorsteher-dirmingen","tag-dirmingen","tag-gemeinde-eppelborn","tag-herbst-auf-finkenrech","tag-landkreis-neunkirchen","tag-ortsvorsteher","tag-ortsvorsteher-dirmingen","tag-saarland"],"_links":{"self":[{"href":"https:\/\/echta-derminga.de\/index.php?rest_route=\/wp\/v2\/posts\/13616","targetHints":{"allow":["GET"]}}],"collection":[{"href":"https:\/\/echta-derminga.de\/index.php?rest_route=\/wp\/v2\/posts"}],"about":[{"href":"https:\/\/echta-derminga.de\/index.php?rest_route=\/wp\/v2\/types\/post"}],"author":[{"embeddable":true,"href":"https:\/\/echta-derminga.de\/index.php?rest_route=\/wp\/v2\/users\/1"}],"replies":[{"embeddable":true,"href":"https:\/\/echta-derminga.de\/index.php?rest_route=%2Fwp%2Fv2%2Fcomments&post=13616"}],"version-history":[{"count":27,"href":"https:\/\/echta-derminga.de\/index.php?rest_route=\/wp\/v2\/posts\/13616\/revisions"}],"predecessor-version":[{"id":13698,"href":"https:\/\/echta-derminga.de\/index.php?rest_route=\/wp\/v2\/posts\/13616\/revisions\/13698"}],"wp:featuredmedia":[{"embeddable":true,"href":"https:\/\/echta-derminga.de\/index.php?rest_route=\/wp\/v2\/media\/13657"}],"wp:attachment":[{"href":"https:\/\/echta-derminga.de\/index.php?rest_route=%2Fwp%2Fv2%2Fmedia&parent=13616"}],"wp:term":[{"taxonomy":"category","embeddable":true,"href":"https:\/\/echta-derminga.de\/index.php?rest_route=%2Fwp%2Fv2%2Fcategories&post=13616"},{"taxonomy":"post_tag","embeddable":true,"href":"https:\/\/echta-derminga.de\/index.php?rest_route=%2Fwp%2Fv2%2Ftags&post=13616"}],"curies":[{"name":"wp","href":"https:\/\/api.w.org\/{rel}","templated":true}]}}