{"id":13682,"date":"2022-09-20T19:02:35","date_gmt":"2022-09-20T18:02:35","guid":{"rendered":"https:\/\/echta-derminga.de\/?p=13682"},"modified":"2022-09-20T19:25:17","modified_gmt":"2022-09-20T18:25:17","slug":"von-einer-kinderidee-zum-gesegneten-lukaskreuz-auf-dem-belker","status":"publish","type":"post","link":"https:\/\/echta-derminga.de\/?p=13682","title":{"rendered":"Von einer Kinderidee zum gesegneten &#8222;Lukaskreuz&#8220; auf dem Belker"},"content":{"rendered":"\n<p class=\"has-medium-font-size wp-block-paragraph\"><strong>Dirmingen liegt in einem Tal umgeben von einigen sch\u00f6nen Bergh\u00f6hen. Neben dem gro\u00dfen \u201eElmersberg\u201c geh\u00f6rt der \u201eGeisberg\u201c und auch der Belker zu den gr\u00f6\u00dften Anh\u00f6hen.<\/strong><\/p>\n\n\n\n<p class=\"has-medium-font-size wp-block-paragraph\">Beim gemeinsamen Spaziergang \u00fcber den Belker fragte der kleine Lukas Faulhaber seinen Patenonkel Georg Kleer: \u201ewarum habt ihr nirgends ein Bergkreuz stehen?\u201c Der Patenonkel antwortete \u201eweil bis jetzt keiner ein Bergkreuz gebaut hat!\u201c Der Erstkommunikant Lukas erwiderte:\u201c dann k\u00f6nnen wir doch so ein Bergkreuz bauen!\u201c<\/p>\n\n\n\n<p class=\"has-medium-font-size wp-block-paragraph\"><strong>Gesagt, getan! Der kleine Lukas und sein Patenonkel machten sich ans Werk und \u00fcberlegten, wie sie es am besten angehen sollten. &nbsp;Der Bauplan f\u00fcr das \u201cLukaskreuz\u201c wurde von dem Kommunionskind h\u00f6chstpers\u00f6nlich entworfen.<\/strong><\/p>\n\n\n\n<p class=\"has-medium-font-size wp-block-paragraph\">Das \u201eLukaskreuz\u201c sollte:<\/p>\n\n\n\n<ul class=\"wp-block-list\">\n<li>aus Eiche sein.<\/li>\n\n\n\n<li>Die H\u00f6he von 2,30m haben.<\/li>\n\n\n\n<li>Und \u00fcber ein Schild verf\u00fcgen<\/li>\n<\/ul>\n\n\n\n<p class=\"has-medium-font-size wp-block-paragraph\">Der kleine Lukas hatte sich den Bau dieses Gipfelkreuzes fest vorgenommen und lie\u00df solange nicht locker, bis die Arbeiten endlich begannen. Gemeinsam mit seiner Frau Elke machte sich der Dirminger Georg Kleer ans Werk. Bevor jedoch die Arbeit an dem Bergkreuz beginnen konnte, musste zun\u00e4chst ein passendes Holz gefunden werden. Im angrenzenden Wald auf der \u201eLeh\u201c wurde ein St\u00fcck Holz aus einem Windbruch gefunden. Georg Kleer musste den Holzstamm bei hochsommerlichen 38\u00b0 nach Hause schleppen.<\/p>\n\n\n\n<div class=\"wp-block-columns is-layout-flex wp-container-core-columns-is-layout-8f761849 wp-block-columns-is-layout-flex\">\n<div class=\"wp-block-column is-layout-flow wp-block-column-is-layout-flow\">\n<figure class=\"wp-block-image size-large\"><img loading=\"lazy\" decoding=\"async\" width=\"700\" height=\"893\" src=\"https:\/\/echta-derminga.de\/wp-content\/uploads\/2022\/09\/IMG-20220917-WA0011-700x893.jpg\" alt=\"\" class=\"wp-image-13685\" srcset=\"https:\/\/echta-derminga.de\/wp-content\/uploads\/2022\/09\/IMG-20220917-WA0011-700x893.jpg 700w, https:\/\/echta-derminga.de\/wp-content\/uploads\/2022\/09\/IMG-20220917-WA0011-235x300.jpg 235w, https:\/\/echta-derminga.de\/wp-content\/uploads\/2022\/09\/IMG-20220917-WA0011-768x979.jpg 768w, https:\/\/echta-derminga.de\/wp-content\/uploads\/2022\/09\/IMG-20220917-WA0011.jpg 1000w\" sizes=\"auto, (max-width: 700px) 100vw, 700px\" \/><figcaption class=\"wp-element-caption\">Schwere Vorarbeit<\/figcaption><\/figure>\n<\/div>\n\n\n\n<div class=\"wp-block-column is-layout-flow wp-block-column-is-layout-flow\">\n<figure class=\"wp-block-image size-large\"><img loading=\"lazy\" decoding=\"async\" width=\"700\" height=\"933\" src=\"https:\/\/echta-derminga.de\/wp-content\/uploads\/2022\/09\/IMG-20220917-WA0012-700x933.jpg\" alt=\"\" class=\"wp-image-13686\" srcset=\"https:\/\/echta-derminga.de\/wp-content\/uploads\/2022\/09\/IMG-20220917-WA0012-700x933.jpg 700w, https:\/\/echta-derminga.de\/wp-content\/uploads\/2022\/09\/IMG-20220917-WA0012-225x300.jpg 225w, https:\/\/echta-derminga.de\/wp-content\/uploads\/2022\/09\/IMG-20220917-WA0012-768x1024.jpg 768w, https:\/\/echta-derminga.de\/wp-content\/uploads\/2022\/09\/IMG-20220917-WA0012.jpg 1000w\" sizes=\"auto, (max-width: 700px) 100vw, 700px\" \/><figcaption class=\"wp-element-caption\">Mit viel Liebe und Herzblut<\/figcaption><\/figure>\n<\/div>\n<\/div>\n\n\n\n<p class=\"has-medium-font-size wp-block-paragraph\"><strong>Bei der Bearbeitung des Holzes fand Georg Kleer einen Metallsplitter. Woher mag dieser Splitter stammen? Kann es sein, dass dieser Splitter von einem Geschoss stammt ? Die Fertigstellung des Holzkreuzes dauerte zehn Stunden. Der kleine Lukas konnte es kaum erwarten, dass seine Idee in die Tat umgesetzt wurde.<\/strong><\/p>\n\n\n\n<p class=\"has-medium-font-size wp-block-paragraph\">Als es endlich so weit war und die Setzung des\u201c Lukaskreuzes\u201c beginnen konnte, packte der junge Mann tatkr\u00e4ftig mit an. Bevor das Kreuz in den Boden gesetzt werden konnte, wurde eine eigens angefertigte Urkunde des kleinen Lukas Faulhaber in das Fundament eingelassen. Diese handschriftlich angefertigte Urkunde wurde in eine sogenannte \u201eGrundsteinzeitkapsel\u201c verstaut.<\/p>\n\n\n\n<p class=\"has-medium-font-size wp-block-paragraph\"><strong>Elke Kleer kam auf die Idee, dass Gipfelkreuz\u201c einsegnen zu lassen. Mit ihrem Anliegen meldete sich die Dirmingerin bei mir, um mich in ihren \u00dcberlegungen mitzunehmen und zu der geplanten Einsegnung einzuladen. Vorab musste jedoch noch einmal \u00fcberpr\u00fcft werden, ob das Kreuz auf seinem Standort stehen bleiben kann. Nach der Zusage der Verwaltung stand der Einsegnungsfeier nichts mehr im Wege.<\/strong><\/p>\n\n\n\n<p class=\"has-medium-font-size wp-block-paragraph\">Pastor Sergio Fern\u00e1ndez Ovando von der katholischen Pfarreiengemeinschaft Eppelborn-Dirmingen segnete am 15.09.2022 das neue \u201eLukaskreuz\u201c auf der Belkeranh\u00f6he ein. Die Einladung zu dieser Feierstunde hatte ich sehr gerne angenommen. Gemeinsam mit Georg und Elke Kleer durfte ich der sch\u00f6nen Einweihungsfeier beiwohnen.<\/p>\n\n\n\n<div class=\"wp-block-columns is-layout-flex wp-container-core-columns-is-layout-8f761849 wp-block-columns-is-layout-flex\">\n<div class=\"wp-block-column is-layout-flow wp-block-column-is-layout-flow\">\n<figure class=\"wp-block-image size-large\"><img loading=\"lazy\" decoding=\"async\" width=\"700\" height=\"765\" src=\"https:\/\/echta-derminga.de\/wp-content\/uploads\/2022\/09\/IMG-20220917-WA0008-700x765.jpg\" alt=\"\" class=\"wp-image-13687\" srcset=\"https:\/\/echta-derminga.de\/wp-content\/uploads\/2022\/09\/IMG-20220917-WA0008-700x765.jpg 700w, https:\/\/echta-derminga.de\/wp-content\/uploads\/2022\/09\/IMG-20220917-WA0008-275x300.jpg 275w, https:\/\/echta-derminga.de\/wp-content\/uploads\/2022\/09\/IMG-20220917-WA0008-768x839.jpg 768w, https:\/\/echta-derminga.de\/wp-content\/uploads\/2022\/09\/IMG-20220917-WA0008.jpg 863w\" sizes=\"auto, (max-width: 700px) 100vw, 700px\" \/><figcaption class=\"wp-element-caption\">Die Einsegnungsfeier<\/figcaption><\/figure>\n<\/div>\n\n\n\n<div class=\"wp-block-column is-layout-flow wp-block-column-is-layout-flow\">\n<figure class=\"wp-block-image size-large\"><img loading=\"lazy\" decoding=\"async\" width=\"700\" height=\"515\" src=\"https:\/\/echta-derminga.de\/wp-content\/uploads\/2022\/09\/IMG-20220917-WA0018-700x515.jpg\" alt=\"\" class=\"wp-image-13684\" srcset=\"https:\/\/echta-derminga.de\/wp-content\/uploads\/2022\/09\/IMG-20220917-WA0018-700x515.jpg 700w, https:\/\/echta-derminga.de\/wp-content\/uploads\/2022\/09\/IMG-20220917-WA0018-300x221.jpg 300w, https:\/\/echta-derminga.de\/wp-content\/uploads\/2022\/09\/IMG-20220917-WA0018-768x565.jpg 768w, https:\/\/echta-derminga.de\/wp-content\/uploads\/2022\/09\/IMG-20220917-WA0018.jpg 1005w\" sizes=\"auto, (max-width: 700px) 100vw, 700px\" \/><figcaption class=\"wp-element-caption\">Einsegnungsfeier<\/figcaption><\/figure>\n<\/div>\n<\/div>\n\n\n\n<p class=\"has-medium-font-size wp-block-paragraph\"><strong>Die ganze Zeremonie hatte etwas ergreifendes und fand in einem wundersch\u00f6nen Rahmen statt. Familie Kleer hatte das Kreuz mit sch\u00f6nen Blumen geschm\u00fcckt und ausreichend f\u00fcr eine kleine Erfrischung in Form von k\u00fchlen Getr\u00e4nken und einigen Brezeln gesorgt.<\/strong><\/p>\n\n\n\n<p class=\"has-medium-font-size wp-block-paragraph\">Leider konnte der kleine Ideengeber Lukas bei der Einsegnung des \u201eLukaskreuzes\u201c nicht anwesend sein. Alle Beteiligten waren sich jedoch dar\u00fcber einig, dass sich der junge \u201eBauherr\u201c auch so \u00fcber die Anbringung des Gipfelkreuzes freuen wird. Familie Kleer hofft, dass an dem gesegneten Gipfelkreuz viele Wanderer und Spazierg\u00e4nger zur inneren Einkehr finden und neuen Mut und Kraft sch\u00f6pfen. Das neue Gipfelkreuz auf dem Belker steht an einem wundersch\u00f6nen Ort. Einige Meter davor kann man auf einer Bank sitzend \u00fcber das ganze Dirminger Tal blicken und seine Zeit genie\u00dfen.<\/p>\n\n\n\n<p class=\"has-medium-font-size wp-block-paragraph\"><strong>Ich habe mich sehr \u00fcber die Idee des kleinen Lukas Faulhaber und die Eigeninitiative von Elke und Georg Kleer gefreut. Vielen lieben Dank f\u00fcr diese wunderbare Aufwertung des Dirminger Belkers.<\/strong><\/p>\n\n\n\n<div class=\"wp-block-columns is-layout-flex wp-container-core-columns-is-layout-8f761849 wp-block-columns-is-layout-flex\">\n<div class=\"wp-block-column is-layout-flow wp-block-column-is-layout-flow\">\n<figure class=\"wp-block-image size-large\"><img loading=\"lazy\" decoding=\"async\" width=\"700\" height=\"1078\" src=\"https:\/\/echta-derminga.de\/wp-content\/uploads\/2022\/09\/IMG-20220917-WA0014-700x1078.jpg\" alt=\"\" class=\"wp-image-13688\" srcset=\"https:\/\/echta-derminga.de\/wp-content\/uploads\/2022\/09\/IMG-20220917-WA0014-700x1078.jpg 700w, https:\/\/echta-derminga.de\/wp-content\/uploads\/2022\/09\/IMG-20220917-WA0014-195x300.jpg 195w, https:\/\/echta-derminga.de\/wp-content\/uploads\/2022\/09\/IMG-20220917-WA0014-768x1182.jpg 768w, https:\/\/echta-derminga.de\/wp-content\/uploads\/2022\/09\/IMG-20220917-WA0014.jpg 823w\" sizes=\"auto, (max-width: 700px) 100vw, 700px\" \/><\/figure>\n<\/div>\n\n\n\n<div class=\"wp-block-column is-layout-flow wp-block-column-is-layout-flow\">\n<figure class=\"wp-block-image size-large\"><img loading=\"lazy\" decoding=\"async\" width=\"700\" height=\"1103\" src=\"https:\/\/echta-derminga.de\/wp-content\/uploads\/2022\/09\/IMG-20220917-WA0015-700x1103.jpg\" alt=\"\" class=\"wp-image-13690\" srcset=\"https:\/\/echta-derminga.de\/wp-content\/uploads\/2022\/09\/IMG-20220917-WA0015-700x1103.jpg 700w, https:\/\/echta-derminga.de\/wp-content\/uploads\/2022\/09\/IMG-20220917-WA0015-190x300.jpg 190w, https:\/\/echta-derminga.de\/wp-content\/uploads\/2022\/09\/IMG-20220917-WA0015-768x1210.jpg 768w, https:\/\/echta-derminga.de\/wp-content\/uploads\/2022\/09\/IMG-20220917-WA0015.jpg 927w\" sizes=\"auto, (max-width: 700px) 100vw, 700px\" \/><figcaption class=\"wp-element-caption\">Das Lukaskreuz<\/figcaption><\/figure>\n<\/div>\n<\/div>\n","protected":false},"excerpt":{"rendered":"<p>Dirmingen liegt in einem Tal umgeben von einigen sch\u00f6nen Bergh\u00f6hen. Neben dem gro\u00dfen \u201eElmersberg\u201c geh\u00f6rt der \u201eGeisberg\u201c und auch der Belker zu den gr\u00f6\u00dften Anh\u00f6hen. Beim gemeinsamen Spaziergang \u00fcber den Belker fragte der kleine Lukas Faulhaber seinen Patenonkel Georg Kleer: \u201ewarum habt ihr nirgends ein Bergkreuz stehen?\u201c Der Patenonkel antwortete \u201eweil bis jetzt keiner ein Bergkreuz gebaut hat!\u201c Der Erstkommunikant<\/p>\n","protected":false},"author":1,"featured_media":13684,"comment_status":"open","ping_status":"closed","sticky":false,"template":"","format":"standard","meta":{"_crdt_document":"","footnotes":""},"categories":[1,9],"tags":[5,618,1013,127,1014,634,310],"class_list":["post-13682","post","type-post","status-publish","format-standard","has-post-thumbnail","hentry","category-allgemein","category-dorfgetratsche","tag-dirmingen","tag-gemeinde-eppelborn","tag-gipfelkreuz-dirmingen","tag-landkreis-neunkirchen","tag-lukaskreuz","tag-ortsvorsteher","tag-saarland"],"_links":{"self":[{"href":"https:\/\/echta-derminga.de\/index.php?rest_route=\/wp\/v2\/posts\/13682","targetHints":{"allow":["GET"]}}],"collection":[{"href":"https:\/\/echta-derminga.de\/index.php?rest_route=\/wp\/v2\/posts"}],"about":[{"href":"https:\/\/echta-derminga.de\/index.php?rest_route=\/wp\/v2\/types\/post"}],"author":[{"embeddable":true,"href":"https:\/\/echta-derminga.de\/index.php?rest_route=\/wp\/v2\/users\/1"}],"replies":[{"embeddable":true,"href":"https:\/\/echta-derminga.de\/index.php?rest_route=%2Fwp%2Fv2%2Fcomments&post=13682"}],"version-history":[{"count":8,"href":"https:\/\/echta-derminga.de\/index.php?rest_route=\/wp\/v2\/posts\/13682\/revisions"}],"predecessor-version":[{"id":13697,"href":"https:\/\/echta-derminga.de\/index.php?rest_route=\/wp\/v2\/posts\/13682\/revisions\/13697"}],"wp:featuredmedia":[{"embeddable":true,"href":"https:\/\/echta-derminga.de\/index.php?rest_route=\/wp\/v2\/media\/13684"}],"wp:attachment":[{"href":"https:\/\/echta-derminga.de\/index.php?rest_route=%2Fwp%2Fv2%2Fmedia&parent=13682"}],"wp:term":[{"taxonomy":"category","embeddable":true,"href":"https:\/\/echta-derminga.de\/index.php?rest_route=%2Fwp%2Fv2%2Fcategories&post=13682"},{"taxonomy":"post_tag","embeddable":true,"href":"https:\/\/echta-derminga.de\/index.php?rest_route=%2Fwp%2Fv2%2Ftags&post=13682"}],"curies":[{"name":"wp","href":"https:\/\/api.w.org\/{rel}","templated":true}]}}