{"id":13740,"date":"2022-10-02T13:46:37","date_gmt":"2022-10-02T12:46:37","guid":{"rendered":"https:\/\/echta-derminga.de\/?p=13740"},"modified":"2022-10-02T13:59:36","modified_gmt":"2022-10-02T12:59:36","slug":"meine-gedanken-zum-erntedankfest-und-zum-tag-der-deutschen-einheit","status":"publish","type":"post","link":"https:\/\/echta-derminga.de\/?p=13740","title":{"rendered":"Meine Gedanken zum Erntedankfest und zum &#8222;Tag der deutschen Einheit&#8220;"},"content":{"rendered":"\n<p class=\"has-medium-font-size wp-block-paragraph\"><strong>Mit Blick auf das diesj\u00e4hrige Erntedankfest und den darauffolgenden \u201eTag der Deutschen Einheit\u201c habe ich meinen Gedanken wieder mal freien Lauf gelassen. Ich frage mich, wie viele von uns l\u00e4ngst keinen Wert mehr auf das Erntedankfest legen. In unserer schnellen globalen und digitalisierten Welt haben viele Braucht\u00fcmer und Traditionen ihren Platz verloren. Kirchliche Feiertage wie das Erntedankfest oder der Bu\u00df- und Bettag geh\u00f6ren sicherlich zu dieser Kategorie. Das Erntedankfest genauso wie der \u201eTag der Deutschen Einheit\u201c sollten uns daran erinnern, dass nichts selbstverst\u00e4ndlich scheinen sollte. <\/strong><\/p>\n\n\n\n<p class=\"has-medium-font-size wp-block-paragraph\">Winde werden rauer und Wellen sch\u00e4umen Wut. Der Mob z\u00fcrnt und w\u00fctet nach Gerechtigkeit. Haben wir ein Recht auf Gl\u00fcck und Wohlstand? Niemand kann bestimmen, wann und wo er geboren wird. Ein paar Jahre fr\u00fcher oder ein paar tausend Kilometer weiter entfernt h\u00e4tte die Sache mit dem Leben viel schlimmer enden k\u00f6nnen. Wir sind alle nichts besonders und hatten am Ende einfach nur viel Gl\u00fcck hier und jetzt geboren zu sein. Was uns in den letzten Jahren verloren ging, ist Demut! Ein wenig mehr Demut w\u00fcrde uns allen tats\u00e4chlich gut zu Gesichte stehen. Warum werden wir nicht satt? Warum immer mehr? Warum immer h\u00f6her, schneller, weiter? Wir haben l\u00e4ngst vergessen, wo wir herkommen und wie man Bescheidenheit aus\u00fcbt.<\/p>\n\n\n\n<p class=\"has-medium-font-size wp-block-paragraph\"><strong>Demut beim Erntedankfest:<\/strong><\/p>\n\n\n\n<p class=\"has-medium-font-size wp-block-paragraph\"><strong>Sch\u00e4tzen wir noch unsere Lebensmittel? In den letzten Wochen sind nicht nur die Preise f\u00fcr Gas oder Heiz\u00f6l gestiegen, sondern auch die Preise f\u00fcr unsere Lebensmittel. Dennoch wird immer noch viel zu viel weggeschmissen und entsorgt. Haben wir Dankbarkeit verlernt? Fr\u00fcher mussten unsere Gro\u00dfeltern viel Arbeiten, um die eigene Familie zu versorgen. Die Arbeit auf dem Felde war schwierig und zeitintensiv. Gegessen wurde, was auf den Teller kam und zuvor von Mutter in m\u00fchevoller Arbeit vorbereitet wurde. Es gab Zeiten, in denen die Kinder vom heiligen Niklaus lediglich einen Apfel geschenkt bekamen. Klar, diese Zeiten sind gottlob vorbei und sollten auch nicht wiederkehren.<\/strong><\/p>\n\n\n\n<p class=\"has-medium-font-size wp-block-paragraph\">Zu fett, zu s\u00fc\u00df und zu viele Zusatzstoffe. In der Regel haben wir immer viel zu viel Ungesundes auf dem Teller. Weltweit sterben j\u00e4hrlich Millionen Menschen an den Folgen falscher Ern\u00e4hrung. Viele von uns wissen, dass Sie sich falsch ern\u00e4hren, wobei die wenigsten den Absprung schaffen. Ich pers\u00f6nlich geh\u00f6re zweifellos zu dieser Gruppe und befinde mich bereits seit Jahren in einem Labyrinth aus Fast Food und hektischen Essen. In vielen Familien gibt es kein festes Essenritual. Gegessen wird zwischen T\u00fcr und Angel und auch unsere Kinder haben verlernt gemeinsam, zu bestimmten Zeiten, an einem Tisch zu essen. Das Familienleben ist w\u00e4hrend der Woche vom Alltagsstress gepr\u00e4gt. Gegessen wird vor dem Computer oder unterwegs beim \u201eKebab-Mann\u201c oder an der Imbissbude. Auch das Familienleben leidet unter unserem selbstgew\u00e4hlten Ern\u00e4hrungswahn. Nutella, Burger, Pizza, Pasta, Schokoriegel und vor der Glotze gibt\u2019s noch Chips. Jeder gr\u00e4bt sich sein Grab selbst. Manchmal muss es halt \u201cKlick\u201d machen, bevor man etwas \u00e4ndert.<\/p>\n\n\n\n<div class=\"wp-block-columns is-layout-flex wp-container-core-columns-is-layout-8f761849 wp-block-columns-is-layout-flex\">\n<div class=\"wp-block-column is-layout-flow wp-block-column-is-layout-flow\">\n<figure class=\"wp-block-image size-large\"><img loading=\"lazy\" decoding=\"async\" width=\"700\" height=\"402\" src=\"https:\/\/echta-derminga.de\/wp-content\/uploads\/2022\/10\/B-Auf-dem-Eller-2-700x402.jpg\" alt=\"\" class=\"wp-image-13743\" srcset=\"https:\/\/echta-derminga.de\/wp-content\/uploads\/2022\/10\/B-Auf-dem-Eller-2-700x402.jpg 700w, https:\/\/echta-derminga.de\/wp-content\/uploads\/2022\/10\/B-Auf-dem-Eller-2-300x172.jpg 300w, https:\/\/echta-derminga.de\/wp-content\/uploads\/2022\/10\/B-Auf-dem-Eller-2-768x441.jpg 768w, https:\/\/echta-derminga.de\/wp-content\/uploads\/2022\/10\/B-Auf-dem-Eller-2.jpg 900w\" sizes=\"auto, (max-width: 700px) 100vw, 700px\" \/><\/figure>\n<\/div>\n\n\n\n<div class=\"wp-block-column is-layout-flow wp-block-column-is-layout-flow\">\n<figure class=\"wp-block-image size-full\"><img loading=\"lazy\" decoding=\"async\" width=\"663\" height=\"487\" src=\"https:\/\/echta-derminga.de\/wp-content\/uploads\/2022\/10\/B-Kartoffelernte.jpg\" alt=\"\" class=\"wp-image-13744\" srcset=\"https:\/\/echta-derminga.de\/wp-content\/uploads\/2022\/10\/B-Kartoffelernte.jpg 663w, https:\/\/echta-derminga.de\/wp-content\/uploads\/2022\/10\/B-Kartoffelernte-300x220.jpg 300w\" sizes=\"auto, (max-width: 663px) 100vw, 663px\" \/><\/figure>\n<\/div>\n<\/div>\n\n\n\n<p class=\"has-medium-font-size wp-block-paragraph\"><strong>Wir haben zweifellos vergessen, wie man sich ern\u00e4hrt. Wir kaufen unser Obst und Gem\u00fcse in Plastik verpackt und sehen abends kopfsch\u00fcttelnd die verm\u00fcllten Weltmeere in den Nachrichten. Neben unserer Essenskultur ist auch der Umgang mit unserem Planeten fl\u00f6ten gegangen. Daran tr\u00e4gt niemand Schuld, au\u00dfer wir selbst. Tats\u00e4chlich gibt es Kinder, die noch nie auf einem Bauernhof waren oder auch noch nie ein frisches Obst, Salat oder Gem\u00fcse gegessen haben. Das Erntedankfest ist ein sch\u00f6ner Anlass, um sich mal wieder die S\u00fcnden der eigenen Ern\u00e4hrung vor Augen zu f\u00fchren.<\/strong><\/p>\n\n\n\n<p class=\"has-medium-font-size wp-block-paragraph\">Immerhin haben wir noch genug zu essen und leben in einem Land, in dem man nicht ins bergfreie f\u00e4llt. Nein, wir leben in einem Land, in dem man aufgefangen wird und neben einer Mahlzeit auch noch ein Dach \u00fcber den Kopf findet. Bei aller verst\u00e4ndlicher Kritik an der Politik oder unseren Beh\u00f6rden, sollten wir manchmal etwas dem\u00fctiger mit unseren Forderungen umgehen. Wir alle sind nichts Besonderes und hatten am Ende einfach auch nur viel Gl\u00fcck.<\/p>\n\n\n\n<div class=\"wp-block-columns is-layout-flex wp-container-core-columns-is-layout-8f761849 wp-block-columns-is-layout-flex\">\n<div class=\"wp-block-column is-layout-flow wp-block-column-is-layout-flow\">\n<figure class=\"wp-block-image size-large\"><img loading=\"lazy\" decoding=\"async\" width=\"700\" height=\"393\" src=\"https:\/\/echta-derminga.de\/wp-content\/uploads\/2022\/10\/ernet-700x393.jpg\" alt=\"\" class=\"wp-image-13745\" srcset=\"https:\/\/echta-derminga.de\/wp-content\/uploads\/2022\/10\/ernet-700x393.jpg 700w, https:\/\/echta-derminga.de\/wp-content\/uploads\/2022\/10\/ernet-300x168.jpg 300w, https:\/\/echta-derminga.de\/wp-content\/uploads\/2022\/10\/ernet-768x431.jpg 768w, https:\/\/echta-derminga.de\/wp-content\/uploads\/2022\/10\/ernet.jpg 1000w\" sizes=\"auto, (max-width: 700px) 100vw, 700px\" \/><\/figure>\n<\/div>\n\n\n\n<div class=\"wp-block-column is-layout-flow wp-block-column-is-layout-flow\">\n<figure class=\"wp-block-image size-large\"><img loading=\"lazy\" decoding=\"async\" width=\"700\" height=\"433\" src=\"https:\/\/echta-derminga.de\/wp-content\/uploads\/2022\/10\/ernte-2-700x433.jpg\" alt=\"\" class=\"wp-image-13746\" srcset=\"https:\/\/echta-derminga.de\/wp-content\/uploads\/2022\/10\/ernte-2-700x433.jpg 700w, https:\/\/echta-derminga.de\/wp-content\/uploads\/2022\/10\/ernte-2-300x185.jpg 300w, https:\/\/echta-derminga.de\/wp-content\/uploads\/2022\/10\/ernte-2-768x475.jpg 768w, https:\/\/echta-derminga.de\/wp-content\/uploads\/2022\/10\/ernte-2.jpg 1000w\" sizes=\"auto, (max-width: 700px) 100vw, 700px\" \/><\/figure>\n<\/div>\n<\/div>\n\n\n\n<p class=\"has-medium-font-size wp-block-paragraph\"><strong>Demut zum \u201eTag der deutschen Einheit\u201c<\/strong><\/p>\n\n\n\n<p class=\"has-medium-font-size wp-block-paragraph\"><strong>Ist es dein Land, mein Land oder unser Land? Wir kennen unsere Pflichten und pochen auf unser Recht. Am \u201eTag der Deutschen Einheit\u201c spiegelt sich die Geschichte unseres Landes wider. Was haben wir nicht alles geleistet. Zukunftsland Deutschland! Wer hat geleistet? Wir, ihr oder die anderen? &nbsp;Der Tag der deutschen Einheit erinnert uns daran, dass unser Heimatland wiedervereint wurde. Unser \u201eTag der deutschen Einheit\u201c sollte ein Tag der Freude sein. Ist er das auch heute noch? Es regiert Hass, Missgunst und Neid. Hinter den Gardienen lauert die Angst vor allem Fremden und Unbekannten. Wir d\u00fcrfen in einem Land leben, in dem es den Menschen \u00fcberwiegend gut geht. Wissen wir das noch zu sch\u00e4tzen?<\/strong><\/p>\n\n\n\n<p class=\"has-medium-font-size wp-block-paragraph\">Viele Menschen sind im Kampf f\u00fcr Freiheit und Demokratie gestorben. Vielerorts wird heute noch f\u00fcr Freiheit geworben, gek\u00e4mpft und gestorben. Aufstehen, anpacken und bessermachen sind Eigenschaften, die l\u00e4ngst in den Hintergrund ger\u00fcckt sind. Es ist ein Privileg in Europa zu leben. Die Teilung Deutschlands sollte uns immer daran erinnern, was geschehen kann, wenn Macht missbraucht wird. Haben wir aus dieser Zeit gelernt? Seit einigen Wochen breitet sich in unserer Gesellschaft eine enorme Verrohung aus. Politikern wird mit Gewalt gedroht und Fremdenhass breitet sich langsam, aber stetig aus. Haben wir nichts aus unseren Fehlern gelernt. Demokratisch gew\u00e4hlten Politikern unterstellen wir L\u00fcgen, Korruption und Volksverrat. Es werden Zeiten kommen, in denen wir dankbar sein m\u00fcssen, dass sich \u00fcberhaupt noch Menschen f\u00fcr ein politisches Mandat interessieren.<\/p>\n\n\n\n<p class=\"has-medium-font-size wp-block-paragraph\"><strong>Winde werden rauer! Konzerne und Lobbyismus geben den Takt vor und bestimmen \u00fcber Preis, Gl\u00fcck und Geld. Die Presse wird als \u201eL\u00fcgenpresse\u201c bezeichnet und tut zugegebenerma\u00dfen vieles daf\u00fcr diesem Ruf gerecht zu werden. Populismus und Rufmord sind im Wechsel an der Tagesordnung. <\/strong><\/p>\n\n\n\n<div class=\"wp-block-columns is-layout-flex wp-container-core-columns-is-layout-8f761849 wp-block-columns-is-layout-flex\">\n<div class=\"wp-block-column is-layout-flow wp-block-column-is-layout-flow\">\n<figure class=\"wp-block-image size-large\"><img loading=\"lazy\" decoding=\"async\" width=\"700\" height=\"787\" src=\"https:\/\/echta-derminga.de\/wp-content\/uploads\/2022\/10\/BRD-1-700x787.jpg\" alt=\"\" class=\"wp-image-13748\" srcset=\"https:\/\/echta-derminga.de\/wp-content\/uploads\/2022\/10\/BRD-1-700x787.jpg 700w, https:\/\/echta-derminga.de\/wp-content\/uploads\/2022\/10\/BRD-1-267x300.jpg 267w, https:\/\/echta-derminga.de\/wp-content\/uploads\/2022\/10\/BRD-1-768x864.jpg 768w, https:\/\/echta-derminga.de\/wp-content\/uploads\/2022\/10\/BRD-1.jpg 1025w\" sizes=\"auto, (max-width: 700px) 100vw, 700px\" \/><\/figure>\n<\/div>\n\n\n\n<div class=\"wp-block-column is-layout-flow wp-block-column-is-layout-flow\">\n<figure class=\"wp-block-image size-large\"><img loading=\"lazy\" decoding=\"async\" width=\"700\" height=\"946\" src=\"https:\/\/echta-derminga.de\/wp-content\/uploads\/2022\/10\/ns-1-700x946.jpg\" alt=\"\" class=\"wp-image-13755\" srcset=\"https:\/\/echta-derminga.de\/wp-content\/uploads\/2022\/10\/ns-1-700x946.jpg 700w, https:\/\/echta-derminga.de\/wp-content\/uploads\/2022\/10\/ns-1-222x300.jpg 222w, https:\/\/echta-derminga.de\/wp-content\/uploads\/2022\/10\/ns-1-768x1038.jpg 768w, https:\/\/echta-derminga.de\/wp-content\/uploads\/2022\/10\/ns-1.jpg 797w\" sizes=\"auto, (max-width: 700px) 100vw, 700px\" \/><figcaption class=\"wp-element-caption\">Quelle: Gem\u00e4lde KZ Struthof<\/figcaption><\/figure>\n<\/div>\n<\/div>\n\n\n\n<p class=\"has-medium-font-size wp-block-paragraph\">Winde werden rauer! Irgendwie hat unsere Zeit gef\u00e4hrliche Parallelen zu den 20er Jahren des letzten Jahrhunderts. Schon damals demokratisch gew\u00e4hlte Politiker als korrupte Gruppe abgestempelt und die Presse der L\u00fcge bezichtigt. Extremisten zogen die Macht an sich und was darauffolgte, kann jeder in den Geschichtsb\u00fcchern nachlesen. Mit welchem Recht d\u00fcrfen wir Fl\u00fcchtlingen verwehren zu uns zu kommen ? Was macht uns so selbstischer und uneinsichtig ? Geh\u00f6rt die Welt uns alleine ? Ist es dein Land, mein Land oder unser Land ? Aus gro\u00dfer Angst w\u00e4chst Hass und Missgunst. <\/p>\n\n\n\n<p class=\"has-medium-font-size wp-block-paragraph\"><strong>Der &#8222;Tag der deutschen Einheit&#8220; sollte uns dem\u00fctiger mit unserem Gl\u00fcck umgehen lassen. Dieser Feiertag sollte uns daran erinnern, dass wir immer wieder aufs Neue f\u00fcr unsere Freiheit und demokratischen Werte k\u00e4mpfen m\u00fcssen. Unsere Vorfahren haben nach dem zweiten Weltkrieg einen hohen Preis f\u00fcr unseren Wohlstand gezahlt. Wir sind an der Reihe diese Werte zu verteidigen. Das sind wir allein schon unseren Kindern schuldig. Lasst uns dem\u00fctig mit unserer Zeit umgehen. Lasst uns Vertrauen, G\u00f6nnen, Glauben und auf das Gute bauen. Einigkeit und Recht und Freiheit ist ein hohes Gut !<\/strong><\/p>\n","protected":false},"excerpt":{"rendered":"<p>Mit Blick auf das diesj\u00e4hrige Erntedankfest und den darauffolgenden \u201eTag der Deutschen Einheit\u201c habe ich meinen Gedanken wieder mal freien Lauf gelassen. Ich frage mich, wie viele von uns l\u00e4ngst keinen Wert mehr auf das Erntedankfest legen. In unserer schnellen globalen und digitalisierten Welt haben viele Braucht\u00fcmer und Traditionen ihren Platz verloren. Kirchliche Feiertage wie das Erntedankfest oder der Bu\u00df-<\/p>\n","protected":false},"author":1,"featured_media":13742,"comment_status":"open","ping_status":"closed","sticky":false,"template":"","format":"standard","meta":{"_crdt_document":"","footnotes":""},"categories":[1,9,902],"tags":[5,618,127,1017,310],"class_list":["post-13740","post","type-post","status-publish","format-standard","has-post-thumbnail","hentry","category-allgemein","category-dorfgetratsche","category-meine-meinung","tag-dirmingen","tag-gemeinde-eppelborn","tag-landkreis-neunkirchen","tag-meinung","tag-saarland"],"_links":{"self":[{"href":"https:\/\/echta-derminga.de\/index.php?rest_route=\/wp\/v2\/posts\/13740","targetHints":{"allow":["GET"]}}],"collection":[{"href":"https:\/\/echta-derminga.de\/index.php?rest_route=\/wp\/v2\/posts"}],"about":[{"href":"https:\/\/echta-derminga.de\/index.php?rest_route=\/wp\/v2\/types\/post"}],"author":[{"embeddable":true,"href":"https:\/\/echta-derminga.de\/index.php?rest_route=\/wp\/v2\/users\/1"}],"replies":[{"embeddable":true,"href":"https:\/\/echta-derminga.de\/index.php?rest_route=%2Fwp%2Fv2%2Fcomments&post=13740"}],"version-history":[{"count":6,"href":"https:\/\/echta-derminga.de\/index.php?rest_route=\/wp\/v2\/posts\/13740\/revisions"}],"predecessor-version":[{"id":13756,"href":"https:\/\/echta-derminga.de\/index.php?rest_route=\/wp\/v2\/posts\/13740\/revisions\/13756"}],"wp:featuredmedia":[{"embeddable":true,"href":"https:\/\/echta-derminga.de\/index.php?rest_route=\/wp\/v2\/media\/13742"}],"wp:attachment":[{"href":"https:\/\/echta-derminga.de\/index.php?rest_route=%2Fwp%2Fv2%2Fmedia&parent=13740"}],"wp:term":[{"taxonomy":"category","embeddable":true,"href":"https:\/\/echta-derminga.de\/index.php?rest_route=%2Fwp%2Fv2%2Fcategories&post=13740"},{"taxonomy":"post_tag","embeddable":true,"href":"https:\/\/echta-derminga.de\/index.php?rest_route=%2Fwp%2Fv2%2Ftags&post=13740"}],"curies":[{"name":"wp","href":"https:\/\/api.w.org\/{rel}","templated":true}]}}