{"id":13758,"date":"2022-10-03T09:00:00","date_gmt":"2022-10-03T08:00:00","guid":{"rendered":"https:\/\/echta-derminga.de\/?p=13758"},"modified":"2022-10-02T15:18:06","modified_gmt":"2022-10-02T14:18:06","slug":"in-sachen-ortsvorsteher-von-einem-kommunalpolitischen-abschied-einem-partnerschaftsabend-und-ersten-fortschritten-bruehlpark","status":"publish","type":"post","link":"https:\/\/echta-derminga.de\/?p=13758","title":{"rendered":"In Sachen Ortsvorsteher: Von einem kommunalpolitischen Abschied, einem Partnerschaftsabend und ersten Fortschritten Br\u00fchlpark"},"content":{"rendered":"\n<p class=\"has-medium-font-size wp-block-paragraph\">Liebe Mitbewohnerinnen und liebe Mitbewohner, auch wenn es nicht immer so scheinen mag, hinter den Kulissen wird flei\u00dfig an der Zukunft unseres Heimatortes gearbeitet. Der Dirminger Ortsrat und auch der Gemeinderat Eppelborn haben sich unl\u00e4ngst mit zukunftsorientierten Themen besch\u00e4ftigt. Dabei wurden auch \u00fcber wichtige Angelegenheiten unseres Heimatortes beraten. Neben der Teil\u00e4nderung des Bebauungsplanes &#8222;Ortsmitte Dirmingen&#8220; mit paralleler Teil\u00e4nderung des Fl\u00e4chennutzungsplans wurde unter anderem \u00fcber die Vergabe der Arbeiten zur Sanierung der &#8222;Thalexweilerstra\u00dfe&#8220; und \u00fcber die Vergabe der Arbeiten zur Sanierung des Weges zur Tennisanlage und der neuen Boulehalle, sowie des Teilbereiches &#8222;Hierscheiderstra\u00dfe&#8220; beraten und entschieden. Alle Entscheidungen f\u00fcr unseren Heimatort wurden einstimmig im Orts- und Gemeinderat verabschiedet. Ich deute dies als gutes Zeichen und wichtigen Schritt in unsere gemeinsame Zukunft. Die Teil\u00e4nderung des Bebauungsplans &#8222;Ortsmitte Dirmingen&#8220; war ein weiterer wichtiger Schritt zur Realisierung der Ansiedlung eines Verbrauchermarktes in der Dirminger Ortsmitte. Nach der Auslage der Tr\u00e4ger \u00f6ffentlicher Belange und des Bebauungsplans im Rathaus d\u00fcrfte der Gemeinderat in K\u00fcrze \u00fcber den Bauantrag positiv entscheiden.  <\/p>\n\n\n<div class=\"wp-block-image\">\n<figure class=\"aligncenter size-large\"><img loading=\"lazy\" decoding=\"async\" width=\"700\" height=\"500\" src=\"https:\/\/echta-derminga.de\/wp-content\/uploads\/2022\/10\/310240629_5472388482855832_7374446733334385044_n-700x500.jpg\" alt=\"\" class=\"wp-image-13783\" srcset=\"https:\/\/echta-derminga.de\/wp-content\/uploads\/2022\/10\/310240629_5472388482855832_7374446733334385044_n-700x500.jpg 700w, https:\/\/echta-derminga.de\/wp-content\/uploads\/2022\/10\/310240629_5472388482855832_7374446733334385044_n-300x214.jpg 300w, https:\/\/echta-derminga.de\/wp-content\/uploads\/2022\/10\/310240629_5472388482855832_7374446733334385044_n-768x548.jpg 768w, https:\/\/echta-derminga.de\/wp-content\/uploads\/2022\/10\/310240629_5472388482855832_7374446733334385044_n.jpg 1440w\" sizes=\"auto, (max-width: 700px) 100vw, 700px\" \/><figcaption class=\"wp-element-caption\">Wichtige Entscheidungen im Orts-und Gemeinderat<\/figcaption><\/figure>\n<\/div>\n\n\n<p class=\"has-medium-font-size wp-block-paragraph\"><strong>Personelle Ver\u00e4nderungen im Ortsrat Dirmingen<\/strong><\/p>\n\n\n\n<p class=\"has-medium-font-size wp-block-paragraph\">Der Ortsrat Dirmingen begr\u00fc\u00dfte in seiner letzten Sitzung am 23. September 2022, mit Jessica Colp, ein neues Ortsratsmitglied. Zuvor wurde Jessica Colp von unserem 1. Beigeordneten Christian Ney in ihrem Mandat vereidigt. Ich w\u00fcnsche Jessica Colp alles erdenklich Gute sowie viel Gl\u00fcck und allzeit gute Entscheidungen zum Wohle unseres Heimatortes. Auf der anderen Seite musste sich der Ortsrat von zwei wunderbaren Menschen verabschieden. Aufgrund eines Wohnortswechsels mussten Nathalie und Tobias Schlicher aus dem Dirminger Ortsrat ausscheiden. Obwohl wir in den politischen Farben getrennt sind, hatten wir immer das gemeinsame Wohl unseres Dorfes im Blick. Unser Ortsrat verliert zwei engagierte und gro\u00dfherzige Mandatstr\u00e4ger.\u00a0Vielen Dank liebe Nathalie und Tobias Schlicher f\u00fcr euer Engagement, euer Herzblut und das partei\u00fcbergreifende Miteinander. Ich w\u00fcnsche euch auch an dieser Stelle alles erdenklich Gute. <\/p>\n\n\n\n<div class=\"wp-block-columns is-layout-flex wp-container-core-columns-is-layout-8f761849 wp-block-columns-is-layout-flex\">\n<div class=\"wp-block-column is-layout-flow wp-block-column-is-layout-flow\">\n<figure class=\"wp-block-image size-large\"><img loading=\"lazy\" decoding=\"async\" width=\"700\" height=\"520\" src=\"https:\/\/echta-derminga.de\/wp-content\/uploads\/2022\/10\/308820366_5455885567839457_3839358728433142691_n-700x520.jpg\" alt=\"\" class=\"wp-image-13763\" srcset=\"https:\/\/echta-derminga.de\/wp-content\/uploads\/2022\/10\/308820366_5455885567839457_3839358728433142691_n-700x520.jpg 700w, https:\/\/echta-derminga.de\/wp-content\/uploads\/2022\/10\/308820366_5455885567839457_3839358728433142691_n-300x223.jpg 300w, https:\/\/echta-derminga.de\/wp-content\/uploads\/2022\/10\/308820366_5455885567839457_3839358728433142691_n-768x571.jpg 768w, https:\/\/echta-derminga.de\/wp-content\/uploads\/2022\/10\/308820366_5455885567839457_3839358728433142691_n.jpg 969w\" sizes=\"auto, (max-width: 700px) 100vw, 700px\" \/><\/figure>\n<\/div>\n\n\n\n<div class=\"wp-block-column is-layout-flow wp-block-column-is-layout-flow\">\n<figure class=\"wp-block-image size-large\"><img loading=\"lazy\" decoding=\"async\" width=\"700\" height=\"435\" src=\"https:\/\/echta-derminga.de\/wp-content\/uploads\/2022\/10\/308745854_5455909021170445_5166940951195622747_n-700x435.jpg\" alt=\"\" class=\"wp-image-13764\" srcset=\"https:\/\/echta-derminga.de\/wp-content\/uploads\/2022\/10\/308745854_5455909021170445_5166940951195622747_n-700x435.jpg 700w, https:\/\/echta-derminga.de\/wp-content\/uploads\/2022\/10\/308745854_5455909021170445_5166940951195622747_n-300x186.jpg 300w, https:\/\/echta-derminga.de\/wp-content\/uploads\/2022\/10\/308745854_5455909021170445_5166940951195622747_n-768x477.jpg 768w, https:\/\/echta-derminga.de\/wp-content\/uploads\/2022\/10\/308745854_5455909021170445_5166940951195622747_n.jpg 843w\" sizes=\"auto, (max-width: 700px) 100vw, 700px\" \/><figcaption class=\"wp-element-caption\">Herzlich Willkommen Jessica Colp und vielen Dank an Nathalie und Tobias Schlicher.<\/figcaption><\/figure>\n<\/div>\n<\/div>\n\n\n\n<p class=\"has-medium-font-size wp-block-paragraph\"><strong>Partnerschaftsabend im Humeser Haus Rech<\/strong><\/p>\n\n\n\n<p class=\"has-medium-font-size wp-block-paragraph\">B\u00fcrgermeister Dr. Andreas Feld hatte am Freitag, 29. September in das Haus Rech nach Humes zu einem Partnerschaftsabend eingeladen. F\u00fcr mich pers\u00f6nlich bedeutete dieses Treffen eine Premiere. Erstmals durfte ich in meiner Eigenschaft als Ortsvorsteher, in der Gemeinde Eppelborn, den B\u00fcrgermeister unserer Partnerstadt Finsterwalde J\u00f6rg Gampe und die Stadtbeigeordnete unserer Partnerstadt Outreau Catherine Poquet pers\u00f6nlich kennenlernen. Im Laufe des Abends durfte ich viele gute Gespr\u00e4che, tolle Eindr\u00fccke und gutes Essen genie\u00dfen. Unsere Partnerschaften zu Outreau und Finsterwalde existieren seit den sp\u00e4ten 1980-er Jahren. Mein Dank geht an unseren B\u00fcrgermeister Andreas Feld f\u00fcr die freundliche Einladung und an das tolle Serviceteam unserer Verwaltung. Besonders gefreut habe ich mich \u00fcber die pers\u00f6nliche Einladung des B\u00fcrgermeisters J\u00f6rg Gampe aus Finsterwalde. Gerne werde ich der Einladung folge leisten und mir ein pers\u00f6nliches Bild unserer Partnerstadt machen.<\/p>\n\n\n\n<div class=\"wp-block-columns is-layout-flex wp-container-core-columns-is-layout-8f761849 wp-block-columns-is-layout-flex\">\n<div class=\"wp-block-column is-layout-flow wp-block-column-is-layout-flow\">\n<figure class=\"wp-block-image size-large\"><img loading=\"lazy\" decoding=\"async\" width=\"700\" height=\"596\" src=\"https:\/\/echta-derminga.de\/wp-content\/uploads\/2022\/10\/309985102_5477238032370877_3753348876115490310_n-700x596.jpg\" alt=\"\" class=\"wp-image-13766\" srcset=\"https:\/\/echta-derminga.de\/wp-content\/uploads\/2022\/10\/309985102_5477238032370877_3753348876115490310_n-700x596.jpg 700w, https:\/\/echta-derminga.de\/wp-content\/uploads\/2022\/10\/309985102_5477238032370877_3753348876115490310_n-300x256.jpg 300w, https:\/\/echta-derminga.de\/wp-content\/uploads\/2022\/10\/309985102_5477238032370877_3753348876115490310_n-768x654.jpg 768w, https:\/\/echta-derminga.de\/wp-content\/uploads\/2022\/10\/309985102_5477238032370877_3753348876115490310_n.jpg 1443w\" sizes=\"auto, (max-width: 700px) 100vw, 700px\" \/><figcaption class=\"wp-element-caption\">Sch\u00f6ner Partnerschaftsabend im Haus Rech in Humes. Vielen Dank an B\u00fcrgermeister J\u00f6rg Gambe.<\/figcaption><\/figure>\n\n\n\n<p class=\"wp-block-paragraph\"><\/p>\n<\/div>\n\n\n\n<div class=\"wp-block-column is-layout-flow wp-block-column-is-layout-flow\">\n<figure class=\"wp-block-image size-full\"><img loading=\"lazy\" decoding=\"async\" width=\"416\" height=\"492\" src=\"https:\/\/echta-derminga.de\/wp-content\/uploads\/2022\/10\/finter.jpg\" alt=\"\" class=\"wp-image-13767\" srcset=\"https:\/\/echta-derminga.de\/wp-content\/uploads\/2022\/10\/finter.jpg 416w, https:\/\/echta-derminga.de\/wp-content\/uploads\/2022\/10\/finter-254x300.jpg 254w\" sizes=\"auto, (max-width: 416px) 100vw, 416px\" \/><\/figure>\n<\/div>\n<\/div>\n\n\n\n<p class=\"has-medium-font-size wp-block-paragraph\"><strong>&#8222;Streetbudys&#8220; sorgen f\u00fcr Sicherheit unserer Kind<\/strong><\/p>\n\n\n\n<p class=\"has-medium-font-size wp-block-paragraph\">Inzwischen haben wir in Dirmingen 7 neue &#8222;Streetbudys&#8220; f\u00fcr die Sicherheit unserer Kinder aufgestellt. Dabei durfte ich mich \u00fcber die Unterst\u00fctzung und Mitarbeit zahlreicher Mitb\u00fcrger freuen. In vielen Stra\u00dfen unseres Heimatortes wurden die Warnfiguren auf privaten Grundst\u00fccken platzierten. Die kleinen bunten Warnfiguren sind unter anderem in der &#8222;Humeserstrasse&#8220;\/ Haardt, dem &#8222;D\u00f6rrwald&#8220;, auf dem &#8222;Loss&#8220;. in der &#8222;Thalexweilerstrasse&#8220; und in der &#8222;B\u00f6llingerstrasse&#8220; zu finden. Weitere Figuren werden demn\u00e4chst in der Ortsmitte aufgestellt. Die Streetbudys wurden finanziert und gesponsert von der Firma Elektro Wagner Dirmingen und Inhaber Markus Wagner, dem SPD Ortsverein Dirmingen und meiner bescheidenen Wenigkeit. Vielen herzlichen Dank f\u00fcr das vorbildliche Miteinander. Gut f\u00fcr unsere Kinder, gut f\u00fcr Dirmingen !<\/p>\n\n\n<div class=\"wp-block-image\">\n<figure class=\"aligncenter size-large\"><img loading=\"lazy\" decoding=\"async\" width=\"700\" height=\"700\" src=\"https:\/\/echta-derminga.de\/wp-content\/uploads\/2022\/10\/309653543_5465285176899496_8503875061995918450_n-700x700.jpg\" alt=\"\" class=\"wp-image-13771\" srcset=\"https:\/\/echta-derminga.de\/wp-content\/uploads\/2022\/10\/309653543_5465285176899496_8503875061995918450_n-700x700.jpg 700w, https:\/\/echta-derminga.de\/wp-content\/uploads\/2022\/10\/309653543_5465285176899496_8503875061995918450_n-300x300.jpg 300w, https:\/\/echta-derminga.de\/wp-content\/uploads\/2022\/10\/309653543_5465285176899496_8503875061995918450_n-150x150.jpg 150w, https:\/\/echta-derminga.de\/wp-content\/uploads\/2022\/10\/309653543_5465285176899496_8503875061995918450_n-768x768.jpg 768w, https:\/\/echta-derminga.de\/wp-content\/uploads\/2022\/10\/309653543_5465285176899496_8503875061995918450_n-90x90.jpg 90w, https:\/\/echta-derminga.de\/wp-content\/uploads\/2022\/10\/309653543_5465285176899496_8503875061995918450_n-75x75.jpg 75w, https:\/\/echta-derminga.de\/wp-content\/uploads\/2022\/10\/309653543_5465285176899496_8503875061995918450_n.jpg 1200w\" sizes=\"auto, (max-width: 700px) 100vw, 700px\" \/><figcaption class=\"wp-element-caption\">Vielen Dank f\u00fcr die Unterst\u00fctzung zum Wohle unserer Kinder<\/figcaption><\/figure>\n<\/div>\n\n\n<p class=\"has-medium-font-size wp-block-paragraph\"><strong>Neugestaltung des Br\u00fchlparks gewinnt an ersten Formen <\/strong><\/p>\n\n\n\n<p class=\"has-medium-font-size wp-block-paragraph\">Die Arbeiten zur Neugestaltung des Br\u00fchlparks laufen auf Hochtouren. Inzwischen wurden Bohrungen unter der Ill durchgef\u00fchrt die einer Strom-und Wasserversorgung des Areals dienen sollen. Auf der anderen Seite des Parks wurde mit der Anlegung des Bouleplatz begonnen. Die Arbeiten sind bereits recht weit fortgeschritten und werden in den n\u00e4chsten Wochen fortgesetzt. Die Lieferung der neuen B\u00e4nke und Tische d\u00fcrfte sich aufgrund Lieferengp\u00e4sse noch etwas hinziehen. Wir d\u00fcrfen jedoch davon ausgehen, dass wir mit einem Gro\u00dfteil der Sanierungsarbeiten in diesem Jahr fertig werden. Neben einer botanischen Aufwertung werden neue Lampen und Leuchten aufgebaut. Ich freue mich \u00fcber diese wunderbare Entwicklung zum Wohle unseres Heimatortes.<\/p>\n\n\n\n<div class=\"wp-block-columns is-layout-flex wp-container-core-columns-is-layout-8f761849 wp-block-columns-is-layout-flex\">\n<div class=\"wp-block-column is-layout-flow wp-block-column-is-layout-flow\">\n<figure class=\"wp-block-image size-large\"><img loading=\"lazy\" decoding=\"async\" width=\"700\" height=\"323\" src=\"https:\/\/echta-derminga.de\/wp-content\/uploads\/2022\/10\/20221001_115229-700x323.jpg\" alt=\"\" class=\"wp-image-13774\" srcset=\"https:\/\/echta-derminga.de\/wp-content\/uploads\/2022\/10\/20221001_115229-700x323.jpg 700w, https:\/\/echta-derminga.de\/wp-content\/uploads\/2022\/10\/20221001_115229-300x139.jpg 300w, https:\/\/echta-derminga.de\/wp-content\/uploads\/2022\/10\/20221001_115229-768x355.jpg 768w, https:\/\/echta-derminga.de\/wp-content\/uploads\/2022\/10\/20221001_115229.jpg 1000w\" sizes=\"auto, (max-width: 700px) 100vw, 700px\" \/><\/figure>\n<\/div>\n\n\n\n<div class=\"wp-block-column is-layout-flow wp-block-column-is-layout-flow\">\n<figure class=\"wp-block-image size-large\"><img loading=\"lazy\" decoding=\"async\" width=\"700\" height=\"323\" src=\"https:\/\/echta-derminga.de\/wp-content\/uploads\/2022\/10\/20221001_115248-700x323.jpg\" alt=\"\" class=\"wp-image-13775\" srcset=\"https:\/\/echta-derminga.de\/wp-content\/uploads\/2022\/10\/20221001_115248-700x323.jpg 700w, https:\/\/echta-derminga.de\/wp-content\/uploads\/2022\/10\/20221001_115248-300x139.jpg 300w, https:\/\/echta-derminga.de\/wp-content\/uploads\/2022\/10\/20221001_115248-768x355.jpg 768w, https:\/\/echta-derminga.de\/wp-content\/uploads\/2022\/10\/20221001_115248.jpg 1000w\" sizes=\"auto, (max-width: 700px) 100vw, 700px\" \/><\/figure>\n<\/div>\n<\/div>\n\n\n\n<div class=\"wp-block-columns is-layout-flex wp-container-core-columns-is-layout-8f761849 wp-block-columns-is-layout-flex\">\n<div class=\"wp-block-column is-layout-flow wp-block-column-is-layout-flow\">\n<figure class=\"wp-block-image size-large\"><img loading=\"lazy\" decoding=\"async\" width=\"700\" height=\"323\" src=\"https:\/\/echta-derminga.de\/wp-content\/uploads\/2022\/10\/20221001_115017-700x323.jpg\" alt=\"\" class=\"wp-image-13776\" srcset=\"https:\/\/echta-derminga.de\/wp-content\/uploads\/2022\/10\/20221001_115017-700x323.jpg 700w, https:\/\/echta-derminga.de\/wp-content\/uploads\/2022\/10\/20221001_115017-300x139.jpg 300w, https:\/\/echta-derminga.de\/wp-content\/uploads\/2022\/10\/20221001_115017-768x355.jpg 768w, https:\/\/echta-derminga.de\/wp-content\/uploads\/2022\/10\/20221001_115017.jpg 1000w\" sizes=\"auto, (max-width: 700px) 100vw, 700px\" \/><\/figure>\n<\/div>\n\n\n\n<div class=\"wp-block-column is-layout-flow wp-block-column-is-layout-flow\">\n<figure class=\"wp-block-image size-large\"><img loading=\"lazy\" decoding=\"async\" width=\"700\" height=\"323\" src=\"https:\/\/echta-derminga.de\/wp-content\/uploads\/2022\/10\/20221001_115259-700x323.jpg\" alt=\"\" class=\"wp-image-13777\" srcset=\"https:\/\/echta-derminga.de\/wp-content\/uploads\/2022\/10\/20221001_115259-700x323.jpg 700w, https:\/\/echta-derminga.de\/wp-content\/uploads\/2022\/10\/20221001_115259-300x139.jpg 300w, https:\/\/echta-derminga.de\/wp-content\/uploads\/2022\/10\/20221001_115259-768x355.jpg 768w, https:\/\/echta-derminga.de\/wp-content\/uploads\/2022\/10\/20221001_115259.jpg 1000w\" sizes=\"auto, (max-width: 700px) 100vw, 700px\" \/><\/figure>\n\n\n\n<p class=\"wp-block-paragraph\"><\/p>\n<\/div>\n<\/div>\n\n\n\n<p class=\"has-medium-font-size wp-block-paragraph\"><strong>Der Herbst zieht \u00fcber unser Land und bringt den lang ersehnten Regen mit. Die Natur befindet sich im Wandel und die Tage werden k\u00fcrzer. In Dirmingen werden im Herbst viele sch\u00f6ne Veranstaltungen angeboten. Die &#8222;Derminga Kerb&#8220; findet in der Zeit vom 22.10. bis zum 24. 10.22 statt. Gottlob ist es uns gelungen auch in diesem Jahr wieder Schausteller f\u00fcr unseren Festplatz zu gewinnen. Am Freitag, 14, Oktober veranstaltet der Kulturverein Dirmingen nach einer pandemiebedingten Pause endlich wieder einen &#8222;Irischen Abend&#8220; in der &#8222;Alten Scheune&#8220; Dirmingen. Die Eintrittskarten sind zum Preis von 8,- \u20ac bei &#8222;Schreiben und Schenken&#8220; in der Dirminger Ortsmitte k\u00e4uflich zu erwerben. Gerne w\u00fcrde ich auch in diesem Jahr ein &#8222;Rommelboozeschnitze&#8220; mit unseren Dorfkindern ausrichten. Die Ernte war in diesem Jahr jedoch sehr schlecht und aktuell befinde ich mich auf der Suche nach brauchbaren &#8222;Rommeln&#8220;. Diesbez\u00fcglich folgen in K\u00fcrze weitere Informationen.<\/strong><\/p>\n\n\n\n<p class=\"has-medium-font-size wp-block-paragraph\">Am Freitag, 11. November 2022 findet in der &#8222;Alten Scheune&#8220; in Dirmingen ein Ehrenamtsabend statt. Im Rahmen dieser Veranstaltung m\u00f6chten wir unseren ehrenamtlichen B\u00fcrgerinnen und B\u00fcrgern einen sch\u00f6nen Abend widmen.<\/p>\n\n\n\n<p class=\"has-medium-font-size wp-block-paragraph\"><strong>Liebe Mitb\u00fcrgerinnen und Mitb\u00fcrger, in den letzten Wochen habe ich eine durchaus positive Beobachtung gemacht. Immer \u00f6fter kontaktieren mich B\u00fcrgerinnen und B\u00fcrger die sich gegen Vandalismus und Umweltverschmutzung auflehnen. Viele Mitb\u00fcrger haben die Nase gestrichen voll und lassen sich nichts mehr gefallen. Ich danke allen B\u00fcrgerinnen und B\u00fcrgern die in den letzten Wochen den Mut hatten Anzeige zu erstatten und Ross und Reiter zu benennen. <\/strong><\/p>\n\n\n\n<p class=\"has-medium-font-size wp-block-paragraph\">Ich w\u00fcnsche Ihnen bei allem was Sie tun viel Gelassenheit und Erfolg. Bitte denken sie immer daran:&#8220;&#8230;..es \u00e4ndert sich auch in unserem Dorf nur etwas, wenn WIR es \u00e4ndern&#8220;<\/p>\n\n\n\n<p class=\"has-medium-font-size wp-block-paragraph\"><strong>In diesem Sinne: Gl\u00fcck auf Derminge<\/strong><\/p>\n\n\n\n<p class=\"has-medium-font-size wp-block-paragraph\">Ihr Ortsvorsteher<\/p>\n\n\n\n<p class=\"has-medium-font-size wp-block-paragraph\">Frank Klein<\/p>\n\n\n\n<div class=\"wp-block-columns is-layout-flex wp-container-core-columns-is-layout-8f761849 wp-block-columns-is-layout-flex\">\n<div class=\"wp-block-column is-layout-flow wp-block-column-is-layout-flow\">\n<figure class=\"wp-block-image size-full\"><img loading=\"lazy\" decoding=\"async\" width=\"555\" height=\"788\" src=\"https:\/\/echta-derminga.de\/wp-content\/uploads\/2022\/10\/IRISCH.png\" alt=\"\" class=\"wp-image-13787\" srcset=\"https:\/\/echta-derminga.de\/wp-content\/uploads\/2022\/10\/IRISCH.png 555w, https:\/\/echta-derminga.de\/wp-content\/uploads\/2022\/10\/IRISCH-211x300.png 211w\" sizes=\"auto, (max-width: 555px) 100vw, 555px\" \/><\/figure>\n<\/div>\n\n\n\n<div class=\"wp-block-column is-layout-flow wp-block-column-is-layout-flow\">\n<figure class=\"wp-block-image size-large\"><img loading=\"lazy\" decoding=\"async\" width=\"700\" height=\"1079\" src=\"https:\/\/echta-derminga.de\/wp-content\/uploads\/2022\/10\/20170803_162355-700x1079.jpg\" alt=\"\" class=\"wp-image-13789\" srcset=\"https:\/\/echta-derminga.de\/wp-content\/uploads\/2022\/10\/20170803_162355-700x1079.jpg 700w, https:\/\/echta-derminga.de\/wp-content\/uploads\/2022\/10\/20170803_162355-195x300.jpg 195w, https:\/\/echta-derminga.de\/wp-content\/uploads\/2022\/10\/20170803_162355-768x1184.jpg 768w, https:\/\/echta-derminga.de\/wp-content\/uploads\/2022\/10\/20170803_162355-996x1536.jpg 996w, https:\/\/echta-derminga.de\/wp-content\/uploads\/2022\/10\/20170803_162355.jpg 1000w\" sizes=\"auto, (max-width: 700px) 100vw, 700px\" \/><\/figure>\n<\/div>\n<\/div>\n","protected":false},"excerpt":{"rendered":"<p>Liebe Mitbewohnerinnen und liebe Mitbewohner, auch wenn es nicht immer so scheinen mag, hinter den Kulissen wird flei\u00dfig an der Zukunft unseres Heimatortes gearbeitet. Der Dirminger Ortsrat und auch der Gemeinderat Eppelborn haben sich unl\u00e4ngst mit zukunftsorientierten Themen besch\u00e4ftigt. Dabei wurden auch \u00fcber wichtige Angelegenheiten unseres Heimatortes beraten. Neben der Teil\u00e4nderung des Bebauungsplanes &#8222;Ortsmitte Dirmingen&#8220; mit paralleler Teil\u00e4nderung des Fl\u00e4chennutzungsplans<\/p>\n","protected":false},"author":1,"featured_media":13770,"comment_status":"closed","ping_status":"closed","sticky":false,"template":"","format":"standard","meta":{"_crdt_document":"","footnotes":""},"categories":[1,9,812],"tags":[5,618,127,634,795,1019,310,1018],"class_list":["post-13758","post","type-post","status-publish","format-standard","has-post-thumbnail","hentry","category-allgemein","category-dorfgetratsche","category-ortsvorsteher-dirmingen","tag-dirmingen","tag-gemeinde-eppelborn","tag-landkreis-neunkirchen","tag-ortsvorsteher","tag-ortsvorsteher-dirmingen","tag-outreau","tag-saarland","tag-stadt-finsterwalde"],"_links":{"self":[{"href":"https:\/\/echta-derminga.de\/index.php?rest_route=\/wp\/v2\/posts\/13758","targetHints":{"allow":["GET"]}}],"collection":[{"href":"https:\/\/echta-derminga.de\/index.php?rest_route=\/wp\/v2\/posts"}],"about":[{"href":"https:\/\/echta-derminga.de\/index.php?rest_route=\/wp\/v2\/types\/post"}],"author":[{"embeddable":true,"href":"https:\/\/echta-derminga.de\/index.php?rest_route=\/wp\/v2\/users\/1"}],"replies":[{"embeddable":true,"href":"https:\/\/echta-derminga.de\/index.php?rest_route=%2Fwp%2Fv2%2Fcomments&post=13758"}],"version-history":[{"count":16,"href":"https:\/\/echta-derminga.de\/index.php?rest_route=\/wp\/v2\/posts\/13758\/revisions"}],"predecessor-version":[{"id":13790,"href":"https:\/\/echta-derminga.de\/index.php?rest_route=\/wp\/v2\/posts\/13758\/revisions\/13790"}],"wp:featuredmedia":[{"embeddable":true,"href":"https:\/\/echta-derminga.de\/index.php?rest_route=\/wp\/v2\/media\/13770"}],"wp:attachment":[{"href":"https:\/\/echta-derminga.de\/index.php?rest_route=%2Fwp%2Fv2%2Fmedia&parent=13758"}],"wp:term":[{"taxonomy":"category","embeddable":true,"href":"https:\/\/echta-derminga.de\/index.php?rest_route=%2Fwp%2Fv2%2Fcategories&post=13758"},{"taxonomy":"post_tag","embeddable":true,"href":"https:\/\/echta-derminga.de\/index.php?rest_route=%2Fwp%2Fv2%2Ftags&post=13758"}],"curies":[{"name":"wp","href":"https:\/\/api.w.org\/{rel}","templated":true}]}}