{"id":13796,"date":"2022-10-16T13:51:27","date_gmt":"2022-10-16T12:51:27","guid":{"rendered":"https:\/\/echta-derminga.de\/?p=13796"},"modified":"2022-10-16T14:25:44","modified_gmt":"2022-10-16T13:25:44","slug":"die-reservistenkameradschaft-illtal-am-basing","status":"publish","type":"post","link":"https:\/\/echta-derminga.de\/?p=13796","title":{"rendered":"Die Reservistenkameradschaft Illtal am &#8222;Basing&#8220;"},"content":{"rendered":"\n<p class=\"has-medium-font-size wp-block-paragraph\"><strong>Die Reservistenkameradschaft Illtal ist seit vielen Jahrzehnten ein Bestandteil unserer Dorfgemeinschaft.  Die Dachorganisation der Landesgruppe Saar des Verbandes der Reservisten der Deutschen Bundeswehr entstand, als die ersten jungen M\u00e4nner des Saarlandes im Jahre 1958 aus der Bundeswehr entlassen wurden. Am 18. Januar 1962 wurde der RK Illingen und am 18. Oktober des gleichen Jahres die RK Eppelborn als Reservistengruppe eingetragen. Die beide Kameradschaftsverb\u00e4nde rekrutierten sich aus den vielen Reservisten des gesamten Illtals.<\/strong><\/p>\n\n\n\n<p class=\"has-medium-font-size wp-block-paragraph\">Im Jahre 1965 schlossen sich die beiden Gruppierungen aus Illingen und Eppelborn aus organisatorischen Gr\u00fcnden, unter dem Vorsitz des Hauptmanns d. Res. Kurt Bremerich,  zu der neuen Reservistenkameradschaft Illtal zusammen. Die Gr\u00fcndungsversammlung des neuen RK Illtal fand am 13. Mai 1965 in der Dirminger Gastst\u00e4tte &#8222;Marktschenke&#8220; statt. Neben dem Vorsitzenden Kurt Bremerich z\u00e4hlten : Ernst Nienhaus, Erwin Zimmer, Heinrich Sch\u00e4fer, Egon Heintz, Siegfried Spaniol Rudi Wagner, Edmund Jochem ( alle Dirmingen) Siegfried Saar, Heinz Klein ( beide Eppelborn) und Peter Recktenwald aus Illingen zu den Gr\u00fcndungsmitgliedern. Nach der Gr\u00fcndung entwickelte sich die RK Illtal zu einer der st\u00e4rksten Reservistenkameradschaften des Saarlandes. In Spitzenzeiten befanden sich \u00fcber 180 Mitglieder in der RK Illtal. Seit diesen aufstrebenden Jahren betreibt die Reservistenkameradschaft auf dem &#8222;Basing&#8220; Werbung f\u00fcr Dirmingen.<\/p>\n\n\n<div class=\"wp-block-image\">\n<figure class=\"aligncenter size-full\"><img loading=\"lazy\" decoding=\"async\" width=\"600\" height=\"450\" src=\"https:\/\/echta-derminga.de\/wp-content\/uploads\/2018\/07\/volkstrauertag_600_mahnwache_scharf.jpg\" alt=\"\" class=\"wp-image-1642\" srcset=\"https:\/\/echta-derminga.de\/wp-content\/uploads\/2018\/07\/volkstrauertag_600_mahnwache_scharf.jpg 600w, https:\/\/echta-derminga.de\/wp-content\/uploads\/2018\/07\/volkstrauertag_600_mahnwache_scharf-300x225.jpg 300w\" sizes=\"auto, (max-width: 600px) 100vw, 600px\" \/><figcaption class=\"wp-element-caption\">RK Illtal und der L\u00f6schbezirk Dirmingen w\u00e4hrend der Kranzniederlegung am Denkmal<\/figcaption><\/figure>\n<\/div>\n\n\n<p class=\"has-medium-font-size wp-block-paragraph\"><strong>Wenn ich zur\u00fcck an meine Kinderzeit denke, fallen mir viele sch\u00f6ne Geschichten und Begegnungen ein, die in Bezug mit der RK Illtal stehen. Ich erinnere mich unter anderem an die j\u00e4hrliche Kranzniederlegungen zum Volkstrauertag, am ehemaligen Denkmal auf dem &#8222;Hundsberg&#8220;. Schon als kleiner Junge musste ich meinen Vater immer zu dieser Veranstaltung begleiten. Ich erinnere mich an das strenge Ritual und die uniformierten Mitglieder der RK Illtal und unseres L\u00f6schbezirks Dirmingen. Sp\u00e4ter waren auch immer noch Soldaten der franz\u00f6sischen Kaserne St. Wendel beteiligt. An der Hand meines Vaters musste ich mir die endlos langen Trauerreden anh\u00f6ren und verstand dabei nur das Wenigste. Ich erinnere mich auch an die vielen Festumz\u00fcge des &#8222;Derminga Volksfestes&#8220;. Die Freundschaft zwischen der franz\u00f6sischen 1.Escadron de Cuirassiers in St. Wendel und der Reservistenkameradschaft Illtal, mit Sitz in Dirmingen, begann im Jahre 1969 und hielt bis zur Schlie\u00dfung der Kaserne in St. Wendel. Die Verbundenheit der Soldaten zeichnete sich eben durch die gegenseitige Teilnahme zahlreicher Aktivit\u00e4ten aus. Die Teilnahme der befreundenden franz\u00f6sischen Soldaten aus St. Wendel war in jedem Fall eine Aufwertung f\u00fcr den Festzug. Ich erinnere mich aber auch an einige sch\u00f6ne Veranstaltungen am Reservistenheim auf dem &#8222;Basing&#8220; oder besser geschrieben auf dem Rothenberg. <\/strong><\/p>\n\n\n<div class=\"wp-block-image\">\n<figure class=\"aligncenter size-large\"><img loading=\"lazy\" decoding=\"async\" width=\"700\" height=\"481\" src=\"https:\/\/echta-derminga.de\/wp-content\/uploads\/2022\/10\/RK-1-700x481.jpg\" alt=\"\" class=\"wp-image-13810\" srcset=\"https:\/\/echta-derminga.de\/wp-content\/uploads\/2022\/10\/RK-1-700x481.jpg 700w, https:\/\/echta-derminga.de\/wp-content\/uploads\/2022\/10\/RK-1-300x206.jpg 300w, https:\/\/echta-derminga.de\/wp-content\/uploads\/2022\/10\/RK-1-768x528.jpg 768w, https:\/\/echta-derminga.de\/wp-content\/uploads\/2022\/10\/RK-1-1536x1056.jpg 1536w, https:\/\/echta-derminga.de\/wp-content\/uploads\/2022\/10\/RK-1.jpg 1619w\" sizes=\"auto, (max-width: 700px) 100vw, 700px\" \/><figcaption class=\"wp-element-caption\">Franz\u00f6sische &#8222;Escadron de Cuirassiers&#8220; St.Wendel w\u00e4hrend des Festzuges eines Volksfestes<\/figcaption><\/figure>\n<\/div>\n\n\n<p class=\"has-medium-font-size wp-block-paragraph\">Schon im Jahre 1969, meinem Geburtsjahr, er\u00f6ffnete die RK Illtal das erste Reservistenheim an der Saar in Dirmingen.  Im Jahre 1974 wurde das Reservistenheim der RK Illtal in Dirmingen feierlich eingeweiht. Die RK Illtal war und ist bis heute ein Bestandteil unserer Dorfgemeinschaft. Das zeigte sich auch in den 1970er und 80er Jahren als der RK Illtal die Dorfturniere des TV 04 Dirmingen und des SV Dirmingen mit einer Mannschaftsmeldung bereicherte.<\/p>\n\n\n\n<p class=\"has-medium-font-size wp-block-paragraph\"><strong>Ich bin mir bis heute nicht eindeutig sicher, ob ich ein Pazifist bin. Seit vielen Jahren gehe ich diesbez\u00fcglich hart mit mir ins Gericht und finde dabei keine abschlie\u00dfende Antwort. Ich denke jedoch, dass ich der pazifistischen Haltung sehr nahe komme. Ich lehne Gewalt und kriegerische Auseinandersetzung grunds\u00e4tzlich ab und verurteile jede Form von V\u00f6lkerrechtsbruch. Auf der anderen Seite w\u00e4re ich wahrscheinlich kein Kriegsdienstverweigerer gewesen. Mein Gl\u00fcck war, dass ich auch nach zweimaliger Musterung nicht eingezogen wurde. Meinem Bruder erging es da ganz anders. Nach seiner fr\u00fchzeitigen Musterung wurde er nur Wochen sp\u00e4ter zum Wehrdienst berufen. Auch mein Bruder war Mitglied in der RK Illtal. Mein Vater hat hingegen ein gespaltenes Verh\u00e4ltnis zum Wehrdienst. Nachdem sein Vater und sein Gro\u00dfvater sowie seine Tante f\u00fcr Ehre und Vaterland im Krieg fielen, konnte er mit Fahnentreue nicht mehr viel anfangen. Verst\u00e4ndlich oder ? Meine Familie hatte in beiden Weltkriegen auf v\u00e4terlicher und m\u00fctterlicher Seite viele Opfer zu beklagen. Mein Vater ist bis heute der \u00dcberzeugung, dass wir niemandem mehr etwas schuldig sind. Unser Blutzoll f\u00fcr das Vaterland wurde unter anderem in Ru\u00dfland (mein Ur-Gro\u00dfvater) in Tschechien ( mein Opa) und in Dirmingen (meine Gro\u00dftante) gezahlt. <\/strong><\/p>\n\n\n\n<p class=\"has-medium-font-size wp-block-paragraph\">Auf der anderen Seite bin ich sehr froh dar\u00fcber, dass wir unsere Soldaten haben. Ich gehe sehr respektvoll mit diesem Berufsstand um und respektiere auch deren stolze Haltung. Von daher habe ich im Laufe der Jahre meinen inneren Frieden gefunden und versuche diesbez\u00fcglich stets zwischen den Zeilen zu Leben. Die j\u00fcngsten Ereignisse auf unserem Kontinent haben aufgezeigt, dass unsere Soldatinnen und Soldaten besser ausger\u00fcstet werden und zudem mehr Respekt erfahren m\u00fcssen. Als bekennender Christ hat man nat\u00fcrlich so seine Probleme mit Krieg und Gewalt. Dennoch stand auch ich schon mehrmals vor der Frage: Was w\u00fcrde ich tun und wie w\u00fcrde ich mich im Kriegsfall entscheiden. W\u00fcrde ich f\u00fcr das Vaterland und meine Heimat in den Krieg ziehen ? Inzwischen habe ich meine Antwort darauf gefunden und bin mit mir im reinen. Ich respektiere die w\u00fcrdevolle Haltung unserer Reservisten und bin froh dar\u00fcber, dass es Menschen gibt, die sich in den Dienst der Allgemeinheit stellen. F\u00fcr unseren Heimatort Dirmingen hingegen war die Gr\u00fcndung des RK Illtals ein Gl\u00fccksfall und eine echte Bereicherung. <\/p>\n\n\n<div class=\"wp-block-image\">\n<figure class=\"aligncenter size-large\"><img loading=\"lazy\" decoding=\"async\" width=\"644\" height=\"438\" src=\"https:\/\/echta-derminga.de\/wp-content\/uploads\/2018\/08\/Panzer-Dirmingen-Kopie-644x438.jpeg\" alt=\"\" class=\"wp-image-2018\" srcset=\"https:\/\/echta-derminga.de\/wp-content\/uploads\/2018\/08\/Panzer-Dirmingen-Kopie-644x438.jpeg 644w, https:\/\/echta-derminga.de\/wp-content\/uploads\/2018\/08\/Panzer-Dirmingen-Kopie-300x204.jpeg 300w, https:\/\/echta-derminga.de\/wp-content\/uploads\/2018\/08\/Panzer-Dirmingen-Kopie.jpeg 700w\" sizes=\"auto, (max-width: 644px) 100vw, 644px\" \/><figcaption class=\"wp-element-caption\">Taufe des Panzers &#8222;Dirmingen&#8220;<\/figcaption><\/figure>\n<\/div>\n\n\n<p class=\"has-medium-font-size wp-block-paragraph\"><strong>Im Jahre 1983 wurde ein gepanzerter R\u00e4derwagen der 1.Escadron de Cuirassiers, aus der Kaserne St. Wendel, auf den Namen &#8222;Dirmingen&#8220; getauft. Zu den Tauffeierlichkeiten, am Reservistenheim in Dirmingen, waren damals zahlreiche Schaulustige aus der gesamten Region erschienen. Darunter waren etliche franz\u00f6sische Soldaten aus St. Wendel und Reservisten der Illtal-Kameradschaft zu den Feierlichkeiten gekommen. Als Taufpatin fungierte die Gesch\u00e4ftsf\u00fchrerin der einheimischen Sch\u00e4fer Brauerei Frau Luise Br\u00fcck. Unter dem Beifall der zahlreichen Schaulustigen vollzog Frau Br\u00fcck mit einer Flasche Champagner die Taufzeremonie. Der damalige Dirminger Ortsvorsteher Gerhard Wagner lobte schon damals zu Recht das gute Verh\u00e4ltnis zwischen der franz\u00f6sischen Armee und der deutschen Reservistenkameradschaft Illtal.<\/strong> <strong>Mit der Schlie\u00dfung der franz\u00f6sischen Kaserne in St. Wendel wurde es schwierig eine Freundschaft aufrecht zu halten. Mit dem Ende der Wehrpflicht haben es die Reservistenverb\u00e4nde in unserem Land schwerer den Kurs zu halten.<\/strong> <strong>Dennoch finden sich immer noch engagierte M\u00e4nner, die bereit sind in der RK Illtal Verantwortung zu \u00fcbernehmen. Dies spiegelt sich in einer guten Zusammenarbeit. Bis heute beteiligen sich die Kameraden der RK Illtal am Volkstrauertag an der j\u00e4hrlichen Kranzniederlegung am Dirminger Mahnmal. Gut so , danke f\u00fcr das Ehrenamt und die Haltung !<\/strong><\/p>\n","protected":false},"excerpt":{"rendered":"<p>Die Reservistenkameradschaft Illtal ist seit vielen Jahrzehnten ein Bestandteil unserer Dorfgemeinschaft. Die Dachorganisation der Landesgruppe Saar des Verbandes der Reservisten der Deutschen Bundeswehr entstand, als die ersten jungen M\u00e4nner des Saarlandes im Jahre 1958 aus der Bundeswehr entlassen wurden. Am 18. Januar 1962 wurde der RK Illingen und am 18. Oktober des gleichen Jahres die RK Eppelborn als Reservistengruppe eingetragen.<\/p>\n","protected":false},"author":1,"featured_media":13811,"comment_status":"open","ping_status":"closed","sticky":false,"template":"","format":"standard","meta":{"_crdt_document":"","footnotes":""},"categories":[1,9,8],"tags":[5,618,127,1021,1020,310],"class_list":["post-13796","post","type-post","status-publish","format-standard","has-post-thumbnail","hentry","category-allgemein","category-dorfgetratsche","category-sellemols-und-awweile","tag-dirmingen","tag-gemeinde-eppelborn","tag-landkreis-neunkirchen","tag-reservistenkameradschaft","tag-rk-illtal","tag-saarland"],"_links":{"self":[{"href":"https:\/\/echta-derminga.de\/index.php?rest_route=\/wp\/v2\/posts\/13796","targetHints":{"allow":["GET"]}}],"collection":[{"href":"https:\/\/echta-derminga.de\/index.php?rest_route=\/wp\/v2\/posts"}],"about":[{"href":"https:\/\/echta-derminga.de\/index.php?rest_route=\/wp\/v2\/types\/post"}],"author":[{"embeddable":true,"href":"https:\/\/echta-derminga.de\/index.php?rest_route=\/wp\/v2\/users\/1"}],"replies":[{"embeddable":true,"href":"https:\/\/echta-derminga.de\/index.php?rest_route=%2Fwp%2Fv2%2Fcomments&post=13796"}],"version-history":[{"count":14,"href":"https:\/\/echta-derminga.de\/index.php?rest_route=\/wp\/v2\/posts\/13796\/revisions"}],"predecessor-version":[{"id":13827,"href":"https:\/\/echta-derminga.de\/index.php?rest_route=\/wp\/v2\/posts\/13796\/revisions\/13827"}],"wp:featuredmedia":[{"embeddable":true,"href":"https:\/\/echta-derminga.de\/index.php?rest_route=\/wp\/v2\/media\/13811"}],"wp:attachment":[{"href":"https:\/\/echta-derminga.de\/index.php?rest_route=%2Fwp%2Fv2%2Fmedia&parent=13796"}],"wp:term":[{"taxonomy":"category","embeddable":true,"href":"https:\/\/echta-derminga.de\/index.php?rest_route=%2Fwp%2Fv2%2Fcategories&post=13796"},{"taxonomy":"post_tag","embeddable":true,"href":"https:\/\/echta-derminga.de\/index.php?rest_route=%2Fwp%2Fv2%2Ftags&post=13796"}],"curies":[{"name":"wp","href":"https:\/\/api.w.org\/{rel}","templated":true}]}}