{"id":13800,"date":"2022-10-21T18:03:07","date_gmt":"2022-10-21T17:03:07","guid":{"rendered":"https:\/\/echta-derminga.de\/?p=13800"},"modified":"2022-10-22T09:08:21","modified_gmt":"2022-10-22T08:08:21","slug":"in-sachen-ortsvorsteher-5","status":"publish","type":"post","link":"https:\/\/echta-derminga.de\/?p=13800","title":{"rendered":"In Sachen Ortsvorsteher: Von der 276.&#8220;Derminga Kerb, lustigen &#8222;Rommelbooze&#8220;, wichtigen Stra\u00dfensanierungen und gro\u00dfen Pl\u00e4nen"},"content":{"rendered":"\n<p class=\"has-medium-font-size wp-block-paragraph\"><strong>Liebe Landleute, die 276. &#8222;Derminga Kerb&#8220; wird am Samstag, 22.10.22 um 16:00 Uhr am &#8222;Kl\u00e4se Keller&#8220; in der Ortsmitte ausgegraben. Bereits um 14:00 Uhr findet in der evangelischen Kirche in Dirmingen ein Kirchweih-Gottesdienst statt. Die &#8222;Derminga Kerb&#8220; bezieht sich mit Sicherheit auf die Einweihung der evangelischen Stengelkirche in der Ortsmitte. Seit dem Einweihungsjahr 1746 wird in Dirmingen nachweislich Kirmes gefeiert. Unsere Kirmes geh\u00f6rt zu den \u00e4ltesten und traditionsreichsten Kirmessen im Illtal. In diesem Jahr gibt es in Dirmingen eine Besonderheit: Unsere katholische Kirchengemeinde Dirmingen feiert am gleichen Wochenende ihr Patronatsfest. Es kommt selten vor, dass diese beiden Feierlichkeiten zusammenfallen. Ich w\u00fcnsche allen Dirmingerinnen und Dirmingern mit der &#8222;Kerb&#8220; ein sch\u00f6nes Volksfest mit netten Begegnungen und vielen sch\u00f6nen Momenten. Bitte unterst\u00fctzen Sie die Schausteller auf dem Festplatz und unsere Gastronomie.<\/strong><\/p>\n\n\n\n<div class=\"wp-block-columns is-layout-flex wp-container-core-columns-is-layout-8f761849 wp-block-columns-is-layout-flex\">\n<div class=\"wp-block-column is-layout-flow wp-block-column-is-layout-flow\">\n<figure class=\"wp-block-image size-large\"><img loading=\"lazy\" decoding=\"async\" width=\"700\" height=\"525\" src=\"https:\/\/echta-derminga.de\/wp-content\/uploads\/2021\/10\/06-700x525.jpg\" alt=\"\" class=\"wp-image-11040\" srcset=\"https:\/\/echta-derminga.de\/wp-content\/uploads\/2021\/10\/06-700x525.jpg 700w, https:\/\/echta-derminga.de\/wp-content\/uploads\/2021\/10\/06-300x225.jpg 300w, https:\/\/echta-derminga.de\/wp-content\/uploads\/2021\/10\/06-768x576.jpg 768w, https:\/\/echta-derminga.de\/wp-content\/uploads\/2021\/10\/06.jpg 1024w\" sizes=\"auto, (max-width: 700px) 100vw, 700px\" \/><\/figure>\n<\/div>\n\n\n\n<div class=\"wp-block-column is-layout-flow wp-block-column-is-layout-flow\">\n<figure class=\"wp-block-image size-large\"><img loading=\"lazy\" decoding=\"async\" width=\"700\" height=\"517\" src=\"https:\/\/echta-derminga.de\/wp-content\/uploads\/2021\/10\/07-700x517.jpg\" alt=\"\" class=\"wp-image-11039\" srcset=\"https:\/\/echta-derminga.de\/wp-content\/uploads\/2021\/10\/07-700x517.jpg 700w, https:\/\/echta-derminga.de\/wp-content\/uploads\/2021\/10\/07-300x221.jpg 300w, https:\/\/echta-derminga.de\/wp-content\/uploads\/2021\/10\/07-768x567.jpg 768w, https:\/\/echta-derminga.de\/wp-content\/uploads\/2021\/10\/07.jpg 810w\" sizes=\"auto, (max-width: 700px) 100vw, 700px\" \/><\/figure>\n<\/div>\n<\/div>\n\n\n\n<p class=\"has-medium-font-size wp-block-paragraph\"><strong>Anl\u00e4sslich der Dirminger Kirmes wird hiermit gem\u00e4\u00df \u00a7 11 Abs. 5 Saarl\u00e4ndisches Gastst\u00e4ttengesetz (SGastG) der Beginn der Sperrstunde in den N\u00e4chten vom:<\/strong> <strong>Samstag, 22.10.2022 zum Sonntag, 23.10.2022 und<\/strong> <strong>Sonntag, 23.10.2022 zum Montag, 24.10.2022<\/strong> <strong>von&nbsp;23.00 Uhr auf&nbsp;jeweils 01.00 Uhr hinausgeschoben.<\/strong> <strong>In der Nacht von Montag, 24.10.2022 zum Dienstag, 25.10.2022 wird die Sperrstunde bis 24.00 Uhr hinausgeschoben.<\/strong> <strong>Zur Gew\u00e4hrleistung einer 8-st\u00fcndigen Nachtruhe f\u00fcr die Anwohner des Kirmesgel\u00e4ndes Dirmingen sind daher unabh\u00e4ngig von dieser Sperrstundenhinausschiebung Musikdarbietungen jeweils ab 24.00 Uhr zu beenden.<\/strong><\/p>\n\n\n\n<p class=\"has-medium-font-size wp-block-paragraph\"><strong>Sanierungsarbeiten in der Hierscheiderstrasse <\/strong><\/p>\n\n\n\n<p class=\"has-medium-font-size wp-block-paragraph\">In absehbarer Zeit wird Abh\u00e4ngig von den Witterungsverh\u00e4ltnissen der Teilabschnitt der \u201eHierscheider Stra\u00dfe\u201c von Hnr. 4 (Einm\u00fcndung Zufahrt Tennisplatz) bis \u201eHierscheider Stra\u00dfe\u201c Hnr. 22 (Kreuzungsbereich Hierscheider Stra\u00dfe \/ Am Hundsberg) im Gemeindebezirk Dirmingen saniert. Ebenso wird im Rahmen dieser Ma\u00dfnahme die Zuwegung zum Tennisplatz sowie zur Boule-Halle saniert. Hierzu wurden im ersten Schritt partielle Sanierungsarbeiten an den Gehwegen, Rinnenb\u00e4nder und Stra\u00dfenabl\u00e4ufen ausgef\u00fchrt. Diese Arbeiten werden unter halbseitiger Sperrung ausgef\u00fchrt. Im zweiten Schritt wird die Fahrbahnsanierung mit Fr\u00e4s- und Asphaltierungsarbeiten durchgef\u00fchrt. W\u00e4hrend&nbsp;dieser Fr\u00e4s- und Asphaltierungsarbeiten muss der betroffene Teilabschnitt der Hierscheider Stra\u00dfe und der Zuwegung zum Tennisplatz voll gesperrt werden. Die Arbeiten beginnen am 17.10.2022 und dauern voraussichtlich Wochen. B\u00fcrgermeister Dr. Andreas Feld bittet alle B\u00fcrgerinnen und B\u00fcrger um Verst\u00e4ndnis f\u00fcr die Unannehmlichkeiten im Zusammenhang mit der Bauma\u00dfnahme. (Quelle : Gemeinde Eppelborn)<\/p>\n\n\n\n<p class=\"has-medium-font-size wp-block-paragraph\"><strong>Rommelbootze musste abgesagt werden !<\/strong><\/p>\n\n\n\n<p class=\"has-medium-font-size wp-block-paragraph\">Das in diesem Jahr geplante &#8222;Rommelbootze- schnitze&#8220; am B\u00fcttelseck wurde aufgrund des schlechten Wetters abgesagt. Die Kinder bekamen jedoch alle ihre &#8222;Rommele&#8220; mit Nachhause um dort im Kreise der Familie zur Tat zu schreiten. Viele Kinder haben mir Fotos von ihren Exemplaren zugesendet. Vielen lieben Dank an alle Kinder und Familien die mitgemacht haben. Tradition verbindet !<\/p>\n\n\n\n<div class=\"wp-block-columns is-layout-flex wp-container-core-columns-is-layout-8f761849 wp-block-columns-is-layout-flex\">\n<div class=\"wp-block-column is-layout-flow wp-block-column-is-layout-flow\">\n<figure class=\"wp-block-image size-full\"><img loading=\"lazy\" decoding=\"async\" width=\"673\" height=\"1197\" src=\"https:\/\/echta-derminga.de\/wp-content\/uploads\/2022\/10\/Sandra.jpg\" alt=\"\" class=\"wp-image-13890\" srcset=\"https:\/\/echta-derminga.de\/wp-content\/uploads\/2022\/10\/Sandra.jpg 673w, https:\/\/echta-derminga.de\/wp-content\/uploads\/2022\/10\/Sandra-169x300.jpg 169w\" sizes=\"auto, (max-width: 673px) 100vw, 673px\" \/><\/figure>\n<\/div>\n\n\n\n<div class=\"wp-block-column is-layout-flow wp-block-column-is-layout-flow\">\n<figure class=\"wp-block-image size-large\"><img loading=\"lazy\" decoding=\"async\" width=\"700\" height=\"1244\" src=\"https:\/\/echta-derminga.de\/wp-content\/uploads\/2022\/10\/005-700x1244.jpg\" alt=\"\" class=\"wp-image-13872\" srcset=\"https:\/\/echta-derminga.de\/wp-content\/uploads\/2022\/10\/005-700x1244.jpg 700w, https:\/\/echta-derminga.de\/wp-content\/uploads\/2022\/10\/005-169x300.jpg 169w, https:\/\/echta-derminga.de\/wp-content\/uploads\/2022\/10\/005-768x1365.jpg 768w, https:\/\/echta-derminga.de\/wp-content\/uploads\/2022\/10\/005-864x1536.jpg 864w, https:\/\/echta-derminga.de\/wp-content\/uploads\/2022\/10\/005.jpg 1080w\" sizes=\"auto, (max-width: 700px) 100vw, 700px\" \/><\/figure>\n<\/div>\n\n\n\n<div class=\"wp-block-column is-layout-flow wp-block-column-is-layout-flow\">\n<figure class=\"wp-block-image size-large\"><img loading=\"lazy\" decoding=\"async\" width=\"700\" height=\"1182\" src=\"https:\/\/echta-derminga.de\/wp-content\/uploads\/2022\/10\/001-1-700x1182.jpg\" alt=\"\" class=\"wp-image-13868\" srcset=\"https:\/\/echta-derminga.de\/wp-content\/uploads\/2022\/10\/001-1-700x1182.jpg 700w, https:\/\/echta-derminga.de\/wp-content\/uploads\/2022\/10\/001-1-178x300.jpg 178w, https:\/\/echta-derminga.de\/wp-content\/uploads\/2022\/10\/001-1.jpg 735w\" sizes=\"auto, (max-width: 700px) 100vw, 700px\" \/><\/figure>\n<\/div>\n<\/div>\n\n\n\n<p class=\"has-medium-font-size wp-block-paragraph\"><strong>Sanierungarbeiten in der Thalexweilerstrasse vor dem Abschlu\u00df<\/strong><\/p>\n\n\n\n<p class=\"has-medium-font-size wp-block-paragraph\">In der vergangenen Woche wurden die Asphaltarbeiten in der Thalexweilerstrasse durchgef\u00fchrt. Die Bauma\u00dfnahme fand seit Jahren in der Priorit\u00e4tenliste des Ortsrates ihren Platz und war f\u00fcr die Bewohner der Stra\u00dfe enorm wichtig. Gemeinsam mit B\u00fcrgermeister Dr. Andreas Feld und Herrn Lutz von der Gemeinde Eppelborn durfte ich mir ein Bild der sanierten Stra\u00dfe machen. Mit dieser Bauma\u00dfnahme wurde nicht nur f\u00fcr die Sicherheit der Verkehrsteilnehmer sondern auch der Anwohner Sorge getragen.<\/p>\n\n\n<div class=\"wp-block-image\">\n<figure class=\"aligncenter size-large\"><img loading=\"lazy\" decoding=\"async\" width=\"700\" height=\"493\" src=\"https:\/\/echta-derminga.de\/wp-content\/uploads\/2022\/10\/20221013_101550-700x493.jpg\" alt=\"\" class=\"wp-image-13893\" srcset=\"https:\/\/echta-derminga.de\/wp-content\/uploads\/2022\/10\/20221013_101550-700x493.jpg 700w, https:\/\/echta-derminga.de\/wp-content\/uploads\/2022\/10\/20221013_101550-300x211.jpg 300w, https:\/\/echta-derminga.de\/wp-content\/uploads\/2022\/10\/20221013_101550-768x541.jpg 768w, https:\/\/echta-derminga.de\/wp-content\/uploads\/2022\/10\/20221013_101550.jpg 1000w\" sizes=\"auto, (max-width: 700px) 100vw, 700px\" \/><\/figure>\n<\/div>\n\n\n<p class=\"has-medium-font-size wp-block-paragraph\"><strong>Stand der Dinge im  Br\u00fchlpark Dirmingen<\/strong><\/p>\n\n\n\n<p class=\"has-medium-font-size wp-block-paragraph\">Die Arbeiten im Br\u00fchlpark laufen weiterhin auf Hochtouren. Der neue Boulplatz ist so gut wie fertiggestellt. Noch in diesem Jahr k\u00f6nnen ein Gro\u00dfteil der Arbeiten beendet werden. Einzig die neuen Sitzm\u00f6glichkeiten k\u00f6nnen wegen Lieferschwierigkeiten erst im kommenden Jahr aufgebaut werden. Ich bin \u00fcberzeugt davon, dass unser Br\u00fchlpark mit diesen Umbauarbeiten eine enorm Aufwertung erf\u00e4hrt.<\/p>\n\n\n<div class=\"wp-block-image\">\n<figure class=\"aligncenter size-large\"><img loading=\"lazy\" decoding=\"async\" width=\"700\" height=\"323\" src=\"https:\/\/echta-derminga.de\/wp-content\/uploads\/2022\/10\/20221011_161057-700x323.jpg\" alt=\"\" class=\"wp-image-13894\" srcset=\"https:\/\/echta-derminga.de\/wp-content\/uploads\/2022\/10\/20221011_161057-700x323.jpg 700w, https:\/\/echta-derminga.de\/wp-content\/uploads\/2022\/10\/20221011_161057-300x139.jpg 300w, https:\/\/echta-derminga.de\/wp-content\/uploads\/2022\/10\/20221011_161057-768x355.jpg 768w, https:\/\/echta-derminga.de\/wp-content\/uploads\/2022\/10\/20221011_161057-1536x710.jpg 1536w, https:\/\/echta-derminga.de\/wp-content\/uploads\/2022\/10\/20221011_161057-2048x946.jpg 2048w\" sizes=\"auto, (max-width: 700px) 100vw, 700px\" \/><\/figure>\n<\/div>\n\n\n<p class=\"has-medium-font-size wp-block-paragraph\"><strong>Grandioser Irischer Abend<\/strong> <strong>in der &#8222;Alten Scheune&#8220;<\/strong><\/p>\n\n\n\n<p class=\"has-medium-font-size wp-block-paragraph\">Die Kulturaner blicken mit stolz auf den diesj\u00e4hrigen &#8222;Irischen Abend&#8220; 2022 am Freitag, 14. Oktober zur\u00fcck. In der &#8222;Alten Scheune&#8220; Dirmingen herrschte bei der Musik der Band &#8222;The Durty Nellys&#8220; eine tolle Stimmung. F\u00fcr unseren Kulturverein begann mit dieser Veranstaltung ein hei\u00dfer Herbst und arbeitsreicher Winter. Es folgt die &#8222;Kerb&#8220;, dann der Weihnachtsmarkt und schlie\u00dflich unsere Weihnachtsbaumaktion. Viel Arbeit zum Wohle unseres Heimatortes Dirmingen. Danke an alle G\u00e4ste sowie insbesondere an alle Helferinnen und Helfer. Einer f\u00fcr alle, alle f\u00fcr einen !<\/p>\n\n\n<div class=\"wp-block-image\">\n<figure class=\"aligncenter size-large\"><img loading=\"lazy\" decoding=\"async\" width=\"700\" height=\"441\" src=\"https:\/\/echta-derminga.de\/wp-content\/uploads\/2022\/10\/311486740_208505328192816_246718451698005337_n-Kopie-700x441.jpg\" alt=\"\" class=\"wp-image-13895\" srcset=\"https:\/\/echta-derminga.de\/wp-content\/uploads\/2022\/10\/311486740_208505328192816_246718451698005337_n-Kopie-700x441.jpg 700w, https:\/\/echta-derminga.de\/wp-content\/uploads\/2022\/10\/311486740_208505328192816_246718451698005337_n-Kopie-300x189.jpg 300w, https:\/\/echta-derminga.de\/wp-content\/uploads\/2022\/10\/311486740_208505328192816_246718451698005337_n-Kopie-768x484.jpg 768w, https:\/\/echta-derminga.de\/wp-content\/uploads\/2022\/10\/311486740_208505328192816_246718451698005337_n-Kopie.jpg 1000w\" sizes=\"auto, (max-width: 700px) 100vw, 700px\" \/><\/figure>\n<\/div>\n\n\n<p class=\"has-medium-font-size wp-block-paragraph\"><strong>Unterst\u00fctzung des Wanderfestes in  Bubach\/Calmesweiler<\/strong><\/p>\n\n\n\n<p class=\"has-medium-font-size wp-block-paragraph\">Eine kommunalpolitische Zusammenarbeit ist mir auch \u00fcber Parteigrenzen hinaus sehr wichtig. Von daher war es mir eine Ehre dem Ortsvorsteher von Bubach\/ Calmesweiler Sebastian Michel und dem F\u00f6rderverein des SV Bubach\/Calmesweiler bei ihrem Wanderfest am Samstag, 15. Oktober zu helfen. Auch der Ober-Kulturaner und Vereinsvorsitzende Reimund Klein packte kr\u00e4ftig mit an. Trotz des m\u00e4\u00dfigen Wetters wurde eine gelungene Veranstaltung durchgef\u00fchrt. Gl\u00fcckwunsch an den Veranstalter und den Ortsvorsteher.<\/p>\n\n\n<div class=\"wp-block-image\">\n<figure class=\"aligncenter size-large\"><img loading=\"lazy\" decoding=\"async\" width=\"700\" height=\"494\" src=\"https:\/\/echta-derminga.de\/wp-content\/uploads\/2022\/10\/IMG-20221017-WA0033-700x494.jpg\" alt=\"\" class=\"wp-image-13896\" srcset=\"https:\/\/echta-derminga.de\/wp-content\/uploads\/2022\/10\/IMG-20221017-WA0033-700x494.jpg 700w, https:\/\/echta-derminga.de\/wp-content\/uploads\/2022\/10\/IMG-20221017-WA0033-300x212.jpg 300w, https:\/\/echta-derminga.de\/wp-content\/uploads\/2022\/10\/IMG-20221017-WA0033-768x542.jpg 768w, https:\/\/echta-derminga.de\/wp-content\/uploads\/2022\/10\/IMG-20221017-WA0033-1536x1083.jpg 1536w, https:\/\/echta-derminga.de\/wp-content\/uploads\/2022\/10\/IMG-20221017-WA0033.jpg 1631w\" sizes=\"auto, (max-width: 700px) 100vw, 700px\" \/><\/figure>\n<\/div>\n\n\n<p class=\"has-medium-font-size wp-block-paragraph\"><strong>Hilde Heintz feiert 90. Wiegenfest<\/strong><\/p>\n\n\n\n<p class=\"has-medium-font-size wp-block-paragraph\">Hilde Heintz feierte am 05. Oktober ihr nunmehr 90. Wiegenfest. Im Kreise der Familie und zahlreicher Freunde und Bekannte wurde im Landhotel Finkenrech ausgiebig gefeiert. Gerne \u00fcberbrachte ich neben meinen pers\u00f6nlichen Gl\u00fcckw\u00fcnschen auch die Geburtstagsgr\u00fc\u00dfe unseres B\u00fcrgermeisters Dr. Andreas Feld, des Landrates S\u00f6ren Meng und der Ministerpr\u00e4sidentin Anke Rehlinger. Auch an dieser Stelle w\u00fcnsche ich Hilde Heintz alles erdenklich Gute sowie viel Gl\u00fcck und Gesundheit.<\/p>\n\n\n<div class=\"wp-block-image\">\n<figure class=\"aligncenter size-large\"><img loading=\"lazy\" decoding=\"async\" width=\"700\" height=\"653\" src=\"https:\/\/echta-derminga.de\/wp-content\/uploads\/2022\/10\/20221005_154123-700x653.jpg\" alt=\"\" class=\"wp-image-13898\" srcset=\"https:\/\/echta-derminga.de\/wp-content\/uploads\/2022\/10\/20221005_154123-700x653.jpg 700w, https:\/\/echta-derminga.de\/wp-content\/uploads\/2022\/10\/20221005_154123-300x280.jpg 300w, https:\/\/echta-derminga.de\/wp-content\/uploads\/2022\/10\/20221005_154123-768x716.jpg 768w, https:\/\/echta-derminga.de\/wp-content\/uploads\/2022\/10\/20221005_154123-1536x1433.jpg 1536w, https:\/\/echta-derminga.de\/wp-content\/uploads\/2022\/10\/20221005_154123.jpg 1740w\" sizes=\"auto, (max-width: 700px) 100vw, 700px\" \/><\/figure>\n<\/div>\n\n\n<p class=\"has-medium-font-size wp-block-paragraph\"><strong>Elsbeth Thielen<\/strong> <strong>feiert 98. Geburtstag<\/strong><\/p>\n\n\n\n<p class=\"has-medium-font-size wp-block-paragraph\">Am Samstag, 15. Oktober 2022 feierte die Dirmingerin Elsbeth Thielen ihr nunmehr 98. Wiegenfest. Nach meinen Recherchen d\u00fcrfte Sie die aktuell \u00e4lteste Dirminger B\u00fcrgerin sein. Die gelernte Fleischfachverk\u00e4uferin hat ihre Lehre noch in der altehrw\u00fcrdigen Fleischerei Eichner absolviert. Als Verk\u00e4uferin war Sie sogar bis zum Ende in der alten ASKO- Filiale in der Ortsmitte t\u00e4tig. Heute ist sie stolze Gro\u00dfmutter von 5 Enkeln, 8 Ur-Enkeln und 2 ur-ur-Enkeln. Gemeinsam mit ihrem Neffen Hans-Werner Thul besuchte ich die Dirmingerin im ASB Seniorenzentrum Illingen und \u00fcberbrachte neben meinen pers\u00f6nlichen Gl\u00fcckw\u00fcnschen die Gratulation des B\u00fcrgermeisters und des Ortsrates. Liebe Frau Elsbeth Thielen, ich w\u00fcnsche auch an dieser Stelle alles erdenklich Gute.<\/p>\n\n\n<div class=\"wp-block-image\">\n<figure class=\"aligncenter size-large\"><img loading=\"lazy\" decoding=\"async\" width=\"700\" height=\"924\" src=\"https:\/\/echta-derminga.de\/wp-content\/uploads\/2022\/10\/Els-700x924.jpg\" alt=\"\" class=\"wp-image-13899\" srcset=\"https:\/\/echta-derminga.de\/wp-content\/uploads\/2022\/10\/Els-700x924.jpg 700w, https:\/\/echta-derminga.de\/wp-content\/uploads\/2022\/10\/Els-227x300.jpg 227w, https:\/\/echta-derminga.de\/wp-content\/uploads\/2022\/10\/Els.jpg 731w\" sizes=\"auto, (max-width: 700px) 100vw, 700px\" \/><\/figure>\n<\/div>\n\n\n<p class=\"has-medium-font-size wp-block-paragraph\"><strong>Lukaskreuz<\/strong> <strong>wird weiter aufgewertet <\/strong><\/p>\n\n\n\n<p class=\"has-medium-font-size wp-block-paragraph\">Das auf dem Belker befindliche neue Lukaskreuz wurde inzwischen von Herrn Georg Kleer um zwei Sitzm\u00f6glichkeiten aufgewertet. Dem Besucher ist somit die M\u00f6glichkeit gegeben an dem Kreuz zur Ruhe und zur inneren Einkehr zu finden. Ich danke Herrn Kleer f\u00fcr diese weitere Aufwertung auf dem Dirminger Belker. Vielleicht nutzen Sie einmal einen Spaziergang zu dem neuen Lukaskreuz auf dem Belker. Es lohnt sich !<\/p>\n\n\n<div class=\"wp-block-image\">\n<figure class=\"aligncenter size-large\"><img loading=\"lazy\" decoding=\"async\" width=\"700\" height=\"910\" src=\"https:\/\/echta-derminga.de\/wp-content\/uploads\/2022\/10\/IMG-20221009-WA0002-700x910.jpg\" alt=\"\" class=\"wp-image-13900\" srcset=\"https:\/\/echta-derminga.de\/wp-content\/uploads\/2022\/10\/IMG-20221009-WA0002-700x910.jpg 700w, https:\/\/echta-derminga.de\/wp-content\/uploads\/2022\/10\/IMG-20221009-WA0002-231x300.jpg 231w, https:\/\/echta-derminga.de\/wp-content\/uploads\/2022\/10\/IMG-20221009-WA0002-768x998.jpg 768w, https:\/\/echta-derminga.de\/wp-content\/uploads\/2022\/10\/IMG-20221009-WA0002.jpg 875w\" sizes=\"auto, (max-width: 700px) 100vw, 700px\" \/><\/figure>\n<\/div>\n\n\n<p class=\"has-medium-font-size wp-block-paragraph\"><strong>Neuer &#8222;Streetbudy&#8220; in der Dirminger Ortsmitte<\/strong><\/p>\n\n\n\n<p class=\"has-medium-font-size wp-block-paragraph\">In der vergangenen Woche wurde ein neuer &#8222;Streetbudys&#8220; in der Ortsmitte angebracht. Mittlerweile wurden 8 solcher Warnfiguren an verschiedenen Stellen im Dorf aufgestellt. Allein die Sicherheit unserer Kinder ist uns diesen Aufwand Wert. Vielen Dank an Stefan Resch f\u00fcr seine wertvolle Unterst\u00fctzung. Danke an alle Helferinnen und Helfer, alle helfenden B\u00fcrgerinnen und B\u00fcrger sowie an alle Sponsoren.<\/p>\n\n\n<div class=\"wp-block-image\">\n<figure class=\"aligncenter size-large\"><img loading=\"lazy\" decoding=\"async\" width=\"700\" height=\"1088\" src=\"https:\/\/echta-derminga.de\/wp-content\/uploads\/2022\/10\/20221019_153213-700x1088.jpg\" alt=\"\" class=\"wp-image-13902\" srcset=\"https:\/\/echta-derminga.de\/wp-content\/uploads\/2022\/10\/20221019_153213-700x1088.jpg 700w, https:\/\/echta-derminga.de\/wp-content\/uploads\/2022\/10\/20221019_153213-193x300.jpg 193w, https:\/\/echta-derminga.de\/wp-content\/uploads\/2022\/10\/20221019_153213-768x1194.jpg 768w, https:\/\/echta-derminga.de\/wp-content\/uploads\/2022\/10\/20221019_153213.jpg 900w\" sizes=\"auto, (max-width: 700px) 100vw, 700px\" \/><\/figure>\n<\/div>\n\n\n<p class=\"has-medium-font-size wp-block-paragraph\"><strong>Unsere G\u00e4ste aus der Ukraine packen mit an ! <\/strong><\/p>\n\n\n\n<p class=\"has-medium-font-size wp-block-paragraph\">Unser Bankpate Josef Wilhelm verrichtet neben seiner ehrenamtlichen T\u00e4tigkeit im Bankpatenprojekt wertvolle Arbeit in unserem Dorf. In der vergangenen Woche bekam Josef Wilhelm wichtige Unterst\u00fctzung von zwei Ukrainern die inzwischen in Dirmingen leben. Ich finde es sehr lobenswert und vor allen Dingen erw\u00e4hnenswert, dass sich unsere G\u00e4ste aktiv in unserem Ortsgeschehen beteiligen.<\/p>\n\n\n\n<p class=\"has-medium-font-size wp-block-paragraph\"><strong>Weihnachtsmarkt<\/strong> <strong>wird ausgerichtet !<\/strong><\/p>\n\n\n\n<p class=\"has-medium-font-size wp-block-paragraph\">Der Kulturverein Dirmingen hat in seiner letzten Sitzung mit den Vereinen beschlossen, dass der &#8222;Mittelalterliche Weihnachtsmarkt&#8220;, nach einer pandemiebedingten Pause, in diesem Jahr endlich wieder durchgef\u00fchrt wird. Eine gute Nachricht f\u00fcr unsere Dorfgemeinschaft und die Menschen in unserem Ort. Der Markt wird wie gewohnt am ersten Adventswochenende stattfinden.<\/p>\n\n\n<div class=\"wp-block-image\">\n<figure class=\"aligncenter size-full\"><img loading=\"lazy\" decoding=\"async\" width=\"600\" height=\"847\" src=\"https:\/\/echta-derminga.de\/wp-content\/uploads\/2018\/11\/2012_weihnachtsmarkt_plakat_600_001.jpg\" alt=\"\" class=\"wp-image-2606\" srcset=\"https:\/\/echta-derminga.de\/wp-content\/uploads\/2018\/11\/2012_weihnachtsmarkt_plakat_600_001.jpg 600w, https:\/\/echta-derminga.de\/wp-content\/uploads\/2018\/11\/2012_weihnachtsmarkt_plakat_600_001-213x300.jpg 213w\" sizes=\"auto, (max-width: 600px) 100vw, 600px\" \/><\/figure>\n<\/div>\n\n\n<p class=\"has-medium-font-size wp-block-paragraph\"><strong>Missmut wegen fehlender Zustellung von Gemeindebl\u00e4ttern <\/strong><\/p>\n\n\n\n<p class=\"has-medium-font-size wp-block-paragraph\">In den letzten Wochen oder sogar Monaten wurden immer wieder zahlreiche Gemeindebl\u00e4tter nicht ordnungsgem\u00e4\u00df zugestellt. Zahlreiche B\u00fcrgerinnen und B\u00fcrger hatten sich diesbez\u00fcglich bei mir beschwert. Nach einem Telefonat mit unserem B\u00fcrgermeister hat die Gemeindeverwaltung Kontakt zu dem zust\u00e4ndigen Wittich Verlag aufgenommen. Der Verlag sagte umgehend zu, dieses Problem zu beheben. Diejenigen B\u00fcrgerinnen und B\u00fcrger die zuletzt kein Gemeindeblatt bekommen haben, werden gebeten den Kontakt mit dem Wittich Verlag aufzunehmen. Inzwischen werden neue Zusteller f\u00fcr die entsprechenden Sprengel gesucht.<\/p>\n\n\n<div class=\"wp-block-image\">\n<figure class=\"aligncenter size-full\"><img loading=\"lazy\" decoding=\"async\" width=\"637\" height=\"901\" src=\"https:\/\/echta-derminga.de\/wp-content\/uploads\/2022\/10\/wittich.png\" alt=\"\" class=\"wp-image-13905\" srcset=\"https:\/\/echta-derminga.de\/wp-content\/uploads\/2022\/10\/wittich.png 637w, https:\/\/echta-derminga.de\/wp-content\/uploads\/2022\/10\/wittich-212x300.png 212w\" sizes=\"auto, (max-width: 637px) 100vw, 637px\" \/><\/figure>\n<\/div>\n\n\n<p class=\"has-medium-font-size wp-block-paragraph\"><strong>Liebe Landsleute, der Herbst bringt viele Veranstaltungen mit sich und l\u00e4dt uns dazu ein, trotz der noch anhaltenden Pandemie, dass Leben zu genie\u00dfen. Am 11. November findet das Ehrenamtsfest in der &#8222;Alten Scheune&#8220; statt. Bereits einen Tag sp\u00e4ter am 12. November wird unsere Kolpingfamilie endlich wieder einen Martinsumzug durchf\u00fchren. Am 19. November findet im Eppelborner &#8222;big Epple&#8220; eine Novembernacht mit saarl\u00e4ndischen K\u00fcnstlern statt. Darunter befinden sich mit timo Br\u00fcck, AVA und Perlregen auch einige Dirminger K\u00fcnstler. Unser KKV Dirmingen feiert in diesem Jahr das Jubil\u00e4um zu 6 x 11 + 2 in der Borrwieshalle. Diese Jubil\u00e4umsfeier mit Live-Musik findet am 19.11.2022 um 17:30 Uhr statt. Die Bev\u00f6lkerung ist herzlich eingeladen.<\/strong><\/p>\n\n\n\n<p class=\"has-medium-font-size wp-block-paragraph\">Ich w\u00fcnsche Ihnen bei allem was Sie tun und lassen viel Spa\u00df und Erfolg !<\/p>\n\n\n\n<p class=\"has-medium-font-size wp-block-paragraph\">Ihr Ortsvorsteher<\/p>\n\n\n\n<p class=\"has-medium-font-size wp-block-paragraph\">Frank Klein <\/p>\n\n\n\n<div class=\"wp-block-columns is-layout-flex wp-container-core-columns-is-layout-8f761849 wp-block-columns-is-layout-flex\">\n<div class=\"wp-block-column is-layout-flow wp-block-column-is-layout-flow\">\n<figure class=\"wp-block-image size-large\"><img loading=\"lazy\" decoding=\"async\" width=\"700\" height=\"528\" src=\"https:\/\/echta-derminga.de\/wp-content\/uploads\/2022\/10\/FB_IMG_1666241638747-700x528.jpg\" alt=\"\" class=\"wp-image-13906\" srcset=\"https:\/\/echta-derminga.de\/wp-content\/uploads\/2022\/10\/FB_IMG_1666241638747-700x528.jpg 700w, https:\/\/echta-derminga.de\/wp-content\/uploads\/2022\/10\/FB_IMG_1666241638747-300x226.jpg 300w, https:\/\/echta-derminga.de\/wp-content\/uploads\/2022\/10\/FB_IMG_1666241638747-768x579.jpg 768w, https:\/\/echta-derminga.de\/wp-content\/uploads\/2022\/10\/FB_IMG_1666241638747.jpg 1080w\" sizes=\"auto, (max-width: 700px) 100vw, 700px\" \/><\/figure>\n<\/div>\n\n\n\n<div class=\"wp-block-column is-layout-flow wp-block-column-is-layout-flow\">\n<figure class=\"wp-block-image size-large\"><img loading=\"lazy\" decoding=\"async\" width=\"700\" height=\"983\" src=\"https:\/\/echta-derminga.de\/wp-content\/uploads\/2022\/10\/IMG-20221003-WA0000-700x983.jpg\" alt=\"\" class=\"wp-image-13907\" srcset=\"https:\/\/echta-derminga.de\/wp-content\/uploads\/2022\/10\/IMG-20221003-WA0000-700x983.jpg 700w, https:\/\/echta-derminga.de\/wp-content\/uploads\/2022\/10\/IMG-20221003-WA0000-214x300.jpg 214w, https:\/\/echta-derminga.de\/wp-content\/uploads\/2022\/10\/IMG-20221003-WA0000-768x1079.jpg 768w, https:\/\/echta-derminga.de\/wp-content\/uploads\/2022\/10\/IMG-20221003-WA0000-1093x1536.jpg 1093w, https:\/\/echta-derminga.de\/wp-content\/uploads\/2022\/10\/IMG-20221003-WA0000.jpg 1139w\" sizes=\"auto, (max-width: 700px) 100vw, 700px\" \/><\/figure>\n<\/div>\n<\/div>\n","protected":false},"excerpt":{"rendered":"<p>Liebe Landleute, die 276. &#8222;Derminga Kerb&#8220; wird am Samstag, 22.10.22 um 16:00 Uhr am &#8222;Kl\u00e4se Keller&#8220; in der Ortsmitte ausgegraben. Bereits um 14:00 Uhr findet in der evangelischen Kirche in Dirmingen ein Kirchweih-Gottesdienst statt. Die &#8222;Derminga Kerb&#8220; bezieht sich mit Sicherheit auf die Einweihung der evangelischen Stengelkirche in der Ortsmitte. Seit dem Einweihungsjahr 1746 wird in Dirmingen nachweislich Kirmes gefeiert.<\/p>\n","protected":false},"author":1,"featured_media":11015,"comment_status":"open","ping_status":"closed","sticky":false,"template":"","format":"standard","meta":{"_crdt_document":"","footnotes":""},"categories":[1,812],"tags":[5,618,127,634,795,310],"class_list":["post-13800","post","type-post","status-publish","format-standard","has-post-thumbnail","hentry","category-allgemein","category-ortsvorsteher-dirmingen","tag-dirmingen","tag-gemeinde-eppelborn","tag-landkreis-neunkirchen","tag-ortsvorsteher","tag-ortsvorsteher-dirmingen","tag-saarland"],"_links":{"self":[{"href":"https:\/\/echta-derminga.de\/index.php?rest_route=\/wp\/v2\/posts\/13800","targetHints":{"allow":["GET"]}}],"collection":[{"href":"https:\/\/echta-derminga.de\/index.php?rest_route=\/wp\/v2\/posts"}],"about":[{"href":"https:\/\/echta-derminga.de\/index.php?rest_route=\/wp\/v2\/types\/post"}],"author":[{"embeddable":true,"href":"https:\/\/echta-derminga.de\/index.php?rest_route=\/wp\/v2\/users\/1"}],"replies":[{"embeddable":true,"href":"https:\/\/echta-derminga.de\/index.php?rest_route=%2Fwp%2Fv2%2Fcomments&post=13800"}],"version-history":[{"count":24,"href":"https:\/\/echta-derminga.de\/index.php?rest_route=\/wp\/v2\/posts\/13800\/revisions"}],"predecessor-version":[{"id":13923,"href":"https:\/\/echta-derminga.de\/index.php?rest_route=\/wp\/v2\/posts\/13800\/revisions\/13923"}],"wp:featuredmedia":[{"embeddable":true,"href":"https:\/\/echta-derminga.de\/index.php?rest_route=\/wp\/v2\/media\/11015"}],"wp:attachment":[{"href":"https:\/\/echta-derminga.de\/index.php?rest_route=%2Fwp%2Fv2%2Fmedia&parent=13800"}],"wp:term":[{"taxonomy":"category","embeddable":true,"href":"https:\/\/echta-derminga.de\/index.php?rest_route=%2Fwp%2Fv2%2Fcategories&post=13800"},{"taxonomy":"post_tag","embeddable":true,"href":"https:\/\/echta-derminga.de\/index.php?rest_route=%2Fwp%2Fv2%2Ftags&post=13800"}],"curies":[{"name":"wp","href":"https:\/\/api.w.org\/{rel}","templated":true}]}}