{"id":13803,"date":"2022-10-25T18:36:59","date_gmt":"2022-10-25T17:36:59","guid":{"rendered":"https:\/\/echta-derminga.de\/?p=13803"},"modified":"2022-10-25T18:56:26","modified_gmt":"2022-10-25T17:56:26","slug":"warum-ist-die-derminga-kerb-so-wichtig-fuer-unsere-dorfgemeinschaft","status":"publish","type":"post","link":"https:\/\/echta-derminga.de\/?p=13803","title":{"rendered":"Warum ist die &#8222;Derminga Kerb&#8220; so wichtig f\u00fcr unsere Dorfgemeinschaft ?"},"content":{"rendered":"\n<p class=\"has-medium-font-size wp-block-paragraph\"><strong>&#8222;Wem is die Kerb? Uus&#8220;! Die diesj\u00e4hrige 276. &#8222;Derminga Kerb&#8220; sorgte vielerorts f\u00fcr Begeisterung. Dabei schafft es unsere kleine, schnuckelige &#8222;Kerb&#8220; immer wieder moderne Unterhaltungsmetoden mit uralten Traditionen zu verbinden. An drei Festtagen wurde nicht nur auf dem Festplatz sondern auch in den Dirminger Gastst\u00e4tten, im Belkerstadion und in den privaten Unterk\u00fcnften und H\u00e4usern gefeiert. Ja genau, richtig gelesen: Auch dieser alte Brauchtum ist l\u00e4ngst noch nicht ausgestorben und erfreut sich neuer Beliebtheit. Immer mehr Leute feiern die Kirmes auch Zuhause, in den eigenen vier W\u00e4nden. Dabei darf zur &#8222;Kerb&#8220; der selbstgebackene \u201eKerwekuche\u201c nicht fehlen. Noch heute sitzen viele Familien am &#8222;Kerwesonntag&#8220; zusammen um gemeinsam zu feiern. Die allermeisten dieser Familienfeiern enden mit einem Besuch auf dem Festplatz. Tradition verbindet nicht nur in unseren Familien sondern auch in unserer Dorfgemeinschaft. Unsere \u201eKerb\u201c geh\u00f6rt zu den \u00e4ltesten Dorffesten unserer Gemeinde und ist bis heute gepr\u00e4gt von uralten Traditionen. Vermutlich wurde schon vor dem Kirchweihfest unserer Stengelkirche, im Jahre 1746, in Dirmingen Kirmes gefeiert. In unseren Quellen gibt es Hinweise die darauf deuten, dass schon im 17.Jahrhundert unmittelbar nach dem 30-j\u00e4hrigen Krieg, Kirmes gefeiert wurde. Wann und in welcher Form dieses Fest ausgerichtet wurde ist nicht zu belegen. Alte Verse und Tanzlieder zeigen uns jedoch ganz deutlich das unsere Kerb auf eine lange Geschichte blickt.<\/strong><\/p>\n\n\n\n<div class=\"wp-block-columns is-layout-flex wp-container-core-columns-is-layout-8f761849 wp-block-columns-is-layout-flex\">\n<div class=\"wp-block-column is-layout-flow wp-block-column-is-layout-flow\">\n<figure class=\"wp-block-image size-full\"><img loading=\"lazy\" decoding=\"async\" width=\"600\" height=\"407\" src=\"https:\/\/echta-derminga.de\/wp-content\/uploads\/2018\/10\/Kerb-Foto-1.jpg\" alt=\"\" class=\"wp-image-2441\" srcset=\"https:\/\/echta-derminga.de\/wp-content\/uploads\/2018\/10\/Kerb-Foto-1.jpg 600w, https:\/\/echta-derminga.de\/wp-content\/uploads\/2018\/10\/Kerb-Foto-1-300x204.jpg 300w\" sizes=\"auto, (max-width: 600px) 100vw, 600px\" \/><\/figure>\n<\/div>\n\n\n\n<div class=\"wp-block-column is-layout-flow wp-block-column-is-layout-flow\">\n<figure class=\"wp-block-image size-large\"><img loading=\"lazy\" decoding=\"async\" width=\"644\" height=\"415\" src=\"https:\/\/echta-derminga.de\/wp-content\/uploads\/2018\/10\/Echta-2-644x415.jpg\" alt=\"\" class=\"wp-image-2466\" srcset=\"https:\/\/echta-derminga.de\/wp-content\/uploads\/2018\/10\/Echta-2-644x415.jpg 644w, https:\/\/echta-derminga.de\/wp-content\/uploads\/2018\/10\/Echta-2-300x193.jpg 300w, https:\/\/echta-derminga.de\/wp-content\/uploads\/2018\/10\/Echta-2-768x494.jpg 768w, https:\/\/echta-derminga.de\/wp-content\/uploads\/2018\/10\/Echta-2.jpg 800w\" sizes=\"auto, (max-width: 644px) 100vw, 644px\" \/><\/figure>\n<\/div>\n<\/div>\n\n\n\n<p class=\"has-medium-font-size wp-block-paragraph\">An der \u201eDerminga Kerb\u201c feiern wir die Kirchweihe der heutigen evangelischen Kirche zu Dirmingen in der Ortsmitte. Fakt ist, die \u201eDerminga Kerb\u201c ist kein Patronatsfest und hat auch nichts mit dem Patroziniumstag der hiesigen St. Wendalinusgemeinde oder der St. Wendler Wendalinuskirmes zu tun. Bis die Reformation im Jahre 1575  Dirmingen erreichte, wurde die Kirche ausschlie\u00dflich von Katholiken benutzt. Danach wurde die Kirche den Protestanten zugesprochen. Im Jahre 1742 wurde das Kirchenschiff polizeilich geschlossen. Die Sicherheit der Kirchg\u00e4nger wurde durch herabfallende Steine gef\u00e4hrdet. Am 27.April des Jahres 1746 wurde der Grundstein f\u00fcr den Neubau der Kirche gelegt. Der Teil des historischen Turmes wurde dabei erhalten. Schon am 06.November 1746, nach einer Bauzeit von nur einem halben Jahr, fand die Kirchweihe statt. Seitdem wird in Dirmingen die \u201eKerb\u201c gefeiert. Die Bev\u00f6lkerung Dirmingens einigte sich im Laufe der Jahre, aufgrund der nicht feststehenden Kalendertage, auf den letzten Oktobersonntag als Kirchweihtag. Das letzte Oktoberwochenende liegt etwa in der Mitte des zeitlich stark schwankenden 27.Trinitatissonntages und bot sich somit als feststehender Termin an. Im Jahre 1968 dachte der Dirminger Gemeinderat kurzzeitig dar\u00fcber nach, die \u201cKerb\u201d vorzuziehen. Der Gemeinderat wollte mit dieser Terminverschiebung dem Patroziniumstag des heiligen Wendalinus, der hiesigen katholischen Wendalinus Pfarrgemeinde, entgegenkommen. Am Ende wurde jedoch am feststehenden Termin im Oktober festgehalten.<\/p>\n\n\n\n<div class=\"wp-block-columns is-layout-flex wp-container-core-columns-is-layout-8f761849 wp-block-columns-is-layout-flex\">\n<div class=\"wp-block-column is-layout-flow wp-block-column-is-layout-flow\">\n<figure class=\"wp-block-image size-large\"><img loading=\"lazy\" decoding=\"async\" width=\"700\" height=\"473\" src=\"https:\/\/echta-derminga.de\/wp-content\/uploads\/2022\/10\/312516896_3380080348981188_8626963819412149003_n-Kopie-700x473.jpg\" alt=\"\" class=\"wp-image-13928\" srcset=\"https:\/\/echta-derminga.de\/wp-content\/uploads\/2022\/10\/312516896_3380080348981188_8626963819412149003_n-Kopie-700x473.jpg 700w, https:\/\/echta-derminga.de\/wp-content\/uploads\/2022\/10\/312516896_3380080348981188_8626963819412149003_n-Kopie-300x203.jpg 300w, https:\/\/echta-derminga.de\/wp-content\/uploads\/2022\/10\/312516896_3380080348981188_8626963819412149003_n-Kopie-768x518.jpg 768w, https:\/\/echta-derminga.de\/wp-content\/uploads\/2022\/10\/312516896_3380080348981188_8626963819412149003_n-Kopie.jpg 1000w\" sizes=\"auto, (max-width: 700px) 100vw, 700px\" \/><figcaption class=\"wp-element-caption\">Endlich wieder Blasmusik zur Ausgrabung der Kerb<\/figcaption><\/figure>\n<\/div>\n\n\n\n<div class=\"wp-block-column is-layout-flow wp-block-column-is-layout-flow\">\n<figure class=\"wp-block-image size-large\"><img loading=\"lazy\" decoding=\"async\" width=\"700\" height=\"579\" src=\"https:\/\/echta-derminga.de\/wp-content\/uploads\/2022\/10\/111-700x579.jpg\" alt=\"\" class=\"wp-image-13927\" srcset=\"https:\/\/echta-derminga.de\/wp-content\/uploads\/2022\/10\/111-700x579.jpg 700w, https:\/\/echta-derminga.de\/wp-content\/uploads\/2022\/10\/111-300x248.jpg 300w, https:\/\/echta-derminga.de\/wp-content\/uploads\/2022\/10\/111-768x635.jpg 768w, https:\/\/echta-derminga.de\/wp-content\/uploads\/2022\/10\/111.jpg 1000w\" sizes=\"auto, (max-width: 700px) 100vw, 700px\" \/><figcaption class=\"wp-element-caption\">Das &#8222;Kerwepaar&#8220; 2022: Charlotte und Luca<\/figcaption><\/figure>\n<\/div>\n<\/div>\n\n\n\n<p class=\"has-medium-font-size wp-block-paragraph\"><strong>In diesem Jahr 2022 durften wir uns w\u00e4hrend den Feierlichkeiten zur 276 &#8222;Kerb&#8220; \u00fcber eine Besonderheit freuen. Erstmals seit vielen Jahren wurde die &#8222;Kerb&#8220; zur gleichen Zeit, wie das tats\u00e4chliche Patronatsfest der katholischen St. Wendalinusgemeinde Dirmingen, ausgetragen. Tats\u00e4chlich gab es Zeiten, in den dar\u00fcber gestritten wurde, warum wir in Dirmingen Kirmes feiern. Anf\u00e4nglich war dies noch den Querelen der beiden in Dirmingen existierenden Kirchengemeinden geschuldet. Sp\u00e4ter nahm sich die Politik dieses Thema zur Brust und vermischte allzu oft Wunschdenken mit Realit\u00e4t. Ich habe l\u00e4ngst das Gef\u00fchl gewonnen, dass den allermeisten Menschen in Dirmingen v\u00f6llig egal ist, warum wir eigentlich Kirmes feiern. Wichtig ist, dass die &#8222;Kerb&#8220; auch zuk\u00fcnftig stattfindet. Es geht also l\u00e4ngst nicht mehr um das eigentliche Kirchweihfest sondern vielmehr um ein Volksfest mit historischen Hintergrund. W\u00fcrde der Kulturverein nicht allzu viel Wert auf den Erhalt alter Traditionen legen, w\u00e4re das allermeisten schon vergessen.<\/strong> <strong>Unsere &#8222;Kerb&#8220; hat in den letzten 276. Jahren einen langen Weg von einem kirchlichen Fest zu einem wahren Volksfest zur\u00fcckgelegt.<\/strong><\/p>\n\n\n\n<div class=\"wp-block-columns is-layout-flex wp-container-core-columns-is-layout-8f761849 wp-block-columns-is-layout-flex\">\n<div class=\"wp-block-column is-layout-flow wp-block-column-is-layout-flow\">\n<figure class=\"wp-block-image size-large\"><img loading=\"lazy\" decoding=\"async\" width=\"700\" height=\"700\" src=\"https:\/\/echta-derminga.de\/wp-content\/uploads\/2022\/10\/FB_IMG_1666514434155-700x700.jpg\" alt=\"\" class=\"wp-image-13929\" srcset=\"https:\/\/echta-derminga.de\/wp-content\/uploads\/2022\/10\/FB_IMG_1666514434155-700x700.jpg 700w, https:\/\/echta-derminga.de\/wp-content\/uploads\/2022\/10\/FB_IMG_1666514434155-300x300.jpg 300w, https:\/\/echta-derminga.de\/wp-content\/uploads\/2022\/10\/FB_IMG_1666514434155-150x150.jpg 150w, https:\/\/echta-derminga.de\/wp-content\/uploads\/2022\/10\/FB_IMG_1666514434155-768x768.jpg 768w, https:\/\/echta-derminga.de\/wp-content\/uploads\/2022\/10\/FB_IMG_1666514434155-90x90.jpg 90w, https:\/\/echta-derminga.de\/wp-content\/uploads\/2022\/10\/FB_IMG_1666514434155-75x75.jpg 75w, https:\/\/echta-derminga.de\/wp-content\/uploads\/2022\/10\/FB_IMG_1666514434155.jpg 1080w\" sizes=\"auto, (max-width: 700px) 100vw, 700px\" \/><figcaption class=\"wp-element-caption\">Festzug zum Festplatz im Br\u00fchl<\/figcaption><\/figure>\n<\/div>\n\n\n\n<div class=\"wp-block-column is-layout-flow wp-block-column-is-layout-flow\">\n<figure class=\"wp-block-image size-large\"><img loading=\"lazy\" decoding=\"async\" width=\"700\" height=\"472\" src=\"https:\/\/echta-derminga.de\/wp-content\/uploads\/2022\/10\/FB_IMG_1666514667243-700x472.jpg\" alt=\"\" class=\"wp-image-13931\" srcset=\"https:\/\/echta-derminga.de\/wp-content\/uploads\/2022\/10\/FB_IMG_1666514667243-700x472.jpg 700w, https:\/\/echta-derminga.de\/wp-content\/uploads\/2022\/10\/FB_IMG_1666514667243-300x202.jpg 300w, https:\/\/echta-derminga.de\/wp-content\/uploads\/2022\/10\/FB_IMG_1666514667243-768x518.jpg 768w, https:\/\/echta-derminga.de\/wp-content\/uploads\/2022\/10\/FB_IMG_1666514667243.jpg 1025w\" sizes=\"auto, (max-width: 700px) 100vw, 700px\" \/><figcaption class=\"wp-element-caption\">Ausgrabung der Derminga Kerb mit Festzug zum Festplatz<\/figcaption><\/figure>\n<\/div>\n<\/div>\n\n\n\n<p class=\"has-medium-font-size wp-block-paragraph\">In vielen saarl\u00e4ndischen Ortschaften orientiert sich die Durchf\u00fchrung der eigenen Kirmes an der eigentlichen Kirchweihe. Im Mittelalter entstanden in unserem Land zahlreiche Kirchenbauten. Die Bev\u00f6lkerung begangen diese, neuen Kirchenbauten mit einem Fest. Aus dem althochdeutschen \u201echirihwihi\u201c wurde im mittelhochdeutschen \u201ekirchwihi\u201c und durch Unterdr\u00fcckung des \u201ech\u201c die \u201eKirwihe\u201c. Bereits im 15 Jahrhundert entstand der Begriff \u201eKirwe\u201c und durch Verst\u00e4rkung des Buchstaben \u201ew\u201c zu \u201eb\u201c \u201ekirb\u201c und \u201eKerb\u201c. Belegt ist also das die eigentliche Kirchmesse, einer zur Weihe der neuen Kirche gehaltenen ersten Messe herzuleitende Ausdruck Kirmes demnach ein Gedenktag wie \u201eKirbe\u201c, \u201eKirb\u201c oder wie bei uns \u201eKerb\u201c. Dabei hatte die Durchf\u00fchrung des bunten Kirmestreibens immer sehr viel mit der Religion, der Heimat und auch mit dem Dialekt und somit auch mit der eigenen Identit\u00e4t zu tun. <\/p>\n\n\n\n<div class=\"wp-block-columns is-layout-flex wp-container-core-columns-is-layout-8f761849 wp-block-columns-is-layout-flex\">\n<div class=\"wp-block-column is-layout-flow wp-block-column-is-layout-flow\">\n<figure class=\"wp-block-image size-large\"><img loading=\"lazy\" decoding=\"async\" width=\"700\" height=\"575\" src=\"https:\/\/echta-derminga.de\/wp-content\/uploads\/2022\/10\/IMG-20221022-WA0097-700x575.jpg\" alt=\"\" class=\"wp-image-13932\" srcset=\"https:\/\/echta-derminga.de\/wp-content\/uploads\/2022\/10\/IMG-20221022-WA0097-700x575.jpg 700w, https:\/\/echta-derminga.de\/wp-content\/uploads\/2022\/10\/IMG-20221022-WA0097-300x247.jpg 300w, https:\/\/echta-derminga.de\/wp-content\/uploads\/2022\/10\/IMG-20221022-WA0097-768x631.jpg 768w, https:\/\/echta-derminga.de\/wp-content\/uploads\/2022\/10\/IMG-20221022-WA0097.jpg 1000w\" sizes=\"auto, (max-width: 700px) 100vw, 700px\" \/><figcaption class=\"wp-element-caption\">Traditionelle &#8222;Kerwerede&#8220; von Hans-Peter Hoffmann.<\/figcaption><\/figure>\n<\/div>\n\n\n\n<div class=\"wp-block-column is-layout-flow wp-block-column-is-layout-flow\">\n<figure class=\"wp-block-image size-large\"><img loading=\"lazy\" decoding=\"async\" width=\"700\" height=\"440\" src=\"https:\/\/echta-derminga.de\/wp-content\/uploads\/2022\/10\/IMG-20221022-WA0085-700x440.jpg\" alt=\"\" class=\"wp-image-13933\" srcset=\"https:\/\/echta-derminga.de\/wp-content\/uploads\/2022\/10\/IMG-20221022-WA0085-700x440.jpg 700w, https:\/\/echta-derminga.de\/wp-content\/uploads\/2022\/10\/IMG-20221022-WA0085-300x188.jpg 300w, https:\/\/echta-derminga.de\/wp-content\/uploads\/2022\/10\/IMG-20221022-WA0085-768x482.jpg 768w, https:\/\/echta-derminga.de\/wp-content\/uploads\/2022\/10\/IMG-20221022-WA0085.jpg 1000w\" sizes=\"auto, (max-width: 700px) 100vw, 700px\" \/><figcaption class=\"wp-element-caption\">Ohne Kulturaner keine Kirmes ?<\/figcaption><\/figure>\n<\/div>\n<\/div>\n\n\n\n<p class=\"has-medium-font-size wp-block-paragraph\"><strong>Schon fr\u00fch wurde die kirchliche Handlung eines Kirchweihfestes mit der Durchf\u00fchrung eines Marktes oder weltlichen Festtreiben verbunden.<\/strong> <strong>Diese Entwicklung f\u00fchrte recht bald zu einer Lockerung der kirchlichen Bindung. Die eigentliche Kirchweihe geriet immer mehr in den Hintergrund. \u00c4hnlich mag es sich auch den gerade in katholischen Gemeinden \u00fcblichen Patronatsfest ergangen sein.<\/strong> <strong>Dabei hat ein Patronatsfest nie etwas mit einer Kirchweihe zu tun ! Heute sind wir von allen christlichen Riten und Festlichkeiten weit entfernt. Schade eigentlich, orra ?<\/strong> <strong>Wenn ich mir ansehe wie viele Leute heute den traditionellen Kirchweihgottesdienst am Kirmessamstag besuchen, bereitet mir das gro\u00dfe Sorgen. Klar, nicht nur die Kirche steckt in einer Krise.<\/strong> <strong>In diesen, f\u00fcr uns alle schwierigen Zeiten, sollten wir jedoch versuchen etwas enger zusammenzur\u00fccken.<\/strong> <strong>Weltliche und christliche Werte sind f\u00fcr eine homogene Dorfgemeinschaft \u00fcber lebenswichtig. Wir d\u00fcrfen niemals vergessen woher wir kommen und wer wir sind. Kein anderes Fest hat mehr mit Identifikation zu tun als die eigene &#8222;Kerb&#8220;. Wenn wir unsere Wurzeln vergessen, wird es schwer weiterzumachen.<\/strong><\/p>\n\n\n\n<div class=\"wp-block-columns is-layout-flex wp-container-core-columns-is-layout-8f761849 wp-block-columns-is-layout-flex\">\n<div class=\"wp-block-column is-layout-flow wp-block-column-is-layout-flow\">\n<figure class=\"wp-block-image size-large\"><img loading=\"lazy\" decoding=\"async\" width=\"700\" height=\"407\" src=\"https:\/\/echta-derminga.de\/wp-content\/uploads\/2022\/10\/IMG-20221023-WA0001-700x407.jpg\" alt=\"\" class=\"wp-image-13934\" srcset=\"https:\/\/echta-derminga.de\/wp-content\/uploads\/2022\/10\/IMG-20221023-WA0001-700x407.jpg 700w, https:\/\/echta-derminga.de\/wp-content\/uploads\/2022\/10\/IMG-20221023-WA0001-300x174.jpg 300w, https:\/\/echta-derminga.de\/wp-content\/uploads\/2022\/10\/IMG-20221023-WA0001-768x446.jpg 768w, https:\/\/echta-derminga.de\/wp-content\/uploads\/2022\/10\/IMG-20221023-WA0001.jpg 1235w\" sizes=\"auto, (max-width: 700px) 100vw, 700px\" \/><figcaption class=\"wp-element-caption\">Wem is die Kerb? Uus !!!<\/figcaption><\/figure>\n<\/div>\n\n\n\n<div class=\"wp-block-column is-layout-flow wp-block-column-is-layout-flow\">\n<figure class=\"wp-block-image size-large\"><img loading=\"lazy\" decoding=\"async\" width=\"700\" height=\"525\" src=\"https:\/\/echta-derminga.de\/wp-content\/uploads\/2022\/10\/IMG-20221023-WA0064-700x525.jpg\" alt=\"\" class=\"wp-image-13935\" srcset=\"https:\/\/echta-derminga.de\/wp-content\/uploads\/2022\/10\/IMG-20221023-WA0064-700x525.jpg 700w, https:\/\/echta-derminga.de\/wp-content\/uploads\/2022\/10\/IMG-20221023-WA0064-300x225.jpg 300w, https:\/\/echta-derminga.de\/wp-content\/uploads\/2022\/10\/IMG-20221023-WA0064-768x576.jpg 768w, https:\/\/echta-derminga.de\/wp-content\/uploads\/2022\/10\/IMG-20221023-WA0064.jpg 1000w\" sizes=\"auto, (max-width: 700px) 100vw, 700px\" \/><figcaption class=\"wp-element-caption\">Ballspende zum Kirmesspiel<\/figcaption><\/figure>\n<\/div>\n<\/div>\n\n\n\n<p class=\"has-medium-font-size wp-block-paragraph\">In Dirmingen versuchen wir seit \u00fcber 20 Jahren das Image der &#8222;Kerb&#8220; aufzuwerten. Ich glaube das ist uns auch in diesem Jahr 2022 ganz gut gelungen. Dabei haben die meisten Br\u00e4uche und Sitten auch im Entferntesten nichts mit der herk\u00f6mmlichen Kirchweihe zu tun. Im Grunde geht es darum immer neue Wege aufzusuchen um das bunte Kirmestreiben aufzuwerten. Eine wesentliche Rolle spielt dabei der Festplatz. Schon nach dem 30- j\u00e4hrigen Krieg begann man damit zur Kirmes verschiedenen Gesellschaftsspiele anzubieten. Stangenklettern nach dem \u201eKerwehahn\u201c oder \u201eKerwehammel\u201c, Wettlauf der M\u00e4dgde, Lauf der Schwerter, Ringk\u00e4mpfe, Kegelspiele T\u00e4nze, Vogelschie\u00dfen, Ball-Fecht und Tanzspiele Steckenpferdreiten und Auff\u00fchrungen von Schauspielen standen auf der Tagesordnung. Im Laufe der Jahre nahm die Entwicklung der &#8222;Kerb&#8220; rasanten Formen an. Dabei wurde das Angebot naturgem\u00e4\u00df immer wieder an die entsprechende Zeit Epoche angepasst. Heute wird es zusehends schwieriger Schausteller zu gewinnen um der Bev\u00f6lkerung ein entsprechendes Angebot auf dem Festplatz zu unterbreiten.<\/p>\n\n\n\n<div class=\"wp-block-columns is-layout-flex wp-container-core-columns-is-layout-8f761849 wp-block-columns-is-layout-flex\">\n<div class=\"wp-block-column is-layout-flow wp-block-column-is-layout-flow\">\n<figure class=\"wp-block-image size-large\"><img loading=\"lazy\" decoding=\"async\" width=\"700\" height=\"467\" src=\"https:\/\/echta-derminga.de\/wp-content\/uploads\/2020\/10\/4-700x467.jpg\" alt=\"\" class=\"wp-image-7688\" srcset=\"https:\/\/echta-derminga.de\/wp-content\/uploads\/2020\/10\/4-700x467.jpg 700w, https:\/\/echta-derminga.de\/wp-content\/uploads\/2020\/10\/4-300x200.jpg 300w, https:\/\/echta-derminga.de\/wp-content\/uploads\/2020\/10\/4-768x512.jpg 768w, https:\/\/echta-derminga.de\/wp-content\/uploads\/2020\/10\/4-120x80.jpg 120w, https:\/\/echta-derminga.de\/wp-content\/uploads\/2020\/10\/4.jpg 900w\" sizes=\"auto, (max-width: 700px) 100vw, 700px\" \/><figcaption class=\"wp-element-caption\">Immerhin haben wir noch einen Autoscooter<\/figcaption><\/figure>\n<\/div>\n\n\n\n<div class=\"wp-block-column is-layout-flow wp-block-column-is-layout-flow\">\n<figure class=\"wp-block-image size-large\"><img loading=\"lazy\" decoding=\"async\" width=\"700\" height=\"467\" src=\"https:\/\/echta-derminga.de\/wp-content\/uploads\/2020\/10\/3-1-700x467.jpg\" alt=\"\" class=\"wp-image-7687\" srcset=\"https:\/\/echta-derminga.de\/wp-content\/uploads\/2020\/10\/3-1-700x467.jpg 700w, https:\/\/echta-derminga.de\/wp-content\/uploads\/2020\/10\/3-1-300x200.jpg 300w, https:\/\/echta-derminga.de\/wp-content\/uploads\/2020\/10\/3-1-768x512.jpg 768w, https:\/\/echta-derminga.de\/wp-content\/uploads\/2020\/10\/3-1-120x80.jpg 120w, https:\/\/echta-derminga.de\/wp-content\/uploads\/2020\/10\/3-1.jpg 900w\" sizes=\"auto, (max-width: 700px) 100vw, 700px\" \/><figcaption class=\"wp-element-caption\">Immerhin haben wir noch Fahrgesch\u00e4fte f\u00fcr unsere Kinder<\/figcaption><\/figure>\n<\/div>\n<\/div>\n\n\n\n<p class=\"has-medium-font-size wp-block-paragraph\"><strong>Ich stehe jetzt seit zwei Jahren in der Verantwortung und kann aus eigener Erfahrung berichten, dass es von Jahr zu Jahr schwerer wird den Festplatz mit zuverl\u00e4ssigen Schaustellern zu bef\u00fcllen. In vielen saarl\u00e4ndischen D\u00f6rfern wird seit Jahren nicht mehr Kirmes gefeiert. Unser Ortsrat und der Kulturverein k\u00e4mpfen daf\u00fcr, die eigene &#8222;Kerb&#8220; zu erhalten. Dabei versuchen wir in jedem Jahr unser Angebot zu erweitern. In diesem Jahr ist es gelungen ein weiteres Fahrgesch\u00e4ft f\u00fcr Kleinkinder zu bekommen. Au\u00dferdem durften wir uns nach der Zusage des MV Wiesbach endlich wieder \u00fcber Blasmusik zur Kirmeser\u00f6ffnung freuen. Am &#8222;Kerwemontag&#8220; wurde in der Ortsmitte erstmals &#8222;Live-Musik&#8220; mit J\u00fcrgen N\u00fcrnberger angeboten. Fakt ist: Wir m\u00fcssen uns in jedem Jahr strecken um die &#8222;Kerb&#8220; zu erhalten. Dabei ist mir in diesem Jahr besonders aufgefallen, dass genau dies von unseren B\u00fcrgerinnen und B\u00fcrgern verstanden wurde. An allen drei Festtagen wurde der Festplatz gut besucht. Auch unsere Gastronomie blickt zufrieden auf das Kirmeswochenende. W\u00e4hrend vielerorts die eigene Dorfkirmes zu einem Auslaufprojekt verkommt, erlebte unsere Kerb in den letzten beiden Jahren einen Aufschwung.<\/strong> <strong>Woran liegt das ? Haben wir Dirminger tats\u00e4chlich einen besonderen Bezug zu unserer Kirmes ?<\/strong> <strong>Religi\u00f6se Gr\u00fcnde k\u00f6nnen wir diesbez\u00fcglich endg\u00fcltig ad acta legen. Heute wird die &#8222;Kerb&#8220; von Katholiken, Protestanten und Moslems gleichwertig gefeiert. Ich pers\u00f6nlich glaube, dass alleine unsere M\u00fchen belohnt werden und die &#8222;Kerb&#8220; nichts anderes mehr ist, als ein Volksfest. Wenn sich der Kulturverein gemeinsam mit dem Ortsrat nicht derma\u00dfen ins Zeug legen w\u00fcrden, h\u00e4tten wir kaum noch Spa\u00df an der eigenen &#8222;Kerb&#8220;. Es ist immer das, was man daraus macht ! Ich habe das Gef\u00fchl, dass unsere &#8222;Kerb&#8220; trotz aller weltlichen und religi\u00f6sen Probleme auf dieser Welt l\u00e4ngst noch nicht vor dem Aussterben bedroht scheint.<\/strong><\/p>\n\n\n\n<div class=\"wp-block-columns is-layout-flex wp-container-core-columns-is-layout-8f761849 wp-block-columns-is-layout-flex\">\n<div class=\"wp-block-column is-layout-flow wp-block-column-is-layout-flow\">\n<figure class=\"wp-block-image size-large\"><img loading=\"lazy\" decoding=\"async\" width=\"700\" height=\"459\" src=\"https:\/\/echta-derminga.de\/wp-content\/uploads\/2022\/10\/20221024_1338000-700x459.jpg\" alt=\"\" class=\"wp-image-13936\" srcset=\"https:\/\/echta-derminga.de\/wp-content\/uploads\/2022\/10\/20221024_1338000-700x459.jpg 700w, https:\/\/echta-derminga.de\/wp-content\/uploads\/2022\/10\/20221024_1338000-300x197.jpg 300w, https:\/\/echta-derminga.de\/wp-content\/uploads\/2022\/10\/20221024_1338000-768x504.jpg 768w, https:\/\/echta-derminga.de\/wp-content\/uploads\/2022\/10\/20221024_1338000.jpg 1000w\" sizes=\"auto, (max-width: 700px) 100vw, 700px\" \/><figcaption class=\"wp-element-caption\">Zur &#8222;Kerb&#8220; neue Wege gehen.<\/figcaption><\/figure>\n<\/div>\n\n\n\n<div class=\"wp-block-column is-layout-flow wp-block-column-is-layout-flow\">\n<figure class=\"wp-block-image size-large\"><img loading=\"lazy\" decoding=\"async\" width=\"700\" height=\"467\" src=\"https:\/\/echta-derminga.de\/wp-content\/uploads\/2022\/10\/20221024_134645-700x467.jpg\" alt=\"\" class=\"wp-image-13937\" srcset=\"https:\/\/echta-derminga.de\/wp-content\/uploads\/2022\/10\/20221024_134645-700x467.jpg 700w, https:\/\/echta-derminga.de\/wp-content\/uploads\/2022\/10\/20221024_134645-300x200.jpg 300w, https:\/\/echta-derminga.de\/wp-content\/uploads\/2022\/10\/20221024_134645-768x512.jpg 768w, https:\/\/echta-derminga.de\/wp-content\/uploads\/2022\/10\/20221024_134645.jpg 1000w\" sizes=\"auto, (max-width: 700px) 100vw, 700px\" \/><figcaption class=\"wp-element-caption\">Wie immer: &#8222;Mordstreiwe&#8220; beim &#8222;Schuhhannesse&#8220;<\/figcaption><\/figure>\n<\/div>\n<\/div>\n\n\n\n<p class=\"has-medium-font-size wp-block-paragraph\">Im Jahre 1999 k\u00fcsste unser damaliger Ortsvorsteher Rudi Hell die etwas in die Jahre gekommene \u201eDerminga Kerb\u201c wach. Gemeinsam mit seinen Vasallen des Kulturvereines Dirmingen schaffte er eine Aufwertung des bunten Kirmestreibens. Dabei waren die Kulturaner immer darauf bedacht, eine gewisse Einheit zu demonstrieren. Die \u201eDerminga Kerb\u201c wird jedes Jahr unter dem Motto \u201eEiner f\u00fcr alle, alle f\u00fcr einen\u201c durchgef\u00fchrt. Mit diesem Slogan soll der Zusammenhalt im Kulturverein und in der Bev\u00f6lkerung gest\u00e4rkt werden. Ziel ist es, die \u201eKerb\u201c als Fest der Dirminger in den K\u00f6pfen der Bev\u00f6lkerung zu verankern. Heute spielt es l\u00e4ngst keine Rolle mehr, ob man evangelischen oder katholischen Glaubens ist. Im Vordergrund stehen der Mensch, die Heimatliebe und die Lust am Leben. F\u00fcr die Au\u00dfendarstellung spielt ein einheitliches Auftreten eine gewichtige Rolle. Aus diesem Grunde beschlossen die \u201eKulturaner\u201c, sich ein gemeinschaftliches Aussehen zu verschaffen. Bereits zu Beginn der Jahrtausendwende wurden die bekannten \u201ewei\u00df-blauen Musketier-Kost\u00fcme\u201c zum Markenzeichen der Kulturaner. Die blauwei\u00dfen Farben des Kost\u00fcms erinnern an die Wappenfarben des Heimatortes Dirmingen. Musketiere stehen zudem f\u00fcr Patriotismus, Zusammenhalt, Ehre und Loyalit\u00e4t. Mit diesen Eigenschaften kann sich der Kulturverein zur eigenen \u201eKerb\u201c gut identifizieren. Es bleibt zu hoffen, dass wir noch viele Jahre die Tradition aufrechterhalten und am letzten Oktoberwochenende \u201eKerb\u201c feiern k\u00f6nnen. Stellt sich die Frage, wie es uns gelingt, die &#8222;Kerb&#8220; fit f\u00fcr die Zukunft zu machen. Dazu ben\u00f6tigen wir meiner Meinung nach einen gemeinsamen Schulterschluss alle Vereine, Gremien und Verb\u00e4nde. Hinter den Kulissen wird vieles geleistet: Menschen schm\u00fccken den Festwagen, andere stellen ihr Eigentum zu verf\u00fcgen und wieder andere k\u00fcmmern sich um Technik. Das alles ist in den meisten F\u00e4llen eine Selbstverst\u00e4ndlichkeit. Wie lange noch ?<\/p>\n\n\n\n<div class=\"wp-block-columns is-layout-flex wp-container-core-columns-is-layout-8f761849 wp-block-columns-is-layout-flex\">\n<div class=\"wp-block-column is-layout-flow wp-block-column-is-layout-flow\">\n<figure class=\"wp-block-image size-large\"><img loading=\"lazy\" decoding=\"async\" width=\"700\" height=\"403\" src=\"https:\/\/echta-derminga.de\/wp-content\/uploads\/2022\/10\/312803074_5547748085319871_7153716404030386899_n-Kopie-700x403.jpg\" alt=\"\" class=\"wp-image-13938\" srcset=\"https:\/\/echta-derminga.de\/wp-content\/uploads\/2022\/10\/312803074_5547748085319871_7153716404030386899_n-Kopie-700x403.jpg 700w, https:\/\/echta-derminga.de\/wp-content\/uploads\/2022\/10\/312803074_5547748085319871_7153716404030386899_n-Kopie-300x173.jpg 300w, https:\/\/echta-derminga.de\/wp-content\/uploads\/2022\/10\/312803074_5547748085319871_7153716404030386899_n-Kopie-768x442.jpg 768w, https:\/\/echta-derminga.de\/wp-content\/uploads\/2022\/10\/312803074_5547748085319871_7153716404030386899_n-Kopie.jpg 1000w\" sizes=\"auto, (max-width: 700px) 100vw, 700px\" \/><\/figure>\n<\/div>\n\n\n\n<div class=\"wp-block-column is-layout-flow wp-block-column-is-layout-flow\">\n<figure class=\"wp-block-image size-large\"><img loading=\"lazy\" decoding=\"async\" width=\"700\" height=\"370\" src=\"https:\/\/echta-derminga.de\/wp-content\/uploads\/2022\/10\/312948713_5547746505320029_611939444387187931_n-Kopie-700x370.jpg\" alt=\"\" class=\"wp-image-13939\" srcset=\"https:\/\/echta-derminga.de\/wp-content\/uploads\/2022\/10\/312948713_5547746505320029_611939444387187931_n-Kopie-700x370.jpg 700w, https:\/\/echta-derminga.de\/wp-content\/uploads\/2022\/10\/312948713_5547746505320029_611939444387187931_n-Kopie-300x159.jpg 300w, https:\/\/echta-derminga.de\/wp-content\/uploads\/2022\/10\/312948713_5547746505320029_611939444387187931_n-Kopie-768x406.jpg 768w, https:\/\/echta-derminga.de\/wp-content\/uploads\/2022\/10\/312948713_5547746505320029_611939444387187931_n-Kopie.jpg 1000w\" sizes=\"auto, (max-width: 700px) 100vw, 700px\" \/><\/figure>\n<\/div>\n<\/div>\n\n\n\n<p class=\"has-medium-font-size wp-block-paragraph\"><strong>R\u00fcckblickend war die 276. &#8222;Derminga Kerb&#8220; im Jahre 2022 ein tolles Volksfest. Wir k\u00f6nnen mit der diesj\u00e4hrigen Durchf\u00fchrung der &#8222;Kerb&#8220; durchaus zufrieden sein. In Dirmingen haben wir im Laufe der Jahre gelernt zu feiern. Wir wissen, wir man die eigene &#8222;Kerb&#8220; feiert ! Die &#8222;Derminga Kerb&#8220; ist l\u00e4ngst in die pers\u00f6nliche DNA eines jeden Dirmingers \u00fcbergegangen. Unsere Aufgabe wird es sein, genau diesen &#8222;Status Quo&#8220; zu erhalten. Mein Dank geht an alle die sich in irgendeiner Form an der diesj\u00e4hrigen &#8222;Kerb&#8220; beteiligt haben.<\/strong> <strong>Es sind schwere Zeiten und nicht jeder kann sich einen ausgiebigen Kirmesbesuch mit seiner Familie leisten. Dennoch pilgerten auch in diesem Jahr zahlreiche Familien auf den Festplatz. Ich deute dies als gutes Zeichen und bin \u00fcberzeugt davon, dass wir uns auf einem guten Weg befinden.<\/strong> <strong>Volksfeste wie die &#8222;Kerb&#8220; sind Balsam f\u00fcr geschundenen Seele eines Dorfbewohners.<\/strong> <strong>Wenn wir die &#8222;Kerb&#8220; als Teil unserer eigenen Dorfidentit\u00e4t verstehen, werden wir noch viele Jahre Freude daran haben.<\/strong> <strong>Vor der &#8222;Kerb&#8220; ist nach der &#8222;Kerb&#8220;. Viele Menschen beneiden uns wegen unserer kleinen, aber recht feinen Dorfkirmes. Genau das gilt es zu verstehen und in die zuk\u00fcnftigen Planungen einflie\u00dfen zu lassen.<\/strong> <strong>Die &#8222;Kerb&#8220; hat in Dirmingen einen hohen Stellenwert und st\u00e4rkt j\u00e4hrlich unsere Dorfgemeinschaft und nicht zuletzt auch unser &#8222;Wir-Gef\u00fchl&#8220;. Alleine daf\u00fcr lohnt es sich zu k\u00e4mpfen !<\/strong><\/p>\n\n\n\n<div class=\"wp-block-columns is-layout-flex wp-container-core-columns-is-layout-8f761849 wp-block-columns-is-layout-flex\">\n<div class=\"wp-block-column is-layout-flow wp-block-column-is-layout-flow\">\n<figure class=\"wp-block-image size-large\"><img loading=\"lazy\" decoding=\"async\" width=\"700\" height=\"434\" src=\"https:\/\/echta-derminga.de\/wp-content\/uploads\/2022\/10\/20221024_153024-700x434.jpg\" alt=\"\" class=\"wp-image-13940\" srcset=\"https:\/\/echta-derminga.de\/wp-content\/uploads\/2022\/10\/20221024_153024-700x434.jpg 700w, https:\/\/echta-derminga.de\/wp-content\/uploads\/2022\/10\/20221024_153024-300x186.jpg 300w, https:\/\/echta-derminga.de\/wp-content\/uploads\/2022\/10\/20221024_153024-768x476.jpg 768w, https:\/\/echta-derminga.de\/wp-content\/uploads\/2022\/10\/20221024_153024.jpg 900w\" sizes=\"auto, (max-width: 700px) 100vw, 700px\" \/><figcaption class=\"wp-element-caption\">Mit Spa\u00df an der Sache &#8211; Kirmes im Kopp !<\/figcaption><\/figure>\n\n\n\n<p class=\"wp-block-paragraph\">Hoher Besuch aus der gesamten Gemeinde. Neben dem B\u00fcrgermeister Feld besuchten zahlreiche Ortsvorsteher unsere Kerb. <\/p>\n<\/div>\n\n\n\n<div class=\"wp-block-column is-layout-flow wp-block-column-is-layout-flow\">\n<figure class=\"wp-block-image size-large\"><img loading=\"lazy\" decoding=\"async\" width=\"700\" height=\"896\" src=\"https:\/\/echta-derminga.de\/wp-content\/uploads\/2022\/10\/IMG-20221024-WA0069-700x896.jpg\" alt=\"\" class=\"wp-image-13941\" srcset=\"https:\/\/echta-derminga.de\/wp-content\/uploads\/2022\/10\/IMG-20221024-WA0069-700x896.jpg 700w, https:\/\/echta-derminga.de\/wp-content\/uploads\/2022\/10\/IMG-20221024-WA0069-234x300.jpg 234w, https:\/\/echta-derminga.de\/wp-content\/uploads\/2022\/10\/IMG-20221024-WA0069-768x983.jpg 768w, https:\/\/echta-derminga.de\/wp-content\/uploads\/2022\/10\/IMG-20221024-WA0069.jpg 1193w\" sizes=\"auto, (max-width: 700px) 100vw, 700px\" \/><\/figure>\n<\/div>\n<\/div>\n\n\n\n<p class=\"has-black-color has-text-color has-medium-font-size wp-block-paragraph\">Die 276. Derminga Kerb ist also Geschichte ! Was bleibt am Ende eines dreit\u00e4gigen Volksfestes ? Was nehmen wir in unsere zuk\u00fcnftigen Planungen mit ? Was k\u00f6nnen wir besser machen ? Wichtig ist, den Schwung der diesj\u00e4hrigen &#8222;Kerb&#8220; mitzunehmen in das kommende Jahr 2023. Stellt sich die Frage wann wir im kommenden Jahr &#8222;Kerb&#8220; feiern werden.<strong> Die 277. &#8222;Derminga Kerb&#8220; wird in der Zeit vom 28.10.23 bis zum 30.10.23 gefeiert.<\/strong> <strong>Wenn es nach mir geht, wird das &#8222;Lisje&#8220; dann auch wieder vom Ortsvorsteher wachgek\u00fcsst. Bis dahin lassen wir das drollige &#8222;Kerwep\u00e4\u00e4rchen&#8220; ruhen und freuen uns nach dem diesj\u00e4hrigen bunten Kirmestreiben auf das n\u00e4chste Jahr 2023. Sp\u00e4testens dann wird es wieder \u00fcberall in Dirmingen hei\u00dfen: &#8222;Wem is die Kerb? Uus! &#8211; Einer f\u00fcr alle, alle f\u00fcr Einen&#8220;<\/strong><\/p>\n","protected":false},"excerpt":{"rendered":"<p>&#8222;Wem is die Kerb? Uus&#8220;! Die diesj\u00e4hrige 276. &#8222;Derminga Kerb&#8220; sorgte vielerorts f\u00fcr Begeisterung. Dabei schafft es unsere kleine, schnuckelige &#8222;Kerb&#8220; immer wieder moderne Unterhaltungsmetoden mit uralten Traditionen zu verbinden. An drei Festtagen wurde nicht nur auf dem Festplatz sondern auch in den Dirminger Gastst\u00e4tten, im Belkerstadion und in den privaten Unterk\u00fcnften und H\u00e4usern gefeiert. Ja genau, richtig gelesen: Auch<\/p>\n","protected":false},"author":1,"featured_media":13927,"comment_status":"open","ping_status":"closed","sticky":false,"template":"","format":"standard","meta":{"_crdt_document":"","footnotes":""},"categories":[1,9,902,8],"tags":[1023,5,85,618,127,310],"class_list":["post-13803","post","type-post","status-publish","format-standard","has-post-thumbnail","hentry","category-allgemein","category-dorfgetratsche","category-meine-meinung","category-sellemols-und-awweile","tag-276-derminga-kerb","tag-dirmingen","tag-evangelische-kirche-dirmingen","tag-gemeinde-eppelborn","tag-landkreis-neunkirchen","tag-saarland"],"_links":{"self":[{"href":"https:\/\/echta-derminga.de\/index.php?rest_route=\/wp\/v2\/posts\/13803","targetHints":{"allow":["GET"]}}],"collection":[{"href":"https:\/\/echta-derminga.de\/index.php?rest_route=\/wp\/v2\/posts"}],"about":[{"href":"https:\/\/echta-derminga.de\/index.php?rest_route=\/wp\/v2\/types\/post"}],"author":[{"embeddable":true,"href":"https:\/\/echta-derminga.de\/index.php?rest_route=\/wp\/v2\/users\/1"}],"replies":[{"embeddable":true,"href":"https:\/\/echta-derminga.de\/index.php?rest_route=%2Fwp%2Fv2%2Fcomments&post=13803"}],"version-history":[{"count":27,"href":"https:\/\/echta-derminga.de\/index.php?rest_route=\/wp\/v2\/posts\/13803\/revisions"}],"predecessor-version":[{"id":13973,"href":"https:\/\/echta-derminga.de\/index.php?rest_route=\/wp\/v2\/posts\/13803\/revisions\/13973"}],"wp:featuredmedia":[{"embeddable":true,"href":"https:\/\/echta-derminga.de\/index.php?rest_route=\/wp\/v2\/media\/13927"}],"wp:attachment":[{"href":"https:\/\/echta-derminga.de\/index.php?rest_route=%2Fwp%2Fv2%2Fmedia&parent=13803"}],"wp:term":[{"taxonomy":"category","embeddable":true,"href":"https:\/\/echta-derminga.de\/index.php?rest_route=%2Fwp%2Fv2%2Fcategories&post=13803"},{"taxonomy":"post_tag","embeddable":true,"href":"https:\/\/echta-derminga.de\/index.php?rest_route=%2Fwp%2Fv2%2Ftags&post=13803"}],"curies":[{"name":"wp","href":"https:\/\/api.w.org\/{rel}","templated":true}]}}