{"id":13974,"date":"2022-10-27T12:58:54","date_gmt":"2022-10-27T11:58:54","guid":{"rendered":"https:\/\/echta-derminga.de\/?p=13974"},"modified":"2022-10-27T12:58:56","modified_gmt":"2022-10-27T11:58:56","slug":"der-31-oktober-spass-mit-der-angst-oder-mut-zur-reformation","status":"publish","type":"post","link":"https:\/\/echta-derminga.de\/?p=13974","title":{"rendered":"Der 31. Oktober &#8211; &#8222;Spa\u00df mit der Angst&#8220; oder Mut zur Reformation ?"},"content":{"rendered":"\n<p class=\"has-medium-font-size wp-block-paragraph\"><strong>Der Herbst zieht durch unser Land und die Tage werden k\u00fcrzer.\u00a0Manchmal habe ich das Gef\u00fchl, dass es nach dem Auszug unserer &#8222;Kerb&#8220; Schlag auf Schlag geht. Mit Riesenschritten geht es pl\u00f6tzlich in Richtung Jahresende. Nach der &#8222;Kerb&#8220; nimmt die dunkele Jahreszeit so richtig Schwung auf: es folgt &#8222;Halloween&#8220; zeitgleich mit dem Reformationstag, danach reitet St. Martin durch unser Dorf und schlie\u00dflich neigt sich auch unser Kirchenjahr mit &#8222;Allerheiligen&#8220;, Volkstrauertag oder dem Ewigkeitssonntag dem Ende zu. Am 1. Adventswochenende findet schon der &#8222;Mittelalterliche Weihnachtsmarkt&#8220; statt und dann, steht schon bald Weihnachten vor der T\u00fcr.<\/strong> <strong>Der Herbst bringt uns neben seiner Farbenvielfalt auch die Zeit des Nachdenkens, der Besinnung<\/strong> <strong>und der Angst.<\/strong><\/p>\n\n\n\n<p class=\"has-medium-font-size wp-block-paragraph\">Der 31. Oktober spaltet seit einigen Jahrzehnten nicht nur mein pers\u00f6nliches Weltbild. Ich gebe zu, dass ich so meine Probleme mit Halloween habe! Nein, ich m\u00f6chte es keinem verbieten und halte mich an die Devise:\u201c Leben und leben lassen\u201c oder frei \u00fcbersetzt: Feiern und feiern lassen! Ich pers\u00f6nlich feiere anstatt Halloween viel lieber Reformationstag. Was aber hat der Reformationstag mit Halloween zu tun? Eigentlich Nichts, oder sagen wir, fast nichts. Das einzige, was diese beiden Festtage verbindet, ist der 31. Oktober als feststehender Termin sowie die Tatsache, dass beides keine bundesweiten Feiertage sind. Der Reformationstag ist in der Evangelischen Kirche der Gedenktag zu Ehren Martin Luthers gro\u00dfer Kirchenreform vor 500 Jahren. Schon Martin Luther vertrat die Ansicht, dass &#8222;Angstmachen&#8220; sogenanntes Teufelswerk ist und nicht funktionieren kann. Luther erkannte schon recht fr\u00fch: \u201eGott will keine ver\u00e4ngstigten Menschen&#8220;. Die Methoden der damaligen katholischen Kirche basierten auf Drohungen, Verbreitung von Angst und Vorverurteilungen. Im Mittelalter werden die Menschen mit D\u00e4monen, Hexen und dem Teufel bedroht. Scheinbar tr\u00e4gt diese Methode bis heute Wirkung !<\/p>\n\n\n\n<p class=\"has-medium-font-size wp-block-paragraph\"><strong>Am 31. Oktober wird in unserem Land neben dem protestantischen Reformationstag auch Halloween gefeiert. F\u00fcr viele Menschen, nicht nur Kinder, ist Halloween inzwischen zu einem besonderen Festtag geworden. Vielerorts werden Grusel-Partys organisiert und sogar in den Kitas und Schulen macht man sich einen Spa\u00df mit der Angst. Halloween geht auf eine uralte keltische Tradition zur\u00fcck und entstammt nicht, wie oft f\u00e4lschlicherweise behauptet, aus den vereinigten Staaten. Der Name bezieht sich auf den Abend vor Allerheiligen (All Hallows&#8216; Eve), an dem die Toten dem Volksmund zufolge zwischen diesseitiger und jenseitiger Welt wandeln. Mit den vielen irischen Einwanderern gelangte das Brauchtum in die USA und von dort wieder zur\u00fcck nach Europa. <\/strong><\/p>\n\n\n\n<div class=\"wp-block-columns is-layout-flex wp-container-core-columns-is-layout-8f761849 wp-block-columns-is-layout-flex\">\n<div class=\"wp-block-column is-layout-flow wp-block-column-is-layout-flow\">\n<figure class=\"wp-block-image size-large\"><img loading=\"lazy\" decoding=\"async\" width=\"644\" height=\"747\" src=\"https:\/\/echta-derminga.de\/wp-content\/uploads\/2018\/10\/4-5-644x747.jpg\" alt=\"\" class=\"wp-image-2402\" srcset=\"https:\/\/echta-derminga.de\/wp-content\/uploads\/2018\/10\/4-5-644x747.jpg 644w, https:\/\/echta-derminga.de\/wp-content\/uploads\/2018\/10\/4-5-259x300.jpg 259w, https:\/\/echta-derminga.de\/wp-content\/uploads\/2018\/10\/4-5.jpg 700w\" sizes=\"auto, (max-width: 644px) 100vw, 644px\" \/><\/figure>\n<\/div>\n\n\n\n<div class=\"wp-block-column is-layout-flow wp-block-column-is-layout-flow\">\n<figure class=\"wp-block-image size-large\"><img loading=\"lazy\" decoding=\"async\" width=\"700\" height=\"933\" src=\"https:\/\/echta-derminga.de\/wp-content\/uploads\/2022\/10\/IMG-20221016-WA0009-700x933.jpg\" alt=\"\" class=\"wp-image-13875\" srcset=\"https:\/\/echta-derminga.de\/wp-content\/uploads\/2022\/10\/IMG-20221016-WA0009-700x933.jpg 700w, https:\/\/echta-derminga.de\/wp-content\/uploads\/2022\/10\/IMG-20221016-WA0009-225x300.jpg 225w, https:\/\/echta-derminga.de\/wp-content\/uploads\/2022\/10\/IMG-20221016-WA0009.jpg 768w\" sizes=\"auto, (max-width: 700px) 100vw, 700px\" \/><\/figure>\n<\/div>\n<\/div>\n\n\n\n<p class=\"has-medium-font-size wp-block-paragraph\">Steht Halloween tats\u00e4chlich in Konkurrenz zum Reformationstag? Es gab eine Zeit, in der auch die katholische Kirche so ihre Probleme mit dem \u201eImport-Feiertag\u201c Halloween hatte. Die Verbundenheit zu Allerheiligen war vielen Katholiken ein Dorn im Auge. Angeheizt wird der Hype zu Halloween durch eine \u00dcberlieferung aus dem streng katholischen irischen Volksmund. Einer Sage zufolge war der Gauner Jack O\u00b4 Latern durch eine List aus der H\u00f6lle entkommen und landete vor dem Himmelstor. Die Himmelspforte war jedoch f\u00fcr ihn verschlossen. Jack war verdammt, ewig zwischen H\u00f6lle und Himmel zu wandern. Er war unterwegs mit einer Kerze in einer ausgeh\u00f6hlten R\u00fcbe. Daher kommt der Brauch, Fratzen-K\u00fcrbisse auszuschneiden und zu beleuchten.<\/p>\n\n\n\n<p class=\"has-medium-font-size wp-block-paragraph\"><strong>Naja, ich habe grunds\u00e4tzlich so meine Probleme mit solchen Horrorgeschichten und Gruselstorys. Schon als kleiner Junge hatte ich riesen Respekt vor Monstern, Vampiren, Hexen und D\u00e4monen. Es stellt sich mir die Frage: Braucht der Mensch das Spiel mit der Angst? Aufmerksame Leser und Kritiker werden mir jetzt Willk\u00fcr vorwerfen. Wo ich sonst alte Traditionen einfordere, zeige ich nun einem alten Brauchtum die kalte Schulter. Stimmt irgendwie schon! Auf der anderen Seite ist es halt nicht unser Brauchtum und ich bin damit auch nicht gro\u00dfgeworden. Andere L\u00e4nder, andere Br\u00e4uche. Ich respektiere alle Traditionen und Sitten, wobei ich Sie nicht alle m\u00f6gen muss!<\/strong><\/p>\n\n\n\n<p class=\"has-medium-font-size wp-block-paragraph\">Wenn schon der Spa\u00df mit der Angst sein muss, warum dann nicht die eigene Tradition bevorzugen?  Warum erinnern wir uns nicht viel lieber an das gute, alte  &#8222;Rommeldbooze schnitze&#8220;? Neben den vielen bekannten Herbst-Dekorationen mit brennenden K\u00fcrbissen ist die ursaarl\u00e4ndische Tradition der R\u00fcbengeistern oder &#8222;Rommelbooze&#8220; etwas in den Hintergrund geraten. Wobei in den letzten Jahren habe ich tats\u00e4chlich den Eindruck gewonnen, dass wieder mehr &#8222;Rommele&#8220; an unseren Haust\u00fcren stehen. Der Brauchtum mit den &#8222;Rommele&#8220; hat seinen Ursprung in der Zeit kurz nach dem ersten Weltkrieg. Kinder klauten Futterr\u00fcben von den Feldern, um in der Not wenigstens eine R\u00fcbensuppe essen zu k\u00f6nnen. Aus den ausgeh\u00f6hlten R\u00fcben wurden dann Laternen gebastelt, mit denen die Kinder von Haus zu Haus zogen und um Essen bettelten. Das Ganze \u00e4hnelt \u00e4hnelt zugegebenerma\u00dfen stark dem heutigen Ablauf des irisch-amerikanischen Halloween. Im Saarland fand der Brauchtum in den 1920er bis 1950er Jahren seinen H\u00f6hepunkt. Die Umstellung der Landwirtschaft auf Mais- statt R\u00fcbenanbau sorgte daf\u00fcr, dass der Brauch beinahe ausstarb. Das saarl\u00e4ndische Wort \u201eRommel&#8220; steht f\u00fcr Futterr\u00fcbe und \u201eBooze&#8220; f\u00fcr Verkleidung. Daraus wird wie z.B. zur Fastnacht der &#8222;Faasebooze&#8220;, die &#8222;Rommelbootze&#8220;. Auch die &#8222;Rommelbooze&#8220; wird meist vor der eigenen Haust\u00fcr oder auf einer Fensterbank platziert.<\/p>\n\n\n\n<div class=\"wp-block-columns is-layout-flex wp-container-core-columns-is-layout-8f761849 wp-block-columns-is-layout-flex\">\n<div class=\"wp-block-column is-layout-flow wp-block-column-is-layout-flow\">\n<figure class=\"wp-block-image size-large\"><img loading=\"lazy\" decoding=\"async\" width=\"644\" height=\"595\" src=\"https:\/\/echta-derminga.de\/wp-content\/uploads\/2018\/10\/IMG_20181019_181355-Kopie-644x595.jpg\" alt=\"\" class=\"wp-image-2398\" srcset=\"https:\/\/echta-derminga.de\/wp-content\/uploads\/2018\/10\/IMG_20181019_181355-Kopie-644x595.jpg 644w, https:\/\/echta-derminga.de\/wp-content\/uploads\/2018\/10\/IMG_20181019_181355-Kopie-300x277.jpg 300w, https:\/\/echta-derminga.de\/wp-content\/uploads\/2018\/10\/IMG_20181019_181355-Kopie-768x709.jpg 768w, https:\/\/echta-derminga.de\/wp-content\/uploads\/2018\/10\/IMG_20181019_181355-Kopie.jpg 800w\" sizes=\"auto, (max-width: 644px) 100vw, 644px\" \/><\/figure>\n<\/div>\n\n\n\n<div class=\"wp-block-column is-layout-flow wp-block-column-is-layout-flow\">\n<figure class=\"wp-block-image size-large\"><img loading=\"lazy\" decoding=\"async\" width=\"700\" height=\"525\" src=\"https:\/\/echta-derminga.de\/wp-content\/uploads\/2022\/10\/IMG-20221016-WA0017-700x525.jpg\" alt=\"\" class=\"wp-image-13983\" srcset=\"https:\/\/echta-derminga.de\/wp-content\/uploads\/2022\/10\/IMG-20221016-WA0017-700x525.jpg 700w, https:\/\/echta-derminga.de\/wp-content\/uploads\/2022\/10\/IMG-20221016-WA0017-300x225.jpg 300w, https:\/\/echta-derminga.de\/wp-content\/uploads\/2022\/10\/IMG-20221016-WA0017-768x576.jpg 768w, https:\/\/echta-derminga.de\/wp-content\/uploads\/2022\/10\/IMG-20221016-WA0017.jpg 1024w\" sizes=\"auto, (max-width: 700px) 100vw, 700px\" \/><\/figure>\n<\/div>\n<\/div>\n\n\n\n<p class=\"has-medium-font-size wp-block-paragraph\"><strong>F\u00fcr die einen ist Halloween ein kommerzieller Unsinn, f\u00fcr die anderen ein abwechslungsreiches Gruselvergn\u00fcgen. Am Ende muss sich jeder selbst klarmachen wie er zu dieser Sache steht. Nicht nur Kinder und Jugendliche haben Spa\u00df an Halloween. In den letzten Jahren finden immer mehr Erwachsene gefallen an einer sch\u00f6nen Halloweenparty. Das Gesch\u00e4ft mit der Angst an Hochkonjunktur! Verkleidet als Geister, Monster, Vampire oder Hexen ziehen Kinder, Jugendliche und Erwachsene in der Nacht vom 31. Oktober um die H\u00e4user und drohen mit Spr\u00fcchlein: \u201eS\u00fc\u00dfes oder Saures&#8220;. Na gut, kann man machen, muss man aber nicht! Inzwischen hat Halloween das alte &#8222;Rommelbootze&#8220; l\u00e4ngst verdr\u00e4ngt. Das Gesch\u00e4ft mit der Angst bl\u00fcht und der Handel hat den kommerziellen Wert von Halloween l\u00e4ngst erkannt. <\/strong><\/p>\n\n\n\n<p class=\"has-medium-font-size wp-block-paragraph\">Auch unsere Kindern sind mit dem neuen Brauchtum Halloween aufgewachsen. Mein kleiner Sohn freut sich schon seit Tagen auf dieses Fest. Nat\u00fcrlich habe ich bei der Erziehung versucht Einfluss zu nehmen. Zumindest ist es mir gelungen meinen Kindern den genauen Hintergrund und den Unterschied zwischen diesen beiden v\u00f6llig verschiedenen Festtagen zu vermitteln. Ich kann es drehen wie ich m\u00f6chte, f\u00fcr unsere Kinder und Jugendlichen geh\u00f6rt Halloween l\u00e4ngst zu den fest markierten Terminen im eigenen Kalender. Vielleicht ist Halloween schon l\u00e4ngst zu einer Tradition geworden und keiner hat\u2019s gemerkt? Offensichtlich hat sich &#8222;Halloween&#8220; schleichend in unseren Jahreskalender verankert. Vielleicht muss ich einfach nur lernen damit umzugehen. Ich respektiere  jede individuelle Entscheidung und w\u00fcnsche jedem viel Spa\u00df auf seinem Weg. Jeder ist frei in seinem Denken und in seinem Tun. Ganz gleich ob er zu einer Gruselparty oder zum Reformationsgottesdienst geht. Ich pers\u00f6nlich halte es als praktizierender Protestant lieber mit Luther und dem Reformationstag. Lernen wir unsere Kinder lieber Mut, Glaube und Zuversicht anstatt sie mit Angst, Schrecken und Panik klein zu machen. Das Gesch\u00e4ft mit der Angst ist l\u00e4ngst gegenw\u00e4rtig und begegnet uns auf vielf\u00e4ltiger Art und Weise im t\u00e4glichen Leben. Angst regiert die Welt! <\/p>\n\n\n\n<p class=\"has-medium-font-size wp-block-paragraph\"><strong>Als junger M\u00f6nch zweifelte Martin Luther an seinem Glauben und klammerte sich an die Bibel. Die damalige katholische Kirche lebte davon den Menschen Angst zu machen. Im Jahre 1517 ver\u00f6ffentlichte Luther seine 95 Thesen gegen den Ablasshandel und wollte damit eine Reform seiner Kirche anregen. Die Bewegung, die er damit ausl\u00f6ste, ergriff nicht nur das kirchliche Leben, sondern auch alle Bereiche der Gesellschaft. Sein Anschlag der Thesen war auch ein deutliches Zeichen gegen Angst! Ob Martin Luther am 31. Oktober 1517 tats\u00e4chlich eigenh\u00e4ndig seine 95 Thesen zum Ablasswesen an die T\u00fcr der Wittenberger Schlosskirche anschlug, wei\u00df niemand so ganz genau. Irgendwie wird die Wahrheit irgendwo in der Mitte liegen. Unbestritten ist aber, dass mit der Ver\u00f6ffentlichung der Thesen eine Erneuerungsbewegung der Kirche begann. Der j\u00e4hrliche Reformationstag am 31. Oktober erinnert uns an den legend\u00e4ren Thesenanschlag und die damit verbundene Spaltung der Kirche. Dabei war die Spaltung der Kirche gar nicht Luther&#8217;s Absicht. Vielmehr wollte er eine \u201eErneuerung\u201c der katholischen Kirche, was er mit dem Wort \u201eReformation\u201c auszudr\u00fccken versuchte. Martin Luther wollte eine Umgestaltung zu einem Besseren.<\/strong> <strong>Manche Reformen brauchen Zeit und nicht jede Ver\u00e4nderung kommt von jetzt auf gleich.<\/strong> <strong>So war das am Ende auch mit der Reformation. In unserem Heimatort Dirmingen wurde die Reformation erst im Jahre 1575 umgesetzt.<\/strong><\/p>\n\n\n\n<div class=\"wp-block-columns is-layout-flex wp-container-core-columns-is-layout-8f761849 wp-block-columns-is-layout-flex\">\n<div class=\"wp-block-column is-layout-flow wp-block-column-is-layout-flow\">\n<figure class=\"wp-block-image size-large\"><img loading=\"lazy\" decoding=\"async\" width=\"644\" height=\"735\" src=\"https:\/\/echta-derminga.de\/wp-content\/uploads\/2018\/10\/luther-home-644x735.jpg\" alt=\"\" class=\"wp-image-2486\" srcset=\"https:\/\/echta-derminga.de\/wp-content\/uploads\/2018\/10\/luther-home-644x735.jpg 644w, https:\/\/echta-derminga.de\/wp-content\/uploads\/2018\/10\/luther-home-263x300.jpg 263w, https:\/\/echta-derminga.de\/wp-content\/uploads\/2018\/10\/luther-home.jpg 665w\" sizes=\"auto, (max-width: 644px) 100vw, 644px\" \/><\/figure>\n<\/div>\n\n\n\n<div class=\"wp-block-column is-layout-flow wp-block-column-is-layout-flow\">\n<figure class=\"wp-block-image size-large\"><img loading=\"lazy\" decoding=\"async\" width=\"644\" height=\"848\" src=\"https:\/\/echta-derminga.de\/wp-content\/uploads\/2019\/10\/Kirsch-Pfarrer-Engel-644x848.jpeg\" alt=\"\" class=\"wp-image-4744\" srcset=\"https:\/\/echta-derminga.de\/wp-content\/uploads\/2019\/10\/Kirsch-Pfarrer-Engel-644x848.jpeg 644w, https:\/\/echta-derminga.de\/wp-content\/uploads\/2019\/10\/Kirsch-Pfarrer-Engel-228x300.jpeg 228w, https:\/\/echta-derminga.de\/wp-content\/uploads\/2019\/10\/Kirsch-Pfarrer-Engel-768x1011.jpeg 768w, https:\/\/echta-derminga.de\/wp-content\/uploads\/2019\/10\/Kirsch-Pfarrer-Engel.jpeg 835w\" sizes=\"auto, (max-width: 644px) 100vw, 644px\" \/><\/figure>\n<\/div>\n<\/div>\n\n\n\n<p class=\"has-medium-font-size wp-block-paragraph\">Irgendwo zwischen &#8222;Rommelbootze&#8220; und &#8222;Halloween&#8220; irrt der gute alte Luther herum ! Finden wir in der Diskussion um Halloween, Rommelbootze und anderen wichtigen Themen \u00fcberhaupt noch Platz f\u00fcr Luther und seine Reformation ? Bei den evangelischen Christen ist das Reformationsfest das Wichtigste Fest im Jahr, denn es ist der Geburtstag ihrer Kirche. <\/p>\n\n\n\n<p class=\"has-medium-font-size wp-block-paragraph\"><strong>Reformieren &#8211; ver\u00e4ndern, verbessern, neu gestalten ! H\u00f6rt sich doch gut an, orra? M\u00fcssen wir Angst vor Ver\u00e4nderungen haben oder ist es nicht l\u00e4ngst an der Zeit einige grundliegenden Dinge zu ver\u00e4ndern ?<\/strong><\/p>\n\n\n\n<p class=\"has-medium-font-size wp-block-paragraph\"><strong>Angst spaltet, isoliert und irritiert ! Angst ist heute unumg\u00e4nglich ! Das Gesch\u00e4ft mit der Angst boomt und die gro\u00dfen dieser Welt spielen mit der Angst der Menschen. Angst ist gegenw\u00e4rtig, Angst macht Einsam. Wir kennen die Angst vor Armut, Krankheit, Tot dem nuklearen Super Gau oder dem Verlust eines lieben Menschen. Angst l\u00e4hmt und hemmt uns in unseren Entscheidungen. <\/strong><\/p>\n\n\n\n<p class=\"has-medium-font-size wp-block-paragraph\">Ich denke, es ist an der Zeit zu Ver\u00e4ndern oder zu Reformieren. Dabei d\u00fcrfen wir keine Angst vor dem Neuen haben. Was Angst und Panikmache tats\u00e4chlich bewirken sehen wir aktuell nicht nur in unserem Land oder in Europa sondern \u00fcberall auf der Welt. Menschen werden mit Angst klein gehalten und diskriminiert. <\/p>\n\n\n\n<p class=\"has-medium-font-size wp-block-paragraph\"><strong>Sei\u2019s drum: Ich w\u00fcnsche allen einen sch\u00f6nen Reformationstag oder nach belieben ein sch\u00f6nes &#8222;Halloweenfest&#8220;. Ein jeder wie er will! Wenn ich Zuhause sein sollte, werde ich den Kindern auf Verlangen auch gerne S\u00fc\u00dfigkeiten schenken. Ich werde versuchen mir den 31. Oktober so angenehm wie m\u00f6glich zu gestalten. Vielleicht trinke ich ein leckeres Lutherbier und genie\u00dfe den Reformationstag. Das schont meine Nerven und verschafft mir zudem eine ruhige Nacht.<\/strong><\/p>\n\n\n\n<blockquote class=\"wp-block-quote is-layout-flow wp-block-quote-is-layout-flow\">\n<p class=\"wp-block-paragraph\"><strong>Psalm 31- Vers 10: \u201eHERR, sei mir gn\u00e4dig, denn mir ist angst! Mein Auge ist tr\u00fcbe geworden vor Gram, matt meine Seele und mein Leib.\u201c Ich habe was gegen deine Angst \u2013 Gott!<\/strong><\/p>\n<cite><strong>Bibel: Psalm 31- Vers.10.<\/strong><\/cite><\/blockquote>\n\n\n<div class=\"wp-block-image\">\n<figure class=\"aligncenter size-large\"><img loading=\"lazy\" decoding=\"async\" width=\"644\" height=\"452\" src=\"https:\/\/echta-derminga.de\/wp-content\/uploads\/2019\/10\/P1030091-644x452.jpg\" alt=\"\" class=\"wp-image-4760\" srcset=\"https:\/\/echta-derminga.de\/wp-content\/uploads\/2019\/10\/P1030091-644x452.jpg 644w, https:\/\/echta-derminga.de\/wp-content\/uploads\/2019\/10\/P1030091-300x211.jpg 300w, https:\/\/echta-derminga.de\/wp-content\/uploads\/2019\/10\/P1030091-768x539.jpg 768w, https:\/\/echta-derminga.de\/wp-content\/uploads\/2019\/10\/P1030091.jpg 783w\" sizes=\"auto, (max-width: 644px) 100vw, 644px\" \/><\/figure>\n<\/div>","protected":false},"excerpt":{"rendered":"<p>Der Herbst zieht durch unser Land und die Tage werden k\u00fcrzer.\u00a0Manchmal habe ich das Gef\u00fchl, dass es nach dem Auszug unserer &#8222;Kerb&#8220; Schlag auf Schlag geht. Mit Riesenschritten geht es pl\u00f6tzlich in Richtung Jahresende. Nach der &#8222;Kerb&#8220; nimmt die dunkele Jahreszeit so richtig Schwung auf: es folgt &#8222;Halloween&#8220; zeitgleich mit dem Reformationstag, danach reitet St. Martin durch unser Dorf und<\/p>\n","protected":false},"author":1,"featured_media":13870,"comment_status":"open","ping_status":"closed","sticky":false,"template":"","format":"standard","meta":{"_crdt_document":"","footnotes":""},"categories":[1,47,902],"tags":[5,618,485,127,484,1022,310],"class_list":["post-13974","post","type-post","status-publish","format-standard","has-post-thumbnail","hentry","category-allgemein","category-meine-kirche","category-meine-meinung","tag-dirmingen","tag-gemeinde-eppelborn","tag-halloween","tag-landkreis-neunkirchen","tag-reformationstag","tag-rommelbootze","tag-saarland"],"_links":{"self":[{"href":"https:\/\/echta-derminga.de\/index.php?rest_route=\/wp\/v2\/posts\/13974","targetHints":{"allow":["GET"]}}],"collection":[{"href":"https:\/\/echta-derminga.de\/index.php?rest_route=\/wp\/v2\/posts"}],"about":[{"href":"https:\/\/echta-derminga.de\/index.php?rest_route=\/wp\/v2\/types\/post"}],"author":[{"embeddable":true,"href":"https:\/\/echta-derminga.de\/index.php?rest_route=\/wp\/v2\/users\/1"}],"replies":[{"embeddable":true,"href":"https:\/\/echta-derminga.de\/index.php?rest_route=%2Fwp%2Fv2%2Fcomments&post=13974"}],"version-history":[{"count":15,"href":"https:\/\/echta-derminga.de\/index.php?rest_route=\/wp\/v2\/posts\/13974\/revisions"}],"predecessor-version":[{"id":13990,"href":"https:\/\/echta-derminga.de\/index.php?rest_route=\/wp\/v2\/posts\/13974\/revisions\/13990"}],"wp:featuredmedia":[{"embeddable":true,"href":"https:\/\/echta-derminga.de\/index.php?rest_route=\/wp\/v2\/media\/13870"}],"wp:attachment":[{"href":"https:\/\/echta-derminga.de\/index.php?rest_route=%2Fwp%2Fv2%2Fmedia&parent=13974"}],"wp:term":[{"taxonomy":"category","embeddable":true,"href":"https:\/\/echta-derminga.de\/index.php?rest_route=%2Fwp%2Fv2%2Fcategories&post=13974"},{"taxonomy":"post_tag","embeddable":true,"href":"https:\/\/echta-derminga.de\/index.php?rest_route=%2Fwp%2Fv2%2Ftags&post=13974"}],"curies":[{"name":"wp","href":"https:\/\/api.w.org\/{rel}","templated":true}]}}