{"id":14012,"date":"2022-11-01T14:00:06","date_gmt":"2022-11-01T13:00:06","guid":{"rendered":"https:\/\/echta-derminga.de\/?p=14012"},"modified":"2022-11-01T14:08:30","modified_gmt":"2022-11-01T13:08:30","slug":"in-sachen-ortsvorsteher-von-einem-ehrenamtsfest-einer-kleinen-geschaeftsidee-und-vielen-wunderschoenen-veranstaltungen","status":"publish","type":"post","link":"https:\/\/echta-derminga.de\/?p=14012","title":{"rendered":"In Sachen Ortsvorsteher: Von einem Ehrenamtsfest, einer sch\u00f6nen Gesch\u00e4ftsidee und vielen wundersch\u00f6nen Veranstaltungen"},"content":{"rendered":"\n<p class=\"has-medium-font-size wp-block-paragraph\"><strong>Der Herbst, der nun endg\u00fcltig die Regentschaft \u00fcbernommen hat, pr\u00e4sentierte sich zuletzt von seiner sch\u00f6nsten Seite. Nachdem unsere \u201eKerb\u201c auch in diesem Jahr alle gesetzten Erwartungen erf\u00fcllte, bewegen wir uns nun mit gro\u00dfen Schritten in Richtung \u201eMittelalterlicher Weihnachtsmarkt\u201c. Ich freue mich dar\u00fcber, dass der Kulturverein nach einer pandemiebedingten Pause zu der Entscheidung gekommen ist, den Markt an der Borrwieshalle wieder durchzuf\u00fchren. Das mittelalterliche vorweihnachtliche Treiben wird in seiner altbew\u00e4hrten Form am ersten Adventswochenende durchgef\u00fchrt. Ich m\u00f6chte Sie schon heute herzlich zu dieser Veranstaltung einladen.<\/strong><\/p>\n\n\n\n<p class=\"has-medium-font-size wp-block-paragraph\"><strong>R\u00fcckblick zur 276. \u201eDerminga Kerb\u201c<\/strong><\/p>\n\n\n\n<p class=\"has-medium-font-size wp-block-paragraph\">Die 276.\u201cDerminga Kerb\u201c wurde in der Zeit vom 22.10. bis zum 24.10.22 auf dem Festplatz und allen Dirminger Gastst\u00e4tten ausgerichtet. Schon zur Ausgrabung der \u201eKerb\u201c und dem Wachk\u00fcssen des \u201eKerwelisjes\u201c tummelten sich zahlreiche Schaulustige vor dem \u201eKl\u00e4se\u201c Keller. Das \u201eLisje\u201c und sein \u201eHannes\u201c wurden in diesem Jahr von B\u00fcrgermeister Dr. Andreas Feld und unserem Ober-Kulturaner wachgek\u00fcsst. Aus famili\u00e4ren Gr\u00fcnden konnte ich leider nicht dieser Zeremonie teilnehmen. Ich konnte mich jedoch am Kirmessonntag und am \u201eKerwemontag\u201c pers\u00f6nlich davon \u00fcberzeugen, dass unsere \u201eKerb\u201c immer noch zu den erfolgreichsten und traditionsreichsten Dorfkirmessen in unserer Region z\u00e4hlt. Ich m\u00f6chte in diesem Zusammenhang Reimund Klein und Hans-Peter Hoffmann danken. Nach der Er\u00f6ffnungszeremonie mit Festzug, Er\u00f6ffnungs- und \u201eKerwerede\u201c durch Hans-Peter Hoffmann sowie Fassanstisch durch das \u201eKerwepaar\u201c wurde bei der Blasmusik des MV Wiesbach ausgiebig gefeiert. Ich freue mich dar\u00fcber, dass wir in diesem Jahr endlich wieder mit Blasmusik feiern durften. Am \u201eKerwesonntag\u201c wurde im Belkerstadion z\u00fcnftig ein Oktoberfest des SV Dirmingen gefeiert. Anl\u00e4sslich des diesj\u00e4hrigen \u201eKerwespiels\u201c durfte ich gemeinsam mit dem Bundestagsabgeordneten Christian Petry, den Ortsvorstehern von Berschweiler Ingo Recktenwald, von Hirzweiler Ralf Fischer, von Stennweiler Christina Baltes und von Welschbach Chris Petry einen Spielball an die beiden Mannschaften der SG Dirmingen\/Berschweiler und der SH Hirz. \/Welsch. \/Stennweiler \u00fcbergeben. Der traditionsreiche \u201eKerwemontag\u201c erf\u00fcllte auch in diesem Jahr alle gesetzten Erwartungen. Im Gasthaus \u201eSchuhhannesse\u201c und in der \u201eDestille\u201c sowie auf dem Festplatz wurde ausgiebig gefeiert. In diesem Jahr wurde erstmals in Zusammenarbeit mit dem Gasthaus \u201eSchuhhannesse\u201c und der Familie Schneble Live-Musik im Au\u00dfenbereich angeboten. Der Macherbacher Ortsvorsteher J\u00fcrgen N\u00fcrnberger sorgte mit seiner Formation \u201eSchmerzfrei\u201c f\u00fcr die passende Musik. Ich m\u00f6chte mich herzlich bei allen bedanken die mit dazu beigetragen haben, dass die nunmehr 276. \u201eDerminga Kerb\u201c so erfolgreich gefeiert werden konnte. Ein besonderer Dank geht an unsere Schausteller sowie an den Getr\u00e4nkehandel \u201eBabu\u201c und den \u201eDicken Paul\u201c von Stefan Schneble. Besonders bedanken m\u00f6chte ich mich bei Christel Neufang die in diesem Jahr den Festwagen schm\u00fcckte sowie bei Stefan Schaefer und seiner Familie, die in diesem Jahr wieder den Traktor samt Wagen zur Verf\u00fcgung stellen und uns sicher zum Festplatz brachte. Ein weiterer Dank geht an Fabian Schlicher f\u00fcr die Beschallung w\u00e4hrend der Er\u00f6ffnungszeremonie. Vielen Dank auch an unsere Gastronomie f\u00fcr das wunderbare Angebot und den hervorragenden Service. Die 277. \u201eDerminga Kerb\u201c wird im n\u00e4chsten Jahr in der Zeit vom 28.10. bis zum 30.10.23 ausgerichtet.<\/p>\n\n\n\n<div class=\"wp-block-columns is-layout-flex wp-container-core-columns-is-layout-8f761849 wp-block-columns-is-layout-flex\">\n<div class=\"wp-block-column is-layout-flow wp-block-column-is-layout-flow\">\n<figure class=\"wp-block-image size-large\"><img loading=\"lazy\" decoding=\"async\" width=\"700\" height=\"467\" src=\"https:\/\/echta-derminga.de\/wp-content\/uploads\/2022\/10\/20221024_134645-700x467.jpg\" alt=\"\" class=\"wp-image-13937\" srcset=\"https:\/\/echta-derminga.de\/wp-content\/uploads\/2022\/10\/20221024_134645-700x467.jpg 700w, https:\/\/echta-derminga.de\/wp-content\/uploads\/2022\/10\/20221024_134645-300x200.jpg 300w, https:\/\/echta-derminga.de\/wp-content\/uploads\/2022\/10\/20221024_134645-768x512.jpg 768w, https:\/\/echta-derminga.de\/wp-content\/uploads\/2022\/10\/20221024_134645.jpg 1000w\" sizes=\"auto, (max-width: 700px) 100vw, 700px\" \/><\/figure>\n<\/div>\n\n\n\n<div class=\"wp-block-column is-layout-flow wp-block-column-is-layout-flow\">\n<figure class=\"wp-block-image size-large\"><img loading=\"lazy\" decoding=\"async\" width=\"700\" height=\"440\" src=\"https:\/\/echta-derminga.de\/wp-content\/uploads\/2022\/10\/IMG-20221022-WA0085-700x440.jpg\" alt=\"\" class=\"wp-image-13933\" srcset=\"https:\/\/echta-derminga.de\/wp-content\/uploads\/2022\/10\/IMG-20221022-WA0085-700x440.jpg 700w, https:\/\/echta-derminga.de\/wp-content\/uploads\/2022\/10\/IMG-20221022-WA0085-300x188.jpg 300w, https:\/\/echta-derminga.de\/wp-content\/uploads\/2022\/10\/IMG-20221022-WA0085-768x482.jpg 768w, https:\/\/echta-derminga.de\/wp-content\/uploads\/2022\/10\/IMG-20221022-WA0085.jpg 1000w\" sizes=\"auto, (max-width: 700px) 100vw, 700px\" \/><\/figure>\n<\/div>\n\n\n\n<div class=\"wp-block-column is-layout-flow wp-block-column-is-layout-flow\">\n<figure class=\"wp-block-image size-large\"><img loading=\"lazy\" decoding=\"async\" width=\"700\" height=\"459\" src=\"https:\/\/echta-derminga.de\/wp-content\/uploads\/2022\/10\/20221024_1338000-700x459.jpg\" alt=\"\" class=\"wp-image-13936\" srcset=\"https:\/\/echta-derminga.de\/wp-content\/uploads\/2022\/10\/20221024_1338000-700x459.jpg 700w, https:\/\/echta-derminga.de\/wp-content\/uploads\/2022\/10\/20221024_1338000-300x197.jpg 300w, https:\/\/echta-derminga.de\/wp-content\/uploads\/2022\/10\/20221024_1338000-768x504.jpg 768w, https:\/\/echta-derminga.de\/wp-content\/uploads\/2022\/10\/20221024_1338000.jpg 1000w\" sizes=\"auto, (max-width: 700px) 100vw, 700px\" \/><\/figure>\n<\/div>\n<\/div>\n\n\n\n<p class=\"has-medium-font-size wp-block-paragraph\"><strong>Petit Beau R\u00eave \u2013 Sch\u00f6ne Gesch\u00e4ftsidee aus Dirmingen<\/strong><\/p>\n\n\n\n<p class=\"has-medium-font-size wp-block-paragraph\">In den Gesch\u00e4ftsr\u00e4umen von \u201eSchreiben und Schenken by Angelique\u201c in Dirmingen erwartet die Kundschaft ab sofort ein weiteres, sehr ansprechendes Warenangebot. Denn im Laden von Inhaberin Angelique Honig, die \u201eSchreiben und Schenken\u201c zum 1. Juni 2022 vom Inhaber J\u00fcrgen Gordner \u00fcbernommen hat, sind zuk\u00fcnftig die von Birgit Schlicher gefertigten \u201ePetit Beau R\u00eave\u201c zu finden. Die Dirminger B\u00fcrgerin Birgit Schlicher hat sich mit der Herstellung von kleinen Kosmetiktaschen und Aufbewahrungsaccessoires verwirklicht und wird zuk\u00fcnftig die Kreationen bei \u201eSchreiben und Schenken\u201c pr\u00e4sentieren. Mit viel Herzblut und einer gro\u00dfen Liebe zum Detail entstehen wundersch\u00f6ne Unikate. Bei der Herstellung der Taschen versucht Birgit Schlicher sehr gerne individuelle Kundenw\u00fcnsche zu erf\u00fcllen. Gemeinsam mit Ortsvorsteher Frank Klein besuchte B\u00fcrgermeister Andreas Feld \u201eSchreiben und Schenken\u201c und w\u00fcnschte Birgit Schlicher viel Erfolg f\u00fcr ihre Gesch\u00e4ftsidee. \u201eViele Menschen sch\u00e4tzen heute Handarbeit und suchen nach dem Besonderen. Bei Birgit Schlicher werden sie auf der Suche nach einer au\u00dfergew\u00f6hnlichen Geschenkidee sicher f\u00fcndig\u201c, sagte der B\u00fcrgermeister. INFO: Petit Beau R\u00eave, Birgit Schlicher, H\u00f6ppesb\u00fcsch 6, 66571 Eppelborn. Telefon: (0163) 6001330 oder eMail: b.schlicher@gmx.de (Quelle: Gemeinde Eppelborn)<\/p>\n\n\n<div class=\"wp-block-image\">\n<figure class=\"aligncenter size-large\"><img loading=\"lazy\" decoding=\"async\" width=\"700\" height=\"525\" src=\"https:\/\/echta-derminga.de\/wp-content\/uploads\/2022\/11\/638023907113233656_image001-1024x768-1-700x525.jpg\" alt=\"\" class=\"wp-image-14016\" srcset=\"https:\/\/echta-derminga.de\/wp-content\/uploads\/2022\/11\/638023907113233656_image001-1024x768-1-700x525.jpg 700w, https:\/\/echta-derminga.de\/wp-content\/uploads\/2022\/11\/638023907113233656_image001-1024x768-1-300x225.jpg 300w, https:\/\/echta-derminga.de\/wp-content\/uploads\/2022\/11\/638023907113233656_image001-1024x768-1-768x576.jpg 768w, https:\/\/echta-derminga.de\/wp-content\/uploads\/2022\/11\/638023907113233656_image001-1024x768-1.jpg 1024w\" sizes=\"auto, (max-width: 700px) 100vw, 700px\" \/><\/figure>\n<\/div>\n\n\n<p class=\"has-medium-font-size wp-block-paragraph\"><strong>\u201eDerminga\u201c Ehrenamtsfest 2022<\/strong><\/p>\n\n\n\n<p class=\"has-medium-font-size wp-block-paragraph\">Um was geht es? Viele Menschen engagieren sich freiwillig in unseren Vereinen und Organisationen. Dabei wird t\u00e4glich v\u00f6llig unentgeltlich Gutes bewirkt. Unser Ehrenamt ist vielf\u00e4ltig und verbindet die Menschen in unserem Dorf. Mit dem Ehrenamtsfest 2022 am Freitag, 11. November in unserer \u201eAlten Scheune\u201c m\u00f6chten wir denjenigen danken, die \u00fcber Jahrzehnte hinweg Gutes in unseren Vereinen und in unserem Dorf bewirkt haben. Das Ehrenamt verdient unseren Respekt. Dabei hat das ehrenamtliche Engagement viele Gesichter. Wir erleben gro\u00dfartiges Engagement in Sport-, Kultur sowie in unseren Organisationen und Verb\u00e4nden. Ehrenamtler sind auch im t\u00e4glichen Leben stark engagiert und &#8222;helfen zu Helfen&#8220;. Dies kann in der Fl\u00fcchtlingsarbeit oder auch in sozialen Kreisen und Einrichtungen geschehen. Ebenso erw\u00e4hnenswert ist das ehrenamtliche Engagement in den Organisationen wie z.B unserer Feuerwehr oder anderen anerkannten Hilfsorganisationen. Auch die gro\u00dfen Herausforderungen wie w\u00e4hrend der Corona-Pandemie oder die Flutkatastrophe in Deutschland 2021 haben die Bedeutung des Ehrenamts deutlich hervorgehoben. Nach dem unser Dorf in diesem Jahr bei dem Landesentscheid zu dem Wettbewerb \u201eUnser Dorf hat Zukunft\u201c den 2. Platz belegt hat, kam ich zu dem Entschluss, die Siegerpr\u00e4mie in das Ehrenamt unseres Dorfes zu investieren. Es geht um die Menschen die v\u00f6llig uneigenn\u00fctzig hinter den Kulissen harte und wichtige Arbeit f\u00fcr unser Dorf leisten. Aus diesem Grunde habe ich gemeinsam und mit Unterst\u00fctzung unserer Vereine und Organisationen Menschen eingeladen, die \u00fcber Jahrzehnte hinweg ehrenamtliche T\u00e4tigkeit f\u00fcr unsere Dorfgemeinschaft verrichtet haben. Bei den Planungen konnten wir nat\u00fcrlich nicht jeden ber\u00fccksichtigen und haben und deshalb dazu entschlossen zun\u00e4chst einmal das jahrelange und besondere ehrenamtliche Engagement zu heben. Die am Freitag, 11. November stattfindende Veranstaltung wird jedoch nur der Anfang einer Reihe sein. Ich denke wir sollten uns auch zuk\u00fcnftig einmal im Jahr unseren Ehrenamtlichen widmet und Danke sagen. Ich bin \u00fcberzeugt davon, dass es uns auf Dauer gelingen wird, jedem Ehrenamtler Danke zu sagen. W\u00e4hrend der Veranstaltung am 11. November um 19:00 Uhr wird es neben Live-Musik und gutem Essen auch Platz f\u00fcr Ehrungen geben.<\/p>\n\n\n<div class=\"wp-block-image\">\n<figure class=\"aligncenter size-large\"><img loading=\"lazy\" decoding=\"async\" width=\"700\" height=\"525\" src=\"https:\/\/echta-derminga.de\/wp-content\/uploads\/2022\/07\/Preistraeger-mit-Bank-700x525.jpg\" alt=\"\" class=\"wp-image-13175\" srcset=\"https:\/\/echta-derminga.de\/wp-content\/uploads\/2022\/07\/Preistraeger-mit-Bank-700x525.jpg 700w, https:\/\/echta-derminga.de\/wp-content\/uploads\/2022\/07\/Preistraeger-mit-Bank-300x225.jpg 300w, https:\/\/echta-derminga.de\/wp-content\/uploads\/2022\/07\/Preistraeger-mit-Bank-768x576.jpg 768w, https:\/\/echta-derminga.de\/wp-content\/uploads\/2022\/07\/Preistraeger-mit-Bank.jpg 1280w\" sizes=\"auto, (max-width: 700px) 100vw, 700px\" \/><\/figure>\n<\/div>\n\n\n<p class=\"has-medium-font-size wp-block-paragraph\"><strong>Ehrenkranzniederlegung zum Volkstrauertag<\/strong><\/p>\n\n\n\n<p class=\"has-medium-font-size wp-block-paragraph\">Der Ortsrat Dirmingen wird auch in diesem Jahr am Sonntag, 13. November dem Volkstrauertag einen Ehrenkranz auf dem Dirminger Friedhof niederlegen. Die Zeremonie wird in Zusammenarbeit mit der katholischen Pfarreiengemeinschaft Eppelborn-Dirmingen, der evangelischen Kirchengemeinde Dirmingen, dem evangelischen Posaunenchor Dirmingen und der Reservistenkameradschaft Illtal durchgef\u00fchrt. Die Veranstaltung beginnt um 14:00 Uhr auf dem Dirminger Friedhof. Die Bev\u00f6lkerung ist herzlich eingeladen.<\/p>\n\n\n\n<p class=\"has-medium-font-size wp-block-paragraph\"><strong>Info-Veranstaltung \u201eNotfallvorsorge\u201c am 03.11.22 um 18.30 h im Pfarrzentrum<\/strong><\/p>\n\n\n\n<p class=\"has-medium-font-size wp-block-paragraph\">Gemeinsam mit dem L\u00f6schbezirk Dirmingen f\u00fchrt die Kolpingsfamilie am Donnerstag, 03.11.22 um 18.30 Uhr im kath. Pfarrzentrum Dirmingen eine Informationsveranstaltung durch, die sich mit der Notfallvorsorge und dem richtigen Handeln in Notsituationen befasst. Hierzu laden wir alle interessierten B\u00fcrger ein. Verpassen Sie diese informative Veranstaltung nicht, die Ihnen ein umfangreiches Wissen und zahlreiche Tipps rund um Ihre Sicherheit liefert. (Quelle Kolpingfamilie Dirmingen)<\/p>\n\n\n\n<p class=\"has-medium-font-size wp-block-paragraph\"><strong>Ausrichtung der St. Martinsfeier am Rothenbergzentrum<\/strong><\/p>\n\n\n\n<p class=\"has-medium-font-size wp-block-paragraph\">Auch in diesem Jahr werden wir wieder eine St.-Martinsfeier mit Umzug durchf\u00fchren. Um 17.00 Uhr findet in der katholischen Kirche eine kindgerechte Feier statt, in der die St.-Martinsgeschichte noch einmal dargestellt wird. Danach versammeln sich alle um ca. 17.30 Uhr auf dem Vorplatz der kath. Kirche, wo der hl. Sankt Martin auf hohem Ross den Umzug auf einem Teilst\u00fcck der Tholeyer Stra\u00dfe zum Au\u00dfengel\u00e4nde der Rothenbergschule geleitet. Dort hat der L\u00f6schbezirk unserer Feuerwehr das Martinsfeuer entz\u00fcndet. Hell erleuchtende Lampions und St.-Martinslaternen werden gemeinsam mit dem Posaunenchor der evangelischen Kirchengemeinde f\u00fcr eine stimmungsvolle Atmosph\u00e4re sorgen. Wir laden alle Kinder mit ihren Eltern, Gro\u00dfeltern, Tanten, Onkels und Bekannten recht herzlich ein, mit uns in festlicher Stimmung den St.-Martinstag zu feiern. Selbstverst\u00e4ndlich erhalten all unsere Kinder wieder die hei\u00df begehrte Martinsbrezel. Kinderpunsch und Gl\u00fchwein f\u00fcr die Erwachsenen sowie knusprig gebratene Rostw\u00fcrste runden das Angebot ab. (Quelle: Kolpingfamilie Dirmingen) <strong>Nat\u00fcrlich werde ich auch in diesem Jahr wieder die Kosten der Zuckerbrezeln \u00fcbernehmen !<\/strong><\/p>\n\n\n\n<div class=\"wp-block-columns is-layout-flex wp-container-core-columns-is-layout-8f761849 wp-block-columns-is-layout-flex\">\n<div class=\"wp-block-column is-layout-flow wp-block-column-is-layout-flow\">\n<figure class=\"wp-block-image size-large\"><img loading=\"lazy\" decoding=\"async\" width=\"700\" height=\"933\" src=\"https:\/\/echta-derminga.de\/wp-content\/uploads\/2021\/11\/IMG-20201111-WA0003-700x933.jpg\" alt=\"\" class=\"wp-image-11254\" srcset=\"https:\/\/echta-derminga.de\/wp-content\/uploads\/2021\/11\/IMG-20201111-WA0003-700x933.jpg 700w, https:\/\/echta-derminga.de\/wp-content\/uploads\/2021\/11\/IMG-20201111-WA0003-225x300.jpg 225w, https:\/\/echta-derminga.de\/wp-content\/uploads\/2021\/11\/IMG-20201111-WA0003.jpg 768w\" sizes=\"auto, (max-width: 700px) 100vw, 700px\" \/><\/figure>\n<\/div>\n\n\n\n<div class=\"wp-block-column is-layout-flow wp-block-column-is-layout-flow\">\n<figure class=\"wp-block-image size-large\"><img loading=\"lazy\" decoding=\"async\" width=\"700\" height=\"701\" src=\"https:\/\/echta-derminga.de\/wp-content\/uploads\/2021\/11\/20211112_143914-1-700x701.jpg\" alt=\"\" class=\"wp-image-11253\" srcset=\"https:\/\/echta-derminga.de\/wp-content\/uploads\/2021\/11\/20211112_143914-1-700x701.jpg 700w, https:\/\/echta-derminga.de\/wp-content\/uploads\/2021\/11\/20211112_143914-1-300x300.jpg 300w, https:\/\/echta-derminga.de\/wp-content\/uploads\/2021\/11\/20211112_143914-1-150x150.jpg 150w, https:\/\/echta-derminga.de\/wp-content\/uploads\/2021\/11\/20211112_143914-1-768x769.jpg 768w, https:\/\/echta-derminga.de\/wp-content\/uploads\/2021\/11\/20211112_143914-1-1533x1536.jpg 1533w, https:\/\/echta-derminga.de\/wp-content\/uploads\/2021\/11\/20211112_143914-1-90x90.jpg 90w, https:\/\/echta-derminga.de\/wp-content\/uploads\/2021\/11\/20211112_143914-1-75x75.jpg 75w, https:\/\/echta-derminga.de\/wp-content\/uploads\/2021\/11\/20211112_143914-1.jpg 1661w\" sizes=\"auto, (max-width: 700px) 100vw, 700px\" \/><\/figure>\n<\/div>\n<\/div>\n\n\n\n<p class=\"has-medium-font-size wp-block-paragraph\"><strong>6 x11 + 2- Jubil\u00e4um des KKV am 19.11.22 um 17.30 Uhr in der Borrwieshalle<\/strong><\/p>\n\n\n\n<p class=\"has-medium-font-size wp-block-paragraph\">Nachdem wir zwei Jahre hintereinander wegen der Corona-Pandemie auf die Durchf\u00fchrung unserer Jubil\u00e4umsfeier verzichten mussten, nehmen wir dieses Jahr erneut Anlauf. Der Vorstand der Kolpingsfamilie und des KKV haben deshalb einstimmig beschlossen, die Jubil\u00e4umsveranstaltung am Samstag, dem 19. November 2022 um 17.30 Uhr in der Borrwieshalle durchzuf\u00fchren. Einlass ist um 17.00 Uhr. Der Eintritt ist frei. Neben den \u00fcblichen Er\u00f6ffnungsreden und Ehrungen spielt ab 19.30 Uhr zur musikalischen Unterhaltung die Band \u201eFire light\u201c. F\u00fcr Essen und Getr\u00e4nke ist reichlich gesorgt. Wir freuen uns auf euch! (Quelle: KKV Dirmingen)<\/p>\n\n\n<div class=\"wp-block-image\">\n<figure class=\"aligncenter size-large\"><img loading=\"lazy\" decoding=\"async\" width=\"644\" height=\"324\" src=\"https:\/\/echta-derminga.de\/wp-content\/uploads\/2019\/03\/IMG_20190302_212423_resized_20190304_041434370-644x324.jpg\" alt=\"\" class=\"wp-image-3288\" srcset=\"https:\/\/echta-derminga.de\/wp-content\/uploads\/2019\/03\/IMG_20190302_212423_resized_20190304_041434370-644x324.jpg 644w, https:\/\/echta-derminga.de\/wp-content\/uploads\/2019\/03\/IMG_20190302_212423_resized_20190304_041434370-300x151.jpg 300w, https:\/\/echta-derminga.de\/wp-content\/uploads\/2019\/03\/IMG_20190302_212423_resized_20190304_041434370-768x387.jpg 768w, https:\/\/echta-derminga.de\/wp-content\/uploads\/2019\/03\/IMG_20190302_212423_resized_20190304_041434370.jpg 800w\" sizes=\"auto, (max-width: 644px) 100vw, 644px\" \/><\/figure>\n<\/div>\n\n\n<p class=\"has-medium-font-size wp-block-paragraph\"><strong>Unsere Kinder feiern gemeinsam \u201eHalloween\u201c<\/strong><\/p>\n\n\n\n<p class=\"has-medium-font-size wp-block-paragraph\">Eine tolle \u201eHalloween-Aktion\u201c der Dirminger Jusos. In Gruppen aufgeteilt zogen fast 30 Kinder am Montag,31.10.22 unter Aufsicht der JUSOS durch unsere Stra\u00dfen und sammelten S\u00fc\u00dfes oder Saures. Aus Sicherheitsgr\u00fcnden wurde jede Kindergruppe von Erwachsenen begleitet. Die JUSOS haben diese Veranstaltung nicht zum ersten Mal durchgef\u00fchrt und durften sich in diesem Jahr \u00fcber eine Rekordteilnehmerzahl freuen. Am Ende einer schaurig, gruseligen Veranstaltung wurde das beste Kost\u00fcm pr\u00e4miert. Ich freue mich \u00fcber die ehrenamtliche Initiative der JUSOS und danke f\u00fcr diese gro\u00dfartige Idee.<\/p>\n\n\n<div class=\"wp-block-image\">\n<figure class=\"aligncenter size-large\"><img loading=\"lazy\" decoding=\"async\" width=\"700\" height=\"323\" src=\"https:\/\/echta-derminga.de\/wp-content\/uploads\/2022\/11\/313403143_5566859690075377_8076878394559505751_n-700x323.jpg\" alt=\"\" class=\"wp-image-14020\" srcset=\"https:\/\/echta-derminga.de\/wp-content\/uploads\/2022\/11\/313403143_5566859690075377_8076878394559505751_n-700x323.jpg 700w, https:\/\/echta-derminga.de\/wp-content\/uploads\/2022\/11\/313403143_5566859690075377_8076878394559505751_n-300x139.jpg 300w, https:\/\/echta-derminga.de\/wp-content\/uploads\/2022\/11\/313403143_5566859690075377_8076878394559505751_n-768x355.jpg 768w, https:\/\/echta-derminga.de\/wp-content\/uploads\/2022\/11\/313403143_5566859690075377_8076878394559505751_n-1536x710.jpg 1536w, https:\/\/echta-derminga.de\/wp-content\/uploads\/2022\/11\/313403143_5566859690075377_8076878394559505751_n.jpg 2048w\" sizes=\"auto, (max-width: 700px) 100vw, 700px\" \/><\/figure>\n<\/div>\n\n\n<p class=\"has-medium-font-size wp-block-paragraph\"><strong>\u201eRommele schnitze\u201c und Laternenbasteln engagierter Eltern<\/strong><\/p>\n\n\n\n<p class=\"has-medium-font-size wp-block-paragraph\">Es ist sch\u00f6n anzusehen, wie sich unsere Eltern ehrenamtlich zum Wohle unserer Kinder engagieren. Ich durfte mich in der vergangenen Woche gleich zweimal von dieser Tatsache \u00fcberzeugen. Nachdem unsere diesj\u00e4hrige \u201eRommelaktion\u201c am \u201eB\u00fcttels Eck\u201c dem schlechten Wetter zum Opfer fiel, durfte ich gemeinsam mit Andrea Anton und drei Kindern bei einer Dokumentation des Saarl\u00e4ndischen Rundfunks zum Thema \u201eRommelbootze\u201c teilnehmen. Die Sendung wurde am Freitag, 28.10.22 im aktuellen Bericht ausgestrahlt. Im Mittelpunkt dieses Berichts stand der heutige Umgang mit der alten Tradition des \u201eRommelbooze Schnitzens\u201c. Am vergangenen Wochenende luden mehrere engagierte Eltern zum Laternenbasteln in den Nebenraum der Borrwieshalle ein. Auch hier wurde gro\u00dfartiges geleistet. Beim gemeinsamen Basteln hatten Kinder und Eltern sehr viel Spa\u00df. Die selbstgemachten Laternen werden nun w\u00e4hrend unseres Martinsumzugs am 12.11.22 am Rotenberg Zentrum pr\u00e4sentiert. Ich danke allen beteiligten f\u00fcr das ehrenamtliche Engagement zum Wohle unseres Heimatortes.<\/p>\n\n\n\n<div class=\"wp-block-columns is-layout-flex wp-container-core-columns-is-layout-8f761849 wp-block-columns-is-layout-flex\">\n<div class=\"wp-block-column is-layout-flow wp-block-column-is-layout-flow\">\n<figure class=\"wp-block-image size-large\"><img loading=\"lazy\" decoding=\"async\" width=\"700\" height=\"440\" src=\"https:\/\/echta-derminga.de\/wp-content\/uploads\/2022\/11\/1-700x440.jpg\" alt=\"\" class=\"wp-image-14021\" srcset=\"https:\/\/echta-derminga.de\/wp-content\/uploads\/2022\/11\/1-700x440.jpg 700w, https:\/\/echta-derminga.de\/wp-content\/uploads\/2022\/11\/1-300x188.jpg 300w, https:\/\/echta-derminga.de\/wp-content\/uploads\/2022\/11\/1-768x482.jpg 768w, https:\/\/echta-derminga.de\/wp-content\/uploads\/2022\/11\/1.jpg 1000w\" sizes=\"auto, (max-width: 700px) 100vw, 700px\" \/><\/figure>\n<\/div>\n\n\n\n<div class=\"wp-block-column is-layout-flow wp-block-column-is-layout-flow\">\n<figure class=\"wp-block-image size-large\"><img loading=\"lazy\" decoding=\"async\" width=\"700\" height=\"435\" src=\"https:\/\/echta-derminga.de\/wp-content\/uploads\/2022\/11\/2-700x435.jpg\" alt=\"\" class=\"wp-image-14022\" srcset=\"https:\/\/echta-derminga.de\/wp-content\/uploads\/2022\/11\/2-700x435.jpg 700w, https:\/\/echta-derminga.de\/wp-content\/uploads\/2022\/11\/2-300x186.jpg 300w, https:\/\/echta-derminga.de\/wp-content\/uploads\/2022\/11\/2-768x477.jpg 768w, https:\/\/echta-derminga.de\/wp-content\/uploads\/2022\/11\/2.jpg 1000w\" sizes=\"auto, (max-width: 700px) 100vw, 700px\" \/><\/figure>\n<\/div>\n<\/div>\n\n\n\n<p class=\"has-medium-font-size wp-block-paragraph\"><strong>Perlregen l\u00e4dt ein zur \u201eNovembernacht\u201c<\/strong><\/p>\n\n\n\n<p class=\"has-medium-font-size wp-block-paragraph\">Am 19.11.2022 pr\u00e4sentiert das Pop-Duo Perlregen im big Eppel mit \u201eNovember Nacht\u201c eine Nacht voller Musik und Unterhaltung. Mit K\u00fcnstlern wie Tina Gizella Klewin, AVA, Timo Br\u00fcck, Jennie Klos About 5 und Spin Light Fire vers\u00fc\u00dft ein atemberaubendes und ber\u00fchrendes Programm aus Musik, Tanz und Show den nebeligen Sp\u00e4therbst. In den letzten Jahren, bedingt durch die Pandemie haben sich um Perlregen herum neue Freundschaften entwickelt. Vor einem Jahr lernten S\u00e4ngerin Martina Schlaucher und Gitarrist Thomas Lapp die T\u00e4nzerin und Buchautorin Tina Gizella Klewin aus Augsburg kennen. Sie ver\u00f6ffentlichte zu dieser Zeit ihr erstes autobiografisches Buch \u201eHerz sucht Mut\u201c, zu dem Perlregen den Soundtrack produzieren durfte. Als Dank daf\u00fcr, spielte Tina in zwei Perlregen Videos eine Gastrolle als T\u00e4nzerin. Durch das Projekt \u201eDirmingen f\u00fcr Ukraine\u201c lernten Perlregen den Pianisten Timo Br\u00fcck und die Gruppe AVA kennen. \u201eTimo \u00fcberzeugte uns sehr schnell durch seine offene und ehrliche Art, ganz zu schweigen von seinem Talent die T\u00f6ne am Piano so frei und doch so gezielt zu spielen.\u201c meint Martina Schlaucher \u201eund AVA ist die sympathischste Girl-Gruppe die wir je kennengelernt haben. Talentiert und gut aussehend.\u201c Im Fr\u00fchjahr veranstalteten Martina Schlaucher und Thomas Lapp ein Casting f\u00fcr eine Kids Girl\u2019n Boy Band.Heraus kam die Gruppe \u201eAbout 5\u201c, deren zweiter Song \u201eWohin\u201c am 14.Oktober ver\u00f6ffentlicht wird. F\u00fcr den Advent, der mit \u201eNovember Nacht\u201c bereits einl\u00e4utet wird, wartet schon der n\u00e4chste noch unver\u00f6ffentlichte Song der vielversprechenden Nachwuchsband. Die Zusammenarbeit mit Musical- und, Pop-Rock-S\u00e4ngerin Jennie Kloos fing bereits vor dem ersten Perlregen Album an. Jennie wird an diesem Abend zum ersten Mal live mit ihrer Tochter, einer der S\u00e4ngerinnen von About 5, auf der B\u00fchne stehen, um ihren eigens komponierten Song mit ihr zu pr\u00e4sentieren. Spin Light Fire zaubert zudem magisch anmutende Momente aus Licht auf die B\u00fchne. Perlregen verwandelt so die Mischung aus unterschiedlichen K\u00fcnstlern zu einer spektakul\u00e4ren \u201eNovember Nacht\u201c: Emotional, ehrlich, offen, vielseitig &amp; kreativ, genau wie Perlregen selbst. Einlass 18:00 Uhr. Beginn 19:00 Uhr, Vorverkauf: 24 \u20ac, erm\u00e4\u00dfigt 19 \u20ac, Abendkasse: 26 \u20ac, erm\u00e4\u00dfigt 21 \u20ac. Eintrittskarten sind bei mir pers\u00f6nlich oder bei \u201eSchreiben und Schenken\u201c sowie bei der Gemeinde Eppelborn k\u00e4uflich zu erwerben. (Infos und Bildquelle: Perlregen, SR3, Gemeinde Eppelborn und BTSP Pixel)<\/p>\n\n\n<div class=\"wp-block-image\">\n<figure class=\"aligncenter size-large\"><img loading=\"lazy\" decoding=\"async\" width=\"700\" height=\"875\" src=\"https:\/\/echta-derminga.de\/wp-content\/uploads\/2022\/11\/312499816_2225241870973575_1380021344491656875_n-700x875.jpg\" alt=\"\" class=\"wp-image-14024\" srcset=\"https:\/\/echta-derminga.de\/wp-content\/uploads\/2022\/11\/312499816_2225241870973575_1380021344491656875_n-700x875.jpg 700w, https:\/\/echta-derminga.de\/wp-content\/uploads\/2022\/11\/312499816_2225241870973575_1380021344491656875_n-240x300.jpg 240w, https:\/\/echta-derminga.de\/wp-content\/uploads\/2022\/11\/312499816_2225241870973575_1380021344491656875_n-768x960.jpg 768w, https:\/\/echta-derminga.de\/wp-content\/uploads\/2022\/11\/312499816_2225241870973575_1380021344491656875_n.jpg 1024w\" sizes=\"auto, (max-width: 700px) 100vw, 700px\" \/><\/figure>\n<\/div>\n\n\n<p class=\"has-medium-font-size wp-block-paragraph\"><strong>Liebe Mitb\u00fcrgerinnen, liebe Mitb\u00fcrger, es sind wahrhaftig keine leichte Zeiten. Dennoch gewinne ich t\u00e4glich den Eindruck, dass unser Dorf lebt und sich bewegt. Ich m\u00f6chte Sie einladen mitzumachen und zum Wohle unseres Dorfes anzupacken. Auf dem Weg macht man bestimmt auch mal Fehler oder \u00fcbersieht das ein oder andere. Auch ich bin bestimmt nicht frei von Fehlern und freue mich immer \u00fcber konstruktive Kritik. Es ist wichtig berechtigte Kritik anzunehmen, daraus zu lernen und es zuk\u00fcnftig besser zu machen. Wichtig ist, dass wir uns bewegen und gemeinsam an der Zukunft unseres Dorfes arbeiten. Schlie\u00dflich bewegt sich auch hier bei uns im Dorf nur etwas, wenn wir es gemeinsam bewegen.<\/strong><\/p>\n\n\n\n<p class=\"has-medium-font-size wp-block-paragraph\"><strong>Gutes zu bewirken ist wichtig und richtig ! Aus diesem Grunde habe ich gerne gemeinsam mit unserem Bundestagsabgeordneten Christian Petry die Schirmherrschaft zu der am 11.11.22 im Gasthaus &#8222;Schuhhannesse&#8220; stattfindende &#8222;Inzidance goes jeck&#8220; Veranstaltung \u00fcbernommen. Alle Einnahmen zu dieser Veranstaltung gehen an einen guten Zweck. Herzliche Einladung an alle !<\/strong><\/p>\n\n\n\n<p class=\"has-medium-font-size wp-block-paragraph\">in diesem Sinne<\/p>\n\n\n\n<p class=\"has-medium-font-size wp-block-paragraph\">Ihr Ortsvorsteher<\/p>\n\n\n\n<p class=\"has-medium-font-size wp-block-paragraph\">Frank Klein <\/p>\n\n\n\n<div class=\"wp-block-columns is-layout-flex wp-container-core-columns-is-layout-8f761849 wp-block-columns-is-layout-flex\">\n<div class=\"wp-block-column is-layout-flow wp-block-column-is-layout-flow\">\n<figure class=\"wp-block-image size-large\"><img loading=\"lazy\" decoding=\"async\" width=\"700\" height=\"989\" src=\"https:\/\/echta-derminga.de\/wp-content\/uploads\/2022\/11\/adfbfe-700x989.jpg\" alt=\"\" class=\"wp-image-14026\" srcset=\"https:\/\/echta-derminga.de\/wp-content\/uploads\/2022\/11\/adfbfe-700x989.jpg 700w, https:\/\/echta-derminga.de\/wp-content\/uploads\/2022\/11\/adfbfe-212x300.jpg 212w, https:\/\/echta-derminga.de\/wp-content\/uploads\/2022\/11\/adfbfe-768x1085.jpg 768w, https:\/\/echta-derminga.de\/wp-content\/uploads\/2022\/11\/adfbfe-1088x1536.jpg 1088w, https:\/\/echta-derminga.de\/wp-content\/uploads\/2022\/11\/adfbfe-1450x2048.jpg 1450w, https:\/\/echta-derminga.de\/wp-content\/uploads\/2022\/11\/adfbfe-scaled.jpg 1813w\" sizes=\"auto, (max-width: 700px) 100vw, 700px\" \/><\/figure>\n<\/div>\n\n\n\n<div class=\"wp-block-column is-layout-flow wp-block-column-is-layout-flow\">\n<figure class=\"wp-block-image size-large\"><img loading=\"lazy\" decoding=\"async\" width=\"700\" height=\"1245\" src=\"https:\/\/echta-derminga.de\/wp-content\/uploads\/2022\/11\/313037776_6016384471705739_7784038821496069815_n-700x1245.jpg\" alt=\"\" class=\"wp-image-14027\" srcset=\"https:\/\/echta-derminga.de\/wp-content\/uploads\/2022\/11\/313037776_6016384471705739_7784038821496069815_n-700x1245.jpg 700w, https:\/\/echta-derminga.de\/wp-content\/uploads\/2022\/11\/313037776_6016384471705739_7784038821496069815_n-169x300.jpg 169w, https:\/\/echta-derminga.de\/wp-content\/uploads\/2022\/11\/313037776_6016384471705739_7784038821496069815_n-768x1366.jpg 768w, https:\/\/echta-derminga.de\/wp-content\/uploads\/2022\/11\/313037776_6016384471705739_7784038821496069815_n-864x1536.jpg 864w, https:\/\/echta-derminga.de\/wp-content\/uploads\/2022\/11\/313037776_6016384471705739_7784038821496069815_n.jpg 899w\" sizes=\"auto, (max-width: 700px) 100vw, 700px\" \/><\/figure>\n<\/div>\n\n\n\n<div class=\"wp-block-column is-layout-flow wp-block-column-is-layout-flow\">\n<figure class=\"wp-block-image size-large\"><img loading=\"lazy\" decoding=\"async\" width=\"700\" height=\"983\" src=\"https:\/\/echta-derminga.de\/wp-content\/uploads\/2022\/11\/IMG-20221003-WA0000-700x983.jpg\" alt=\"\" class=\"wp-image-14028\" srcset=\"https:\/\/echta-derminga.de\/wp-content\/uploads\/2022\/11\/IMG-20221003-WA0000-700x983.jpg 700w, https:\/\/echta-derminga.de\/wp-content\/uploads\/2022\/11\/IMG-20221003-WA0000-214x300.jpg 214w, https:\/\/echta-derminga.de\/wp-content\/uploads\/2022\/11\/IMG-20221003-WA0000-768x1079.jpg 768w, https:\/\/echta-derminga.de\/wp-content\/uploads\/2022\/11\/IMG-20221003-WA0000-1093x1536.jpg 1093w, https:\/\/echta-derminga.de\/wp-content\/uploads\/2022\/11\/IMG-20221003-WA0000.jpg 1139w\" sizes=\"auto, (max-width: 700px) 100vw, 700px\" \/><\/figure>\n<\/div>\n<\/div>\n","protected":false},"excerpt":{"rendered":"<p>Der Herbst, der nun endg\u00fcltig die Regentschaft \u00fcbernommen hat, pr\u00e4sentierte sich zuletzt von seiner sch\u00f6nsten Seite. Nachdem unsere \u201eKerb\u201c auch in diesem Jahr alle gesetzten Erwartungen erf\u00fcllte, bewegen wir uns nun mit gro\u00dfen Schritten in Richtung \u201eMittelalterlicher Weihnachtsmarkt\u201c. Ich freue mich dar\u00fcber, dass der Kulturverein nach einer pandemiebedingten Pause zu der Entscheidung gekommen ist, den Markt an der Borrwieshalle wieder<\/p>\n","protected":false},"author":1,"featured_media":13934,"comment_status":"closed","ping_status":"closed","sticky":false,"template":"","format":"standard","meta":{"_crdt_document":"","footnotes":""},"categories":[1,9,812],"tags":[5,618,634,795,310],"class_list":["post-14012","post","type-post","status-publish","format-standard","has-post-thumbnail","hentry","category-allgemein","category-dorfgetratsche","category-ortsvorsteher-dirmingen","tag-dirmingen","tag-gemeinde-eppelborn","tag-ortsvorsteher","tag-ortsvorsteher-dirmingen","tag-saarland"],"_links":{"self":[{"href":"https:\/\/echta-derminga.de\/index.php?rest_route=\/wp\/v2\/posts\/14012","targetHints":{"allow":["GET"]}}],"collection":[{"href":"https:\/\/echta-derminga.de\/index.php?rest_route=\/wp\/v2\/posts"}],"about":[{"href":"https:\/\/echta-derminga.de\/index.php?rest_route=\/wp\/v2\/types\/post"}],"author":[{"embeddable":true,"href":"https:\/\/echta-derminga.de\/index.php?rest_route=\/wp\/v2\/users\/1"}],"replies":[{"embeddable":true,"href":"https:\/\/echta-derminga.de\/index.php?rest_route=%2Fwp%2Fv2%2Fcomments&post=14012"}],"version-history":[{"count":15,"href":"https:\/\/echta-derminga.de\/index.php?rest_route=\/wp\/v2\/posts\/14012\/revisions"}],"predecessor-version":[{"id":14035,"href":"https:\/\/echta-derminga.de\/index.php?rest_route=\/wp\/v2\/posts\/14012\/revisions\/14035"}],"wp:featuredmedia":[{"embeddable":true,"href":"https:\/\/echta-derminga.de\/index.php?rest_route=\/wp\/v2\/media\/13934"}],"wp:attachment":[{"href":"https:\/\/echta-derminga.de\/index.php?rest_route=%2Fwp%2Fv2%2Fmedia&parent=14012"}],"wp:term":[{"taxonomy":"category","embeddable":true,"href":"https:\/\/echta-derminga.de\/index.php?rest_route=%2Fwp%2Fv2%2Fcategories&post=14012"},{"taxonomy":"post_tag","embeddable":true,"href":"https:\/\/echta-derminga.de\/index.php?rest_route=%2Fwp%2Fv2%2Ftags&post=14012"}],"curies":[{"name":"wp","href":"https:\/\/api.w.org\/{rel}","templated":true}]}}