{"id":14037,"date":"2022-11-05T13:08:34","date_gmt":"2022-11-05T12:08:34","guid":{"rendered":"https:\/\/echta-derminga.de\/?p=14037"},"modified":"2022-11-06T14:50:34","modified_gmt":"2022-11-06T13:50:34","slug":"der-9-november-von-einer-zeitenwende-ins-gute-sind-wir-meilenweit-entfernt","status":"publish","type":"post","link":"https:\/\/echta-derminga.de\/?p=14037","title":{"rendered":"Der 9. November &#8211; Von einer Zeitenwende ins Gute sind wir meilenweit entfernt !"},"content":{"rendered":"\n<p class=\"has-medium-font-size wp-block-paragraph\"><strong>Der 9. November 1989 &#8211; Ein historischer Tag f\u00fcr Deutschland! Wohl kaum ein anderer Tag markiert in der deutschen Geschichte so h\u00e4ufig eine Zeitenwende. Die meisten von uns werden beim Blick auf den Kalender an den 09. November 1989 zur\u00fcckdenken. An diesem Tag brachte eine friedliche Demokratiebewegung die Berliner Mauer zum Einfallen. Bereits im Oktober 1989 \u00fcberschlugen sich die Ereignisse. Die Auswirkungen dieser friedlichen Volksrevolution waren bis in Saarland sp\u00fcrbar. Immer mehr Menschen fl\u00fcchteten \u00fcber Ungarn nach Deutschland und schlie\u00dflich auch bei uns an die Saar. Ohne Gewalt und mit viel Beharrlichkeit, setzte sich am Ende die sogenannte \u201cMacht der Stra\u00dfe\u201d durch. Ich erinnere mich an viele endlose Diskussionen in unserer Stammkneipe. Niemand konnte sich damals vorstellen, dass diese Bewegung zum Fall der Mauer f\u00fchren w\u00fcrde.<\/strong> <strong>Wir wurden gottlob eines besseren belehrt.<\/strong><\/p>\n\n\n\n<p class=\"has-medium-font-size wp-block-paragraph\">Eine geschichtstr\u00e4chtige Pressekonferenz am Abend des 9. November 1989 brachte das Fass zum \u00dcberlaufen. Die angesetzte Pressekonferenz der SED sorgte am Ende tats\u00e4chlich f\u00fcr eine Zeitenwende. Mit seinem damaligen legend\u00e4ren Statement riss der damalige SED-Funktion\u00e4r G\u00fcnter Schabowski praktisch die Mauer im Alleingang ein. Dabei war alles ganz anders geplant. Auf Schabowskis ber\u00fchmtem Zettel war keinerlei Sperrvermerk zu lesen, obwohl der ja eigentlich geplant war. Der Funktion\u00e4r \u00f6ffnete praktisch so ganz nebenbei den Weg in die Freiheit.&nbsp; Als der rot-wei\u00dfe Schlagbaum am Berliner Grenz\u00fcbergang am Donnerstag, 9. November 1989 an der \u201eBornholmer Stra\u00dfe\u201c fiel, wurde deutsche Geschichte geschrieben. <\/p>\n\n\n\n<p class=\"has-medium-font-size wp-block-paragraph\"><strong>Wohl kaum ein anderes Datum in unserer deutschen Geschichte sch\u00fcrte im Verlaufe der letzten Jahrzehnte die Emotionen so sehr wie der 9. November. Dieses Datum symbolisierte oft die Hoffnungen der Deutschen und auf der anderen Seite auch den Weg in das \u201eDritte Reich\u201c. Ausgerechnet an dem Datum, an dem die Berliner Mauer fiel und die Deutschen zur Wiedervereinigung kamen, begann in Berlin eines der schw\u00e4rzesten Kapitel unserer Geschichte. In der Nacht zum 9. November 1938 wurden auf Gehei\u00df der nationalsozialistischen Partei in ganz Deutschland L\u00e4den und Wohnungen j\u00fcdischer B\u00fcrger gepl\u00fcndert und zerst\u00f6rt. Synagogen wurden in Brand gesetzt, Menschen verhaftet, vertrieben und sogar ermordet. Dieser 09. November 1938 ging als &#8222;Reichspogromnacht&#8220; in die unsere Geschichte ein. Diese schicksalshafte Nacht steht f\u00fcr den Beginn des Grauens und f\u00fcr den Antisemitismus in unserem Land. Was daraufhin folgte sollte uns allen bis heute zur Mahnung dienen.<\/strong><\/p>\n\n\n\n<p class=\"has-medium-font-size wp-block-paragraph\">Die Nazis streuten ihre b\u00f6se Saat bereits viel fr\u00fcher in unserem Land aus. Am 9. November 1923 scheiterte in M\u00fcnchen der sogenannte Hitlerputsch. Ziel dieses Putschversuches war die \u201enationale Revolution\u201c und die Absetzung der Bayerischen Regierung und der Reichregierung. Dabei h\u00e4tte alles gut werden k\u00f6nnen. Am 9. November 1918 rief Philipp Scheidemann die erste Deutsche Republik aus. Die Novemberrevolution 1918 f\u00fchrt das Deutsche Reich von einer Monarchie in eine parlamentarisch-demokratische Republik.<\/p>\n\n\n\n<p class=\"has-medium-font-size wp-block-paragraph\"><strong>Immer wieder der 9. November! Was hat es mit diesem Tag auf sich und warum bewegt er unser Land? Noch nicht genug? Einen haben wir noch: Am 9. November 1848 scheiterte die sogenannte M\u00e4rzrevolution. Der volkst\u00fcmliche Anf\u00fchrer Robert Blum wird durch seinen Tod zur Symbolfigur dieser Revolution. Nach der Niederschlagung des Aufstands wird Blum am 9. November 1848 hingerichtet. Blum wurde am 9. November um 7:30 Uhr beim J\u00e4gerhaus in der Brigittenau erschossen. Seine letzten Worte waren: &#8222;Ich sterbe f\u00fcr die deutsche Freiheit, f\u00fcr die ich gek\u00e4mpft. M\u00f6ge das Vaterland meiner eingedenk sein.<\/strong>&#8222;<\/p>\n\n\n\n<p class=\"has-medium-font-size wp-block-paragraph\">Freiheit? Zur\u00fcck zum Anfang! Irgendwie schlie\u00dft sich der Kreis. Manchmal scheint es mir, als h\u00e4tte es das alles schon einmal gegeben. Vieles was wir heute h\u00f6ren, wurde in der Geschichte schon einmal ge\u00e4u\u00dfert. Wortfetzen: \u201eWir sind das Volk\u201c, \u201edie Mauer muss weg\u201c, \u201eAusl\u00e4nder raus\u201c, \u201eFreiheit\u201c\u2026lernen wir niemals dazu?<\/p>\n\n\n\n<p class=\"has-medium-font-size wp-block-paragraph\"><strong>Ich habe als sogenanntes \u201eKassettenkind\u201c die Wende miterlebt. Die 80-er Jahre haben bis heute einen festen Platz in meinem Herzen. Das war meine Zeit: Zauberw\u00fcrfel, Kassettenrecorder, NENA -Poster an der Wand, ZDF -Hitparade, Sportschau, Badewanne und Wetten, dass &#8230;?&nbsp; Heimlich am ersten \u201eSch\u00e4fer-Bier\u201c getrunken, Walkman auf den Ohren und die erste Liebe im Herzen. Auf der anderen Seite k\u00f6nnten uns die 80-er Jahren aber auch als mahnendes Beispiel dienen. Irgendwie alles schon mal da gewesen: die Auswirkungen des Klimawandels waren schon damals sp\u00fcrbar, W\u00e4lder wurden abgeholzt, die atomare Gefahr war allgegenw\u00e4rtig, der kalte Krieg hatte Europa in seinem kalten Griff, Ausl\u00e4nderfeindlichkeit und Friedensdemonstrationen waren an der Tagesordnung. Alles schon mal da gewesen, oder ? Haben wir daraus gelernt?<\/strong><\/p>\n\n\n\n<p class=\"has-medium-font-size wp-block-paragraph\">Ich denke noch heute gerne an den Mauerfall und die darauffolgende Zeitenwende zur\u00fcck. Schon als Jugendlicher konnte ich nicht begreifen, warum man ein Land durch eine Mauer teilt. Nat\u00fcrlich wuchs im Jahre 1989 zusammen, was zusammengeh\u00f6rt. Alle anderen Thesen sind aus meiner Sicht Unsinn. Noch ist es Zeit aus der Geschichte zu lernen. Noch k\u00f6nnen wir das Ding drehen und es f\u00fcr die kommenden Generationen besser machen. Es ist an der Zeit! Der 9. November kann am Ende eine wunderbare Nachricht mit sich ziehen. Menschen stehen auf, nehmen ihr Schicksal selbst in die Hand und schaffen gemeinsam, auf der Stra\u00dfe, etwas Historisches. Ist das nicht wunderbar? Hand in Hand wurde f\u00fcr die Freiheit gek\u00e4mpft: \u201e\u2026die Mauer muss weg\u201c oder \u201e\u2026wir sind das Volk\u201c sind unvergessene S\u00e4tze die als Meilensteine der Menschlichkeit in unsere Geschichtsb\u00fccher eingingen.<\/p>\n\n\n\n<p class=\"has-medium-font-size wp-block-paragraph\"><strong>\u201e\u2026wir sind das Volk\u201c, da war doch was? Wie man h\u00f6rt, wurde dieser Satz in den letzten paar Jahren \u00f6fters zweckentfremdet. Wir h\u00f6ren diesen Satz bei den Aufm\u00e4rschen der rechten Szene, w\u00e4hrend den diversen Corona-Demonstrationen oder auf den heutigen Montagsdemonstrationen gegen irgendwie &#8222;alles&#8220;.<\/strong> <strong>Damit wir uns nicht falsch verstehen: Demonstrationen sind gut ! Menschenketten, Lichterketten, Kundgebungen, Schweigem\u00e4rsche und Mahnwachen k\u00f6nnen zum Umdenken bewegen. Ironie des Schicksals oder unserer Geschichte: Die ersten urspr\u00fcnglichen Montagsdemonstrationen im Jahre 1989 sorgten f\u00fcr eine friedliche Zeitenwende. Davon sind wir im Moment meilenweit entfernt!<\/strong><\/p>\n\n\n<div class=\"wp-block-image\">\n<figure class=\"aligncenter size-large\"><img loading=\"lazy\" decoding=\"async\" width=\"700\" height=\"606\" src=\"https:\/\/echta-derminga.de\/wp-content\/uploads\/2022\/11\/20221105_124443-700x606.jpg\" alt=\"\" class=\"wp-image-14040\" srcset=\"https:\/\/echta-derminga.de\/wp-content\/uploads\/2022\/11\/20221105_124443-700x606.jpg 700w, https:\/\/echta-derminga.de\/wp-content\/uploads\/2022\/11\/20221105_124443-300x260.jpg 300w, https:\/\/echta-derminga.de\/wp-content\/uploads\/2022\/11\/20221105_124443-768x665.jpg 768w, https:\/\/echta-derminga.de\/wp-content\/uploads\/2022\/11\/20221105_124443-1536x1330.jpg 1536w, https:\/\/echta-derminga.de\/wp-content\/uploads\/2022\/11\/20221105_124443.jpg 1800w\" sizes=\"auto, (max-width: 700px) 100vw, 700px\" \/><\/figure>\n<\/div>","protected":false},"excerpt":{"rendered":"<p>Der 9. November 1989 &#8211; Ein historischer Tag f\u00fcr Deutschland! Wohl kaum ein anderer Tag markiert in der deutschen Geschichte so h\u00e4ufig eine Zeitenwende. Die meisten von uns werden beim Blick auf den Kalender an den 09. November 1989 zur\u00fcckdenken. An diesem Tag brachte eine friedliche Demokratiebewegung die Berliner Mauer zum Einfallen. Bereits im Oktober 1989 \u00fcberschlugen sich die Ereignisse.<\/p>\n","protected":false},"author":1,"featured_media":14040,"comment_status":"closed","ping_status":"closed","sticky":false,"template":"","format":"standard","meta":{"_crdt_document":"","footnotes":""},"categories":[1,9,902,8],"tags":[1024,5,618,127,310],"class_list":["post-14037","post","type-post","status-publish","format-standard","has-post-thumbnail","hentry","category-allgemein","category-dorfgetratsche","category-meine-meinung","category-sellemols-und-awweile","tag-9-november-2","tag-dirmingen","tag-gemeinde-eppelborn","tag-landkreis-neunkirchen","tag-saarland"],"_links":{"self":[{"href":"https:\/\/echta-derminga.de\/index.php?rest_route=\/wp\/v2\/posts\/14037","targetHints":{"allow":["GET"]}}],"collection":[{"href":"https:\/\/echta-derminga.de\/index.php?rest_route=\/wp\/v2\/posts"}],"about":[{"href":"https:\/\/echta-derminga.de\/index.php?rest_route=\/wp\/v2\/types\/post"}],"author":[{"embeddable":true,"href":"https:\/\/echta-derminga.de\/index.php?rest_route=\/wp\/v2\/users\/1"}],"replies":[{"embeddable":true,"href":"https:\/\/echta-derminga.de\/index.php?rest_route=%2Fwp%2Fv2%2Fcomments&post=14037"}],"version-history":[{"count":11,"href":"https:\/\/echta-derminga.de\/index.php?rest_route=\/wp\/v2\/posts\/14037\/revisions"}],"predecessor-version":[{"id":14052,"href":"https:\/\/echta-derminga.de\/index.php?rest_route=\/wp\/v2\/posts\/14037\/revisions\/14052"}],"wp:featuredmedia":[{"embeddable":true,"href":"https:\/\/echta-derminga.de\/index.php?rest_route=\/wp\/v2\/media\/14040"}],"wp:attachment":[{"href":"https:\/\/echta-derminga.de\/index.php?rest_route=%2Fwp%2Fv2%2Fmedia&parent=14037"}],"wp:term":[{"taxonomy":"category","embeddable":true,"href":"https:\/\/echta-derminga.de\/index.php?rest_route=%2Fwp%2Fv2%2Fcategories&post=14037"},{"taxonomy":"post_tag","embeddable":true,"href":"https:\/\/echta-derminga.de\/index.php?rest_route=%2Fwp%2Fv2%2Ftags&post=14037"}],"curies":[{"name":"wp","href":"https:\/\/api.w.org\/{rel}","templated":true}]}}