{"id":14049,"date":"2022-11-06T15:10:16","date_gmt":"2022-11-06T14:10:16","guid":{"rendered":"https:\/\/echta-derminga.de\/?p=14049"},"modified":"2022-11-06T15:24:07","modified_gmt":"2022-11-06T14:24:07","slug":"meine-gedanken-zum-volkstrauertag-2022-ist-eine-erinnerungskultur-noch-zeitgemaess","status":"publish","type":"post","link":"https:\/\/echta-derminga.de\/?p=14049","title":{"rendered":"Meine Gedanken zum Volkstrauertag 2022 &#8211; Ist eine Erinnerungskultur noch zeitgem\u00e4\u00df ?"},"content":{"rendered":"\n<blockquote class=\"wp-block-quote is-layout-flow wp-block-quote-is-layout-flow\">\n<p class=\"wp-block-paragraph\"><strong>\u201cDas sch\u00f6nste Denkmal, das ein Mensch bekommen kann, steht in den Herzen der Mitmenschen\u201d.<\/strong><\/p>\n<cite><em>(Albert Schweitzer)<\/em><\/cite><\/blockquote>\n\n\n\n<p class=\"has-medium-font-size wp-block-paragraph\"><strong>Der Volkstrauertag ist ein bundesweiter Gedenktag f\u00fcr die Opfer von Gewalt, Terror und Krieg. Der Volksbund Deutsche Kriegsgr\u00e4berf\u00fcrsorge e.V. f\u00fchrte diesen Volkstrauertag zum Gedenken an die Kriegstoten des Ersten Weltkrieges ein. Die erste offizielle Feierstunde zum Volkstrauertag fand im Jahre 1922 im Deutschen Reichstag in Berlin statt. Heute findet der Volkstrauertag seinen Platz unmittelbar vor der Advents- und Weihnachtszeit. W\u00e4hrend der Vorarbeit zu der diesj\u00e4hrigen Feststunde am Sonntag, 13. November um 14:00 Uhr auf dem Dirminger Friedhof habe ich mir die Frage gestellt, ob das Gedenken an die Kriegsopfer der beiden Weltkriege noch immer in den K\u00f6pfen der heutigen Generation einen Platz findet. Der Volksbund Deutsche Kriegsgr\u00e4berf\u00fcrsorge kontaktiert mich jedes Jahr aufs Neue, um eine Sammelaktion zu organisieren. Leider finden sich kaum noch Menschen, die bereit sind, ihre Zeit zu opfern um eine solche Sammelaktion durchzuf\u00fchren.<\/strong><\/p>\n\n\n\n<p class=\"has-medium-font-size wp-block-paragraph\">Die Nationalsozialisten schafften den Volkstrauertag nach 1933 ab und ersetzten ihn 1934 durch den \u201cHeldengedenktag\u201d. Nach Gr\u00fcndung der Bundesrepublik wurde der Volkstrauertag erstmals 1950 wieder begangen und 1952 zum staatlichen Gedenktag erkl\u00e4rt. Man einigte sich darauf, den Trauertag auf den vorletzten Sonntag des evangelischen Kirchenjahres beziehungsweise auf den 33. Sonntag im Jahreszyklus der Katholiken festzulegen. Ein der Beweggrund lag darin, sich deutlich vom nationalsozialistischen \u201cHeldengedenktag\u201d abzugrenzen. Obwohl der Volkstrauertag immer noch gefeiert wird, tauchen jedes Jahr immer wieder die gleichen Fragen auf. Eine der vielen Fragen lautet: Ist diese Form des stillen Gedenkens noch zeitgem\u00e4\u00df? Tats\u00e4chlich sind es bei weitem keine Menschenmassen, die zu den Zeremonien des Volkstrauertages pilgern. Eine offizielle Kranzniederlegung einer Kommune oder einer Stadt lockt heute niemanden mehr hinter dem Ofen heraus. Schade eigentlich, oder?<\/p>\n\n\n\n<p class=\"has-medium-font-size wp-block-paragraph\"><strong>In unserem Heimatort Dirmingen mussten w\u00e4hrend der beiden Weltkriege fast 300 Menschen ihr Leben lassen. Darunter waren Soldaten, Familienv\u00e4ter, junge M\u00e4nner und zahlreiche Opfer aus der Zivilbev\u00f6lkerung. Auch Frauen und Kinder kamen w\u00e4hrend den verheerenden Bombenangriffen auf Dirmingen zu Tode. Der Volkstrauertag bleibt aus meiner Sicht ein wichtiger Tag gegen das Vergessen. Wie aber bringen wir das effektiv an den Mann oder die Frau? Wie erreichen wir die heutige Generation und wie bewahren wir unsere Erinnerungskultur?<\/strong><\/p>\n\n\n\n<div class=\"wp-block-columns is-layout-flex wp-container-core-columns-is-layout-8f761849 wp-block-columns-is-layout-flex\">\n<div class=\"wp-block-column is-layout-flow wp-block-column-is-layout-flow\">\n<figure class=\"wp-block-image size-large\"><img loading=\"lazy\" decoding=\"async\" width=\"700\" height=\"525\" src=\"https:\/\/echta-derminga.de\/wp-content\/uploads\/2022\/11\/DSCN4429-700x525.jpg\" alt=\"\" class=\"wp-image-14054\" srcset=\"https:\/\/echta-derminga.de\/wp-content\/uploads\/2022\/11\/DSCN4429-700x525.jpg 700w, https:\/\/echta-derminga.de\/wp-content\/uploads\/2022\/11\/DSCN4429-300x225.jpg 300w, https:\/\/echta-derminga.de\/wp-content\/uploads\/2022\/11\/DSCN4429-768x576.jpg 768w, https:\/\/echta-derminga.de\/wp-content\/uploads\/2022\/11\/DSCN4429-1536x1152.jpg 1536w, https:\/\/echta-derminga.de\/wp-content\/uploads\/2022\/11\/DSCN4429-2048x1536.jpg 2048w\" sizes=\"auto, (max-width: 700px) 100vw, 700px\" \/><\/figure>\n<\/div>\n\n\n\n<div class=\"wp-block-column is-layout-flow wp-block-column-is-layout-flow\">\n<figure class=\"wp-block-image size-large\"><img loading=\"lazy\" decoding=\"async\" width=\"700\" height=\"467\" src=\"https:\/\/echta-derminga.de\/wp-content\/uploads\/2022\/11\/IMG_4206-700x467.jpg\" alt=\"\" class=\"wp-image-14055\" srcset=\"https:\/\/echta-derminga.de\/wp-content\/uploads\/2022\/11\/IMG_4206-700x467.jpg 700w, https:\/\/echta-derminga.de\/wp-content\/uploads\/2022\/11\/IMG_4206-300x200.jpg 300w, https:\/\/echta-derminga.de\/wp-content\/uploads\/2022\/11\/IMG_4206-768x512.jpg 768w, https:\/\/echta-derminga.de\/wp-content\/uploads\/2022\/11\/IMG_4206-1536x1024.jpg 1536w, https:\/\/echta-derminga.de\/wp-content\/uploads\/2022\/11\/IMG_4206-2048x1365.jpg 2048w\" sizes=\"auto, (max-width: 700px) 100vw, 700px\" \/><\/figure>\n<\/div>\n<\/div>\n\n\n\n<p class=\"has-medium-font-size wp-block-paragraph\">Neben der Diskussion um den Volkstrauertag spielen der Zustand und der Erhalt der vielen Denk -und Mahnm\u00e4ler eine gewichtige Rolle. Bei aller Freude \u00fcber den Neubau des Mahnmals auf unserem Friedhof, im Jahre 2016, wuchs in mir die Erkenntnis, dass wir ganz bewusst ein historisches Werk unserer V\u00e4ter dem langsamen Verfall hingeben. Das alte Denkmal auf dem &#8222;Hundsberg&#8220; wurde in den letzten Jahrzehnten systematisch von allen Beteiligten vernachl\u00e4ssigt. In diesem Fall kann sich niemand von Schuld freisprechen. Das alte Denkmal im Naherholungsgebiet &#8222;Steinrausche&#8220; wurde schon lange nicht mehr von den Menschen wahrgenommen. Auch die Kommune wurde ihrem Pflegeauftrag immer seltener gerecht. Hinzu kam, dass durch den langen Wegfall einer Volkstrauertags Zeremonie das Denkmal seine Sinnhaftigkeit verloren hatte. Eine Zeremonie zum Volkstrauertag wurde in Dirmingen erst wieder mit dem Neubau eines Mahnmals auf dem Friedhof im Jahre 2016 begangen. &nbsp;<\/p>\n\n\n\n<p class=\"has-medium-font-size wp-block-paragraph\"><strong>In den vergangenen Jahren sind in ganz Deutschland Denkm\u00e4ler zu einem hei\u00df umstrittenen Thema geworden. Vielerorts stellt man sich die Frage, warum die Vergangenheit \u00fcberhaupt noch in unsere Gegenwart geh\u00f6ren sollte. In Dirmingen wurde der Zerfall des alten Denkmals durch die Sch\u00e4ndung im Jahre 2014 vorangetrieben. Auch unsere Gemeinde sah sich damals nicht im Stande die idyllische Anlage, am Waldrand, zu pflegen. Alle Bem\u00fchungen, dass alte Denkmal zu erhalten und aufzuwerten, mussten recht bald aufgegeben werden.<\/strong> <strong>Braucht man f\u00fcr eine funktionierende Erinnerungskultur \u00fcberhaupt noch ein Denkmal ?<\/strong> <strong>Ich f\u00fcr meinen Teil denke: ja !<\/strong><\/p>\n\n\n\n<div class=\"wp-block-columns is-layout-flex wp-container-core-columns-is-layout-8f761849 wp-block-columns-is-layout-flex\">\n<div class=\"wp-block-column is-layout-flow wp-block-column-is-layout-flow\">\n<figure class=\"wp-block-image size-large\"><img loading=\"lazy\" decoding=\"async\" width=\"700\" height=\"696\" src=\"https:\/\/echta-derminga.de\/wp-content\/uploads\/2020\/11\/22-700x696.jpg\" alt=\"\" class=\"wp-image-7832\" srcset=\"https:\/\/echta-derminga.de\/wp-content\/uploads\/2020\/11\/22-700x696.jpg 700w, https:\/\/echta-derminga.de\/wp-content\/uploads\/2020\/11\/22-300x298.jpg 300w, https:\/\/echta-derminga.de\/wp-content\/uploads\/2020\/11\/22-150x150.jpg 150w, https:\/\/echta-derminga.de\/wp-content\/uploads\/2020\/11\/22-768x764.jpg 768w, https:\/\/echta-derminga.de\/wp-content\/uploads\/2020\/11\/22.jpg 900w\" sizes=\"auto, (max-width: 700px) 100vw, 700px\" \/><\/figure>\n<\/div>\n\n\n\n<div class=\"wp-block-column is-layout-flow wp-block-column-is-layout-flow\">\n<figure class=\"wp-block-image size-large\"><img loading=\"lazy\" decoding=\"async\" width=\"700\" height=\"525\" src=\"https:\/\/echta-derminga.de\/wp-content\/uploads\/2022\/11\/IMG_20180926_134400-700x525.jpg\" alt=\"\" class=\"wp-image-14057\" srcset=\"https:\/\/echta-derminga.de\/wp-content\/uploads\/2022\/11\/IMG_20180926_134400-700x525.jpg 700w, https:\/\/echta-derminga.de\/wp-content\/uploads\/2022\/11\/IMG_20180926_134400-300x225.jpg 300w, https:\/\/echta-derminga.de\/wp-content\/uploads\/2022\/11\/IMG_20180926_134400-768x576.jpg 768w, https:\/\/echta-derminga.de\/wp-content\/uploads\/2022\/11\/IMG_20180926_134400-1536x1152.jpg 1536w, https:\/\/echta-derminga.de\/wp-content\/uploads\/2022\/11\/IMG_20180926_134400-2048x1536.jpg 2048w\" sizes=\"auto, (max-width: 700px) 100vw, 700px\" \/><\/figure>\n<\/div>\n<\/div>\n\n\n\n<p class=\"has-medium-font-size wp-block-paragraph\">Heute ist die ehemalige Denkmalanlage auf dem &#8222;Hundsberg&#8220; vollkommen verwildert und in einem erb\u00e4rmlichen Zustand. Nein, diesen &#8222;Staus Quo&#8220; haben wir mit dem Bau des neuen Denkmals nicht gewollt. Obwohl, konnten wir nicht vorhersehen, dass mit dem Bau eines neuen Denkmals noch weniger Wert auf das alte Mahnmal gelegt wird? Wie k\u00f6nnen wir verhindern, dass dieses historische Bauwerk, aus dem Jahre 1955, v\u00f6llig verf\u00e4llt und als Ruine im Wald dahinbr\u00f6ckelt? Der Versuch einen \u201ePflege-Paten\u201c zu finden, musste fr\u00fchzeitig aufgegeben werden. Irgendwie haben wir mit dem Bau eines neuen Mahnmals, auf dem Dirminger Friedhof, das alte Mahnmal zum Verderben verurteilt. Ich bin jedoch nach wie vor der Meinung, dass es richtig und gut war ein neues Denkmal gegen das Vergessen auf dem Friedhof zu errichten. Schon alleine aus Pflege- und Sicherheitsgr\u00fcnden machten dieser Schritt durchaus Sinn. Dennoch bewegt mich der aktuelle Zustand des alten Mahnmals und l\u00e4sst mich traurig zur\u00fcck.<\/p>\n\n\n\n<p class=\"has-medium-font-size wp-block-paragraph\"><strong>Ich kann mich noch gut daran erinnern, dass mich mein Vater als kleiner Junge zum Festakt am Volkstrauertag mitnahm. W\u00e4hrend der Kranzniederlegung wirkte mein Vater immer sehr ergriffen. Ich stand schweigend an der Hand meines Vaters, vor dem stolzen Denkmal und verstand eigentlich nicht um was es genau ging. Meine Oma hatte mir zwar erkl\u00e4rt, dass mein Gro\u00dfvater im Krieg gefallen war, aber so richtig einordnen konnte ich es damals noch nicht. Ich verstand jedoch, dass dieses Bauwerk f\u00fcr meine Familie wichtig war. Die Zeremonie mit Kranzniederlegung wirkte auf mich immer sehr w\u00fcrdevoll, aber auch irgendwie steif. Ich erinnere mich an eine gro\u00dfe feierliche Veranstaltung mit Soldaten, Feuerwehr, Trauermusik und einer langen Rede.<\/strong><\/p>\n\n\n\n<div class=\"wp-block-columns is-layout-flex wp-container-core-columns-is-layout-8f761849 wp-block-columns-is-layout-flex\">\n<div class=\"wp-block-column is-layout-flow wp-block-column-is-layout-flow\">\n<figure class=\"wp-block-image size-large\"><img loading=\"lazy\" decoding=\"async\" width=\"644\" height=\"483\" src=\"https:\/\/echta-derminga.de\/wp-content\/uploads\/2018\/07\/1-1-644x483.jpg\" alt=\"\" class=\"wp-image-1633\" srcset=\"https:\/\/echta-derminga.de\/wp-content\/uploads\/2018\/07\/1-1-644x483.jpg 644w, https:\/\/echta-derminga.de\/wp-content\/uploads\/2018\/07\/1-1-300x225.jpg 300w, https:\/\/echta-derminga.de\/wp-content\/uploads\/2018\/07\/1-1-768x576.jpg 768w, https:\/\/echta-derminga.de\/wp-content\/uploads\/2018\/07\/1-1.jpg 800w\" sizes=\"auto, (max-width: 644px) 100vw, 644px\" \/><\/figure>\n<\/div>\n\n\n\n<div class=\"wp-block-column is-layout-flow wp-block-column-is-layout-flow\">\n<figure class=\"wp-block-image size-full\"><img loading=\"lazy\" decoding=\"async\" width=\"600\" height=\"450\" src=\"https:\/\/echta-derminga.de\/wp-content\/uploads\/2018\/07\/5.jpg\" alt=\"\" class=\"wp-image-1627\" srcset=\"https:\/\/echta-derminga.de\/wp-content\/uploads\/2018\/07\/5.jpg 600w, https:\/\/echta-derminga.de\/wp-content\/uploads\/2018\/07\/5-300x225.jpg 300w\" sizes=\"auto, (max-width: 600px) 100vw, 600px\" \/><\/figure>\n<\/div>\n<\/div>\n\n\n\n<p class=\"has-medium-font-size wp-block-paragraph\">In Dirmingen hat man immer schon versucht, eine gewisse Erinnerungskultur zu bewahren. Bereits am 28.August 1928 wurde das erste Denkmal an gleicher Stelle auf dem &#8222;Hundsberg&#8220; eingeweiht. Dieses Denkmal stand auch w\u00e4hrend des zweiten Weltkrieges und verfiel ebenfalls im Laufe der Jahre in einen erb\u00e4rmlichen Zustand. Als dieses \u201eerste\u201c Dirminger Mahnmal zu Beginn der 1950-ger Jahre bauf\u00e4llig geworden war, musste es von der Verwaltung abgebrochen werden. Nach gro\u00dfem ehrenamtlichem Einsatz wurde ein neues Denkmal an gleichem Ort in Auftrag gegeben und erbaut. Genau \u00fcber dieses Denkmal unterhalten wir uns heute aus gleichem Grunde. Am 06.November 1955 fand die Einweihung dieses heutigen Denkmals auf dem Hundsberg statt. Im Fr\u00fchjahr des Jahres 1965 wurden angefertigte Namenstafeln an einer Mauer hinter dem Denkmal angebracht. Im Fr\u00fchjahr des Jahres 2014 wurde das Denkmal gesch\u00e4ndet und die Namenstafeln abgebrochen und gestohlen. Fast 60 Jahre diente das alte Bauwerk im Naherholungsgebiet Steinrutsch der Erinnerung an die Opfer der beiden Weltkriege. <\/p>\n\n\n\n<div class=\"wp-block-columns is-layout-flex wp-container-core-columns-is-layout-8f761849 wp-block-columns-is-layout-flex\">\n<div class=\"wp-block-column is-layout-flow wp-block-column-is-layout-flow\">\n<figure class=\"wp-block-image size-large\"><img loading=\"lazy\" decoding=\"async\" width=\"700\" height=\"525\" src=\"https:\/\/echta-derminga.de\/wp-content\/uploads\/2022\/11\/Volkstrauer2005_K1024_PICT0005-700x525.jpg\" alt=\"\" class=\"wp-image-14059\" srcset=\"https:\/\/echta-derminga.de\/wp-content\/uploads\/2022\/11\/Volkstrauer2005_K1024_PICT0005-700x525.jpg 700w, https:\/\/echta-derminga.de\/wp-content\/uploads\/2022\/11\/Volkstrauer2005_K1024_PICT0005-300x225.jpg 300w, https:\/\/echta-derminga.de\/wp-content\/uploads\/2022\/11\/Volkstrauer2005_K1024_PICT0005-768x576.jpg 768w, https:\/\/echta-derminga.de\/wp-content\/uploads\/2022\/11\/Volkstrauer2005_K1024_PICT0005.jpg 1024w\" sizes=\"auto, (max-width: 700px) 100vw, 700px\" \/><\/figure>\n<\/div>\n\n\n\n<div class=\"wp-block-column is-layout-flow wp-block-column-is-layout-flow\">\n<figure class=\"wp-block-image size-large\"><img loading=\"lazy\" decoding=\"async\" width=\"700\" height=\"448\" src=\"https:\/\/echta-derminga.de\/wp-content\/uploads\/2021\/11\/257122406_4516682925093064_1715667764869635235_n-1-700x448.jpg\" alt=\"\" class=\"wp-image-11242\" srcset=\"https:\/\/echta-derminga.de\/wp-content\/uploads\/2021\/11\/257122406_4516682925093064_1715667764869635235_n-1-700x448.jpg 700w, https:\/\/echta-derminga.de\/wp-content\/uploads\/2021\/11\/257122406_4516682925093064_1715667764869635235_n-1-300x192.jpg 300w, https:\/\/echta-derminga.de\/wp-content\/uploads\/2021\/11\/257122406_4516682925093064_1715667764869635235_n-1-768x491.jpg 768w, https:\/\/echta-derminga.de\/wp-content\/uploads\/2021\/11\/257122406_4516682925093064_1715667764869635235_n-1.jpg 971w\" sizes=\"auto, (max-width: 700px) 100vw, 700px\" \/><\/figure>\n<\/div>\n<\/div>\n\n\n\n<p class=\"has-medium-font-size wp-block-paragraph\"><strong>Mit dem alten Denkmal auf dem Hundsberg scheint auch der Volkstrauertag in die Jahre gekommen zu sein. Gerade junge Menschen haben verst\u00e4ndlicherweise kaum noch eine Bindung zu diesem stillen Festtag. Intern hat man sich schon vor Jahren dar\u00fcber Gedanken gemacht, ob ein Denkmal und die Durchf\u00fchrung des Volkstrauertages \u00fcberhaupt noch einen Sinn ergeben. Ben\u00f6tigen wir in der heutigen Zeit noch ein Denk- oder Mahnmal? Das Gedenken an Helden und verdienstvolle Mitb\u00fcrger f\u00e4llt uns auch ohne Denkmal leicht. Mit dem Gedenken f\u00fcr Opfer \u2013 und auch daran, dass es unter unseren Soldaten auch T\u00e4ter gab \u2013 ist es weitaus schwieriger umzugehen. Viele Menschen vertreten die Meinung, so etwas wie damals wird sich nicht mehr wiederholen. Wirklich nicht? Ich f\u00fcrchte dies ist ein Irrglaube. Wir leben in unruhigen Zeiten und aus meiner Sicht sind Denkm\u00e4ler und die damit verbundene Erinnerungskultur enorm wichtig.<\/strong><\/p>\n\n\n\n<p class=\"has-medium-font-size wp-block-paragraph\">Wir schreiben das Jahr 2022 und in Europa herrscht Krieg. \u201eWas tun, sprach Zeus?\u201c Wir werden in Dirmingen auch am diesj\u00e4hrigen Volkstrauertag, dem 13.November 2022, einen Ehrenkranz f\u00fcr unsere Kriegsopfer niedergelegen. Ich bin froh, dass der Ortsrat an der Tradition der Kranzniederlegung zum Volkstrauertag festh\u00e4lt. Die Bev\u00f6lkerung nimmt an unserer Zeremonie mal mehr oder weniger teil. Nat\u00fcrlich sorgt die nur m\u00e4\u00dfige Teilnahme der Bev\u00f6lkerung nicht gerade f\u00fcr gro\u00dfe Ermutigung. An meinen Kindern stelle ich fest, dass die Bindung zu den beiden Weltkriegen kaum noch vorhanden ist. Daran \u00e4ndert auch die Tatsache nichts, dass ihr Ur-Ur- Gro\u00dfvater und der Ur-Gro\u00dfvater und eine Ur-Gro\u00dftante den beiden Kriegen zum Opfer fielen. Man kann und darf der heutigen Generation ihr Verhalten nicht vorwerfen. Unsere Kinder wurden in Friedenszeiten geboren und haben Gott sei Dank keine Kriegswirrungen erfahren. Gerade f\u00fcr j\u00fcngere Menschen ist es schwierig eine Erinnerungskultur zu bewahren, ohne daraus eine gewisse eigene Erfahrung sch\u00f6pfen zu k\u00f6nnen. Immerhin beteiligen ich neben unseren beiden Kirchengemeinden auch noch der evangelische Posaunenchor und die Reservistenkameradschaft Illtal an der Zeremonie zum Volkstrauertag in Dirmingen. Ich wei\u00df diese Treue zu sch\u00e4tzen und bin allen Beteiligten sehr dankbar ! <\/p>\n\n\n\n<div class=\"wp-block-columns is-layout-flex wp-container-core-columns-is-layout-8f761849 wp-block-columns-is-layout-flex\">\n<div class=\"wp-block-column is-layout-flow wp-block-column-is-layout-flow\">\n<figure class=\"wp-block-image size-large\"><img loading=\"lazy\" decoding=\"async\" width=\"700\" height=\"410\" src=\"https:\/\/echta-derminga.de\/wp-content\/uploads\/2021\/11\/255376977_4516683195093037_1647087396974096099_n-700x410.jpg\" alt=\"\" class=\"wp-image-11240\" srcset=\"https:\/\/echta-derminga.de\/wp-content\/uploads\/2021\/11\/255376977_4516683195093037_1647087396974096099_n-700x410.jpg 700w, https:\/\/echta-derminga.de\/wp-content\/uploads\/2021\/11\/255376977_4516683195093037_1647087396974096099_n-300x176.jpg 300w, https:\/\/echta-derminga.de\/wp-content\/uploads\/2021\/11\/255376977_4516683195093037_1647087396974096099_n-768x450.jpg 768w, https:\/\/echta-derminga.de\/wp-content\/uploads\/2021\/11\/255376977_4516683195093037_1647087396974096099_n-1536x900.jpg 1536w, https:\/\/echta-derminga.de\/wp-content\/uploads\/2021\/11\/255376977_4516683195093037_1647087396974096099_n.jpg 1835w\" sizes=\"auto, (max-width: 700px) 100vw, 700px\" \/><\/figure>\n<\/div>\n\n\n\n<div class=\"wp-block-column is-layout-flow wp-block-column-is-layout-flow\">\n<figure class=\"wp-block-image size-full\"><img loading=\"lazy\" decoding=\"async\" width=\"700\" height=\"466\" src=\"https:\/\/echta-derminga.de\/wp-content\/uploads\/2021\/11\/Dirmingen-003-700x466-1.jpg\" alt=\"\" class=\"wp-image-11244\" srcset=\"https:\/\/echta-derminga.de\/wp-content\/uploads\/2021\/11\/Dirmingen-003-700x466-1.jpg 700w, https:\/\/echta-derminga.de\/wp-content\/uploads\/2021\/11\/Dirmingen-003-700x466-1-300x200.jpg 300w\" sizes=\"auto, (max-width: 700px) 100vw, 700px\" \/><\/figure>\n<\/div>\n<\/div>\n\n\n\n<p class=\"has-medium-font-size wp-block-paragraph\"><strong>Bis heute besch\u00e4ftigt sich unsere Dorfgemeinschaft mit der Frage, wie wir mit der alten Gedenkst\u00e4tte auf dem \u201eHundsberg\u201c  umgehen sollten. Unser Ortsrat hat hier eine klare Meinung und ist am Erhalt des Mahnmals interessiert. Nur in welcher Form kann ein solcher Erhalt oder eine Aufwertung dieses Denkmals stattfinden. Demn\u00e4chst soll dieses Thema in einer einger\u00e4umten Sitzung des Ortsrates auf der Tagesordnung stehen. Woher nehmen wir Zeit, Geld und Innovation zum Erhalt dieses sanierungsbed\u00fcrftigen Denkmals?<\/strong><\/p>\n\n\n\n<p class=\"has-medium-font-size wp-block-paragraph\"><strong>Beginnen wir bei uns selbst! Aus meiner Sicht muss in unseren K\u00f6pfen ein Umdenken stattfinden. Wenn wir ernsthaft an einer Sanierung des alten Denkmals interessiert sind, m\u00fcssen wir auch zuk\u00fcnftig daraus unseren Nutzen schlagen. Das Denkmal zu sanieren nur damit es im Wald sch\u00f6ner dasteht, gen\u00fcgt mir nicht. Das wird dem Anspruch bei weitem nicht gerecht. Wenn wir das alte Denkmal erhalten m\u00f6chten, muss dies sinnvoll geschehen. Eine vielversprechende Chance bietet in diesem Fall der sanfte Tourismus. Jeden Tag wird das Naherholungsgebiet Steinrausche von zahlreichen Wanderern, Spazierg\u00e4ngern, Radfahrern und Sportlern genutzt. In diesem Kontext k\u00f6nnte man das alte Denkmal als einen Ort der Erholung und Besinnung gestalten und nutzen. Hierzu braucht es aber wie bereits erw\u00e4hnt Zeit, Gl\u00fcck und Geld !   <\/strong><\/p>\n\n\n\n<div class=\"wp-block-columns is-layout-flex wp-container-core-columns-is-layout-8f761849 wp-block-columns-is-layout-flex\">\n<div class=\"wp-block-column is-layout-flow wp-block-column-is-layout-flow\">\n<figure class=\"wp-block-image size-full\"><img loading=\"lazy\" decoding=\"async\" width=\"657\" height=\"1041\" src=\"https:\/\/echta-derminga.de\/wp-content\/uploads\/2022\/11\/Denkmal-alt.jpeg\" alt=\"\" class=\"wp-image-14062\" srcset=\"https:\/\/echta-derminga.de\/wp-content\/uploads\/2022\/11\/Denkmal-alt.jpeg 657w, https:\/\/echta-derminga.de\/wp-content\/uploads\/2022\/11\/Denkmal-alt-189x300.jpeg 189w\" sizes=\"auto, (max-width: 657px) 100vw, 657px\" \/><\/figure>\n<\/div>\n\n\n\n<div class=\"wp-block-column is-layout-flow wp-block-column-is-layout-flow\">\n<figure class=\"wp-block-image size-full\"><img loading=\"lazy\" decoding=\"async\" width=\"625\" height=\"900\" src=\"https:\/\/echta-derminga.de\/wp-content\/uploads\/2022\/11\/Volkstrauer.jpg\" alt=\"\" class=\"wp-image-14072\" srcset=\"https:\/\/echta-derminga.de\/wp-content\/uploads\/2022\/11\/Volkstrauer.jpg 625w, https:\/\/echta-derminga.de\/wp-content\/uploads\/2022\/11\/Volkstrauer-208x300.jpg 208w\" sizes=\"auto, (max-width: 625px) 100vw, 625px\" \/><\/figure>\n<\/div>\n<\/div>\n\n\n\n<div class=\"wp-block-columns is-layout-flex wp-container-core-columns-is-layout-8f761849 wp-block-columns-is-layout-flex\">\n<div class=\"wp-block-column is-layout-flow wp-block-column-is-layout-flow\">\n<figure class=\"wp-block-image size-large\"><img loading=\"lazy\" decoding=\"async\" width=\"644\" height=\"859\" src=\"https:\/\/echta-derminga.de\/wp-content\/uploads\/2018\/07\/2-644x859.jpg\" alt=\"\" class=\"wp-image-1625\" srcset=\"https:\/\/echta-derminga.de\/wp-content\/uploads\/2018\/07\/2-644x859.jpg 644w, https:\/\/echta-derminga.de\/wp-content\/uploads\/2018\/07\/2-225x300.jpg 225w, https:\/\/echta-derminga.de\/wp-content\/uploads\/2018\/07\/2.jpg 720w\" sizes=\"auto, (max-width: 644px) 100vw, 644px\" \/><\/figure>\n<\/div>\n\n\n\n<div class=\"wp-block-column is-layout-flow wp-block-column-is-layout-flow\">\n<figure class=\"wp-block-image size-full\"><img loading=\"lazy\" decoding=\"async\" width=\"578\" height=\"822\" src=\"https:\/\/echta-derminga.de\/wp-content\/uploads\/2022\/11\/Volkstrauertag-2022.png\" alt=\"\" class=\"wp-image-14074\" srcset=\"https:\/\/echta-derminga.de\/wp-content\/uploads\/2022\/11\/Volkstrauertag-2022.png 578w, https:\/\/echta-derminga.de\/wp-content\/uploads\/2022\/11\/Volkstrauertag-2022-211x300.png 211w\" sizes=\"auto, (max-width: 578px) 100vw, 578px\" \/><\/figure>\n<\/div>\n<\/div>\n","protected":false},"excerpt":{"rendered":"<p>\u201cDas sch\u00f6nste Denkmal, das ein Mensch bekommen kann, steht in den Herzen der Mitmenschen\u201d. (Albert Schweitzer) Der Volkstrauertag ist ein bundesweiter Gedenktag f\u00fcr die Opfer von Gewalt, Terror und Krieg. Der Volksbund Deutsche Kriegsgr\u00e4berf\u00fcrsorge e.V. f\u00fchrte diesen Volkstrauertag zum Gedenken an die Kriegstoten des Ersten Weltkrieges ein. Die erste offizielle Feierstunde zum Volkstrauertag fand im Jahre 1922 im Deutschen Reichstag<\/p>\n","protected":false},"author":1,"featured_media":1630,"comment_status":"open","ping_status":"closed","sticky":false,"template":"","format":"standard","meta":{"_crdt_document":"","footnotes":""},"categories":[1,9,902,8],"tags":[5,618,127,310,1025],"class_list":["post-14049","post","type-post","status-publish","format-standard","has-post-thumbnail","hentry","category-allgemein","category-dorfgetratsche","category-meine-meinung","category-sellemols-und-awweile","tag-dirmingen","tag-gemeinde-eppelborn","tag-landkreis-neunkirchen","tag-saarland","tag-volkstrauertag-2022"],"_links":{"self":[{"href":"https:\/\/echta-derminga.de\/index.php?rest_route=\/wp\/v2\/posts\/14049","targetHints":{"allow":["GET"]}}],"collection":[{"href":"https:\/\/echta-derminga.de\/index.php?rest_route=\/wp\/v2\/posts"}],"about":[{"href":"https:\/\/echta-derminga.de\/index.php?rest_route=\/wp\/v2\/types\/post"}],"author":[{"embeddable":true,"href":"https:\/\/echta-derminga.de\/index.php?rest_route=\/wp\/v2\/users\/1"}],"replies":[{"embeddable":true,"href":"https:\/\/echta-derminga.de\/index.php?rest_route=%2Fwp%2Fv2%2Fcomments&post=14049"}],"version-history":[{"count":16,"href":"https:\/\/echta-derminga.de\/index.php?rest_route=\/wp\/v2\/posts\/14049\/revisions"}],"predecessor-version":[{"id":14077,"href":"https:\/\/echta-derminga.de\/index.php?rest_route=\/wp\/v2\/posts\/14049\/revisions\/14077"}],"wp:featuredmedia":[{"embeddable":true,"href":"https:\/\/echta-derminga.de\/index.php?rest_route=\/wp\/v2\/media\/1630"}],"wp:attachment":[{"href":"https:\/\/echta-derminga.de\/index.php?rest_route=%2Fwp%2Fv2%2Fmedia&parent=14049"}],"wp:term":[{"taxonomy":"category","embeddable":true,"href":"https:\/\/echta-derminga.de\/index.php?rest_route=%2Fwp%2Fv2%2Fcategories&post=14049"},{"taxonomy":"post_tag","embeddable":true,"href":"https:\/\/echta-derminga.de\/index.php?rest_route=%2Fwp%2Fv2%2Ftags&post=14049"}],"curies":[{"name":"wp","href":"https:\/\/api.w.org\/{rel}","templated":true}]}}