{"id":14082,"date":"2022-11-13T18:42:49","date_gmt":"2022-11-13T17:42:49","guid":{"rendered":"https:\/\/echta-derminga.de\/?p=14082"},"modified":"2022-11-13T18:57:04","modified_gmt":"2022-11-13T17:57:04","slug":"in-sachen-ortsvorsteher-von","status":"publish","type":"post","link":"https:\/\/echta-derminga.de\/?p=14082","title":{"rendered":"In Sachen Ortsvorsteher: Von einem wunderbaren Ehrenamtsfest, einem emotionalen Volkstrauertag und einer sch\u00f6nen Martinsfeier"},"content":{"rendered":"\n<p class=\"has-medium-font-size wp-block-paragraph\">Es ist sch\u00f6n mit anzusehen, wie die Neugestaltung unseres Br\u00fchlparks voranschreitet. Inzwischen wurde der Bouleplatz fertiggestellt, die Lampen installiert und der neue Weg eingeebnet. Im Laufe der kommenden Tage werden weitere Arbeiten verrichtet. Aufgrund von Lieferschwierigkeiten werden wir jedoch noch bis in den Januar n\u00e4chsten Jahres, auf die komplette Fertigstellung des Br\u00fchlparks warten m\u00fcssen. Auch auf unserem Friedhof ist in den letzten Wochen so einiges geschehen. Ein neues Gr\u00e4berfeld wurde angefertigt und befindet sich nun in der Mitte der Friedhofsanlge. Mit diesen Erweiterungsarbeiten wird ein Wunsch unseres Ortsrates in die Realit\u00e4t umgesetzt. Die Aufwertungsarbeiten im Br\u00fchlpark und auf unserem Friedhof zeigen, dass sich in unserem Dorf so einiges bewegt wird. <\/p>\n\n\n\n<div class=\"wp-block-columns is-layout-flex wp-container-core-columns-is-layout-8f761849 wp-block-columns-is-layout-flex\">\n<div class=\"wp-block-column is-layout-flow wp-block-column-is-layout-flow\">\n<figure class=\"wp-block-image size-large\"><img loading=\"lazy\" decoding=\"async\" width=\"700\" height=\"323\" src=\"https:\/\/echta-derminga.de\/wp-content\/uploads\/2022\/11\/20221104_125652-700x323.jpg\" alt=\"\" class=\"wp-image-14085\" srcset=\"https:\/\/echta-derminga.de\/wp-content\/uploads\/2022\/11\/20221104_125652-700x323.jpg 700w, https:\/\/echta-derminga.de\/wp-content\/uploads\/2022\/11\/20221104_125652-300x139.jpg 300w, https:\/\/echta-derminga.de\/wp-content\/uploads\/2022\/11\/20221104_125652-768x355.jpg 768w, https:\/\/echta-derminga.de\/wp-content\/uploads\/2022\/11\/20221104_125652.jpg 1000w\" sizes=\"auto, (max-width: 700px) 100vw, 700px\" \/><\/figure>\n<\/div>\n\n\n\n<div class=\"wp-block-column is-layout-flow wp-block-column-is-layout-flow\">\n<figure class=\"wp-block-image size-large\"><img loading=\"lazy\" decoding=\"async\" width=\"700\" height=\"323\" src=\"https:\/\/echta-derminga.de\/wp-content\/uploads\/2022\/11\/20221107_122222-700x323.jpg\" alt=\"\" class=\"wp-image-14086\" srcset=\"https:\/\/echta-derminga.de\/wp-content\/uploads\/2022\/11\/20221107_122222-700x323.jpg 700w, https:\/\/echta-derminga.de\/wp-content\/uploads\/2022\/11\/20221107_122222-300x139.jpg 300w, https:\/\/echta-derminga.de\/wp-content\/uploads\/2022\/11\/20221107_122222-768x355.jpg 768w, https:\/\/echta-derminga.de\/wp-content\/uploads\/2022\/11\/20221107_122222.jpg 1000w\" sizes=\"auto, (max-width: 700px) 100vw, 700px\" \/><\/figure>\n<\/div>\n<\/div>\n\n\n\n<p class=\"has-medium-font-size wp-block-paragraph\"><strong>&#8222;Derminga&#8220; Ehrenamtsfest in der alten Scheune<\/strong><\/p>\n\n\n\n<p class=\"has-medium-font-size wp-block-paragraph\">Nachdem wir uns im Juni dieses Jahres \u00fcber den 2. Platz bei dem Kreis Wettbewerb &#8222;Ein Dorf hat Zukunft&#8220; freuen durften, wuchs in mir die Idee die Siegpr\u00e4mie in H\u00f6he von 1000,- \u20ac in das Dirminger Ehrenamt zu investieren. Ich habe mich sehr dar\u00fcber gefreut, dass der Ortsrat meiner Intention folgte und mir den R\u00fccken st\u00e4rkte. Am Freitag, 11. November durfte ich gemeinsam mit unserem Beigeordneten Christian Ney und den Mitgliedern unseres Ortsrates den vielen Ehrenamtlern unseres Heimatortes DANKE sagen ! Nat\u00fcrlich konnten wir zu dieser Veranstaltung nicht alle Ehren\u00e4mtler unseres Dorfes einladen. Dieses Vorhaben h\u00e4tte definitiv den Rahmen gesprengt und w\u00e4re mit dem vorhanden Budget nicht m\u00f6glich gewesen. Das Ehrenamt hat schlie\u00dflich viele Facetten und ist sehr vielschichtig. Am Ende haben wir uns dazu entschlossen zun\u00e4chst einmal denen zu danken, die ein jahrelanges oder ein besonderes Ehrenamt aus\u00fcben. W\u00e4hrend dieses ersten Ehrenamtsfest in der &#8222;Alten Scheune&#8220; durften wir 55 Menschen aus unserem Dorf danken sagen ! F\u00fcnf Ehrenamtler wurden hervorgehoben und auf besondere Art und Weise f\u00fcr ihr jahrelanges Engagement ausgezeichnet. Wir werden diesen Weg weiterbeschreiten und auch zuk\u00fcnftig versuchen das Ehrenamt in unserem Dorf zu heben. Vielen Danke an die Gruppe PERLREGEN, Danke f\u00fcr die Lieder, Danke an Bjorn und Dominik Krabbe und das Team des Gasthaus &#8222;Schuhhannesse&#8220;. Danke an den Beigeordneten Christian Ney f\u00fcr den Besuch und die sch\u00f6nen Worte und Danke an meine Freunde vom SPD Ortsverein Dirmingen f\u00fcr den Service und die Unterst\u00fctzung. Danke an alle die an dieser Stelle vielleicht vergessen wurden und Danke f\u00fcr das Ehrenamt. Gut das es euch gibt !<\/p>\n\n\n\n<div class=\"wp-block-columns is-layout-flex wp-container-core-columns-is-layout-8f761849 wp-block-columns-is-layout-flex\">\n<div class=\"wp-block-column is-layout-flow wp-block-column-is-layout-flow\">\n<figure class=\"wp-block-image size-large\"><img loading=\"lazy\" decoding=\"async\" width=\"700\" height=\"467\" src=\"https:\/\/echta-derminga.de\/wp-content\/uploads\/2022\/11\/Die-Geehrten-700x467.jpg\" alt=\"\" class=\"wp-image-14088\" srcset=\"https:\/\/echta-derminga.de\/wp-content\/uploads\/2022\/11\/Die-Geehrten-700x467.jpg 700w, https:\/\/echta-derminga.de\/wp-content\/uploads\/2022\/11\/Die-Geehrten-300x200.jpg 300w, https:\/\/echta-derminga.de\/wp-content\/uploads\/2022\/11\/Die-Geehrten-768x512.jpg 768w, https:\/\/echta-derminga.de\/wp-content\/uploads\/2022\/11\/Die-Geehrten-1536x1024.jpg 1536w, https:\/\/echta-derminga.de\/wp-content\/uploads\/2022\/11\/Die-Geehrten-2048x1365.jpg 2048w\" sizes=\"auto, (max-width: 700px) 100vw, 700px\" \/><\/figure>\n<\/div>\n\n\n\n<div class=\"wp-block-column is-layout-flow wp-block-column-is-layout-flow\">\n<figure class=\"wp-block-image size-large\"><img loading=\"lazy\" decoding=\"async\" width=\"700\" height=\"467\" src=\"https:\/\/echta-derminga.de\/wp-content\/uploads\/2022\/11\/Christian-Ney-und-Frank-Klein-700x467.jpg\" alt=\"\" class=\"wp-image-14087\" srcset=\"https:\/\/echta-derminga.de\/wp-content\/uploads\/2022\/11\/Christian-Ney-und-Frank-Klein-700x467.jpg 700w, https:\/\/echta-derminga.de\/wp-content\/uploads\/2022\/11\/Christian-Ney-und-Frank-Klein-300x200.jpg 300w, https:\/\/echta-derminga.de\/wp-content\/uploads\/2022\/11\/Christian-Ney-und-Frank-Klein-768x512.jpg 768w, https:\/\/echta-derminga.de\/wp-content\/uploads\/2022\/11\/Christian-Ney-und-Frank-Klein-1536x1024.jpg 1536w, https:\/\/echta-derminga.de\/wp-content\/uploads\/2022\/11\/Christian-Ney-und-Frank-Klein-2048x1365.jpg 2048w\" sizes=\"auto, (max-width: 700px) 100vw, 700px\" \/><\/figure>\n<\/div>\n<\/div>\n\n\n\n<div class=\"wp-block-columns is-layout-flex wp-container-core-columns-is-layout-8f761849 wp-block-columns-is-layout-flex\">\n<div class=\"wp-block-column is-layout-flow wp-block-column-is-layout-flow\">\n<figure class=\"wp-block-image size-large\"><img loading=\"lazy\" decoding=\"async\" width=\"700\" height=\"440\" src=\"https:\/\/echta-derminga.de\/wp-content\/uploads\/2022\/11\/20221111_195229-700x440.jpg\" alt=\"\" class=\"wp-image-14097\" srcset=\"https:\/\/echta-derminga.de\/wp-content\/uploads\/2022\/11\/20221111_195229-700x440.jpg 700w, https:\/\/echta-derminga.de\/wp-content\/uploads\/2022\/11\/20221111_195229-300x189.jpg 300w, https:\/\/echta-derminga.de\/wp-content\/uploads\/2022\/11\/20221111_195229-768x483.jpg 768w, https:\/\/echta-derminga.de\/wp-content\/uploads\/2022\/11\/20221111_195229-1536x966.jpg 1536w, https:\/\/echta-derminga.de\/wp-content\/uploads\/2022\/11\/20221111_195229-2048x1289.jpg 2048w\" sizes=\"auto, (max-width: 700px) 100vw, 700px\" \/><\/figure>\n<\/div>\n\n\n\n<div class=\"wp-block-column is-layout-flow wp-block-column-is-layout-flow\">\n<figure class=\"wp-block-image size-large\"><img loading=\"lazy\" decoding=\"async\" width=\"700\" height=\"323\" src=\"https:\/\/echta-derminga.de\/wp-content\/uploads\/2022\/11\/20221111_190633-700x323.jpg\" alt=\"\" class=\"wp-image-14098\" srcset=\"https:\/\/echta-derminga.de\/wp-content\/uploads\/2022\/11\/20221111_190633-700x323.jpg 700w, https:\/\/echta-derminga.de\/wp-content\/uploads\/2022\/11\/20221111_190633-300x139.jpg 300w, https:\/\/echta-derminga.de\/wp-content\/uploads\/2022\/11\/20221111_190633-768x355.jpg 768w, https:\/\/echta-derminga.de\/wp-content\/uploads\/2022\/11\/20221111_190633-1536x710.jpg 1536w, https:\/\/echta-derminga.de\/wp-content\/uploads\/2022\/11\/20221111_190633-2048x946.jpg 2048w\" sizes=\"auto, (max-width: 700px) 100vw, 700px\" \/><\/figure>\n<\/div>\n<\/div>\n\n\n\n<p class=\"has-medium-font-size wp-block-paragraph\"><strong>Herzlichen Gl\u00fcckwunsch an Sally Leidinger <\/strong><\/p>\n\n\n\n<p class=\"has-medium-font-size wp-block-paragraph\">Im Ramen des &#8222;Derminga&#8220; Ehrenamtsfestes wurde die Dirmingerin Sally Leidinger f\u00fcr ihren 3. Platz bei den internationalen deutschen Meisterschaften im Para- Langlauf und Para- Biathlon geehrt. Die sehbehinderte Dirminger Athletin Sally Leidinger konnte in den letzten Jahren einige internationale Preise einfahren. Die 17-j\u00e4hrige lief mit ihrem Guide Hendrik Gro\u00df sowohl im Biathlon als auch in den beiden Langlaufrennen aufs Podium und sicherte sich somit insgesamt 3 Bronzemedaillen best\u00e4tigte damit ihre ansteigende Form. H\u00f6hepunkt des Wochenendes war f\u00fcr Sally der Klassik-Langlauf, in dem sie sich ein packendes Duell mit Martha Bold lieferte. Nachdem Sally zu Beginn knapp 10 Sekunden R\u00fcckstand auf die Baden-W\u00fcrttembergerin hatte, holte sie im Laufe des Rennens Sekunde um Sekunde auf und landete nach einer tollen Schlussrunde mit einem Vorsprung von knapp 13 Sekunden auf Platz 3. Mit diesem Erfolg hat Sally nicht nur Werbung f\u00fcr sich und ihren Sport sondern auch f\u00fcr unseren Heimatort Dirmingen betrieben. Ich danke der Dirmingerin auch an dieser Stelle und gratuliere auf das Herzlichste. <\/p>\n\n\n<div class=\"wp-block-image\">\n<figure class=\"aligncenter size-large\"><img loading=\"lazy\" decoding=\"async\" width=\"700\" height=\"538\" src=\"https:\/\/echta-derminga.de\/wp-content\/uploads\/2022\/11\/20221111_210053-700x538.jpg\" alt=\"\" class=\"wp-image-14090\" srcset=\"https:\/\/echta-derminga.de\/wp-content\/uploads\/2022\/11\/20221111_210053-700x538.jpg 700w, https:\/\/echta-derminga.de\/wp-content\/uploads\/2022\/11\/20221111_210053-300x231.jpg 300w, https:\/\/echta-derminga.de\/wp-content\/uploads\/2022\/11\/20221111_210053-768x590.jpg 768w, https:\/\/echta-derminga.de\/wp-content\/uploads\/2022\/11\/20221111_210053-1536x1181.jpg 1536w, https:\/\/echta-derminga.de\/wp-content\/uploads\/2022\/11\/20221111_210053.jpg 1997w\" sizes=\"auto, (max-width: 700px) 100vw, 700px\" \/><\/figure>\n<\/div>\n\n\n<p class=\"has-medium-font-size wp-block-paragraph\"><strong>Winteraktion &#8222;Das Saarland r\u00fcckt zusammen&#8220;<\/strong><\/p>\n\n\n\n<p class=\"has-medium-font-size wp-block-paragraph\">In der Zeit vom 1. November 2022 bis 31. M\u00e4rz 2023 flankiert das Projekt WinterAktion Saar \u201eDas Saarland r\u00fcckt zusammen\u201c als breit aufgestellte Mitmachaktion im Saarland die Entlastungspakete der Bundesregierung. Es geht darum, die gr\u00f6\u00dften sozialen H\u00e4rten zu vermeiden und zu gew\u00e4hrleisten, dass im Saarland trotz steigender Energie- und Lebensmittelpreise niemand hungern oder frieren muss. Die Hilfe richtet sich an alle, die in diesem Winter aufgrund der Preisentwicklungen in finanzielle Schieflage geraten und deswegen Gefahr laufen zu hungern oder zu frieren. Eine Telefonhotline wurde im Ministerium f\u00fcr Arbeit, Soziales, Frauen und Gesundheit als erste Anlaufstelle eingerichtet. Anschlie\u00dfend werden Betroffene an Hilfsaktionen in der Umgebung weitervermittelt. Ziel ist es mit Blick auf die schnelle Realisierung etwaiger Leistungsanspr\u00fcche in extremen Notlagen niedrigschwellige Unterst\u00fctzung zu bieten. In Dirmingen sind wir aktuell mit intensiven Gespr\u00e4chen besch\u00e4ftigt. Wir stellen uns die Frage, in wieweit eine solche Hilfe in unserem Heimatort umsetzbar w\u00e4re. Nach ersten Gespr\u00e4chen mit Vertretern der Kirchen werden wir uns nun nach weiteren potentiellen Helferinnen und Helfern aus Vereinen und Gremien umsehen. Die Hilfsangebote umfassen beispielsweise Wintercaf\u00e9s, in denen kostenlose Essensausgaben stattfinden oder auch Winterquartiere die warme Orte zum Schlafen anbieten. Daneben werden bisherige Beratungsstrukturen ausgebaut, um schnelle Unterst\u00fctzung in finanziellen Notlagen anzubieten. Einrichtungen wie zum Beispiel ein Wintercafe k\u00f6nnten wir uns durchaus auch in Dirmingen vorstellen. Sprechen Sie die Mitarbeiterinnen und Mitarbeiter vor Ort einfach an. Alternativ finden Sie die Kontaktdaten und Ansprechpartnerinnen und Ansprechpartner auch auf unserer Webseite (saarland.de\/winteraktion). Das Saarland ist ein Ehrenamtsland und wir m\u00f6chten alle bitten, die noch M\u00f6glichkeiten haben: bringen Sie sich mit ein und werden sie Winterhelferinnen und Winterhelfer! Oder unterst\u00fctzen die Aktion finanziell, jeder Euro hilft! (Spendenkonto \u2013 IBAN: DE93 5905 0000 0700 0088 40).Die Hotline der zust\u00e4ndigen Beh\u00f6rde ist an Werktagen zwischen 8:00 Uhr und 16:00 Uhr unter der Telefonnummer 0681 501 60 90 erreichbar.<\/p>\n\n\n<div class=\"wp-block-image\">\n<figure class=\"aligncenter size-full\"><img loading=\"lazy\" decoding=\"async\" width=\"665\" height=\"228\" src=\"https:\/\/echta-derminga.de\/wp-content\/uploads\/2022\/11\/Winter.png\" alt=\"\" class=\"wp-image-14091\" srcset=\"https:\/\/echta-derminga.de\/wp-content\/uploads\/2022\/11\/Winter.png 665w, https:\/\/echta-derminga.de\/wp-content\/uploads\/2022\/11\/Winter-300x103.png 300w\" sizes=\"auto, (max-width: 665px) 100vw, 665px\" \/><\/figure>\n<\/div>\n\n\n<p class=\"has-medium-font-size wp-block-paragraph\"><strong>Wunderbare St. Martinsfeier in Dirmingen <\/strong><\/p>\n\n\n\n<p class=\"has-medium-font-size wp-block-paragraph\">Sankt Martin war ein r\u00f6mischer Soldat der im Jahre 316 nach Christus geboren wurde. Der Legende nach ritt Martin an einem Wintertag an einem frierenden Bettler vorbei und blieb im Gegensatz zu vielen anderen bei dem hungernden Mann stehen. St. Martin teilte seinen Mantel mit einem Schwert und schenkte dem Bettler eine H\u00e4lfte. Eines Nachts erschien der Bettler dem guten Martin im Traum und gab sich als Jesus Christus zu erkennen. Martin lie\u00df sich umgehend taufen und nahm seinen Glauben fest in beide H\u00e4nde. Schlie\u00dflich wurde Martin sogar zum Bischof geweiht. Nach seinem Tod, am 11. November 397, wurde der gute Martin heiliggesprochen. Seit dieser Zeit feiern Christen am 11. November den St. Martinstag. Dabei stehen gerade Kinder im Mittelpunkt des allj\u00e4hrliches Spektakels. Mit dem Martinsumzug, Laternen, Martinsfeuer, Martinslieder, Zuckerbrezeln und nat\u00fcrlich auch der Martinsgans wird jedes Jahr im November eine alte Tradition fortgesetzt. Am Samstag, 12. November fand die diesj\u00e4hrige Martinsfeier am Rotenbergszentrum in Dirmingen statt. Nach einem sch\u00f6nen Wortgottesdienst mit Hildegard Giese und Circe Meiser, vom katholischen Pfarrgemeinderat Dirmingen, fand der Martinszug zur Rotenbergschule statt. Danke an den heiligen St. Martin alias Andrea Anton, an die Kolpingsfamilie Dirmingen die als Ausrichter fungierte, an den katholischen Pfarrgemeinderat, den L\u00f6schbezirk Dirmingen und an den evangelischen Posaunenchor Dirmingen. Vielen Dank an alle Kinder und Familien die diese Veranstaltung durch ihren Besuch bereicherten. Der Ortsrat Dirmingen hatte auch in diesem Jahr beschlossen, die Kosten f\u00fcr die Zuckerbrezeln zu \u00fcbernehmen. <\/p>\n\n\n\n<div class=\"wp-block-columns is-layout-flex wp-container-core-columns-is-layout-8f761849 wp-block-columns-is-layout-flex\">\n<div class=\"wp-block-column is-layout-flow wp-block-column-is-layout-flow\">\n<figure class=\"wp-block-image size-large\"><img loading=\"lazy\" decoding=\"async\" width=\"700\" height=\"323\" src=\"https:\/\/echta-derminga.de\/wp-content\/uploads\/2022\/11\/314960819_5600384460056233_2803187359270580507_n-700x323.jpg\" alt=\"\" class=\"wp-image-14092\" srcset=\"https:\/\/echta-derminga.de\/wp-content\/uploads\/2022\/11\/314960819_5600384460056233_2803187359270580507_n-700x323.jpg 700w, https:\/\/echta-derminga.de\/wp-content\/uploads\/2022\/11\/314960819_5600384460056233_2803187359270580507_n-300x139.jpg 300w, https:\/\/echta-derminga.de\/wp-content\/uploads\/2022\/11\/314960819_5600384460056233_2803187359270580507_n-768x355.jpg 768w, https:\/\/echta-derminga.de\/wp-content\/uploads\/2022\/11\/314960819_5600384460056233_2803187359270580507_n.jpg 1385w\" sizes=\"auto, (max-width: 700px) 100vw, 700px\" \/><\/figure>\n<\/div>\n\n\n\n<div class=\"wp-block-column is-layout-flow wp-block-column-is-layout-flow\">\n<figure class=\"wp-block-image size-large\"><img loading=\"lazy\" decoding=\"async\" width=\"700\" height=\"323\" src=\"https:\/\/echta-derminga.de\/wp-content\/uploads\/2022\/11\/314970292_5600384810056198_5422366532281758289_n-700x323.jpg\" alt=\"\" class=\"wp-image-14093\" srcset=\"https:\/\/echta-derminga.de\/wp-content\/uploads\/2022\/11\/314970292_5600384810056198_5422366532281758289_n-700x323.jpg 700w, https:\/\/echta-derminga.de\/wp-content\/uploads\/2022\/11\/314970292_5600384810056198_5422366532281758289_n-300x139.jpg 300w, https:\/\/echta-derminga.de\/wp-content\/uploads\/2022\/11\/314970292_5600384810056198_5422366532281758289_n-768x355.jpg 768w, https:\/\/echta-derminga.de\/wp-content\/uploads\/2022\/11\/314970292_5600384810056198_5422366532281758289_n.jpg 1385w\" sizes=\"auto, (max-width: 700px) 100vw, 700px\" \/><\/figure>\n<\/div>\n<\/div>\n\n\n\n<div class=\"wp-block-columns is-layout-flex wp-container-core-columns-is-layout-8f761849 wp-block-columns-is-layout-flex\">\n<div class=\"wp-block-column is-layout-flow wp-block-column-is-layout-flow\">\n<figure class=\"wp-block-image size-large\"><img loading=\"lazy\" decoding=\"async\" width=\"700\" height=\"700\" src=\"https:\/\/echta-derminga.de\/wp-content\/uploads\/2022\/11\/314069082_5600430846718261_958881703682294140_n-700x700.jpg\" alt=\"\" class=\"wp-image-14094\" srcset=\"https:\/\/echta-derminga.de\/wp-content\/uploads\/2022\/11\/314069082_5600430846718261_958881703682294140_n-700x700.jpg 700w, https:\/\/echta-derminga.de\/wp-content\/uploads\/2022\/11\/314069082_5600430846718261_958881703682294140_n-300x300.jpg 300w, https:\/\/echta-derminga.de\/wp-content\/uploads\/2022\/11\/314069082_5600430846718261_958881703682294140_n-150x150.jpg 150w, https:\/\/echta-derminga.de\/wp-content\/uploads\/2022\/11\/314069082_5600430846718261_958881703682294140_n-768x768.jpg 768w, https:\/\/echta-derminga.de\/wp-content\/uploads\/2022\/11\/314069082_5600430846718261_958881703682294140_n-90x90.jpg 90w, https:\/\/echta-derminga.de\/wp-content\/uploads\/2022\/11\/314069082_5600430846718261_958881703682294140_n-75x75.jpg 75w, https:\/\/echta-derminga.de\/wp-content\/uploads\/2022\/11\/314069082_5600430846718261_958881703682294140_n.jpg 1440w\" sizes=\"auto, (max-width: 700px) 100vw, 700px\" \/><\/figure>\n<\/div>\n\n\n\n<div class=\"wp-block-column is-layout-flow wp-block-column-is-layout-flow\">\n<figure class=\"wp-block-image size-full\"><img loading=\"lazy\" decoding=\"async\" width=\"577\" height=\"678\" src=\"https:\/\/echta-derminga.de\/wp-content\/uploads\/2022\/11\/pferd-1.jpg\" alt=\"\" class=\"wp-image-14099\" srcset=\"https:\/\/echta-derminga.de\/wp-content\/uploads\/2022\/11\/pferd-1.jpg 577w, https:\/\/echta-derminga.de\/wp-content\/uploads\/2022\/11\/pferd-1-255x300.jpg 255w\" sizes=\"auto, (max-width: 577px) 100vw, 577px\" \/><\/figure>\n<\/div>\n<\/div>\n\n\n\n<p class=\"has-medium-font-size wp-block-paragraph\"><strong>Volkstrauertag auf dem Friedhof in Dirmingen<\/strong><\/p>\n\n\n\n<p class=\"has-medium-font-size wp-block-paragraph\">77. Jahre nach dem Ende des zweiten Weltkrieges, legten wir am diesj\u00e4hrigen Volkstrauertag, 13. November in Zeiten weltweiter Konflikte und eines Krieges im Osten Europas, am Mahnmal des Dirminger Friedhofes einen Ehrenkranz nieder. B\u00fcrgermeister Dr. Andreas Feld, der meiner Einladung zu der diesj\u00e4hrigen Zeremonie gerne gefolgt war, fand die passenden Worte. Inzwischen ist der Volkstrauertag in die Jahre gekommen und lockt kaum noch jemanden hinter dem Ofen heraus. Gerade junge Menschen haben verst\u00e4ndlicherweise kaum noch eine Bindung zu diesem stillen Festtag. In unserem Heimatort wird seit einigen Jahren wieder eine Kranzniederlegung, am neuen Mahnmal, auf den Friedhof zelebriert. \u00dcber einige Jahrzehnte geriet die Durchf\u00fchrung dieser Veranstaltung ins stocken. Heute machen sich viele Menschen sogar dar\u00fcber Gedanken, ob ein Denkmal in Dirmingen \u00fcberhaupt noch einen Sinn ergibt. Ben\u00f6tigen wir in der heutigen Zeit noch ein Denk- oder Mahnmal? Das Gedenken an Helden und verdienstvolle Mitb\u00fcrger f\u00e4llt leicht. Mit dem Gedenken f\u00fcr Opfer \u2013 und auch daran, dass es unter unseren Soldaten auch T\u00e4ter gab \u2013 ist es weitaus schwieriger umzugehen. Unsere Kinder wurden in Friedenszeiten geboren und haben Gott sei Dank keine Kriegswirrungen erfahren.\u00a0Gerade f\u00fcr j\u00fcngere Menschen ist es schwierig eine Erinnerungskultur zu bewahren, ohne daraus eine gewisse eigene Erfahrung sch\u00f6pfen zu k\u00f6nnen. Das Thema Erinnerungskultur besch\u00e4ftigt mich seit vielen Jahren. Von daher hab ich diesen wichtigen Ansatz w\u00e4hrend meiner diesj\u00e4hrigen Trauerrede thematisiert. Unser Heimatort Dirmingen musste w\u00e4hrend den beiden Weltkriegen fast 300 Mensch leben beklagen. Darunter waren Soldaten, Familienv\u00e4ter, junge M\u00e4nner und zahlreiche Opfer aus der Zivilbev\u00f6lkerung. Sogar Frauen und Kinder mussten w\u00e4hrend den verheerenden Bombenangriffen auf Dirmingen ihr Leben lassen. Der Volkstrauertag ist aus meiner Sicht ein wichtiger Gedenktag gegen das Vergessen. Erinnerungskultur ist gut \u2013 Ermahnen bleibt wichtig!\u00a0In Zeiten eines neuen Krieges in Europa ist es wichtiger als je zuvor dem Vergessen entgegenzuwirken. Ich danke allen Mitwirkenden der diesj\u00e4hrigen Zeremonie zum Volkstrauertag. Danke an die evangelische Kirchengemeinde Dirmingen mit Pfarrerin Britt Goedeking, an die katholische Pfarreiengemeinschaft Eppelborn-Dirmingen und Diakon Naumann, die Reservistenkameradschaft Illtal, den evangelischen Posaunenchor und an alle Mandatstr\u00e4ger des Orts-und Gemeinderates. Mein besonderer Dank geht an B\u00fcrgermeister Dr. Andreas Feld f\u00fcr seinen Besuch und seine Unterst\u00fctzung.<\/p>\n\n\n\n<div class=\"wp-block-columns is-layout-flex wp-container-core-columns-is-layout-8f761849 wp-block-columns-is-layout-flex\">\n<div class=\"wp-block-column is-layout-flow wp-block-column-is-layout-flow\">\n<figure class=\"wp-block-image size-large\"><img loading=\"lazy\" decoding=\"async\" width=\"700\" height=\"470\" src=\"https:\/\/echta-derminga.de\/wp-content\/uploads\/2022\/11\/315557306_5602662336495112_7464646077803703486_n-700x470.jpg\" alt=\"\" class=\"wp-image-14101\" srcset=\"https:\/\/echta-derminga.de\/wp-content\/uploads\/2022\/11\/315557306_5602662336495112_7464646077803703486_n-700x470.jpg 700w, https:\/\/echta-derminga.de\/wp-content\/uploads\/2022\/11\/315557306_5602662336495112_7464646077803703486_n-300x200.jpg 300w, https:\/\/echta-derminga.de\/wp-content\/uploads\/2022\/11\/315557306_5602662336495112_7464646077803703486_n-768x516.jpg 768w, https:\/\/echta-derminga.de\/wp-content\/uploads\/2022\/11\/315557306_5602662336495112_7464646077803703486_n.jpg 960w\" sizes=\"auto, (max-width: 700px) 100vw, 700px\" \/><\/figure>\n<\/div>\n\n\n\n<div class=\"wp-block-column is-layout-flow wp-block-column-is-layout-flow\">\n<figure class=\"wp-block-image size-large\"><img loading=\"lazy\" decoding=\"async\" width=\"700\" height=\"507\" src=\"https:\/\/echta-derminga.de\/wp-content\/uploads\/2022\/11\/315401644_5602662796495066_5396169741981803673_n-700x507.jpg\" alt=\"\" class=\"wp-image-14102\" srcset=\"https:\/\/echta-derminga.de\/wp-content\/uploads\/2022\/11\/315401644_5602662796495066_5396169741981803673_n-700x507.jpg 700w, https:\/\/echta-derminga.de\/wp-content\/uploads\/2022\/11\/315401644_5602662796495066_5396169741981803673_n-300x217.jpg 300w, https:\/\/echta-derminga.de\/wp-content\/uploads\/2022\/11\/315401644_5602662796495066_5396169741981803673_n-768x556.jpg 768w, https:\/\/echta-derminga.de\/wp-content\/uploads\/2022\/11\/315401644_5602662796495066_5396169741981803673_n.jpg 960w\" sizes=\"auto, (max-width: 700px) 100vw, 700px\" \/><\/figure>\n<\/div>\n<\/div>\n\n\n\n<div class=\"wp-block-columns is-layout-flex wp-container-core-columns-is-layout-8f761849 wp-block-columns-is-layout-flex\">\n<div class=\"wp-block-column is-layout-flow wp-block-column-is-layout-flow\">\n<figure class=\"wp-block-image size-large\"><img loading=\"lazy\" decoding=\"async\" width=\"700\" height=\"586\" src=\"https:\/\/echta-derminga.de\/wp-content\/uploads\/2022\/11\/315319347_5602662573161755_5593105558745723363_n-700x586.jpg\" alt=\"\" class=\"wp-image-14103\" srcset=\"https:\/\/echta-derminga.de\/wp-content\/uploads\/2022\/11\/315319347_5602662573161755_5593105558745723363_n-700x586.jpg 700w, https:\/\/echta-derminga.de\/wp-content\/uploads\/2022\/11\/315319347_5602662573161755_5593105558745723363_n-300x251.jpg 300w, https:\/\/echta-derminga.de\/wp-content\/uploads\/2022\/11\/315319347_5602662573161755_5593105558745723363_n-768x642.jpg 768w, https:\/\/echta-derminga.de\/wp-content\/uploads\/2022\/11\/315319347_5602662573161755_5593105558745723363_n.jpg 960w\" sizes=\"auto, (max-width: 700px) 100vw, 700px\" \/><\/figure>\n<\/div>\n\n\n\n<div class=\"wp-block-column is-layout-flow wp-block-column-is-layout-flow\">\n<figure class=\"wp-block-image size-large\"><img loading=\"lazy\" decoding=\"async\" width=\"700\" height=\"569\" src=\"https:\/\/echta-derminga.de\/wp-content\/uploads\/2022\/11\/315218513_5602662669828412_3418845433536446097_n-700x569.jpg\" alt=\"\" class=\"wp-image-14104\" srcset=\"https:\/\/echta-derminga.de\/wp-content\/uploads\/2022\/11\/315218513_5602662669828412_3418845433536446097_n-700x569.jpg 700w, https:\/\/echta-derminga.de\/wp-content\/uploads\/2022\/11\/315218513_5602662669828412_3418845433536446097_n-300x244.jpg 300w, https:\/\/echta-derminga.de\/wp-content\/uploads\/2022\/11\/315218513_5602662669828412_3418845433536446097_n-768x625.jpg 768w, https:\/\/echta-derminga.de\/wp-content\/uploads\/2022\/11\/315218513_5602662669828412_3418845433536446097_n.jpg 960w\" sizes=\"auto, (max-width: 700px) 100vw, 700px\" \/><\/figure>\n<\/div>\n<\/div>\n\n\n\n<p class=\"has-medium-font-size wp-block-paragraph\"><strong>Mit Feiern gutes bewirken &#8211; &#8222;Inzidance Party&#8220; 2022<\/strong><\/p>\n\n\n\n<p class=\"has-medium-font-size wp-block-paragraph\">So viele feiernde Menschen, so viel gute Laune- und so viel Spenden! Das Organisationsteam der &#8222;Inzidance Party&#8220; ist stolz darauf 1.500 \u20ac aus der &#8222;Inzidance-Party &#8220; 2022 an die &#8222;Aktion Sternenregen&#8220; von RADIO SAL\u00dc \u00fcberreichen zu k\u00f6nnen. Vielen Dank dem Gasthaus &#8222;Schuhhannesse&#8220;, das Organisationsteam, allen G\u00e4sten und Spendern. Gerne hatte ich gemeinsam mit Christian Petry die Schirmherrschaft zu dieser Veranstaltung \u00fcbernommen. Feiern f\u00fcr den guten Zweck! Bestimmt fand diese Veranstaltung nicht zum letzten mal statt. Eine gro\u00dfartige Aktion mit einer gro\u00dfen Geste! Nun wird die Aktion Sternenregen mit dem Erl\u00f6s und Spenden dieser Veranstaltung unterst\u00fctzt. Ich bin der Meinung, dass Gutes gerne auch mal Spa\u00df machen darf !Gute Idee- Respekt !<\/p>\n\n\n<div class=\"wp-block-image\">\n<figure class=\"aligncenter size-large\"><img loading=\"lazy\" decoding=\"async\" width=\"700\" height=\"507\" src=\"https:\/\/echta-derminga.de\/wp-content\/uploads\/2022\/11\/Inzudance-700x507.png\" alt=\"\" class=\"wp-image-14106\" srcset=\"https:\/\/echta-derminga.de\/wp-content\/uploads\/2022\/11\/Inzudance-700x507.png 700w, https:\/\/echta-derminga.de\/wp-content\/uploads\/2022\/11\/Inzudance-300x217.png 300w, https:\/\/echta-derminga.de\/wp-content\/uploads\/2022\/11\/Inzudance-768x556.png 768w, https:\/\/echta-derminga.de\/wp-content\/uploads\/2022\/11\/Inzudance.png 1136w\" sizes=\"auto, (max-width: 700px) 100vw, 700px\" \/><\/figure>\n<\/div>\n\n\n<p class=\"has-medium-font-size wp-block-paragraph\"><strong>Vorarbeiten zum &#8222;Mittelalterlichen Weihnachtsmarkt&#8220; laufen auf Hochtouren<\/strong><\/p>\n\n\n\n<p class=\"has-medium-font-size wp-block-paragraph\">Am vergangenen Samstag begangen die ersten Aufbauarbeiten rund um den &#8222;Mittelalterlichen Weihnachtsmarkt in Dirmingen. Die Burg &#8222;Borrwiesa Dirmanges&#8220; steht schon fast in voller Pracht vor unserer Halle. Der &#8222;Mittelalterlicher Weihnachtsmarkt&#8220; am ersten Adventswochenende in der Zeit vom 26.\/27. November 2022, rund um die Dirminger Borrwieshalle statt. Schon heute darf ich Sie ganz herzlich zu diesem besonderen Weihnachtsmarkt einladen. Mein Dank geht an den Kulturverein Dirmingen, um den Vorsitzenden Reimund Klein. Die Vorbereitungsarbeiten rund um den Markt sind sehr zeitintensiv und alles andere als einfach. Danke an alle Helferinnen und Helfer sowie jede helfende Hand die in den n\u00e4chsten Tagen bis zum Marktbeginn zum Einsatz kommt,<\/p>\n\n\n\n<div class=\"wp-block-columns is-layout-flex wp-container-core-columns-is-layout-8f761849 wp-block-columns-is-layout-flex\">\n<div class=\"wp-block-column is-layout-flow wp-block-column-is-layout-flow\">\n<figure class=\"wp-block-image size-large\"><img loading=\"lazy\" decoding=\"async\" width=\"700\" height=\"530\" src=\"https:\/\/echta-derminga.de\/wp-content\/uploads\/2022\/11\/01-700x530.jpg\" alt=\"\" class=\"wp-image-14107\" srcset=\"https:\/\/echta-derminga.de\/wp-content\/uploads\/2022\/11\/01-700x530.jpg 700w, https:\/\/echta-derminga.de\/wp-content\/uploads\/2022\/11\/01-300x227.jpg 300w, https:\/\/echta-derminga.de\/wp-content\/uploads\/2022\/11\/01-768x582.jpg 768w, https:\/\/echta-derminga.de\/wp-content\/uploads\/2022\/11\/01.jpg 1435w\" sizes=\"auto, (max-width: 700px) 100vw, 700px\" \/><\/figure>\n<\/div>\n\n\n\n<div class=\"wp-block-column is-layout-flow wp-block-column-is-layout-flow\">\n<figure class=\"wp-block-image size-large\"><img loading=\"lazy\" decoding=\"async\" width=\"700\" height=\"563\" src=\"https:\/\/echta-derminga.de\/wp-content\/uploads\/2022\/11\/02-700x563.jpg\" alt=\"\" class=\"wp-image-14108\" srcset=\"https:\/\/echta-derminga.de\/wp-content\/uploads\/2022\/11\/02-700x563.jpg 700w, https:\/\/echta-derminga.de\/wp-content\/uploads\/2022\/11\/02-300x241.jpg 300w, https:\/\/echta-derminga.de\/wp-content\/uploads\/2022\/11\/02-768x617.jpg 768w, https:\/\/echta-derminga.de\/wp-content\/uploads\/2022\/11\/02.jpg 1000w\" sizes=\"auto, (max-width: 700px) 100vw, 700px\" \/><\/figure>\n<\/div>\n<\/div>\n\n\n\n<p class=\"has-medium-font-size wp-block-paragraph\"><strong>KKV Dirmingen feiert 6&#215;11 +2 und Perlregen l\u00e4dt mit viel &#8222;Derminga Musik&#8220; zur Novembernacht im &#8222;big Eppel&#8220;<\/strong> <strong>ein!<\/strong><\/p>\n\n\n\n<p class=\"has-medium-font-size wp-block-paragraph\">Der KKV-Dirmingen l\u00e4dt am 19.11.22 ab 17 Uhr zur \u00f6ffentlichen Jubil\u00e4umsveranstaltung 6\u00d711+2 KKV-Dirmingen in der Borrwieshalle ein. Am gleichen Abend veranstaltet die Gruppe Perlregen gemeinsam mit einigen Musikern u.a aus Dirmingen ein Konzert im &#8222;big Eppel&#8220;. Manchmal l\u00e4sst sich eine solche Termin\u00fcberschneidung nicht verhindern. Sch\u00f6n zu sehen, dass beide Organisatoren fair und freundlich mit dieser Tatsache umgehen.<\/p>\n\n\n\n<div class=\"wp-block-columns is-layout-flex wp-container-core-columns-is-layout-8f761849 wp-block-columns-is-layout-flex\">\n<div class=\"wp-block-column is-layout-flow wp-block-column-is-layout-flow\">\n<figure class=\"wp-block-image size-large\"><img loading=\"lazy\" decoding=\"async\" width=\"700\" height=\"983\" src=\"https:\/\/echta-derminga.de\/wp-content\/uploads\/2022\/11\/IMG-20221003-WA0000-700x983.jpg\" alt=\"\" class=\"wp-image-14028\" srcset=\"https:\/\/echta-derminga.de\/wp-content\/uploads\/2022\/11\/IMG-20221003-WA0000-700x983.jpg 700w, https:\/\/echta-derminga.de\/wp-content\/uploads\/2022\/11\/IMG-20221003-WA0000-214x300.jpg 214w, https:\/\/echta-derminga.de\/wp-content\/uploads\/2022\/11\/IMG-20221003-WA0000-768x1079.jpg 768w, https:\/\/echta-derminga.de\/wp-content\/uploads\/2022\/11\/IMG-20221003-WA0000-1093x1536.jpg 1093w, https:\/\/echta-derminga.de\/wp-content\/uploads\/2022\/11\/IMG-20221003-WA0000.jpg 1139w\" sizes=\"auto, (max-width: 700px) 100vw, 700px\" \/><\/figure>\n<\/div>\n\n\n\n<div class=\"wp-block-column is-layout-flow wp-block-column-is-layout-flow\">\n<figure class=\"wp-block-image size-large\"><img loading=\"lazy\" decoding=\"async\" width=\"700\" height=\"995\" src=\"https:\/\/echta-derminga.de\/wp-content\/uploads\/2022\/11\/IMG-20221101-WA0003-700x995.jpg\" alt=\"\" class=\"wp-image-14109\" srcset=\"https:\/\/echta-derminga.de\/wp-content\/uploads\/2022\/11\/IMG-20221101-WA0003-700x995.jpg 700w, https:\/\/echta-derminga.de\/wp-content\/uploads\/2022\/11\/IMG-20221101-WA0003-211x300.jpg 211w, https:\/\/echta-derminga.de\/wp-content\/uploads\/2022\/11\/IMG-20221101-WA0003-768x1092.jpg 768w, https:\/\/echta-derminga.de\/wp-content\/uploads\/2022\/11\/IMG-20221101-WA0003-1081x1536.jpg 1081w, https:\/\/echta-derminga.de\/wp-content\/uploads\/2022\/11\/IMG-20221101-WA0003.jpg 1125w\" sizes=\"auto, (max-width: 700px) 100vw, 700px\" \/><\/figure>\n<\/div>\n<\/div>\n\n\n\n<p class=\"has-medium-font-size wp-block-paragraph\">Liebe Mitb\u00fcrgerinnen, liebe Mitb\u00fcrger, wir leben in bewegten Zeiten. Dennoch gibt es viele positive Zeichen die uns allen Hoffnung machen sollten. \u00dcberall im Dorf siegt die Menschlichkeit und das Miteinander. Unsere Ukraine-Hilfe leistet im Hintergrund eine wertvolle Arbeit. Mittlerweile beteiligen sich sogar unsere G\u00e4ste aus der Ukraine an der Hilfsorganisation. Sch\u00f6n anzusehen, wie man Hand in Hand f\u00fcr mehr Menschlichkeit k\u00e4mpft und dabei auch Erfolge verbucht.<\/p>\n\n\n\n<p class=\"has-medium-font-size wp-block-paragraph\">Der Termin f\u00fcr die Weihnachtsbaumaktion des Kulturvereins Dirmingen wurde ebenfalls schon bekannt gegeben. Ich hoffe Sie alle w\u00e4hrend der diesj\u00e4hrigen Verkaufsaktion am &#8222;Kl\u00e4se Keller&#8220; begr\u00fc\u00dfen zu d\u00fcrfen. Bei einem Gl\u00fchwein oder einer Tasse Kaffee kann man gerade in dieser besinnlichen Zeit Gedanken austauschen und Visionen spinnen.<\/p>\n\n\n\n<p class=\"has-medium-font-size wp-block-paragraph\">Zum Abschluss m\u00f6chte ich Ihnen einen besonderen Termin ans Herz legen. Am Ewigkeitssonntag, 20. November 2022, findet um 10:00 Uhr in der evangelischen Kirche in Dirmingen ein Radio-Gottesdienst statt. Dieser Gottesdienst wird auf SR 2 Kulturradio Live \u00fcbertragen. Aus organisatorischen Gr\u00fcnden sollten Sie fr\u00fchzeitig in der Kirche Platz genommen haben.  <\/p>\n\n\n\n<p class=\"has-medium-font-size wp-block-paragraph\">In diesem Sinne, bleiben Sie voller Visionen und Tatendrang.<\/p>\n\n\n\n<p class=\"has-medium-font-size wp-block-paragraph\">Ihr Ortsvorsteher<\/p>\n\n\n\n<p class=\"has-medium-font-size wp-block-paragraph\">Frank Klein<\/p>\n\n\n<div class=\"wp-block-image\">\n<figure class=\"aligncenter size-large\"><img loading=\"lazy\" decoding=\"async\" width=\"700\" height=\"495\" src=\"https:\/\/echta-derminga.de\/wp-content\/uploads\/2022\/11\/IMG-20221112-WA0004-700x495.jpg\" alt=\"\" class=\"wp-image-14110\" srcset=\"https:\/\/echta-derminga.de\/wp-content\/uploads\/2022\/11\/IMG-20221112-WA0004-700x495.jpg 700w, https:\/\/echta-derminga.de\/wp-content\/uploads\/2022\/11\/IMG-20221112-WA0004-300x212.jpg 300w, https:\/\/echta-derminga.de\/wp-content\/uploads\/2022\/11\/IMG-20221112-WA0004-768x543.jpg 768w, https:\/\/echta-derminga.de\/wp-content\/uploads\/2022\/11\/IMG-20221112-WA0004.jpg 1123w\" sizes=\"auto, (max-width: 700px) 100vw, 700px\" \/><\/figure>\n<\/div>","protected":false},"excerpt":{"rendered":"<p>Es ist sch\u00f6n mit anzusehen, wie die Neugestaltung unseres Br\u00fchlparks voranschreitet. Inzwischen wurde der Bouleplatz fertiggestellt, die Lampen installiert und der neue Weg eingeebnet. Im Laufe der kommenden Tage werden weitere Arbeiten verrichtet. Aufgrund von Lieferschwierigkeiten werden wir jedoch noch bis in den Januar n\u00e4chsten Jahres, auf die komplette Fertigstellung des Br\u00fchlparks warten m\u00fcssen. Auch auf unserem Friedhof ist in<\/p>\n","protected":false},"author":1,"featured_media":14101,"comment_status":"open","ping_status":"closed","sticky":false,"template":"","format":"standard","meta":{"_crdt_document":"","footnotes":""},"categories":[1,812],"tags":[5,618,127,634,795,310],"class_list":["post-14082","post","type-post","status-publish","format-standard","has-post-thumbnail","hentry","category-allgemein","category-ortsvorsteher-dirmingen","tag-dirmingen","tag-gemeinde-eppelborn","tag-landkreis-neunkirchen","tag-ortsvorsteher","tag-ortsvorsteher-dirmingen","tag-saarland"],"_links":{"self":[{"href":"https:\/\/echta-derminga.de\/index.php?rest_route=\/wp\/v2\/posts\/14082","targetHints":{"allow":["GET"]}}],"collection":[{"href":"https:\/\/echta-derminga.de\/index.php?rest_route=\/wp\/v2\/posts"}],"about":[{"href":"https:\/\/echta-derminga.de\/index.php?rest_route=\/wp\/v2\/types\/post"}],"author":[{"embeddable":true,"href":"https:\/\/echta-derminga.de\/index.php?rest_route=\/wp\/v2\/users\/1"}],"replies":[{"embeddable":true,"href":"https:\/\/echta-derminga.de\/index.php?rest_route=%2Fwp%2Fv2%2Fcomments&post=14082"}],"version-history":[{"count":17,"href":"https:\/\/echta-derminga.de\/index.php?rest_route=\/wp\/v2\/posts\/14082\/revisions"}],"predecessor-version":[{"id":14128,"href":"https:\/\/echta-derminga.de\/index.php?rest_route=\/wp\/v2\/posts\/14082\/revisions\/14128"}],"wp:featuredmedia":[{"embeddable":true,"href":"https:\/\/echta-derminga.de\/index.php?rest_route=\/wp\/v2\/media\/14101"}],"wp:attachment":[{"href":"https:\/\/echta-derminga.de\/index.php?rest_route=%2Fwp%2Fv2%2Fmedia&parent=14082"}],"wp:term":[{"taxonomy":"category","embeddable":true,"href":"https:\/\/echta-derminga.de\/index.php?rest_route=%2Fwp%2Fv2%2Fcategories&post=14082"},{"taxonomy":"post_tag","embeddable":true,"href":"https:\/\/echta-derminga.de\/index.php?rest_route=%2Fwp%2Fv2%2Ftags&post=14082"}],"curies":[{"name":"wp","href":"https:\/\/api.w.org\/{rel}","templated":true}]}}