{"id":14130,"date":"2022-11-20T14:38:40","date_gmt":"2022-11-20T13:38:40","guid":{"rendered":"https:\/\/echta-derminga.de\/?p=14130"},"modified":"2022-11-20T14:54:53","modified_gmt":"2022-11-20T13:54:53","slug":"seyd-gegruesset-zum-adventus-specatcolum-dirmanges-anno-2022-endlich-wieder-mittelalterlicher-weihnachtsmarktan-der-borrwieshalle-in-dirmingen","status":"publish","type":"post","link":"https:\/\/echta-derminga.de\/?p=14130","title":{"rendered":"Seyd gegr\u00fcsset zum adventus Spectacolum Dirmanges anno 2022 &#8211; Endlich wieder &#8222;Mittelalterlicher Weihnachtsmarkt&#8220;an der Borrwieshalle in Dirmingen"},"content":{"rendered":"\n<p class=\"has-medium-font-size wp-block-paragraph\"><strong>Adventszeit! Zeit der Ruhe der Besinnlichkeit und der Weihnachtsm\u00e4rkte. Jedes Jahr im Dezember schm\u00fccken sich zahlreiche deutsche St\u00e4dte mit ihrem Weihnachtsmarkt. Auch im Saarland wird diese Tradition ausgelebt. W\u00e4hrend die Weihnachtsm\u00e4rkte fr\u00fcher zur Einstimmung auf die besinnliche Weihnachtszeit dienten, werden die M\u00e4rkte heute vielerorts von einer modernen Konsumgesellschaft gepr\u00e4gt. Schon im Mittelalter gab es in gro\u00dfen deutschen St\u00e4dten Weihnachtsm\u00e4rkte wobei diese meist nach den Heiligenfesten benannt waren (Martini-, Michaeli- oder Nicolaim\u00e4rkte). Bereits im 13. Jahrhundert gab es M\u00e4rkte, die regelm\u00e4\u00dfig in der Weihnachtszeit durchgef\u00fchrt wurden. Weihnachtsm\u00e4rkte, die den heutigen Veranstaltungen gleichen, folgten erst im 17. Jahrhundert. Erst als sich Weihnachten vom rein religi\u00f6sen zum b\u00fcrgerlichen Fest entwickelt und seine heute bekannte Form annahm wurden Weihnachtsm\u00e4rkte popul\u00e4r. Bis dahin war Weihnachten ein sakrales Fest das ausschlie\u00dflich zu Hause und in der Kirche begangen wurde. Die ersten M\u00e4rkte in Dresden, N\u00fcrnberg und Bautzen hatten mit dem heutigen Treiben nichts zu tun. Die damaligen Weihnachtsm\u00e4rkte kann man kaum mit den heutigen Veranstaltungen vergleichen. Bis zum Jahre 1917 galt die Adventszeit in der katholischen Kirche als Fastenzeit. Weihnachtsm\u00e4rkte litten unter dieser Auflage und durften in der Regel nur Kr\u00e4nze, B\u00e4ume, Schmuck oder Krippen verkaufen. Die traditionsreichen Weihnachtsm\u00e4rkte in N\u00fcrnberg oder Dresden entstanden bereits im 15. Jahrhundert.<\/strong><\/p>\n\n\n\n<p class=\"has-medium-font-size wp-block-paragraph\">Endlich wieder Weihnachtsmarkt! Nach zwei Jahren voller Entbehrungen freuen wir uns in Dirmingen auf unseren \u201eMittelalterlichen Weihnachtsmarkt\u201c, rund um Borrwieshalle. Aus dem ehemals kleinen und beschaulichen Dorfmarkt ist im Laufe der Jahre ein gro\u00dfartiger Attraktion mit herrlichen Flair und einer gem\u00fctlichen Atmosph\u00e4re entstanden. Unser Weihnachtsmarkt \u00f6ffnet bekanntlich am ersten Adventwochenende, dem 26. und 27. November 2022, seine Pforten. Samstags k\u00f6nnen die Besucher bereits ab 15:30 Uhr das mittelalterliche Weihnachtstreiben genie\u00dfen. Die offizielle Markter\u00f6ffnung findet um 17:00 Uhr auf der Festb\u00fchne statt. Nach einer mittelalterlichen Tanz- und Feuershow der Formation \u201eAnima Serpentis\u201c wird um 19:30 Uhr die Gruppe Zeitlos auf der erstmals errichteten Festb\u00fchne aufspielen. Sonntags wird das Markttreiben bereits um 14:00 Uhr er\u00f6ffnet. Der Zauberer William wird nicht nur die Kinder in seinen magischen Bann ziehen. Selbstverst\u00e4ndlich wird auch in diesem Jahr der heilige St. Nikolaus den Kindern seine Aufwartung machen. Zuvor wird jedoch der evangelische Posaunenchor Dirmingen sein traditionelles Platzkonzert geben. An beiden Markttagen werden Gaukler und Spielleute f\u00fcr ein mittelalterliches Spectacolum sorgen. Die Anzahl der teilnehmenden Verkaufsst\u00e4nde hat sich in diesem Jahr erh\u00f6ht. In der Borrwieshalle findet zeitgleich eine Ausstellung von Gewerbetreibenden und Hobby-und Freizeitk\u00fcnstlern statt.<\/p>\n\n\n\n<div class=\"wp-block-columns is-layout-flex wp-container-core-columns-is-layout-8f761849 wp-block-columns-is-layout-flex\">\n<div class=\"wp-block-column is-layout-flow wp-block-column-is-layout-flow\">\n<figure class=\"wp-block-image size-large\"><img loading=\"lazy\" decoding=\"async\" width=\"644\" height=\"483\" src=\"https:\/\/echta-derminga.de\/wp-content\/uploads\/2019\/11\/Blog-4-644x483.jpg\" alt=\"\" class=\"wp-image-4968\" srcset=\"https:\/\/echta-derminga.de\/wp-content\/uploads\/2019\/11\/Blog-4-644x483.jpg 644w, https:\/\/echta-derminga.de\/wp-content\/uploads\/2019\/11\/Blog-4-300x225.jpg 300w, https:\/\/echta-derminga.de\/wp-content\/uploads\/2019\/11\/Blog-4-768x576.jpg 768w, https:\/\/echta-derminga.de\/wp-content\/uploads\/2019\/11\/Blog-4.jpg 800w\" sizes=\"auto, (max-width: 644px) 100vw, 644px\" \/><\/figure>\n<\/div>\n\n\n\n<div class=\"wp-block-column is-layout-flow wp-block-column-is-layout-flow\">\n<figure class=\"wp-block-image size-large\"><img loading=\"lazy\" decoding=\"async\" width=\"644\" height=\"481\" src=\"https:\/\/echta-derminga.de\/wp-content\/uploads\/2019\/11\/Blog-2-1-644x481.jpg\" alt=\"\" class=\"wp-image-4966\" srcset=\"https:\/\/echta-derminga.de\/wp-content\/uploads\/2019\/11\/Blog-2-1-644x481.jpg 644w, https:\/\/echta-derminga.de\/wp-content\/uploads\/2019\/11\/Blog-2-1-300x224.jpg 300w, https:\/\/echta-derminga.de\/wp-content\/uploads\/2019\/11\/Blog-2-1-768x574.jpg 768w, https:\/\/echta-derminga.de\/wp-content\/uploads\/2019\/11\/Blog-2-1.jpg 960w\" sizes=\"auto, (max-width: 644px) 100vw, 644px\" \/><\/figure>\n<\/div>\n<\/div>\n\n\n\n<p class=\"has-medium-font-size wp-block-paragraph\"><strong>Wir haben uns die Entscheidung, den Markt in diesem Jahr wieder durchzuf\u00fchren, anfangs nicht leicht gemacht. Immerhin ist in den letzten zwei Jahren sehr viel passiert und wir alle mussten lernen mit der neuen Situation umzugehen. Nun freuen wir uns auf das mittelalterliche Spectacolum rund um unsere Borrwieshalle. Auf dem Weg zur\u00fcck, zu diesem besonderen Weihnachtsmarkt, mussten viele Gespr\u00e4che gef\u00fchrt werden. Lange war es nicht sicher, in welcher Form wir diese vorweihnachtliche Veranstaltung durchf\u00fchren k\u00f6nnen. Wir haben uns lange mit der Frage besch\u00e4ftigt, ob es uns erneut gelingen wird, alle Vereine und Organisationen mitzunehmen in ein neues Zeitalter. Auch f\u00fcr unseren Kulturverein bedeutet die Durchf\u00fchrung des diesj\u00e4hrigen Marktes der Aufbruch in eine neue Epoche.<\/strong> <strong>Wir schreiben die Stunde Null ! Alles auf Anfang, alles auf Neu !<\/strong><\/p>\n\n\n\n<p class=\"has-medium-font-size wp-block-paragraph\">Dabei wurde w\u00e4hrend den Vorplanungen schnell deutlich, dass sich der Markt tats\u00e4chlich ver\u00e4ndern und in mancherlei Hinsicht auch neue Wege beschreiten muss. Ver\u00e4nderungen k\u00f6nnen inspirierend und wohltuend sein. Auf der Suche nach Antworten wurde uns auch in diesem Jahr deutlich vor Augen gef\u00fchrt, dass die Durchf\u00fchrung einer solchen Gro\u00dfveranstaltung eine gro\u00dfe Herausforderung darstellt. Von daher haben wir uns im Vorfeld des diesj\u00e4hrigen Markttreibens riesig \u00fcber die gro\u00dfartige Zusammenarbeit aller teilnehmenden Vereine und Organisationen gefreut. Der Kulturverein hat auch in diesem Jahr eine beeindruckende Vorarbeit geleistet und das eigene Feld bestellt. Wir freuen uns auf \u201eunseren\u201c Weihnachtsmarkt und hoffen auf ein ereignisreiches Wochenende mit dem speziellen Weihnachtsfeeling im Advent.<\/p>\n\n\n\n<div class=\"wp-block-columns is-layout-flex wp-container-core-columns-is-layout-8f761849 wp-block-columns-is-layout-flex\">\n<div class=\"wp-block-column is-layout-flow wp-block-column-is-layout-flow\">\n<figure class=\"wp-block-image size-large\"><img loading=\"lazy\" decoding=\"async\" width=\"700\" height=\"525\" src=\"https:\/\/echta-derminga.de\/wp-content\/uploads\/2021\/11\/19-1-700x525.jpg\" alt=\"\" class=\"wp-image-11221\" srcset=\"https:\/\/echta-derminga.de\/wp-content\/uploads\/2021\/11\/19-1-700x525.jpg 700w, https:\/\/echta-derminga.de\/wp-content\/uploads\/2021\/11\/19-1-300x225.jpg 300w, https:\/\/echta-derminga.de\/wp-content\/uploads\/2021\/11\/19-1-768x576.jpg 768w, https:\/\/echta-derminga.de\/wp-content\/uploads\/2021\/11\/19-1.jpg 960w\" sizes=\"auto, (max-width: 700px) 100vw, 700px\" \/><\/figure>\n<\/div>\n\n\n\n<div class=\"wp-block-column is-layout-flow wp-block-column-is-layout-flow\">\n<figure class=\"wp-block-image size-large is-resized\"><img loading=\"lazy\" decoding=\"async\" src=\"https:\/\/echta-derminga.de\/wp-content\/uploads\/2021\/11\/P1002707-700x467.jpg\" alt=\"\" class=\"wp-image-11222\" width=\"449\" height=\"299\" srcset=\"https:\/\/echta-derminga.de\/wp-content\/uploads\/2021\/11\/P1002707-700x467.jpg 700w, https:\/\/echta-derminga.de\/wp-content\/uploads\/2021\/11\/P1002707-300x200.jpg 300w, https:\/\/echta-derminga.de\/wp-content\/uploads\/2021\/11\/P1002707-768x512.jpg 768w, https:\/\/echta-derminga.de\/wp-content\/uploads\/2021\/11\/P1002707.jpg 900w\" sizes=\"auto, (max-width: 449px) 100vw, 449px\" \/><\/figure>\n<\/div>\n<\/div>\n\n\n\n<p class=\"has-medium-font-size wp-block-paragraph\"><strong>Nachweislich gibt es in Deutschland j\u00e4hrlich 2.500 Weihnachtsm\u00e4rkte mit ungef\u00e4hr 85 Millionen Besuchern. Die ersten Weihnachtsm\u00e4rkte der Neuzeit fanden zun\u00e4chst in den gro\u00dfen St\u00e4dten statt, in denen haupts\u00e4chlich Protestanten lebten. Erst sp\u00e4ter wurden Weihnachtsm\u00e4rkte dann auch in katholisch gepr\u00e4gten Gebieten eingef\u00fchrt. Fr\u00fcher wurden Weihnachtsm\u00e4rkte an historischen Pl\u00e4tzen durchgef\u00fchrt. In der Regel dienten alten Kirchen, Schl\u00f6sser oder auch historische Marktpl\u00e4tze in alten Stadtvierteln als Austragungsort. Zu Beginn erhofften sich die Kirchen durch den Aufbau der M\u00e4rkte einen Besucherzuspruch. W\u00e4hrend der Weihnachtsmarkt fr\u00fcher den Einwohnern eher als Einkaufsm\u00f6glichkeit f\u00fcr den anstehenden Winter diente, ist er heute ein Ort der Kommunikation und des gem\u00fctlichen Beisammenseins. &nbsp;<\/strong><\/p>\n\n\n\n<div class=\"wp-block-columns is-layout-flex wp-container-core-columns-is-layout-8f761849 wp-block-columns-is-layout-flex\">\n<div class=\"wp-block-column is-layout-flow wp-block-column-is-layout-flow\">\n<figure class=\"wp-block-image size-large\"><img loading=\"lazy\" decoding=\"async\" width=\"700\" height=\"488\" src=\"https:\/\/echta-derminga.de\/wp-content\/uploads\/2021\/11\/11-700x488.jpg\" alt=\"\" class=\"wp-image-11198\" srcset=\"https:\/\/echta-derminga.de\/wp-content\/uploads\/2021\/11\/11-700x488.jpg 700w, https:\/\/echta-derminga.de\/wp-content\/uploads\/2021\/11\/11-300x209.jpg 300w, https:\/\/echta-derminga.de\/wp-content\/uploads\/2021\/11\/11.jpg 761w\" sizes=\"auto, (max-width: 700px) 100vw, 700px\" \/><\/figure>\n<\/div>\n\n\n\n<div class=\"wp-block-column is-layout-flow wp-block-column-is-layout-flow\">\n<figure class=\"wp-block-image size-large\"><img loading=\"lazy\" decoding=\"async\" width=\"644\" height=\"650\" src=\"https:\/\/echta-derminga.de\/wp-content\/uploads\/2019\/11\/Blog-1-1-644x650.jpg\" alt=\"\" class=\"wp-image-4965\" srcset=\"https:\/\/echta-derminga.de\/wp-content\/uploads\/2019\/11\/Blog-1-1-644x650.jpg 644w, https:\/\/echta-derminga.de\/wp-content\/uploads\/2019\/11\/Blog-1-1-297x300.jpg 297w, https:\/\/echta-derminga.de\/wp-content\/uploads\/2019\/11\/Blog-1-1-150x150.jpg 150w, https:\/\/echta-derminga.de\/wp-content\/uploads\/2019\/11\/Blog-1-1-768x775.jpg 768w, https:\/\/echta-derminga.de\/wp-content\/uploads\/2019\/11\/Blog-1-1-1522x1536.jpg 1522w, https:\/\/echta-derminga.de\/wp-content\/uploads\/2019\/11\/Blog-1-1.jpg 1728w\" sizes=\"auto, (max-width: 644px) 100vw, 644px\" \/><\/figure>\n<\/div>\n<\/div>\n\n\n\n<p class=\"has-medium-font-size wp-block-paragraph\">Wann und wie es genau mit dem Weihnachtsmarkt in Dirmingen losging, ist nur schwer zu belegen. Bereits in den 1980-ger Jahre waren es Jugendgruppen der evangelischen Kirchengemeinde Dirmingen die einen Weihnachtsmarkt vor dem evangelischen Gemeindehaus ausrichteten. In der Regel wurden dort Kr\u00e4nze und weihnachtliches Deko-Material verkauft. Zu Spitzenzeiten wurden auch Mistelzweige angeboten. Nach und nach engagierten sich mehrere Kreise der hiesigen Kirchengemeinde an dem beschaulichen Markttreiben. Nach einiger Zeit engagierte sich auch der evangelische Kindergarten und verlieh dem Markt somit ein neues Flair. Man darf also mit Fug und Recht behaupten, dass die Grundlage des Dirminger Weihnachtsmarktes in der evangelischen Kirchengemeinde gelegt wurde.<\/p>\n\n\n\n<div class=\"wp-block-columns is-layout-flex wp-container-core-columns-is-layout-8f761849 wp-block-columns-is-layout-flex\">\n<div class=\"wp-block-column is-layout-flow wp-block-column-is-layout-flow\">\n<figure class=\"wp-block-image size-large\"><img loading=\"lazy\" decoding=\"async\" width=\"700\" height=\"540\" src=\"https:\/\/echta-derminga.de\/wp-content\/uploads\/2021\/11\/W-Markt-1-alt-700x540.jpeg\" alt=\"\" class=\"wp-image-11200\" srcset=\"https:\/\/echta-derminga.de\/wp-content\/uploads\/2021\/11\/W-Markt-1-alt-700x540.jpeg 700w, https:\/\/echta-derminga.de\/wp-content\/uploads\/2021\/11\/W-Markt-1-alt-300x231.jpeg 300w, https:\/\/echta-derminga.de\/wp-content\/uploads\/2021\/11\/W-Markt-1-alt-768x592.jpeg 768w, https:\/\/echta-derminga.de\/wp-content\/uploads\/2021\/11\/W-Markt-1-alt.jpeg 800w\" sizes=\"auto, (max-width: 700px) 100vw, 700px\" \/><\/figure>\n<\/div>\n\n\n\n<div class=\"wp-block-column is-layout-flow wp-block-column-is-layout-flow\">\n<figure class=\"wp-block-image size-large\"><img loading=\"lazy\" decoding=\"async\" width=\"700\" height=\"531\" src=\"https:\/\/echta-derminga.de\/wp-content\/uploads\/2021\/11\/W-Markt-alt-2-700x531.jpeg\" alt=\"\" class=\"wp-image-11202\" srcset=\"https:\/\/echta-derminga.de\/wp-content\/uploads\/2021\/11\/W-Markt-alt-2-700x531.jpeg 700w, https:\/\/echta-derminga.de\/wp-content\/uploads\/2021\/11\/W-Markt-alt-2-300x228.jpeg 300w, https:\/\/echta-derminga.de\/wp-content\/uploads\/2021\/11\/W-Markt-alt-2-768x583.jpeg 768w, https:\/\/echta-derminga.de\/wp-content\/uploads\/2021\/11\/W-Markt-alt-2.jpeg 900w\" sizes=\"auto, (max-width: 700px) 100vw, 700px\" \/><\/figure>\n<\/div>\n<\/div>\n\n\n\n<p class=\"has-medium-font-size wp-block-paragraph\"><strong>Nach einigen Jahren schaltete sich die Dorfgemeinschaft, allen voran der Vereinsring und der Gewerbeverein, ein. Das kleine Markttreiben in der Ortsmitte sollte aufgewertet und vergr\u00f6\u00dfert werden. Dazu geh\u00f6rten unter anderem ein neuer Austragungsort und die Beteiligung der Ortsvereine. Zun\u00e4chst wurde der kleine Markt vergr\u00f6\u00dfert und an verschiedenen Stellen in der Ortsmitte ausgetragen. Man suchte verzweifelt nach einem passenden Austragungsort. Schlie\u00dflich sollte der Festplatz im Br\u00fchl als zuk\u00fcnftige Ausrichtungsst\u00e4tte dienen. Dort im Br\u00fchl wurde der Weihnachtsmarkt in regelm\u00e4\u00dfigen Abst\u00e4nden mit durchwachsendem Erfolg durchgef\u00fchrt. Irgendwann kurz vor der Jahrtausendwende kam man auf die Idee den Weihnachtsmarkt an die Borrwieshalle zu verlegen. Ein wichtiger Grund f\u00fcr diese Verlegung waren die dort vorhandenen Sanit\u00e4tseinrichtungen und die Borrwieshalle als Solches. Der neugegr\u00fcndete Kulturverein hatte unter Ortsvorsteher Rudi Hell die Idee einer Hobby- und Freizeitausstellung auszurichten. Mit der Verlegung an die Borrwieshalle versprachen sich die Verantwortlichen einen Aufschwung des eigenen Weihnachtsmarktes. Der Plan ging auf und der Markt erlebte eine echte Renaissance.<\/strong><\/p>\n\n\n\n<div class=\"wp-block-columns is-layout-flex wp-container-core-columns-is-layout-8f761849 wp-block-columns-is-layout-flex\">\n<div class=\"wp-block-column is-layout-flow wp-block-column-is-layout-flow\">\n<figure class=\"wp-block-image size-full\"><img loading=\"lazy\" decoding=\"async\" width=\"640\" height=\"404\" src=\"https:\/\/echta-derminga.de\/wp-content\/uploads\/2021\/11\/dirmingen1258.jpg\" alt=\"\" class=\"wp-image-11199\" srcset=\"https:\/\/echta-derminga.de\/wp-content\/uploads\/2021\/11\/dirmingen1258.jpg 640w, https:\/\/echta-derminga.de\/wp-content\/uploads\/2021\/11\/dirmingen1258-300x189.jpg 300w\" sizes=\"auto, (max-width: 640px) 100vw, 640px\" \/><\/figure>\n<\/div>\n\n\n\n<div class=\"wp-block-column is-layout-flow wp-block-column-is-layout-flow\">\n<figure class=\"wp-block-image size-full\"><img loading=\"lazy\" decoding=\"async\" width=\"640\" height=\"426\" src=\"https:\/\/echta-derminga.de\/wp-content\/uploads\/2021\/11\/dirmingen1587.jpg\" alt=\"\" class=\"wp-image-11207\" srcset=\"https:\/\/echta-derminga.de\/wp-content\/uploads\/2021\/11\/dirmingen1587.jpg 640w, https:\/\/echta-derminga.de\/wp-content\/uploads\/2021\/11\/dirmingen1587-300x200.jpg 300w\" sizes=\"auto, (max-width: 640px) 100vw, 640px\" \/><\/figure>\n<\/div>\n<\/div>\n\n\n\n<p class=\"has-medium-font-size wp-block-paragraph\">Mitte der 2000-der Jahre hatten die Verantwortlichen des Kulturvereins das Gef\u00fchl etwas ver\u00e4ndern zu m\u00fcssen. Unter dem Kulturvereinsvorsitzenden und Ortsvorsteher Manfred Klein wurde im Jahre 2007 erstmals ein \u201eMittelalterlicher Weihnachtsmarkt\u201c durchgef\u00fchrt. Anfangs wurden die Pl\u00e4ne mit Skepsis begleitet. Im Laufe der Jahre setzte sich das mittelalterliche Spektakulum mehr und mehr durch und schrieb schlie\u00dflich seine eigene Erfolgsgeschichte. Heute pilgern j\u00e4hrlich rund 3000 G\u00e4ste aus der gesamten Region zum &#8222;Mittelalterlichen Weihnachtsmarkt&#8220; in Dirmingen. Eine Burgatrappe, das gro\u00dfe Lagerfeuer, der Strohboden, die lebendige Krippe und die Hobby- und Freizeitausstellung in der Halle sind Garanten f\u00fcr diesen Erfolg. Sein gr\u00f6\u00dftes Geheimnis liegt jedoch in der schlichten Gem\u00fctlichkeit und einfachen Sch\u00f6nheit. Die Vereine und teilnehmenden Organisationen lassen sich Jahr f\u00fcr Jahr so einiges einfallen um das Markttreiben aufzuwerten In diesem Jahr erwartet die G\u00e4ste erstmals eine Festb\u00fchne mit Live-Musik.<\/p>\n\n\n\n<div class=\"wp-block-columns is-layout-flex wp-container-core-columns-is-layout-8f761849 wp-block-columns-is-layout-flex\">\n<div class=\"wp-block-column is-layout-flow wp-block-column-is-layout-flow\">\n<figure class=\"wp-block-image size-large\"><img loading=\"lazy\" decoding=\"async\" width=\"700\" height=\"438\" src=\"https:\/\/echta-derminga.de\/wp-content\/uploads\/2021\/11\/w1900_h1190_x1200_y752_SZ_7927961_185107946_RGB_190_1_1_cf7db6a129f88bd278e4a05866d07e58_1512489267_185107946_feb6e626ab-efd23a391c6bf2ab-700x438.jpg\" alt=\"\" class=\"wp-image-11215\" srcset=\"https:\/\/echta-derminga.de\/wp-content\/uploads\/2021\/11\/w1900_h1190_x1200_y752_SZ_7927961_185107946_RGB_190_1_1_cf7db6a129f88bd278e4a05866d07e58_1512489267_185107946_feb6e626ab-efd23a391c6bf2ab-700x438.jpg 700w, https:\/\/echta-derminga.de\/wp-content\/uploads\/2021\/11\/w1900_h1190_x1200_y752_SZ_7927961_185107946_RGB_190_1_1_cf7db6a129f88bd278e4a05866d07e58_1512489267_185107946_feb6e626ab-efd23a391c6bf2ab-300x188.jpg 300w, https:\/\/echta-derminga.de\/wp-content\/uploads\/2021\/11\/w1900_h1190_x1200_y752_SZ_7927961_185107946_RGB_190_1_1_cf7db6a129f88bd278e4a05866d07e58_1512489267_185107946_feb6e626ab-efd23a391c6bf2ab-768x480.jpg 768w, https:\/\/echta-derminga.de\/wp-content\/uploads\/2021\/11\/w1900_h1190_x1200_y752_SZ_7927961_185107946_RGB_190_1_1_cf7db6a129f88bd278e4a05866d07e58_1512489267_185107946_feb6e626ab-efd23a391c6bf2ab.jpg 900w\" sizes=\"auto, (max-width: 700px) 100vw, 700px\" \/><\/figure>\n<\/div>\n\n\n\n<div class=\"wp-block-column is-layout-flow wp-block-column-is-layout-flow\">\n<figure class=\"wp-block-image size-large\"><img loading=\"lazy\" decoding=\"async\" width=\"700\" height=\"467\" src=\"https:\/\/echta-derminga.de\/wp-content\/uploads\/2021\/11\/DSC3384-700x467.jpg\" alt=\"\" class=\"wp-image-11213\" srcset=\"https:\/\/echta-derminga.de\/wp-content\/uploads\/2021\/11\/DSC3384-700x467.jpg 700w, https:\/\/echta-derminga.de\/wp-content\/uploads\/2021\/11\/DSC3384-300x200.jpg 300w, https:\/\/echta-derminga.de\/wp-content\/uploads\/2021\/11\/DSC3384-768x513.jpg 768w, https:\/\/echta-derminga.de\/wp-content\/uploads\/2021\/11\/DSC3384.jpg 900w\" sizes=\"auto, (max-width: 700px) 100vw, 700px\" \/><\/figure>\n<\/div>\n<\/div>\n\n\n\n<p class=\"has-medium-font-size wp-block-paragraph\"><strong>Der Dirminger Weihnachtsmarkt hat sich zu einem echten Geheimtipp gemausert. Aus der ehemals \u201egrauen Maus\u201c wurde einer der sch\u00f6nsten M\u00e4rkte unserer Region. In Dirmingen sind wir sehr stolz auf unseren \u201eMittelalterlichen Weihnachtsmarkt\u201c. Das Einzige, was noch an das erste Marktreiben vor der evangelischen Kirche erinnert, ist die musikalische Umrahmung durch den evangelischen Posaunenchor. Wenn sich auch vieles ver\u00e4ndert hat, so hat das Platzkonzert des Posaunenchores bis heute seinen festen Platz im Rahmenprogramm des mittelalterlichen Spectaculums.<\/strong> <\/p>\n\n\n\n<div class=\"wp-block-columns is-layout-flex wp-container-core-columns-is-layout-8f761849 wp-block-columns-is-layout-flex\">\n<div class=\"wp-block-column is-layout-flow wp-block-column-is-layout-flow\">\n<figure class=\"wp-block-image size-large\"><img loading=\"lazy\" decoding=\"async\" width=\"700\" height=\"467\" src=\"https:\/\/echta-derminga.de\/wp-content\/uploads\/2021\/11\/P1030499-700x467.jpg\" alt=\"\" class=\"wp-image-11212\" srcset=\"https:\/\/echta-derminga.de\/wp-content\/uploads\/2021\/11\/P1030499-700x467.jpg 700w, https:\/\/echta-derminga.de\/wp-content\/uploads\/2021\/11\/P1030499-300x200.jpg 300w, https:\/\/echta-derminga.de\/wp-content\/uploads\/2021\/11\/P1030499-768x512.jpg 768w, https:\/\/echta-derminga.de\/wp-content\/uploads\/2021\/11\/P1030499-1536x1024.jpg 1536w, https:\/\/echta-derminga.de\/wp-content\/uploads\/2021\/11\/P1030499-2048x1365.jpg 2048w\" sizes=\"auto, (max-width: 700px) 100vw, 700px\" \/><\/figure>\n<\/div>\n\n\n\n<div class=\"wp-block-column is-layout-flow wp-block-column-is-layout-flow\">\n<figure class=\"wp-block-image size-large\"><img loading=\"lazy\" decoding=\"async\" width=\"700\" height=\"467\" src=\"https:\/\/echta-derminga.de\/wp-content\/uploads\/2021\/11\/DSC3398-700x467.jpg\" alt=\"\" class=\"wp-image-11214\" srcset=\"https:\/\/echta-derminga.de\/wp-content\/uploads\/2021\/11\/DSC3398-700x467.jpg 700w, https:\/\/echta-derminga.de\/wp-content\/uploads\/2021\/11\/DSC3398-300x200.jpg 300w, https:\/\/echta-derminga.de\/wp-content\/uploads\/2021\/11\/DSC3398-768x513.jpg 768w, https:\/\/echta-derminga.de\/wp-content\/uploads\/2021\/11\/DSC3398.jpg 900w\" sizes=\"auto, (max-width: 700px) 100vw, 700px\" \/><\/figure>\n<\/div>\n<\/div>\n\n\n\n<p class=\"has-medium-font-size wp-block-paragraph\"><strong>Ich m\u00f6chte Sie herzlich dazu einladen den &#8222;Mittelalterlichen Weihnachtsmarkt&#8220; in Dirmingen am ersten Adventswochenende zu besuchen. Entfliehen Sie der allzu hektischen vorweihnachtlichen Adventszeit. Gesellen sie sich an das gro\u00dfe Feuer in Mitte des Marktplatzes und genie\u00dfen Sie bei einem Gl\u00fchwein ihre Zeit. Es ist angerichtet ! Seyd gegr\u00fcsset zum adventus Specatcolum Dirmanges anno 2022<\/strong><\/p>\n\n\n\n<div class=\"wp-block-columns is-layout-flex wp-container-core-columns-is-layout-8f761849 wp-block-columns-is-layout-flex\">\n<div class=\"wp-block-column is-layout-flow wp-block-column-is-layout-flow\">\n<figure class=\"wp-block-image size-large\"><img loading=\"lazy\" decoding=\"async\" width=\"700\" height=\"989\" src=\"https:\/\/echta-derminga.de\/wp-content\/uploads\/2022\/11\/adfbfe-700x989.jpg\" alt=\"\" class=\"wp-image-14026\" srcset=\"https:\/\/echta-derminga.de\/wp-content\/uploads\/2022\/11\/adfbfe-700x989.jpg 700w, https:\/\/echta-derminga.de\/wp-content\/uploads\/2022\/11\/adfbfe-212x300.jpg 212w, https:\/\/echta-derminga.de\/wp-content\/uploads\/2022\/11\/adfbfe-768x1085.jpg 768w, https:\/\/echta-derminga.de\/wp-content\/uploads\/2022\/11\/adfbfe-1088x1536.jpg 1088w, https:\/\/echta-derminga.de\/wp-content\/uploads\/2022\/11\/adfbfe-1450x2048.jpg 1450w, https:\/\/echta-derminga.de\/wp-content\/uploads\/2022\/11\/adfbfe-scaled.jpg 1813w\" sizes=\"auto, (max-width: 700px) 100vw, 700px\" \/><\/figure>\n<\/div>\n\n\n\n<div class=\"wp-block-column is-layout-flow wp-block-column-is-layout-flow\">\n<figure class=\"wp-block-image size-full\"><img loading=\"lazy\" decoding=\"async\" width=\"600\" height=\"843\" src=\"https:\/\/echta-derminga.de\/wp-content\/uploads\/2022\/11\/Anima-Serpentis.png\" alt=\"\" class=\"wp-image-14140\" srcset=\"https:\/\/echta-derminga.de\/wp-content\/uploads\/2022\/11\/Anima-Serpentis.png 600w, https:\/\/echta-derminga.de\/wp-content\/uploads\/2022\/11\/Anima-Serpentis-214x300.png 214w\" sizes=\"auto, (max-width: 600px) 100vw, 600px\" \/><\/figure>\n<\/div>\n\n\n\n<div class=\"wp-block-column is-layout-flow wp-block-column-is-layout-flow\">\n<figure class=\"wp-block-image size-large\"><img loading=\"lazy\" decoding=\"async\" width=\"700\" height=\"990\" src=\"https:\/\/echta-derminga.de\/wp-content\/uploads\/2022\/11\/Dirmingen-700x990.jpg\" alt=\"\" class=\"wp-image-14141\" srcset=\"https:\/\/echta-derminga.de\/wp-content\/uploads\/2022\/11\/Dirmingen-700x990.jpg 700w, https:\/\/echta-derminga.de\/wp-content\/uploads\/2022\/11\/Dirmingen-212x300.jpg 212w, https:\/\/echta-derminga.de\/wp-content\/uploads\/2022\/11\/Dirmingen-768x1086.jpg 768w, https:\/\/echta-derminga.de\/wp-content\/uploads\/2022\/11\/Dirmingen-1086x1536.jpg 1086w, https:\/\/echta-derminga.de\/wp-content\/uploads\/2022\/11\/Dirmingen.jpg 1240w\" sizes=\"auto, (max-width: 700px) 100vw, 700px\" \/><\/figure>\n<\/div>\n<\/div>\n\n\n\n<figure class=\"wp-block-embed is-type-video is-provider-youtube wp-block-embed-youtube wp-embed-aspect-16-9 wp-has-aspect-ratio\"><div class=\"wp-block-embed__wrapper\">\n<iframe loading=\"lazy\" title=\"Mittelalterlicher Weihnachtsmarkt Dirmingen\" width=\"860\" height=\"484\" src=\"https:\/\/www.youtube.com\/embed\/4sUIRUKftR4?feature=oembed\" frameborder=\"0\" allow=\"accelerometer; autoplay; clipboard-write; encrypted-media; gyroscope; picture-in-picture\" allowfullscreen><\/iframe>\n<\/div><\/figure>\n","protected":false},"excerpt":{"rendered":"<p>Adventszeit! Zeit der Ruhe der Besinnlichkeit und der Weihnachtsm\u00e4rkte. Jedes Jahr im Dezember schm\u00fccken sich zahlreiche deutsche St\u00e4dte mit ihrem Weihnachtsmarkt. Auch im Saarland wird diese Tradition ausgelebt. W\u00e4hrend die Weihnachtsm\u00e4rkte fr\u00fcher zur Einstimmung auf die besinnliche Weihnachtszeit dienten, werden die M\u00e4rkte heute vielerorts von einer modernen Konsumgesellschaft gepr\u00e4gt. Schon im Mittelalter gab es in gro\u00dfen deutschen St\u00e4dten Weihnachtsm\u00e4rkte wobei<\/p>\n","protected":false},"author":1,"featured_media":4965,"comment_status":"open","ping_status":"closed","sticky":false,"template":"","format":"standard","meta":{"_crdt_document":"","footnotes":""},"categories":[1,9],"tags":[5,618,127,525,310],"class_list":["post-14130","post","type-post","status-publish","format-standard","has-post-thumbnail","hentry","category-allgemein","category-dorfgetratsche","tag-dirmingen","tag-gemeinde-eppelborn","tag-landkreis-neunkirchen","tag-mittelalterlicher-weihnachtsmarkt","tag-saarland"],"_links":{"self":[{"href":"https:\/\/echta-derminga.de\/index.php?rest_route=\/wp\/v2\/posts\/14130","targetHints":{"allow":["GET"]}}],"collection":[{"href":"https:\/\/echta-derminga.de\/index.php?rest_route=\/wp\/v2\/posts"}],"about":[{"href":"https:\/\/echta-derminga.de\/index.php?rest_route=\/wp\/v2\/types\/post"}],"author":[{"embeddable":true,"href":"https:\/\/echta-derminga.de\/index.php?rest_route=\/wp\/v2\/users\/1"}],"replies":[{"embeddable":true,"href":"https:\/\/echta-derminga.de\/index.php?rest_route=%2Fwp%2Fv2%2Fcomments&post=14130"}],"version-history":[{"count":17,"href":"https:\/\/echta-derminga.de\/index.php?rest_route=\/wp\/v2\/posts\/14130\/revisions"}],"predecessor-version":[{"id":14151,"href":"https:\/\/echta-derminga.de\/index.php?rest_route=\/wp\/v2\/posts\/14130\/revisions\/14151"}],"wp:featuredmedia":[{"embeddable":true,"href":"https:\/\/echta-derminga.de\/index.php?rest_route=\/wp\/v2\/media\/4965"}],"wp:attachment":[{"href":"https:\/\/echta-derminga.de\/index.php?rest_route=%2Fwp%2Fv2%2Fmedia&parent=14130"}],"wp:term":[{"taxonomy":"category","embeddable":true,"href":"https:\/\/echta-derminga.de\/index.php?rest_route=%2Fwp%2Fv2%2Fcategories&post=14130"},{"taxonomy":"post_tag","embeddable":true,"href":"https:\/\/echta-derminga.de\/index.php?rest_route=%2Fwp%2Fv2%2Ftags&post=14130"}],"curies":[{"name":"wp","href":"https:\/\/api.w.org\/{rel}","templated":true}]}}