{"id":14211,"date":"2022-12-04T12:44:57","date_gmt":"2022-12-04T11:44:57","guid":{"rendered":"https:\/\/echta-derminga.de\/?p=14211"},"modified":"2022-12-04T12:45:02","modified_gmt":"2022-12-04T11:45:02","slug":"zum-barbaratag-2022-was-wir-vom-bergmann-lernen-koennen","status":"publish","type":"post","link":"https:\/\/echta-derminga.de\/?p=14211","title":{"rendered":"Zum Barbaratag 2022 &#8211; Was wir vom Bergmann lernen k\u00f6nnen !"},"content":{"rendered":"\n<p class=\"has-medium-font-size wp-block-paragraph\"><strong>Einmal Bergmann immer Bergmann! Im Jahre 2001 habe ich diesen Berufstand den R\u00fccken gekehrt. Mir ist dieser Schritt damals nicht leichtgefallen. Ausschlaggebend war wohl die drohende Gefahr eines Wohnortswechsels verbunden mit einem Arbeitsplatzwechsel. Gerade j\u00fcngere Bergleute wurden damals verst\u00e4rkt nach Ibbenb\u00fcren oder in den Ruhrpott verlegt. Am 30. Juni 2012 wurde das Kapitel Saar-Bergbau endg\u00fcltig geschlossen. Heute, zehn Jahre nach dem Ende des Bergbaus stellt man sich die Frage: Was wurde aus den vielen Bergleuten und wie bewahren wir uns eine gewisse Erinnerungskultur? Mittlerweile gibt es die ersten Generationen, die ohne den Bergbau aufwachsen.<\/strong><\/p>\n\n\n\n<p class=\"has-medium-font-size wp-block-paragraph\">Einmal Bergmann, immer Bergmann. Ich glaube, an diesem Satz ist tats\u00e4chlich etwas dran. In Zeiten menschlicher Verrohung und mangelnder Solidarit\u00e4t, k\u00f6nnten wir uns alle ein St\u00fcck vom guten alten Bergmann abschneiden. Wir sollten uns ein Beispiel an diesem ehrw\u00fcrdigen Berufsstand nehmen und k\u00f6nnten am Ende so viel lernen.<\/p>\n\n\n\n<p class=\"has-medium-font-size wp-block-paragraph\"><strong>Nationalit\u00e4t, Glaube oder Hautfarbe spielte unter Tage keine Rolle. Bergleute waren unter Tage aufeinander angewiesen. Daraus entwickelte sich eine besondere Beziehung. Kameradschaft, Zusammenhalt und Miteinander spielten eine gewichtige Rolle. Man b\u00fcckte sich f\u00fcr den anderen und half ohne Aufforderung. Nach der Arbeit sahen wir alle gleich aus. Schwarz, dreckig, stinkend, verschwitzt und m\u00fcde. \u00a0<\/strong><\/p>\n\n\n\n<p class=\"has-medium-font-size wp-block-paragraph\">\u00dcberall im Land findet man noch heute die alten F\u00f6rdert\u00fcrme des Saar-Bergbaus. Die F\u00f6rdert\u00fcrme dieses Landes sind zu st\u00e4hlernen Zeitzeugen geworden und erinnern uns an eine l\u00e4ngst vergangene Zeit. Dabei hat jeder einzelne Saarl\u00e4nder seine ureigene Verbindung und seine ganz pers\u00f6nliche Geschichte zum Bergbau. In den 1960-er und 1970-er Jahren war jeder zweite Saarl\u00e4nder auf irgendeine Weise mit dem Bergbau verbunden. Meine Gro\u00dfv\u00e4ter waren \u00fcber Generationen im Bergbau t\u00e4tig und auch mein Vater verdiente \u201eUnter Tage\u201c sein Brot. Meine Ausbildung zum Bergmann habe ich bis heute nie bereut. Ja, ich bin tats\u00e4chlich stolz darauf diesen Beruf ausge\u00fcbt zu haben. Zuhause war ich auf den Anlagen Duhamel, Camphausen und Ensdorf (Nordschacht). Im Jahre 2001 schloss sich auch f\u00fcr mich pers\u00f6nlich das Kapitel Bergbau.<\/p>\n\n\n<div class=\"wp-block-image\">\n<figure class=\"aligncenter size-large\"><img loading=\"lazy\" decoding=\"async\" width=\"700\" height=\"525\" src=\"https:\/\/echta-derminga.de\/wp-content\/uploads\/2022\/06\/IMG_20180406_162137-Kopie-700x525.jpg\" alt=\"\" class=\"wp-image-13052\" srcset=\"https:\/\/echta-derminga.de\/wp-content\/uploads\/2022\/06\/IMG_20180406_162137-Kopie-700x525.jpg 700w, https:\/\/echta-derminga.de\/wp-content\/uploads\/2022\/06\/IMG_20180406_162137-Kopie-300x225.jpg 300w, https:\/\/echta-derminga.de\/wp-content\/uploads\/2022\/06\/IMG_20180406_162137-Kopie-768x576.jpg 768w, https:\/\/echta-derminga.de\/wp-content\/uploads\/2022\/06\/IMG_20180406_162137-Kopie.jpg 1000w\" sizes=\"auto, (max-width: 700px) 100vw, 700px\" \/><\/figure>\n<\/div>\n\n\n<p class=\"has-medium-font-size wp-block-paragraph\"><strong>Mehr als 250 Jahre pr\u00e4gte der Bergbau unser Heimatland. Was ist davongeblieben? Wenn ich an den Bergmann denke, f\u00e4llt mir sofort das W\u00f6rtchen Ehre ein! Unter Tage fragte man nicht danach, was man davon hat. Unter Tage hat man sich gegenseitig unterst\u00fctzt und getragen. Solidarit\u00e4t und Kameradschaft. Wo findet man heutzutage noch eine solche Bindung zwischen zwei Arbeitnehmern?<\/strong><\/p>\n\n\n\n<p class=\"has-medium-font-size wp-block-paragraph\">Nein, im Bergbau war wahrhaftig nicht alles Gold was gl\u00e4nzt. Nat\u00fcrlich wurden auch in diesem Bereich gro\u00dfe Fehler begangen. Dennoch w\u00fcrde ich mir w\u00fcnschen, dass wir die Erinnerung an diesen Berufsstand bewahren. Unser Land wurde auf Kohle und Stahl erschaffen! Unser Wohlstand basiert auf Kohle und Stahl.<\/p>\n\n\n\n<p class=\"has-medium-font-size wp-block-paragraph\"><strong>Was k\u00f6nnen wir von den Bergleuten lernen? Ich denke in erster Linie die Herzlichkeit und die gro\u00dfe Solidarit\u00e4t. Unter Tage wurde niemand fallen gelassen oder im Stich gelassen. Unter Tage gab es ein unbeschreibliches WIR-Gef\u00fchl. Ich glaube, diese Solidarit\u00e4t wurde uns Bergleuten in den Lehrjahren eingebeult. Genau diese Solidarit\u00e4t und das Wir-Gef\u00fchl fehlt uns heute in vielen Bereichen des t\u00e4glichen Lebens. Wir reichen uns zu selten die Hand und suchen viel zu oft unseren eigenen Profit. Keine Frage, unter Tage herrschte ein rauer Umgangston. Das Ganze hatte jedoch nichts mit Verunglimpfung, Diffamierung oder Fremdenhass zu tun. Der Bergmann war hart, aber auch herzlich.<\/strong><\/p>\n\n\n\n<p class=\"has-medium-font-size wp-block-paragraph\">Lasst uns von den Bergleuten lernen und \u00fcben wir mehr Miteinander, Menschlichkeit, Kameradschaft und Zusammenhalt. Heute, in Zeiten des Klimawandels reden viele davon, dass der Bergbau unserem Planeten mehr geschadet als gedient hat. Wenn man sich die Probleme dieser Welt genauer betrachtet, mag durchaus etwas daran sein. Dennoch glaube ich ganz fest daran, dass ein bisschen Bergmann jedem von uns gut stehen w\u00fcrde !<\/p>\n\n\n\n<p class=\"has-medium-font-size wp-block-paragraph\"><strong>Noch heute hat der Barbaratag einen besonderen Platz in meinem Kalender. Als Bergmann mussten wir am 4. Dezember nicht einfahren. An diesem Tag wurde der Namenstag der Schutzpatronin der Bergleute, der heiligen Barbara, gefiert. Nicht nur an diesem Tag erinnere ich mich lebend gerne an meine Zeit als Bergmann zur\u00fcck. Wir d\u00fcrfen nicht aufh\u00f6ren von den Bergleuten zu erz\u00e4hlen. In unseren Geschichten lebt die Erinnerung an den Bergbau weiter. Wenn wir nicht mehr davon sprechen, berichten oder erz\u00e4hlen werden wir alle irgendwann vergessen.<\/strong><\/p>\n\n\n\n<p class=\"has-medium-font-size wp-block-paragraph\">Ich w\u00fcnsche euch allen einen besinnlichen Barbaratag!<\/p>\n\n\n\n<p class=\"has-medium-font-size wp-block-paragraph\">Gl\u00fcck auf!<\/p>\n\n\n\n<p class=\"has-medium-font-size wp-block-paragraph\"><strong><em>Einfahrtsgebet<\/em><\/strong><\/p>\n\n\n\n<p class=\"has-medium-font-size wp-block-paragraph\"><strong><em>Wir richten, eh\u2019 wir niederfahren, Den Blick, o Gott empor zu dir. O woll uns, Herr, getreu bewahren, La\u00df wiederkehren uns nach hier.<\/em><\/strong><\/p>\n\n\n\n<p class=\"has-medium-font-size wp-block-paragraph\"><strong><em>Schlie\u00df auf den Stollen Deiner Liebe, Den finsteren Schacht, in dem wir bauen. Schirm uns vor Ort und im Betriebe, La\u00df fromm und treu uns Dir vertrauen.<\/em><\/strong><\/p>\n\n\n\n<p class=\"has-medium-font-size wp-block-paragraph\"><em><strong>Herr, segne Streben, Schacht und Stollen, Bewahr uns vor Flut und Brand. Herr, dem wir treu geh\u00f6ren wollen, Du hast die Welt in Deiner Hand.<\/strong><\/em><\/p>\n\n\n\n<p class=\"has-medium-font-size wp-block-paragraph\"><strong>Gl\u00fcck auf !<\/strong><\/p>\n\n\n\n<figure class=\"wp-block-image size-full\"><img loading=\"lazy\" decoding=\"async\" width=\"1011\" height=\"692\" src=\"https:\/\/echta-derminga.de\/wp-content\/uploads\/2018\/02\/berg.jpg\" alt=\"\" class=\"wp-image-443\" srcset=\"https:\/\/echta-derminga.de\/wp-content\/uploads\/2018\/02\/berg.jpg 1011w, https:\/\/echta-derminga.de\/wp-content\/uploads\/2018\/02\/berg-300x205.jpg 300w, https:\/\/echta-derminga.de\/wp-content\/uploads\/2018\/02\/berg-768x526.jpg 768w, https:\/\/echta-derminga.de\/wp-content\/uploads\/2018\/02\/berg-676x463.jpg 676w\" sizes=\"auto, (max-width: 1011px) 100vw, 1011px\" \/><\/figure>\n","protected":false},"excerpt":{"rendered":"<p>Einmal Bergmann immer Bergmann! Im Jahre 2001 habe ich diesen Berufstand den R\u00fccken gekehrt. Mir ist dieser Schritt damals nicht leichtgefallen. Ausschlaggebend war wohl die drohende Gefahr eines Wohnortswechsels verbunden mit einem Arbeitsplatzwechsel. Gerade j\u00fcngere Bergleute wurden damals verst\u00e4rkt nach Ibbenb\u00fcren oder in den Ruhrpott verlegt. Am 30. Juni 2012 wurde das Kapitel Saar-Bergbau endg\u00fcltig geschlossen. Heute, zehn Jahre nach<\/p>\n","protected":false},"author":1,"featured_media":443,"comment_status":"closed","ping_status":"closed","sticky":false,"template":"","format":"standard","meta":{"_crdt_document":"","footnotes":""},"categories":[1,9,902],"tags":[543,196,5,618,127],"class_list":["post-14211","post","type-post","status-publish","format-standard","has-post-thumbnail","hentry","category-allgemein","category-dorfgetratsche","category-meine-meinung","tag-barbaratag","tag-bergbau","tag-dirmingen","tag-gemeinde-eppelborn","tag-landkreis-neunkirchen"],"_links":{"self":[{"href":"https:\/\/echta-derminga.de\/index.php?rest_route=\/wp\/v2\/posts\/14211","targetHints":{"allow":["GET"]}}],"collection":[{"href":"https:\/\/echta-derminga.de\/index.php?rest_route=\/wp\/v2\/posts"}],"about":[{"href":"https:\/\/echta-derminga.de\/index.php?rest_route=\/wp\/v2\/types\/post"}],"author":[{"embeddable":true,"href":"https:\/\/echta-derminga.de\/index.php?rest_route=\/wp\/v2\/users\/1"}],"replies":[{"embeddable":true,"href":"https:\/\/echta-derminga.de\/index.php?rest_route=%2Fwp%2Fv2%2Fcomments&post=14211"}],"version-history":[{"count":5,"href":"https:\/\/echta-derminga.de\/index.php?rest_route=\/wp\/v2\/posts\/14211\/revisions"}],"predecessor-version":[{"id":14216,"href":"https:\/\/echta-derminga.de\/index.php?rest_route=\/wp\/v2\/posts\/14211\/revisions\/14216"}],"wp:featuredmedia":[{"embeddable":true,"href":"https:\/\/echta-derminga.de\/index.php?rest_route=\/wp\/v2\/media\/443"}],"wp:attachment":[{"href":"https:\/\/echta-derminga.de\/index.php?rest_route=%2Fwp%2Fv2%2Fmedia&parent=14211"}],"wp:term":[{"taxonomy":"category","embeddable":true,"href":"https:\/\/echta-derminga.de\/index.php?rest_route=%2Fwp%2Fv2%2Fcategories&post=14211"},{"taxonomy":"post_tag","embeddable":true,"href":"https:\/\/echta-derminga.de\/index.php?rest_route=%2Fwp%2Fv2%2Ftags&post=14211"}],"curies":[{"name":"wp","href":"https:\/\/api.w.org\/{rel}","templated":true}]}}