{"id":14227,"date":"2022-12-09T20:51:36","date_gmt":"2022-12-09T19:51:36","guid":{"rendered":"https:\/\/echta-derminga.de\/?p=14227"},"modified":"2022-12-11T11:19:45","modified_gmt":"2022-12-11T10:19:45","slug":"advent-advent-die-huette-brennt","status":"publish","type":"post","link":"https:\/\/echta-derminga.de\/?p=14227","title":{"rendered":"Advent, Advent, die H\u00fctte brennt !"},"content":{"rendered":"\n<p class=\"has-medium-font-size wp-block-paragraph\"><strong>Advent &#8211; Zeit der offenen Herzen, der Spendenbereitschaft, der Vorfreude, der Stille, Erwartung und inneren Einkehr. Das lateinische W\u00f6rtchen Advent hei\u00dft so viel wie Ankunft: Wir erwarten die Ankunft Gottes, der sich uns als kleines Kind in der Krippe zeigt.<\/strong><\/p>\n\n\n\n<p class=\"has-medium-font-size wp-block-paragraph\"><strong>Advent -Zeit des Aufruhrs, Hektik, Stress und der menschlichen Verrohung. Finden wir tats\u00e4chlich in dieser Zeit die Ruhe, die eigentliche Botschaft des Advents zu genie\u00dfen?<\/strong><\/p>\n\n\n\n<p class=\"has-medium-font-size wp-block-paragraph\"><strong>Mit dem Beginn der Adventzeit sollten wir eigentlich sch\u00f6ne Traditionen verbinden: Adventskalender, Adventskranz, Weihnachtsgeschichten, selbstgebackene Pl\u00e4tzchen, Konzerte, Lichterketten, Weihnachtsm\u00e4rkte nat\u00fcrlich auch Gl\u00fchwein trinken.<\/strong><\/p>\n\n\n\n<p class=\"has-medium-font-size wp-block-paragraph\">Nach zwei Jahren pandemiebedingter Zwangspause finden endlich wieder unsere allseits beliebten Weihnachtsm\u00e4rkte statt. Was gibt es Sch\u00f6neres, als gemeinsam mit der Familie \u00fcber den Markt schlendern, Gl\u00fchwein schl\u00fcrfen und die vielen vorweihnachtlichen kulinarischen K\u00f6stlichkeiten naschen. Man sollte davon ausgehen, dass jeder Familie ein Besuch auf einem Weihnachtsmarkt ihrer Wahl zusteht. Bleibt die Frage, ob sich noch viele Familien einen solchen Besuch leisten k\u00f6nnen.<\/p>\n\n\n\n<p class=\"has-medium-font-size wp-block-paragraph\"><strong>Angesichts der steigenden Preisen von fast allem, was uns lieb und teuer ist, nimmt so manche Familie Abstand von einem Weihnachtsmarktbesuch. Ausgerechnet im Advent wird die Kluft zwischen dem noch vorhandenen Wohlstand und der sozial schwache Bev\u00f6lkerungsschicht deutlich sp\u00fcrbar. Neulich besuchte ich mit einer befreundeten Familie einen der gr\u00f6\u00dften und sch\u00f6nsten Weihnachtsm\u00e4rkte unseres Landes. Nachdem ich zwei Gl\u00fchwein bestellt hatte, bekam ich die Rechnung von 11,- \u20ac inkl. Pfand vorgelegt. Jetzt noch zwei Bratw\u00fcrste und der 20ziger ist futsch. Wer kann sich bei diesen Preise einen Weihnachtsmarktsbesuch mit seiner Familie leisten? Manch ein Familienvater wird sich viel lieber dazu entscheiden, den Heizungstank zu f\u00fcllen, um der Familie eine warme Stube zu bieten.<\/strong><\/p>\n\n\n\n<p class=\"has-medium-font-size wp-block-paragraph\">Dabei ist die Wirtschaftskrise nur eines von vielen Problemen. Der Umgangston wird st\u00fcndlich schlimmer und h\u00e4rter. Wer nicht f\u00fcr mich ist, ist gegen mich! Ein Blick auf die Uhr: 5 Minuten vor 12! Der Hass regiert nicht nur im Netz sondern auch in unseren Stra\u00dfen und Gassen. Was ist nur mit der Menschheit passiert? Ist wirklich immer nur der andere Schuld an meinem Dilemma? Der Wahnsinn kennt keine Grenzen.<\/p>\n\n\n\n<p class=\"has-medium-font-size wp-block-paragraph\">Beim Anblick von Adventsm\u00e4rkten, Schokolade und Pl\u00e4tzchen ist es kaum noch vorstellbar, dass der Advent mal eine Zeit des Fastens und der Bu\u00dfe war. Dahinter stand eine innerliche und \u00e4u\u00dferliche Vorbereitung auf die Geburt Jesu als zweith\u00f6chstem christlichem Fest. So manch einem Zeitgenossen k\u00f6nnte dieses uralte Ritual mit Sicherheit nicht schaden. Ich vermisse unsere Suche nach Ruhe, Gelassenheit und innerer Erwartung. Wie finden wir angesichts steigender Priese, wirtschaftlicher Probleme, Krieg, Terror und mangelnder N\u00e4chstenliebe \u00fcberhaupt noch zu unserer inneren Ruhe und Einkehr? &nbsp;<\/p>\n\n\n\n<p class=\"has-medium-font-size wp-block-paragraph\"><strong>Ich pers\u00f6nlich liebe die Adventszeit. Die Kerzen, die Lichter, die Sterne, den Duft, das Geb\u00e4ck und die vielen Weihnachtslieder. Der Advent und insbesondere Weihnachten werden begleitet von einem ganz besonderen Zauber. Da ist irgendwas, was m\u00f6glich w\u00e4re! Da sind Vorfreude, Ungeduld, Herzlichkeit und eine gewisse Spannung in der Luft.<\/strong><\/p>\n\n\n\n<p class=\"has-medium-font-size wp-block-paragraph\">Der eigentliche Adventszauber geht jedoch mehr und mehr verloren. Umfragen ergeben, dass sich die Leute vielmehr \u00fcber ein paar arbeitsfreie Tage freuen und der Ankunft Christi nur wenig abgewinnen k\u00f6nnen. Angesichts steigender Kirchenaustritte wird es sehr schwer diesen Trend zu stoppen. Das christliche Abendland sagt leise servus und wir schauen gleichg\u00fcltig hinterher. Hauptsache zu Weihnachten ist die Kirche voll ! Nat\u00fcrlich hat die Kirche eine gewisse Verantwortung an dieser Entwicklung. Auf der anderen Seite sind wir alle in der Verantwortung unsere Werte und Traditionen aufrecht zu erhalten. Ein Land, das keine Br\u00e4uche pflegt, wird irgendwann in Vergessenheit geraten.<\/p>\n\n\n\n<p class=\"has-medium-font-size wp-block-paragraph\"><strong>Advent \u2013 es herrscht Krieg, Hass, Terror und Gewalt. Wir verfallen der Depression und der Gleichg\u00fcltigkeit. L\u00e4ngst geht es nicht mehr um die Botschaft Gottes oder eine besinnliche Adventszeit. Wir fallen von einer Krise in die N\u00e4chste. Der Pandemie folgte der Krieg und die menschliche Verrohung. Ein Blick in die sozialen Medien macht fassungslos! Das Netz bietet jedem die M\u00f6glichkeit seine Meinung kund zu tun. Nicht jeder kann mit dieser Macht des geschriebenen Wortes umgehen. <\/strong><\/p>\n\n\n\n<p class=\"has-medium-font-size wp-block-paragraph\"><strong>Die Rede ist von Dreckspack, schei\u00df Politikern, Volksverr\u00e4tern oder korrupten Schweinen. Packt sie und zerhackt sie, h\u00e4ngt sie h\u00f6her! Stellt die Politiker an die Wand und nehmt das Heft selbst in eure Hand. Letztens wollten irgendwelche Weltverbesserer den Bundestag \u00fcbernehmen. Merke, irgendwann frisst jede Revolution ihre Kinder!<\/strong><\/p>\n\n\n\n<p class=\"has-medium-font-size wp-block-paragraph\"><strong>Niemand kann sich seinen Geburtsort aussuchen. Es ist ein Privileg in Europa geboren zu sein. Warum verweigern wir anderen ein sicheres Zuhause?<\/strong><\/p>\n\n\n\n<p class=\"has-medium-font-size wp-block-paragraph\">Eine gewisse Doppelmoral breitet sich aus im Land der Dichter und Denker. Mit dem Advent werden vielerorts Spendenmarathons ins Leben gerufen. Wir erkaufen uns ein gutes Gewissen und Spenden, was das Zeug h\u00e4lt. Mit welchem Recht lassen wir jedoch zu, dass an der Grenze zwischen Belarus und Polen Familien und kleine Kinder bei minusgraden auf dem kalten Boden \u00fcbernachten m\u00fcssen. Mit welchem Recht lassen wir im Mittelmeer Menschen ertrinken und wiegen uns selbst in Sicherheit? Ist das unser Verst\u00e4ndnis von N\u00e4chstenliebe? <\/p>\n\n\n\n<p class=\"has-medium-font-size wp-block-paragraph\"><strong>Ich muss raus! Der Kopf brummt. Ich habe genug von Mussgunst, Neid, Hass und Egoismus. Ich laufe durch unsere Stra\u00dfen und lasse mir den Wind um die Ohren wehen. Es gibt nichts Gutes, au\u00dfer man tut es. Machen wir genug? Geben wir uns genug M\u00fche um den anderen zu verstehen?<\/strong><\/p>\n\n\n\n<p class=\"has-medium-font-size wp-block-paragraph\">Auf der Stra\u00dfe begegnet mir der Nikolaus.<\/p>\n\n\n\n<p class=\"has-medium-font-size wp-block-paragraph\"><em>\u201eNa, guter alter Nikolaus. Du siehst m\u00fcde aus\u201c<\/em><\/p>\n\n\n\n<p class=\"has-medium-font-size wp-block-paragraph\"><em>\u201eJa, es war ein langer Weg\u201c.<\/em><\/p>\n\n\n\n<p class=\"has-medium-font-size wp-block-paragraph\"><em>\u201eDu wirkst nachdenklich, was bedr\u00fcckt dich, heiliger Mann.\u201c<\/em><\/p>\n\n\n\n<p class=\"has-medium-font-size wp-block-paragraph\"><em>\u201eWei\u00dft du mein Sohn, auf meinem Weg habe ich die  Kinder nach der Adventsbotschaft gefragt. Viele Kinder wissen nicht auf wessen Ankunft wir im Advent warten. Wenn ich sie frage, was wir zu Weihnachten feiern, bekomme ich nur selten die richtige Antwort. Die meisten warten auf den Weihnachtsmann, Geschenke, schulfreie Zeit oder ein gro\u00dfartiges Fernsehprogramm. Auf unseren Herren warten die wenigsten.\u201c<\/em><\/p>\n\n\n\n<p class=\"has-medium-font-size wp-block-paragraph\">Nachdenklich zieht der heilige Mann seinen Weg und l\u00e4sst mich nachdenklich zur\u00fcck ! Wo ist mein  Adventsgef\u00fchl geblieben ? Advent, Advent die H\u00fctte brennt.<\/p>\n\n\n\n<p class=\"has-medium-font-size wp-block-paragraph\"><strong>Besseres kann kein Volk vererben, als ererbten V\u00e4terbrauch. Wo des Landes Br\u00e4uche sterben, stirbt des Volkes Bl\u00fcte auch. (Volksgut)<\/strong><\/p>\n","protected":false},"excerpt":{"rendered":"<p>Advent &#8211; Zeit der offenen Herzen, der Spendenbereitschaft, der Vorfreude, der Stille, Erwartung und inneren Einkehr. Das lateinische W\u00f6rtchen Advent hei\u00dft so viel wie Ankunft: Wir erwarten die Ankunft Gottes, der sich uns als kleines Kind in der Krippe zeigt. Advent -Zeit des Aufruhrs, Hektik, Stress und der menschlichen Verrohung. Finden wir tats\u00e4chlich in dieser Zeit die Ruhe, die eigentliche<\/p>\n","protected":false},"author":1,"featured_media":8085,"comment_status":"open","ping_status":"closed","sticky":false,"template":"","format":"standard","meta":{"_crdt_document":"","footnotes":""},"categories":[1,9,902],"tags":[5,618,127,310],"class_list":["post-14227","post","type-post","status-publish","format-standard","has-post-thumbnail","hentry","category-allgemein","category-dorfgetratsche","category-meine-meinung","tag-dirmingen","tag-gemeinde-eppelborn","tag-landkreis-neunkirchen","tag-saarland"],"_links":{"self":[{"href":"https:\/\/echta-derminga.de\/index.php?rest_route=\/wp\/v2\/posts\/14227","targetHints":{"allow":["GET"]}}],"collection":[{"href":"https:\/\/echta-derminga.de\/index.php?rest_route=\/wp\/v2\/posts"}],"about":[{"href":"https:\/\/echta-derminga.de\/index.php?rest_route=\/wp\/v2\/types\/post"}],"author":[{"embeddable":true,"href":"https:\/\/echta-derminga.de\/index.php?rest_route=\/wp\/v2\/users\/1"}],"replies":[{"embeddable":true,"href":"https:\/\/echta-derminga.de\/index.php?rest_route=%2Fwp%2Fv2%2Fcomments&post=14227"}],"version-history":[{"count":8,"href":"https:\/\/echta-derminga.de\/index.php?rest_route=\/wp\/v2\/posts\/14227\/revisions"}],"predecessor-version":[{"id":14241,"href":"https:\/\/echta-derminga.de\/index.php?rest_route=\/wp\/v2\/posts\/14227\/revisions\/14241"}],"wp:featuredmedia":[{"embeddable":true,"href":"https:\/\/echta-derminga.de\/index.php?rest_route=\/wp\/v2\/media\/8085"}],"wp:attachment":[{"href":"https:\/\/echta-derminga.de\/index.php?rest_route=%2Fwp%2Fv2%2Fmedia&parent=14227"}],"wp:term":[{"taxonomy":"category","embeddable":true,"href":"https:\/\/echta-derminga.de\/index.php?rest_route=%2Fwp%2Fv2%2Fcategories&post=14227"},{"taxonomy":"post_tag","embeddable":true,"href":"https:\/\/echta-derminga.de\/index.php?rest_route=%2Fwp%2Fv2%2Ftags&post=14227"}],"curies":[{"name":"wp","href":"https:\/\/api.w.org\/{rel}","templated":true}]}}