{"id":14243,"date":"2022-12-18T18:11:53","date_gmt":"2022-12-18T17:11:53","guid":{"rendered":"https:\/\/echta-derminga.de\/?p=14243"},"modified":"2022-12-18T18:21:52","modified_gmt":"2022-12-18T17:21:52","slug":"schoene-bescherung-mit-eigenen-liedern-durch-das-jahr-bis-hin-in-den-advent","status":"publish","type":"post","link":"https:\/\/echta-derminga.de\/?p=14243","title":{"rendered":"&#8222;Thank you for the Music&#8220; &#8211; Sch\u00f6ne Bescherung mit den eigenen Liedern"},"content":{"rendered":"\n<p class=\"has-medium-font-size wp-block-paragraph\"><strong>Die Corona Pandemie hat der Musikszene enorm geschadet. Nicht nur die kleineren Bands, Gruppen oder eher unbekanntere Musikerinnen und Musiker litten sehr unter den Auswirkungen der Pandemie. In den letzten beiden Jahren fanden die wenigsten Musiker eine Plattform um ihre Musik zu pr\u00e4sentierten. Dabei zerplatzten bestimmt auch sehr viele unerf\u00fcllte Tr\u00e4ume.<\/strong><\/p>\n\n\n\n<p class=\"has-medium-font-size wp-block-paragraph\">In Dirmingen sind wir schon vor der Pandemie verst\u00e4rkt der Intention gefolgt auf einheimischen Kr\u00e4fte zu setzen. Gem\u00e4\u00df dem Motto\u201c Warum in die Ferne schweifen, wenn das Gute liegt, so nah\u201c, haben wir in Zusammenarbeit mit dem Kulturverein und vielen anderen Vereinen und Organisationen auf die vorhandenen Talente in unserem Dorf gesetzt. Dabei haben wir wieder mal staunend festgestellt, welch ein gro\u00dfartiges Potential in unserem Dorf vorhanden ist. &nbsp;Besonders in den letzten Wochen bis hin zum Advent durften wir viele sch\u00f6ne und hochemotionale musikalische H\u00f6hepunkte genie\u00dfen.<\/p>\n\n\n\n<p class=\"has-medium-font-size wp-block-paragraph\"><strong>Die Lieder unserer eigenen Musiker, Bands und Gruppen genie\u00dfen zu d\u00fcrfen ist etwas ganz Besonderes. Bei der Auflistung des vorhandenen Potentials hat man schnell jemanden vergessen oder nicht erw\u00e4hnt. Dabei hat der \u201eDirminger Weg\u201c durchaus eine gewisse Tradition. Schon in den 70-er, 80-er und 90-er Jahren machte die Gruppe \u201eRastlos\u201c mit Vinyl, MCs und CDs auf sich aufmerksam. Die Gruppe um Frontmann Mac Gabler kommt noch heute zum Einsatz und faszinierte im Sommer die G\u00e4ste des Seniorentages auf Finkenrech. Viele unserer Musikerinnen und Musiker werden ihren Weg finden und ganz bestimmt auch ein St\u00fcckweit Karriere machen. Dabei wird jedoch nicht jedem der gro\u00dfe Durchbruch gelingen. In vielen F\u00e4llen gen\u00fcgt das vorhandene Talent nicht aus. Gerade in der Musikszene braucht man viel Gl\u00fcck, Geld und auch besondere Beziehungen.<\/strong><\/p>\n\n\n\n<div class=\"wp-block-columns is-layout-flex wp-container-core-columns-is-layout-8f761849 wp-block-columns-is-layout-flex\">\n<div class=\"wp-block-column is-layout-flow wp-block-column-is-layout-flow\">\n<figure class=\"wp-block-image size-large\"><img loading=\"lazy\" decoding=\"async\" width=\"700\" height=\"440\" src=\"https:\/\/echta-derminga.de\/wp-content\/uploads\/2022\/11\/20221111_195229-700x440.jpg\" alt=\"\" class=\"wp-image-14097\" srcset=\"https:\/\/echta-derminga.de\/wp-content\/uploads\/2022\/11\/20221111_195229-700x440.jpg 700w, https:\/\/echta-derminga.de\/wp-content\/uploads\/2022\/11\/20221111_195229-300x189.jpg 300w, https:\/\/echta-derminga.de\/wp-content\/uploads\/2022\/11\/20221111_195229-768x483.jpg 768w, https:\/\/echta-derminga.de\/wp-content\/uploads\/2022\/11\/20221111_195229-1536x966.jpg 1536w, https:\/\/echta-derminga.de\/wp-content\/uploads\/2022\/11\/20221111_195229-2048x1289.jpg 2048w\" sizes=\"auto, (max-width: 700px) 100vw, 700px\" \/><figcaption class=\"wp-element-caption\">Perlregen<\/figcaption><\/figure>\n<\/div>\n\n\n\n<div class=\"wp-block-column is-layout-flow wp-block-column-is-layout-flow\">\n<figure class=\"wp-block-image size-large\"><img loading=\"lazy\" decoding=\"async\" width=\"700\" height=\"323\" src=\"https:\/\/echta-derminga.de\/wp-content\/uploads\/2022\/12\/20221203_220645-700x323.jpg\" alt=\"\" class=\"wp-image-14223\" srcset=\"https:\/\/echta-derminga.de\/wp-content\/uploads\/2022\/12\/20221203_220645-700x323.jpg 700w, https:\/\/echta-derminga.de\/wp-content\/uploads\/2022\/12\/20221203_220645-300x139.jpg 300w, https:\/\/echta-derminga.de\/wp-content\/uploads\/2022\/12\/20221203_220645-768x355.jpg 768w, https:\/\/echta-derminga.de\/wp-content\/uploads\/2022\/12\/20221203_220645-1536x710.jpg 1536w, https:\/\/echta-derminga.de\/wp-content\/uploads\/2022\/12\/20221203_220645-2048x946.jpg 2048w\" sizes=\"auto, (max-width: 700px) 100vw, 700px\" \/><figcaption class=\"wp-element-caption\">Sounds Acousticduo<\/figcaption><\/figure>\n<\/div>\n<\/div>\n\n\n\n<p class=\"has-medium-font-size wp-block-paragraph\">Das Mindeste, was wir in unserem Dorf tun k\u00f6nnen, ist den vorhanden Musikerinnen und Musikern eine Plattform zu bieten. Diesbez\u00fcglich befinden wir uns in Dirmingen auf einem guten Weg. Nat\u00fcrlich ist noch Luft nach oben und es gibt immer noch den ein oder anderen Musiker oder Band, die wir noch nicht auf unserer B\u00fchne hatten. Wir arbeiten daran und werden sehen, was im n\u00e4chsten Jahr geht!<\/p>\n\n\n\n<p class=\"has-medium-font-size wp-block-paragraph\"><strong>Das nun endende Jahr 2022 hat uns ermutigt weiterzumachen und auch zuk\u00fcnftig auf die eigenen Kr\u00e4fte zu setzen. Bereits im Fr\u00fchjahr wurde mit der CD \u201eDirmingen f\u00fcr Ukraine\u201c und dem eigenen Song \u201eMensch zu sein\u201c eine echte Marke gesetzt. Am Ende durften wir \u00fcber 2000,- \u20ac an die \u201eUkraine Hilfe\u201c in unserer Gemeinde \u00fcberweisen. Das alles funktionierte nur mit der Unterst\u00fctzung unserer eigenen Musikerinnen und Musiker. Bei der Produktion dieser CD haben wir festgestellt, wie sch\u00f6n und ermutigend es sein kann, den eigenen Musikern eine Chance zu geben.<\/strong><\/p>\n\n\n\n<div class=\"wp-block-columns is-layout-flex wp-container-core-columns-is-layout-8f761849 wp-block-columns-is-layout-flex\">\n<div class=\"wp-block-column is-layout-flow wp-block-column-is-layout-flow\">\n<figure class=\"wp-block-image size-large\"><img loading=\"lazy\" decoding=\"async\" width=\"700\" height=\"504\" src=\"https:\/\/echta-derminga.de\/wp-content\/uploads\/2022\/12\/20221203_200845-700x504.jpg\" alt=\"\" class=\"wp-image-14222\" srcset=\"https:\/\/echta-derminga.de\/wp-content\/uploads\/2022\/12\/20221203_200845-700x504.jpg 700w, https:\/\/echta-derminga.de\/wp-content\/uploads\/2022\/12\/20221203_200845-300x216.jpg 300w, https:\/\/echta-derminga.de\/wp-content\/uploads\/2022\/12\/20221203_200845-768x553.jpg 768w, https:\/\/echta-derminga.de\/wp-content\/uploads\/2022\/12\/20221203_200845-1536x1106.jpg 1536w, https:\/\/echta-derminga.de\/wp-content\/uploads\/2022\/12\/20221203_200845-2048x1475.jpg 2048w\" sizes=\"auto, (max-width: 700px) 100vw, 700px\" \/><figcaption class=\"wp-element-caption\">BluBox<\/figcaption><\/figure>\n<\/div>\n\n\n\n<div class=\"wp-block-column is-layout-flow wp-block-column-is-layout-flow\">\n<figure class=\"wp-block-image size-large\"><img loading=\"lazy\" decoding=\"async\" width=\"700\" height=\"445\" src=\"https:\/\/echta-derminga.de\/wp-content\/uploads\/2022\/07\/20220715_204551-700x445.jpg\" alt=\"\" class=\"wp-image-13199\" srcset=\"https:\/\/echta-derminga.de\/wp-content\/uploads\/2022\/07\/20220715_204551-700x445.jpg 700w, https:\/\/echta-derminga.de\/wp-content\/uploads\/2022\/07\/20220715_204551-300x191.jpg 300w, https:\/\/echta-derminga.de\/wp-content\/uploads\/2022\/07\/20220715_204551-768x488.jpg 768w, https:\/\/echta-derminga.de\/wp-content\/uploads\/2022\/07\/20220715_204551.jpg 1000w\" sizes=\"auto, (max-width: 700px) 100vw, 700px\" \/><figcaption class=\"wp-element-caption\">AVA<\/figcaption><\/figure>\n<\/div>\n<\/div>\n\n\n\n<p class=\"has-medium-font-size wp-block-paragraph\">Das Beispiel Timo Br\u00fcck zeigt auf beeindruckende Art und Weise, dass es sich lohnt dranzubleiben. Die Wenigsten h\u00e4tten daran geglaubt, dass der gute Timo einmal vor einem eigenen Publikum seine Musik pr\u00e4sentieren w\u00fcrde. Heute bekommt er bereits Angebote und hat sich in unserer Region einen Namen erspielt. Das gleiche gilt f\u00fcr Bands wie z.B Saitenklang, Sounds Acousticduo oder auch die bezaubernde Band AVA die k\u00fcrzlich auf der &#8222;Novembernacht&#8220; der Band Perlregen ihren ersten eigenen Song performten.<\/p>\n\n\n\n<p class=\"has-medium-font-size wp-block-paragraph\"><strong>Schon im Sommer dieses Jahres spielten mit Perlregen, AVA, Saitenklang und Changes gleich vier Bands aus Dirmingen, oder zumindest mit gro\u00dfer Dirminger Beteiligung (Changes) auf unserem \u201ePark -und Strandfest\u201c. Aus meiner Sicht der Dinge sind wir gerade in diesen Zeiten dazu verpflichtet auf die eigenen vorhandenen M\u00f6glichkeiten zu setzen. Dabei spielt auch die Vielfalt eine gro\u00dfe Rolle. Nicht jede Musik passt beispielsweise auf ein Park -und Strandfest.<\/strong><\/p>\n\n\n\n<p class=\"has-medium-font-size wp-block-paragraph\">F\u00fcr Bands wie z.B die \u201eKrassen Br\u00fcder\u201c oder die \u201ePhil Wright Blues Band\u201c um den Dirminger Gitarristen Philip Hinsberger m\u00fcssen wir verst\u00e4rkt nach einer Plattform suchen. Das Gleiche gilt f\u00fcr die wunderbare Band \u201eBluBox\u201c die bisher in unauff\u00e4llig im Hintergrund agierten und bei ihrem Auftritt w\u00e4hrend des diesj\u00e4hrigen \u201eBenefiz Konzertes f\u00fcr die Eppelborner Tafelrunde\u201c auf ganzer Ebene \u00fcberraschte. In unserem D\u00f6rfchen gibt es so viel Potential und Talent. Wie gelingt es uns die vorhandenen M\u00f6glichkeiten noch besser und gewissenhafter auszusch\u00f6pfen ?<\/p>\n\n\n\n<div class=\"wp-block-columns is-layout-flex wp-container-core-columns-is-layout-8f761849 wp-block-columns-is-layout-flex\">\n<div class=\"wp-block-column is-layout-flow wp-block-column-is-layout-flow\">\n<figure class=\"wp-block-image size-large\"><img loading=\"lazy\" decoding=\"async\" width=\"700\" height=\"525\" src=\"https:\/\/echta-derminga.de\/wp-content\/uploads\/2022\/06\/Foto-2Rastlos-700x525.jpg\" alt=\"\" class=\"wp-image-12966\" srcset=\"https:\/\/echta-derminga.de\/wp-content\/uploads\/2022\/06\/Foto-2Rastlos-700x525.jpg 700w, https:\/\/echta-derminga.de\/wp-content\/uploads\/2022\/06\/Foto-2Rastlos-300x225.jpg 300w, https:\/\/echta-derminga.de\/wp-content\/uploads\/2022\/06\/Foto-2Rastlos-768x576.jpg 768w, https:\/\/echta-derminga.de\/wp-content\/uploads\/2022\/06\/Foto-2Rastlos.jpg 1000w\" sizes=\"auto, (max-width: 700px) 100vw, 700px\" \/><figcaption class=\"wp-element-caption\">Rastlos<\/figcaption><\/figure>\n<\/div>\n\n\n\n<div class=\"wp-block-column is-layout-flow wp-block-column-is-layout-flow\">\n<figure class=\"wp-block-image size-full\"><img loading=\"lazy\" decoding=\"async\" width=\"680\" height=\"558\" src=\"https:\/\/echta-derminga.de\/wp-content\/uploads\/2022\/04\/278231419_4995833163844702_6146276211639661925_n.jpg\" alt=\"\" class=\"wp-image-12555\" srcset=\"https:\/\/echta-derminga.de\/wp-content\/uploads\/2022\/04\/278231419_4995833163844702_6146276211639661925_n.jpg 680w, https:\/\/echta-derminga.de\/wp-content\/uploads\/2022\/04\/278231419_4995833163844702_6146276211639661925_n-300x246.jpg 300w\" sizes=\"auto, (max-width: 680px) 100vw, 680px\" \/><figcaption class=\"wp-element-caption\">Timo Br\u00fcck<\/figcaption><\/figure>\n<\/div>\n<\/div>\n\n\n\n<p class=\"has-medium-font-size wp-block-paragraph\"><strong>Der Sommer hat uns neue M\u00f6glichkeiten aufgezeigt. Der Landkreis Neunkirchen hat mit seiner Reihe &#8222;Musikpicknick im Garten&#8220; gezeigt wie es funktionieren kann. Es m\u00fcssen nicht immer die gro\u00dfen B\u00fchnen und Konzerte sein ! Zu den gem\u00fctlichen Konzerten der Dirminger Bands AVA oder &#8222;Mr. Be &amp; Me&#8220; auf Finkenrech str\u00f6mten \u00fcber 500 Menschen. Warum versuchen wir es nicht auf gleicher Art und Weise ? Dabei sollten wir keineswegs kopieren oder in Konkurrenz mit diesem gro\u00dfartigen Konzept des Landkreises gehen. Vielmehr geht es darum den Gruppen, Bands und Musikern in verschiedenen Formen eine Plattform und Auftrittsm\u00f6glichkeit zu bieten. Dies kann nur gemeinsam im Schulterschluss mit unseren Vereinen und Gremien gelingen. Lasst uns im kommenden Jahr noch mehr zusammenr\u00fccken.<\/strong><\/p>\n\n\n\n<p class=\"has-medium-font-size wp-block-paragraph\">Neben den vielen talentierten Nachwuchsk\u00fcnstlern haben wir in Dirmingen auch etliche Musiker mit professioneller Erfahrung. Neben der gro\u00dfartigen Band Perlregen geh\u00f6ren sicherlich Nina Heidemann und ihr Mann Sven Gro\u00df dazu, die in verschiedenen Formationen wie z.B Changes, Mr. Be &amp; Me oder Zimtkl\u00e4nge performen. &nbsp;Auch der Entertainer Uwe Hanson mit seiner Trompete verf\u00fcgt \u00fcber reichlich Erfahrung. Die Spannbreite von jungen talentierten Musikern reicht hin bis zu vielen erfahrenen \u201ealten Hasen\u201c. In unserem Dorf findet man f\u00fcr jeden Geschmack die passende Musik. Wir m\u00fcssen uns nur trauen auf die vorhandenen Kr\u00e4fte zu setzen.<\/p>\n\n\n\n<div class=\"wp-block-columns is-layout-flex wp-container-core-columns-is-layout-8f761849 wp-block-columns-is-layout-flex\">\n<div class=\"wp-block-column is-layout-flow wp-block-column-is-layout-flow\">\n<figure class=\"wp-block-image size-large\"><img loading=\"lazy\" decoding=\"async\" width=\"700\" height=\"392\" src=\"https:\/\/echta-derminga.de\/wp-content\/uploads\/2022\/04\/278276759_4995833063844712_2564231086186455363_n-700x392.jpg\" alt=\"\" class=\"wp-image-12556\" srcset=\"https:\/\/echta-derminga.de\/wp-content\/uploads\/2022\/04\/278276759_4995833063844712_2564231086186455363_n-700x392.jpg 700w, https:\/\/echta-derminga.de\/wp-content\/uploads\/2022\/04\/278276759_4995833063844712_2564231086186455363_n-300x168.jpg 300w, https:\/\/echta-derminga.de\/wp-content\/uploads\/2022\/04\/278276759_4995833063844712_2564231086186455363_n-768x430.jpg 768w, https:\/\/echta-derminga.de\/wp-content\/uploads\/2022\/04\/278276759_4995833063844712_2564231086186455363_n.jpg 925w\" sizes=\"auto, (max-width: 700px) 100vw, 700px\" \/><figcaption class=\"wp-element-caption\">Saitenklang<\/figcaption><\/figure>\n<\/div>\n\n\n\n<div class=\"wp-block-column is-layout-flow wp-block-column-is-layout-flow\">\n<figure class=\"wp-block-image size-large\"><img loading=\"lazy\" decoding=\"async\" width=\"700\" height=\"368\" src=\"https:\/\/echta-derminga.de\/wp-content\/uploads\/2022\/07\/20220717_172344-700x368.jpg\" alt=\"\" class=\"wp-image-13205\" srcset=\"https:\/\/echta-derminga.de\/wp-content\/uploads\/2022\/07\/20220717_172344-700x368.jpg 700w, https:\/\/echta-derminga.de\/wp-content\/uploads\/2022\/07\/20220717_172344-300x158.jpg 300w, https:\/\/echta-derminga.de\/wp-content\/uploads\/2022\/07\/20220717_172344-768x403.jpg 768w, https:\/\/echta-derminga.de\/wp-content\/uploads\/2022\/07\/20220717_172344.jpg 1000w\" sizes=\"auto, (max-width: 700px) 100vw, 700px\" \/><figcaption class=\"wp-element-caption\">Changes<\/figcaption><\/figure>\n<\/div>\n<\/div>\n\n\n\n<p class=\"has-medium-font-size wp-block-paragraph\"><strong>Dabei liegt noch vieles im verborgenen. Ich denke da z.B an den zweitplatzierten der RTL Sendung Super Talent Alessio Greco. Wusstet ihr, dass seine Wurzeln in Dirmingen liegen ? Ich denke aber auch an die vielen Nachwuchstalente die auf eine Chance hoffen. <\/strong><strong>Vanessa Wagner und ihre Formation &#8222;Sounds Acousicduo&#8220; geh\u00f6rt mit Sicherheit genauso zu diesen Bands wie auch die Nachwuchsgruppe &#8222;Treak im Ohr&#8220;. Wir m\u00fcssen Augen und Ohren aufhalten.<\/strong><\/p>\n\n\n\n<p class=\"has-medium-font-size wp-block-paragraph\">Nat\u00fcrlich d\u00fcrfen wir in unserer Auflistung nicht die noch einzig vorhandenen Ch\u00f6re unseres Dorfes vergessen. Der evangelische Kirchenchor Dirmingen feiert im kommenden Jahr sein 100-Jubil\u00e4um und auch der evangelische Posaunenchor Dirmingen betreibt in jedem Jahr Werbung in eigener Sache. Daneben sollte auch der Akkordeon Club Dirmingen nicht in Vergessenheit geraten. Welche M\u00f6glichkeiten gibt es diesen alteingesessenen Musikern eine Auftrittsplattform zu bieten ?Nun steuern wir auf das Jahresende zu und durften gerade in den letzten Wochen viele wunderbare musikalische Highlights mit Dirminger Beteiligung in unserem D\u00f6rfchen genie\u00dfen. Dabei geh\u00f6rte die \u201eNovembernacht\u201c von Perlregen im \u201ebig Eppel\u201c genauso hinzu, wie zum Beispiel unser Benefizkonzert oder auch das Weihnachtskonzert von Zimtkl\u00e4nge in der evangelischen Kirche Dirmingen.<\/p>\n\n\n\n<p class=\"has-medium-font-size wp-block-paragraph\"><strong>Mit dem Konzert der Gruppe Zimtkl\u00e4nge um Nina Heidemann, Sven Gro\u00df und Conni Krempel durften wir zum Abschluss des Jahres ein musikalisches Highlight genie\u00dfen. Sch\u00f6n, dass sehr viele Dirmingerinnen und Dirminger dieses Angebot angenommen haben. Das war in \u00e4hnlichen F\u00e4llen nicht immer so ganz der Fall ! Merke: Das t\u00e4gliche Brot eines Musikers erf\u00fcllt sich im Applaus des Publikums. Ich m\u00f6chte damit zum Ausdruck bringen, dass wir das vorhandene Angebot auch annehmen und unseren K\u00fcnstlerinnen und K\u00fcnstlern die Ehre erweisen m\u00fcssen. Genauso ist dies bei den Konzerten von Zimtkl\u00e4nge geschehen. Gut so !<\/strong><\/p>\n\n\n\n<div class=\"wp-block-columns is-layout-flex wp-container-core-columns-is-layout-8f761849 wp-block-columns-is-layout-flex\">\n<div class=\"wp-block-column is-layout-flow wp-block-column-is-layout-flow\">\n<figure class=\"wp-block-image size-large\"><img loading=\"lazy\" decoding=\"async\" width=\"700\" height=\"537\" src=\"https:\/\/echta-derminga.de\/wp-content\/uploads\/2022\/12\/perli-700x537.jpg\" alt=\"\" class=\"wp-image-14255\" srcset=\"https:\/\/echta-derminga.de\/wp-content\/uploads\/2022\/12\/perli-700x537.jpg 700w, https:\/\/echta-derminga.de\/wp-content\/uploads\/2022\/12\/perli-300x230.jpg 300w, https:\/\/echta-derminga.de\/wp-content\/uploads\/2022\/12\/perli-768x589.jpg 768w, https:\/\/echta-derminga.de\/wp-content\/uploads\/2022\/12\/perli.jpg 1097w\" sizes=\"auto, (max-width: 700px) 100vw, 700px\" \/><figcaption class=\"wp-element-caption\">Perlregen<\/figcaption><\/figure>\n<\/div>\n\n\n\n<div class=\"wp-block-column is-layout-flow wp-block-column-is-layout-flow\">\n<figure class=\"wp-block-image size-large\"><img loading=\"lazy\" decoding=\"async\" width=\"700\" height=\"574\" src=\"https:\/\/echta-derminga.de\/wp-content\/uploads\/2022\/12\/319546538_457729209862845_2495806873062555346_n-700x574.jpg\" alt=\"\" class=\"wp-image-14256\" srcset=\"https:\/\/echta-derminga.de\/wp-content\/uploads\/2022\/12\/319546538_457729209862845_2495806873062555346_n-700x574.jpg 700w, https:\/\/echta-derminga.de\/wp-content\/uploads\/2022\/12\/319546538_457729209862845_2495806873062555346_n-300x246.jpg 300w, https:\/\/echta-derminga.de\/wp-content\/uploads\/2022\/12\/319546538_457729209862845_2495806873062555346_n-768x629.jpg 768w, https:\/\/echta-derminga.de\/wp-content\/uploads\/2022\/12\/319546538_457729209862845_2495806873062555346_n-1536x1259.jpg 1536w, https:\/\/echta-derminga.de\/wp-content\/uploads\/2022\/12\/319546538_457729209862845_2495806873062555346_n.jpg 2048w\" sizes=\"auto, (max-width: 700px) 100vw, 700px\" \/><figcaption class=\"wp-element-caption\">Zimtkl\u00e4nge<\/figcaption><\/figure>\n<\/div>\n<\/div>\n\n\n\n<p class=\"has-medium-font-size wp-block-paragraph\"><strong>Liebe Musikerinnen und Musiker, Bands, Solisten, Gruppen oder Nachwuchstalente, lasst euch nicht entmutigen und bleibt tapfer auf eurem Weg. Unser Dorf darf sich gl\u00fccklich sch\u00e4tzen euch zu haben ! Lasst uns gemeinsam nach vorne blicken und an neuen interessanten Ideen arbeiten. Ich h\u00e4tte da noch die ein oder andere Idee am Start. Seid ihr dabei ?<\/strong><\/p>\n\n\n\n<p class=\"has-medium-font-size wp-block-paragraph\"><strong>Danke f\u00fcr die Lieder !<\/strong><\/p>\n\n\n\n<div class=\"wp-block-columns is-layout-flex wp-container-core-columns-is-layout-8f761849 wp-block-columns-is-layout-flex\">\n<div class=\"wp-block-column is-layout-flow wp-block-column-is-layout-flow\">\n<figure class=\"wp-block-image size-large\"><img loading=\"lazy\" decoding=\"async\" width=\"700\" height=\"485\" src=\"https:\/\/echta-derminga.de\/wp-content\/uploads\/2022\/12\/319939204_556192876377004_7018612166017614772_n-1-700x485.jpg\" alt=\"\" class=\"wp-image-14257\" srcset=\"https:\/\/echta-derminga.de\/wp-content\/uploads\/2022\/12\/319939204_556192876377004_7018612166017614772_n-1-700x485.jpg 700w, https:\/\/echta-derminga.de\/wp-content\/uploads\/2022\/12\/319939204_556192876377004_7018612166017614772_n-1-300x208.jpg 300w, https:\/\/echta-derminga.de\/wp-content\/uploads\/2022\/12\/319939204_556192876377004_7018612166017614772_n-1-768x532.jpg 768w, https:\/\/echta-derminga.de\/wp-content\/uploads\/2022\/12\/319939204_556192876377004_7018612166017614772_n-1.jpg 960w\" sizes=\"auto, (max-width: 700px) 100vw, 700px\" \/><\/figure>\n<\/div>\n\n\n\n<div class=\"wp-block-column is-layout-flow wp-block-column-is-layout-flow\">\n<figure class=\"wp-block-image size-full\"><img loading=\"lazy\" decoding=\"async\" width=\"674\" height=\"666\" src=\"https:\/\/echta-derminga.de\/wp-content\/uploads\/2022\/12\/320386868_1349376595835156_4917328759913773627_n.jpg\" alt=\"\" class=\"wp-image-14258\" srcset=\"https:\/\/echta-derminga.de\/wp-content\/uploads\/2022\/12\/320386868_1349376595835156_4917328759913773627_n.jpg 674w, https:\/\/echta-derminga.de\/wp-content\/uploads\/2022\/12\/320386868_1349376595835156_4917328759913773627_n-300x296.jpg 300w, https:\/\/echta-derminga.de\/wp-content\/uploads\/2022\/12\/320386868_1349376595835156_4917328759913773627_n-90x90.jpg 90w, https:\/\/echta-derminga.de\/wp-content\/uploads\/2022\/12\/320386868_1349376595835156_4917328759913773627_n-75x75.jpg 75w\" sizes=\"auto, (max-width: 674px) 100vw, 674px\" \/><\/figure>\n<\/div>\n<\/div>\n\n\n\n<div class=\"wp-block-columns is-layout-flex wp-container-core-columns-is-layout-8f761849 wp-block-columns-is-layout-flex\">\n<div class=\"wp-block-column is-layout-flow wp-block-column-is-layout-flow\">\n<figure class=\"wp-block-image size-large\"><img loading=\"lazy\" decoding=\"async\" width=\"700\" height=\"416\" src=\"https:\/\/echta-derminga.de\/wp-content\/uploads\/2022\/06\/20220611_234836-700x416.jpg\" alt=\"\" class=\"wp-image-13026\" srcset=\"https:\/\/echta-derminga.de\/wp-content\/uploads\/2022\/06\/20220611_234836-700x416.jpg 700w, https:\/\/echta-derminga.de\/wp-content\/uploads\/2022\/06\/20220611_234836-300x178.jpg 300w, https:\/\/echta-derminga.de\/wp-content\/uploads\/2022\/06\/20220611_234836.jpg 704w\" sizes=\"auto, (max-width: 700px) 100vw, 700px\" \/><\/figure>\n<\/div>\n\n\n\n<div class=\"wp-block-column is-layout-flow wp-block-column-is-layout-flow\">\n<figure class=\"wp-block-image size-large\"><img loading=\"lazy\" decoding=\"async\" width=\"700\" height=\"700\" src=\"https:\/\/echta-derminga.de\/wp-content\/uploads\/2022\/12\/IMG-20220403-WA0010-700x700.jpg\" alt=\"\" class=\"wp-image-14261\" srcset=\"https:\/\/echta-derminga.de\/wp-content\/uploads\/2022\/12\/IMG-20220403-WA0010-700x700.jpg 700w, https:\/\/echta-derminga.de\/wp-content\/uploads\/2022\/12\/IMG-20220403-WA0010-300x300.jpg 300w, https:\/\/echta-derminga.de\/wp-content\/uploads\/2022\/12\/IMG-20220403-WA0010-150x150.jpg 150w, https:\/\/echta-derminga.de\/wp-content\/uploads\/2022\/12\/IMG-20220403-WA0010-768x768.jpg 768w, https:\/\/echta-derminga.de\/wp-content\/uploads\/2022\/12\/IMG-20220403-WA0010-1536x1536.jpg 1536w, https:\/\/echta-derminga.de\/wp-content\/uploads\/2022\/12\/IMG-20220403-WA0010.jpg 2048w, https:\/\/echta-derminga.de\/wp-content\/uploads\/2022\/12\/IMG-20220403-WA0010-90x90.jpg 90w, https:\/\/echta-derminga.de\/wp-content\/uploads\/2022\/12\/IMG-20220403-WA0010-75x75.jpg 75w\" sizes=\"auto, (max-width: 700px) 100vw, 700px\" \/><\/figure>\n<\/div>\n<\/div>\n\n\n<div class=\"wp-block-image\">\n<figure class=\"aligncenter size-large\"><img loading=\"lazy\" decoding=\"async\" width=\"700\" height=\"525\" src=\"https:\/\/echta-derminga.de\/wp-content\/uploads\/2022\/12\/319284355_805642980503766_561326918795981147_n-700x525.jpg\" alt=\"\" class=\"wp-image-14262\" srcset=\"https:\/\/echta-derminga.de\/wp-content\/uploads\/2022\/12\/319284355_805642980503766_561326918795981147_n-700x525.jpg 700w, https:\/\/echta-derminga.de\/wp-content\/uploads\/2022\/12\/319284355_805642980503766_561326918795981147_n-300x225.jpg 300w, https:\/\/echta-derminga.de\/wp-content\/uploads\/2022\/12\/319284355_805642980503766_561326918795981147_n-768x576.jpg 768w, https:\/\/echta-derminga.de\/wp-content\/uploads\/2022\/12\/319284355_805642980503766_561326918795981147_n-1536x1152.jpg 1536w, https:\/\/echta-derminga.de\/wp-content\/uploads\/2022\/12\/319284355_805642980503766_561326918795981147_n.jpg 2048w\" sizes=\"auto, (max-width: 700px) 100vw, 700px\" \/><\/figure>\n<\/div>","protected":false},"excerpt":{"rendered":"<p>Die Corona Pandemie hat der Musikszene enorm geschadet. Nicht nur die kleineren Bands, Gruppen oder eher unbekanntere Musikerinnen und Musiker litten sehr unter den Auswirkungen der Pandemie. In den letzten beiden Jahren fanden die wenigsten Musiker eine Plattform um ihre Musik zu pr\u00e4sentierten. Dabei zerplatzten bestimmt auch sehr viele unerf\u00fcllte Tr\u00e4ume. In Dirmingen sind wir schon vor der Pandemie verst\u00e4rkt<\/p>\n","protected":false},"author":1,"featured_media":14264,"comment_status":"open","ping_status":"closed","sticky":false,"template":"","format":"standard","meta":{"_crdt_document":"","footnotes":""},"categories":[1,9,902],"tags":[981,5,985,618,127,983,38,310,1026],"class_list":["post-14243","post","type-post","status-publish","format-standard","has-post-thumbnail","hentry","category-allgemein","category-dorfgetratsche","category-meine-meinung","tag-ava","tag-dirmingen","tag-dirmingen-fuer-ukraine","tag-gemeinde-eppelborn","tag-landkreis-neunkirchen","tag-perlregen","tag-rastlos","tag-saarland","tag-zimtklaenge"],"_links":{"self":[{"href":"https:\/\/echta-derminga.de\/index.php?rest_route=\/wp\/v2\/posts\/14243","targetHints":{"allow":["GET"]}}],"collection":[{"href":"https:\/\/echta-derminga.de\/index.php?rest_route=\/wp\/v2\/posts"}],"about":[{"href":"https:\/\/echta-derminga.de\/index.php?rest_route=\/wp\/v2\/types\/post"}],"author":[{"embeddable":true,"href":"https:\/\/echta-derminga.de\/index.php?rest_route=\/wp\/v2\/users\/1"}],"replies":[{"embeddable":true,"href":"https:\/\/echta-derminga.de\/index.php?rest_route=%2Fwp%2Fv2%2Fcomments&post=14243"}],"version-history":[{"count":18,"href":"https:\/\/echta-derminga.de\/index.php?rest_route=\/wp\/v2\/posts\/14243\/revisions"}],"predecessor-version":[{"id":14272,"href":"https:\/\/echta-derminga.de\/index.php?rest_route=\/wp\/v2\/posts\/14243\/revisions\/14272"}],"wp:featuredmedia":[{"embeddable":true,"href":"https:\/\/echta-derminga.de\/index.php?rest_route=\/wp\/v2\/media\/14264"}],"wp:attachment":[{"href":"https:\/\/echta-derminga.de\/index.php?rest_route=%2Fwp%2Fv2%2Fmedia&parent=14243"}],"wp:term":[{"taxonomy":"category","embeddable":true,"href":"https:\/\/echta-derminga.de\/index.php?rest_route=%2Fwp%2Fv2%2Fcategories&post=14243"},{"taxonomy":"post_tag","embeddable":true,"href":"https:\/\/echta-derminga.de\/index.php?rest_route=%2Fwp%2Fv2%2Ftags&post=14243"}],"curies":[{"name":"wp","href":"https:\/\/api.w.org\/{rel}","templated":true}]}}