{"id":1426,"date":"2018-05-27T11:40:11","date_gmt":"2018-05-27T10:40:11","guid":{"rendered":"http:\/\/echta-derminga.de\/?p=1426"},"modified":"2018-05-27T11:51:39","modified_gmt":"2018-05-27T10:51:39","slug":"wie-aus-purer-fussball-begeisterung-die-fcs-stammtischrunde-dirmingen-entstand","status":"publish","type":"post","link":"https:\/\/echta-derminga.de\/?p=1426","title":{"rendered":"Wie aus purer Fu\u00dfball-Begeisterung die FCS Stammtischrunde Dirmingen entstand"},"content":{"rendered":"<p><strong>Im Jahre 1989 wurde, auf Initiative einiger fu\u00dfballbegeisternder Fans des 1. FC Saarb\u00fccken, die FCS Stammtischrunde Dirmingen gegr\u00fcndet.<\/strong><\/p>\n<p><strong>Die Gr\u00fcndung des Clubs basierte auf einer Idee einiger Dirminger FCS-Fans. Am Freitag, 15.09.1989 pilgerten mit Thomas Kr\u00f6ner und Andreas K\u00f6nig zwei fu\u00dfballverr\u00fcckte FC-Anh\u00e4nger ins Ludwigsparkstadion, um sich die Zweitliga-Begegnung der Saison 1989\/90 zwischen dem 1. FC Saarbr\u00fccken und dem VFL Osnabr\u00fcck anzusehen. Die Malst\u00e4tter waren zu diesem Zeitpunkt Tabellenf\u00fchrer der zweiten Liga und hatten den Aufstieg in die Bundesliga im Visier. Am Ende besiegte der FCS die G\u00e4ste aus Osanbr\u00fcck mit 7 \u2013 1 Toren. Dieses Spiel, am 9.Spieltag der Liga, war zeitgleich auch die Geburtsstunde der FCS-Stammtischrunde Dirmingen.<\/strong><\/p>\n<div id=\"attachment_1428\" style=\"width: 310px\" class=\"wp-caption alignleft\"><img loading=\"lazy\" decoding=\"async\" aria-describedby=\"caption-attachment-1428\" class=\"wp-image-1428 size-medium\" src=\"https:\/\/echta-derminga.de\/wp-content\/uploads\/2018\/05\/IMG_20180526_162729_BURST001_COVER-300x214.jpg\" alt=\"\" width=\"300\" height=\"214\" srcset=\"https:\/\/echta-derminga.de\/wp-content\/uploads\/2018\/05\/IMG_20180526_162729_BURST001_COVER-300x214.jpg 300w, https:\/\/echta-derminga.de\/wp-content\/uploads\/2018\/05\/IMG_20180526_162729_BURST001_COVER-768x548.jpg 768w, https:\/\/echta-derminga.de\/wp-content\/uploads\/2018\/05\/IMG_20180526_162729_BURST001_COVER-644x460.jpg 644w, https:\/\/echta-derminga.de\/wp-content\/uploads\/2018\/05\/IMG_20180526_162729_BURST001_COVER.jpg 800w\" sizes=\"auto, (max-width: 300px) 100vw, 300px\" \/><p id=\"caption-attachment-1428\" class=\"wp-caption-text\">Der FCS Stammtisch in der &#8222;Alten Post&#8220;<\/p><\/div>\n<p>An diesem Abend entstand im Gasthaus \u201eAlte Post\u201c in Dirmingen die Idee einen Freundeskreis zu bilden. Auf der Gr\u00fcndungsversammlung einige Tage sp\u00e4ter wurde sehr schnell klar, dass es weit mehr als ein Freundeskreis geben w\u00fcrde. Die FCS- Stammtsichrunde Dirmingen wurde gegr\u00fcndet und Thomas Kr\u00f6ner zum ersten Vorsitzenden und Andreas K\u00f6nig zum Pr\u00e4sidenten des Clubs gew\u00e4hlt. Au\u00dferdem wurde Thomas K\u00f6nig zum Kassierer und Frank Klein zum Organisationsleiter des Clubs erkoren.<\/p>\n<p><strong>Der Dirminger Fanclub verschaffte sich in der Szene sehr schnell einen guten Ruf. In Spitzenzeiten waren \u00fcber 70 Fans des FC Saarbr\u00fccken Mitglied des Dirminger Stammtisches. Der Club organisierte legend\u00e4re Ausw\u00e4rtsfahrten und Fantreffs. Im Laufe der Zeit gaben sich viele prominente Fu\u00dfballprofis die Klinken in die Hand. Die FCS Sommernachtspartys des Clubs vor dem Gasthaus \u201eAlte Post\u201c waren legend\u00e4r und bleiben bis heute unvergessen. Der Saarbr\u00fccker Trainer Peter Neururer oder die FCS Spieler Eugen Hach, Christian Pf\u00f6rtner, Michael Kr\u00e4tzer, Wolfgang Seel, Eric Wynalda oder Heiko Gl\u00f6de waren nur einige von vielen FCS- G\u00e4sten in Dirmingen. Auf Initiative des Dirminger Fanclubs wurde 1992 ein gro\u00dfes FCS Fantreff in Saarbr\u00fccken organisiert. Noch heute, \u00fcber 20 Jahre danach, profiliert die Saarbr\u00fccker Fanszene von diesem damals historischen Treffen. Der Club gl\u00e4nzte durch seine absolute Treue, wobei in Spitzenzeiten alle Heim- und Ausw\u00e4rtsspiele der Malst\u00e4tter vom FCS Stammtisch besucht wurden. Auch im Dirminger Ortsgeschehen war der Fanclub aktiv. Durch seine aktive Fankultur und die vielen Reisen machte der Club unseren Heimatort in ganz Deutschland bekannt. Die Fahne des FC Stammtisches hing in allen Stadien dieser Republik.<\/strong><\/p>\n<p>Die FCS Stammtischrunde Dirmingen bewies auf eindrucksvolle Art und Weisse, dass man auch ohne Krawall, mit friedlichen Absichten, ein begeisterter Fu\u00dfballfan sein kann. Der Club distanzierte sich zu seiner Zeit deutlich von der herrschenden Hooligan-Kultur in den Stadien.<\/p>\n<p>W\u00e4hrend des diesj\u00e4hrigen Aufstiegsspiels des FCS gegen den TSV 1860 M\u00fcnchen in V\u00f6lklingen habe ich mir mal bewusst die Fanszene des FCS angesehen. Vieles hat sich ver\u00e4ndert! Nat\u00fcrlich ist der FC Saarbr\u00fccken der einzige Verein im Saarland der \u00fcber eine massive Fankultur mit Ultras verf\u00fcgt. Man kann \u00fcber den FC Saarbr\u00fccken denken was man m\u00f6chte, jedoch muss jeder eingestehen, dass es der einzige Club im Saarland ist, der \u00fcber eine aktive Fankultur verf\u00fcgt. Leider gibt es in der heutigen Fanszene eine erh\u00f6hte Gewaltbereitschaft und eine selbstbewusste Ultraszene.<\/p>\n<div id=\"attachment_1430\" style=\"width: 310px\" class=\"wp-caption alignleft\"><img loading=\"lazy\" decoding=\"async\" aria-describedby=\"caption-attachment-1430\" class=\"wp-image-1430 size-medium\" src=\"https:\/\/echta-derminga.de\/wp-content\/uploads\/2018\/05\/IMG_20180526_162927_1_resized_20180526_085045815-300x203.jpg\" alt=\"\" width=\"300\" height=\"203\" srcset=\"https:\/\/echta-derminga.de\/wp-content\/uploads\/2018\/05\/IMG_20180526_162927_1_resized_20180526_085045815-300x203.jpg 300w, https:\/\/echta-derminga.de\/wp-content\/uploads\/2018\/05\/IMG_20180526_162927_1_resized_20180526_085045815-768x519.jpg 768w, https:\/\/echta-derminga.de\/wp-content\/uploads\/2018\/05\/IMG_20180526_162927_1_resized_20180526_085045815-644x435.jpg 644w, https:\/\/echta-derminga.de\/wp-content\/uploads\/2018\/05\/IMG_20180526_162927_1_resized_20180526_085045815.jpg 792w\" sizes=\"auto, (max-width: 300px) 100vw, 300px\" \/><p id=\"caption-attachment-1430\" class=\"wp-caption-text\">Legend\u00e4r FCS Sommernachtsparty<\/p><\/div>\n<p><strong>Ich werde es zum Beispiel nie verstehen, dass man w\u00e4hrend eines so wichtigen Spiels seines Clubs \u00fcber 20 Minuten lang nichts anderes zu tun gedenkt, als den eigenen Fu\u00dfballverband zu beleidigen. In dieser langen Zeit h\u00e4tten die Anh\u00e4nger auch gen\u00fcsslich ihren eigenen Verein anfeuern k\u00f6nnen. Aus meiner Sicht w\u00e4re dies sinnvoller gewesen. Wie gesagt die Fankultur hat sich ver\u00e4ndert. Auch die Mitglieder der FCS Stammtischrunde Dirmingen waren keine Heiligen und gerade nach Niederlagen alles andere als umg\u00e4nglich. Jedoch w\u00e4re niemals ein Mitglied auf die Idee gekommen einen Becher voll Bier auf den Vize-Pr\u00e4sidenten des DFB zu werfen. Dies ist einfach nur peinlich und keine Werbung f\u00fcr unser Land. Die Mitglieder des Stammtisches h\u00e4tten den edlen Gerstensaft lieber selbst getrunken.<\/strong><\/p>\n<p>Nat\u00fcrlich sind mir die Reibereien zwischen dem FC Saarbr\u00fccken und dem saarl\u00e4ndischen Fu\u00dfballverband bestens bekannt. Anstatt diese Fete weiterzuspinnen appelliere ich f\u00fcr einen runden Tisch und einen gemeinsamen Schulterschluss zum Wohle unseres Landes. Ich f\u00fcrchte jedoch,dass es dazu nicht kommen wird. Die Fronten sind verh\u00e4rtet. Sei\u2019s drum schade f\u00fcr den Club und unsere Region.<\/p>\n<p>Die FCS Stammtischrunde Dirmingen hingegen geh\u00f6rte zweifellos zu den erfolgreichsten Hobbyvereinen unseres Heimatortes und auch wenn nicht jeden B\u00fcrger die Begeisterung des Fanclubs teilen konnte. Thomas Kr\u00f6ner und seine Stammtischrunde waren viele Jahre eine wichtige St\u00fctze des 1. FC Saarbr\u00fccken.<\/p>\n<p><strong>Heute ist es ruhiger um den Stammtisch aus Dirmingen geworden. Ehrlich gesagt, besteht der Club nur noch auf Papier. Formell wurde der Fanclub nie aufgel\u00f6st. Die Dirminger Fans sind jedoch bei weitem nicht mehr so aktiv und fanatisch wie fr\u00fcher wobei sich auch die Mitgliederzahl relativiert hat.<\/strong><\/p>\n<p><strong>Sei\u2019s drum auch die FCS Stammtischrunde Dirmingen ist ein St\u00fcck Dirminger Geschichte.<\/strong><\/p>\n<p>&nbsp;<\/p>\n<p>&nbsp;<\/p>\n","protected":false},"excerpt":{"rendered":"<p>Im Jahre 1989 wurde, auf Initiative einiger fu\u00dfballbegeisternder Fans des 1. FC Saarb\u00fccken, die FCS Stammtischrunde Dirmingen gegr\u00fcndet. Die Gr\u00fcndung des Clubs basierte auf einer Idee einiger Dirminger FCS-Fans. Am Freitag, 15.09.1989 pilgerten mit Thomas Kr\u00f6ner und Andreas K\u00f6nig zwei fu\u00dfballverr\u00fcckte FC-Anh\u00e4nger ins Ludwigsparkstadion, um sich die Zweitliga-Begegnung der Saison 1989\/90 zwischen dem 1. FC Saarbr\u00fccken und dem VFL Osnabr\u00fcck<\/p>\n","protected":false},"author":1,"featured_media":1427,"comment_status":"closed","ping_status":"closed","sticky":false,"template":"","format":"standard","meta":{"_crdt_document":"","footnotes":""},"categories":[9,45],"tags":[275,277,276,274,273,272],"class_list":["post-1426","post","type-post","status-publish","format-standard","has-post-thumbnail","hentry","category-dorfgetratsche","category-mein-fussball","tag-alte-post","tag-aufstieg","tag-bundesliga","tag-fanclub","tag-fc-saarbruecken","tag-fcs-stammtischrunde-dirmingen"],"_links":{"self":[{"href":"https:\/\/echta-derminga.de\/index.php?rest_route=\/wp\/v2\/posts\/1426","targetHints":{"allow":["GET"]}}],"collection":[{"href":"https:\/\/echta-derminga.de\/index.php?rest_route=\/wp\/v2\/posts"}],"about":[{"href":"https:\/\/echta-derminga.de\/index.php?rest_route=\/wp\/v2\/types\/post"}],"author":[{"embeddable":true,"href":"https:\/\/echta-derminga.de\/index.php?rest_route=\/wp\/v2\/users\/1"}],"replies":[{"embeddable":true,"href":"https:\/\/echta-derminga.de\/index.php?rest_route=%2Fwp%2Fv2%2Fcomments&post=1426"}],"version-history":[{"count":8,"href":"https:\/\/echta-derminga.de\/index.php?rest_route=\/wp\/v2\/posts\/1426\/revisions"}],"predecessor-version":[{"id":1438,"href":"https:\/\/echta-derminga.de\/index.php?rest_route=\/wp\/v2\/posts\/1426\/revisions\/1438"}],"wp:featuredmedia":[{"embeddable":true,"href":"https:\/\/echta-derminga.de\/index.php?rest_route=\/wp\/v2\/media\/1427"}],"wp:attachment":[{"href":"https:\/\/echta-derminga.de\/index.php?rest_route=%2Fwp%2Fv2%2Fmedia&parent=1426"}],"wp:term":[{"taxonomy":"category","embeddable":true,"href":"https:\/\/echta-derminga.de\/index.php?rest_route=%2Fwp%2Fv2%2Fcategories&post=1426"},{"taxonomy":"post_tag","embeddable":true,"href":"https:\/\/echta-derminga.de\/index.php?rest_route=%2Fwp%2Fv2%2Ftags&post=1426"}],"curies":[{"name":"wp","href":"https:\/\/api.w.org\/{rel}","templated":true}]}}