{"id":14275,"date":"2022-12-23T15:16:49","date_gmt":"2022-12-23T14:16:49","guid":{"rendered":"https:\/\/echta-derminga.de\/?p=14275"},"modified":"2022-12-24T11:31:36","modified_gmt":"2022-12-24T10:31:36","slug":"in-sachen-ortsvorsteher-frohe-weihnachten-von-einem-neuen-pfarrer-und-seelsorger-einem-wuerdigen-jubilaeum-und-vielen-schoenen-begegnungen-im-advent","status":"publish","type":"post","link":"https:\/\/echta-derminga.de\/?p=14275","title":{"rendered":"In Sachen Ortsvorsteher: Frohe Weihnachten und guten Rutsch &#8211; Von einem neuen Pfarrer und Seelsorger, einem w\u00fcrdigen Jubil\u00e4um und vielen sch\u00f6nen Begegnungen im Advent"},"content":{"rendered":"\n<p class=\"has-medium-font-size wp-block-paragraph\"><strong>Weihnachten &#8211; Das Fest der Liebe, Familie, Harmonie und Geborgenheit. In unserer hektischen Zeit vergessen wir allzu oft, um was es bei Weihnachten wirklich geht. Ein Blick auf unsere Kinder \u00f6ffnet Herz und Verstand. Manchmal ist es ganz einfach und \u00fcberhaupt nicht so kompliziert, wie man vielleicht zu glauben mag. Ich w\u00fcnsche Ihnen und ihrer Familie ein gesegnetes Weihnachtsfest und eine sch\u00f6ne Zeit bis zum Jahreswechsel. Kommen Sie gut in das neue Jahr 2023 und h\u00f6ren Sie niemals auf an das Gute zu Glauben.<\/strong><\/p>\n\n\n\n<p class=\"has-medium-font-size wp-block-paragraph\">In unserem D\u00f6rfchen wurde im Advent so einiges angeboten. Dabei hat unsere Dorfgemeinschaft zum wiederholten Male bewiesen, dass wir sehr wohl gemeinsam feiern und gutes bewirken k\u00f6nnen. Wenn wir alleine die Spendenbereitschaft einmal genauer ins Auge fassen, k\u00f6nnen wir zurecht stolz auf unsere Vereine, Gruppen und Akteure sein. Alles zusammengerechnet wurde in diesem Jahr \u00fcber 2000,- \u20ac von Dirmingerinnen und Dirmingern, Vereinen und Organisationen an die Eppelborner Tafelrunde \u00fcberreicht. Ich danke allen die w\u00e4hrend Konzerten, Sammelaktionen oder auch Benefizveranstaltungen gutes bewirkt haben.<\/p>\n\n\n\n<p class=\"has-medium-font-size wp-block-paragraph\"><strong>Weihnachtsbaumaktion mit gro\u00dfartigen Spendenerl\u00f6s !<\/strong><\/p>\n\n\n\n<p class=\"has-medium-font-size wp-block-paragraph\">Am Mittwoch, 21. Dezember endete die diesj\u00e4hrige Weihnachtsbaumaktion des Kulturvereins am &#8222;Kl\u00e4se Keller&#8220; Der Vorsitzende des Kulturvereins Reimund Klein durfte eine Spende in H\u00f6he von 1000-,\u20ac an die Eppelborner Tafelrunde ank\u00fcndigen und nur einen Tag sp\u00e4ter w\u00e4hrend des traditionellen &#8222;Eierschmeeressens&#8220; im &#8222;Schuhhannesse&#8220; an den Vorsitzenden der Tafelrunde Karl-Heinz Rau \u00fcberreichen. Mein ausdr\u00fccklicher Dank geht an den Kulturverein Dirmingen sowie insbesondere an Chefkoch Stefan Resch f\u00fcr seine &#8222;Lyonerpfanne&#8220; die zugunsten der Tafelrunde verkauft wurde. Die diesj\u00e4hrige Weihnachtsbaumaktion vor dem &#8222;Kl\u00e4se Keller&#8220; war ein gro\u00dfer Erfolg.<\/p>\n\n\n\n<div class=\"wp-block-columns is-layout-flex wp-container-core-columns-is-layout-8f761849 wp-block-columns-is-layout-flex\">\n<div class=\"wp-block-column is-layout-flow wp-block-column-is-layout-flow\">\n<figure class=\"wp-block-image size-large\"><img loading=\"lazy\" decoding=\"async\" width=\"700\" height=\"578\" src=\"https:\/\/echta-derminga.de\/wp-content\/uploads\/2022\/12\/319055448_5681218405306171_4396233590796836732_n-700x578.jpg\" alt=\"\" class=\"wp-image-14278\" srcset=\"https:\/\/echta-derminga.de\/wp-content\/uploads\/2022\/12\/319055448_5681218405306171_4396233590796836732_n-700x578.jpg 700w, https:\/\/echta-derminga.de\/wp-content\/uploads\/2022\/12\/319055448_5681218405306171_4396233590796836732_n-300x248.jpg 300w, https:\/\/echta-derminga.de\/wp-content\/uploads\/2022\/12\/319055448_5681218405306171_4396233590796836732_n-768x634.jpg 768w, https:\/\/echta-derminga.de\/wp-content\/uploads\/2022\/12\/319055448_5681218405306171_4396233590796836732_n-1536x1268.jpg 1536w, https:\/\/echta-derminga.de\/wp-content\/uploads\/2022\/12\/319055448_5681218405306171_4396233590796836732_n.jpg 2048w\" sizes=\"auto, (max-width: 700px) 100vw, 700px\" \/><\/figure>\n<\/div>\n\n\n\n<div class=\"wp-block-column is-layout-flow wp-block-column-is-layout-flow\">\n<figure class=\"wp-block-image size-large\"><img loading=\"lazy\" decoding=\"async\" width=\"700\" height=\"525\" src=\"https:\/\/echta-derminga.de\/wp-content\/uploads\/2022\/12\/320520828_3344985135760629_4914204513603116188_n-700x525.jpg\" alt=\"\" class=\"wp-image-14279\" srcset=\"https:\/\/echta-derminga.de\/wp-content\/uploads\/2022\/12\/320520828_3344985135760629_4914204513603116188_n-700x525.jpg 700w, https:\/\/echta-derminga.de\/wp-content\/uploads\/2022\/12\/320520828_3344985135760629_4914204513603116188_n-300x225.jpg 300w, https:\/\/echta-derminga.de\/wp-content\/uploads\/2022\/12\/320520828_3344985135760629_4914204513603116188_n-768x576.jpg 768w, https:\/\/echta-derminga.de\/wp-content\/uploads\/2022\/12\/320520828_3344985135760629_4914204513603116188_n.jpg 960w\" sizes=\"auto, (max-width: 700px) 100vw, 700px\" \/><\/figure>\n<\/div>\n<\/div>\n\n\n\n<div class=\"wp-block-columns is-layout-flex wp-container-core-columns-is-layout-8f761849 wp-block-columns-is-layout-flex\">\n<div class=\"wp-block-column is-layout-flow wp-block-column-is-layout-flow\">\n<figure class=\"wp-block-image size-large\"><img loading=\"lazy\" decoding=\"async\" width=\"700\" height=\"456\" src=\"https:\/\/echta-derminga.de\/wp-content\/uploads\/2022\/12\/20221210_193611-700x456.jpg\" alt=\"\" class=\"wp-image-14280\" srcset=\"https:\/\/echta-derminga.de\/wp-content\/uploads\/2022\/12\/20221210_193611-700x456.jpg 700w, https:\/\/echta-derminga.de\/wp-content\/uploads\/2022\/12\/20221210_193611-300x195.jpg 300w, https:\/\/echta-derminga.de\/wp-content\/uploads\/2022\/12\/20221210_193611-768x500.jpg 768w, https:\/\/echta-derminga.de\/wp-content\/uploads\/2022\/12\/20221210_193611-1536x1000.jpg 1536w, https:\/\/echta-derminga.de\/wp-content\/uploads\/2022\/12\/20221210_193611-2048x1334.jpg 2048w\" sizes=\"auto, (max-width: 700px) 100vw, 700px\" \/><\/figure>\n<\/div>\n\n\n\n<div class=\"wp-block-column is-layout-flow wp-block-column-is-layout-flow\">\n<figure class=\"wp-block-image size-large\"><img loading=\"lazy\" decoding=\"async\" width=\"700\" height=\"700\" src=\"https:\/\/echta-derminga.de\/wp-content\/uploads\/2022\/12\/321504265_1233526737596782_3443020550610574200_n-700x700.jpg\" alt=\"\" class=\"wp-image-14281\" srcset=\"https:\/\/echta-derminga.de\/wp-content\/uploads\/2022\/12\/321504265_1233526737596782_3443020550610574200_n-700x700.jpg 700w, https:\/\/echta-derminga.de\/wp-content\/uploads\/2022\/12\/321504265_1233526737596782_3443020550610574200_n-300x300.jpg 300w, https:\/\/echta-derminga.de\/wp-content\/uploads\/2022\/12\/321504265_1233526737596782_3443020550610574200_n-150x150.jpg 150w, https:\/\/echta-derminga.de\/wp-content\/uploads\/2022\/12\/321504265_1233526737596782_3443020550610574200_n-768x768.jpg 768w, https:\/\/echta-derminga.de\/wp-content\/uploads\/2022\/12\/321504265_1233526737596782_3443020550610574200_n-90x90.jpg 90w, https:\/\/echta-derminga.de\/wp-content\/uploads\/2022\/12\/321504265_1233526737596782_3443020550610574200_n-75x75.jpg 75w, https:\/\/echta-derminga.de\/wp-content\/uploads\/2022\/12\/321504265_1233526737596782_3443020550610574200_n.jpg 1440w\" sizes=\"auto, (max-width: 700px) 100vw, 700px\" \/><\/figure>\n<\/div>\n<\/div>\n\n\n\n<p class=\"has-medium-font-size wp-block-paragraph\"><strong>Besinnliche<\/strong> <strong>Weihnachtskonzerte in Dirmingen<\/strong><\/p>\n\n\n\n<p class=\"has-medium-font-size wp-block-paragraph\">In den letzten Wochen durften wir wieder mal feststellen, was f\u00fcr tolle Musikerinnen und Musiker wir in unserem D\u00f6rfchen haben. Dabei denke ich an die sch\u00f6nen Weihnachtskonzerte von Perlregen, Zimtkl\u00e4nge oder des evangelischen Kirchenchors. Ebenso fanden im Advent wunderbare Veranstaltungen in unserer katholischen Kirche statt. Nat\u00fcrlich sollte auch das Benefizkonzert von Dirminger Musikern nicht unerw\u00e4hnt bleiben. Wunderbare Weihnachtsmusik mit vielen herrlichen \u00dcberraschungen auf verschiedene Art und Weise interpretiert. Am Mittwoch,07.12.22 durfte ich gemeinsam mit Vanessa Wagner, von der Band Sounds Acousticduo, eine Spende in H\u00f6he von 415,- \u20ac an den Vorsitzenden der Eppelborner Tafelrunde Karl-Heinz Rau \u00fcberreichen. Dieser stolze Betrag kam w\u00e4hrend eines sch\u00f6nen Benefizkonzertes am Samstag, 02.12.22 in der evangelischen Kirche Dirmingen zusammen. Die Bands BluBox, Sounds Acousticduo und der Dirminger Pianist Timo Br\u00fcck spielten f\u00fcr den guten Zweck und bewirkten mit ihrer Musik viel Gutes! Ich danke allen beteiligten Musikern die sich zugunsten der Eppelborner Tafelrunde an diesem Benefizkonzert beteiligt haben.  Mein Dank geht zudem an alle Besucherinnen und Besucher sowie an alle Spender und G\u00f6nner. Vielen Dank auch an die evangelische Kirchengemeinde Dirmingen die erneut ihre Kirche zur Verf\u00fcgung stellte. Abschlie\u00dfend m\u00f6chte ich mich ganz herzlich bei Herrn Karl-Heinz Rau, seinem Vorstand und den vielen Helferinnen und Helfern der Eppelborner Tafelrunde bedanken. Jede Woche leistet die Eppelborner Tafelrunde wichtige ehrenamtliche T\u00e4tigkeit zum Wohle vieler bed\u00fcrftiger Menschen aus unserer Gemeinde. Die Weihnachtskonzerte von Zimtkl\u00e4nge sprengten alle Erwartungen und verliefen \u00e4u\u00dferst erfolgreich. W\u00e4hrend der Samstag fr\u00fchzeitig ausverkauft war, gab es f\u00fcr freitags nur noch wenige Tickets. W\u00e4hrend des Weihnachtskonzertes von Perlregen verzauberte die wunderbare Yara die G\u00e4ste in der evangelischen Kirche. Auch unser evangelischer Kirchenchor durfte sich in diesem Jahr wieder \u00fcber zahlreiche Zuschauer freuen.<\/p>\n\n\n\n<div class=\"wp-block-columns is-layout-flex wp-container-core-columns-is-layout-8f761849 wp-block-columns-is-layout-flex\">\n<div class=\"wp-block-column is-layout-flow wp-block-column-is-layout-flow\">\n<figure class=\"wp-block-image size-full\"><img loading=\"lazy\" decoding=\"async\" width=\"674\" height=\"666\" src=\"https:\/\/echta-derminga.de\/wp-content\/uploads\/2022\/12\/320386868_1349376595835156_4917328759913773627_n.jpg\" alt=\"\" class=\"wp-image-14258\" srcset=\"https:\/\/echta-derminga.de\/wp-content\/uploads\/2022\/12\/320386868_1349376595835156_4917328759913773627_n.jpg 674w, https:\/\/echta-derminga.de\/wp-content\/uploads\/2022\/12\/320386868_1349376595835156_4917328759913773627_n-300x296.jpg 300w, https:\/\/echta-derminga.de\/wp-content\/uploads\/2022\/12\/320386868_1349376595835156_4917328759913773627_n-90x90.jpg 90w, https:\/\/echta-derminga.de\/wp-content\/uploads\/2022\/12\/320386868_1349376595835156_4917328759913773627_n-75x75.jpg 75w\" sizes=\"auto, (max-width: 674px) 100vw, 674px\" \/><\/figure>\n<\/div>\n\n\n\n<div class=\"wp-block-column is-layout-flow wp-block-column-is-layout-flow\">\n<figure class=\"wp-block-image size-large\"><img loading=\"lazy\" decoding=\"async\" width=\"700\" height=\"574\" src=\"https:\/\/echta-derminga.de\/wp-content\/uploads\/2022\/12\/319546538_457729209862845_2495806873062555346_n-700x574.jpg\" alt=\"\" class=\"wp-image-14256\" srcset=\"https:\/\/echta-derminga.de\/wp-content\/uploads\/2022\/12\/319546538_457729209862845_2495806873062555346_n-700x574.jpg 700w, https:\/\/echta-derminga.de\/wp-content\/uploads\/2022\/12\/319546538_457729209862845_2495806873062555346_n-300x246.jpg 300w, https:\/\/echta-derminga.de\/wp-content\/uploads\/2022\/12\/319546538_457729209862845_2495806873062555346_n-768x629.jpg 768w, https:\/\/echta-derminga.de\/wp-content\/uploads\/2022\/12\/319546538_457729209862845_2495806873062555346_n-1536x1259.jpg 1536w, https:\/\/echta-derminga.de\/wp-content\/uploads\/2022\/12\/319546538_457729209862845_2495806873062555346_n.jpg 2048w\" sizes=\"auto, (max-width: 700px) 100vw, 700px\" \/><\/figure>\n<\/div>\n<\/div>\n\n\n\n<div class=\"wp-block-columns is-layout-flex wp-container-core-columns-is-layout-8f761849 wp-block-columns-is-layout-flex\">\n<div class=\"wp-block-column is-layout-flow wp-block-column-is-layout-flow\">\n<figure class=\"wp-block-image size-large\"><img loading=\"lazy\" decoding=\"async\" width=\"700\" height=\"463\" src=\"https:\/\/echta-derminga.de\/wp-content\/uploads\/2022\/12\/20221210_171337-700x463.jpg\" alt=\"\" class=\"wp-image-14282\" srcset=\"https:\/\/echta-derminga.de\/wp-content\/uploads\/2022\/12\/20221210_171337-700x463.jpg 700w, https:\/\/echta-derminga.de\/wp-content\/uploads\/2022\/12\/20221210_171337-300x198.jpg 300w, https:\/\/echta-derminga.de\/wp-content\/uploads\/2022\/12\/20221210_171337-768x508.jpg 768w, https:\/\/echta-derminga.de\/wp-content\/uploads\/2022\/12\/20221210_171337.jpg 900w\" sizes=\"auto, (max-width: 700px) 100vw, 700px\" \/><\/figure>\n<\/div>\n\n\n\n<div class=\"wp-block-column is-layout-flow wp-block-column-is-layout-flow\">\n<figure class=\"wp-block-image size-large\"><img loading=\"lazy\" decoding=\"async\" width=\"700\" height=\"700\" src=\"https:\/\/echta-derminga.de\/wp-content\/uploads\/2022\/12\/319238262_5675926695835342_7039961435657200418_n-700x700.jpg\" alt=\"\" class=\"wp-image-14310\" srcset=\"https:\/\/echta-derminga.de\/wp-content\/uploads\/2022\/12\/319238262_5675926695835342_7039961435657200418_n-700x700.jpg 700w, https:\/\/echta-derminga.de\/wp-content\/uploads\/2022\/12\/319238262_5675926695835342_7039961435657200418_n-300x300.jpg 300w, https:\/\/echta-derminga.de\/wp-content\/uploads\/2022\/12\/319238262_5675926695835342_7039961435657200418_n-150x150.jpg 150w, https:\/\/echta-derminga.de\/wp-content\/uploads\/2022\/12\/319238262_5675926695835342_7039961435657200418_n-768x768.jpg 768w, https:\/\/echta-derminga.de\/wp-content\/uploads\/2022\/12\/319238262_5675926695835342_7039961435657200418_n-90x90.jpg 90w, https:\/\/echta-derminga.de\/wp-content\/uploads\/2022\/12\/319238262_5675926695835342_7039961435657200418_n-75x75.jpg 75w, https:\/\/echta-derminga.de\/wp-content\/uploads\/2022\/12\/319238262_5675926695835342_7039961435657200418_n.jpg 1440w\" sizes=\"auto, (max-width: 700px) 100vw, 700px\" \/><\/figure>\n<\/div>\n<\/div>\n\n\n\n<p class=\"has-medium-font-size wp-block-paragraph\"><strong>Gemeinderat beschlie\u00dft Einf\u00fchrung der \u201eGelben Tonnen\u201c<\/strong><\/p>\n\n\n\n<p class=\"has-medium-font-size wp-block-paragraph\">Die Gemeinde Eppelborn ist eine von vier saarl\u00e4ndischen Kommunen, die ihre Leichtverpackungen immer noch in \u201eGelben S\u00e4cken\u201c sammelt. In seiner letzten Sitzung besch\u00e4ftigte sich unser Gemeinderat ein weiteres Mal mit der Grundsatzfrage ob es auch zuk\u00fcnftig bei der M\u00fcllentsorgung im \u201eGelben Sack\u201c oder zuk\u00fcnftig zu der Entsorgung in der \u201cGelbe Tonne\u201c kommt. In unserer Bev\u00f6lkerung gibt es sicherlich unterschiedliche Auffassungen. Dabei spielt auf der einen Seite das Platzproblem genauso eine gewichtige Rolle wie auf der anderen Seite die Beschaffung und die Ablagerung der \u201eGelben S\u00e4cke\u201c. Der Gemeinderat musste nun turnusgem\u00e4\u00df eine Entscheidung herbeif\u00fchren und entschied sich Einstimmig, bei zwei Enthaltungen, f\u00fcr eine Systemumstellung und zur Einf\u00fchrung der \u201eGelben Tonne\u201c. Dieser Systemwechsel wird zum Jahresbeginn 2024 umgesetzt. Ich bitte Sie um Kenntnisnahme und Verst\u00e4ndnis.<\/p>\n\n\n\n<h3 class=\"wp-block-heading has-medium-font-size\">Herzlich Willkommen Pfarrer Achim Thieser<\/h3>\n\n\n\n<p class=\"has-medium-font-size wp-block-paragraph\">Mit einem ber\u00fchrenden Einweihungsgottesdienst wurde am Sonntag, 18.12.22 der neue Pastor der Pfarreiengemeinschaft Eppelborn-Dirmingen Achim Thieser feierlich in sein neues Amt eingef\u00fchrt. Das ist nat\u00fcrlich eine wunderbare Nachricht f\u00fcr unsere St. Wendalinusgemeinde in Dirmingen. Die Gemeindereferentinnen Anne Haan und Anja Bauerfeld sowie die Diakone Herr Naumann und Herr Kron werden den neuen Pastor zuk\u00fcnftig bei seiner Arbeit unterst\u00fctzen. Gemeinsam mit B\u00fcrgermeister Dr. Andreas Feld und den zust\u00e4ndigen Ortsvorstehern der Pfarrgemeinde \u00fcberbrachte ich meine pers\u00f6nlichen Gl\u00fcckw\u00fcnsche und die Gr\u00fc\u00dfe unseres Ortsrates und der Bev\u00f6lkerung. In einem kurzen Gespr\u00e4ch bot ich Pastor Achim Thieser eine enge Zusammenarbeit und meine Unterst\u00fctzung an. F\u00fcr die katholische Pfarreiengemeinschaft Eppelborn-Dirmingen schlie\u00dft sich nun auf erfreuliche Weise der Kreis. Ich freue mich f\u00fcr den Pfarrgemeinderat und den Verwaltungsrat und w\u00fcnsche Pastor Achim Thieser auch an dieser Stelle alles erdenklich Gute und Gottes Segen. Herzlichen Gl\u00fcckwunsch.<\/p>\n\n\n\n<div class=\"wp-block-columns is-layout-flex wp-container-core-columns-is-layout-8f761849 wp-block-columns-is-layout-flex\">\n<div class=\"wp-block-column is-layout-flow wp-block-column-is-layout-flow\">\n<figure class=\"wp-block-image size-large\"><img loading=\"lazy\" decoding=\"async\" width=\"700\" height=\"525\" src=\"https:\/\/echta-derminga.de\/wp-content\/uploads\/2022\/12\/320084888_865920484455829_4721280823393272930_n-700x525.jpg\" alt=\"\" class=\"wp-image-14283\" srcset=\"https:\/\/echta-derminga.de\/wp-content\/uploads\/2022\/12\/320084888_865920484455829_4721280823393272930_n-700x525.jpg 700w, https:\/\/echta-derminga.de\/wp-content\/uploads\/2022\/12\/320084888_865920484455829_4721280823393272930_n-300x225.jpg 300w, https:\/\/echta-derminga.de\/wp-content\/uploads\/2022\/12\/320084888_865920484455829_4721280823393272930_n-768x576.jpg 768w, https:\/\/echta-derminga.de\/wp-content\/uploads\/2022\/12\/320084888_865920484455829_4721280823393272930_n.jpg 960w\" sizes=\"auto, (max-width: 700px) 100vw, 700px\" \/><\/figure>\n<\/div>\n\n\n\n<div class=\"wp-block-column is-layout-flow wp-block-column-is-layout-flow\">\n<figure class=\"wp-block-image size-large\"><img loading=\"lazy\" decoding=\"async\" width=\"700\" height=\"525\" src=\"https:\/\/echta-derminga.de\/wp-content\/uploads\/2022\/12\/320088341_509102781207324_4845316321636799142_n-700x525.jpg\" alt=\"\" class=\"wp-image-14284\" srcset=\"https:\/\/echta-derminga.de\/wp-content\/uploads\/2022\/12\/320088341_509102781207324_4845316321636799142_n-700x525.jpg 700w, https:\/\/echta-derminga.de\/wp-content\/uploads\/2022\/12\/320088341_509102781207324_4845316321636799142_n-300x225.jpg 300w, https:\/\/echta-derminga.de\/wp-content\/uploads\/2022\/12\/320088341_509102781207324_4845316321636799142_n-768x576.jpg 768w, https:\/\/echta-derminga.de\/wp-content\/uploads\/2022\/12\/320088341_509102781207324_4845316321636799142_n.jpg 960w\" sizes=\"auto, (max-width: 700px) 100vw, 700px\" \/><\/figure>\n<\/div>\n<\/div>\n\n\n\n<h3 class=\"wp-block-heading has-medium-font-size\">Herzlichen Gl\u00fcckwunsch an die DRK Begegnungsst\u00e4tte Dirmingen<\/h3>\n\n\n\n<p class=\"has-medium-font-size wp-block-paragraph\">Die DRK Begegnungsst\u00e4tte Dirmingen feierte am Mittwoch, 14.12.22 ihr nunmehr 50. Jubil\u00e4um. Dieses besondere Ereignis wurde mit einer Weihnachtsfeier und einer Feststunde geb\u00fchrend im Gasthaus \u201eSchuhhannesse\u201c gefeiert. Gerne habe ich gemeinsam mit B\u00fcrgermeister Dr. Andreas Feld die Einladung des Arbeitskreises angenommen. In meinem Gru\u00dfwort dankte ich dem Team der Begegnungsst\u00e4tte f\u00fcr ihr ehrenamtliches Engagement und \u00fcberreichte eine Spende. Mein Dank geht neben Christa Kraus und Marianne Schaly auch an Benno Fries der neben seiner T\u00e4tigkeit beim DRK auch als Seniorebeauftragter in unserer Gemeinde fungiert. Marianne Schaly wurde vom DRK Kreisverband f\u00fcr 60 Jahre aktive Mitgliedschaft geehrt und ausgezeichnet. Ich m\u00f6chte Frau Marianne Schaly auch an dieser Stelle ganz herzlich gratulieren. Ein weiterer Dank geht an den Vorsitzenden Dr. Hani Hweidi und die vielen G\u00e4ste die jeden Monat die Begegnungsst\u00e4tte besuchen. Herzlichen Gl\u00fcckwunsch liebe Begegnungsst\u00e4tte Dirmingen.<\/p>\n\n\n<div class=\"wp-block-image\">\n<figure class=\"aligncenter size-large\"><img loading=\"lazy\" decoding=\"async\" width=\"700\" height=\"611\" src=\"https:\/\/echta-derminga.de\/wp-content\/uploads\/2022\/12\/drk-700x611.jpg\" alt=\"\" class=\"wp-image-14286\" srcset=\"https:\/\/echta-derminga.de\/wp-content\/uploads\/2022\/12\/drk-700x611.jpg 700w, https:\/\/echta-derminga.de\/wp-content\/uploads\/2022\/12\/drk-300x262.jpg 300w, https:\/\/echta-derminga.de\/wp-content\/uploads\/2022\/12\/drk-768x670.jpg 768w, https:\/\/echta-derminga.de\/wp-content\/uploads\/2022\/12\/drk-1536x1341.jpg 1536w, https:\/\/echta-derminga.de\/wp-content\/uploads\/2022\/12\/drk.jpg 1550w\" sizes=\"auto, (max-width: 700px) 100vw, 700px\" \/><\/figure>\n<\/div>\n\n\n<p class=\"has-medium-font-size wp-block-paragraph\"><strong>Herzlichen Gl\u00fcckwunsch zur Goldenen Hochzeit<\/strong><\/p>\n\n\n\n<p class=\"has-medium-font-size wp-block-paragraph\">Meine letzte offizielle Amtshandlung des nun ablaufenden Jahres 2022 f\u00fchrte mich ins Gasthaus &#8222;Schuhhannesse&#8220;. Mit Karin und Wolfgang Frischmann feierten zwei Dirminger das Fest der Goldenen Hochzeit. Neben meinem pers\u00f6nlichen Gl\u00fcckwunsch \u00fcberbrachte ich die Gr\u00fc\u00dfe und Geschenke des B\u00fcrgermeisters Dr. Andreas Feld, des Landrates S\u00f6ren Meng und der Ministerpr\u00e4sidentin Anke Rehlinger. Das Fest der Goldenen Hochzeit deutet auf ein gemeinsames Leben mit allen H\u00f6hen und Tiefen. Dieses Jubil\u00e4um feierten Karin und Wolfgang Frischmann geb\u00fchrend im Kreise der Familie. Ich m\u00f6chte auch an dieser Stelle meine Gratulation wiederholen und w\u00fcnsche alles erdenklich Gute f\u00fcr die Zukunft.<\/p>\n\n\n<div class=\"wp-block-image\">\n<figure class=\"aligncenter size-large\"><img loading=\"lazy\" decoding=\"async\" width=\"700\" height=\"567\" src=\"https:\/\/echta-derminga.de\/wp-content\/uploads\/2022\/12\/Frisch-neu-700x567.jpg\" alt=\"\" class=\"wp-image-14289\" srcset=\"https:\/\/echta-derminga.de\/wp-content\/uploads\/2022\/12\/Frisch-neu-700x567.jpg 700w, https:\/\/echta-derminga.de\/wp-content\/uploads\/2022\/12\/Frisch-neu-300x243.jpg 300w, https:\/\/echta-derminga.de\/wp-content\/uploads\/2022\/12\/Frisch-neu-768x622.jpg 768w, https:\/\/echta-derminga.de\/wp-content\/uploads\/2022\/12\/Frisch-neu.jpg 1211w\" sizes=\"auto, (max-width: 700px) 100vw, 700px\" \/><\/figure>\n<\/div>\n\n\n<p class=\"has-medium-font-size wp-block-paragraph\"><strong>Weihnachtsgottesdienste, Christmetten und Messen in Dirmingen<\/strong><\/p>\n\n\n\n<p class=\"has-medium-font-size wp-block-paragraph\">Unsere evangelische Kirchengemeinde Dirmingen und die katholische Pfarreiengemeinschaft Eppelborn-Dirmingen freuen sich nach zwei Jahren voller Entbehrungen endlich wieder angemessen Weihnachten feiern zu d\u00fcrfen. Zu den Gottesdiensten und Messen ist jede oder jeder sich sich eingeladen f\u00fchlt herzlich Willkommen. Die Evangelische Kirchengemeinde Dirmingen feiert am Heilig Abend um 15:00 Uhr den traditionellen Gottesdienst mit Krippenspiel und um 22:00 Uhr die Christmette in der evangelischen Kirche zu Dirmingen. Die katholische St. Wendalinusgemeinde feiert am heilig&#8216; Abend um 18:00 Uhr ihre Christmette in der katholischen Kirche in Dirmingen. Ich w\u00fcnsche Ihnen besinnliche Gottesdienste und sch\u00f6ne Momente zur heiligen Nacht. <\/p>\n\n\n\n<div class=\"wp-block-columns is-layout-flex wp-container-core-columns-is-layout-8f761849 wp-block-columns-is-layout-flex\">\n<div class=\"wp-block-column is-layout-flow wp-block-column-is-layout-flow\">\n<figure class=\"wp-block-image size-large\"><img loading=\"lazy\" decoding=\"async\" width=\"700\" height=\"490\" src=\"https:\/\/echta-derminga.de\/wp-content\/uploads\/2022\/12\/katholisch-700x490.png\" alt=\"\" class=\"wp-image-14292\" srcset=\"https:\/\/echta-derminga.de\/wp-content\/uploads\/2022\/12\/katholisch-700x490.png 700w, https:\/\/echta-derminga.de\/wp-content\/uploads\/2022\/12\/katholisch-300x210.png 300w, https:\/\/echta-derminga.de\/wp-content\/uploads\/2022\/12\/katholisch-768x537.png 768w, https:\/\/echta-derminga.de\/wp-content\/uploads\/2022\/12\/katholisch.png 978w\" sizes=\"auto, (max-width: 700px) 100vw, 700px\" \/><figcaption class=\"wp-element-caption\">Pfarreiengemeinschaft Eppelborn-Dirmingen<\/figcaption><\/figure>\n<\/div>\n\n\n\n<div class=\"wp-block-column is-layout-flow wp-block-column-is-layout-flow\">\n<figure class=\"wp-block-image size-full\"><img loading=\"lazy\" decoding=\"async\" width=\"454\" height=\"427\" src=\"https:\/\/echta-derminga.de\/wp-content\/uploads\/2022\/12\/evangelishc-Weihnachtne.png\" alt=\"\" class=\"wp-image-14293\" srcset=\"https:\/\/echta-derminga.de\/wp-content\/uploads\/2022\/12\/evangelishc-Weihnachtne.png 454w, https:\/\/echta-derminga.de\/wp-content\/uploads\/2022\/12\/evangelishc-Weihnachtne-300x282.png 300w\" sizes=\"auto, (max-width: 454px) 100vw, 454px\" \/><figcaption class=\"wp-element-caption\">Evangelische Kirchengemeinde Dirmingen<\/figcaption><\/figure>\n<\/div>\n<\/div>\n\n\n\n<p class=\"has-medium-font-size wp-block-paragraph\"><strong>Das Jahr 2022 neigt sich dem Ende zu und auf uns alle wartet eine Woche zwischen den Tagen. Zeit zum entspannen, abschalten und sich den wichtigen Dingen des Leben zu widmen. Ich hoffe Sie finden Zeit f\u00fcr sich selbst und f\u00fcr ihre Lieben. Beim Schreiben dieser Zeilen h\u00f6re ich den alten Sinatra Song &#8220; Have yourself a merry little Christmas&#8220;. Genau das m\u00f6chte ich Ihnen an dieser Stelle w\u00fcnschen: Denken Sie in diesen Tagen einmal an sich selbst und feiern Sie ihr ganz pers\u00f6nliches Weihnachtsfest.<\/strong> <strong>Ich w\u00fcnsche Ihnen einen sanften und ruhigen Rutsch in das neue Jahr 2023. Bleiben Sie vor allen Dingen gesund !<\/strong><\/p>\n\n\n\n<p class=\"has-medium-font-size wp-block-paragraph\">Ihr Ortsvorsteher<\/p>\n\n\n\n<p class=\"has-medium-font-size wp-block-paragraph\">Frank Klein<\/p>\n\n\n\n<div class=\"wp-block-columns is-layout-flex wp-container-core-columns-is-layout-8f761849 wp-block-columns-is-layout-flex\">\n<div class=\"wp-block-column is-layout-flow wp-block-column-is-layout-flow\">\n<figure class=\"wp-block-image size-large\"><img loading=\"lazy\" decoding=\"async\" width=\"700\" height=\"1189\" src=\"https:\/\/echta-derminga.de\/wp-content\/uploads\/2022\/12\/20221125_214437-1-700x1189.jpg\" alt=\"\" class=\"wp-image-14294\" srcset=\"https:\/\/echta-derminga.de\/wp-content\/uploads\/2022\/12\/20221125_214437-1-700x1189.jpg 700w, https:\/\/echta-derminga.de\/wp-content\/uploads\/2022\/12\/20221125_214437-1-177x300.jpg 177w, https:\/\/echta-derminga.de\/wp-content\/uploads\/2022\/12\/20221125_214437-1-768x1304.jpg 768w, https:\/\/echta-derminga.de\/wp-content\/uploads\/2022\/12\/20221125_214437-1-905x1536.jpg 905w, https:\/\/echta-derminga.de\/wp-content\/uploads\/2022\/12\/20221125_214437-1-1206x2048.jpg 1206w, https:\/\/echta-derminga.de\/wp-content\/uploads\/2022\/12\/20221125_214437-1-scaled.jpg 1508w\" sizes=\"auto, (max-width: 700px) 100vw, 700px\" \/><figcaption class=\"wp-element-caption\">Weihnachtsbaum 2022 in der Dirminger Ortsmitte<\/figcaption><\/figure>\n<\/div>\n\n\n\n<div class=\"wp-block-column is-layout-flow wp-block-column-is-layout-flow\">\n<figure class=\"wp-block-image size-full\"><img loading=\"lazy\" decoding=\"async\" width=\"699\" height=\"531\" src=\"https:\/\/echta-derminga.de\/wp-content\/uploads\/2020\/12\/kerchbild.png\" alt=\"\" class=\"wp-image-8186\" srcset=\"https:\/\/echta-derminga.de\/wp-content\/uploads\/2020\/12\/kerchbild.png 699w, https:\/\/echta-derminga.de\/wp-content\/uploads\/2020\/12\/kerchbild-300x228.png 300w\" sizes=\"auto, (max-width: 699px) 100vw, 699px\" \/><figcaption class=\"wp-element-caption\">Historisches Fensterbild in der evangelischen Kirche Dirmingen<\/figcaption><\/figure>\n<\/div>\n<\/div>\n","protected":false},"excerpt":{"rendered":"<p>Weihnachten &#8211; Das Fest der Liebe, Familie, Harmonie und Geborgenheit. In unserer hektischen Zeit vergessen wir allzu oft, um was es bei Weihnachten wirklich geht. Ein Blick auf unsere Kinder \u00f6ffnet Herz und Verstand. Manchmal ist es ganz einfach und \u00fcberhaupt nicht so kompliziert, wie man vielleicht zu glauben mag. Ich w\u00fcnsche Ihnen und ihrer Familie ein gesegnetes Weihnachtsfest und<\/p>\n","protected":false},"author":1,"featured_media":14303,"comment_status":"open","ping_status":"closed","sticky":false,"template":"","format":"standard","meta":{"_crdt_document":"","footnotes":""},"categories":[1,9,812],"tags":[5,618,127,634,795,310],"class_list":["post-14275","post","type-post","status-publish","format-standard","has-post-thumbnail","hentry","category-allgemein","category-dorfgetratsche","category-ortsvorsteher-dirmingen","tag-dirmingen","tag-gemeinde-eppelborn","tag-landkreis-neunkirchen","tag-ortsvorsteher","tag-ortsvorsteher-dirmingen","tag-saarland"],"_links":{"self":[{"href":"https:\/\/echta-derminga.de\/index.php?rest_route=\/wp\/v2\/posts\/14275","targetHints":{"allow":["GET"]}}],"collection":[{"href":"https:\/\/echta-derminga.de\/index.php?rest_route=\/wp\/v2\/posts"}],"about":[{"href":"https:\/\/echta-derminga.de\/index.php?rest_route=\/wp\/v2\/types\/post"}],"author":[{"embeddable":true,"href":"https:\/\/echta-derminga.de\/index.php?rest_route=\/wp\/v2\/users\/1"}],"replies":[{"embeddable":true,"href":"https:\/\/echta-derminga.de\/index.php?rest_route=%2Fwp%2Fv2%2Fcomments&post=14275"}],"version-history":[{"count":15,"href":"https:\/\/echta-derminga.de\/index.php?rest_route=\/wp\/v2\/posts\/14275\/revisions"}],"predecessor-version":[{"id":14320,"href":"https:\/\/echta-derminga.de\/index.php?rest_route=\/wp\/v2\/posts\/14275\/revisions\/14320"}],"wp:featuredmedia":[{"embeddable":true,"href":"https:\/\/echta-derminga.de\/index.php?rest_route=\/wp\/v2\/media\/14303"}],"wp:attachment":[{"href":"https:\/\/echta-derminga.de\/index.php?rest_route=%2Fwp%2Fv2%2Fmedia&parent=14275"}],"wp:term":[{"taxonomy":"category","embeddable":true,"href":"https:\/\/echta-derminga.de\/index.php?rest_route=%2Fwp%2Fv2%2Fcategories&post=14275"},{"taxonomy":"post_tag","embeddable":true,"href":"https:\/\/echta-derminga.de\/index.php?rest_route=%2Fwp%2Fv2%2Ftags&post=14275"}],"curies":[{"name":"wp","href":"https:\/\/api.w.org\/{rel}","templated":true}]}}