{"id":14312,"date":"2022-12-23T17:58:27","date_gmt":"2022-12-23T16:58:27","guid":{"rendered":"https:\/\/echta-derminga.de\/?p=14312"},"modified":"2022-12-24T11:30:08","modified_gmt":"2022-12-24T10:30:08","slug":"gesegnete-weihnachten-mit-viele-persoenlichen-inseln-der-stille","status":"publish","type":"post","link":"https:\/\/echta-derminga.de\/?p=14312","title":{"rendered":"Gesegnete Weihnachten mit viele pers\u00f6nlichen &#8222;Inseln der Stille&#8220;"},"content":{"rendered":"\n<p class=\"has-medium-font-size wp-block-paragraph\"><strong>Ganz gleich ob es uns gef\u00e4llt oder nicht. Weihnachten r\u00fcckt jedes Jahr n\u00e4her und ist auch in diesem Jahr in unserem Leben angekommen. Wie schnell die Zeit doch vergeht und wie sehr wir uns im allt\u00e4glichen Leben verrennen. Weihnachten ist einfach wiedergekommen. Weihnachten ist sch\u00f6n und kann am Ende auch schmerzhaft sein. Bei der Erinnerung an unsere eigene Kinderzeit wird das Herz warm, ganz gleich, ob es uns gef\u00e4llt oder nicht. Weihnachten hat etwas Magisches. Da ist irgendetwas, was vielleicht doch sein k\u00f6nnte! Ist es m\u00f6glich oder nur Spinnerei? Am Ende muss, das jeder mit sich selbst ausmachen.<\/strong><\/p>\n\n\n\n<p class=\"has-medium-font-size wp-block-paragraph\">Weihnachten ist viel mehr als nur Geschenke, Glanz, Glimmer, Lieder, Pl\u00e4tzchen oder Essen. Weihnachten kann etwas ausl\u00f6sen und bewegen. Man muss es am Ende nur zulassen. Sind wir, oder bist du, bereit dazu? Alles wird mit der Zeit viel zu viel. Dabei w\u00fcnsche ich uns in dieser schnelllebigen Zeit viel weniger von allem was wir uns doch so sehr w\u00fcnschen. Ich w\u00fcnsche mir weniger Geschenkpapier, Gl\u00f6ckchen, weniger Termine, Verpflichtungen oder Gehetze, daf\u00fcr aber mehr Weihnachten. Der gute alte Rolf Zuckowski hat dazu in &#8222;Inseln der Stille&#8220; ein passendes Weihnachtslied verfasst. Dabei hat der Musiker wieder mal recht mit seiner These. Was wir brauchen, ist mehr Weihnachten und Zeit f\u00fcr das Wesentliche im Leben. &nbsp;<\/p>\n\n\n\n<blockquote class=\"wp-block-quote is-layout-flow wp-block-quote-is-layout-flow\">\n<p class=\"wp-block-paragraph\"><strong>Weniger Termine und Verpflichtung, die uns treibt, Weniger Fassade und mal sehn, was \u00fcbrig bleibt Mehr Weihnachten, Mehr Zeit f\u00fcr dich und f\u00fcr den, der dich liebt. Zeit um zu sp\u00fcren, dass es Inseln der Stille noch gibt Weniger Gedr\u00e4nge und Gehetze vor dem Fest, Weniger Erwartung, die sich kaum noch stillen l\u00e4sst Weniger Entt\u00e4uschung, wenn ein Wunsch sich nicht erf\u00fcllt, Weniger Versprechen und mal sehn, was dann noch gilt, Mehr Weihnachten, mehr Weihnachten Mehr Zeit f\u00fcr dich und f\u00fcr den, der dich liebt. Zeit, um zu sp\u00fcren, dass es Inseln der Stille noch gibt<\/strong><\/p>\n<cite>Liedzeile: Inseln der Stille &#8211; Rolf Zuckowski <\/cite><\/blockquote>\n\n\n\n<p class=\"has-medium-font-size wp-block-paragraph\"><strong>Weihnachten ist wiedergekommen und wir nehmen es einfach so hin. Bleibt die Frage, was wir daraus machen? Viele von uns haben das Fest der Liebe l\u00e4ngst aufgegeben. Weihnachten ist doch nur noch was f\u00fcr die Kinder oder die Familie. Ein paar Tage frei, viel schlafen und Essen oder Trinken. Dabei kann Weihnachten viel mehr sein. Weihnachten hat viel mit der Kindheit und Erwachsenwerden zu tun. Der Blick auf das Wesentliche verblasst bei der Vielzahl von Angeboten im Fernsehen oder Amazon.<\/strong><\/p>\n\n\n\n<p class=\"has-medium-font-size wp-block-paragraph\">Was bleibt am Ende von Weihnachten \u00fcbrig. Sind wir auf dem Weg unsere eigene christliche Kultur zu verraten? Die Schuld immer nur auf die Verantwortung der Kirchen zu laden ist viel zu einfach. Wir selbst tragen Verantwortung f\u00fcr unser pers\u00f6nliches Weihnachtsfest. Nat\u00fcrlich spielt dabei auch der Glaube eine gewichtige Rolle. Es scheint so, als w\u00fcrde alles immer wieder zur\u00fcckkommen. Weihnachten hat einen festen Bestandteil in unserem Leben. Es geh\u00f6rt fest zu unserem Jahresplan. Ob es uns gef\u00e4llt oder nicht, Weihnachten wird immer wieder kommen. Ein Sprichwort sagt:\u201c Was zu dir geh\u00f6rt, findet den Weg zur\u00fcck zu dir\u201c. Die Welt dreht sich weiter und f\u00fcr uns alle hat Weihnachten viel mit Kindheitserlebnissen oder Familientraditionen zu tun.<\/p>\n\n\n\n<p class=\"has-medium-font-size wp-block-paragraph\"><strong>Weihnachten wird \u00fcberall auf der Welt gefeiert. \u00dcberall wo es Christen gibt, wird Weihnachten begangen. Auch in der Ukraine oder in Russland. Dabei gibt es an Weihnachten kein gut oder b\u00f6se. Auf beiden Seiten haben M\u00fctter ihre S\u00f6hne verloren.<\/strong><\/p>\n\n\n\n<p class=\"has-medium-font-size wp-block-paragraph\">Weihnachten im Jahr 1944:<\/p>\n\n\n\n<p class=\"has-medium-font-size wp-block-paragraph\"><strong>Blick in unsere Dorfchronik:<\/strong><\/p>\n\n\n\n<blockquote class=\"wp-block-quote is-layout-flow wp-block-quote-is-layout-flow\">\n<p class=\"wp-block-paragraph\"><strong>\u201eAufgrund der st\u00e4ndigen Fliegerangriffe vom 24.Dezember 1944 ist an 40 H\u00e4usern und H\u00f6fen gro\u00dfer Schaden entstanden. Glas und Ziegel fehlen im ganzen Dorf. Die Einwohner verbringen den heiligen Abend in Bunkern und Kellern. Der Bahnhof wurde stark besch\u00e4digt, dabei fielen zwei Soldaten. 4 Frauen wurden schwer verletzt, mehrere leicht verwundet. Beim Angriff um 16:00 Uhr Ortszeit wurden vier Familienh\u00e4user zerst\u00f6rt.<\/strong><\/p>\n<cite> Auszug Dorfchronik Dirmingen<\/cite><\/blockquote>\n\n\n\n<p class=\"has-medium-font-size wp-block-paragraph\"><strong>Und heute? Mitten in Europa herrscht wieder Krieg! Dabei m\u00fcssen wieder unschuldige Menschen hungern und frieren. Ich kann mir gut vorstellen, dass die Menschen in der Ukraine dieses Weihnachtsfest niemals vergessen werden. Genauso wie unsere M\u00fctter und V\u00e4ter den zweiten Weltkrieg nie vergessen konnten. Dennoch, kann auch in der Ukraine das Weihnachtsfest etwas ganz Besonderes bewegen. Ich glaube, dass die Menschen in der Ukraine in jedem Fall ein intensives Weihnachtsfest erleben werden. Ich w\u00fcnsche ihnen das Beste!<\/strong><\/p>\n\n\n\n<p class=\"has-medium-font-size wp-block-paragraph\">Ist es nicht ein wundersch\u00f6ner Gedanke? Irgendwo in Bethlehem wird in einem Stall ein kleiner Junge geboren. Nur f\u00fcr uns, nur f\u00fcr die Menschen. F\u00fcrchtet euch nicht! Habt keine Angst und bleibt in Zuversicht. <strong>F\u00fcr mich pers\u00f6nlich ist das die eigentliche Botschaft zu Weihnachten: F\u00fcrchtet euch nicht ! <\/strong>Wenn wir wollen, wird alles gut! Wir m\u00fcssen nur unserem Herz vertrauen und Mut zum Glauben haben.<\/p>\n\n\n\n<p class=\"has-medium-font-size wp-block-paragraph\"><strong>Was w\u00e4re, wenn die Bibel recht hat? Was w\u00e4re, wenn sich die Weihnachtsgeschichte tats\u00e4chlich so zugetragen h\u00e4tte. Was w\u00e4re, wenn er tats\u00e4chlich wiederkommen w\u00fcrde und dabei so ganz anders w\u00e4re als wir es uns vielleicht w\u00fcnschen. Vielleicht oder sogar ganz bestimmt hat er kein blondes Haar, sondern sogar eine dunkle Hautfarbe. W\u00e4re das so schlimm? W\u00fcrden wir ihn erkennen?<\/strong><\/p>\n\n\n\n<p class=\"has-medium-font-size wp-block-paragraph\">Weihnachten ist wieder gekommen. Ganz egal ob es uns gef\u00e4llt oder nicht. Es liegt an uns, was wir daraus machen. <strong>Mein Tipp: Versucht\u2019s doch mal wieder mit Weihnachten.<\/strong> (Auch davon gibt\u2019s ein sch\u00f6nes Lied vom Herrn Zuckowski)<\/p>\n\n\n\n<p class=\"has-medium-font-size wp-block-paragraph\"><strong>Aber es stimmt, versucht\u2019s doch mal wieder mit Weihnachten und f\u00fcrchtet euch nicht! Macht euch auf und werdet euer ganz pers\u00f6nliches Licht!<\/strong> <strong>Lasst uns von den Kindern lernen. Ich pers\u00f6nlich bewundere meinen Sohn. Obwohl er mittlerweile im Teenageralter angekommen ist, h\u00e4lt es sich fest an seiner Vorstellung von Weihnachten. Dabei wei\u00df er sehr wohl, dass der heilige Nikolaus und das Christkind nicht wahrhaftig in unserem Wohnzimmer in Erscheinung treten werden. Dennoch glaubt er fest an die eigentliche Botschaft von Weihnachten. Ich finde das bewundernswert. <\/strong><\/p>\n\n\n\n<p class=\"has-medium-font-size wp-block-paragraph\">Ich w\u00fcnsche Euch allen ein gesegnetes und ganz pers\u00f6nliches \u201eeigenes\u201c Weihnachtsfest. Z\u00fcndet mal ne&#8216; Kerze an und lasst die Gedanken rieseln, man sagt, dass bewirkt Wunder.<\/p>\n\n\n\n<p class=\"has-medium-font-size wp-block-paragraph\"><strong>Beste Weihnachtsgr\u00fc\u00dfe an eure Familie, Freunde und Bekannte. Ich hoffe ihr findet einige \u201eInseln der Stille\u201c in dieser stressigen Zeit. Und: &#8222;F\u00fcrchtet euch nicht&#8220; !<\/strong><\/p>\n\n\n\n<div class=\"wp-block-columns is-layout-flex wp-container-core-columns-is-layout-8f761849 wp-block-columns-is-layout-flex\">\n<div class=\"wp-block-column is-layout-flow wp-block-column-is-layout-flow\">\n<figure class=\"wp-block-image size-large\"><img loading=\"lazy\" decoding=\"async\" width=\"700\" height=\"1189\" src=\"https:\/\/echta-derminga.de\/wp-content\/uploads\/2022\/12\/20221125_214437-1-700x1189.jpg\" alt=\"\" class=\"wp-image-14294\" srcset=\"https:\/\/echta-derminga.de\/wp-content\/uploads\/2022\/12\/20221125_214437-1-700x1189.jpg 700w, https:\/\/echta-derminga.de\/wp-content\/uploads\/2022\/12\/20221125_214437-1-177x300.jpg 177w, https:\/\/echta-derminga.de\/wp-content\/uploads\/2022\/12\/20221125_214437-1-768x1304.jpg 768w, https:\/\/echta-derminga.de\/wp-content\/uploads\/2022\/12\/20221125_214437-1-905x1536.jpg 905w, https:\/\/echta-derminga.de\/wp-content\/uploads\/2022\/12\/20221125_214437-1-1206x2048.jpg 1206w, https:\/\/echta-derminga.de\/wp-content\/uploads\/2022\/12\/20221125_214437-1-scaled.jpg 1508w\" sizes=\"auto, (max-width: 700px) 100vw, 700px\" \/><figcaption class=\"wp-element-caption\">Weihnachtsbaum in der Dirminger Ortsmitte.<\/figcaption><\/figure>\n<\/div>\n\n\n\n<div class=\"wp-block-column is-layout-flow wp-block-column-is-layout-flow\">\n<figure class=\"wp-block-image size-full\"><img loading=\"lazy\" decoding=\"async\" width=\"699\" height=\"531\" src=\"https:\/\/echta-derminga.de\/wp-content\/uploads\/2020\/12\/kerchbild.png\" alt=\"\" class=\"wp-image-8186\" srcset=\"https:\/\/echta-derminga.de\/wp-content\/uploads\/2020\/12\/kerchbild.png 699w, https:\/\/echta-derminga.de\/wp-content\/uploads\/2020\/12\/kerchbild-300x228.png 300w\" sizes=\"auto, (max-width: 699px) 100vw, 699px\" \/><figcaption class=\"wp-element-caption\">Historisches Fensterbild in der evangelischen Kirche Dirmingen.<\/figcaption><\/figure>\n<\/div>\n<\/div>\n","protected":false},"excerpt":{"rendered":"<p>Ganz gleich ob es uns gef\u00e4llt oder nicht. Weihnachten r\u00fcckt jedes Jahr n\u00e4her und ist auch in diesem Jahr in unserem Leben angekommen. Wie schnell die Zeit doch vergeht und wie sehr wir uns im allt\u00e4glichen Leben verrennen. Weihnachten ist einfach wiedergekommen. Weihnachten ist sch\u00f6n und kann am Ende auch schmerzhaft sein. Bei der Erinnerung an unsere eigene Kinderzeit wird<\/p>\n","protected":false},"author":1,"featured_media":8159,"comment_status":"open","ping_status":"closed","sticky":false,"template":"","format":"standard","meta":{"_crdt_document":"","footnotes":""},"categories":[1],"tags":[5,618,127,310,1027],"class_list":["post-14312","post","type-post","status-publish","format-standard","has-post-thumbnail","hentry","category-allgemein","tag-dirmingen","tag-gemeinde-eppelborn","tag-landkreis-neunkirchen","tag-saarland","tag-weihnachten-2022"],"_links":{"self":[{"href":"https:\/\/echta-derminga.de\/index.php?rest_route=\/wp\/v2\/posts\/14312","targetHints":{"allow":["GET"]}}],"collection":[{"href":"https:\/\/echta-derminga.de\/index.php?rest_route=\/wp\/v2\/posts"}],"about":[{"href":"https:\/\/echta-derminga.de\/index.php?rest_route=\/wp\/v2\/types\/post"}],"author":[{"embeddable":true,"href":"https:\/\/echta-derminga.de\/index.php?rest_route=\/wp\/v2\/users\/1"}],"replies":[{"embeddable":true,"href":"https:\/\/echta-derminga.de\/index.php?rest_route=%2Fwp%2Fv2%2Fcomments&post=14312"}],"version-history":[{"count":5,"href":"https:\/\/echta-derminga.de\/index.php?rest_route=\/wp\/v2\/posts\/14312\/revisions"}],"predecessor-version":[{"id":14318,"href":"https:\/\/echta-derminga.de\/index.php?rest_route=\/wp\/v2\/posts\/14312\/revisions\/14318"}],"wp:featuredmedia":[{"embeddable":true,"href":"https:\/\/echta-derminga.de\/index.php?rest_route=\/wp\/v2\/media\/8159"}],"wp:attachment":[{"href":"https:\/\/echta-derminga.de\/index.php?rest_route=%2Fwp%2Fv2%2Fmedia&parent=14312"}],"wp:term":[{"taxonomy":"category","embeddable":true,"href":"https:\/\/echta-derminga.de\/index.php?rest_route=%2Fwp%2Fv2%2Fcategories&post=14312"},{"taxonomy":"post_tag","embeddable":true,"href":"https:\/\/echta-derminga.de\/index.php?rest_route=%2Fwp%2Fv2%2Ftags&post=14312"}],"curies":[{"name":"wp","href":"https:\/\/api.w.org\/{rel}","templated":true}]}}