{"id":14400,"date":"2023-01-03T16:58:33","date_gmt":"2023-01-03T15:58:33","guid":{"rendered":"https:\/\/echta-derminga.de\/?p=14400"},"modified":"2023-01-04T14:12:43","modified_gmt":"2023-01-04T13:12:43","slug":"in-der-geschichte-des-dirminger-friedhofes-spiegelt-sich-das-fruehere-verhaeltnis-beider-konfessionen","status":"publish","type":"post","link":"https:\/\/echta-derminga.de\/?p=14400","title":{"rendered":"In der Geschichte des Dirminger Friedhofes spiegelt sich das fr\u00fchere Verh\u00e4ltnis beider Konfessionen"},"content":{"rendered":"\n<p class=\"has-medium-font-size wp-block-paragraph\"><strong>Die meisten Dorffriedh\u00f6fe haben im Laufe der letzten Jahrzehnte unsch\u00f6ne L\u00fccken bekommen. Die Menschen setzen immer mehr auf Urnenbestattungen und immer weniger auf herk\u00f6mmliche Gr\u00e4ber. Schon fr\u00fcher diente der Friedhof als kultureller Treffpunkt der sogar als eine gewisse Naherholungsqualit\u00e4t f\u00fcr die Dorfgemeinschaft herhalten musste. im Grunde hat der Dorfriedhof bis heute nichts an diesem Stellenwert eingeb\u00fc\u00dft. Der Friedhof ist immer noch ein Treffpunkt oder ein Ort der inneren Einkehr oder sogar der Kommunikation. Dennoch leiden unsere Friedh\u00f6fe immer mehr unter dem aktuellen Trend der neuen Bestattungsformen. Die Urne ist inzwischen zum Standard herangewachsen. Mehr als 75 Prozent der Menschen, die im Jahr 2022 verstorben sind, wurden verbrannt und somit nicht in einem Sarg beerdigt. Die Urnenwand oder das Urnengrab dominieren mittlerweile das Erscheinungsbild unseres Friedhofes. Das bedeutet zwangsl\u00e4ufig, dass auf dem Friedhof mehr Platz und somit auch gr\u00f6\u00dfere leere L\u00fccken entstehen. Die Gemeindeverwaltung hat die Aufgabe diesem Trend mit Innovativen und neuen Ideen entgegenzuwirken. Fakt ist: Die Reihen werden immer lichter und so manches noch vorhandene einzelne Sarggrab wirkt trostlos allein gelassen. Immer mehr gewinnorientierten Unternehmen, die Urnenbestattungen im Wald oder unter B\u00e4umen anbieten locken mit attraktiven Angeboten. Die Wald-oder Baumbestattung gewinnt zusehends an Beliebtheit. Viele Menschen entscheiden sich f\u00fcr diese Alternative, weil sie damit ihrer umweltfreundlichen Naturverbundenheit gerecht werden m\u00f6chten. Fakt ist aber auch, wer im Friedwald oder auf hoher See bestattet wurde, verf\u00fcgt \u00fcber keinen Erinnerungsort in seiner Heimat<\/strong>. <strong>Sei&#8217;s drum, ein jeder wie er m\u00f6chte und jede Zeit hat ihre eigenen Herausforderungen.<\/strong><\/p>\n\n\n\n<p class=\"has-medium-font-size wp-block-paragraph\">Urnengr\u00e4ber brauchen nicht nur weniger Platz, sie brauchen auch weniger Pflege. Auch dieser Umstand macht die Sache f\u00fcr viele Angeh\u00f6rigen attraktiver. Das bedeutet aber auch, dass die Menschen seltener das Grab ihres Verstorbenen besuchen. In der Folge treffen wir immer weniger Menschen auf unserem Friedhof an. Unsere Gemeindeverwaltung versucht schon seit Jahren dem neuen Trend positiv entgegenzuwirken. Auch das Thema Baumbestattung st\u00f6\u00dft in den \u00f6rtlichen Gremien immer mehr auf Interesse. In K\u00fcrze wird auf dem Eppelborner Friedhof ein  Sternengrabfeld f\u00fcr totgeborene Kinder angelegt werden. Familien, die den Verlust eines ungeborenen Kindes erfahren, k\u00f6nnen ihre Kinder dort beerdigen. Als Sternenkinder werden Kinder bezeichnet, die w\u00e4hrend der Schwangerschaft oder unmittelbar nach der Geburt verstorben sind. Als Gedenkst\u00e4tte soll eine behauene Sandstein-Stele dienen. Mit viel Innovation und Einfallsreichtum wurde in den letzten drei Jahren auch auf dem Dirminger Friedhof so einiges geleistet. Dennoch existieren es auch auf unserem Friedhof so einige leere L\u00fccken. <\/p>\n\n\n\n<div class=\"wp-block-columns is-layout-flex wp-container-core-columns-is-layout-8f761849 wp-block-columns-is-layout-flex\">\n<div class=\"wp-block-column is-layout-flow wp-block-column-is-layout-flow\">\n<figure class=\"wp-block-image size-large\"><img loading=\"lazy\" decoding=\"async\" width=\"700\" height=\"1041\" src=\"https:\/\/echta-derminga.de\/wp-content\/uploads\/2023\/01\/20230103_155032-700x1041.jpg\" alt=\"\" class=\"wp-image-14409\" srcset=\"https:\/\/echta-derminga.de\/wp-content\/uploads\/2023\/01\/20230103_155032-700x1041.jpg 700w, https:\/\/echta-derminga.de\/wp-content\/uploads\/2023\/01\/20230103_155032-202x300.jpg 202w, https:\/\/echta-derminga.de\/wp-content\/uploads\/2023\/01\/20230103_155032-768x1142.jpg 768w, https:\/\/echta-derminga.de\/wp-content\/uploads\/2023\/01\/20230103_155032.jpg 1000w\" sizes=\"auto, (max-width: 700px) 100vw, 700px\" \/><figcaption class=\"wp-element-caption\">Historische Zeichnung des alten Friedhofs um die Kirche aus dem Jahre 1931 (Pfarrer Engel)<\/figcaption><\/figure>\n<\/div>\n\n\n\n<div class=\"wp-block-column is-layout-flow wp-block-column-is-layout-flow\">\n<figure class=\"wp-block-image size-full\"><img loading=\"lazy\" decoding=\"async\" width=\"693\" height=\"969\" src=\"https:\/\/echta-derminga.de\/wp-content\/uploads\/2023\/01\/K-Alte-Kirche.jpg\" alt=\"\" class=\"wp-image-14410\" srcset=\"https:\/\/echta-derminga.de\/wp-content\/uploads\/2023\/01\/K-Alte-Kirche.jpg 693w, https:\/\/echta-derminga.de\/wp-content\/uploads\/2023\/01\/K-Alte-Kirche-215x300.jpg 215w\" sizes=\"auto, (max-width: 693px) 100vw, 693px\" \/><figcaption class=\"wp-element-caption\">Ehemalige katholische Pfarrkirche auf dem Rothenberg<\/figcaption><\/figure>\n<\/div>\n\n\n\n<div class=\"wp-block-column is-layout-flow wp-block-column-is-layout-flow\">\n<figure class=\"wp-block-image size-full\"><img loading=\"lazy\" decoding=\"async\" width=\"700\" height=\"862\" src=\"https:\/\/echta-derminga.de\/wp-content\/uploads\/2023\/01\/1.jpg\" alt=\"\" class=\"wp-image-14411\" srcset=\"https:\/\/echta-derminga.de\/wp-content\/uploads\/2023\/01\/1.jpg 700w, https:\/\/echta-derminga.de\/wp-content\/uploads\/2023\/01\/1-244x300.jpg 244w\" sizes=\"auto, (max-width: 700px) 100vw, 700px\" \/><figcaption class=\"wp-element-caption\">Evangelische Kirche Dirmingen im Jahre 1931<\/figcaption><\/figure>\n<\/div>\n<\/div>\n\n\n\n<p class=\"has-medium-font-size wp-block-paragraph\"><strong>Die Geschichte des Dirminger Friedhofes ist eng verbunden mit dem fr\u00fcherem, zerr\u00fctteten Verh\u00e4ltnis der Katholiken und Protestanten in unserem Dorf. Gottlob hat sich das relativiert. Heute leben Protestanten und Katholiken friedlich miteinander in unserem Dorf und setzten zuletzt sogar mehr und mehr Zeichen der \u00d6kumene. L\u00e4ngst spielt es keine Rolle mehr welcher Konfession man angeh\u00f6rt und ob man nun zum Gottesdienst geht oder die heilige Messe besucht. In Dirmingen lebten seit der Reformation 1575, \u00fcber viele Jahrhunderte, \u00fcberwiegend protestantische Einwohner. Heute hat sich dies relativiert und beide Konfessionen haben ihren festen Platz in der Mitte unserer Gesellschaft. Viel mehr Sorge bereitet beiden Kirchen die Austrittswelle der letzten Jahre. In Dirmingen dauerte es viele Jahrhunderte bis sich das Verh\u00e4ltnis zwischen Katholischen und evangelischen Christen entspannte. Lange Zeit herrschte ein angespannte und oftmals sogar feindliches Verh\u00e4ltnis, das sich letztlich sogar in er Politik widerspiegelte.<\/strong><\/p>\n\n\n\n<p class=\"has-medium-font-size wp-block-paragraph\">Nat\u00fcrlich gibt es immer noch Unterschiede zwischen den katholischen und den evangelischen Christen. Der gr\u00f6\u00dfte Streitpunkte liegt im Verh\u00e4ltnis zum Papsttum, des Z\u00f6libats und in der Art und Weise wie man das Abendmahl feiert. Bei den Katholiken ist die Wandlung von Brot und Wein ein Zeichen daf\u00fcr, dass Jesus Christus wirklich in der Feier des Gottesdienstes anwesend ist. Bei den Protestanten hingegen sind Brot und Wein beim Abendmahl eher ein Symbol f\u00fcr die Liebe Jesu Christi zu den Menschen. Letztlich d\u00fcrfen in der evangelischen Kirche alle Christen das Abendmahl gemeinsam feiern. Bei den Katholiken hingegen wird in diesem Fall keinen Wert auf die \u00d6kumene gelegt. Ich stelle immer wieder fest, dass gerade junge Menschen sich verst\u00e4rkt nach einer gut funktionierenden \u00f6kumenischen Verh\u00e4ltnis sehnen. <\/p>\n\n\n\n<div class=\"wp-block-columns is-layout-flex wp-container-core-columns-is-layout-8f761849 wp-block-columns-is-layout-flex\">\n<div class=\"wp-block-column is-layout-flow wp-block-column-is-layout-flow\">\n<figure class=\"wp-block-image size-full\"><img loading=\"lazy\" decoding=\"async\" width=\"640\" height=\"440\" src=\"https:\/\/echta-derminga.de\/wp-content\/uploads\/2023\/01\/dirmingen199.jpg\" alt=\"\" class=\"wp-image-14419\" srcset=\"https:\/\/echta-derminga.de\/wp-content\/uploads\/2023\/01\/dirmingen199.jpg 640w, https:\/\/echta-derminga.de\/wp-content\/uploads\/2023\/01\/dirmingen199-300x206.jpg 300w\" sizes=\"auto, (max-width: 640px) 100vw, 640px\" \/><figcaption class=\"wp-element-caption\">Der Weg zum katholischen Friedhofskreuz<\/figcaption><\/figure>\n<\/div>\n\n\n\n<div class=\"wp-block-column is-layout-flow wp-block-column-is-layout-flow\">\n<figure class=\"wp-block-image size-full\"><img loading=\"lazy\" decoding=\"async\" width=\"585\" height=\"353\" src=\"https:\/\/echta-derminga.de\/wp-content\/uploads\/2023\/01\/dirmingen204.jpg\" alt=\"\" class=\"wp-image-14418\" srcset=\"https:\/\/echta-derminga.de\/wp-content\/uploads\/2023\/01\/dirmingen204.jpg 585w, https:\/\/echta-derminga.de\/wp-content\/uploads\/2023\/01\/dirmingen204-300x181.jpg 300w\" sizes=\"auto, (max-width: 585px) 100vw, 585px\" \/><figcaption class=\"wp-element-caption\">Historische Aufnahme des Friedhofes.<\/figcaption><\/figure>\n<\/div>\n<\/div>\n\n\n\n<p class=\"has-medium-font-size wp-block-paragraph\"><strong>Die Geschichte der Katholiken und Evangelischen Christen in unserem Dorf ist gepr\u00e4gt von Missgunst, Vorurteil und Abneigung. Bereits die Kinder wurden fr\u00fcher in konfessionelle Kinderg\u00e4rten und Schulen geteilt. In meiner Kinderzeit war bereits das schlimmste \u00fcberstanden und wir besuchten gemeinsam erst die alte evangelische Schule, in der heutigen Urexweilerstrasse, und sp\u00e4ter die heutige Alsbachschule. Immer wieder gab es zwischen beiden Konfessionen Reibereien. Die Spaltung reichte sogar bis in den Sport und unsere Vereinslandschaft. W\u00e4hrend es die Evangelischen mehr zum Handballsport hinzog, wurde bei den Katholiken \u00fcberwiegend der Fu\u00dfball bevorzugt. Protestanten waren \u00fcberwiegend den Sozialdemokraten zugeneigt und Katholiken eher den Christdemokraten. Heute pflegen die Evangelische Kirchengemeinde Dirmingen und die Katholische St. Wendalinusgemeinde gottlob ein gutes und harmonisches Miteinander. Auch in der Politik haben sich inzwischen die eingefahrenen Strukturen ver\u00e4ndert. <\/strong><\/p>\n\n\n\n<p class=\"has-medium-font-size wp-block-paragraph\">Unser Ortsbild wird gepr\u00e4gt vom Turm der heutigen evangelischen Kirche in der Ortsmitte. Auch diese Kirche war \u00fcber viele Jahre Streitpunkt zwischen beiden Konfessionen. Immerhin war die Kirche vor der Reformation im Jahre 1575 katholisch. Am Ende wurde die Kirche jedoch den evangelischen Christen zugesprochen. Auch diese Entscheidung sorgte keineswegs f\u00fcr eine Entspannung zwischen den beiden Konfessionen. Unser Dorfbild wird aber auch gepr\u00e4gt von der Gottesburg auf dem Rothenberg. Wie eine Burg dominiert die im Jahre 1950 erbaute Kirche auf dem G\u00e4nseberg unseren Heimatort. Beide Kirchengemeinden haben mit \u00e4hnlichen Problemen zu k\u00e4mpfen. Die Sch\u00e4fchen werden weniger und das Geld knapper. Sanierungsstau und innergemeindliche Probleme stellen das Ehrenamt vor gro\u00dfe Herausforderungen. Ich f\u00fcrchte, wir werden es noch erleben, dass beide Konfessionen noch enger zusammenr\u00fccken m\u00fcssen. Vielerorts werden schon Kirchen oder Gemeindeh\u00e4user im Wechsel genutzt. Immer mehr Kirchenbauten werden entweiht und ver\u00e4u\u00dfert. Immerhin fand in der heutigen evangelischen Kirche das wohl sch\u00f6nste Ereignis zwischen katholischen und evangelischen Christen in Dirmingen statt. Nach der Bombardierung der alten katholischen Kirche auf dem Rothenberg, am 21.Februar 1945, stellte die Evangelische Kirchengemeinde ihre Kirche zur Verf\u00fcgung. Es wurde das sogenannte Simultaneum abgehalten. Berichten zufolge war das Verh\u00e4ltnis beide Konfessionen zu dieser Zeit ausgesprochen gut und ausgeglichen.<\/p>\n\n\n\n<div class=\"wp-block-columns is-layout-flex wp-container-core-columns-is-layout-8f761849 wp-block-columns-is-layout-flex\">\n<div class=\"wp-block-column is-layout-flow wp-block-column-is-layout-flow\">\n<figure class=\"wp-block-image size-full\"><img loading=\"lazy\" decoding=\"async\" width=\"611\" height=\"725\" src=\"https:\/\/echta-derminga.de\/wp-content\/uploads\/2023\/01\/dirmingen203.jpg\" alt=\"\" class=\"wp-image-14421\" srcset=\"https:\/\/echta-derminga.de\/wp-content\/uploads\/2023\/01\/dirmingen203.jpg 611w, https:\/\/echta-derminga.de\/wp-content\/uploads\/2023\/01\/dirmingen203-253x300.jpg 253w\" sizes=\"auto, (max-width: 611px) 100vw, 611px\" \/><figcaption class=\"wp-element-caption\">Altes katholisches Friedhofskreuz<\/figcaption><\/figure>\n<\/div>\n\n\n\n<div class=\"wp-block-column is-layout-flow wp-block-column-is-layout-flow\">\n<figure class=\"wp-block-image size-full\"><img loading=\"lazy\" decoding=\"async\" width=\"640\" height=\"932\" src=\"https:\/\/echta-derminga.de\/wp-content\/uploads\/2023\/01\/dirmingen118.jpg\" alt=\"\" class=\"wp-image-14422\" srcset=\"https:\/\/echta-derminga.de\/wp-content\/uploads\/2023\/01\/dirmingen118.jpg 640w, https:\/\/echta-derminga.de\/wp-content\/uploads\/2023\/01\/dirmingen118-206x300.jpg 206w\" sizes=\"auto, (max-width: 640px) 100vw, 640px\" \/><figcaption class=\"wp-element-caption\">Friedhofskreuz aus dem Jahre 1899<\/figcaption><\/figure>\n<\/div>\n<\/div>\n\n\n\n<p class=\"has-medium-font-size wp-block-paragraph\"><strong>Heute erinnert kaum noch etwas an das ehemals schwierige Verh\u00e4ltnis zwischen den Katholen und Evangelen in Dirmingen. Die Betonung liegt dabei auf \u201eKaum noch etwas\u201c! Da gibt es tats\u00e4chlich eine winzige Kleinigkeit. Auf dem Dirminger Friedhof erinnert noch heute ein altes Kreuz an die Geschichte und die Entwicklung beider Konfessionen in unserem Dorf. Auf der rechten Seite des Friedhofes steht am oberen Ende des Weges, der den \u00e4ltesten Friedhofsteil in zwei gleich gro\u00dfe Fl\u00e4chen teilte, unter B\u00e4umen ein mit einem Kruzifix geschm\u00fccktes steinernes Kreuz. Um dieses Kreuz, auf dessen Sockel die Jahreszahl 1899 steht, hat es eine besondere Bewandtnis. Die Geschichte des Kreuzes spiegelt das gemeindliche Zusammenleben von Katholiken und Protestanten in unserem Ort. Dieses Kreuz erinnert daran, dass fr\u00fcher eine deutliche Kluft zwischen den Katholischen und den evangelischen Einwohnern unseres Heimatortes klaffte. Der \u00e4lteste Dirminger Friedhof lag ehemals um die evangelische Kirche. Diejenigen die wissen wo man zu suchen hat, werden noch heute die eine oder andere Grabplatte neben der heutigen evangelischen Kirche finden. Das bekannteste d\u00fcrfte das Grabkreuz des Brauereigr\u00fcnders Konrad Sch\u00e4fer sein. Die heutige evangelische Kirche wurde, wie bereits erw\u00e4hnt, nach der Reformation im Jahre 1575 und dem darauffolgenden Frieden von Ryswyk von 1697 den Protestanten zugesprochen. Die Katholiken durften die Kirche mitbenutzen wobei die evangelische Kirchengemeinde den Friedhof um die Kirche als Eigentum betrachtete.<\/strong><\/p>\n\n\n\n<div class=\"wp-block-columns is-layout-flex wp-container-core-columns-is-layout-8f761849 wp-block-columns-is-layout-flex\">\n<div class=\"wp-block-column is-layout-flow wp-block-column-is-layout-flow\">\n<figure class=\"wp-block-image size-full\"><img loading=\"lazy\" decoding=\"async\" width=\"640\" height=\"663\" src=\"https:\/\/echta-derminga.de\/wp-content\/uploads\/2023\/01\/dirmingen618.jpg\" alt=\"\" class=\"wp-image-14413\" srcset=\"https:\/\/echta-derminga.de\/wp-content\/uploads\/2023\/01\/dirmingen618.jpg 640w, https:\/\/echta-derminga.de\/wp-content\/uploads\/2023\/01\/dirmingen618-290x300.jpg 290w\" sizes=\"auto, (max-width: 640px) 100vw, 640px\" \/><figcaption class=\"wp-element-caption\">Sch\u00e4fer-Kreuz auf altem Friedhof<\/figcaption><\/figure>\n<\/div>\n\n\n\n<div class=\"wp-block-column is-layout-flow wp-block-column-is-layout-flow\">\n<figure class=\"wp-block-image size-large\"><img loading=\"lazy\" decoding=\"async\" width=\"700\" height=\"525\" src=\"https:\/\/echta-derminga.de\/wp-content\/uploads\/2023\/01\/IMG_20180913_161617_resized_20180913_052004088-Kopie-700x525.jpg\" alt=\"\" class=\"wp-image-14414\" srcset=\"https:\/\/echta-derminga.de\/wp-content\/uploads\/2023\/01\/IMG_20180913_161617_resized_20180913_052004088-Kopie-700x525.jpg 700w, https:\/\/echta-derminga.de\/wp-content\/uploads\/2023\/01\/IMG_20180913_161617_resized_20180913_052004088-Kopie-300x225.jpg 300w, https:\/\/echta-derminga.de\/wp-content\/uploads\/2023\/01\/IMG_20180913_161617_resized_20180913_052004088-Kopie-768x576.jpg 768w, https:\/\/echta-derminga.de\/wp-content\/uploads\/2023\/01\/IMG_20180913_161617_resized_20180913_052004088-Kopie.jpg 800w\" sizes=\"auto, (max-width: 700px) 100vw, 700px\" \/><figcaption class=\"wp-element-caption\">Uralter Grabstein des alten Friedhofes<\/figcaption><\/figure>\n<\/div>\n\n\n\n<div class=\"wp-block-column is-layout-flow wp-block-column-is-layout-flow\">\n<figure class=\"wp-block-image size-large\"><img loading=\"lazy\" decoding=\"async\" width=\"700\" height=\"464\" src=\"https:\/\/echta-derminga.de\/wp-content\/uploads\/2023\/01\/IMG_20180913_162203_resized_20180913_052007282-Kopie-Kopie-700x464.jpg\" alt=\"\" class=\"wp-image-14415\" srcset=\"https:\/\/echta-derminga.de\/wp-content\/uploads\/2023\/01\/IMG_20180913_162203_resized_20180913_052007282-Kopie-Kopie-700x464.jpg 700w, https:\/\/echta-derminga.de\/wp-content\/uploads\/2023\/01\/IMG_20180913_162203_resized_20180913_052007282-Kopie-Kopie-300x200.jpg 300w, https:\/\/echta-derminga.de\/wp-content\/uploads\/2023\/01\/IMG_20180913_162203_resized_20180913_052007282-Kopie-Kopie-768x509.jpg 768w, https:\/\/echta-derminga.de\/wp-content\/uploads\/2023\/01\/IMG_20180913_162203_resized_20180913_052007282-Kopie-Kopie.jpg 800w\" sizes=\"auto, (max-width: 700px) 100vw, 700px\" \/><figcaption class=\"wp-element-caption\">Alte Friedhofsmauer<\/figcaption><\/figure>\n<\/div>\n<\/div>\n\n\n\n<p class=\"has-medium-font-size wp-block-paragraph\">Nachdem die verstorbenen der katholischen Einwohner zun\u00e4chst auf dem evangelischen Friedhof geduldet wurden mussten die Katholiken ab dem Jahre 1774 auf dem Friedhof in Urexweiler bestattet werden. Im Jahre 1894 beschloss der Dirminger Gemeinderat den Bau eines Zivilfriedhofes auf dem Distrikt \u201eBamert\u201c an der Stra\u00dfe zwischen Dirmingen und Eppelborn. Im Jahre 1896 wurde der Friedhof nach evangelischem Ritus vom damaligen Pfarrer Otto Bingel eingeweiht. Im Jahre 1899 richtete die katholischen B\u00fcrger Dirmingens ein Gesuch an den Gemeinderat um \u00dcberlassung eines Teiles des neuen Friedhofes. Die katholischen Mitb\u00fcrger hatten, bis dahin, aufgrund der eigenen Bestattungsmodalit\u00e4ten mit diversen Schwierigkeiten zu k\u00e4mpfen und f\u00fchlten sich benachteiligt. Der Dirminger Gemeinderat entsprach dem Wunsch der katholischen Einwohner und bewilligte ihnen einen Viertel des neuen Friedhofes. So wurden etwa ab Mitte des Jahres 1899 die verstorbenen katholischen Einwohner auf dem zugewiesenen Teil des Friedhofes beigesetzt. Am 03.06.1899 wurde auf dieser zugewiesenen Fl\u00e4che ein von dem Bildhauer Johann Naumann angefertigtes Friedhofskreuz aufgestellt. Die Katholiken hatten dieses Kreuz in Auftrag gegeben und bezahlt. Nach einem Einspruch der Protestanten und dem Bedenken der Trierer Bezirksregierung, die eine Problem damit hatte, dass der Friedhof nach konfessionellen Gesichtspunkten eingeteilt war wurde das Friedhofskreuz am 14. Juli 1900 im Auftrag der Ortspolizeibeh\u00f6rde in die Mitte des Friedhofes versetzt. Am 02. Februar wurde die erste Friedhofsordnung erlassen. Diese Ordnung sah vor, dass die Verstorbenen in der Reihenfolge des Todeseintrittes ohne konfessionelle Trennung beigesetzt werden sollen. Nach erneuten Meinungsverschiedenheiten von Mitgliedern beider Konfessionen versetzten die katholischen Einwohner das Kreuz an seine jetzige Stelle. Heute, \u00fcber 120 Jahre sp\u00e4ter, erinnert das Kreuz immer noch an die damaligen Probleme zwischen Katholiken und Protestanten in unserem Ort. <\/p>\n\n\n\n<div class=\"wp-block-columns is-layout-flex wp-container-core-columns-is-layout-8f761849 wp-block-columns-is-layout-flex\">\n<div class=\"wp-block-column is-layout-flow wp-block-column-is-layout-flow\">\n<figure class=\"wp-block-image size-full\"><img loading=\"lazy\" decoding=\"async\" width=\"593\" height=\"411\" src=\"https:\/\/echta-derminga.de\/wp-content\/uploads\/2023\/01\/dirmingen198.jpg\" alt=\"\" class=\"wp-image-14426\" srcset=\"https:\/\/echta-derminga.de\/wp-content\/uploads\/2023\/01\/dirmingen198.jpg 593w, https:\/\/echta-derminga.de\/wp-content\/uploads\/2023\/01\/dirmingen198-300x208.jpg 300w\" sizes=\"auto, (max-width: 593px) 100vw, 593px\" \/><figcaption class=\"wp-element-caption\">Friedhof in den fr\u00fchen 1970-er Jahren mit neuer Einsegnungshalle<\/figcaption><\/figure>\n<\/div>\n\n\n\n<div class=\"wp-block-column is-layout-flow wp-block-column-is-layout-flow\">\n<figure class=\"wp-block-image size-large\"><img loading=\"lazy\" decoding=\"async\" width=\"700\" height=\"564\" src=\"https:\/\/echta-derminga.de\/wp-content\/uploads\/2023\/01\/dirmingen635-700x564.jpg\" alt=\"\" class=\"wp-image-14427\" srcset=\"https:\/\/echta-derminga.de\/wp-content\/uploads\/2023\/01\/dirmingen635-700x564.jpg 700w, https:\/\/echta-derminga.de\/wp-content\/uploads\/2023\/01\/dirmingen635-300x242.jpg 300w, https:\/\/echta-derminga.de\/wp-content\/uploads\/2023\/01\/dirmingen635-768x619.jpg 768w, https:\/\/echta-derminga.de\/wp-content\/uploads\/2023\/01\/dirmingen635.jpg 800w\" sizes=\"auto, (max-width: 700px) 100vw, 700px\" \/><\/figure>\n<\/div>\n<\/div>\n\n\n\n<p class=\"has-medium-font-size wp-block-paragraph\"><strong>Im Jahre 1969 wurde mit der Bauausf\u00fchrung zur ersten Einsegnungshalle auf dem Dirminger Friedhof begonnen. Die Bauarbeiten endeten 1972 und erstreckten sich \u00fcber fast drei Jahre. Die Gelder f\u00fcr diesen Bau wurden \u00fcberwiegend durch freiwillige Spenden der B\u00fcrger beider Konfessionen aufgebracht. Auch die Mitglieder des damaligen Dirminger Gemeinderates beteiligten sich an einer gro\u00dfangelegten Sammelaktion. Die Dirminger B\u00fcrgerschaft demonstrierte Geschlossenheit und gro\u00dfe Spendenbereitschaft. Die reinen Baukosten der Friedhofshalle betrugen 155 000, -DM wobei allein der Zufahrtsweg schon 45 000,- DM kostete. Bis in die sp\u00e4ten 60- ger Jahre war es \u00fcblich die Verstorbenen, bis zu ihrer Beisetzung, Zuhause aufzubahren. Mit der Er\u00f6ffnung der neuen Einsegnungshalle wurden in Dirmingen keine Toten mehr in den H\u00e4usern aufgebahrt.<\/strong><\/p>\n\n\n\n<div class=\"wp-block-columns is-layout-flex wp-container-core-columns-is-layout-8f761849 wp-block-columns-is-layout-flex\">\n<div class=\"wp-block-column is-layout-flow wp-block-column-is-layout-flow\">\n<figure class=\"wp-block-image size-full\"><img loading=\"lazy\" decoding=\"async\" width=\"584\" height=\"356\" src=\"https:\/\/echta-derminga.de\/wp-content\/uploads\/2023\/01\/dirmingen426.jpg\" alt=\"\" class=\"wp-image-14424\" srcset=\"https:\/\/echta-derminga.de\/wp-content\/uploads\/2023\/01\/dirmingen426.jpg 584w, https:\/\/echta-derminga.de\/wp-content\/uploads\/2023\/01\/dirmingen426-300x183.jpg 300w\" sizes=\"auto, (max-width: 584px) 100vw, 584px\" \/><figcaption class=\"wp-element-caption\">Unser Friedhof &#8211; Gr\u00e4berfeld in den 1960-er Jahren !<\/figcaption><\/figure>\n<\/div>\n\n\n\n<div class=\"wp-block-column is-layout-flow wp-block-column-is-layout-flow\">\n<figure class=\"wp-block-image size-full\"><img loading=\"lazy\" decoding=\"async\" width=\"574\" height=\"375\" src=\"https:\/\/echta-derminga.de\/wp-content\/uploads\/2023\/01\/dirmingen425.jpg\" alt=\"\" class=\"wp-image-14425\" srcset=\"https:\/\/echta-derminga.de\/wp-content\/uploads\/2023\/01\/dirmingen425.jpg 574w, https:\/\/echta-derminga.de\/wp-content\/uploads\/2023\/01\/dirmingen425-300x196.jpg 300w\" sizes=\"auto, (max-width: 574px) 100vw, 574px\" \/><\/figure>\n<\/div>\n<\/div>\n\n\n\n<p class=\"has-medium-font-size wp-block-paragraph\"><strong>Der heutige Friedhof wurde im Jahre 1951 auf die Gr\u00f6\u00dfe von 12000 qm erweitert. Im Jahre 2012 besitzt der Friedhof neben den \u00fcblichen Gr\u00e4bern einige Urnenw\u00e4nde und ein Urnentiefengrabfeld. Das Erscheinungsbild unseres Friedhofes hat sich ma\u00dfgeblich ver\u00e4ndert. Wir erleben eine neue Bestattungskultur mit vielen Facetten. Die Menschen suchen verst\u00e4rkt nach neuen Wegen und Alternativen. Unsere Aufgabe liegt darin diesem Anspruch gerecht zu werden. Die Geschichte unseres Friedhofes spiegelt nicht nur die Geschichte unseres Heimatortes sondern auch der Menschen, die dort lebten und leben werden. Dabei standen auch beide Konfessionen immer wieder im Mittelpunkt zahlreicher Debatten. Gottlob, hat sich das alles ver\u00e4ndert und wir leben in weitaus ruhigeren Zeiten. Die positive Entwicklung auf unserem Friedhof ist auch ein St\u00fcckweit der \u00d6kumene geschuldet. Das Anbringen einer neuen Beschallungsform mit Friedhofsglockenklang, des Mahnmals oder der neuen Urnenw\u00e4nde wurde \u00fcberkonfessionell behandelt und in den politischen Gremien mitgetragen. Auch das war nicht immer so !<\/strong><\/p>\n\n\n\n<div class=\"wp-block-columns is-layout-flex wp-container-core-columns-is-layout-8f761849 wp-block-columns-is-layout-flex\">\n<div class=\"wp-block-column is-layout-flow wp-block-column-is-layout-flow\">\n<figure class=\"wp-block-image size-large\"><img loading=\"lazy\" decoding=\"async\" width=\"700\" height=\"525\" src=\"https:\/\/echta-derminga.de\/wp-content\/uploads\/2023\/01\/IMG_20180418_182701_resized_20180419_025721436-700x525.jpg\" alt=\"\" class=\"wp-image-14428\" srcset=\"https:\/\/echta-derminga.de\/wp-content\/uploads\/2023\/01\/IMG_20180418_182701_resized_20180419_025721436-700x525.jpg 700w, https:\/\/echta-derminga.de\/wp-content\/uploads\/2023\/01\/IMG_20180418_182701_resized_20180419_025721436-300x225.jpg 300w, https:\/\/echta-derminga.de\/wp-content\/uploads\/2023\/01\/IMG_20180418_182701_resized_20180419_025721436-768x576.jpg 768w, https:\/\/echta-derminga.de\/wp-content\/uploads\/2023\/01\/IMG_20180418_182701_resized_20180419_025721436.jpg 800w\" sizes=\"auto, (max-width: 700px) 100vw, 700px\" \/><\/figure>\n<\/div>\n\n\n\n<div class=\"wp-block-column is-layout-flow wp-block-column-is-layout-flow\">\n<figure class=\"wp-block-image size-large\"><img loading=\"lazy\" decoding=\"async\" width=\"700\" height=\"448\" src=\"https:\/\/echta-derminga.de\/wp-content\/uploads\/2023\/01\/w1000_h580_x542_y290_nk-Friedhof_Dirmingen-1.jpg_9576_GLI41D07O.1-d54c0f9caa841377-1-700x448.jpg\" alt=\"\" class=\"wp-image-14429\" srcset=\"https:\/\/echta-derminga.de\/wp-content\/uploads\/2023\/01\/w1000_h580_x542_y290_nk-Friedhof_Dirmingen-1.jpg_9576_GLI41D07O.1-d54c0f9caa841377-1-700x448.jpg 700w, https:\/\/echta-derminga.de\/wp-content\/uploads\/2023\/01\/w1000_h580_x542_y290_nk-Friedhof_Dirmingen-1.jpg_9576_GLI41D07O.1-d54c0f9caa841377-1-300x192.jpg 300w, https:\/\/echta-derminga.de\/wp-content\/uploads\/2023\/01\/w1000_h580_x542_y290_nk-Friedhof_Dirmingen-1.jpg_9576_GLI41D07O.1-d54c0f9caa841377-1-768x492.jpg 768w, https:\/\/echta-derminga.de\/wp-content\/uploads\/2023\/01\/w1000_h580_x542_y290_nk-Friedhof_Dirmingen-1.jpg_9576_GLI41D07O.1-d54c0f9caa841377-1.jpg 832w\" sizes=\"auto, (max-width: 700px) 100vw, 700px\" \/><figcaption class=\"wp-element-caption\">Dirminger Friedhof &#8211; Heute !<\/figcaption><\/figure>\n<\/div>\n<\/div>\n","protected":false},"excerpt":{"rendered":"<p>Die meisten Dorffriedh\u00f6fe haben im Laufe der letzten Jahrzehnte unsch\u00f6ne L\u00fccken bekommen. Die Menschen setzen immer mehr auf Urnenbestattungen und immer weniger auf herk\u00f6mmliche Gr\u00e4ber. Schon fr\u00fcher diente der Friedhof als kultureller Treffpunkt der sogar als eine gewisse Naherholungsqualit\u00e4t f\u00fcr die Dorfgemeinschaft herhalten musste. im Grunde hat der Dorfriedhof bis heute nichts an diesem Stellenwert eingeb\u00fc\u00dft. Der Friedhof ist immer<\/p>\n","protected":false},"author":1,"featured_media":14408,"comment_status":"open","ping_status":"closed","sticky":false,"template":"","format":"standard","meta":{"_crdt_document":"","footnotes":""},"categories":[1,9,8],"tags":[5,85,618,568,127,310],"class_list":["post-14400","post","type-post","status-publish","format-standard","has-post-thumbnail","hentry","category-allgemein","category-dorfgetratsche","category-sellemols-und-awweile","tag-dirmingen","tag-evangelische-kirche-dirmingen","tag-gemeinde-eppelborn","tag-katholische-kirchengemeinde","tag-landkreis-neunkirchen","tag-saarland"],"_links":{"self":[{"href":"https:\/\/echta-derminga.de\/index.php?rest_route=\/wp\/v2\/posts\/14400","targetHints":{"allow":["GET"]}}],"collection":[{"href":"https:\/\/echta-derminga.de\/index.php?rest_route=\/wp\/v2\/posts"}],"about":[{"href":"https:\/\/echta-derminga.de\/index.php?rest_route=\/wp\/v2\/types\/post"}],"author":[{"embeddable":true,"href":"https:\/\/echta-derminga.de\/index.php?rest_route=\/wp\/v2\/users\/1"}],"replies":[{"embeddable":true,"href":"https:\/\/echta-derminga.de\/index.php?rest_route=%2Fwp%2Fv2%2Fcomments&post=14400"}],"version-history":[{"count":28,"href":"https:\/\/echta-derminga.de\/index.php?rest_route=\/wp\/v2\/posts\/14400\/revisions"}],"predecessor-version":[{"id":14448,"href":"https:\/\/echta-derminga.de\/index.php?rest_route=\/wp\/v2\/posts\/14400\/revisions\/14448"}],"wp:featuredmedia":[{"embeddable":true,"href":"https:\/\/echta-derminga.de\/index.php?rest_route=\/wp\/v2\/media\/14408"}],"wp:attachment":[{"href":"https:\/\/echta-derminga.de\/index.php?rest_route=%2Fwp%2Fv2%2Fmedia&parent=14400"}],"wp:term":[{"taxonomy":"category","embeddable":true,"href":"https:\/\/echta-derminga.de\/index.php?rest_route=%2Fwp%2Fv2%2Fcategories&post=14400"},{"taxonomy":"post_tag","embeddable":true,"href":"https:\/\/echta-derminga.de\/index.php?rest_route=%2Fwp%2Fv2%2Ftags&post=14400"}],"curies":[{"name":"wp","href":"https:\/\/api.w.org\/{rel}","templated":true}]}}