{"id":14450,"date":"2023-01-05T13:33:24","date_gmt":"2023-01-05T12:33:24","guid":{"rendered":"https:\/\/echta-derminga.de\/?p=14450"},"modified":"2023-01-05T13:39:06","modified_gmt":"2023-01-05T12:39:06","slug":"dirminger-wintercafe-oeffnet-fuer-beduerftige-menschen-und-zur-staerkung-der-dorfgemeinschaft","status":"publish","type":"post","link":"https:\/\/echta-derminga.de\/?p=14450","title":{"rendered":"Dirminger &#8222;Wintercaf\u00e9&#8220; \u00f6ffnet f\u00fcr bed\u00fcrftige Menschen und zur St\u00e4rkung der Dorfgemeinschaft"},"content":{"rendered":"\n<p class=\"has-medium-font-size wp-block-paragraph\"><strong>Seit November des vergangenen Jahres wird vielerorts das Projekt \u201eWinter-Aktion Saar\u201c mit dem Slogan \u201eDas Saarland r\u00fcckt zusammen\u201c als breit aufgestellte Mitmachaktion durchgef\u00fchrt. Die Hilfsangebote reichen von Arbeitssuche, \u00fcber die Finanzierung von Mehrkosten, F\u00f6rderung von kleinen Hilfseinrichtungen, bis hin zur Einrichtung einer Kinderkleiderkammer, der Unterst\u00fctzung der Tafeln oder den Einrichtungen von &#8222;Wintercaf\u00e9s&#8220; oder W\u00e4rmestuben. Auch in Puncto Beratung oder Spendenaktionen wird so einiges angeboten.<\/strong><\/p>\n\n\n\n<p class=\"has-medium-font-size wp-block-paragraph\">Der Winter 2023 stellt auch die D\u00f6rfer vor gro\u00dfe Herausforderungen. Die Preise f\u00fcr Energie und auch f\u00fcr Lebensmittel steigen stetig. Leider trifft es allzu oft die \u00c4rmsten in unserer Gesellschaft. Um den schlimmsten H\u00e4rtef\u00e4llen im Winter entgegenzuwirken, wurde die \u201eWinter-Aktion\u201c Saar gegr\u00fcndet. Inzwischen haben sich unz\u00e4hlige Sozial- und Wohlfahrtsverb\u00e4nde, Kirchen und Kommunen zusammengeschlossen und Hilfsma\u00dfnahmen auf den Weg gebracht. So entstanden bereits in vielen Landkreises &#8222;Wintercaf\u00e9s&#8220; oder W\u00e4rmestuben, an denen an verschiedenen Tagen kostenloses Mittagessen verteilt wird. Zus\u00e4tzlich wurden Beratungsstellen im Saarland ausgeweitet und eine Hotline eingerichtet.<\/p>\n\n\n\n<p class=\"has-medium-font-size wp-block-paragraph\"><strong>Nat\u00fcrlich haben wir uns auch in Dirmingen gefragt, ob wir auf die aktuellen Probleme in unserem Land eine Antwort finden. Dabei k\u00f6nnen wir uns erneut auf unsere gut funktionierende Dorfgemeinschaft verlassen. Die Idee einer Einrichtung eines &#8222;Wintercaf\u00e9s&#8220; in Dirmingen fand sofort gro\u00dfen Anklang. Aus vielen Vereinen, Organisationen und unseren beiden Kirchengemeinden wurde Bereitschaft signalisiert das Projekt \u201eDerminga Wintercaf\u00e9&#8220; aktiv zu unterst\u00fctzen. Dabei geht es in Dirmingen nicht nur um die sogenannten sozialen H\u00e4rtef\u00e4lle, sondern auch um die St\u00e4rkung der eigenen Dorfgemeinschaft. Zum \u201eDerminga Wintercaf\u00e9\u201c ist jeder ganz herzlich eingeladen. Dabei wird insbesondre auch an diejenigen gedacht die vielleicht nicht so gerne allein sind und einfach nur den menschlichen Kontakt suchen. Mit dem Dirminger &#8222;Wintercaf\u00e9&#8220; m\u00f6chten wir unseren sozialen Aufgaben gerecht werden, Dabei steht die Hilfe an den sozial schwachen Menschen ebenso im Vordergrund wie zum Beispiel die St\u00e4rkung unserer Dorfgemeinschaft.<\/strong><\/p>\n\n\n<div class=\"wp-block-image\">\n<figure class=\"aligncenter size-full\"><img loading=\"lazy\" decoding=\"async\" width=\"600\" height=\"375\" src=\"https:\/\/echta-derminga.de\/wp-content\/uploads\/2023\/01\/img_winterhilfe_wintercafes.png\" alt=\"\" class=\"wp-image-14454\" srcset=\"https:\/\/echta-derminga.de\/wp-content\/uploads\/2023\/01\/img_winterhilfe_wintercafes.png 600w, https:\/\/echta-derminga.de\/wp-content\/uploads\/2023\/01\/img_winterhilfe_wintercafes-300x188.png 300w\" sizes=\"auto, (max-width: 600px) 100vw, 600px\" \/><\/figure>\n<\/div>\n\n\n<p class=\"has-medium-font-size wp-block-paragraph\">Nat\u00fcrlich sollte es zun\u00e4chst einmal darum gehen, die gr\u00f6\u00dften sozialen H\u00e4rten zu vermeiden und zu gew\u00e4hrleisten, dass im Saarland trotz steigender Energie- und Lebensmittelpreise niemand hungern oder frieren muss. Unser Hilfsangebot richtet sich daher an alle, die in diesem Winter aufgrund der Preisentwicklungen in eine finanzielle Schieflage geraten sind. \u00dcber das Ministerium f\u00fcr Arbeit, Soziales, Frauen und Gesundheit sollte allen bed\u00fcrftigen Personen eine Anlaufstelle in ihrer N\u00e4he angeboten. Das &#8222;Wintercaf\u00e9&#8220; in Dirmingen geh\u00f6rt nun zu diesen Anlaufstellen.<\/p>\n\n\n\n<p class=\"has-medium-font-size wp-block-paragraph\"><strong>In unserem &#8222;Wintercaf\u00e9&#8220;, dass zun\u00e4chst nur einmal im Monat ge\u00f6ffnet hat, wird es kostenlos etwas zu Essen und zu Trinken geben. Au\u00dferdem wird den Besucherinnen und Besuchern die M\u00f6glichkeit geboten sich aufzuw\u00e4rmen und eine angenehme Zeit mit anderen Menschen zu verbringen. Oftmals fehlt es den Menschen nicht nur an finanzieller Unterst\u00fctzung, sondern auch an menschlicher N\u00e4he. Einfach einmal zusammensitzen \u201csprooche, singen, trinken oder lachen\u201c kann Wunder bewirken. Genau diese Ma\u00dfnahmen dienen im Allgemeinen auch unserer Dorfgemeinschaft. Von daher gilt unsere Einladung allen B\u00fcrgerinnen und B\u00fcrgern unseres Heimatortes und der Umgebung. Vielleicht \u00f6ffnen sich in unserem &#8222;Wintercaf\u00e9&#8220; neue T\u00fcren, von denen am Ende alle profitieren.<\/strong><\/p>\n\n\n\n<p class=\"has-medium-font-size wp-block-paragraph\">Unsere Evangelische Kirchengemeinde Dirmingen hat sich dankenswerterweise dazu bereiterkl\u00e4rt ihr Gemeindehaus f\u00fcr dieses &#8222;Wintercaf\u00e9&#8220; zur Verf\u00fcgung zu stellen. Nat\u00fcrlich sind wir auch bei dieser &#8222;Winter-Aktion&#8220; auf die Hilfe ehrenamtlicher Helferinnen du Helfer angewiesen. B\u00fcrgerinnen und B\u00fcrger, Vereine, Organisationen oder Gremien, die sich gerne aktiv beteiligen m\u00f6chten, werden gebeten Ortsvorsteher Frank Klein zu kontaktieren. Bisher haben sich schon einige Helferinnen und Helfer bereiterkl\u00e4rt das \u201eDerminga Wintercaf\u00e9\u201c aktiv zu unterst\u00fctzen. Die Hilfsbereitschaft ist gro\u00df und wir Dirminger k\u00f6nnen zurecht stolz auf unsere gelebte Solidarit\u00e4t sein. Gem\u00e4\u00df dem Motto\u201c Viele H\u00e4nde, schnelles Ende\u201c hat man jedoch niemals genug helfende H\u00e4nde. Wenn wir alle anpacken, wird es f\u00fcr niemanden Zuviel !<\/p>\n\n\n\n<p class=\"has-white-color has-primary-background-color has-text-color has-background has-medium-font-size wp-block-paragraph\"><strong>Das \u201eWinter Caf\u00e9\u201c im evangelischen Gemeindehaus Dirmingen wird zun\u00e4chst an folgenden Terminen ge\u00f6ffnet sein: 21. Januar 2023, 25. Februar 2023, 11. M\u00e4rz 2023.<\/strong><\/p>\n\n\n\n<p class=\"has-medium-font-size wp-block-paragraph\">W\u00e4hrend am ersten \u00d6ffnungstag, 21. Januar 2023 Kaffee, Kuchen, Schnittchen und k\u00fchle Getr\u00e4nke gereicht werden, soll an den beiden anderen \u00d6ffnungsterminen im Februar und M\u00e4rz eine warme Speise angeboten werden. Das ganze nat\u00fcrlich kostenlos, wobei Spenden f\u00fcr die Unterst\u00fctzung dieser \u201eWinter-Aktion\u201c gerne angenommen werden.<\/p>\n\n\n\n<p class=\"has-white-color has-primary-background-color has-text-color has-background has-medium-font-size wp-block-paragraph\">Am Donnerstag, 12. Januar 2023 findet um 18:00 Uhr im Ortsvorsteherb\u00fcro in Dirmingen, Am Marktplatz 8 ( im Evangelischen Gemeindehaus Dirmingen) eine Besprechung zwecks Organisation der \u00d6ffnungstermine statt. Ich m\u00f6chte alle Helferinnen und Helfer sowie alle die sich noch beteiligen m\u00f6chten, herzlich zu dieser Besprechung einladen.<\/p>\n\n\n<div class=\"wp-block-image\">\n<figure class=\"aligncenter size-large\"><img loading=\"lazy\" decoding=\"async\" width=\"700\" height=\"238\" src=\"https:\/\/echta-derminga.de\/wp-content\/uploads\/2023\/01\/csm_winteraktion_04a3d748c2-700x238.jpg\" alt=\"\" class=\"wp-image-14456\" srcset=\"https:\/\/echta-derminga.de\/wp-content\/uploads\/2023\/01\/csm_winteraktion_04a3d748c2-700x238.jpg 700w, https:\/\/echta-derminga.de\/wp-content\/uploads\/2023\/01\/csm_winteraktion_04a3d748c2-300x102.jpg 300w, https:\/\/echta-derminga.de\/wp-content\/uploads\/2023\/01\/csm_winteraktion_04a3d748c2-768x261.jpg 768w, https:\/\/echta-derminga.de\/wp-content\/uploads\/2023\/01\/csm_winteraktion_04a3d748c2.jpg 1140w\" sizes=\"auto, (max-width: 700px) 100vw, 700px\" \/><\/figure>\n<\/div>","protected":false},"excerpt":{"rendered":"<p>Seit November des vergangenen Jahres wird vielerorts das Projekt \u201eWinter-Aktion Saar\u201c mit dem Slogan \u201eDas Saarland r\u00fcckt zusammen\u201c als breit aufgestellte Mitmachaktion durchgef\u00fchrt. Die Hilfsangebote reichen von Arbeitssuche, \u00fcber die Finanzierung von Mehrkosten, F\u00f6rderung von kleinen Hilfseinrichtungen, bis hin zur Einrichtung einer Kinderkleiderkammer, der Unterst\u00fctzung der Tafeln oder den Einrichtungen von &#8222;Wintercaf\u00e9s&#8220; oder W\u00e4rmestuben. Auch in Puncto Beratung oder Spendenaktionen<\/p>\n","protected":false},"author":1,"featured_media":14454,"comment_status":"closed","ping_status":"closed","sticky":false,"template":"","format":"standard","meta":{"_crdt_document":"","footnotes":""},"categories":[1,9,902],"tags":[5,618,127,795,310,1031,1030],"class_list":["post-14450","post","type-post","status-publish","format-standard","has-post-thumbnail","hentry","category-allgemein","category-dorfgetratsche","category-meine-meinung","tag-dirmingen","tag-gemeinde-eppelborn","tag-landkreis-neunkirchen","tag-ortsvorsteher-dirmingen","tag-saarland","tag-winteraktion","tag-wintercafe-dirmingen"],"_links":{"self":[{"href":"https:\/\/echta-derminga.de\/index.php?rest_route=\/wp\/v2\/posts\/14450","targetHints":{"allow":["GET"]}}],"collection":[{"href":"https:\/\/echta-derminga.de\/index.php?rest_route=\/wp\/v2\/posts"}],"about":[{"href":"https:\/\/echta-derminga.de\/index.php?rest_route=\/wp\/v2\/types\/post"}],"author":[{"embeddable":true,"href":"https:\/\/echta-derminga.de\/index.php?rest_route=\/wp\/v2\/users\/1"}],"replies":[{"embeddable":true,"href":"https:\/\/echta-derminga.de\/index.php?rest_route=%2Fwp%2Fv2%2Fcomments&post=14450"}],"version-history":[{"count":11,"href":"https:\/\/echta-derminga.de\/index.php?rest_route=\/wp\/v2\/posts\/14450\/revisions"}],"predecessor-version":[{"id":14464,"href":"https:\/\/echta-derminga.de\/index.php?rest_route=\/wp\/v2\/posts\/14450\/revisions\/14464"}],"wp:featuredmedia":[{"embeddable":true,"href":"https:\/\/echta-derminga.de\/index.php?rest_route=\/wp\/v2\/media\/14454"}],"wp:attachment":[{"href":"https:\/\/echta-derminga.de\/index.php?rest_route=%2Fwp%2Fv2%2Fmedia&parent=14450"}],"wp:term":[{"taxonomy":"category","embeddable":true,"href":"https:\/\/echta-derminga.de\/index.php?rest_route=%2Fwp%2Fv2%2Fcategories&post=14450"},{"taxonomy":"post_tag","embeddable":true,"href":"https:\/\/echta-derminga.de\/index.php?rest_route=%2Fwp%2Fv2%2Ftags&post=14450"}],"curies":[{"name":"wp","href":"https:\/\/api.w.org\/{rel}","templated":true}]}}