{"id":14465,"date":"2023-01-09T18:05:08","date_gmt":"2023-01-09T17:05:08","guid":{"rendered":"https:\/\/echta-derminga.de\/?p=14465"},"modified":"2023-01-09T18:12:02","modified_gmt":"2023-01-09T17:12:02","slug":"in-sachen-ortsvorsteher-von-neujahrsempfaengen-einem-winter-cafe-und-der-fuenften-jahreszeit","status":"publish","type":"post","link":"https:\/\/echta-derminga.de\/?p=14465","title":{"rendered":"In Sachen Ortsvorsteher: Von Neujahrsempf\u00e4ngen, einem Winter Caf\u00e9 und der f\u00fcnften Jahreszeit"},"content":{"rendered":"\n<p class=\"has-medium-font-size wp-block-paragraph\"><strong>Ich w\u00fcnsche allen Landsleuten, Mitb\u00fcrgerinnen und Mitb\u00fcrgern sowie allen Freunden und Weggef\u00e4hrten ein gesegnetes und gesundes neues Jahr 2023.<\/strong><\/p>\n\n\n\n<p class=\"has-medium-font-size wp-block-paragraph\"><strong>Klirrende Sektgl\u00e4ser, gemeinsames ansto\u00dfen, das alte Jahr Revue passieren lassen und neue gemeinsame Pl\u00e4ne f\u00fcr die Zukunft schmieden. Was wird das neue Jahr bringen? Wohin weht uns der Wind? Der Januar ist der Monat der guten Vors\u00e4tze und der Neujahrsempf\u00e4nge. Viele Vereine und Organisationen laden zu ihren traditionellen Neujahrsempf\u00e4ngen ein. Auch die Gemeinde Eppelborn um B\u00fcrgermeister Feld hatte nach einer pandemiebedingten Pause erstmals wieder zu einem Neujahrsempfang eingeladen. Am Samstag, 07.Januar str\u00f6mten ca. 500 Menschen aus der Gemeinde Eppelborn zum Neujahrsempfang des B\u00fcrgermeisters in den \u201ebig Epple\u201c. Zeit, um H\u00e4nde zu sch\u00fctteln, Gespr\u00e4che zu f\u00fchren und gemeinsam in die Zukunft zu blicken.<\/strong><\/p>\n\n\n\n<p class=\"has-medium-font-size wp-block-paragraph\"><strong>Neben dem Neujahrsempfang der Gemeinde Eppelborn fanden auch zahlreiche Empf\u00e4nge in unserem Heimatort statt. Ich pers\u00f6nlich durfte zum Beispiel w\u00e4hrend den Neujahrempf\u00e4ngen der Evangelischen Kirchengemeinde, der Landfrauen Dirmingen und des SV Dirmingen im Belkerstadion einige sch\u00f6ne Stunden erleben. Dabei habe ich durchaus den Eindruck gewonnen, dass eine gewisse Aufbruchstimmung zum Vorschein kommt. Die Menschen versuchen wieder positiver in die Zukunft zu blicken und befassen sich verst\u00e4rkt damit eigene Pl\u00e4ne voranzutreiben. Vieles soll auf den Weg gebracht und schlie\u00dflich auch umgesetzt werden. Positive Gedanken, Innovation und Selbstvertrauen k\u00f6nnen wichtige Weg Begleiter sein.<\/strong> <strong>Ich w\u00fcnsche Ihnen bei allem was Sie tun und vorhaben viel Gl\u00fcck und Durchhalteverm\u00f6gen.<\/strong> <\/p>\n\n\n\n<div class=\"wp-block-columns is-layout-flex wp-container-core-columns-is-layout-8f761849 wp-block-columns-is-layout-flex\">\n<div class=\"wp-block-column is-layout-flow wp-block-column-is-layout-flow\">\n<figure class=\"wp-block-image size-large\"><img loading=\"lazy\" decoding=\"async\" width=\"700\" height=\"427\" src=\"https:\/\/echta-derminga.de\/wp-content\/uploads\/2023\/01\/IMG-20230108-WA0008-Kopie-700x427.jpg\" alt=\"\" class=\"wp-image-14467\" srcset=\"https:\/\/echta-derminga.de\/wp-content\/uploads\/2023\/01\/IMG-20230108-WA0008-Kopie-700x427.jpg 700w, https:\/\/echta-derminga.de\/wp-content\/uploads\/2023\/01\/IMG-20230108-WA0008-Kopie-300x183.jpg 300w, https:\/\/echta-derminga.de\/wp-content\/uploads\/2023\/01\/IMG-20230108-WA0008-Kopie-768x468.jpg 768w, https:\/\/echta-derminga.de\/wp-content\/uploads\/2023\/01\/IMG-20230108-WA0008-Kopie-1536x936.jpg 1536w, https:\/\/echta-derminga.de\/wp-content\/uploads\/2023\/01\/IMG-20230108-WA0008-Kopie.jpg 1593w\" sizes=\"auto, (max-width: 700px) 100vw, 700px\" \/><\/figure>\n<\/div>\n\n\n\n<div class=\"wp-block-column is-layout-flow wp-block-column-is-layout-flow\">\n<figure class=\"wp-block-image size-large\"><img loading=\"lazy\" decoding=\"async\" width=\"700\" height=\"397\" src=\"https:\/\/echta-derminga.de\/wp-content\/uploads\/2023\/01\/20230107_215024-Kopie-700x397.jpg\" alt=\"\" class=\"wp-image-14469\" srcset=\"https:\/\/echta-derminga.de\/wp-content\/uploads\/2023\/01\/20230107_215024-Kopie-700x397.jpg 700w, https:\/\/echta-derminga.de\/wp-content\/uploads\/2023\/01\/20230107_215024-Kopie-300x170.jpg 300w, https:\/\/echta-derminga.de\/wp-content\/uploads\/2023\/01\/20230107_215024-Kopie-768x436.jpg 768w, https:\/\/echta-derminga.de\/wp-content\/uploads\/2023\/01\/20230107_215024-Kopie.jpg 1100w\" sizes=\"auto, (max-width: 700px) 100vw, 700px\" \/><\/figure>\n<\/div>\n<\/div>\n\n\n\n<div class=\"wp-block-columns is-layout-flex wp-container-core-columns-is-layout-8f761849 wp-block-columns-is-layout-flex\">\n<div class=\"wp-block-column is-layout-flow wp-block-column-is-layout-flow\">\n<figure class=\"wp-block-image size-large\"><img loading=\"lazy\" decoding=\"async\" width=\"700\" height=\"525\" src=\"https:\/\/echta-derminga.de\/wp-content\/uploads\/2023\/01\/324717016_1125110941533082_7646584461996760398_n-700x525.jpg\" alt=\"\" class=\"wp-image-14470\" srcset=\"https:\/\/echta-derminga.de\/wp-content\/uploads\/2023\/01\/324717016_1125110941533082_7646584461996760398_n-700x525.jpg 700w, https:\/\/echta-derminga.de\/wp-content\/uploads\/2023\/01\/324717016_1125110941533082_7646584461996760398_n-300x225.jpg 300w, https:\/\/echta-derminga.de\/wp-content\/uploads\/2023\/01\/324717016_1125110941533082_7646584461996760398_n-768x576.jpg 768w, https:\/\/echta-derminga.de\/wp-content\/uploads\/2023\/01\/324717016_1125110941533082_7646584461996760398_n.jpg 1440w\" sizes=\"auto, (max-width: 700px) 100vw, 700px\" \/><\/figure>\n<\/div>\n\n\n\n<div class=\"wp-block-column is-layout-flow wp-block-column-is-layout-flow\">\n<figure class=\"wp-block-image size-large\"><img loading=\"lazy\" decoding=\"async\" width=\"700\" height=\"517\" src=\"https:\/\/echta-derminga.de\/wp-content\/uploads\/2023\/01\/324662800_1488790528310310_3808277422154800387_n-700x517.jpg\" alt=\"\" class=\"wp-image-14471\" srcset=\"https:\/\/echta-derminga.de\/wp-content\/uploads\/2023\/01\/324662800_1488790528310310_3808277422154800387_n-700x517.jpg 700w, https:\/\/echta-derminga.de\/wp-content\/uploads\/2023\/01\/324662800_1488790528310310_3808277422154800387_n-300x222.jpg 300w, https:\/\/echta-derminga.de\/wp-content\/uploads\/2023\/01\/324662800_1488790528310310_3808277422154800387_n-768x567.jpg 768w, https:\/\/echta-derminga.de\/wp-content\/uploads\/2023\/01\/324662800_1488790528310310_3808277422154800387_n.jpg 864w\" sizes=\"auto, (max-width: 700px) 100vw, 700px\" \/><\/figure>\n<\/div>\n<\/div>\n\n\n\n<p class=\"has-medium-font-size wp-block-paragraph\"><strong>Winter Caf\u00e9 zur St\u00e4rkung der Dorfgemeinschaft<\/strong><\/p>\n\n\n\n<p class=\"has-medium-font-size wp-block-paragraph\">Seit November des vergangenen Jahres wird vielerorts das Projekt \u201eWinter-Aktion Saar\u201c mit dem Slogan \u201eDas Saarland r\u00fcckt zusammen\u201c als breit aufgestellte Mitmachaktion durchgef\u00fchrt. Die Hilfsangebote reichen von Arbeitssuche \u00fcber die Finanzierung von Mehrkosten, F\u00f6rderung von kleinen Hilfseinrichtungen bis hin zur Einrichtung einer Kinderkleiderkammer, der Unterst\u00fctzung der Tafeln oder den Einrichtungen von \u201eWintercaf\u00e9s\u201d oder W\u00e4rmestuben. Auch in puncto Beratung oder Spendenaktionen wird so landesweilt einiges angeboten. Der Winter 2023 stellt auch die D\u00f6rfer vor gro\u00dfe Herausforderungen. Die Preise f\u00fcr Energie und auch f\u00fcr Lebensmittel steigen stetig. Leider trifft es allzu oft die \u00c4rmsten in unserer Gesellschaft. Nat\u00fcrlich haben wir uns auch in Dirmingen gefragt, ob wir auf die aktuellen Probleme in unserem Land eine Antwort finden. Dabei k\u00f6nnen wir uns erneut auf unsere gut funktionierende Dorfgemeinschaft verlassen. Die Idee einer Einrichtung eines Wintercaf\u00e9s in Dirmingen fand nach meiner Anfrage bei unseren Vereinen und Organisationen sofort gro\u00dfen Anklang. Dabei geht es mir in Dirmingen nicht nur um die sogenannten sozialen H\u00e4rtef\u00e4lle, sondern auch um die St\u00e4rkung der eigenen Dorfgemeinschaft. Zum \u201eDerminga Wintercaf\u00e9\u201c ist jeder herzlich eingeladen. Dabei wird insbesondre auch an diejenigen gedacht, die vielleicht nicht so gerne allein sind und einfach nur den menschlichen Kontakt suchen. Mit der \u201eWinter-Aktion\u201c das Ministerium f\u00fcr Arbeit, Soziales, Frauen und Gesundheit sollte allen bed\u00fcrftigen Personen eine Anlaufstelle in ihrer N\u00e4he angeboten werden. Das Wintercaf\u00e9 in Dirmingen geh\u00f6rt nun zu diesen Anlaufstellen. Im Wintercaf\u00e9, das zun\u00e4chst nur einmal im Monat ge\u00f6ffnet hat, wird es kostenlos etwas zu essen und zu trinken geben. Au\u00dferdem wird den Besuchern die M\u00f6glichkeit geboten, sich aufzuw\u00e4rmen und eine angenehme Zeit mit anderen Menschen zu verbringen. Oftmals fehlt es den Menschen nicht nur an finanzieller Unterst\u00fctzung, sondern auch an menschlicher N\u00e4he. Einfach einmal zusammensitzen &#8222;sprooche&#8220;, singen, trinken oder lachen kann Wunder bewirken. Genau diese Ma\u00dfnahmen dienen im Allgemeinen auch der Dorfgemeinschaft. Von daher gilt die Einladung allen B\u00fcrgerinnen und B\u00fcrgern unseres Heimatortes und der Umgebung. Vielleicht \u00f6ffnen sich in unserem \u201eWintercaf\u00e9\u201d neue T\u00fcren, von denen am Ende alle profitieren. Die Evangelische Kirchengemeinde Dirmingen hat sich dankenswerterweise dazu bereit erkl\u00e4rt, ihr Gemeindehaus f\u00fcr dieses Wintercaf\u00e9 zur Verf\u00fcgung zu stellen. B\u00fcrgerinnen und B\u00fcrger, Vereine, Organisationen oder Gremien, die sich gerne aktiv beteiligen m\u00f6chten, k\u00f6nnen mich gerne kontaktieren. Bisher haben sich schon einige Helferinnen und Helfer bereit erkl\u00e4rt das \u201eDerminga Wintercaf\u00e9\u201c aktiv zu unterst\u00fctzen. Die Hilfsbereitschaft ist gro\u00df, und wir Dirminger k\u00f6nnen zurecht stolz auf unsere gelebte Solidarit\u00e4t sein. Wenn wir alle gemeinsam anpacken, wird es f\u00fcr niemanden zu viel. Das Wintercaf\u00e9 im evangelischen Gemeindehaus Dirmingen wird zun\u00e4chst an folgenden Terminen ge\u00f6ffnet sein: 21. Januar, 25. Februar, 11. M\u00e4rz. Am Donnerstag, 12. Januar, findet um 18 Uhr im Evangelischen Gemeindehaus in Dirmingen, Am Marktplatz 8 (im evangelischen Gemeindehaus Dirmingen) eine Besprechung zwecks Organisation der \u00d6ffnungstermine statt. Alle Interessierten sind dazu willkommen.<\/p>\n\n\n\n<div class=\"wp-block-columns is-layout-flex wp-container-core-columns-is-layout-8f761849 wp-block-columns-is-layout-flex\">\n<div class=\"wp-block-column is-layout-flow wp-block-column-is-layout-flow\">\n<figure class=\"wp-block-image size-full\"><img loading=\"lazy\" decoding=\"async\" width=\"600\" height=\"375\" src=\"https:\/\/echta-derminga.de\/wp-content\/uploads\/2023\/01\/img_winterhilfe_wintercafes.png\" alt=\"\" class=\"wp-image-14454\" srcset=\"https:\/\/echta-derminga.de\/wp-content\/uploads\/2023\/01\/img_winterhilfe_wintercafes.png 600w, https:\/\/echta-derminga.de\/wp-content\/uploads\/2023\/01\/img_winterhilfe_wintercafes-300x188.png 300w\" sizes=\"auto, (max-width: 600px) 100vw, 600px\" \/><\/figure>\n<\/div>\n\n\n\n<div class=\"wp-block-column is-layout-flow wp-block-column-is-layout-flow\">\n<figure class=\"wp-block-image size-large\"><img loading=\"lazy\" decoding=\"async\" width=\"700\" height=\"463\" src=\"https:\/\/echta-derminga.de\/wp-content\/uploads\/2023\/01\/20160426_161745_resized_1-1024x677-1-700x463.jpg\" alt=\"\" class=\"wp-image-14473\" srcset=\"https:\/\/echta-derminga.de\/wp-content\/uploads\/2023\/01\/20160426_161745_resized_1-1024x677-1-700x463.jpg 700w, https:\/\/echta-derminga.de\/wp-content\/uploads\/2023\/01\/20160426_161745_resized_1-1024x677-1-300x198.jpg 300w, https:\/\/echta-derminga.de\/wp-content\/uploads\/2023\/01\/20160426_161745_resized_1-1024x677-1-768x508.jpg 768w, https:\/\/echta-derminga.de\/wp-content\/uploads\/2023\/01\/20160426_161745_resized_1-1024x677-1.jpg 1024w\" sizes=\"auto, (max-width: 700px) 100vw, 700px\" \/><\/figure>\n<\/div>\n<\/div>\n\n\n\n<p class=\"has-medium-font-size wp-block-paragraph\"><strong>Erfolgreiche Sterns\u00e4ngeraktion in Dirmingen<\/strong><\/p>\n\n\n\n<p class=\"has-medium-font-size wp-block-paragraph\">Bei der diesj\u00e4hrigen 65. Aktion Dreik\u00f6nigssingen haben die Sterns\u00e4ngeraktion den Schutz von Kindern vor Gewalt in den Mittelpunkt gestellt. \u201eKinder st\u00e4rken, Kinder sch\u00fctzen \u2013 in Indonesien und weltweit\u201c lautet das Motto der diesj\u00e4hrigen Aktion. Dabei machen die Sternsinger auf M\u00e4dchen und Jungen aufmerksam, die unter physischer, sexueller oder psychischer Gewalt leiden. Bundesweite Tr\u00e4ger der gr\u00f6\u00dften Solidarit\u00e4tsaktion von Kindern f\u00fcr Kinder sind das Kindermissionswerk, Die Sternsinger\u2018 und der Bund der Deutschen Katholischen Jugend (BDKJ). Milliarden von Kindern und Jugendliche weltweit sind jedes Jahr Gewalt ausgesetzt. Dabei werden vor allen Dingen Kinder in armen Regionen Opfer von Ausbeutung, organisierter Kriminalit\u00e4t und Gewalt. Nicht nur in Indonesien, dem Beispielland der Aktion Dreik\u00f6nigssingen 2023, sondern weltweit setzen sich die Projektpartner der Sterns\u00e4nger daf\u00fcr ein, dass Kinder in einem sicheren Umfeld aufwachsen und ihre Rechte gest\u00e4rkt werden. Kinder und Jugendliche, die k\u00f6rperliche, seelische oder sexualisierte Gewalt erfahren mussten, werden in Projekten der Sterns\u00e4nger zudem psycho-sozial betreut und begleitet. Mit Beginn des Dreik\u00f6nigssingen im Jahre 1959 hat sich das Projekt zur weltweit gr\u00f6\u00dften Solidarit\u00e4tsaktion von Kindern f\u00fcr Kinder entwickelt. Rund 1,23 Milliarden Euro wurden seither gesammelt, mehr als 76.500 Projekte f\u00fcr Kinder in Afrika, Lateinamerika, Asien, Ozeanien und Osteuropa unterst\u00fctzt. Mit den Mitteln f\u00f6rdert die Aktion Dreik\u00f6nigssingen weltweit Projekte in den Bereichen Bildung, Gesundheit, Pastoral, Ern\u00e4hrung und soziale Integration. Ich bin sehr dankbar und gl\u00fccklich dar\u00fcber, dass auch in diesem Jahr 2023 Sterns\u00e4nger in Dirmingen unterwegs waren. Das ehrenamtliche Engagement der Kinder, Eltern und Mitarbeiter unserer katholischen Kirchengemeinde St. Wendalinus ist l\u00e4ngst keine Selbstverst\u00e4ndlichkeit. Jedes Jahr engagieren sich Eltern und Mitglieder des Pfarrgemeinderates St. Wendalinus f\u00fcr das Dreik\u00f6nigssingen und somit auch f\u00fcr die St\u00e4rkung der Kinderrechte auf unserer Welt. Nicht zuletzt wird mit diesem ehrenamtlichen Engagement auch ein St\u00fcck Kultur gepflegt. Ich danke allen Dirminger Sterns\u00e4ngerinnen und Sterns\u00e4ngern sowie allen Eltern und ehrenamtlichen Mitarbeitern auf das Herzlichste. In Dirmingen waren \u00fcber 10 Sterns\u00e4nger unterwegs um den Menschen den Segen &#8222;C+M+B &#8211; Christus mansionem benedicat &#8211; Christus segne dieses Haus&#8220; zu bringen und Geld f\u00fcr Not leidende Gleichaltrige in aller Welt zu sammeln.<\/p>\n\n\n<div class=\"wp-block-image\">\n<figure class=\"aligncenter size-large\"><img loading=\"lazy\" decoding=\"async\" width=\"700\" height=\"443\" src=\"https:\/\/echta-derminga.de\/wp-content\/uploads\/2023\/01\/IMG-20230108-WA0004-Kopie-700x443.jpg\" alt=\"\" class=\"wp-image-14474\" srcset=\"https:\/\/echta-derminga.de\/wp-content\/uploads\/2023\/01\/IMG-20230108-WA0004-Kopie-700x443.jpg 700w, https:\/\/echta-derminga.de\/wp-content\/uploads\/2023\/01\/IMG-20230108-WA0004-Kopie-300x190.jpg 300w, https:\/\/echta-derminga.de\/wp-content\/uploads\/2023\/01\/IMG-20230108-WA0004-Kopie-768x486.jpg 768w, https:\/\/echta-derminga.de\/wp-content\/uploads\/2023\/01\/IMG-20230108-WA0004-Kopie.jpg 1200w\" sizes=\"auto, (max-width: 700px) 100vw, 700px\" \/><figcaption class=\"wp-element-caption\">Dirminger Sterns\u00e4nger 2023 ( Quelle: Pascale Gabler)<\/figcaption><\/figure>\n<\/div>\n\n\n<p class=\"has-medium-font-size wp-block-paragraph\"><strong>Endlich wieder \u201eFaasend\u201c \u2013 Kappensitzungen des KKV Dirmingen<\/strong><\/p>\n\n\n\n<p class=\"has-medium-font-size wp-block-paragraph\">Nach einer pandemiebedingten Zwangspause startet unser KKV Dirmingen endlich wieder durch und l\u00e4dt zu seinen traditionsreichen Kappensitzungen in die Dirminger Borrwieshalle ein. Endlich hei\u00dft es wieder \u201eHoppla Hopp die Borrwieshall\u2018 steht Kopp\u201c. Der Vorverkauf startet am Samstag, 21. Januar um 11:00 Uhr im Foyer der Borrwieshalle Dirmingen. Die beiden Kappensitzungen der \u201eDerminga Faasebooze\u201c finden am 04. 02.23 und am 11.02.23 in der Dirminger Borrwieshalle statt. Gemeinsam mit den Verantwortlichen des KKV Dirmingen freue ich mich auf eine bunte Session nach einer harten und schwierigen Durststrecke. Wie zu h\u00f6ren ist, wird auch die inzwischen traditionelle Kinderfastnacht in der Borrwieshalle am Fastnachtssonntag, 19.02.23 durchgef\u00fchrt. Freuen wir uns auf die wunderbare f\u00fcnfte n\u00e4rrische Jahreszeit. In diesem Sinne: Hoppla Hopp !!!<\/p>\n\n\n\n<div class=\"wp-block-columns is-layout-flex wp-container-core-columns-is-layout-8f761849 wp-block-columns-is-layout-flex\">\n<div class=\"wp-block-column is-layout-flow wp-block-column-is-layout-flow\">\n<figure class=\"wp-block-image size-large\"><img loading=\"lazy\" decoding=\"async\" width=\"700\" height=\"464\" src=\"https:\/\/echta-derminga.de\/wp-content\/uploads\/2022\/02\/85103672_2525631277565781_5613321981546987520_o-700x464.jpg\" alt=\"\" class=\"wp-image-12194\" srcset=\"https:\/\/echta-derminga.de\/wp-content\/uploads\/2022\/02\/85103672_2525631277565781_5613321981546987520_o-700x464.jpg 700w, https:\/\/echta-derminga.de\/wp-content\/uploads\/2022\/02\/85103672_2525631277565781_5613321981546987520_o-300x200.jpg 300w, https:\/\/echta-derminga.de\/wp-content\/uploads\/2022\/02\/85103672_2525631277565781_5613321981546987520_o-768x509.jpg 768w, https:\/\/echta-derminga.de\/wp-content\/uploads\/2022\/02\/85103672_2525631277565781_5613321981546987520_o-1536x1018.jpg 1536w, https:\/\/echta-derminga.de\/wp-content\/uploads\/2022\/02\/85103672_2525631277565781_5613321981546987520_o.jpg 2000w\" sizes=\"auto, (max-width: 700px) 100vw, 700px\" \/><\/figure>\n<\/div>\n\n\n\n<div class=\"wp-block-column is-layout-flow wp-block-column-is-layout-flow\">\n<figure class=\"wp-block-image size-large\"><img loading=\"lazy\" decoding=\"async\" width=\"700\" height=\"393\" src=\"https:\/\/echta-derminga.de\/wp-content\/uploads\/2022\/02\/KKV-Empfang-700x393.jpg\" alt=\"\" class=\"wp-image-12214\" srcset=\"https:\/\/echta-derminga.de\/wp-content\/uploads\/2022\/02\/KKV-Empfang-700x393.jpg 700w, https:\/\/echta-derminga.de\/wp-content\/uploads\/2022\/02\/KKV-Empfang-300x169.jpg 300w, https:\/\/echta-derminga.de\/wp-content\/uploads\/2022\/02\/KKV-Empfang-768x432.jpg 768w, https:\/\/echta-derminga.de\/wp-content\/uploads\/2022\/02\/KKV-Empfang.jpg 1000w\" sizes=\"auto, (max-width: 700px) 100vw, 700px\" \/><\/figure>\n<\/div>\n<\/div>\n\n\n\n<p class=\"has-medium-font-size wp-block-paragraph\"><strong>Saarland-picobello Aktion 2023<\/strong><\/p>\n\n\n\n<p class=\"has-medium-font-size wp-block-paragraph\">Am 17.\/18. M\u00e4rz 2023 ist es wieder so weit: Das Saarland soll picobello werden! Alle Vereine, Gremien und Organisationen sind herzlich zum landesweiten Fr\u00fchjahrsputz \u201esaarland picobello\u201c eingeladen. Gemeinsam sollen in dieser gro\u00dfangelegten S\u00e4uberungsaktion KiTa-Au\u00dfenanlagen, Schulh\u00f6fe und -wege, Stra\u00dfenr\u00e4nder, \u00f6ffentliche Gr\u00fcnfl\u00e4chen und Spielpl\u00e4tze sowie Waldwege und Gew\u00e4sserr\u00e4nder von \u201ewildem M\u00fcll\u201c befreit werden. Unsere Dorfgemeinschaft beteiligt sich schon seit vielen Jahren an dieser Aktion. Unsere Vereine, die Schule und der Kindergarten beteiligen sich traditionell an dieser \u201ePicobello- Aktion\u201c. Die Einsammlung des M\u00fclls an den vorher abgesprochenen Sammelstellen und den Transport der picobello-Abf\u00e4lle zu den EVS-Anlagen organisieren die saarl\u00e4ndischen St\u00e4dte und Gemeinden jeweils individuell. Der EVS entsorgt Ihre picobello-Abf\u00e4lle kostenfrei in seinen Anlagen. In Dirmingen werden wir auch in diesem Jahr mitmachen und unseren Heimatort von \u201ewildem M\u00fcll\u201c befreien. Sollten Sie mit ihrem Verein und ihrer Organisation separat mitmachen wollen und eine eigene Aktion durchf\u00fchren, k\u00f6nnen Sie Ihre Sammelaktion so fr\u00fch wie m\u00f6glich \u00fcber die Online-Anmeldemaske unter www.saarland-picobello.de\/anmeldung anmelden. Wichtig: Die fristgerechte und schriftliche Anmeldung \u00fcber die Online Anmeldemaske ist Voraussetzung f\u00fcr einen Unfallversicherungsschutz der TeilnehmerInnen und f\u00fcr die rechtzeitige Auslieferung der Handschuhe und Abfalls\u00e4cke! Anmeldeschluss ist am Freitag, den 17. Februar 2023 (letzter Tag vor den Fastnachtsferien). Danach k\u00f6nnen leider keine Anmeldungen mehr angenommen werden! Gerne k\u00f6nnen Sie sich jedoch mit ihrem Verein oder ihrer Gruppierung an unserer gemeinsamen angemeldeten Aktion in Dirmingen beteiligen. Informationen erhalten Sie bei mir pers\u00f6nlich per E-Mail oder in einem Telefonat. Unter allen Gruppen, die die originellsten, nachhaltigsten und praxistauglichsten Ideen mit Vorbildcharakter f\u00fcr andere Gruppen haben, wie die picobello-Handschuhe dauerhaft vorgehalten und genutzt werden k\u00f6nnen, wird eine original picobello-Holzbank verlost. M\u00f6glich ist alles, was die Schutzeigenschaften der Handschuhe nicht beeintr\u00e4chtigt, also z.B. Namenskennzeichnung mit Markern, Bemalen, Bekleben mit Stickern\u2026 Alle Infos zur Teilnahme finden Sie auf <a href=\"http:\/\/www.saarland-picobello.de\">www.saarland-picobello.de<\/a>. Bitte kontaktieren Sie mich bei Interesse und helfen Sie mit, unsere Heimat sauberer zu machen.<\/p>\n\n\n\n<div class=\"wp-block-columns is-layout-flex wp-container-core-columns-is-layout-8f761849 wp-block-columns-is-layout-flex\">\n<div class=\"wp-block-column is-layout-flow wp-block-column-is-layout-flow\">\n<figure class=\"wp-block-image size-large\"><img loading=\"lazy\" decoding=\"async\" width=\"700\" height=\"399\" src=\"https:\/\/echta-derminga.de\/wp-content\/uploads\/2021\/04\/20210410_111939-1-700x399.jpg\" alt=\"\" class=\"wp-image-9388\" srcset=\"https:\/\/echta-derminga.de\/wp-content\/uploads\/2021\/04\/20210410_111939-1-700x399.jpg 700w, https:\/\/echta-derminga.de\/wp-content\/uploads\/2021\/04\/20210410_111939-1-300x171.jpg 300w, https:\/\/echta-derminga.de\/wp-content\/uploads\/2021\/04\/20210410_111939-1-768x438.jpg 768w, https:\/\/echta-derminga.de\/wp-content\/uploads\/2021\/04\/20210410_111939-1-1536x875.jpg 1536w, https:\/\/echta-derminga.de\/wp-content\/uploads\/2021\/04\/20210410_111939-1-2048x1167.jpg 2048w\" sizes=\"auto, (max-width: 700px) 100vw, 700px\" \/><figcaption class=\"wp-element-caption\">Illegale M\u00fcllentsorgung sorgt in jedem Jahr f\u00fcr gro\u00dfen \u00c4rger und Unverst\u00e4ndnis.<\/figcaption><\/figure>\n<\/div>\n\n\n\n<div class=\"wp-block-column is-layout-flow wp-block-column-is-layout-flow\">\n<figure class=\"wp-block-image size-large\"><img loading=\"lazy\" decoding=\"async\" width=\"700\" height=\"525\" src=\"https:\/\/echta-derminga.de\/wp-content\/uploads\/2021\/04\/IMG-20210410-WA0012-Kopie-700x525.jpg\" alt=\"\" class=\"wp-image-9393\" srcset=\"https:\/\/echta-derminga.de\/wp-content\/uploads\/2021\/04\/IMG-20210410-WA0012-Kopie-700x525.jpg 700w, https:\/\/echta-derminga.de\/wp-content\/uploads\/2021\/04\/IMG-20210410-WA0012-Kopie-300x225.jpg 300w, https:\/\/echta-derminga.de\/wp-content\/uploads\/2021\/04\/IMG-20210410-WA0012-Kopie-768x576.jpg 768w, https:\/\/echta-derminga.de\/wp-content\/uploads\/2021\/04\/IMG-20210410-WA0012-Kopie.jpg 900w\" sizes=\"auto, (max-width: 700px) 100vw, 700px\" \/><\/figure>\n<\/div>\n<\/div>\n\n\n\n<p class=\"has-medium-font-size wp-block-paragraph\"><strong>Liebe Landsleute, liebe Mitb\u00fcrger\/innen, wenn man sich den Terminkalender unseres Heimatortes einmal genau ausschaut, wird man feststellen, dass unsere Vereine, Organisationen und Gremien endlich wieder durchstarten. Die Menschen nehmen die diversen Angebote gerne an und beteiligen sich verst\u00e4rkt am Dorfgeschehen. Gut so!<\/strong><\/p>\n\n\n\n<p class=\"has-medium-font-size wp-block-paragraph\">Ich m\u00f6chte Sie einladen mitzumachen und sich aktiv einzubringen. Helfen Sie mit unseren Heimatort lebens -und liebensw\u00fcrdiger zu gestalten. Gerne nehmen wir ihre Anregungen und konstruktive Kritikpunkte entgegen. Nur gemeinsam werden wir es schaffen unseren Heimatort Dirmingen attraktiver und interessanter zu machen.<\/p>\n\n\n\n<p class=\"has-medium-font-size wp-block-paragraph\"><strong>Ich freue mich auf ihre Ideen, ihre Kritik und ihre Unterst\u00fctzung.<\/strong><\/p>\n\n\n\n<p class=\"has-medium-font-size wp-block-paragraph\">Ihr Ortsvorsteher<\/p>\n\n\n\n<p class=\"has-medium-font-size wp-block-paragraph\">Frank Klein<\/p>\n\n\n\n<div class=\"wp-block-columns is-layout-flex wp-container-core-columns-is-layout-8f761849 wp-block-columns-is-layout-flex\">\n<div class=\"wp-block-column is-layout-flow wp-block-column-is-layout-flow\">\n<figure class=\"wp-block-image size-large\"><img loading=\"lazy\" decoding=\"async\" width=\"700\" height=\"933\" src=\"https:\/\/echta-derminga.de\/wp-content\/uploads\/2023\/01\/IMG-20230105-WA0018-700x933.jpg\" alt=\"\" class=\"wp-image-14476\" srcset=\"https:\/\/echta-derminga.de\/wp-content\/uploads\/2023\/01\/IMG-20230105-WA0018-700x933.jpg 700w, https:\/\/echta-derminga.de\/wp-content\/uploads\/2023\/01\/IMG-20230105-WA0018-225x300.jpg 225w, https:\/\/echta-derminga.de\/wp-content\/uploads\/2023\/01\/IMG-20230105-WA0018-768x1024.jpg 768w, https:\/\/echta-derminga.de\/wp-content\/uploads\/2023\/01\/IMG-20230105-WA0018-1152x1536.jpg 1152w, https:\/\/echta-derminga.de\/wp-content\/uploads\/2023\/01\/IMG-20230105-WA0018.jpg 1200w\" sizes=\"auto, (max-width: 700px) 100vw, 700px\" \/><\/figure>\n<\/div>\n\n\n\n<div class=\"wp-block-column is-layout-flow wp-block-column-is-layout-flow\">\n<figure class=\"wp-block-image size-large\"><img loading=\"lazy\" decoding=\"async\" width=\"700\" height=\"875\" src=\"https:\/\/echta-derminga.de\/wp-content\/uploads\/2023\/01\/324853366_1347778866014569_410838589503066541_n-700x875.jpg\" alt=\"\" class=\"wp-image-14477\" srcset=\"https:\/\/echta-derminga.de\/wp-content\/uploads\/2023\/01\/324853366_1347778866014569_410838589503066541_n-700x875.jpg 700w, https:\/\/echta-derminga.de\/wp-content\/uploads\/2023\/01\/324853366_1347778866014569_410838589503066541_n-240x300.jpg 240w, https:\/\/echta-derminga.de\/wp-content\/uploads\/2023\/01\/324853366_1347778866014569_410838589503066541_n-768x960.jpg 768w, https:\/\/echta-derminga.de\/wp-content\/uploads\/2023\/01\/324853366_1347778866014569_410838589503066541_n-1229x1536.jpg 1229w, https:\/\/echta-derminga.de\/wp-content\/uploads\/2023\/01\/324853366_1347778866014569_410838589503066541_n.jpg 1417w\" sizes=\"auto, (max-width: 700px) 100vw, 700px\" \/><\/figure>\n<\/div>\n<\/div>\n","protected":false},"excerpt":{"rendered":"<p>Ich w\u00fcnsche allen Landsleuten, Mitb\u00fcrgerinnen und Mitb\u00fcrgern sowie allen Freunden und Weggef\u00e4hrten ein gesegnetes und gesundes neues Jahr 2023. Klirrende Sektgl\u00e4ser, gemeinsames ansto\u00dfen, das alte Jahr Revue passieren lassen und neue gemeinsame Pl\u00e4ne f\u00fcr die Zukunft schmieden. Was wird das neue Jahr bringen? Wohin weht uns der Wind? Der Januar ist der Monat der guten Vors\u00e4tze und der Neujahrsempf\u00e4nge. Viele<\/p>\n","protected":false},"author":1,"featured_media":14474,"comment_status":"open","ping_status":"closed","sticky":false,"template":"","format":"standard","meta":{"_crdt_document":"","footnotes":""},"categories":[1,9,812],"tags":[817,5,618,127,1032,634,795,310],"class_list":["post-14465","post","type-post","status-publish","format-standard","has-post-thumbnail","hentry","category-allgemein","category-dorfgetratsche","category-ortsvorsteher-dirmingen","tag-big-epple","tag-dirmingen","tag-gemeinde-eppelborn","tag-landkreis-neunkirchen","tag-neujahrsempfang","tag-ortsvorsteher","tag-ortsvorsteher-dirmingen","tag-saarland"],"_links":{"self":[{"href":"https:\/\/echta-derminga.de\/index.php?rest_route=\/wp\/v2\/posts\/14465","targetHints":{"allow":["GET"]}}],"collection":[{"href":"https:\/\/echta-derminga.de\/index.php?rest_route=\/wp\/v2\/posts"}],"about":[{"href":"https:\/\/echta-derminga.de\/index.php?rest_route=\/wp\/v2\/types\/post"}],"author":[{"embeddable":true,"href":"https:\/\/echta-derminga.de\/index.php?rest_route=\/wp\/v2\/users\/1"}],"replies":[{"embeddable":true,"href":"https:\/\/echta-derminga.de\/index.php?rest_route=%2Fwp%2Fv2%2Fcomments&post=14465"}],"version-history":[{"count":11,"href":"https:\/\/echta-derminga.de\/index.php?rest_route=\/wp\/v2\/posts\/14465\/revisions"}],"predecessor-version":[{"id":14485,"href":"https:\/\/echta-derminga.de\/index.php?rest_route=\/wp\/v2\/posts\/14465\/revisions\/14485"}],"wp:featuredmedia":[{"embeddable":true,"href":"https:\/\/echta-derminga.de\/index.php?rest_route=\/wp\/v2\/media\/14474"}],"wp:attachment":[{"href":"https:\/\/echta-derminga.de\/index.php?rest_route=%2Fwp%2Fv2%2Fmedia&parent=14465"}],"wp:term":[{"taxonomy":"category","embeddable":true,"href":"https:\/\/echta-derminga.de\/index.php?rest_route=%2Fwp%2Fv2%2Fcategories&post=14465"},{"taxonomy":"post_tag","embeddable":true,"href":"https:\/\/echta-derminga.de\/index.php?rest_route=%2Fwp%2Fv2%2Ftags&post=14465"}],"curies":[{"name":"wp","href":"https:\/\/api.w.org\/{rel}","templated":true}]}}