{"id":14591,"date":"2023-02-05T16:13:47","date_gmt":"2023-02-05T15:13:47","guid":{"rendered":"https:\/\/echta-derminga.de\/?p=14591"},"modified":"2023-02-05T16:17:40","modified_gmt":"2023-02-05T15:17:40","slug":"in-sachen-ortsvorsteher-von-einer-faasend-sehnsucht-einer-geschaeftsidee-einer-dorfbereicherung-und-einer-unfassbaren-tat","status":"publish","type":"post","link":"https:\/\/echta-derminga.de\/?p=14591","title":{"rendered":"In Sachen Ortsvorsteher: Von einer &#8222;Faasend -Sehnsucht&#8220;, einer Gesch\u00e4ftsidee, einer Dorfbereicherung und einer unfassbaren Tat !"},"content":{"rendered":"\n<p class=\"has-medium-font-size wp-block-paragraph\"><strong>Zur\u00fcck in die Zukunft ! Mit riesen Schritten gehen wir der n\u00e4rrische 5. Jahreszeit entgegen. Gerade f\u00fcr unseren KKV &#8222;die Faasebooze&#8220; Dirmingen hat die kommende Session eine gro\u00dfe Bedeutung: Endlich wieder Fassend feiern und der ureigenen Intention folgen. Ich w\u00fcnsche allen &#8222;Derminga Faasebooze&#8220; eine wundersch\u00f6ne Session mit tollen Begegnungen, lustigen Momenten und emotionalen Ereignissen. In meinem heutigen Blog m\u00f6chte ich v\u00f6llig bewusst auch einmal die Blick \u00fcber unsere Dorfgrenzen hinaus richten. Die unfassbare Tat von Freitagnacht d\u00fcrfte wohl auch die Bewohner unseres Heimatortes betroffen haben. Unbekannte haben in der Nacht zum Samstag, 04. 02.23 den Geldautomat in Bubach-Calmesweiler zerst\u00f6rt. Dabei entstand neben der Beute auch ein hoher Sachschaden.<\/strong><\/p>\n\n\n\n<p class=\"has-medium-font-size wp-block-paragraph\"><strong>Geldautomaten in Bubach- Calmesweiler \u00fcberfallen !<\/strong><\/p>\n\n\n\n<p class=\"has-medium-font-size wp-block-paragraph\">B\u00fcrgermeister Dr. Andreas Feld teilte in seiner Pressemitteilung mit, dass der Geldautomat der Levo Bank und der Sparkasse Neunkirchen gesprengt wurden. Die H\u00f6he der Sch\u00e4den ist noch nicht bekannt. Wie der Rathauschef mitteilte, wurden zum Gl\u00fcck keine Menschen verletzt. \u00dcber die Verw\u00fcstungen die diese unfassbare Tat mit sich bringt sind wir alle sehr betroffen. Auch das anliegende Bistro &#8222;Kaffeklatsch&#8220; wurde durch die Explosion stark besch\u00e4digt. Wir hoffen, dass durch die Ermittlungen der Polizei die T\u00e4ter schnell gefunden und zur Rechenschaft gezogen werden. B\u00fcrgermeister Feld und die beiden Ortsvorsteher Sebastian Michel (Bubach-Calmesweiler) und J\u00fcrgen N\u00fcrnberger ( Macherbach)  bitten die Bev\u00f6lkerung, etwaige Hinweise an den Kriminaldauerdienst Saarbr\u00fccken, Rufnummer 0681\/ 9622133 oder an jede Polizeidienststelle zu richten. Danke an alle Einsatzkr\u00e4fte und unsere Feuerwehr, die in den fr\u00fchen Morgenstunden im Einsatz waren und mal wieder ausgezeichnete Arbeit verrichteten.<\/p>\n\n\n\n<div class=\"wp-block-columns is-layout-flex wp-container-core-columns-is-layout-8f761849 wp-block-columns-is-layout-flex\">\n<div class=\"wp-block-column is-layout-flow wp-block-column-is-layout-flow\">\n<figure class=\"wp-block-image size-large\"><img loading=\"lazy\" decoding=\"async\" width=\"700\" height=\"623\" src=\"https:\/\/echta-derminga.de\/wp-content\/uploads\/2023\/02\/329160018_1124692904870571_5993942891757172137_n-700x623.jpg\" alt=\"\" class=\"wp-image-14596\" srcset=\"https:\/\/echta-derminga.de\/wp-content\/uploads\/2023\/02\/329160018_1124692904870571_5993942891757172137_n-700x623.jpg 700w, https:\/\/echta-derminga.de\/wp-content\/uploads\/2023\/02\/329160018_1124692904870571_5993942891757172137_n-300x267.jpg 300w, https:\/\/echta-derminga.de\/wp-content\/uploads\/2023\/02\/329160018_1124692904870571_5993942891757172137_n-768x684.jpg 768w, https:\/\/echta-derminga.de\/wp-content\/uploads\/2023\/02\/329160018_1124692904870571_5993942891757172137_n.jpg 1075w\" sizes=\"auto, (max-width: 700px) 100vw, 700px\" \/><\/figure>\n<\/div>\n\n\n\n<div class=\"wp-block-column is-layout-flow wp-block-column-is-layout-flow\">\n<figure class=\"wp-block-image size-full\"><img loading=\"lazy\" decoding=\"async\" width=\"535\" height=\"585\" src=\"https:\/\/echta-derminga.de\/wp-content\/uploads\/2023\/02\/328767886_880357249958519_3929879837886937665_n.jpg\" alt=\"\" class=\"wp-image-14597\" srcset=\"https:\/\/echta-derminga.de\/wp-content\/uploads\/2023\/02\/328767886_880357249958519_3929879837886937665_n.jpg 535w, https:\/\/echta-derminga.de\/wp-content\/uploads\/2023\/02\/328767886_880357249958519_3929879837886937665_n-274x300.jpg 274w\" sizes=\"auto, (max-width: 535px) 100vw, 535px\" \/><\/figure>\n<\/div>\n\n\n\n<div class=\"wp-block-column is-layout-flow wp-block-column-is-layout-flow\">\n<figure class=\"wp-block-image size-large\"><img loading=\"lazy\" decoding=\"async\" width=\"700\" height=\"525\" src=\"https:\/\/echta-derminga.de\/wp-content\/uploads\/2023\/02\/328313818_741783510838214_1427829877633778103_n-700x525.jpg\" alt=\"\" class=\"wp-image-14598\" srcset=\"https:\/\/echta-derminga.de\/wp-content\/uploads\/2023\/02\/328313818_741783510838214_1427829877633778103_n-700x525.jpg 700w, https:\/\/echta-derminga.de\/wp-content\/uploads\/2023\/02\/328313818_741783510838214_1427829877633778103_n-300x225.jpg 300w, https:\/\/echta-derminga.de\/wp-content\/uploads\/2023\/02\/328313818_741783510838214_1427829877633778103_n-768x576.jpg 768w, https:\/\/echta-derminga.de\/wp-content\/uploads\/2023\/02\/328313818_741783510838214_1427829877633778103_n.jpg 1440w\" sizes=\"auto, (max-width: 700px) 100vw, 700px\" \/><\/figure>\n<\/div>\n<\/div>\n\n\n\n<p class=\"has-medium-font-size wp-block-paragraph\"><strong>Infoveranstaltung zum Glasfaserausbau in der Gemeinde Eppelborn<\/strong><\/p>\n\n\n\n<p class=\"has-medium-font-size wp-block-paragraph\">Das Unternehmen Energis und der Gemeindeverwaltung hatten am Donnerstag, 02. Februar in der Hirschberghalle in Bubach Calmesweiler zu einer Informationsveranstaltung eingeladen. In den Ortsteilen Macherbach und Bubach\/Calmesweiler k\u00f6nnte es schon bald mit dem Glasfaserausbau losgehen. W\u00e4hrend dieser Veranstaltung ging es darum den Menschen aus Macherbach und Bubach-Calmesweiler die wichtigsten Fragen bez\u00fcglich des Glasfaserausbaus zu beantworten. Diese Veranstaltung war auch im Hinblick auf die Vorvermarktung in Dirmingen ein wichtiger Meilenstein. In jedem Dorf unsrer Gemeinde m\u00fcssen 30 % der Haushalte an einem Glasfaserausbau interessiert sein. Unser Heimatort Dirmingen startet im Jahre 2024 in die Vermarktungsphase. Informationen zum Glasfaserausbau in unserer Gemeinde bekommen Sie jederzeit im Infocenter von Energis im \u201eBig Epple\u201c in Eppelborn.<\/p>\n\n\n<div class=\"wp-block-image\">\n<figure class=\"aligncenter size-large\"><img loading=\"lazy\" decoding=\"async\" width=\"700\" height=\"497\" src=\"https:\/\/echta-derminga.de\/wp-content\/uploads\/2023\/02\/328867034_888297215543459_4645764668796050280_n-1-700x497.jpg\" alt=\"\" class=\"wp-image-14600\" srcset=\"https:\/\/echta-derminga.de\/wp-content\/uploads\/2023\/02\/328867034_888297215543459_4645764668796050280_n-1-700x497.jpg 700w, https:\/\/echta-derminga.de\/wp-content\/uploads\/2023\/02\/328867034_888297215543459_4645764668796050280_n-1-300x213.jpg 300w, https:\/\/echta-derminga.de\/wp-content\/uploads\/2023\/02\/328867034_888297215543459_4645764668796050280_n-1-768x545.jpg 768w, https:\/\/echta-derminga.de\/wp-content\/uploads\/2023\/02\/328867034_888297215543459_4645764668796050280_n-1.jpg 1405w\" sizes=\"auto, (max-width: 700px) 100vw, 700px\" \/><\/figure>\n<\/div>\n\n\n<p class=\"has-medium-font-size wp-block-paragraph\"><strong>Neue Gesch\u00e4ftsidee in Dirmingen<\/strong><\/p>\n\n\n\n<p class=\"has-medium-font-size wp-block-paragraph\">Aktuell pr\u00fcfen wir eine neue Gesch\u00e4ftsidee f\u00fcr unseren Heimatort. Auf der Suche nach neuen M\u00f6glichkeiten bin ich mit Unterst\u00fctzung der Landfrauen Dirmingen auf Herrn Giovanni Calabrese gesto\u00dfen. Einmal im Monat bietet Herr Calabrese und sein Fahrverkauf seine Produkte im Saarland an. Dabei werden an verschiedenen Stellen italienische Produkte angeboten. Im Sortiment befinden sich. Gem\u00fcse, K\u00e4se, Obst, Antipasti ,verschiedene Wurstsorten und Weine. Wir pr\u00fcfen aktuell ob ein Verkauf in Dirmingen m\u00f6glich ist und wie wir das Angebot umsetzen. Ich befinde mich derzeit im Gespr\u00e4ch mit den H\u00e4ndlern und der Gemeindeverwaltung. Leider wird der Fahrverkauf nur einmal im Monat zu uns sto\u00dfen. Wahrscheinlich werden wir Ende Februar einmal einen Probe-und Vorstellungsverkaufstag anbieten. Ich werde Sie auf dem laufenden halten und rechtzeitig informieren.<\/p>\n\n\n\n<div class=\"wp-block-columns is-layout-flex wp-container-core-columns-is-layout-8f761849 wp-block-columns-is-layout-flex\">\n<div class=\"wp-block-column is-layout-flow wp-block-column-is-layout-flow\">\n<figure class=\"wp-block-image size-large\"><img loading=\"lazy\" decoding=\"async\" width=\"700\" height=\"598\" src=\"https:\/\/echta-derminga.de\/wp-content\/uploads\/2023\/02\/20230115_152210-Kopie-700x598.jpg\" alt=\"\" class=\"wp-image-14601\" srcset=\"https:\/\/echta-derminga.de\/wp-content\/uploads\/2023\/02\/20230115_152210-Kopie-700x598.jpg 700w, https:\/\/echta-derminga.de\/wp-content\/uploads\/2023\/02\/20230115_152210-Kopie-300x256.jpg 300w, https:\/\/echta-derminga.de\/wp-content\/uploads\/2023\/02\/20230115_152210-Kopie-768x656.jpg 768w, https:\/\/echta-derminga.de\/wp-content\/uploads\/2023\/02\/20230115_152210-Kopie.jpg 933w\" sizes=\"auto, (max-width: 700px) 100vw, 700px\" \/><\/figure>\n<\/div>\n\n\n\n<div class=\"wp-block-column is-layout-flow wp-block-column-is-layout-flow\">\n<figure class=\"wp-block-image size-large\"><img loading=\"lazy\" decoding=\"async\" width=\"700\" height=\"656\" src=\"https:\/\/echta-derminga.de\/wp-content\/uploads\/2023\/02\/received_868533387731254-700x656.jpeg\" alt=\"\" class=\"wp-image-14602\" srcset=\"https:\/\/echta-derminga.de\/wp-content\/uploads\/2023\/02\/received_868533387731254-700x656.jpeg 700w, https:\/\/echta-derminga.de\/wp-content\/uploads\/2023\/02\/received_868533387731254-300x281.jpeg 300w, https:\/\/echta-derminga.de\/wp-content\/uploads\/2023\/02\/received_868533387731254-768x719.jpeg 768w, https:\/\/echta-derminga.de\/wp-content\/uploads\/2023\/02\/received_868533387731254.jpeg 949w\" sizes=\"auto, (max-width: 700px) 100vw, 700px\" \/><\/figure>\n<\/div>\n\n\n\n<div class=\"wp-block-column is-layout-flow wp-block-column-is-layout-flow\">\n<figure class=\"wp-block-image size-large\"><img loading=\"lazy\" decoding=\"async\" width=\"700\" height=\"952\" src=\"https:\/\/echta-derminga.de\/wp-content\/uploads\/2023\/02\/20230115_152200-700x952.jpg\" alt=\"\" class=\"wp-image-14603\" srcset=\"https:\/\/echta-derminga.de\/wp-content\/uploads\/2023\/02\/20230115_152200-700x952.jpg 700w, https:\/\/echta-derminga.de\/wp-content\/uploads\/2023\/02\/20230115_152200-221x300.jpg 221w, https:\/\/echta-derminga.de\/wp-content\/uploads\/2023\/02\/20230115_152200-768x1044.jpg 768w, https:\/\/echta-derminga.de\/wp-content\/uploads\/2023\/02\/20230115_152200-1130x1536.jpg 1130w, https:\/\/echta-derminga.de\/wp-content\/uploads\/2023\/02\/20230115_152200-1507x2048.jpg 1507w, https:\/\/echta-derminga.de\/wp-content\/uploads\/2023\/02\/20230115_152200.jpg 1831w\" sizes=\"auto, (max-width: 700px) 100vw, 700px\" \/><\/figure>\n<\/div>\n<\/div>\n\n\n\n<p class=\"has-medium-font-size wp-block-paragraph\"><strong>Boule Verein Dirmingen ein echter Gewinn f\u00fcr unseren Heimatort<\/strong><\/p>\n\n\n\n<p class=\"has-medium-font-size wp-block-paragraph\">Am Samstag, 28. Januar durfte ich gemeinsam mit meinen Ortsvorsteherkollegen Stefan L\u00f6w aus Wiesbach und Marko K\u00f6nig aus Hierscheid das Boulspiel zwischen dem Bouleverein Hierscheid und unserem Boulverein Dirmingen, in der Dirminger Boulhalle, besuchen. Obwohl am Ende die klassenh\u00f6here Mannschaft aus Hierscheid knapp mit 3 zu 2 die Oberhand behielt, bot die erste Mannschft unseres Boulvereins Dirmingen eine gro\u00dfartige Leistung. \u00dcberhaupt ist es mehr als erstaunlich, was der Boulverein Dirmingen Woche f\u00fcr Woche leistet. W\u00e4hrend der Winterrunde kommen fast jeden Abend zahlreiche Boulevereine aus der gesamten Region in die neue Dirminger Boulehalle. Die Dirminger Bouleverein mit seiner neuen Halle ist eine echte Bereicherung f\u00fcr unsere Dorfgemeinschaft. Ich empfehle einmal einen Besuch in der Boulhalle Dirmingen. Ich bin \u00fcberzeugt davon, dass der Boulverein Dirmingen seinen Weg gehen wird. Der Boulesport ist dank unseres Dirminger Boulvereins eine echte Hausnummer geworden. Mein Dank geht an alle Mitglieder f\u00fcr das wunderbare Engagement.<\/p>\n\n\n<div class=\"wp-block-image\">\n<figure class=\"aligncenter size-large\"><img loading=\"lazy\" decoding=\"async\" width=\"700\" height=\"361\" src=\"https:\/\/echta-derminga.de\/wp-content\/uploads\/2023\/02\/IMG-20230128-WA0011-700x361.jpg\" alt=\"\" class=\"wp-image-14605\" srcset=\"https:\/\/echta-derminga.de\/wp-content\/uploads\/2023\/02\/IMG-20230128-WA0011-700x361.jpg 700w, https:\/\/echta-derminga.de\/wp-content\/uploads\/2023\/02\/IMG-20230128-WA0011-300x155.jpg 300w, https:\/\/echta-derminga.de\/wp-content\/uploads\/2023\/02\/IMG-20230128-WA0011-768x396.jpg 768w, https:\/\/echta-derminga.de\/wp-content\/uploads\/2023\/02\/IMG-20230128-WA0011-1536x792.jpg 1536w, https:\/\/echta-derminga.de\/wp-content\/uploads\/2023\/02\/IMG-20230128-WA0011.jpg 1550w\" sizes=\"auto, (max-width: 700px) 100vw, 700px\" \/><\/figure>\n<\/div>\n\n\n<p class=\"has-medium-font-size wp-block-paragraph\"><strong>Saarland \u2013 Picobello-M\u00fcllsammelaktion 2023<\/strong><\/p>\n\n\n\n<p class=\"has-medium-font-size wp-block-paragraph\">Am 17. und 18. M\u00e4rz ist es wieder so weit: Das Saarland soll picobello werden! Der Entsorgungsverband Saar (EVS) l\u00e4dt erneut alle Menschen im Saarland ein, sich am landesweiten \u201eFr\u00fchjahrsputz f\u00fcr die Umwelt\u201c im Rahmen der Kampagne \u201esaarland picobello\u201c zu beteiligen. Die M\u00fcll-Sammelaktion lebt davon, dass Menschen jeden Alters und aus allen gesellschaftlichen Bereichen gemeinsam anpacken. Daher sind auch in diesem Jahr KiTas und Schulen, Vereine und Verb\u00e4nde, Unternehmen, Dorfgemeinschaften und Nachbarschaften, Familien und Einzelpersonen aufgerufen, mitzumachen. So k\u00f6nnen z.B. KiTa-Au\u00dfenanlagen, Schulh\u00f6fe und -wege, Stra\u00dfenr\u00e4nder, \u00f6ffentliche Gr\u00fcnfl\u00e4chen und Spielpl\u00e4tze sowie Waldwege und Gew\u00e4sserr\u00e4nder von \u201ewildem M\u00fcll\u201c befreit werden. Der Ortsrat Dirmingen wird auch in diesem Jahr eine Sammelgruppe f\u00fcr Dirmingen melden. Interessierte Mitb\u00fcrgerinnen und Mitb\u00fcrger k\u00f6nnen sich gerne bei mir melden.<\/p>\n\n\n\n<p class=\"has-medium-font-size wp-block-paragraph\"><strong>Hoppla Hopp die Borrwieshall\u2018 steht Kopp &#8211; Endlich wieder Kappensitzung der \u201eDerminga Faasebooze&#8220;<\/strong><\/p>\n\n\n\n<p class=\"has-medium-font-size wp-block-paragraph\">Der KKV Dirmingen veranstaltete am 04. Februar 2023 nach einer pandemiebedingten Zwangspause seine erste Kappensitzung. Tolles Programm, super Stimmung, herrliche T\u00e4nze und klasse Tanzmusik, gro\u00dfartige B\u00fcttenredner und ein bestens aufgelegtes Publikum. Vielerorts in unserer Gemeinde konnte ich feststellen, dass die Narren hei\u00dfbl\u00fctig auf diesen Moment gewartet haben und endlich weder ausgelassen Fastnacht feiern m\u00f6chten.&nbsp;Vor uns liegt ein buntes Fastnachtswochenende mit vielen n\u00e4rrischen Highlights. Das Ganze gipfelt aus Dirminger Sicht im &#8222;Berschweiler Faasendumzug&#8220;, der Rathausst\u00fcrmung in Eppelborn und den Festumz\u00fcgen in Macherbach und Bubach-Calmesweiler. Ich pers\u00f6nlich freue mich als passionierter Karnevalist auf eine tolle Session 2023.<\/p>\n\n\n\n<div class=\"wp-block-columns is-layout-flex wp-container-core-columns-is-layout-8f761849 wp-block-columns-is-layout-flex\">\n<div class=\"wp-block-column is-layout-flow wp-block-column-is-layout-flow\">\n<figure class=\"wp-block-image size-large\"><img loading=\"lazy\" decoding=\"async\" width=\"700\" height=\"700\" src=\"https:\/\/echta-derminga.de\/wp-content\/uploads\/2023\/02\/328331606_1238707386745273_790193637998637670_n-700x700.jpg\" alt=\"\" class=\"wp-image-14606\" srcset=\"https:\/\/echta-derminga.de\/wp-content\/uploads\/2023\/02\/328331606_1238707386745273_790193637998637670_n-700x700.jpg 700w, https:\/\/echta-derminga.de\/wp-content\/uploads\/2023\/02\/328331606_1238707386745273_790193637998637670_n-300x300.jpg 300w, https:\/\/echta-derminga.de\/wp-content\/uploads\/2023\/02\/328331606_1238707386745273_790193637998637670_n-150x150.jpg 150w, https:\/\/echta-derminga.de\/wp-content\/uploads\/2023\/02\/328331606_1238707386745273_790193637998637670_n-768x768.jpg 768w, https:\/\/echta-derminga.de\/wp-content\/uploads\/2023\/02\/328331606_1238707386745273_790193637998637670_n-90x90.jpg 90w, https:\/\/echta-derminga.de\/wp-content\/uploads\/2023\/02\/328331606_1238707386745273_790193637998637670_n-75x75.jpg 75w, https:\/\/echta-derminga.de\/wp-content\/uploads\/2023\/02\/328331606_1238707386745273_790193637998637670_n.jpg 1440w\" sizes=\"auto, (max-width: 700px) 100vw, 700px\" \/><\/figure>\n<\/div>\n\n\n\n<div class=\"wp-block-column is-layout-flow wp-block-column-is-layout-flow\">\n<figure class=\"wp-block-image size-full\"><img loading=\"lazy\" decoding=\"async\" width=\"504\" height=\"367\" src=\"https:\/\/echta-derminga.de\/wp-content\/uploads\/2023\/02\/328026355_581064663878764_2331929716405251795_n.jpg\" alt=\"\" class=\"wp-image-14607\" srcset=\"https:\/\/echta-derminga.de\/wp-content\/uploads\/2023\/02\/328026355_581064663878764_2331929716405251795_n.jpg 504w, https:\/\/echta-derminga.de\/wp-content\/uploads\/2023\/02\/328026355_581064663878764_2331929716405251795_n-300x218.jpg 300w\" sizes=\"auto, (max-width: 504px) 100vw, 504px\" \/><\/figure>\n<\/div>\n\n\n\n<div class=\"wp-block-column is-layout-flow wp-block-column-is-layout-flow\">\n<figure class=\"wp-block-image size-large\"><img loading=\"lazy\" decoding=\"async\" width=\"700\" height=\"700\" src=\"https:\/\/echta-derminga.de\/wp-content\/uploads\/2023\/02\/329262466_731726688517864_8970025281297606154_n-700x700.jpg\" alt=\"\" class=\"wp-image-14608\" srcset=\"https:\/\/echta-derminga.de\/wp-content\/uploads\/2023\/02\/329262466_731726688517864_8970025281297606154_n-700x700.jpg 700w, https:\/\/echta-derminga.de\/wp-content\/uploads\/2023\/02\/329262466_731726688517864_8970025281297606154_n-300x300.jpg 300w, https:\/\/echta-derminga.de\/wp-content\/uploads\/2023\/02\/329262466_731726688517864_8970025281297606154_n-150x150.jpg 150w, https:\/\/echta-derminga.de\/wp-content\/uploads\/2023\/02\/329262466_731726688517864_8970025281297606154_n-768x768.jpg 768w, https:\/\/echta-derminga.de\/wp-content\/uploads\/2023\/02\/329262466_731726688517864_8970025281297606154_n-90x90.jpg 90w, https:\/\/echta-derminga.de\/wp-content\/uploads\/2023\/02\/329262466_731726688517864_8970025281297606154_n-75x75.jpg 75w, https:\/\/echta-derminga.de\/wp-content\/uploads\/2023\/02\/329262466_731726688517864_8970025281297606154_n.jpg 1440w\" sizes=\"auto, (max-width: 700px) 100vw, 700px\" \/><\/figure>\n<\/div>\n<\/div>\n\n\n\n<p class=\"has-medium-font-size wp-block-paragraph\"><strong>Liebe Mitb\u00fcrgerinnen und Mitb\u00fcrger, immer wieder besch\u00e4ftige ich mich mit der Frage: Wie k\u00f6nnen wir unseren Heimatort noch attraktiver gestaltet und aufwerten. Ich freue mich \u00fcber ihre konstruktive Kritik und Verbesserungsvorschl\u00e4ge. Gerne sind sie dazu eingeladen mitzumachen und anzupacken. In den letzten Wochen sind einige neue Ideen entstanden. Lassen Sie sich \u00fcberraschen !<\/strong><\/p>\n\n\n\n<p class=\"has-medium-font-size wp-block-paragraph\">Ihr Ortsvorsteher<\/p>\n\n\n\n<p class=\"has-medium-font-size wp-block-paragraph\">Frank Klein<\/p>\n\n\n<div class=\"wp-block-image\">\n<figure class=\"aligncenter size-large\"><img loading=\"lazy\" decoding=\"async\" width=\"700\" height=\"700\" src=\"https:\/\/echta-derminga.de\/wp-content\/uploads\/2023\/02\/329589920_912932176613043_4461565748140304996_n-700x700.jpg\" alt=\"\" class=\"wp-image-14609\" srcset=\"https:\/\/echta-derminga.de\/wp-content\/uploads\/2023\/02\/329589920_912932176613043_4461565748140304996_n-700x700.jpg 700w, https:\/\/echta-derminga.de\/wp-content\/uploads\/2023\/02\/329589920_912932176613043_4461565748140304996_n-300x300.jpg 300w, https:\/\/echta-derminga.de\/wp-content\/uploads\/2023\/02\/329589920_912932176613043_4461565748140304996_n-150x150.jpg 150w, https:\/\/echta-derminga.de\/wp-content\/uploads\/2023\/02\/329589920_912932176613043_4461565748140304996_n-768x768.jpg 768w, https:\/\/echta-derminga.de\/wp-content\/uploads\/2023\/02\/329589920_912932176613043_4461565748140304996_n-90x90.jpg 90w, https:\/\/echta-derminga.de\/wp-content\/uploads\/2023\/02\/329589920_912932176613043_4461565748140304996_n-75x75.jpg 75w, https:\/\/echta-derminga.de\/wp-content\/uploads\/2023\/02\/329589920_912932176613043_4461565748140304996_n.jpg 1440w\" sizes=\"auto, (max-width: 700px) 100vw, 700px\" \/><\/figure>\n<\/div>","protected":false},"excerpt":{"rendered":"<p>Zur\u00fcck in die Zukunft ! Mit riesen Schritten gehen wir der n\u00e4rrische 5. Jahreszeit entgegen. Gerade f\u00fcr unseren KKV &#8222;die Faasebooze&#8220; Dirmingen hat die kommende Session eine gro\u00dfe Bedeutung: Endlich wieder Fassend feiern und der ureigenen Intention folgen. Ich w\u00fcnsche allen &#8222;Derminga Faasebooze&#8220; eine wundersch\u00f6ne Session mit tollen Begegnungen, lustigen Momenten und emotionalen Ereignissen. In meinem heutigen Blog m\u00f6chte ich<\/p>\n","protected":false},"author":1,"featured_media":14609,"comment_status":"open","ping_status":"closed","sticky":false,"template":"","format":"standard","meta":{"_crdt_document":"","footnotes":""},"categories":[1,9,812],"tags":[5,618,127,634,310],"class_list":["post-14591","post","type-post","status-publish","format-standard","has-post-thumbnail","hentry","category-allgemein","category-dorfgetratsche","category-ortsvorsteher-dirmingen","tag-dirmingen","tag-gemeinde-eppelborn","tag-landkreis-neunkirchen","tag-ortsvorsteher","tag-saarland"],"_links":{"self":[{"href":"https:\/\/echta-derminga.de\/index.php?rest_route=\/wp\/v2\/posts\/14591","targetHints":{"allow":["GET"]}}],"collection":[{"href":"https:\/\/echta-derminga.de\/index.php?rest_route=\/wp\/v2\/posts"}],"about":[{"href":"https:\/\/echta-derminga.de\/index.php?rest_route=\/wp\/v2\/types\/post"}],"author":[{"embeddable":true,"href":"https:\/\/echta-derminga.de\/index.php?rest_route=\/wp\/v2\/users\/1"}],"replies":[{"embeddable":true,"href":"https:\/\/echta-derminga.de\/index.php?rest_route=%2Fwp%2Fv2%2Fcomments&post=14591"}],"version-history":[{"count":8,"href":"https:\/\/echta-derminga.de\/index.php?rest_route=\/wp\/v2\/posts\/14591\/revisions"}],"predecessor-version":[{"id":14613,"href":"https:\/\/echta-derminga.de\/index.php?rest_route=\/wp\/v2\/posts\/14591\/revisions\/14613"}],"wp:featuredmedia":[{"embeddable":true,"href":"https:\/\/echta-derminga.de\/index.php?rest_route=\/wp\/v2\/media\/14609"}],"wp:attachment":[{"href":"https:\/\/echta-derminga.de\/index.php?rest_route=%2Fwp%2Fv2%2Fmedia&parent=14591"}],"wp:term":[{"taxonomy":"category","embeddable":true,"href":"https:\/\/echta-derminga.de\/index.php?rest_route=%2Fwp%2Fv2%2Fcategories&post=14591"},{"taxonomy":"post_tag","embeddable":true,"href":"https:\/\/echta-derminga.de\/index.php?rest_route=%2Fwp%2Fv2%2Ftags&post=14591"}],"curies":[{"name":"wp","href":"https:\/\/api.w.org\/{rel}","templated":true}]}}